{"id":20568,"date":"2023-03-10T12:25:17","date_gmt":"2023-03-10T11:25:17","guid":{"rendered":"https:\/\/progettotouring.it\/radiotouring104\/?p=20568"},"modified":"2023-03-10T12:25:17","modified_gmt":"2023-03-10T11:25:17","slug":"stabilizzazione-precari-sanita-straface-circa-200-assunti-a-tempo-indeterminato","status":"publish","type":"post","link":"https:\/\/progettotouring.it\/radiotouring104\/2023\/03\/10\/stabilizzazione-precari-sanita-straface-circa-200-assunti-a-tempo-indeterminato\/","title":{"rendered":"Stabilizzazione precari sanit\u00e0, Straface: \u00abCirca 200 assunti a tempo indeterminato\u00bb"},"content":{"rendered":"<p class=\"xmprfx_MsoNormal\"><span style=\"font-family: tahoma, sans-serif\">\u00abDopo le oltre cento figure professionali sanitarie stabilizzate dall\u2019Asp di Cosenza, nei prossimi giorni saranno assunti a tempo indeterminato dalle aziende ospedaliere e sanitarie calabresi circa duecento tra medici, infermieri e operatori socio-sanitari in tutta la regione. Un grande risultato ottenuto grazie al decreto Milleproroghe che estende il periodo per il possesso dei requisiti utili alla stabilizzazione del personale impiegato nel servizio sanitario nazionale durante l\u2019emergenza Covid\u00bb. \u00c8 quanto annuncia il consigliere regionale di Forza Italia e presidente della terza commissione Sanit\u00e0, Pasqualina Straface.<\/span><\/p>\n<p class=\"xmprfx_MsoNormal\"><span style=\"font-family: tahoma, sans-serif\">\u00abUn \u201cesercito\u201d di professionisti che andr\u00e0 a rimpinguare, finalmente, il nostro servizio sanitario regionale falcidiato da anni di immobilismo. Il mio vuole essere un invito alle aziende sanitarie e ospedaliere a procedere con quanto previsto dal decreto Milleproroghe, nel solco gi\u00e0 tracciato dall\u2019Asp di Cosenza e dall\u2019azienda ospedaliera unica \u201cDulbecco\u201d di Catanzaro che stanno gi\u00e0 approfittando di questa opportunit\u00e0 per implementare le piante organiche carenti, con personale medico e sanitario da mettere a disposizione delle strutture pubbliche\u00bb.<\/span><\/p>\n<p class=\"xmprfx_MsoNormal\"><span style=\"font-family: tahoma, sans-serif\">\u00abCon la stabilizzazione \u2013 spiega Pasqualina Straface \u2013 si intende valorizzare le professionalit\u00e0 acquisite dal personale che ha prestato servizio durante l\u2019emergenza pandemica. Potr\u00e0, quindi, essere assunto a tempo indeterminato il personale del ruolo sanitario e gli operatori socio-sanitari anche non pi\u00f9 in servizio, che siano stati reclutati a tempo determinato e abbiano maturato rapporti di dipendenza con un ente del servizio sanitario nazionale, con almeno sei mesi nella fase emergenziale\u00bb.<\/span><\/p>\n<p class=\"xmprfx_MsoNormal\"><span style=\"font-family: tahoma, sans-serif\">\u00abAlle centinaia di stabilizzati a tempo indeterminato si aggiunger\u00e0 il personale che sar\u00e0 reclutato attraverso l\u2019espletamento dei tanti concorsi gi\u00e0 banditi ed in fase di pubblicazione: cos\u00ec inizieremo a colmare quel deficit di personale che per decenni ha paralizzato il servizio sanitario regionale. La carenza di organico \u2013 conclude la presidente della commissione Sanit\u00e0 \u2013 \u00e8 il peggiore dei mali della sanit\u00e0 calabrese, ma grazie a queste opportunit\u00e0 come la stabilizzazione ed i concorsi, la struttura commissariale diretta dal presidente Occhiuto sta repentinamente restituendo ai calabresi il diritto alle cure\u00bb.<\/span><\/p>\n<p class=\"xmprfx_MsoNormal\"><span style=\"font-family: tahoma, sans-serif\">\u00a0<\/span><\/p>\n","protected":false},"excerpt":{"rendered":"<p>\u00abDopo le oltre cento figure professionali sanitarie stabilizzate dall\u2019Asp di Cosenza, nei prossimi giorni saranno assunti a tempo indeterminato dalle aziende ospedaliere e sanitarie calabresi circa duecento tra medici, infermieri&hellip;<\/p>\n","protected":false},"author":12,"featured_media":19341,"comment_status":"closed","ping_status":"open","sticky":false,"template":"","format":"standard","meta":{"_jetpack_memberships_contains_paid_content":false,"footnotes":"","jetpack_publicize_message":"","jetpack_publicize_feature_enabled":true,"jetpack_social_post_already_shared":false,"jetpack_social_options":{"image_generator_settings":{"template":"highway","default_image_id":0,"font":"","enabled":false},"version":2}},"categories":[921,196,140],"tags":[11254,11253,5575,11252],"class_list":["post-20568","post","type-post","status-publish","format-standard","has-post-thumbnail","hentry","category-home","category-news","category-reggio-calabria","tag-asp-di-cosenza","tag-circa-200-assunti-a-tempo-indeterminato","tag-pasqualina-straface","tag-stabilizzazione-precari-sanita"],"yoast_head":"<!-- This site is optimized with the Yoast SEO plugin v27.2 - https:\/\/yoast.com\/product\/yoast-seo-wordpress\/ -->\n<title>Precari sanit\u00e0, Straface: \u00abCirca 200 assunti a tempo indeterminato\u00bb<\/title>\n<meta name=\"description\" content=\"&quot;Saranno assunti a tempo indeterminato circa 200 tra medici, infermieri e OSS in tutta la Regione&quot;, dichiara Straface\" \/>\n<meta name=\"robots\" content=\"index, follow, max-snippet:-1, max-image-preview:large, max-video-preview:-1\" \/>\n<link rel=\"canonical\" href=\"https:\/\/progettotouring.it\/radiotouring104\/2023\/03\/10\/stabilizzazione-precari-sanita-straface-circa-200-assunti-a-tempo-indeterminato\/\" \/>\n<meta property=\"og:locale\" content=\"it_IT\" \/>\n<meta property=\"og:type\" content=\"article\" \/>\n<meta property=\"og:title\" content=\"Precari sanit\u00e0, Straface: \u00abCirca 200 assunti a tempo indeterminato\u00bb\" \/>\n<meta property=\"og:description\" content=\"&quot;Saranno assunti a tempo indeterminato circa 200 tra medici, infermieri e OSS in tutta la Regione&quot;, dichiara Straface\" \/>\n<meta property=\"og:url\" content=\"https:\/\/progettotouring.it\/radiotouring104\/2023\/03\/10\/stabilizzazione-precari-sanita-straface-circa-200-assunti-a-tempo-indeterminato\/\" \/>\n<meta property=\"og:site_name\" content=\"Radio Touring 104\" \/>\n<meta property=\"article:published_time\" content=\"2023-03-10T11:25:17+00:00\" \/>\n<meta property=\"og:image\" content=\"https:\/\/progettotouring.it\/radiotouring104\/wp-content\/uploads\/sites\/6\/2023\/02\/Pasqualina-Straface.jpeg\" \/>\n\t<meta property=\"og:image:width\" content=\"2048\" \/>\n\t<meta property=\"og:image:height\" content=\"1365\" \/>\n\t<meta property=\"og:image:type\" content=\"image\/jpeg\" \/>\n<meta name=\"author\" content=\"Sebastiano Plutino\" \/>\n<meta name=\"twitter:card\" content=\"summary_large_image\" \/>\n<meta name=\"twitter:label1\" content=\"Scritto da\" \/>\n\t<meta name=\"twitter:data1\" content=\"Sebastiano Plutino\" \/>\n\t<meta name=\"twitter:label2\" content=\"Tempo di lettura stimato\" \/>\n\t<meta name=\"twitter:data2\" content=\"2 minuti\" \/>\n<script type=\"application\/ld+json\" class=\"yoast-schema-graph\">{\"@context\":\"https:\/\/schema.org\",\"@graph\":[{\"@type\":\"Article\",\"@id\":\"https:\/\/progettotouring.it\/radiotouring104\/2023\/03\/10\/stabilizzazione-precari-sanita-straface-circa-200-assunti-a-tempo-indeterminato\/#article\",\"isPartOf\":{\"@id\":\"https:\/\/progettotouring.it\/radiotouring104\/2023\/03\/10\/stabilizzazione-precari-sanita-straface-circa-200-assunti-a-tempo-indeterminato\/\"},\"author\":{\"name\":\"Sebastiano Plutino\",\"@id\":\"https:\/\/progettotouring.it\/radiotouring104\/#\/schema\/person\/78613917f1851f041f7483f5af1d422e\"},\"headline\":\"Stabilizzazione precari sanit\u00e0, Straface: \u00abCirca 200 assunti a tempo indeterminato\u00bb\",\"datePublished\":\"2023-03-10T11:25:17+00:00\",\"mainEntityOfPage\":{\"@id\":\"https:\/\/progettotouring.it\/radiotouring104\/2023\/03\/10\/stabilizzazione-precari-sanita-straface-circa-200-assunti-a-tempo-indeterminato\/\"},\"wordCount\":331,\"publisher\":{\"@id\":\"https:\/\/progettotouring.it\/radiotouring104\/#organization\"},\"image\":{\"@id\":\"https:\/\/progettotouring.it\/radiotouring104\/2023\/03\/10\/stabilizzazione-precari-sanita-straface-circa-200-assunti-a-tempo-indeterminato\/#primaryimage\"},\"thumbnailUrl\":\"https:\/\/progettotouring.it\/radiotouring104\/wp-content\/uploads\/sites\/6\/2023\/02\/Pasqualina-Straface.jpeg\",\"keywords\":[\"Asp di Cosenza\",\"circa 200 assunti a tempo indeterminato\",\"Pasqualina Straface\",\"stabilizzazione precari sanit\u00e0\"],\"articleSection\":[\"Home\",\"News\",\"Reggio Calabria\"],\"inLanguage\":\"it-IT\"},{\"@type\":\"WebPage\",\"@id\":\"https:\/\/progettotouring.it\/radiotouring104\/2023\/03\/10\/stabilizzazione-precari-sanita-straface-circa-200-assunti-a-tempo-indeterminato\/\",\"url\":\"https:\/\/progettotouring.it\/radiotouring104\/2023\/03\/10\/stabilizzazione-precari-sanita-straface-circa-200-assunti-a-tempo-indeterminato\/\",\"name\":\"Precari sanit\u00e0, Straface: \u00abCirca 200 assunti a tempo indeterminato\u00bb\",\"isPartOf\":{\"@id\":\"https:\/\/progettotouring.it\/radiotouring104\/#website\"},\"primaryImageOfPage\":{\"@id\":\"https:\/\/progettotouring.it\/radiotouring104\/2023\/03\/10\/stabilizzazione-precari-sanita-straface-circa-200-assunti-a-tempo-indeterminato\/#primaryimage\"},\"image\":{\"@id\":\"https:\/\/progettotouring.it\/radiotouring104\/2023\/03\/10\/stabilizzazione-precari-sanita-straface-circa-200-assunti-a-tempo-indeterminato\/#primaryimage\"},\"thumbnailUrl\":\"https:\/\/progettotouring.it\/radiotouring104\/wp-content\/uploads\/sites\/6\/2023\/02\/Pasqualina-Straface.jpeg\",\"datePublished\":\"2023-03-10T11:25:17+00:00\",\"description\":\"\\\"Saranno assunti a tempo indeterminato circa 200 tra medici, infermieri e OSS in tutta la Regione\\\", dichiara Straface\",\"breadcrumb\":{\"@id\":\"https:\/\/progettotouring.it\/radiotouring104\/2023\/03\/10\/stabilizzazione-precari-sanita-straface-circa-200-assunti-a-tempo-indeterminato\/#breadcrumb\"},\"inLanguage\":\"it-IT\",\"potentialAction\":[{\"@type\":\"ReadAction\",\"target\":[\"https:\/\/progettotouring.it\/radiotouring104\/2023\/03\/10\/stabilizzazione-precari-sanita-straface-circa-200-assunti-a-tempo-indeterminato\/\"]}]},{\"@type\":\"ImageObject\",\"inLanguage\":\"it-IT\",\"@id\":\"https:\/\/progettotouring.it\/radiotouring104\/2023\/03\/10\/stabilizzazione-precari-sanita-straface-circa-200-assunti-a-tempo-indeterminato\/#primaryimage\",\"url\":\"https:\/\/progettotouring.it\/radiotouring104\/wp-content\/uploads\/sites\/6\/2023\/02\/Pasqualina-Straface.jpeg\",\"contentUrl\":\"https:\/\/progettotouring.it\/radiotouring104\/wp-content\/uploads\/sites\/6\/2023\/02\/Pasqualina-Straface.jpeg\",\"width\":2048,\"height\":1365},{\"@type\":\"BreadcrumbList\",\"@id\":\"https:\/\/progettotouring.it\/radiotouring104\/2023\/03\/10\/stabilizzazione-precari-sanita-straface-circa-200-assunti-a-tempo-indeterminato\/#breadcrumb\",\"itemListElement\":[{\"@type\":\"ListItem\",\"position\":1,\"name\":\"Home\",\"item\":\"https:\/\/progettotouring.it\/radiotouring104\/\"},{\"@type\":\"ListItem\",\"position\":2,\"name\":\"Stabilizzazione precari sanit\u00e0, Straface: \u00abCirca 200 assunti a tempo indeterminato\u00bb\"}]},{\"@type\":\"WebSite\",\"@id\":\"https:\/\/progettotouring.it\/radiotouring104\/#website\",\"url\":\"https:\/\/progettotouring.it\/radiotouring104\/\",\"name\":\"Radio Touring 104\",\"description\":\"La prima radio Reggina\",\"publisher\":{\"@id\":\"https:\/\/progettotouring.it\/radiotouring104\/#organization\"},\"potentialAction\":[{\"@type\":\"SearchAction\",\"target\":{\"@type\":\"EntryPoint\",\"urlTemplate\":\"https:\/\/progettotouring.it\/radiotouring104\/?s={search_term_string}\"},\"query-input\":{\"@type\":\"PropertyValueSpecification\",\"valueRequired\":true,\"valueName\":\"search_term_string\"}}],\"inLanguage\":\"it-IT\"},{\"@type\":\"Organization\",\"@id\":\"https:\/\/progettotouring.it\/radiotouring104\/#organization\",\"name\":\"Radio Touring 104\",\"url\":\"https:\/\/progettotouring.it\/radiotouring104\/\",\"logo\":{\"@type\":\"ImageObject\",\"inLanguage\":\"it-IT\",\"@id\":\"https:\/\/progettotouring.it\/radiotouring104\/#\/schema\/logo\/image\/\",\"url\":\"https:\/\/progettotouring.it\/radiotouring104\/wp-content\/uploads\/sites\/6\/2022\/02\/cropped-logo-radio-touring-104.png\",\"contentUrl\":\"https:\/\/progettotouring.it\/radiotouring104\/wp-content\/uploads\/sites\/6\/2022\/02\/cropped-logo-radio-touring-104.png\",\"width\":377,\"height\":182,\"caption\":\"Radio Touring 104\"},\"image\":{\"@id\":\"https:\/\/progettotouring.it\/radiotouring104\/#\/schema\/logo\/image\/\"}},{\"@type\":\"Person\",\"@id\":\"https:\/\/progettotouring.it\/radiotouring104\/#\/schema\/person\/78613917f1851f041f7483f5af1d422e\",\"name\":\"Sebastiano Plutino\",\"image\":{\"@type\":\"ImageObject\",\"inLanguage\":\"it-IT\",\"@id\":\"https:\/\/secure.gravatar.com\/avatar\/0546ffaa9b79224faf9f2a156b67a529ae861d3287c66c1d8ccfdf909bcba78d?s=96&d=mm&r=g\",\"url\":\"https:\/\/secure.gravatar.com\/avatar\/0546ffaa9b79224faf9f2a156b67a529ae861d3287c66c1d8ccfdf909bcba78d?s=96&d=mm&r=g\",\"contentUrl\":\"https:\/\/secure.gravatar.com\/avatar\/0546ffaa9b79224faf9f2a156b67a529ae861d3287c66c1d8ccfdf909bcba78d?s=96&d=mm&r=g\",\"caption\":\"Sebastiano Plutino\"},\"url\":\"https:\/\/progettotouring.it\/radiotouring104\/author\/sebastiano\/\"}]}<\/script>\n<!-- \/ Yoast SEO plugin. -->","yoast_head_json":{"title":"Precari sanit\u00e0, Straface: \u00abCirca 200 assunti a tempo indeterminato\u00bb","description":"\"Saranno assunti a tempo indeterminato circa 200 tra medici, infermieri e OSS in tutta la Regione\", dichiara Straface","robots":{"index":"index","follow":"follow","max-snippet":"max-snippet:-1","max-image-preview":"max-image-preview:large","max-video-preview":"max-video-preview:-1"},"canonical":"https:\/\/progettotouring.it\/radiotouring104\/2023\/03\/10\/stabilizzazione-precari-sanita-straface-circa-200-assunti-a-tempo-indeterminato\/","og_locale":"it_IT","og_type":"article","og_title":"Precari sanit\u00e0, Straface: \u00abCirca 200 assunti a tempo indeterminato\u00bb","og_description":"\"Saranno assunti a tempo indeterminato circa 200 tra medici, infermieri e OSS in tutta la Regione\", dichiara Straface","og_url":"https:\/\/progettotouring.it\/radiotouring104\/2023\/03\/10\/stabilizzazione-precari-sanita-straface-circa-200-assunti-a-tempo-indeterminato\/","og_site_name":"Radio Touring 104","article_published_time":"2023-03-10T11:25:17+00:00","og_image":[{"width":2048,"height":1365,"url":"https:\/\/progettotouring.it\/radiotouring104\/wp-content\/uploads\/sites\/6\/2023\/02\/Pasqualina-Straface.jpeg","type":"image\/jpeg"}],"author":"Sebastiano Plutino","twitter_card":"summary_large_image","twitter_misc":{"Scritto da":"Sebastiano Plutino","Tempo di lettura stimato":"2 minuti"},"schema":{"@context":"https:\/\/schema.org","@graph":[{"@type":"Article","@id":"https:\/\/progettotouring.it\/radiotouring104\/2023\/03\/10\/stabilizzazione-precari-sanita-straface-circa-200-assunti-a-tempo-indeterminato\/#article","isPartOf":{"@id":"https:\/\/progettotouring.it\/radiotouring104\/2023\/03\/10\/stabilizzazione-precari-sanita-straface-circa-200-assunti-a-tempo-indeterminato\/"},"author":{"name":"Sebastiano Plutino","@id":"https:\/\/progettotouring.it\/radiotouring104\/#\/schema\/person\/78613917f1851f041f7483f5af1d422e"},"headline":"Stabilizzazione precari sanit\u00e0, Straface: \u00abCirca 200 assunti a tempo indeterminato\u00bb","datePublished":"2023-03-10T11:25:17+00:00","mainEntityOfPage":{"@id":"https:\/\/progettotouring.it\/radiotouring104\/2023\/03\/10\/stabilizzazione-precari-sanita-straface-circa-200-assunti-a-tempo-indeterminato\/"},"wordCount":331,"publisher":{"@id":"https:\/\/progettotouring.it\/radiotouring104\/#organization"},"image":{"@id":"https:\/\/progettotouring.it\/radiotouring104\/2023\/03\/10\/stabilizzazione-precari-sanita-straface-circa-200-assunti-a-tempo-indeterminato\/#primaryimage"},"thumbnailUrl":"https:\/\/progettotouring.it\/radiotouring104\/wp-content\/uploads\/sites\/6\/2023\/02\/Pasqualina-Straface.jpeg","keywords":["Asp di Cosenza","circa 200 assunti a tempo indeterminato","Pasqualina Straface","stabilizzazione precari sanit\u00e0"],"articleSection":["Home","News","Reggio Calabria"],"inLanguage":"it-IT"},{"@type":"WebPage","@id":"https:\/\/progettotouring.it\/radiotouring104\/2023\/03\/10\/stabilizzazione-precari-sanita-straface-circa-200-assunti-a-tempo-indeterminato\/","url":"https:\/\/progettotouring.it\/radiotouring104\/2023\/03\/10\/stabilizzazione-precari-sanita-straface-circa-200-assunti-a-tempo-indeterminato\/","name":"Precari sanit\u00e0, Straface: \u00abCirca 200 assunti a tempo indeterminato\u00bb","isPartOf":{"@id":"https:\/\/progettotouring.it\/radiotouring104\/#website"},"primaryImageOfPage":{"@id":"https:\/\/progettotouring.it\/radiotouring104\/2023\/03\/10\/stabilizzazione-precari-sanita-straface-circa-200-assunti-a-tempo-indeterminato\/#primaryimage"},"image":{"@id":"https:\/\/progettotouring.it\/radiotouring104\/2023\/03\/10\/stabilizzazione-precari-sanita-straface-circa-200-assunti-a-tempo-indeterminato\/#primaryimage"},"thumbnailUrl":"https:\/\/progettotouring.it\/radiotouring104\/wp-content\/uploads\/sites\/6\/2023\/02\/Pasqualina-Straface.jpeg","datePublished":"2023-03-10T11:25:17+00:00","description":"\"Saranno assunti a tempo indeterminato circa 200 tra medici, infermieri e OSS in tutta la Regione\", dichiara Straface","breadcrumb":{"@id":"https:\/\/progettotouring.it\/radiotouring104\/2023\/03\/10\/stabilizzazione-precari-sanita-straface-circa-200-assunti-a-tempo-indeterminato\/#breadcrumb"},"inLanguage":"it-IT","potentialAction":[{"@type":"ReadAction","target":["https:\/\/progettotouring.it\/radiotouring104\/2023\/03\/10\/stabilizzazione-precari-sanita-straface-circa-200-assunti-a-tempo-indeterminato\/"]}]},{"@type":"ImageObject","inLanguage":"it-IT","@id":"https:\/\/progettotouring.it\/radiotouring104\/2023\/03\/10\/stabilizzazione-precari-sanita-straface-circa-200-assunti-a-tempo-indeterminato\/#primaryimage","url":"https:\/\/progettotouring.it\/radiotouring104\/wp-content\/uploads\/sites\/6\/2023\/02\/Pasqualina-Straface.jpeg","contentUrl":"https:\/\/progettotouring.it\/radiotouring104\/wp-content\/uploads\/sites\/6\/2023\/02\/Pasqualina-Straface.jpeg","width":2048,"height":1365},{"@type":"BreadcrumbList","@id":"https:\/\/progettotouring.it\/radiotouring104\/2023\/03\/10\/stabilizzazione-precari-sanita-straface-circa-200-assunti-a-tempo-indeterminato\/#breadcrumb","itemListElement":[{"@type":"ListItem","position":1,"name":"Home","item":"https:\/\/progettotouring.it\/radiotouring104\/"},{"@type":"ListItem","position":2,"name":"Stabilizzazione precari sanit\u00e0, Straface: \u00abCirca 200 assunti a tempo indeterminato\u00bb"}]},{"@type":"WebSite","@id":"https:\/\/progettotouring.it\/radiotouring104\/#website","url":"https:\/\/progettotouring.it\/radiotouring104\/","name":"Radio Touring 104","description":"La prima radio Reggina","publisher":{"@id":"https:\/\/progettotouring.it\/radiotouring104\/#organization"},"potentialAction":[{"@type":"SearchAction","target":{"@type":"EntryPoint","urlTemplate":"https:\/\/progettotouring.it\/radiotouring104\/?s={search_term_string}"},"query-input":{"@type":"PropertyValueSpecification","valueRequired":true,"valueName":"search_term_string"}}],"inLanguage":"it-IT"},{"@type":"Organization","@id":"https:\/\/progettotouring.it\/radiotouring104\/#organization","name":"Radio Touring 104","url":"https:\/\/progettotouring.it\/radiotouring104\/","logo":{"@type":"ImageObject","inLanguage":"it-IT","@id":"https:\/\/progettotouring.it\/radiotouring104\/#\/schema\/logo\/image\/","url":"https:\/\/progettotouring.it\/radiotouring104\/wp-content\/uploads\/sites\/6\/2022\/02\/cropped-logo-radio-touring-104.png","contentUrl":"https:\/\/progettotouring.it\/radiotouring104\/wp-content\/uploads\/sites\/6\/2022\/02\/cropped-logo-radio-touring-104.png","width":377,"height":182,"caption":"Radio Touring 104"},"image":{"@id":"https:\/\/progettotouring.it\/radiotouring104\/#\/schema\/logo\/image\/"}},{"@type":"Person","@id":"https:\/\/progettotouring.it\/radiotouring104\/#\/schema\/person\/78613917f1851f041f7483f5af1d422e","name":"Sebastiano Plutino","image":{"@type":"ImageObject","inLanguage":"it-IT","@id":"https:\/\/secure.gravatar.com\/avatar\/0546ffaa9b79224faf9f2a156b67a529ae861d3287c66c1d8ccfdf909bcba78d?s=96&d=mm&r=g","url":"https:\/\/secure.gravatar.com\/avatar\/0546ffaa9b79224faf9f2a156b67a529ae861d3287c66c1d8ccfdf909bcba78d?s=96&d=mm&r=g","contentUrl":"https:\/\/secure.gravatar.com\/avatar\/0546ffaa9b79224faf9f2a156b67a529ae861d3287c66c1d8ccfdf909bcba78d?s=96&d=mm&r=g","caption":"Sebastiano Plutino"},"url":"https:\/\/progettotouring.it\/radiotouring104\/author\/sebastiano\/"}]}},"jetpack_publicize_connections":[],"jetpack_featured_media_url":"https:\/\/progettotouring.it\/radiotouring104\/wp-content\/uploads\/sites\/6\/2023\/02\/Pasqualina-Straface.jpeg","jetpack_sharing_enabled":true,"_links":{"self":[{"href":"https:\/\/progettotouring.it\/radiotouring104\/wp-json\/wp\/v2\/posts\/20568","targetHints":{"allow":["GET"]}}],"collection":[{"href":"https:\/\/progettotouring.it\/radiotouring104\/wp-json\/wp\/v2\/posts"}],"about":[{"href":"https:\/\/progettotouring.it\/radiotouring104\/wp-json\/wp\/v2\/types\/post"}],"author":[{"embeddable":true,"href":"https:\/\/progettotouring.it\/radiotouring104\/wp-json\/wp\/v2\/users\/12"}],"replies":[{"embeddable":true,"href":"https:\/\/progettotouring.it\/radiotouring104\/wp-json\/wp\/v2\/comments?post=20568"}],"version-history":[{"count":1,"href":"https:\/\/progettotouring.it\/radiotouring104\/wp-json\/wp\/v2\/posts\/20568\/revisions"}],"predecessor-version":[{"id":20569,"href":"https:\/\/progettotouring.it\/radiotouring104\/wp-json\/wp\/v2\/posts\/20568\/revisions\/20569"}],"wp:featuredmedia":[{"embeddable":true,"href":"https:\/\/progettotouring.it\/radiotouring104\/wp-json\/wp\/v2\/media\/19341"}],"wp:attachment":[{"href":"https:\/\/progettotouring.it\/radiotouring104\/wp-json\/wp\/v2\/media?parent=20568"}],"wp:term":[{"taxonomy":"category","embeddable":true,"href":"https:\/\/progettotouring.it\/radiotouring104\/wp-json\/wp\/v2\/categories?post=20568"},{"taxonomy":"post_tag","embeddable":true,"href":"https:\/\/progettotouring.it\/radiotouring104\/wp-json\/wp\/v2\/tags?post=20568"}],"curies":[{"name":"wp","href":"https:\/\/api.w.org\/{rel}","templated":true}]}}