{"id":20570,"date":"2023-03-10T12:33:35","date_gmt":"2023-03-10T11:33:35","guid":{"rendered":"https:\/\/progettotouring.it\/radiotouring104\/?p=20570"},"modified":"2023-03-10T12:33:58","modified_gmt":"2023-03-10T11:33:58","slug":"parte-sabato-11-marzo-sona-world-festival","status":"publish","type":"post","link":"https:\/\/progettotouring.it\/radiotouring104\/2023\/03\/10\/parte-sabato-11-marzo-sona-world-festival\/","title":{"rendered":"Parte sabato 11 Marzo \u201cSona World Festival\u201d"},"content":{"rendered":"<p class=\"xmprfx_MsoNormal\">CalabriaSona e ItalySona annunciano la partenza ufficiale della prima edizione di Sona World Festival, una novit\u00e0 nel panorama calabrese, una rassegna dedicata al mondo della World ed Etno Music. Grazie alla collaborazione tra \u201cCrotone World\u201d e il \u201cGran Premio Manente\u201d, questo territorio \u00e8 pronto ad ospitare oltre 10 appuntamenti di grande rilievo artistico e culturale in un periodo lontano dalla stagione estiva che da sempre \u00e8 quella pi\u00f9 ricca di appuntamenti e concerti. Una sfida nella sfida che vuole accendere i riflettori della cultura e della musica di qualit\u00e0 in una provincia spesso fuori dai circuiti del genere e che si discostano dal mainstream e dalla musica leggera. Un motivo per avvicinare specialmente i giovani ad un ascolto \u201cdiverso\u201d e pi\u00f9 consapevole di tutta la musica.<\/p>\n<p class=\"xmprfx_MsoNormal\">Un\u2019occasione per portare tra Crotone e Crucoli dei veri e propri maestri nazionali che hanno fatto della musica \u201cidentitaria\u201d un punto di partenza sviluppandola tra gli universi jazz, blues, rock e anche elettronica. Circa 11 settimane di concerti di altissimo livello, che si svolgeranno tra la Fabbrica di Crotone e il centro storico di Crucoli, e che coinvolgeranno artisti calabresi tra i pi\u00f9 affermati a livello internazionale e artisti del sud Italia che ci presenteranno i loro ultimi lavori discografici spesso recensiti e premiati a livello mondiale. Un primo esperimento da allargare successivamente anche alla world music internazionale, un modo per lanciare un messaggio di integrazione, di pace e di dialogo tra i popoli attraverso il linguaggio universale e \u201cnaturalmente\u201d contaminato della musica \u201cfolk\u201d.<\/p>\n<p class=\"xmprfx_MsoNormal\">Si parte l\u201911 marzo alle 21.30 a la Fabbrica di Crotone, con Checco Pallone accompagnato dalla sua band con special guest Alberto La Neve e Tiziana Grezzi. Checco presenter\u00e0 il suo ultimo lavoro discografico dal titolo \u201cSerenate \u2013 Fiore Selvatico\u201d.\u00a0<i>\u201cLa scelta di scrivere oggi serenate e farne un disco nasce dall\u2019esigenza di fermarsi, dalla necessit\u00e0 di riappropriarsi di un linguaggio e di una pratica che crea bellezza, che implica ascolto, in una societ\u00e0 oggi troppo spesso rumorosa. La ricerca di intimit\u00e0, anche nella scelta degli strumenti protagonisti assieme alla voce ed ai testi, esprime il desiderio di semplicit\u00e0, di una espressione musicale scarna, che mette al centro la parola e le vibrazioni delle corde\u201d<\/i>.<\/p>\n<p class=\"xmprfx_MsoNormal\">Checco Pallone \u00e8 uno dei pi\u00f9 apprezzati compositori e musicista calabrese, un inizio da percussionista (tamburi a cornice) con la Compagnia Calabrese di canto Popolare che cammina di pari passo con lo studio della chitarra classica e dello stile manouche, collaborazioni versatili, dal jazz al rock fino alla musica neo-tradizionale calabrese. Ha svolto anche attivit\u00e0 di docenza in Conservatorio e concertistica in solo e come orchestratore della Calabria Orchestra, ma anche conduttore di un programma TV sulla Calabria musicale: questa \u00e8, in sintesi, la sua vivace e articolata vita professionale.<\/p>\n<p class=\"xmprfx_MsoNormal\">\u201cFiore selvatico\u201d \u00e8 il suo ultimo lavoro discografico del 2022 realizzato con i musicisti a distanza nell\u2019inverno sociale del 2020. Undici le tracce allestite, musicate dallo stesso Pallone, che ha scelto testi tradizionali di serenate dell\u2019area reggina davvero vivide sul piano poetico, raccolte nel volume miscellaneo pubblicato nel secondo Ottocento, intitolato \u201cFiori selvatici. Poesie popolari calabresi\u201d. Accanto alle liriche popolari, si ascoltano composizioni proprie e originali in dialetto cosentino o composte in coppia con la vocalist.<\/p>\n<p class=\"xmprfx_MsoNormal\">Il progetto Sona World Festival\u00a0\u00e8 realizzato grazie a CalabriaSona e Italysona ed \u00e8 sostenuto dal Nuovo Imaie, da la Fabbrica, da Marasco Comunicazione, dal Comune di Crucoli, dall\u2019associazione CULT ed \u00e8 organizzato in collaborazione con la Libreria Cerrelli, circolo arci le100Citt\u00e0, Jobel, Video Calabria, BlogFoolk e la Rete Italiana World Music.<\/p>\n","protected":false},"excerpt":{"rendered":"<p>CalabriaSona e ItalySona annunciano la partenza ufficiale della prima edizione di Sona World Festival, una novit\u00e0 nel panorama calabrese, una rassegna dedicata al mondo della World ed Etno Music. Grazie&hellip;<\/p>\n","protected":false},"author":12,"featured_media":20571,"comment_status":"closed","ping_status":"open","sticky":false,"template":"","format":"standard","meta":{"_jetpack_memberships_contains_paid_content":false,"footnotes":"","jetpack_publicize_message":"","jetpack_publicize_feature_enabled":true,"jetpack_social_post_already_shared":false,"jetpack_social_options":{"image_generator_settings":{"template":"highway","default_image_id":0,"font":"","enabled":false},"version":2}},"categories":[142,921,196],"tags":[11256,11255,11257],"class_list":["post-20570","post","type-post","status-publish","format-standard","has-post-thumbnail","hentry","category-calabria","category-home","category-news","tag-calabriasona","tag-i-sona-world-festival","tag-italysona"],"yoast_head":"<!-- This site is optimized with the Yoast SEO plugin v27.2 - https:\/\/yoast.com\/product\/yoast-seo-wordpress\/ -->\n<title>Parte sabato 11 Marzo \u201cSona World Festival\u201d<\/title>\n<meta name=\"description\" content=\"Si parte l\u201911 marzo alle 21.30 a la Fabbrica di Crotone, primo di oltre 10 appuntamenti di grande rilievo artistico e culturale\" \/>\n<meta name=\"robots\" content=\"index, follow, max-snippet:-1, max-image-preview:large, max-video-preview:-1\" \/>\n<link rel=\"canonical\" href=\"https:\/\/progettotouring.it\/radiotouring104\/2023\/03\/10\/parte-sabato-11-marzo-sona-world-festival\/\" \/>\n<meta property=\"og:locale\" content=\"it_IT\" \/>\n<meta property=\"og:type\" content=\"article\" \/>\n<meta property=\"og:title\" content=\"Parte sabato 11 Marzo \u201cSona World Festival\u201d\" \/>\n<meta property=\"og:description\" content=\"Si parte l\u201911 marzo alle 21.30 a la Fabbrica di Crotone, primo di oltre 10 appuntamenti di grande rilievo artistico e culturale\" \/>\n<meta property=\"og:url\" content=\"https:\/\/progettotouring.it\/radiotouring104\/2023\/03\/10\/parte-sabato-11-marzo-sona-world-festival\/\" \/>\n<meta property=\"og:site_name\" content=\"Radio Touring 104\" \/>\n<meta property=\"article:published_time\" content=\"2023-03-10T11:33:35+00:00\" \/>\n<meta property=\"article:modified_time\" content=\"2023-03-10T11:33:58+00:00\" \/>\n<meta property=\"og:image\" content=\"https:\/\/progettotouring.it\/radiotouring104\/wp-content\/uploads\/sites\/6\/2023\/03\/Calabria-Sona.jpg\" \/>\n\t<meta property=\"og:image:width\" content=\"842\" \/>\n\t<meta property=\"og:image:height\" content=\"1191\" \/>\n\t<meta property=\"og:image:type\" content=\"image\/jpeg\" \/>\n<meta name=\"author\" content=\"Sebastiano Plutino\" \/>\n<meta name=\"twitter:card\" content=\"summary_large_image\" \/>\n<meta name=\"twitter:label1\" content=\"Scritto da\" \/>\n\t<meta name=\"twitter:data1\" content=\"Sebastiano Plutino\" \/>\n\t<meta name=\"twitter:label2\" content=\"Tempo di lettura stimato\" \/>\n\t<meta name=\"twitter:data2\" content=\"3 minuti\" \/>\n<script type=\"application\/ld+json\" class=\"yoast-schema-graph\">{\"@context\":\"https:\/\/schema.org\",\"@graph\":[{\"@type\":\"Article\",\"@id\":\"https:\/\/progettotouring.it\/radiotouring104\/2023\/03\/10\/parte-sabato-11-marzo-sona-world-festival\/#article\",\"isPartOf\":{\"@id\":\"https:\/\/progettotouring.it\/radiotouring104\/2023\/03\/10\/parte-sabato-11-marzo-sona-world-festival\/\"},\"author\":{\"name\":\"Sebastiano Plutino\",\"@id\":\"https:\/\/progettotouring.it\/radiotouring104\/#\/schema\/person\/78613917f1851f041f7483f5af1d422e\"},\"headline\":\"Parte sabato 11 Marzo \u201cSona World Festival\u201d\",\"datePublished\":\"2023-03-10T11:33:35+00:00\",\"dateModified\":\"2023-03-10T11:33:58+00:00\",\"mainEntityOfPage\":{\"@id\":\"https:\/\/progettotouring.it\/radiotouring104\/2023\/03\/10\/parte-sabato-11-marzo-sona-world-festival\/\"},\"wordCount\":581,\"publisher\":{\"@id\":\"https:\/\/progettotouring.it\/radiotouring104\/#organization\"},\"image\":{\"@id\":\"https:\/\/progettotouring.it\/radiotouring104\/2023\/03\/10\/parte-sabato-11-marzo-sona-world-festival\/#primaryimage\"},\"thumbnailUrl\":\"https:\/\/progettotouring.it\/radiotouring104\/wp-content\/uploads\/sites\/6\/2023\/03\/Calabria-Sona.jpg\",\"keywords\":[\"CalabriaSona\",\"i Sona World Festival\",\"ItalySona\"],\"articleSection\":[\"Calabria\",\"Home\",\"News\"],\"inLanguage\":\"it-IT\"},{\"@type\":\"WebPage\",\"@id\":\"https:\/\/progettotouring.it\/radiotouring104\/2023\/03\/10\/parte-sabato-11-marzo-sona-world-festival\/\",\"url\":\"https:\/\/progettotouring.it\/radiotouring104\/2023\/03\/10\/parte-sabato-11-marzo-sona-world-festival\/\",\"name\":\"Parte sabato 11 Marzo \u201cSona World Festival\u201d\",\"isPartOf\":{\"@id\":\"https:\/\/progettotouring.it\/radiotouring104\/#website\"},\"primaryImageOfPage\":{\"@id\":\"https:\/\/progettotouring.it\/radiotouring104\/2023\/03\/10\/parte-sabato-11-marzo-sona-world-festival\/#primaryimage\"},\"image\":{\"@id\":\"https:\/\/progettotouring.it\/radiotouring104\/2023\/03\/10\/parte-sabato-11-marzo-sona-world-festival\/#primaryimage\"},\"thumbnailUrl\":\"https:\/\/progettotouring.it\/radiotouring104\/wp-content\/uploads\/sites\/6\/2023\/03\/Calabria-Sona.jpg\",\"datePublished\":\"2023-03-10T11:33:35+00:00\",\"dateModified\":\"2023-03-10T11:33:58+00:00\",\"description\":\"Si parte l\u201911 marzo alle 21.30 a la Fabbrica di Crotone, primo di oltre 10 appuntamenti di grande rilievo artistico e culturale\",\"breadcrumb\":{\"@id\":\"https:\/\/progettotouring.it\/radiotouring104\/2023\/03\/10\/parte-sabato-11-marzo-sona-world-festival\/#breadcrumb\"},\"inLanguage\":\"it-IT\",\"potentialAction\":[{\"@type\":\"ReadAction\",\"target\":[\"https:\/\/progettotouring.it\/radiotouring104\/2023\/03\/10\/parte-sabato-11-marzo-sona-world-festival\/\"]}]},{\"@type\":\"ImageObject\",\"inLanguage\":\"it-IT\",\"@id\":\"https:\/\/progettotouring.it\/radiotouring104\/2023\/03\/10\/parte-sabato-11-marzo-sona-world-festival\/#primaryimage\",\"url\":\"https:\/\/progettotouring.it\/radiotouring104\/wp-content\/uploads\/sites\/6\/2023\/03\/Calabria-Sona.jpg\",\"contentUrl\":\"https:\/\/progettotouring.it\/radiotouring104\/wp-content\/uploads\/sites\/6\/2023\/03\/Calabria-Sona.jpg\",\"width\":842,\"height\":1191},{\"@type\":\"BreadcrumbList\",\"@id\":\"https:\/\/progettotouring.it\/radiotouring104\/2023\/03\/10\/parte-sabato-11-marzo-sona-world-festival\/#breadcrumb\",\"itemListElement\":[{\"@type\":\"ListItem\",\"position\":1,\"name\":\"Home\",\"item\":\"https:\/\/progettotouring.it\/radiotouring104\/\"},{\"@type\":\"ListItem\",\"position\":2,\"name\":\"Parte sabato 11 Marzo \u201cSona World Festival\u201d\"}]},{\"@type\":\"WebSite\",\"@id\":\"https:\/\/progettotouring.it\/radiotouring104\/#website\",\"url\":\"https:\/\/progettotouring.it\/radiotouring104\/\",\"name\":\"Radio Touring 104\",\"description\":\"La prima radio Reggina\",\"publisher\":{\"@id\":\"https:\/\/progettotouring.it\/radiotouring104\/#organization\"},\"potentialAction\":[{\"@type\":\"SearchAction\",\"target\":{\"@type\":\"EntryPoint\",\"urlTemplate\":\"https:\/\/progettotouring.it\/radiotouring104\/?s={search_term_string}\"},\"query-input\":{\"@type\":\"PropertyValueSpecification\",\"valueRequired\":true,\"valueName\":\"search_term_string\"}}],\"inLanguage\":\"it-IT\"},{\"@type\":\"Organization\",\"@id\":\"https:\/\/progettotouring.it\/radiotouring104\/#organization\",\"name\":\"Radio Touring 104\",\"url\":\"https:\/\/progettotouring.it\/radiotouring104\/\",\"logo\":{\"@type\":\"ImageObject\",\"inLanguage\":\"it-IT\",\"@id\":\"https:\/\/progettotouring.it\/radiotouring104\/#\/schema\/logo\/image\/\",\"url\":\"https:\/\/progettotouring.it\/radiotouring104\/wp-content\/uploads\/sites\/6\/2022\/02\/cropped-logo-radio-touring-104.png\",\"contentUrl\":\"https:\/\/progettotouring.it\/radiotouring104\/wp-content\/uploads\/sites\/6\/2022\/02\/cropped-logo-radio-touring-104.png\",\"width\":377,\"height\":182,\"caption\":\"Radio Touring 104\"},\"image\":{\"@id\":\"https:\/\/progettotouring.it\/radiotouring104\/#\/schema\/logo\/image\/\"}},{\"@type\":\"Person\",\"@id\":\"https:\/\/progettotouring.it\/radiotouring104\/#\/schema\/person\/78613917f1851f041f7483f5af1d422e\",\"name\":\"Sebastiano Plutino\",\"image\":{\"@type\":\"ImageObject\",\"inLanguage\":\"it-IT\",\"@id\":\"https:\/\/secure.gravatar.com\/avatar\/0546ffaa9b79224faf9f2a156b67a529ae861d3287c66c1d8ccfdf909bcba78d?s=96&d=mm&r=g\",\"url\":\"https:\/\/secure.gravatar.com\/avatar\/0546ffaa9b79224faf9f2a156b67a529ae861d3287c66c1d8ccfdf909bcba78d?s=96&d=mm&r=g\",\"contentUrl\":\"https:\/\/secure.gravatar.com\/avatar\/0546ffaa9b79224faf9f2a156b67a529ae861d3287c66c1d8ccfdf909bcba78d?s=96&d=mm&r=g\",\"caption\":\"Sebastiano Plutino\"},\"url\":\"https:\/\/progettotouring.it\/radiotouring104\/author\/sebastiano\/\"}]}<\/script>\n<!-- \/ Yoast SEO plugin. -->","yoast_head_json":{"title":"Parte sabato 11 Marzo \u201cSona World Festival\u201d","description":"Si parte l\u201911 marzo alle 21.30 a la Fabbrica di Crotone, primo di oltre 10 appuntamenti di grande rilievo artistico e culturale","robots":{"index":"index","follow":"follow","max-snippet":"max-snippet:-1","max-image-preview":"max-image-preview:large","max-video-preview":"max-video-preview:-1"},"canonical":"https:\/\/progettotouring.it\/radiotouring104\/2023\/03\/10\/parte-sabato-11-marzo-sona-world-festival\/","og_locale":"it_IT","og_type":"article","og_title":"Parte sabato 11 Marzo \u201cSona World Festival\u201d","og_description":"Si parte l\u201911 marzo alle 21.30 a la Fabbrica di Crotone, primo di oltre 10 appuntamenti di grande rilievo artistico e culturale","og_url":"https:\/\/progettotouring.it\/radiotouring104\/2023\/03\/10\/parte-sabato-11-marzo-sona-world-festival\/","og_site_name":"Radio Touring 104","article_published_time":"2023-03-10T11:33:35+00:00","article_modified_time":"2023-03-10T11:33:58+00:00","og_image":[{"width":842,"height":1191,"url":"https:\/\/progettotouring.it\/radiotouring104\/wp-content\/uploads\/sites\/6\/2023\/03\/Calabria-Sona.jpg","type":"image\/jpeg"}],"author":"Sebastiano Plutino","twitter_card":"summary_large_image","twitter_misc":{"Scritto da":"Sebastiano Plutino","Tempo di lettura stimato":"3 minuti"},"schema":{"@context":"https:\/\/schema.org","@graph":[{"@type":"Article","@id":"https:\/\/progettotouring.it\/radiotouring104\/2023\/03\/10\/parte-sabato-11-marzo-sona-world-festival\/#article","isPartOf":{"@id":"https:\/\/progettotouring.it\/radiotouring104\/2023\/03\/10\/parte-sabato-11-marzo-sona-world-festival\/"},"author":{"name":"Sebastiano Plutino","@id":"https:\/\/progettotouring.it\/radiotouring104\/#\/schema\/person\/78613917f1851f041f7483f5af1d422e"},"headline":"Parte sabato 11 Marzo \u201cSona World Festival\u201d","datePublished":"2023-03-10T11:33:35+00:00","dateModified":"2023-03-10T11:33:58+00:00","mainEntityOfPage":{"@id":"https:\/\/progettotouring.it\/radiotouring104\/2023\/03\/10\/parte-sabato-11-marzo-sona-world-festival\/"},"wordCount":581,"publisher":{"@id":"https:\/\/progettotouring.it\/radiotouring104\/#organization"},"image":{"@id":"https:\/\/progettotouring.it\/radiotouring104\/2023\/03\/10\/parte-sabato-11-marzo-sona-world-festival\/#primaryimage"},"thumbnailUrl":"https:\/\/progettotouring.it\/radiotouring104\/wp-content\/uploads\/sites\/6\/2023\/03\/Calabria-Sona.jpg","keywords":["CalabriaSona","i Sona World Festival","ItalySona"],"articleSection":["Calabria","Home","News"],"inLanguage":"it-IT"},{"@type":"WebPage","@id":"https:\/\/progettotouring.it\/radiotouring104\/2023\/03\/10\/parte-sabato-11-marzo-sona-world-festival\/","url":"https:\/\/progettotouring.it\/radiotouring104\/2023\/03\/10\/parte-sabato-11-marzo-sona-world-festival\/","name":"Parte sabato 11 Marzo \u201cSona World Festival\u201d","isPartOf":{"@id":"https:\/\/progettotouring.it\/radiotouring104\/#website"},"primaryImageOfPage":{"@id":"https:\/\/progettotouring.it\/radiotouring104\/2023\/03\/10\/parte-sabato-11-marzo-sona-world-festival\/#primaryimage"},"image":{"@id":"https:\/\/progettotouring.it\/radiotouring104\/2023\/03\/10\/parte-sabato-11-marzo-sona-world-festival\/#primaryimage"},"thumbnailUrl":"https:\/\/progettotouring.it\/radiotouring104\/wp-content\/uploads\/sites\/6\/2023\/03\/Calabria-Sona.jpg","datePublished":"2023-03-10T11:33:35+00:00","dateModified":"2023-03-10T11:33:58+00:00","description":"Si parte l\u201911 marzo alle 21.30 a la Fabbrica di Crotone, primo di oltre 10 appuntamenti di grande rilievo artistico e culturale","breadcrumb":{"@id":"https:\/\/progettotouring.it\/radiotouring104\/2023\/03\/10\/parte-sabato-11-marzo-sona-world-festival\/#breadcrumb"},"inLanguage":"it-IT","potentialAction":[{"@type":"ReadAction","target":["https:\/\/progettotouring.it\/radiotouring104\/2023\/03\/10\/parte-sabato-11-marzo-sona-world-festival\/"]}]},{"@type":"ImageObject","inLanguage":"it-IT","@id":"https:\/\/progettotouring.it\/radiotouring104\/2023\/03\/10\/parte-sabato-11-marzo-sona-world-festival\/#primaryimage","url":"https:\/\/progettotouring.it\/radiotouring104\/wp-content\/uploads\/sites\/6\/2023\/03\/Calabria-Sona.jpg","contentUrl":"https:\/\/progettotouring.it\/radiotouring104\/wp-content\/uploads\/sites\/6\/2023\/03\/Calabria-Sona.jpg","width":842,"height":1191},{"@type":"BreadcrumbList","@id":"https:\/\/progettotouring.it\/radiotouring104\/2023\/03\/10\/parte-sabato-11-marzo-sona-world-festival\/#breadcrumb","itemListElement":[{"@type":"ListItem","position":1,"name":"Home","item":"https:\/\/progettotouring.it\/radiotouring104\/"},{"@type":"ListItem","position":2,"name":"Parte sabato 11 Marzo \u201cSona World Festival\u201d"}]},{"@type":"WebSite","@id":"https:\/\/progettotouring.it\/radiotouring104\/#website","url":"https:\/\/progettotouring.it\/radiotouring104\/","name":"Radio Touring 104","description":"La prima radio Reggina","publisher":{"@id":"https:\/\/progettotouring.it\/radiotouring104\/#organization"},"potentialAction":[{"@type":"SearchAction","target":{"@type":"EntryPoint","urlTemplate":"https:\/\/progettotouring.it\/radiotouring104\/?s={search_term_string}"},"query-input":{"@type":"PropertyValueSpecification","valueRequired":true,"valueName":"search_term_string"}}],"inLanguage":"it-IT"},{"@type":"Organization","@id":"https:\/\/progettotouring.it\/radiotouring104\/#organization","name":"Radio Touring 104","url":"https:\/\/progettotouring.it\/radiotouring104\/","logo":{"@type":"ImageObject","inLanguage":"it-IT","@id":"https:\/\/progettotouring.it\/radiotouring104\/#\/schema\/logo\/image\/","url":"https:\/\/progettotouring.it\/radiotouring104\/wp-content\/uploads\/sites\/6\/2022\/02\/cropped-logo-radio-touring-104.png","contentUrl":"https:\/\/progettotouring.it\/radiotouring104\/wp-content\/uploads\/sites\/6\/2022\/02\/cropped-logo-radio-touring-104.png","width":377,"height":182,"caption":"Radio Touring 104"},"image":{"@id":"https:\/\/progettotouring.it\/radiotouring104\/#\/schema\/logo\/image\/"}},{"@type":"Person","@id":"https:\/\/progettotouring.it\/radiotouring104\/#\/schema\/person\/78613917f1851f041f7483f5af1d422e","name":"Sebastiano Plutino","image":{"@type":"ImageObject","inLanguage":"it-IT","@id":"https:\/\/secure.gravatar.com\/avatar\/0546ffaa9b79224faf9f2a156b67a529ae861d3287c66c1d8ccfdf909bcba78d?s=96&d=mm&r=g","url":"https:\/\/secure.gravatar.com\/avatar\/0546ffaa9b79224faf9f2a156b67a529ae861d3287c66c1d8ccfdf909bcba78d?s=96&d=mm&r=g","contentUrl":"https:\/\/secure.gravatar.com\/avatar\/0546ffaa9b79224faf9f2a156b67a529ae861d3287c66c1d8ccfdf909bcba78d?s=96&d=mm&r=g","caption":"Sebastiano Plutino"},"url":"https:\/\/progettotouring.it\/radiotouring104\/author\/sebastiano\/"}]}},"jetpack_publicize_connections":[],"jetpack_featured_media_url":"https:\/\/progettotouring.it\/radiotouring104\/wp-content\/uploads\/sites\/6\/2023\/03\/Calabria-Sona.jpg","jetpack_sharing_enabled":true,"_links":{"self":[{"href":"https:\/\/progettotouring.it\/radiotouring104\/wp-json\/wp\/v2\/posts\/20570","targetHints":{"allow":["GET"]}}],"collection":[{"href":"https:\/\/progettotouring.it\/radiotouring104\/wp-json\/wp\/v2\/posts"}],"about":[{"href":"https:\/\/progettotouring.it\/radiotouring104\/wp-json\/wp\/v2\/types\/post"}],"author":[{"embeddable":true,"href":"https:\/\/progettotouring.it\/radiotouring104\/wp-json\/wp\/v2\/users\/12"}],"replies":[{"embeddable":true,"href":"https:\/\/progettotouring.it\/radiotouring104\/wp-json\/wp\/v2\/comments?post=20570"}],"version-history":[{"count":2,"href":"https:\/\/progettotouring.it\/radiotouring104\/wp-json\/wp\/v2\/posts\/20570\/revisions"}],"predecessor-version":[{"id":20573,"href":"https:\/\/progettotouring.it\/radiotouring104\/wp-json\/wp\/v2\/posts\/20570\/revisions\/20573"}],"wp:featuredmedia":[{"embeddable":true,"href":"https:\/\/progettotouring.it\/radiotouring104\/wp-json\/wp\/v2\/media\/20571"}],"wp:attachment":[{"href":"https:\/\/progettotouring.it\/radiotouring104\/wp-json\/wp\/v2\/media?parent=20570"}],"wp:term":[{"taxonomy":"category","embeddable":true,"href":"https:\/\/progettotouring.it\/radiotouring104\/wp-json\/wp\/v2\/categories?post=20570"},{"taxonomy":"post_tag","embeddable":true,"href":"https:\/\/progettotouring.it\/radiotouring104\/wp-json\/wp\/v2\/tags?post=20570"}],"curies":[{"name":"wp","href":"https:\/\/api.w.org\/{rel}","templated":true}]}}