{"id":20574,"date":"2023-03-10T12:45:25","date_gmt":"2023-03-10T11:45:25","guid":{"rendered":"https:\/\/progettotouring.it\/radiotouring104\/?p=20574"},"modified":"2023-03-10T12:45:25","modified_gmt":"2023-03-10T11:45:25","slug":"convegno-cigl-vasta-area-su-autonomia-differenziata","status":"publish","type":"post","link":"https:\/\/progettotouring.it\/radiotouring104\/2023\/03\/10\/convegno-cigl-vasta-area-su-autonomia-differenziata\/","title":{"rendered":"Convegno Cigl Vasta Area su Autonomia Differenziata"},"content":{"rendered":"<p class=\"xmprfx_MsoNormal\">\u201cL\u2019Autonomia differenziata, non serve al Paese\u201d. E\u2019 questo il tema dell\u2019iniziativa organizzata dalla Cgil Area Vasta di Catanzaro-Crotone-Vibo e dalla Cgil Calabria che si \u00e8 tenuta nella Casa delle Culture (sede del Palazzo della Provincia) di Catanzaro alla presenza di\u00a0<b>Christian Ferrari<\/b>, segretario confederale, componente nella segreteria nazionale Cgil.<\/p>\n<p class=\"xmprfx_MsoNormal\">I lavori \u2013 moderati dalla giornalista Tiziana Bagnato &#8211; sono stati introdotti da una articolata relazione del\u00a0<b>segretario generale della Cgil Area Vasta, Enzo Scalese<\/b>. \u201cLanciamo da qui insieme alla Cgil nazionale e alla Cgil nazionale il messaggio per cui \u00e8 un errore portare avanti il Ddl Calderoli che affossa i nostri territori. Parte da oggi la condivisione di un percorso che vogliamo fare insieme alle istituzioni, le associazioni, i cittadini, le lavoratrici e i lavoratori per dire quali sono gli effetti negativi dell&#8217;autonomia differenziata, che nel Mezzogiorno aggraver\u00e0 la situazione nella sanit\u00e0, nella scuola, nel lavoro. Rilanciamo una mobilitazione affinch\u00e9 &#8211; conclude Scalese &#8211; si faccia anzitutto si faccia chiarezza sui contenuti e sui risvolti di questa riforma che spacca il paese e amplia le diseguaglianze tra territori\u201d.<\/p>\n<p class=\"xmprfx_MsoNormal\"><span class=\"xmprfx_gmail-markedcontent\">\u201cContinueremo a contrastare ogni provvedimento che favorisc<span role=\"presentation\">e la frammentazione dei diritti<\/span><\/span>\u00a0<span class=\"xmprfx_gmail-markedcontent\">civili e sociali fondamentali e a mobilitarci per interventi e misure volte invece a rimuovere<\/span>\u00a0<span class=\"xmprfx_gmail-markedcontent\">le drammatiche diseguaglianze esistenti, a stanziare le risorse necessarie a ridurre i divari e<\/span>\u00a0<span class=\"xmprfx_gmail-markedcontent\">a realizzare un sistema perequati<span role=\"presentation\">vo che promuova la coesione e la solidari<\/span><span role=\"presentation\">e<\/span><span role=\"presentation\">t\u00e0<\/span><\/span>\u201d, ha concluso Scalese.<\/p>\n<p class=\"xmprfx_MsoNormal\">Mobilitato in prima fila anche\u00a0<b>il sindaco di Catanzaro Nicola Fiorita<\/b>, che al convegno della Cgil ha ribadito di essere contro \u201cuna riforma che non serve al Paese, fa molto male al Sud e alla Calabria. Sotto la formula tutto sommato neutra e anche accettabile di autonomia differenziata si cela un disegno egoista che punta solo a dare pi\u00f9 soldi a chi \u00e8 ricco e toglierli a chi \u00e8 gi\u00e0 povero. Cosa inaccettabile e incomprensibile soprattutto perch\u00e9 i poveri siamo noi. Dobbiamo far capire che questa riforma mina l&#8217;idea della solidariet\u00e0 che tiene insieme ogni comunit\u00e0. Vorrei che si smettesse anche di parlare dei Lep perch\u00e9 quando si parla di diritti fondamentali le prestazioni non devono essere garantite nella loro essenzialit\u00e0 ma nella loro uniformit\u00e0. Senza eguaglianza &#8211; rimava Fiorita &#8211; non esiste nessuna comunit\u00e0 e none suste nessun paese\u201d. Per\u00a0<b>Anna Falcone<\/b>\u00a0l&#8217;attuale configurazione del tema declinata nel Ddl Calderoli \u201crappresenta una minaccia a tutto il paese. L&#8217;autonomia non \u00e8 necessariamente un male, penso alle politiche energetiche, ma lo diventa quando differenzia la cittadinanza civile e sociale\u201d.<\/p>\n<p class=\"xmprfx_MsoNormal\">\n<p class=\"xmprfx_MsoNormal\"><b>Per il segretario regionale del Pd e senatore Nicola Irto,<\/b>\u00a0collegato in remoto, \u201cserve una mobilitazione generale che nelle prossime settimane sar\u00e0 allargata non solo ai partiti come il Pd e M5S ma anche ai sindacati, associazioni e movimenti civici che vogliono dare un contributo per spiegare quale dramma sar\u00e0 l&#8217;autonomia differenziata voluta dal governo Meloni. Da pochi mesi abbiamo un governo nazionale che propone l&#8217;autonomia differenziata, fa una Finanziaria che non prevede alcun impegno economico per il Mezzogiorno e ha un ministro come Valditara che vuole discriminare gli insegnanti del Sud. A questo governo server dare una risposta netta e forte. Se vogliamo accettare la sfida dell&#8217;autonomia \u2013 ha detto ancora Irto &#8211; \u00e8 necessario parlamentarizzare il dibattito chiamando a responsabilit\u00e0 tutti gli eletti a prescindere dalla maglietta che hanno addosso ed \u00e8 necessario partire dai drammatici divari che separano regioni come la Calabria dal Nord: \u00e8 necessario in riequilibrio e politiche nazionali che colmino questi divari. Occhiuto? Non deve decidere da che parte sta, l&#8217;ha gi\u00e0 deciso votando a favore assieme ai suoi colleghi del Nord un ddl proposto non dalle Regioni del Nord da un ministro della Lega: io &#8211; sottolinea il segretario del Pd calabrese &#8211; sono molto preoccupato perch\u00e9 vedo il governatore di una regione che \u00e8 il cuore della resistenza del Mezzogiorno votare un provvedimento scellerato che divider\u00e0 ulteriormente l&#8217;Italia, penalizzer\u00e0 la Calabria e il Mezzogiorno e senza una controproposta vera\u201d.<\/p>\n<p class=\"xmprfx_MsoNormal\">Molto apprezzato l\u2019intervento della\u00a0<b>deputata del Movimento 5 Stelle, Vittoria Baldino\u00a0<\/b>secondo la quale \u201cl&#8217;autonomia differenziata non serve all&#8217;Italia perch\u00e9 l&#8217;Italia \u00e8 un paese in cui i divari territoriali si dovrebbero restringere e non allargare e questo \u00e8 un progetto di riforma che di fatto amplia ancora di pi\u00f9 le diseguaglianze tra alcune regioni del Nord, che vanno a una velocit\u00e0, e quelle del Sud, come soprattutto la Calabria, che va ad un&#8217;altra velocit\u00e0. Sembra addirittura lunare affrontare questo dibattito in un paese secondo una statistica le cinque regioni pi\u00f9 povere dell&#8217;Europa sono italiane e sono regioni del Sud Italia. Abbiamo denunciato l&#8217;assurdit\u00e0 di questa riforma nella forma, nella sostanza, nel merito e nel metodo, perch\u00e9 non si coinvolge il Parlamento, una delle riforme pi\u00f9 divisive degli ultimi 30 anni elaborate in sede extraparlamentare. Questo gi\u00e0 di per s\u00e9 \u00e8 scandaloso. Si dice che questa riforma va avanti senza impegno di spesa, ma questo \u00e8 assurdo: come si fanno a definire e garantire i Lep se non si finanziano i Lep? Questo &#8211; evidenzia la vicecapogruppo M5S alla Camera &#8211; significa che questa riforma avverr\u00e0 con il criterio della spesa storica che sappiamo penalizzerebbe tantissimo la Calabria dal punto di vista di tutti i servizi. Secondo noi bisognerebbe stabilire il fabbisogno di maggiori servizi che alcune Regioni richiedono e fare in modo che lo Stato finanzi questi maggiori servizi e li eroghi effettivamente, quindi applicare sostanzialmente anche il Pnrr, uno dei cui pilastri \u00e8 diminuire i divari territoriali che ci sono tra le regioni. Noi quindi ci opponiamo assolutamente e speriamo che il governo ritiri questa proposta. Ed \u00e8 curioso infine come il presidente della Regione Calabria abbia supinamente approvato il Ddl in sede di Conferenza unificata e che questa Regione non si sia unita a quanti ritengono che le proprie Regioni saranno penalizzate\u201d.<\/p>\n<p class=\"xmprfx_MsoNormal\">\n<p class=\"xmprfx_MsoNormal\">A intervenire, prima delle conclusioni di Ferrari,\u00a0<b>il segretario generale della Cgil Calabria Angelo Sposato<\/b>: \u201cL&#8217;obiettivo &#8211; spiega Sposato &#8211; \u00e8 rinsaldare un&#8217;alleanza sociale anche con le altre sigle sindacali e anche con le associazioni e con la politica che ha gi\u00e0 detto come la pensa. Noi al presidente Occhiuto abbiamo detto che su questo tema c&#8217;\u00e8 un&#8217;altra Calabria, una Calabria molto consistente, che non la pensa come lui. Non abbiamo apprezzato il voto che la Calabria ha fatto su questo tema cogente, e poi la convocazione solo domani del Consiglio regionale \u00e8 un segnale di poco rispetto democratico anche perch\u00e9 non sappiamo se il tema sia stato oggetto di una\u00a0\u00a0discussione della maggioranza di governo alla regione perch\u00e9 non ci risultano delibere di Giunta prima del voto in Conferenza delle Regioni. La domanda che farei al presidente \u00e8: a nome di chi il presidente ha votato quel tipo di provvedimento che secondo noi \u00e8 contro i calabresi, \u00e8 contro la regione, \u00e8 contro la visione che lui stesso ha definito insieme a noi nella Vertenza Calabria. Il tema infatti &#8211; sostiene il segretario della Cgil calabrese &#8211; rischia di inficiare la vertenza Calabria perch\u00e9 il governo sulla vertenza Calabria non sta facendo nulla. Quindi da questo punto di vista nei prossimi giorni metteremo a verifica anche gli impegni presi da parte del presidente della Giunta per capire se c&#8217;\u00e8 da parte del governo la garanzia che la Vertenza Calabria sia ancora in vita. Altrimenti ci sar\u00e0 una mobilitazione rinsaldando alleanze con tutti coloro che la pensano come noi contro il Ddl Calderoli\u201d.<\/p>\n<p class=\"xmprfx_MsoNormal\">\n<p class=\"xmprfx_MsoNormal\"><b>LE CONCLUSIONI DI FERRARI &#8211;<\/b>\u00a0\u201cL&#8217;autonomia differenziata \u00e8 l&#8217;ultima cosa di cui abbiamo bisogno, in un Paese che ha visto storicamente anche negli ultimi anni allargarsi i divari territoriali e imboccare una strada che contribuir\u00e0 a mettere in discussione l&#8217;unit\u00e0 dell&#8217;Italia \u2013 ha esordito Ferrari &#8211;\u00a0\u00a0a mettere in discussione il sistema di welfare universalistico &#8211; mentre invece noi dovremmo lavorare per garantire i diritti fondamentali civili e\u00a0\u00a0sociali in tutto il Paese in maniera omogenea e uniforme &#8211; e a mettere in discussione la anche la possibilit\u00e0 di politiche nazionali di governo, industriali, di sviluppo economico, quando neppure la dimensione nazionale \u00e8 ormai sufficiente ad affrontare le sfide strategiche che abbiamo davanti. Quindi &#8211; prosegue il segretario nazionale Cgil &#8211; noi diciamo un no senza se e senza ma al disegno di legge Calderoli\u201d.<\/p>\n<p class=\"xmprfx_MsoNormal\">\u201cPrendiamo atto positivamente di un riposizionamento chiaro in termini critici da parte di alcuni partiti, a partire da Pd e M5S \u2013 ha detto. Noi abbiamo intenzione, nei prossimi mesi, di mettere in campo un percorso di mobilitazione in tutto il Paese, dal Veneto e la Calabria, per informare e coinvolgere i cittadini, cosa non scontata, a partire dai lavoratori e i pensionati, e soprattutto per costruire una grande convergenza, la pi\u00f9 larga, ampia e inclusiva possibile, con le forze politiche, le istituzioni locali, le forze della societ\u00e0 civile e &#8211; rileva il segretario nazionale della Cgil &#8211; creare un fronte che dica no all&#8217;autonomia che spezza il Paese e s\u00ec invece a politiche che rilancino gli investimenti per ridurre le diseguaglianze e i divari che ci sono. Da Ferrari infine una critica al presidente della Regione Calabria, Roberto Occhiuto (Forza Italia): \u201cCon tutto il rispetto per il governatore, gli porrei una domanda: \u00e8 un rappresentante del suo popolo e degli interessi del suo territorio o \u00e8 il rappresentante di un partito che esegue gli ordini di scuderia? Perch\u00e9 \u00e8 francamente incomprensibile &#8211; rimarca il dirigente della Cgil &#8211; come il presidente della Regione Calabria abbia potuto dire di s\u00ec a un disegno di legge che colpisce anzitutto il suo territorio\u201d.<\/p>\n","protected":false},"excerpt":{"rendered":"<p>\u201cL\u2019Autonomia differenziata, non serve al Paese\u201d. E\u2019 questo il tema dell\u2019iniziativa organizzata dalla Cgil Area Vasta di Catanzaro-Crotone-Vibo e dalla Cgil Calabria che si \u00e8 tenuta nella Casa delle Culture&hellip;<\/p>\n","protected":false},"author":12,"featured_media":20575,"comment_status":"closed","ping_status":"open","sticky":false,"template":"","format":"standard","meta":{"_jetpack_memberships_contains_paid_content":false,"footnotes":"","jetpack_publicize_message":"","jetpack_publicize_feature_enabled":true,"jetpack_social_post_already_shared":false,"jetpack_social_options":{"image_generator_settings":{"template":"highway","default_image_id":0,"font":"","enabled":false},"version":2}},"categories":[921,196,140],"tags":[11261,11262,11258,11259,10607,11260,11263],"class_list":["post-20574","post","type-post","status-publish","format-standard","has-post-thumbnail","hentry","category-home","category-news","category-reggio-calabria","tag-casa-delle-culture","tag-christian-ferrari","tag-cigl-vasta-area","tag-convegno-lautonomia-differenziata","tag-convegno-su-autonomia-differenziata","tag-non-serve-al-paese","tag-segretario-confederale-cigl-vasta-area"],"yoast_head":"<!-- This site is optimized with the Yoast SEO plugin v27.2 - https:\/\/yoast.com\/product\/yoast-seo-wordpress\/ -->\n<title>Convegno Cigl Vasta Area su Autonomia Differenziata<\/title>\n<meta name=\"description\" content=\"Iniziativa con tema titolo \u201cL\u2019Autonomia differenziata, non serve al Paese\u201d. Nei prossimi mesi un percorso di mobilitazione\" \/>\n<meta name=\"robots\" content=\"index, follow, max-snippet:-1, max-image-preview:large, max-video-preview:-1\" \/>\n<link rel=\"canonical\" href=\"https:\/\/progettotouring.it\/radiotouring104\/2023\/03\/10\/convegno-cigl-vasta-area-su-autonomia-differenziata\/\" \/>\n<meta property=\"og:locale\" content=\"it_IT\" \/>\n<meta property=\"og:type\" content=\"article\" \/>\n<meta property=\"og:title\" content=\"Convegno Cigl Vasta Area su Autonomia Differenziata\" \/>\n<meta property=\"og:description\" content=\"Iniziativa con tema titolo \u201cL\u2019Autonomia differenziata, non serve al Paese\u201d. Nei prossimi mesi un percorso di mobilitazione\" \/>\n<meta property=\"og:url\" content=\"https:\/\/progettotouring.it\/radiotouring104\/2023\/03\/10\/convegno-cigl-vasta-area-su-autonomia-differenziata\/\" \/>\n<meta property=\"og:site_name\" content=\"Radio Touring 104\" \/>\n<meta property=\"article:published_time\" content=\"2023-03-10T11:45:25+00:00\" \/>\n<meta property=\"og:image\" content=\"https:\/\/progettotouring.it\/radiotouring104\/wp-content\/uploads\/sites\/6\/2023\/03\/Convegno-Cigl-Vasta-Area-Autonomia-Differenziata.jpg\" \/>\n\t<meta property=\"og:image:width\" content=\"2543\" \/>\n\t<meta property=\"og:image:height\" content=\"1699\" \/>\n\t<meta property=\"og:image:type\" content=\"image\/jpeg\" \/>\n<meta name=\"author\" content=\"Sebastiano Plutino\" \/>\n<meta name=\"twitter:card\" content=\"summary_large_image\" \/>\n<meta name=\"twitter:label1\" content=\"Scritto da\" \/>\n\t<meta name=\"twitter:data1\" content=\"Sebastiano Plutino\" \/>\n\t<meta name=\"twitter:label2\" content=\"Tempo di lettura stimato\" \/>\n\t<meta name=\"twitter:data2\" content=\"8 minuti\" \/>\n<script type=\"application\/ld+json\" class=\"yoast-schema-graph\">{\"@context\":\"https:\/\/schema.org\",\"@graph\":[{\"@type\":\"Article\",\"@id\":\"https:\/\/progettotouring.it\/radiotouring104\/2023\/03\/10\/convegno-cigl-vasta-area-su-autonomia-differenziata\/#article\",\"isPartOf\":{\"@id\":\"https:\/\/progettotouring.it\/radiotouring104\/2023\/03\/10\/convegno-cigl-vasta-area-su-autonomia-differenziata\/\"},\"author\":{\"name\":\"Sebastiano Plutino\",\"@id\":\"https:\/\/progettotouring.it\/radiotouring104\/#\/schema\/person\/78613917f1851f041f7483f5af1d422e\"},\"headline\":\"Convegno Cigl Vasta Area su Autonomia Differenziata\",\"datePublished\":\"2023-03-10T11:45:25+00:00\",\"mainEntityOfPage\":{\"@id\":\"https:\/\/progettotouring.it\/radiotouring104\/2023\/03\/10\/convegno-cigl-vasta-area-su-autonomia-differenziata\/\"},\"wordCount\":1544,\"publisher\":{\"@id\":\"https:\/\/progettotouring.it\/radiotouring104\/#organization\"},\"image\":{\"@id\":\"https:\/\/progettotouring.it\/radiotouring104\/2023\/03\/10\/convegno-cigl-vasta-area-su-autonomia-differenziata\/#primaryimage\"},\"thumbnailUrl\":\"https:\/\/progettotouring.it\/radiotouring104\/wp-content\/uploads\/sites\/6\/2023\/03\/Convegno-Cigl-Vasta-Area-Autonomia-Differenziata.jpg\",\"keywords\":[\"Casa delle Culture\",\"Christian Ferrari\",\"Cigl Vasta Area\",\"convegno \u201cL\u2019Autonomia differenziata\",\"Convegno su Autonomia differenziata\",\"non serve al Paese\u201d.\",\"segretario confederale Cigl Vasta Area\"],\"articleSection\":[\"Home\",\"News\",\"Reggio Calabria\"],\"inLanguage\":\"it-IT\"},{\"@type\":\"WebPage\",\"@id\":\"https:\/\/progettotouring.it\/radiotouring104\/2023\/03\/10\/convegno-cigl-vasta-area-su-autonomia-differenziata\/\",\"url\":\"https:\/\/progettotouring.it\/radiotouring104\/2023\/03\/10\/convegno-cigl-vasta-area-su-autonomia-differenziata\/\",\"name\":\"Convegno Cigl Vasta Area su Autonomia Differenziata\",\"isPartOf\":{\"@id\":\"https:\/\/progettotouring.it\/radiotouring104\/#website\"},\"primaryImageOfPage\":{\"@id\":\"https:\/\/progettotouring.it\/radiotouring104\/2023\/03\/10\/convegno-cigl-vasta-area-su-autonomia-differenziata\/#primaryimage\"},\"image\":{\"@id\":\"https:\/\/progettotouring.it\/radiotouring104\/2023\/03\/10\/convegno-cigl-vasta-area-su-autonomia-differenziata\/#primaryimage\"},\"thumbnailUrl\":\"https:\/\/progettotouring.it\/radiotouring104\/wp-content\/uploads\/sites\/6\/2023\/03\/Convegno-Cigl-Vasta-Area-Autonomia-Differenziata.jpg\",\"datePublished\":\"2023-03-10T11:45:25+00:00\",\"description\":\"Iniziativa con tema titolo \u201cL\u2019Autonomia differenziata, non serve al Paese\u201d. Nei prossimi mesi un percorso di mobilitazione\",\"breadcrumb\":{\"@id\":\"https:\/\/progettotouring.it\/radiotouring104\/2023\/03\/10\/convegno-cigl-vasta-area-su-autonomia-differenziata\/#breadcrumb\"},\"inLanguage\":\"it-IT\",\"potentialAction\":[{\"@type\":\"ReadAction\",\"target\":[\"https:\/\/progettotouring.it\/radiotouring104\/2023\/03\/10\/convegno-cigl-vasta-area-su-autonomia-differenziata\/\"]}]},{\"@type\":\"ImageObject\",\"inLanguage\":\"it-IT\",\"@id\":\"https:\/\/progettotouring.it\/radiotouring104\/2023\/03\/10\/convegno-cigl-vasta-area-su-autonomia-differenziata\/#primaryimage\",\"url\":\"https:\/\/progettotouring.it\/radiotouring104\/wp-content\/uploads\/sites\/6\/2023\/03\/Convegno-Cigl-Vasta-Area-Autonomia-Differenziata.jpg\",\"contentUrl\":\"https:\/\/progettotouring.it\/radiotouring104\/wp-content\/uploads\/sites\/6\/2023\/03\/Convegno-Cigl-Vasta-Area-Autonomia-Differenziata.jpg\",\"width\":2543,\"height\":1699},{\"@type\":\"BreadcrumbList\",\"@id\":\"https:\/\/progettotouring.it\/radiotouring104\/2023\/03\/10\/convegno-cigl-vasta-area-su-autonomia-differenziata\/#breadcrumb\",\"itemListElement\":[{\"@type\":\"ListItem\",\"position\":1,\"name\":\"Home\",\"item\":\"https:\/\/progettotouring.it\/radiotouring104\/\"},{\"@type\":\"ListItem\",\"position\":2,\"name\":\"Convegno Cigl Vasta Area su Autonomia Differenziata\"}]},{\"@type\":\"WebSite\",\"@id\":\"https:\/\/progettotouring.it\/radiotouring104\/#website\",\"url\":\"https:\/\/progettotouring.it\/radiotouring104\/\",\"name\":\"Radio Touring 104\",\"description\":\"La prima radio Reggina\",\"publisher\":{\"@id\":\"https:\/\/progettotouring.it\/radiotouring104\/#organization\"},\"potentialAction\":[{\"@type\":\"SearchAction\",\"target\":{\"@type\":\"EntryPoint\",\"urlTemplate\":\"https:\/\/progettotouring.it\/radiotouring104\/?s={search_term_string}\"},\"query-input\":{\"@type\":\"PropertyValueSpecification\",\"valueRequired\":true,\"valueName\":\"search_term_string\"}}],\"inLanguage\":\"it-IT\"},{\"@type\":\"Organization\",\"@id\":\"https:\/\/progettotouring.it\/radiotouring104\/#organization\",\"name\":\"Radio Touring 104\",\"url\":\"https:\/\/progettotouring.it\/radiotouring104\/\",\"logo\":{\"@type\":\"ImageObject\",\"inLanguage\":\"it-IT\",\"@id\":\"https:\/\/progettotouring.it\/radiotouring104\/#\/schema\/logo\/image\/\",\"url\":\"https:\/\/progettotouring.it\/radiotouring104\/wp-content\/uploads\/sites\/6\/2022\/02\/cropped-logo-radio-touring-104.png\",\"contentUrl\":\"https:\/\/progettotouring.it\/radiotouring104\/wp-content\/uploads\/sites\/6\/2022\/02\/cropped-logo-radio-touring-104.png\",\"width\":377,\"height\":182,\"caption\":\"Radio Touring 104\"},\"image\":{\"@id\":\"https:\/\/progettotouring.it\/radiotouring104\/#\/schema\/logo\/image\/\"}},{\"@type\":\"Person\",\"@id\":\"https:\/\/progettotouring.it\/radiotouring104\/#\/schema\/person\/78613917f1851f041f7483f5af1d422e\",\"name\":\"Sebastiano Plutino\",\"image\":{\"@type\":\"ImageObject\",\"inLanguage\":\"it-IT\",\"@id\":\"https:\/\/secure.gravatar.com\/avatar\/0546ffaa9b79224faf9f2a156b67a529ae861d3287c66c1d8ccfdf909bcba78d?s=96&d=mm&r=g\",\"url\":\"https:\/\/secure.gravatar.com\/avatar\/0546ffaa9b79224faf9f2a156b67a529ae861d3287c66c1d8ccfdf909bcba78d?s=96&d=mm&r=g\",\"contentUrl\":\"https:\/\/secure.gravatar.com\/avatar\/0546ffaa9b79224faf9f2a156b67a529ae861d3287c66c1d8ccfdf909bcba78d?s=96&d=mm&r=g\",\"caption\":\"Sebastiano Plutino\"},\"url\":\"https:\/\/progettotouring.it\/radiotouring104\/author\/sebastiano\/\"}]}<\/script>\n<!-- \/ Yoast SEO plugin. -->","yoast_head_json":{"title":"Convegno Cigl Vasta Area su Autonomia Differenziata","description":"Iniziativa con tema titolo \u201cL\u2019Autonomia differenziata, non serve al Paese\u201d. Nei prossimi mesi un percorso di mobilitazione","robots":{"index":"index","follow":"follow","max-snippet":"max-snippet:-1","max-image-preview":"max-image-preview:large","max-video-preview":"max-video-preview:-1"},"canonical":"https:\/\/progettotouring.it\/radiotouring104\/2023\/03\/10\/convegno-cigl-vasta-area-su-autonomia-differenziata\/","og_locale":"it_IT","og_type":"article","og_title":"Convegno Cigl Vasta Area su Autonomia Differenziata","og_description":"Iniziativa con tema titolo \u201cL\u2019Autonomia differenziata, non serve al Paese\u201d. Nei prossimi mesi un percorso di mobilitazione","og_url":"https:\/\/progettotouring.it\/radiotouring104\/2023\/03\/10\/convegno-cigl-vasta-area-su-autonomia-differenziata\/","og_site_name":"Radio Touring 104","article_published_time":"2023-03-10T11:45:25+00:00","og_image":[{"width":2543,"height":1699,"url":"https:\/\/progettotouring.it\/radiotouring104\/wp-content\/uploads\/sites\/6\/2023\/03\/Convegno-Cigl-Vasta-Area-Autonomia-Differenziata.jpg","type":"image\/jpeg"}],"author":"Sebastiano Plutino","twitter_card":"summary_large_image","twitter_misc":{"Scritto da":"Sebastiano Plutino","Tempo di lettura stimato":"8 minuti"},"schema":{"@context":"https:\/\/schema.org","@graph":[{"@type":"Article","@id":"https:\/\/progettotouring.it\/radiotouring104\/2023\/03\/10\/convegno-cigl-vasta-area-su-autonomia-differenziata\/#article","isPartOf":{"@id":"https:\/\/progettotouring.it\/radiotouring104\/2023\/03\/10\/convegno-cigl-vasta-area-su-autonomia-differenziata\/"},"author":{"name":"Sebastiano Plutino","@id":"https:\/\/progettotouring.it\/radiotouring104\/#\/schema\/person\/78613917f1851f041f7483f5af1d422e"},"headline":"Convegno Cigl Vasta Area su Autonomia Differenziata","datePublished":"2023-03-10T11:45:25+00:00","mainEntityOfPage":{"@id":"https:\/\/progettotouring.it\/radiotouring104\/2023\/03\/10\/convegno-cigl-vasta-area-su-autonomia-differenziata\/"},"wordCount":1544,"publisher":{"@id":"https:\/\/progettotouring.it\/radiotouring104\/#organization"},"image":{"@id":"https:\/\/progettotouring.it\/radiotouring104\/2023\/03\/10\/convegno-cigl-vasta-area-su-autonomia-differenziata\/#primaryimage"},"thumbnailUrl":"https:\/\/progettotouring.it\/radiotouring104\/wp-content\/uploads\/sites\/6\/2023\/03\/Convegno-Cigl-Vasta-Area-Autonomia-Differenziata.jpg","keywords":["Casa delle Culture","Christian Ferrari","Cigl Vasta Area","convegno \u201cL\u2019Autonomia differenziata","Convegno su Autonomia differenziata","non serve al Paese\u201d.","segretario confederale Cigl Vasta Area"],"articleSection":["Home","News","Reggio Calabria"],"inLanguage":"it-IT"},{"@type":"WebPage","@id":"https:\/\/progettotouring.it\/radiotouring104\/2023\/03\/10\/convegno-cigl-vasta-area-su-autonomia-differenziata\/","url":"https:\/\/progettotouring.it\/radiotouring104\/2023\/03\/10\/convegno-cigl-vasta-area-su-autonomia-differenziata\/","name":"Convegno Cigl Vasta Area su Autonomia Differenziata","isPartOf":{"@id":"https:\/\/progettotouring.it\/radiotouring104\/#website"},"primaryImageOfPage":{"@id":"https:\/\/progettotouring.it\/radiotouring104\/2023\/03\/10\/convegno-cigl-vasta-area-su-autonomia-differenziata\/#primaryimage"},"image":{"@id":"https:\/\/progettotouring.it\/radiotouring104\/2023\/03\/10\/convegno-cigl-vasta-area-su-autonomia-differenziata\/#primaryimage"},"thumbnailUrl":"https:\/\/progettotouring.it\/radiotouring104\/wp-content\/uploads\/sites\/6\/2023\/03\/Convegno-Cigl-Vasta-Area-Autonomia-Differenziata.jpg","datePublished":"2023-03-10T11:45:25+00:00","description":"Iniziativa con tema titolo \u201cL\u2019Autonomia differenziata, non serve al Paese\u201d. Nei prossimi mesi un percorso di mobilitazione","breadcrumb":{"@id":"https:\/\/progettotouring.it\/radiotouring104\/2023\/03\/10\/convegno-cigl-vasta-area-su-autonomia-differenziata\/#breadcrumb"},"inLanguage":"it-IT","potentialAction":[{"@type":"ReadAction","target":["https:\/\/progettotouring.it\/radiotouring104\/2023\/03\/10\/convegno-cigl-vasta-area-su-autonomia-differenziata\/"]}]},{"@type":"ImageObject","inLanguage":"it-IT","@id":"https:\/\/progettotouring.it\/radiotouring104\/2023\/03\/10\/convegno-cigl-vasta-area-su-autonomia-differenziata\/#primaryimage","url":"https:\/\/progettotouring.it\/radiotouring104\/wp-content\/uploads\/sites\/6\/2023\/03\/Convegno-Cigl-Vasta-Area-Autonomia-Differenziata.jpg","contentUrl":"https:\/\/progettotouring.it\/radiotouring104\/wp-content\/uploads\/sites\/6\/2023\/03\/Convegno-Cigl-Vasta-Area-Autonomia-Differenziata.jpg","width":2543,"height":1699},{"@type":"BreadcrumbList","@id":"https:\/\/progettotouring.it\/radiotouring104\/2023\/03\/10\/convegno-cigl-vasta-area-su-autonomia-differenziata\/#breadcrumb","itemListElement":[{"@type":"ListItem","position":1,"name":"Home","item":"https:\/\/progettotouring.it\/radiotouring104\/"},{"@type":"ListItem","position":2,"name":"Convegno Cigl Vasta Area su Autonomia Differenziata"}]},{"@type":"WebSite","@id":"https:\/\/progettotouring.it\/radiotouring104\/#website","url":"https:\/\/progettotouring.it\/radiotouring104\/","name":"Radio Touring 104","description":"La prima radio Reggina","publisher":{"@id":"https:\/\/progettotouring.it\/radiotouring104\/#organization"},"potentialAction":[{"@type":"SearchAction","target":{"@type":"EntryPoint","urlTemplate":"https:\/\/progettotouring.it\/radiotouring104\/?s={search_term_string}"},"query-input":{"@type":"PropertyValueSpecification","valueRequired":true,"valueName":"search_term_string"}}],"inLanguage":"it-IT"},{"@type":"Organization","@id":"https:\/\/progettotouring.it\/radiotouring104\/#organization","name":"Radio Touring 104","url":"https:\/\/progettotouring.it\/radiotouring104\/","logo":{"@type":"ImageObject","inLanguage":"it-IT","@id":"https:\/\/progettotouring.it\/radiotouring104\/#\/schema\/logo\/image\/","url":"https:\/\/progettotouring.it\/radiotouring104\/wp-content\/uploads\/sites\/6\/2022\/02\/cropped-logo-radio-touring-104.png","contentUrl":"https:\/\/progettotouring.it\/radiotouring104\/wp-content\/uploads\/sites\/6\/2022\/02\/cropped-logo-radio-touring-104.png","width":377,"height":182,"caption":"Radio Touring 104"},"image":{"@id":"https:\/\/progettotouring.it\/radiotouring104\/#\/schema\/logo\/image\/"}},{"@type":"Person","@id":"https:\/\/progettotouring.it\/radiotouring104\/#\/schema\/person\/78613917f1851f041f7483f5af1d422e","name":"Sebastiano Plutino","image":{"@type":"ImageObject","inLanguage":"it-IT","@id":"https:\/\/secure.gravatar.com\/avatar\/0546ffaa9b79224faf9f2a156b67a529ae861d3287c66c1d8ccfdf909bcba78d?s=96&d=mm&r=g","url":"https:\/\/secure.gravatar.com\/avatar\/0546ffaa9b79224faf9f2a156b67a529ae861d3287c66c1d8ccfdf909bcba78d?s=96&d=mm&r=g","contentUrl":"https:\/\/secure.gravatar.com\/avatar\/0546ffaa9b79224faf9f2a156b67a529ae861d3287c66c1d8ccfdf909bcba78d?s=96&d=mm&r=g","caption":"Sebastiano Plutino"},"url":"https:\/\/progettotouring.it\/radiotouring104\/author\/sebastiano\/"}]}},"jetpack_publicize_connections":[],"jetpack_featured_media_url":"https:\/\/progettotouring.it\/radiotouring104\/wp-content\/uploads\/sites\/6\/2023\/03\/Convegno-Cigl-Vasta-Area-Autonomia-Differenziata.jpg","jetpack_sharing_enabled":true,"_links":{"self":[{"href":"https:\/\/progettotouring.it\/radiotouring104\/wp-json\/wp\/v2\/posts\/20574","targetHints":{"allow":["GET"]}}],"collection":[{"href":"https:\/\/progettotouring.it\/radiotouring104\/wp-json\/wp\/v2\/posts"}],"about":[{"href":"https:\/\/progettotouring.it\/radiotouring104\/wp-json\/wp\/v2\/types\/post"}],"author":[{"embeddable":true,"href":"https:\/\/progettotouring.it\/radiotouring104\/wp-json\/wp\/v2\/users\/12"}],"replies":[{"embeddable":true,"href":"https:\/\/progettotouring.it\/radiotouring104\/wp-json\/wp\/v2\/comments?post=20574"}],"version-history":[{"count":1,"href":"https:\/\/progettotouring.it\/radiotouring104\/wp-json\/wp\/v2\/posts\/20574\/revisions"}],"predecessor-version":[{"id":20576,"href":"https:\/\/progettotouring.it\/radiotouring104\/wp-json\/wp\/v2\/posts\/20574\/revisions\/20576"}],"wp:featuredmedia":[{"embeddable":true,"href":"https:\/\/progettotouring.it\/radiotouring104\/wp-json\/wp\/v2\/media\/20575"}],"wp:attachment":[{"href":"https:\/\/progettotouring.it\/radiotouring104\/wp-json\/wp\/v2\/media?parent=20574"}],"wp:term":[{"taxonomy":"category","embeddable":true,"href":"https:\/\/progettotouring.it\/radiotouring104\/wp-json\/wp\/v2\/categories?post=20574"},{"taxonomy":"post_tag","embeddable":true,"href":"https:\/\/progettotouring.it\/radiotouring104\/wp-json\/wp\/v2\/tags?post=20574"}],"curies":[{"name":"wp","href":"https:\/\/api.w.org\/{rel}","templated":true}]}}