{"id":20577,"date":"2023-03-10T12:56:21","date_gmt":"2023-03-10T11:56:21","guid":{"rendered":"https:\/\/progettotouring.it\/radiotouring104\/?p=20577"},"modified":"2023-03-10T15:17:02","modified_gmt":"2023-03-10T14:17:02","slug":"nei-supermercati-di-caulonia-marina-attivo-il-carrello-della-solidarieta","status":"publish","type":"post","link":"https:\/\/progettotouring.it\/radiotouring104\/2023\/03\/10\/nei-supermercati-di-caulonia-marina-attivo-il-carrello-della-solidarieta\/","title":{"rendered":"Nei supermercati di Caulonia Marina attivo il \u201ccarrello della solidariet\u00e0\u201d"},"content":{"rendered":"<p>La Cooperativa Sankara e la Rete delle Comunit\u00e0 Solidali, da sempre attente alle problematiche del territorio locale, ritengono che la catena virtuosa della solidariet\u00e0 possa fare la differenza ed alleviare situazioni di disagio che spesso restano invisibili o inascoltate. Negli anni con le iniziative dei pacchi alimentari, con la distribuzione di vestiario e calzature ed in ultima istanza, con l\u2019iniziativa \u2018\u2019Natale Solidale\u2019\u2019 si \u00e8 riusciti a dare risposte sicuramente piccole ma ugualmente<br \/>\nimportanti per le famiglie che ne avevano bisogno. Nel mese di dicembre l\u2019iniziativa \u201cSpesa Solidale\u201d, accolta e sostenuta dal supermercato Conad City di Caulonia Marina che si \u00e8 messo a disposizione come punto di raccolta di generi alimentari, ha consentito di donare generi alimentari a 12 famiglie del territorio, distribuite dai volontari. Da parte delle famiglie destinatarie degli aiuti e da tutti noi, un grazie sentito per la disponibilit\u00e0 dell\u2019esercizio commerciale.<br \/>\nDurante il periodo natalizio tutti i collaboratori e volontari hanno constatato che le famiglie in difficolt\u00e0 sono sempre di pi\u00f9 e per questo un impegno duraturo e continuativo nell\u2019arco dell\u2019intero anno rappresenterebbe un aiuto concreto per quanti vivono in situazioni di svantaggio.<br \/>\nE\u2019 per questo che da oggi, grazie alla disponibilit\u00e0 dei supermercati ConT\u00e9 di To&amp;Vi, Conad City e al negozio di alimentari di Frammartino Ilario sul territorio di Caulonia Marina, con piccoli gesti, sar\u00e0 possibile dare aiuto a quanti ne avranno bisogno. Cogliamo fin da ora l\u2019occasione per ringraziare questi esercenti che si sono dimostrati sensibili e disponibili verso il prossimo in condizioni di disagio.<br \/>\nSar\u00e0 possibile donare nell\u2019apposito carrello della solidariet\u00e0, generi alimentari a lunga conservazione, che una volta al mese verranno ritirati, suddivisi e distribuiti dai collaboratori e volontari della Cooperativa Sankara, di Recosol e associazione Gnoseon alle famiglie individuate.<br \/>\nLa comunit\u00e0 cauloniese si \u00e8 sempre dimostrata ricettiva nei confronti delle tematiche di solidariet\u00e0 e per questo \u00e8 invitata anche questa volta a dare il suo contributo.<br \/>\nPer sostenere le attivit\u00e0 sociali e solidali che la Cooperativa Sankara realizza \u00e8 inoltre possibile destinare il 5&#215;1000 nella dichiarazione dei redditi, indicando il Codice Fiscale 9003247800.<\/p>\n","protected":false},"excerpt":{"rendered":"<p>La Cooperativa Sankara e la Rete delle Comunit\u00e0 Solidali, da sempre attente alle problematiche del territorio locale, ritengono che la catena virtuosa della solidariet\u00e0 possa fare la differenza ed alleviare&hellip;<\/p>\n","protected":false},"author":12,"featured_media":0,"comment_status":"closed","ping_status":"open","sticky":false,"template":"","format":"standard","meta":{"_jetpack_memberships_contains_paid_content":false,"footnotes":"","jetpack_publicize_message":"","jetpack_publicize_feature_enabled":true,"jetpack_social_post_already_shared":false,"jetpack_social_options":{"image_generator_settings":{"template":"highway","default_image_id":0,"font":"","enabled":false},"version":2}},"categories":[921,196,140],"tags":[11265,11264,11267,4992,11268,5235,11266],"class_list":["post-20577","post","type-post","status-publish","format-standard","hentry","category-home","category-news","category-reggio-calabria","tag-carrello-della-solidarieta","tag-caulonia-marina","tag-conad-city","tag-cooperativa-sankara","tag-negozio-di-alimentari-di-frammartino-ilario","tag-re-co-sol","tag-supermercati-conte-di-tovi"],"yoast_head":"<!-- This site is optimized with the Yoast SEO plugin v27.2 - https:\/\/yoast.com\/product\/yoast-seo-wordpress\/ -->\n<title>Caulonia Marina, attivo il \u201ccarrello della solidariet\u00e0\u201d<\/title>\n<meta name=\"description\" content=\"Iniziativa solidale dei supermercati ConT\u00e9 di To&amp;Vi, Conad City e al negozio di alimentari di Frammartino Ilario a Caulonia Marina\" \/>\n<meta name=\"robots\" content=\"index, follow, max-snippet:-1, max-image-preview:large, max-video-preview:-1\" \/>\n<link rel=\"canonical\" href=\"https:\/\/progettotouring.it\/radiotouring104\/2023\/03\/10\/nei-supermercati-di-caulonia-marina-attivo-il-carrello-della-solidarieta\/\" \/>\n<meta property=\"og:locale\" content=\"it_IT\" \/>\n<meta property=\"og:type\" content=\"article\" \/>\n<meta property=\"og:title\" content=\"Caulonia Marina, attivo il \u201ccarrello della solidariet\u00e0\u201d\" \/>\n<meta property=\"og:description\" content=\"Iniziativa solidale dei supermercati ConT\u00e9 di To&amp;Vi, Conad City e al negozio di alimentari di Frammartino Ilario a Caulonia Marina\" \/>\n<meta property=\"og:url\" content=\"https:\/\/progettotouring.it\/radiotouring104\/2023\/03\/10\/nei-supermercati-di-caulonia-marina-attivo-il-carrello-della-solidarieta\/\" \/>\n<meta property=\"og:site_name\" content=\"Radio Touring 104\" \/>\n<meta property=\"article:published_time\" content=\"2023-03-10T11:56:21+00:00\" \/>\n<meta property=\"article:modified_time\" content=\"2023-03-10T14:17:02+00:00\" \/>\n<meta name=\"author\" content=\"Sebastiano Plutino\" \/>\n<meta name=\"twitter:card\" content=\"summary_large_image\" \/>\n<meta name=\"twitter:label1\" content=\"Scritto da\" \/>\n\t<meta name=\"twitter:data1\" content=\"Sebastiano Plutino\" \/>\n\t<meta name=\"twitter:label2\" content=\"Tempo di lettura stimato\" \/>\n\t<meta name=\"twitter:data2\" content=\"2 minuti\" \/>\n<script type=\"application\/ld+json\" class=\"yoast-schema-graph\">{\"@context\":\"https:\/\/schema.org\",\"@graph\":[{\"@type\":\"Article\",\"@id\":\"https:\/\/progettotouring.it\/radiotouring104\/2023\/03\/10\/nei-supermercati-di-caulonia-marina-attivo-il-carrello-della-solidarieta\/#article\",\"isPartOf\":{\"@id\":\"https:\/\/progettotouring.it\/radiotouring104\/2023\/03\/10\/nei-supermercati-di-caulonia-marina-attivo-il-carrello-della-solidarieta\/\"},\"author\":{\"name\":\"Sebastiano Plutino\",\"@id\":\"https:\/\/progettotouring.it\/radiotouring104\/#\/schema\/person\/78613917f1851f041f7483f5af1d422e\"},\"headline\":\"Nei supermercati di Caulonia Marina attivo il \u201ccarrello della solidariet\u00e0\u201d\",\"datePublished\":\"2023-03-10T11:56:21+00:00\",\"dateModified\":\"2023-03-10T14:17:02+00:00\",\"mainEntityOfPage\":{\"@id\":\"https:\/\/progettotouring.it\/radiotouring104\/2023\/03\/10\/nei-supermercati-di-caulonia-marina-attivo-il-carrello-della-solidarieta\/\"},\"wordCount\":352,\"publisher\":{\"@id\":\"https:\/\/progettotouring.it\/radiotouring104\/#organization\"},\"keywords\":[\"\u201ccarrello della solidariet\u00e0\u201d\",\"Caulonia Marina\",\"Conad City\",\"Cooperativa Sankara\",\"negozio di alimentari di Frammartino Ilario\",\"Re.Co.Sol.\",\"supermercati ConT\u00e9 di To&amp;Vi\"],\"articleSection\":[\"Home\",\"News\",\"Reggio Calabria\"],\"inLanguage\":\"it-IT\"},{\"@type\":\"WebPage\",\"@id\":\"https:\/\/progettotouring.it\/radiotouring104\/2023\/03\/10\/nei-supermercati-di-caulonia-marina-attivo-il-carrello-della-solidarieta\/\",\"url\":\"https:\/\/progettotouring.it\/radiotouring104\/2023\/03\/10\/nei-supermercati-di-caulonia-marina-attivo-il-carrello-della-solidarieta\/\",\"name\":\"Caulonia Marina, attivo il \u201ccarrello della solidariet\u00e0\u201d\",\"isPartOf\":{\"@id\":\"https:\/\/progettotouring.it\/radiotouring104\/#website\"},\"datePublished\":\"2023-03-10T11:56:21+00:00\",\"dateModified\":\"2023-03-10T14:17:02+00:00\",\"description\":\"Iniziativa solidale dei supermercati ConT\u00e9 di To&Vi, Conad City e al negozio di alimentari di Frammartino Ilario a Caulonia Marina\",\"breadcrumb\":{\"@id\":\"https:\/\/progettotouring.it\/radiotouring104\/2023\/03\/10\/nei-supermercati-di-caulonia-marina-attivo-il-carrello-della-solidarieta\/#breadcrumb\"},\"inLanguage\":\"it-IT\",\"potentialAction\":[{\"@type\":\"ReadAction\",\"target\":[\"https:\/\/progettotouring.it\/radiotouring104\/2023\/03\/10\/nei-supermercati-di-caulonia-marina-attivo-il-carrello-della-solidarieta\/\"]}]},{\"@type\":\"BreadcrumbList\",\"@id\":\"https:\/\/progettotouring.it\/radiotouring104\/2023\/03\/10\/nei-supermercati-di-caulonia-marina-attivo-il-carrello-della-solidarieta\/#breadcrumb\",\"itemListElement\":[{\"@type\":\"ListItem\",\"position\":1,\"name\":\"Home\",\"item\":\"https:\/\/progettotouring.it\/radiotouring104\/\"},{\"@type\":\"ListItem\",\"position\":2,\"name\":\"Nei supermercati di Caulonia Marina attivo il \u201ccarrello della solidariet\u00e0\u201d\"}]},{\"@type\":\"WebSite\",\"@id\":\"https:\/\/progettotouring.it\/radiotouring104\/#website\",\"url\":\"https:\/\/progettotouring.it\/radiotouring104\/\",\"name\":\"Radio Touring 104\",\"description\":\"La prima radio Reggina\",\"publisher\":{\"@id\":\"https:\/\/progettotouring.it\/radiotouring104\/#organization\"},\"potentialAction\":[{\"@type\":\"SearchAction\",\"target\":{\"@type\":\"EntryPoint\",\"urlTemplate\":\"https:\/\/progettotouring.it\/radiotouring104\/?s={search_term_string}\"},\"query-input\":{\"@type\":\"PropertyValueSpecification\",\"valueRequired\":true,\"valueName\":\"search_term_string\"}}],\"inLanguage\":\"it-IT\"},{\"@type\":\"Organization\",\"@id\":\"https:\/\/progettotouring.it\/radiotouring104\/#organization\",\"name\":\"Radio Touring 104\",\"url\":\"https:\/\/progettotouring.it\/radiotouring104\/\",\"logo\":{\"@type\":\"ImageObject\",\"inLanguage\":\"it-IT\",\"@id\":\"https:\/\/progettotouring.it\/radiotouring104\/#\/schema\/logo\/image\/\",\"url\":\"https:\/\/progettotouring.it\/radiotouring104\/wp-content\/uploads\/sites\/6\/2022\/02\/cropped-logo-radio-touring-104.png\",\"contentUrl\":\"https:\/\/progettotouring.it\/radiotouring104\/wp-content\/uploads\/sites\/6\/2022\/02\/cropped-logo-radio-touring-104.png\",\"width\":377,\"height\":182,\"caption\":\"Radio Touring 104\"},\"image\":{\"@id\":\"https:\/\/progettotouring.it\/radiotouring104\/#\/schema\/logo\/image\/\"}},{\"@type\":\"Person\",\"@id\":\"https:\/\/progettotouring.it\/radiotouring104\/#\/schema\/person\/78613917f1851f041f7483f5af1d422e\",\"name\":\"Sebastiano Plutino\",\"image\":{\"@type\":\"ImageObject\",\"inLanguage\":\"it-IT\",\"@id\":\"https:\/\/secure.gravatar.com\/avatar\/0546ffaa9b79224faf9f2a156b67a529ae861d3287c66c1d8ccfdf909bcba78d?s=96&d=mm&r=g\",\"url\":\"https:\/\/secure.gravatar.com\/avatar\/0546ffaa9b79224faf9f2a156b67a529ae861d3287c66c1d8ccfdf909bcba78d?s=96&d=mm&r=g\",\"contentUrl\":\"https:\/\/secure.gravatar.com\/avatar\/0546ffaa9b79224faf9f2a156b67a529ae861d3287c66c1d8ccfdf909bcba78d?s=96&d=mm&r=g\",\"caption\":\"Sebastiano Plutino\"},\"url\":\"https:\/\/progettotouring.it\/radiotouring104\/author\/sebastiano\/\"}]}<\/script>\n<!-- \/ Yoast SEO plugin. -->","yoast_head_json":{"title":"Caulonia Marina, attivo il \u201ccarrello della solidariet\u00e0\u201d","description":"Iniziativa solidale dei supermercati ConT\u00e9 di To&Vi, Conad City e al negozio di alimentari di Frammartino Ilario a Caulonia Marina","robots":{"index":"index","follow":"follow","max-snippet":"max-snippet:-1","max-image-preview":"max-image-preview:large","max-video-preview":"max-video-preview:-1"},"canonical":"https:\/\/progettotouring.it\/radiotouring104\/2023\/03\/10\/nei-supermercati-di-caulonia-marina-attivo-il-carrello-della-solidarieta\/","og_locale":"it_IT","og_type":"article","og_title":"Caulonia Marina, attivo il \u201ccarrello della solidariet\u00e0\u201d","og_description":"Iniziativa solidale dei supermercati ConT\u00e9 di To&Vi, Conad City e al negozio di alimentari di Frammartino Ilario a Caulonia Marina","og_url":"https:\/\/progettotouring.it\/radiotouring104\/2023\/03\/10\/nei-supermercati-di-caulonia-marina-attivo-il-carrello-della-solidarieta\/","og_site_name":"Radio Touring 104","article_published_time":"2023-03-10T11:56:21+00:00","article_modified_time":"2023-03-10T14:17:02+00:00","author":"Sebastiano Plutino","twitter_card":"summary_large_image","twitter_misc":{"Scritto da":"Sebastiano Plutino","Tempo di lettura stimato":"2 minuti"},"schema":{"@context":"https:\/\/schema.org","@graph":[{"@type":"Article","@id":"https:\/\/progettotouring.it\/radiotouring104\/2023\/03\/10\/nei-supermercati-di-caulonia-marina-attivo-il-carrello-della-solidarieta\/#article","isPartOf":{"@id":"https:\/\/progettotouring.it\/radiotouring104\/2023\/03\/10\/nei-supermercati-di-caulonia-marina-attivo-il-carrello-della-solidarieta\/"},"author":{"name":"Sebastiano Plutino","@id":"https:\/\/progettotouring.it\/radiotouring104\/#\/schema\/person\/78613917f1851f041f7483f5af1d422e"},"headline":"Nei supermercati di Caulonia Marina attivo il \u201ccarrello della solidariet\u00e0\u201d","datePublished":"2023-03-10T11:56:21+00:00","dateModified":"2023-03-10T14:17:02+00:00","mainEntityOfPage":{"@id":"https:\/\/progettotouring.it\/radiotouring104\/2023\/03\/10\/nei-supermercati-di-caulonia-marina-attivo-il-carrello-della-solidarieta\/"},"wordCount":352,"publisher":{"@id":"https:\/\/progettotouring.it\/radiotouring104\/#organization"},"keywords":["\u201ccarrello della solidariet\u00e0\u201d","Caulonia Marina","Conad City","Cooperativa Sankara","negozio di alimentari di Frammartino Ilario","Re.Co.Sol.","supermercati ConT\u00e9 di To&amp;Vi"],"articleSection":["Home","News","Reggio Calabria"],"inLanguage":"it-IT"},{"@type":"WebPage","@id":"https:\/\/progettotouring.it\/radiotouring104\/2023\/03\/10\/nei-supermercati-di-caulonia-marina-attivo-il-carrello-della-solidarieta\/","url":"https:\/\/progettotouring.it\/radiotouring104\/2023\/03\/10\/nei-supermercati-di-caulonia-marina-attivo-il-carrello-della-solidarieta\/","name":"Caulonia Marina, attivo il \u201ccarrello della solidariet\u00e0\u201d","isPartOf":{"@id":"https:\/\/progettotouring.it\/radiotouring104\/#website"},"datePublished":"2023-03-10T11:56:21+00:00","dateModified":"2023-03-10T14:17:02+00:00","description":"Iniziativa solidale dei supermercati ConT\u00e9 di To&Vi, Conad City e al negozio di alimentari di Frammartino Ilario a Caulonia Marina","breadcrumb":{"@id":"https:\/\/progettotouring.it\/radiotouring104\/2023\/03\/10\/nei-supermercati-di-caulonia-marina-attivo-il-carrello-della-solidarieta\/#breadcrumb"},"inLanguage":"it-IT","potentialAction":[{"@type":"ReadAction","target":["https:\/\/progettotouring.it\/radiotouring104\/2023\/03\/10\/nei-supermercati-di-caulonia-marina-attivo-il-carrello-della-solidarieta\/"]}]},{"@type":"BreadcrumbList","@id":"https:\/\/progettotouring.it\/radiotouring104\/2023\/03\/10\/nei-supermercati-di-caulonia-marina-attivo-il-carrello-della-solidarieta\/#breadcrumb","itemListElement":[{"@type":"ListItem","position":1,"name":"Home","item":"https:\/\/progettotouring.it\/radiotouring104\/"},{"@type":"ListItem","position":2,"name":"Nei supermercati di Caulonia Marina attivo il \u201ccarrello della solidariet\u00e0\u201d"}]},{"@type":"WebSite","@id":"https:\/\/progettotouring.it\/radiotouring104\/#website","url":"https:\/\/progettotouring.it\/radiotouring104\/","name":"Radio Touring 104","description":"La prima radio Reggina","publisher":{"@id":"https:\/\/progettotouring.it\/radiotouring104\/#organization"},"potentialAction":[{"@type":"SearchAction","target":{"@type":"EntryPoint","urlTemplate":"https:\/\/progettotouring.it\/radiotouring104\/?s={search_term_string}"},"query-input":{"@type":"PropertyValueSpecification","valueRequired":true,"valueName":"search_term_string"}}],"inLanguage":"it-IT"},{"@type":"Organization","@id":"https:\/\/progettotouring.it\/radiotouring104\/#organization","name":"Radio Touring 104","url":"https:\/\/progettotouring.it\/radiotouring104\/","logo":{"@type":"ImageObject","inLanguage":"it-IT","@id":"https:\/\/progettotouring.it\/radiotouring104\/#\/schema\/logo\/image\/","url":"https:\/\/progettotouring.it\/radiotouring104\/wp-content\/uploads\/sites\/6\/2022\/02\/cropped-logo-radio-touring-104.png","contentUrl":"https:\/\/progettotouring.it\/radiotouring104\/wp-content\/uploads\/sites\/6\/2022\/02\/cropped-logo-radio-touring-104.png","width":377,"height":182,"caption":"Radio Touring 104"},"image":{"@id":"https:\/\/progettotouring.it\/radiotouring104\/#\/schema\/logo\/image\/"}},{"@type":"Person","@id":"https:\/\/progettotouring.it\/radiotouring104\/#\/schema\/person\/78613917f1851f041f7483f5af1d422e","name":"Sebastiano Plutino","image":{"@type":"ImageObject","inLanguage":"it-IT","@id":"https:\/\/secure.gravatar.com\/avatar\/0546ffaa9b79224faf9f2a156b67a529ae861d3287c66c1d8ccfdf909bcba78d?s=96&d=mm&r=g","url":"https:\/\/secure.gravatar.com\/avatar\/0546ffaa9b79224faf9f2a156b67a529ae861d3287c66c1d8ccfdf909bcba78d?s=96&d=mm&r=g","contentUrl":"https:\/\/secure.gravatar.com\/avatar\/0546ffaa9b79224faf9f2a156b67a529ae861d3287c66c1d8ccfdf909bcba78d?s=96&d=mm&r=g","caption":"Sebastiano Plutino"},"url":"https:\/\/progettotouring.it\/radiotouring104\/author\/sebastiano\/"}]}},"jetpack_publicize_connections":[],"jetpack_featured_media_url":"","jetpack_sharing_enabled":true,"_links":{"self":[{"href":"https:\/\/progettotouring.it\/radiotouring104\/wp-json\/wp\/v2\/posts\/20577","targetHints":{"allow":["GET"]}}],"collection":[{"href":"https:\/\/progettotouring.it\/radiotouring104\/wp-json\/wp\/v2\/posts"}],"about":[{"href":"https:\/\/progettotouring.it\/radiotouring104\/wp-json\/wp\/v2\/types\/post"}],"author":[{"embeddable":true,"href":"https:\/\/progettotouring.it\/radiotouring104\/wp-json\/wp\/v2\/users\/12"}],"replies":[{"embeddable":true,"href":"https:\/\/progettotouring.it\/radiotouring104\/wp-json\/wp\/v2\/comments?post=20577"}],"version-history":[{"count":1,"href":"https:\/\/progettotouring.it\/radiotouring104\/wp-json\/wp\/v2\/posts\/20577\/revisions"}],"predecessor-version":[{"id":20579,"href":"https:\/\/progettotouring.it\/radiotouring104\/wp-json\/wp\/v2\/posts\/20577\/revisions\/20579"}],"wp:attachment":[{"href":"https:\/\/progettotouring.it\/radiotouring104\/wp-json\/wp\/v2\/media?parent=20577"}],"wp:term":[{"taxonomy":"category","embeddable":true,"href":"https:\/\/progettotouring.it\/radiotouring104\/wp-json\/wp\/v2\/categories?post=20577"},{"taxonomy":"post_tag","embeddable":true,"href":"https:\/\/progettotouring.it\/radiotouring104\/wp-json\/wp\/v2\/tags?post=20577"}],"curies":[{"name":"wp","href":"https:\/\/api.w.org\/{rel}","templated":true}]}}