{"id":20592,"date":"2023-03-10T14:29:10","date_gmt":"2023-03-10T13:29:10","guid":{"rendered":"https:\/\/progettotouring.it\/radiotouring104\/?p=20592"},"modified":"2023-03-10T14:31:25","modified_gmt":"2023-03-10T13:31:25","slug":"coldiretti-la-strage-della-frutta-italiana","status":"publish","type":"post","link":"https:\/\/progettotouring.it\/radiotouring104\/2023\/03\/10\/coldiretti-la-strage-della-frutta-italiana\/","title":{"rendered":"Coldiretti: &#8220;La strage della frutta italiana&#8221;"},"content":{"rendered":"<p class=\"xmprfx_MsoNormal\">Addio a oltre 100 milioni di piante di frutta fresca in Italia negli ultimi quindici anni con la scomparsa che riguarda tutte le principali produzioni, dalle mele alle pere, dalle pesche alle albicocche, dall\u2019uva da tavola alle ciliegie, dalle arance alle clementine mentre in controtendenza tengono solo il cedro e il bergamotto. E\u2019 quanto emerge dall\u2019analisi presentata in occasione della giornata nazionale della frutta italiana nel villaggio della biodiversit\u00e0 contadina a Cosenza dove sono scesi in piazza i giovani agricoltori della Coldiretti per fermare la strage di piante da frutto che sta provocando la desertificazione dei territori nelle regioni italiane<b> <\/b>con drammatici effetti sui consumi nazionali e sul clima, l\u2019ambiente, il paesaggio e la salute degli italiani.<\/p>\n<p class=\"xmprfx_MsoNormal\">Complessivamente la superficie italiana coltivata a frutta \u2013 sottolinea la Coldiretti \u2013 si \u00e8 ridotta a 560mila ettari con la perdita di oltre centomila ettari rispetto a 15 anni fa con conseguenze sul primato produttivo nazionale in Europa che si estende dalle mele alle pere fresche, dalle ciliegie alle uve da tavola, dai kiwi alle castagne fino al cedro e al bergamotto la cui produzione mondiale si concentra per il 90% in Calabria. La situazione peggiore si registra sulle arance, con 16,4 milioni di alberi abbattuti, sulle pesche, dove sono scomparsi quasi 20 milioni di piante, e sull\u2019uva, dove mancano all\u2019appello 30,4 milioni di viti, secondo la stima Coldiretti. Pesante anche la situazione per nettarine e pere dove ne sono spariti rispettivamente 14,9 milioni e 13,8 milioni.<\/p>\n<p class=\"xmprfx_MsoNormal\">\u00a0Un trend pericoloso anche dal punto di vista ambientale con degrado e all\u2019abbandono che favorisce le alluvioni e le frane. A preoccupare \u00e8 anche l\u2019impatto climatico: le coltivazioni, come le foreste, possono generare benefici ecosistemici che non sono solo la rimozione di CO2 ma, ad esempio, il miglioramento della biodiversit\u00e0 e della qualit\u00e0 dell\u2019aria, secondo un\u2019analisi di Rete Clima. Una pianta adulta \u2013 precisa Coldiretti \u2013 \u00e8 capace di catturare dall\u2019aria dai 100 ai 250 grammi di polveri sottili e un ettaro di piante elimina circa 20 chili di polveri e smog in un anno. In altre parole, quindi con la strage di piante da frutto \u00e8 venuta a meno in Italia la capacit\u00e0 di assorbimento di ben 2 milioni di chili di inquinanti all\u2019anno.<\/p>\n<p class=\"xmprfx_MsoNormal\">Sul settore pesano poi i rincari energetici che spingono i costi correnti per la produzione della frutta che arrivano ad aumentare del 42% con un impatto traumatico sulle aziende agricole.\u00a0 L\u2019impennata dei costi di produzione ha colpito tutte le fasi dell\u2019attivit\u00e0 aziendale \u2013 rileva Coldiretti \u2013 dai carburanti per la movimentazione dei macchinari alle materie prime, dai fertilizzanti agli imballaggi. Gli incrementi non hanno risparmiato neppure la plastica per le vaschette, le retine e le buste, la carta per bollini ed etichette, il cartone ondulato come il legno per le cassette. Senza dimenticare gli effetti dei cambiamenti climatici e il moltiplicarsi degli eventi estremi con danni sui raccolti anche a causa degli insetti e dei patogeni alieni e\u00a0le difficolt\u00e0 di reperimento della manodopera.\u00a0\u00a0A causa del surriscaldamento sono arrivati parassiti \u201calieni\u201d, mai visti prima, che si sono accaniti sulle produzioni nazionali, dal cinipide galligeno che ha decimato le castagne alla Tristeza degli agrumi e molti altri come testimonia la recente la biblica invasione nel Nord Italia della \u201ccimice marmorata asiatica\u201d.<\/p>\n<p class=\"xmprfx_MsoNormal\">Ma a colpire il settore \u00e8 anche la concorrenza sleale delle produzioni straniere \u2013 continua Coldiretti -, con la frutta Made in Italy stretta nella morsa del protezionismo da un lato e del dumping economico e sociale dall\u2019altro. Le pere cinesi Nashi, ad esempio, arrivano regolarmente nel nostro Paese \u2013 rivela Coldiretti -, ma quelle italiane non possono andare in Cina perch\u00e9 non \u00e8 stata ancora concessa l\u2019autorizzazione fitosanitaria. E finch\u00e9 non \u00e8 chiuso il dossier pere non si pu\u00f2 iniziare a parlare di mele, perch\u00e9 \u2013 spiega la Coldiretti \u2013 i cinesi affrontano un dossier alla volta. Ma porte sbarrate anche ai kiwi in Giappone perch\u00e9 non \u00e8 ancora completato il dossier fitosanitario aperto dal 2008, in barba all\u2019accordo di libero scambio Jeta siglato dall\u2019Unione Europea con il governo nipponico.<\/p>\n<p class=\"xmprfx_MsoNormal\">Alle barriere commerciali si aggiungono i danni causati dalla concorrenza sleale \u2013 denuncia Coldiretti \u2013 con quasi 1 prodotto alimentare su 5 importato in Italia che non rispetta le normative in materia di tutela della salute e dell\u2019ambiente o i diritti dei lavoratori vigenti nel nostro Paese, spesso spinto addirittura da agevolazioni e accordi preferenziali stipulati dall\u2019Unione Europea. Un esempio sono le nocciole dalla Turchia, su cui pende l\u2019accusa di sfruttamento del lavoro delle minoranze curde. Ma ci sono anche l\u2019uva dell\u2019Argentina e le banane del Brasile gravati da pesanti accuse del Dipartimento del lavoro Usa per utilizzo del lavoro minorile ma con i quali l\u2019Ue ha comunque avviato l\u2019accordo commerciale di libero scambio Mercosur.<\/p>\n<p class=\"xmprfx_MsoNormal\">\u00a0\u201cE\u2019 necessario che tutti i prodotti che entrano nei confini nazionali ed europei rispettino gli stessi criteri, garantendo che dietro gli alimenti, italiani e stranieri, in vendita sugli scaffali ci sia un analogo percorso di qualit\u00e0 che riguarda l\u2019ambiente, il lavoro e la salute, secondo il principio di reciprocit\u00e0\u201d ha affermato il Presidente della Coldiretti Ettore Prandini. L\u2019export di frutta fresca vale 3,8 miliardi che \u2013 continua Prandini \u2013 potrebbero aumentare se si riuscisse a superare il gap logistico e infrastrutturale con le opportunit\u00e0 offerte dal Pnrr per garantire trasporti efficienti sulla linea ferroviaria e snodi aeroportuali per le merci che ci permettano di portare i nostri prodotti rapidamente da nord a sud del Paese e poi in ogni angolo d\u2019Europa e del mondo\u201d.<\/p>\n<p class=\"xmprfx_MsoNormal\">\u201cLa crisi della frutta italiana mette a rischio non solo la salute dei cittadini ma anche il futuro delle oltre diecimila giovani imprese agricole che hanno scelto di investire nel settore ortofrutticolo, il pi\u00f9 gettonato dagli agricoltori under 35\u201d ha dichiarato la delegata dei giovani della Coldiretti Veronica Barbati nel sottolineare che si tratta di \u201cuna nuova generazione di imprenditori che hanno assicurato in questi anni un apporto importante dal punto di vista dell\u2019innovazione di prodotto e della sostenibilit\u00e0 delle coltivazioni che non possiamo ora permetterci di perdere\u201d.<\/p>\n<p class=\"xmprfx_MsoNormal\">\u00a0\u00a0<b>LA STRAGE DEL FRUTTETO ITALIANO &#8211; SUPERFICIE COLTIVATA IN ETTARI<\/b><\/p>\n<table class=\"xmprfx_MsoNormalTable\" border=\"0\" width=\"100%\" cellspacing=\"0\" cellpadding=\"0\">\n<tbody>\n<tr>\n<td width=\"20%\">\n<p class=\"xmprfx_MsoNormal\"><b>\u00a0<\/b><\/p>\n<\/td>\n<td width=\"20%\">\n<p class=\"xmprfx_MsoNormal\"><b>2008<\/b><\/p>\n<\/td>\n<td width=\"20%\">\n<p class=\"xmprfx_MsoNormal\"><b>2022<\/b><\/p>\n<\/td>\n<td width=\"20%\">\n<p class=\"xmprfx_MsoNormal\"><b>DIFFERENZA IN<\/b><b> %<\/b><\/p>\n<\/td>\n<td width=\"20%\">\n<p class=\"xmprfx_MsoNormal\"><b>PIANTE PERSE<\/b><\/p>\n<\/td>\n<\/tr>\n<tr>\n<td>\n<p class=\"xmprfx_MsoNormal\"><b>Melo<\/b><\/p>\n<\/td>\n<td>\n<p class=\"xmprfx_MsoNormal\">59.132<\/p>\n<\/td>\n<td>\n<p class=\"xmprfx_MsoNormal\">59.050<\/p>\n<\/td>\n<td>\n<p class=\"xmprfx_MsoNormal\">-0,13%<\/p>\n<\/td>\n<td>\n<p class=\"xmprfx_MsoNormal\">80.000<\/p>\n<\/td>\n<\/tr>\n<tr>\n<td>\n<p class=\"xmprfx_MsoNormal\"><b>Pero<\/b><\/p>\n<\/td>\n<td>\n<p class=\"xmprfx_MsoNormal\">40.696<\/p>\n<\/td>\n<td>\n<p class=\"xmprfx_MsoNormal\">26.867<\/p>\n<\/td>\n<td>\n<p class=\"xmprfx_MsoNormal\">-34%<\/p>\n<\/td>\n<td>\n<p class=\"xmprfx_MsoNormal\">13.800.000<\/p>\n<\/td>\n<\/tr>\n<tr>\n<td>\n<p class=\"xmprfx_MsoNormal\"><b>Pesche<\/b><\/p>\n<\/td>\n<td>\n<p class=\"xmprfx_MsoNormal\">60.115<\/p>\n<\/td>\n<td>\n<p class=\"xmprfx_MsoNormal\">40.187<\/p>\n<\/td>\n<td>\n<p class=\"xmprfx_MsoNormal\">-33%<\/p>\n<\/td>\n<td>\n<p class=\"xmprfx_MsoNormal\">19.900.000<\/p>\n<\/td>\n<\/tr>\n<tr>\n<td>\n<p class=\"xmprfx_MsoNormal\"><b>Nettarine<\/b><\/p>\n<\/td>\n<td>\n<p class=\"xmprfx_MsoNormal\">32.992<\/p>\n<\/td>\n<td>\n<p class=\"xmprfx_MsoNormal\">18.115<\/p>\n<\/td>\n<td>\n<p class=\"xmprfx_MsoNormal\">-45%<\/p>\n<\/td>\n<td>\n<p class=\"xmprfx_MsoNormal\">14.900.000<\/p>\n<\/td>\n<\/tr>\n<tr>\n<td>\n<p class=\"xmprfx_MsoNormal\"><b>Albicocche<\/b><\/p>\n<\/td>\n<td>\n<p class=\"xmprfx_MsoNormal\">18.582<\/p>\n<\/td>\n<td>\n<p class=\"xmprfx_MsoNormal\">18.308<\/p>\n<\/td>\n<td>\n<p class=\"xmprfx_MsoNormal\">-1,5%<\/p>\n<\/td>\n<td>\n<p class=\"xmprfx_MsoNormal\">300.000<\/p>\n<\/td>\n<\/tr>\n<tr>\n<td>\n<p class=\"xmprfx_MsoNormal\"><b>Ciliegie<\/b><\/p>\n<\/td>\n<td>\n<p class=\"xmprfx_MsoNormal\">29.732<\/p>\n<\/td>\n<td>\n<p class=\"xmprfx_MsoNormal\">29.430<\/p>\n<\/td>\n<td>\n<p class=\"xmprfx_MsoNormal\">-1%<\/p>\n<\/td>\n<td>\n<p class=\"xmprfx_MsoNormal\">300.000<\/p>\n<\/td>\n<\/tr>\n<tr>\n<td>\n<p class=\"xmprfx_MsoNormal\"><b>Susino<\/b><\/p>\n<\/td>\n<td>\n<p class=\"xmprfx_MsoNormal\">14.516<\/p>\n<\/td>\n<td>\n<p class=\"xmprfx_MsoNormal\">12.840<\/p>\n<\/td>\n<td>\n<p class=\"xmprfx_MsoNormal\">-11,5%<\/p>\n<\/td>\n<td>\n<p class=\"xmprfx_MsoNormal\">1.700.000<\/p>\n<\/td>\n<\/tr>\n<tr>\n<td>\n<p class=\"xmprfx_MsoNormal\"><b>Uva da tavola<\/b><\/p>\n<\/td>\n<td>\n<p class=\"xmprfx_MsoNormal\">70.871<\/p>\n<\/td>\n<td>\n<p class=\"xmprfx_MsoNormal\">40.426<\/p>\n<\/td>\n<td>\n<p class=\"xmprfx_MsoNormal\">-43%<\/p>\n<\/td>\n<td>\n<p class=\"xmprfx_MsoNormal\">30.400.000<\/p>\n<\/td>\n<\/tr>\n<tr>\n<td>\n<p class=\"xmprfx_MsoNormal\"><b>Arance<\/b><\/p>\n<\/td>\n<td>\n<p class=\"xmprfx_MsoNormal\">100.631<\/p>\n<\/td>\n<td>\n<p class=\"xmprfx_MsoNormal\">84.252<\/p>\n<\/td>\n<td>\n<p class=\"xmprfx_MsoNormal\">-16,3%<\/p>\n<\/td>\n<td>\n<p class=\"xmprfx_MsoNormal\">16.400.000<\/p>\n<\/td>\n<\/tr>\n<tr>\n<td>\n<p class=\"xmprfx_MsoNormal\"><b>Clementine<\/b><\/p>\n<\/td>\n<td>\n<p class=\"xmprfx_MsoNormal\">27.920<\/p>\n<\/td>\n<td>\n<p class=\"xmprfx_MsoNormal\">25.387<\/p>\n<\/td>\n<td>\n<p class=\"xmprfx_MsoNormal\">-9%<\/p>\n<\/td>\n<td>\n<p class=\"xmprfx_MsoNormal\">2.500.000<\/p>\n<\/td>\n<\/tr>\n<tr>\n<td>\n<p class=\"xmprfx_MsoNormal\"><b>Limoni<\/b><\/p>\n<\/td>\n<td>\n<p class=\"xmprfx_MsoNormal\">26.793<\/p>\n<\/td>\n<td>\n<p class=\"xmprfx_MsoNormal\">25.641<\/p>\n<\/td>\n<td>\n<p class=\"xmprfx_MsoNormal\">-4,3%<\/p>\n<\/td>\n<td>\n<p class=\"xmprfx_MsoNormal\">1.200.000<\/p>\n<\/td>\n<\/tr>\n<tr>\n<td>\n<p class=\"xmprfx_MsoNormal\"><b>Mandarini<\/b><\/p>\n<\/td>\n<td>\n<p class=\"xmprfx_MsoNormal\">9.489<\/p>\n<\/td>\n<td>\n<p class=\"xmprfx_MsoNormal\">7.581<\/p>\n<\/td>\n<td>\n<p class=\"xmprfx_MsoNormal\">-20%<\/p>\n<\/td>\n<td>\n<p class=\"xmprfx_MsoNormal\">1.900.000<\/p>\n<\/td>\n<\/tr>\n<tr>\n<td>\n<p class=\"xmprfx_MsoNormal\"><b>Totale<\/b><\/p>\n<\/td>\n<td>\n<p class=\"xmprfx_MsoNormal\"><b>665.754<\/b><\/p>\n<\/td>\n<td>\n<p class=\"xmprfx_MsoNormal\"><b>563.890<\/b><\/p>\n<\/td>\n<td>\n<p class=\"xmprfx_MsoNormal\"><b>-15,3%<\/b><\/p>\n<\/td>\n<td>\n<p class=\"xmprfx_MsoNormal\"><b>103.380.000<\/b><\/p>\n<\/td>\n<\/tr>\n<\/tbody>\n<\/table>\n<p class=\"xmprfx_MsoNormal\">Fonte: Elaborazioni Coldiretti su dati Istat<\/p>\n<p class=\"xmprfx_MsoNormal\">10 marzo 2023\u00a0\u00a0\u00a0\u00a0\u00a0\u00a0\u00a0\u00a0\u00a0\u00a0\u00a0\u00a0\u00a0\u00a0\u00a0\u00a0\u00a0\u00a0\u00a0\u00a0\u00a0\u00a0\u00a0\u00a0\u00a0\u00a0\u00a0\u00a0\u00a0\u00a0\u00a0\u00a0\u00a0\u00a0\u00a0\u00a0\u00a0\u00a0\u00a0\u00a0\u00a0\u00a0\u00a0\u00a0\u00a0\u00a0 \u00a0\u00a0 \u00a0Ufficio Stampa Coldiretti Calabria<\/p>\n","protected":false},"excerpt":{"rendered":"<p>Addio a oltre 100 milioni di piante di frutta fresca in Italia negli ultimi quindici anni con la scomparsa che riguarda tutte le principali produzioni, dalle mele alle pere, dalle&hellip;<\/p>\n","protected":false},"author":13,"featured_media":20593,"comment_status":"closed","ping_status":"open","sticky":false,"template":"","format":"standard","meta":{"_jetpack_memberships_contains_paid_content":false,"footnotes":"","jetpack_publicize_message":"","jetpack_publicize_feature_enabled":true,"jetpack_social_post_already_shared":false,"jetpack_social_options":{"image_generator_settings":{"template":"highway","default_image_id":0,"font":"","enabled":false},"version":2}},"categories":[142,921,196],"tags":[9340,9137,11285,11282,11284,11283],"class_list":["post-20592","post","type-post","status-publish","format-standard","has-post-thumbnail","hentry","category-calabria","category-home","category-news","tag-coldiretti-cosenza","tag-crisi-climatica","tag-imprese-settore-ortofrutticolo","tag-protesta-giovani-agricoltori","tag-rincari-energetici","tag-scomparsa-piante-da-frutto"],"yoast_head":"<!-- This site is optimized with the Yoast SEO plugin v27.2 - https:\/\/yoast.com\/product\/yoast-seo-wordpress\/ -->\n<title>Coldiretti: &quot;La strage della frutta italiana&quot;<\/title>\n<meta name=\"description\" content=\"A Cosenza i giovani agricoltori scendono in piazza perch\u00e9 la scomparsa delle piante da frutto compromette salute e ambiente\" \/>\n<meta name=\"robots\" content=\"index, follow, max-snippet:-1, max-image-preview:large, max-video-preview:-1\" \/>\n<link rel=\"canonical\" href=\"https:\/\/progettotouring.it\/radiotouring104\/2023\/03\/10\/coldiretti-la-strage-della-frutta-italiana\/\" \/>\n<meta property=\"og:locale\" content=\"it_IT\" \/>\n<meta property=\"og:type\" content=\"article\" \/>\n<meta property=\"og:title\" content=\"Coldiretti: &quot;La strage della frutta italiana&quot;\" \/>\n<meta property=\"og:description\" content=\"A Cosenza i giovani agricoltori scendono in piazza perch\u00e9 la scomparsa delle piante da frutto compromette salute e ambiente\" \/>\n<meta property=\"og:url\" content=\"https:\/\/progettotouring.it\/radiotouring104\/2023\/03\/10\/coldiretti-la-strage-della-frutta-italiana\/\" \/>\n<meta property=\"og:site_name\" content=\"Radio Touring 104\" \/>\n<meta property=\"article:published_time\" content=\"2023-03-10T13:29:10+00:00\" \/>\n<meta property=\"article:modified_time\" content=\"2023-03-10T13:31:25+00:00\" \/>\n<meta property=\"og:image\" content=\"https:\/\/progettotouring.it\/radiotouring104\/wp-content\/uploads\/sites\/6\/2023\/03\/sosfrutta.jpg\" \/>\n\t<meta property=\"og:image:width\" content=\"1280\" \/>\n\t<meta property=\"og:image:height\" content=\"720\" \/>\n\t<meta property=\"og:image:type\" content=\"image\/jpeg\" \/>\n<meta name=\"author\" content=\"Helena Pedone\" \/>\n<meta name=\"twitter:card\" content=\"summary_large_image\" \/>\n<meta name=\"twitter:label1\" content=\"Scritto da\" \/>\n\t<meta name=\"twitter:data1\" content=\"Helena Pedone\" \/>\n\t<meta name=\"twitter:label2\" content=\"Tempo di lettura stimato\" \/>\n\t<meta name=\"twitter:data2\" content=\"5 minuti\" \/>\n<script type=\"application\/ld+json\" class=\"yoast-schema-graph\">{\"@context\":\"https:\/\/schema.org\",\"@graph\":[{\"@type\":\"Article\",\"@id\":\"https:\/\/progettotouring.it\/radiotouring104\/2023\/03\/10\/coldiretti-la-strage-della-frutta-italiana\/#article\",\"isPartOf\":{\"@id\":\"https:\/\/progettotouring.it\/radiotouring104\/2023\/03\/10\/coldiretti-la-strage-della-frutta-italiana\/\"},\"author\":{\"name\":\"Helena Pedone\",\"@id\":\"https:\/\/progettotouring.it\/radiotouring104\/#\/schema\/person\/8458ed437f4094f881aab8e4cc572684\"},\"headline\":\"Coldiretti: &#8220;La strage della frutta italiana&#8221;\",\"datePublished\":\"2023-03-10T13:29:10+00:00\",\"dateModified\":\"2023-03-10T13:31:25+00:00\",\"mainEntityOfPage\":{\"@id\":\"https:\/\/progettotouring.it\/radiotouring104\/2023\/03\/10\/coldiretti-la-strage-della-frutta-italiana\/\"},\"wordCount\":1045,\"publisher\":{\"@id\":\"https:\/\/progettotouring.it\/radiotouring104\/#organization\"},\"image\":{\"@id\":\"https:\/\/progettotouring.it\/radiotouring104\/2023\/03\/10\/coldiretti-la-strage-della-frutta-italiana\/#primaryimage\"},\"thumbnailUrl\":\"https:\/\/progettotouring.it\/radiotouring104\/wp-content\/uploads\/sites\/6\/2023\/03\/sosfrutta.jpg\",\"keywords\":[\"Coldiretti Cosenza\",\"crisi climatica\",\"Imprese settore ortofrutticolo\",\"Protesta giovani agricoltori\",\"Rincari energetici\",\"scomparsa piante da frutto\"],\"articleSection\":[\"Calabria\",\"Home\",\"News\"],\"inLanguage\":\"it-IT\"},{\"@type\":\"WebPage\",\"@id\":\"https:\/\/progettotouring.it\/radiotouring104\/2023\/03\/10\/coldiretti-la-strage-della-frutta-italiana\/\",\"url\":\"https:\/\/progettotouring.it\/radiotouring104\/2023\/03\/10\/coldiretti-la-strage-della-frutta-italiana\/\",\"name\":\"Coldiretti: \\\"La strage della frutta italiana\\\"\",\"isPartOf\":{\"@id\":\"https:\/\/progettotouring.it\/radiotouring104\/#website\"},\"primaryImageOfPage\":{\"@id\":\"https:\/\/progettotouring.it\/radiotouring104\/2023\/03\/10\/coldiretti-la-strage-della-frutta-italiana\/#primaryimage\"},\"image\":{\"@id\":\"https:\/\/progettotouring.it\/radiotouring104\/2023\/03\/10\/coldiretti-la-strage-della-frutta-italiana\/#primaryimage\"},\"thumbnailUrl\":\"https:\/\/progettotouring.it\/radiotouring104\/wp-content\/uploads\/sites\/6\/2023\/03\/sosfrutta.jpg\",\"datePublished\":\"2023-03-10T13:29:10+00:00\",\"dateModified\":\"2023-03-10T13:31:25+00:00\",\"description\":\"A Cosenza i giovani agricoltori scendono in piazza perch\u00e9 la scomparsa delle piante da frutto compromette salute e ambiente\",\"breadcrumb\":{\"@id\":\"https:\/\/progettotouring.it\/radiotouring104\/2023\/03\/10\/coldiretti-la-strage-della-frutta-italiana\/#breadcrumb\"},\"inLanguage\":\"it-IT\",\"potentialAction\":[{\"@type\":\"ReadAction\",\"target\":[\"https:\/\/progettotouring.it\/radiotouring104\/2023\/03\/10\/coldiretti-la-strage-della-frutta-italiana\/\"]}]},{\"@type\":\"ImageObject\",\"inLanguage\":\"it-IT\",\"@id\":\"https:\/\/progettotouring.it\/radiotouring104\/2023\/03\/10\/coldiretti-la-strage-della-frutta-italiana\/#primaryimage\",\"url\":\"https:\/\/progettotouring.it\/radiotouring104\/wp-content\/uploads\/sites\/6\/2023\/03\/sosfrutta.jpg\",\"contentUrl\":\"https:\/\/progettotouring.it\/radiotouring104\/wp-content\/uploads\/sites\/6\/2023\/03\/sosfrutta.jpg\",\"width\":1280,\"height\":720},{\"@type\":\"BreadcrumbList\",\"@id\":\"https:\/\/progettotouring.it\/radiotouring104\/2023\/03\/10\/coldiretti-la-strage-della-frutta-italiana\/#breadcrumb\",\"itemListElement\":[{\"@type\":\"ListItem\",\"position\":1,\"name\":\"Home\",\"item\":\"https:\/\/progettotouring.it\/radiotouring104\/\"},{\"@type\":\"ListItem\",\"position\":2,\"name\":\"Coldiretti: &#8220;La strage della frutta italiana&#8221;\"}]},{\"@type\":\"WebSite\",\"@id\":\"https:\/\/progettotouring.it\/radiotouring104\/#website\",\"url\":\"https:\/\/progettotouring.it\/radiotouring104\/\",\"name\":\"Radio Touring 104\",\"description\":\"La prima radio Reggina\",\"publisher\":{\"@id\":\"https:\/\/progettotouring.it\/radiotouring104\/#organization\"},\"potentialAction\":[{\"@type\":\"SearchAction\",\"target\":{\"@type\":\"EntryPoint\",\"urlTemplate\":\"https:\/\/progettotouring.it\/radiotouring104\/?s={search_term_string}\"},\"query-input\":{\"@type\":\"PropertyValueSpecification\",\"valueRequired\":true,\"valueName\":\"search_term_string\"}}],\"inLanguage\":\"it-IT\"},{\"@type\":\"Organization\",\"@id\":\"https:\/\/progettotouring.it\/radiotouring104\/#organization\",\"name\":\"Radio Touring 104\",\"url\":\"https:\/\/progettotouring.it\/radiotouring104\/\",\"logo\":{\"@type\":\"ImageObject\",\"inLanguage\":\"it-IT\",\"@id\":\"https:\/\/progettotouring.it\/radiotouring104\/#\/schema\/logo\/image\/\",\"url\":\"https:\/\/progettotouring.it\/radiotouring104\/wp-content\/uploads\/sites\/6\/2022\/02\/cropped-logo-radio-touring-104.png\",\"contentUrl\":\"https:\/\/progettotouring.it\/radiotouring104\/wp-content\/uploads\/sites\/6\/2022\/02\/cropped-logo-radio-touring-104.png\",\"width\":377,\"height\":182,\"caption\":\"Radio Touring 104\"},\"image\":{\"@id\":\"https:\/\/progettotouring.it\/radiotouring104\/#\/schema\/logo\/image\/\"}},{\"@type\":\"Person\",\"@id\":\"https:\/\/progettotouring.it\/radiotouring104\/#\/schema\/person\/8458ed437f4094f881aab8e4cc572684\",\"name\":\"Helena Pedone\",\"image\":{\"@type\":\"ImageObject\",\"inLanguage\":\"it-IT\",\"@id\":\"https:\/\/secure.gravatar.com\/avatar\/95a63adf316f90175b68113b4b895a96641be06395ffeef88fea6178b30027d9?s=96&d=mm&r=g\",\"url\":\"https:\/\/secure.gravatar.com\/avatar\/95a63adf316f90175b68113b4b895a96641be06395ffeef88fea6178b30027d9?s=96&d=mm&r=g\",\"contentUrl\":\"https:\/\/secure.gravatar.com\/avatar\/95a63adf316f90175b68113b4b895a96641be06395ffeef88fea6178b30027d9?s=96&d=mm&r=g\",\"caption\":\"Helena Pedone\"},\"url\":\"https:\/\/progettotouring.it\/radiotouring104\/author\/helena\/\"}]}<\/script>\n<!-- \/ Yoast SEO plugin. -->","yoast_head_json":{"title":"Coldiretti: \"La strage della frutta italiana\"","description":"A Cosenza i giovani agricoltori scendono in piazza perch\u00e9 la scomparsa delle piante da frutto compromette salute e ambiente","robots":{"index":"index","follow":"follow","max-snippet":"max-snippet:-1","max-image-preview":"max-image-preview:large","max-video-preview":"max-video-preview:-1"},"canonical":"https:\/\/progettotouring.it\/radiotouring104\/2023\/03\/10\/coldiretti-la-strage-della-frutta-italiana\/","og_locale":"it_IT","og_type":"article","og_title":"Coldiretti: \"La strage della frutta italiana\"","og_description":"A Cosenza i giovani agricoltori scendono in piazza perch\u00e9 la scomparsa delle piante da frutto compromette salute e ambiente","og_url":"https:\/\/progettotouring.it\/radiotouring104\/2023\/03\/10\/coldiretti-la-strage-della-frutta-italiana\/","og_site_name":"Radio Touring 104","article_published_time":"2023-03-10T13:29:10+00:00","article_modified_time":"2023-03-10T13:31:25+00:00","og_image":[{"width":1280,"height":720,"url":"https:\/\/progettotouring.it\/radiotouring104\/wp-content\/uploads\/sites\/6\/2023\/03\/sosfrutta.jpg","type":"image\/jpeg"}],"author":"Helena Pedone","twitter_card":"summary_large_image","twitter_misc":{"Scritto da":"Helena Pedone","Tempo di lettura stimato":"5 minuti"},"schema":{"@context":"https:\/\/schema.org","@graph":[{"@type":"Article","@id":"https:\/\/progettotouring.it\/radiotouring104\/2023\/03\/10\/coldiretti-la-strage-della-frutta-italiana\/#article","isPartOf":{"@id":"https:\/\/progettotouring.it\/radiotouring104\/2023\/03\/10\/coldiretti-la-strage-della-frutta-italiana\/"},"author":{"name":"Helena Pedone","@id":"https:\/\/progettotouring.it\/radiotouring104\/#\/schema\/person\/8458ed437f4094f881aab8e4cc572684"},"headline":"Coldiretti: &#8220;La strage della frutta italiana&#8221;","datePublished":"2023-03-10T13:29:10+00:00","dateModified":"2023-03-10T13:31:25+00:00","mainEntityOfPage":{"@id":"https:\/\/progettotouring.it\/radiotouring104\/2023\/03\/10\/coldiretti-la-strage-della-frutta-italiana\/"},"wordCount":1045,"publisher":{"@id":"https:\/\/progettotouring.it\/radiotouring104\/#organization"},"image":{"@id":"https:\/\/progettotouring.it\/radiotouring104\/2023\/03\/10\/coldiretti-la-strage-della-frutta-italiana\/#primaryimage"},"thumbnailUrl":"https:\/\/progettotouring.it\/radiotouring104\/wp-content\/uploads\/sites\/6\/2023\/03\/sosfrutta.jpg","keywords":["Coldiretti Cosenza","crisi climatica","Imprese settore ortofrutticolo","Protesta giovani agricoltori","Rincari energetici","scomparsa piante da frutto"],"articleSection":["Calabria","Home","News"],"inLanguage":"it-IT"},{"@type":"WebPage","@id":"https:\/\/progettotouring.it\/radiotouring104\/2023\/03\/10\/coldiretti-la-strage-della-frutta-italiana\/","url":"https:\/\/progettotouring.it\/radiotouring104\/2023\/03\/10\/coldiretti-la-strage-della-frutta-italiana\/","name":"Coldiretti: \"La strage della frutta italiana\"","isPartOf":{"@id":"https:\/\/progettotouring.it\/radiotouring104\/#website"},"primaryImageOfPage":{"@id":"https:\/\/progettotouring.it\/radiotouring104\/2023\/03\/10\/coldiretti-la-strage-della-frutta-italiana\/#primaryimage"},"image":{"@id":"https:\/\/progettotouring.it\/radiotouring104\/2023\/03\/10\/coldiretti-la-strage-della-frutta-italiana\/#primaryimage"},"thumbnailUrl":"https:\/\/progettotouring.it\/radiotouring104\/wp-content\/uploads\/sites\/6\/2023\/03\/sosfrutta.jpg","datePublished":"2023-03-10T13:29:10+00:00","dateModified":"2023-03-10T13:31:25+00:00","description":"A Cosenza i giovani agricoltori scendono in piazza perch\u00e9 la scomparsa delle piante da frutto compromette salute e ambiente","breadcrumb":{"@id":"https:\/\/progettotouring.it\/radiotouring104\/2023\/03\/10\/coldiretti-la-strage-della-frutta-italiana\/#breadcrumb"},"inLanguage":"it-IT","potentialAction":[{"@type":"ReadAction","target":["https:\/\/progettotouring.it\/radiotouring104\/2023\/03\/10\/coldiretti-la-strage-della-frutta-italiana\/"]}]},{"@type":"ImageObject","inLanguage":"it-IT","@id":"https:\/\/progettotouring.it\/radiotouring104\/2023\/03\/10\/coldiretti-la-strage-della-frutta-italiana\/#primaryimage","url":"https:\/\/progettotouring.it\/radiotouring104\/wp-content\/uploads\/sites\/6\/2023\/03\/sosfrutta.jpg","contentUrl":"https:\/\/progettotouring.it\/radiotouring104\/wp-content\/uploads\/sites\/6\/2023\/03\/sosfrutta.jpg","width":1280,"height":720},{"@type":"BreadcrumbList","@id":"https:\/\/progettotouring.it\/radiotouring104\/2023\/03\/10\/coldiretti-la-strage-della-frutta-italiana\/#breadcrumb","itemListElement":[{"@type":"ListItem","position":1,"name":"Home","item":"https:\/\/progettotouring.it\/radiotouring104\/"},{"@type":"ListItem","position":2,"name":"Coldiretti: &#8220;La strage della frutta italiana&#8221;"}]},{"@type":"WebSite","@id":"https:\/\/progettotouring.it\/radiotouring104\/#website","url":"https:\/\/progettotouring.it\/radiotouring104\/","name":"Radio Touring 104","description":"La prima radio Reggina","publisher":{"@id":"https:\/\/progettotouring.it\/radiotouring104\/#organization"},"potentialAction":[{"@type":"SearchAction","target":{"@type":"EntryPoint","urlTemplate":"https:\/\/progettotouring.it\/radiotouring104\/?s={search_term_string}"},"query-input":{"@type":"PropertyValueSpecification","valueRequired":true,"valueName":"search_term_string"}}],"inLanguage":"it-IT"},{"@type":"Organization","@id":"https:\/\/progettotouring.it\/radiotouring104\/#organization","name":"Radio Touring 104","url":"https:\/\/progettotouring.it\/radiotouring104\/","logo":{"@type":"ImageObject","inLanguage":"it-IT","@id":"https:\/\/progettotouring.it\/radiotouring104\/#\/schema\/logo\/image\/","url":"https:\/\/progettotouring.it\/radiotouring104\/wp-content\/uploads\/sites\/6\/2022\/02\/cropped-logo-radio-touring-104.png","contentUrl":"https:\/\/progettotouring.it\/radiotouring104\/wp-content\/uploads\/sites\/6\/2022\/02\/cropped-logo-radio-touring-104.png","width":377,"height":182,"caption":"Radio Touring 104"},"image":{"@id":"https:\/\/progettotouring.it\/radiotouring104\/#\/schema\/logo\/image\/"}},{"@type":"Person","@id":"https:\/\/progettotouring.it\/radiotouring104\/#\/schema\/person\/8458ed437f4094f881aab8e4cc572684","name":"Helena Pedone","image":{"@type":"ImageObject","inLanguage":"it-IT","@id":"https:\/\/secure.gravatar.com\/avatar\/95a63adf316f90175b68113b4b895a96641be06395ffeef88fea6178b30027d9?s=96&d=mm&r=g","url":"https:\/\/secure.gravatar.com\/avatar\/95a63adf316f90175b68113b4b895a96641be06395ffeef88fea6178b30027d9?s=96&d=mm&r=g","contentUrl":"https:\/\/secure.gravatar.com\/avatar\/95a63adf316f90175b68113b4b895a96641be06395ffeef88fea6178b30027d9?s=96&d=mm&r=g","caption":"Helena Pedone"},"url":"https:\/\/progettotouring.it\/radiotouring104\/author\/helena\/"}]}},"jetpack_publicize_connections":[],"jetpack_featured_media_url":"https:\/\/progettotouring.it\/radiotouring104\/wp-content\/uploads\/sites\/6\/2023\/03\/sosfrutta.jpg","jetpack_sharing_enabled":true,"_links":{"self":[{"href":"https:\/\/progettotouring.it\/radiotouring104\/wp-json\/wp\/v2\/posts\/20592","targetHints":{"allow":["GET"]}}],"collection":[{"href":"https:\/\/progettotouring.it\/radiotouring104\/wp-json\/wp\/v2\/posts"}],"about":[{"href":"https:\/\/progettotouring.it\/radiotouring104\/wp-json\/wp\/v2\/types\/post"}],"author":[{"embeddable":true,"href":"https:\/\/progettotouring.it\/radiotouring104\/wp-json\/wp\/v2\/users\/13"}],"replies":[{"embeddable":true,"href":"https:\/\/progettotouring.it\/radiotouring104\/wp-json\/wp\/v2\/comments?post=20592"}],"version-history":[{"count":1,"href":"https:\/\/progettotouring.it\/radiotouring104\/wp-json\/wp\/v2\/posts\/20592\/revisions"}],"predecessor-version":[{"id":20594,"href":"https:\/\/progettotouring.it\/radiotouring104\/wp-json\/wp\/v2\/posts\/20592\/revisions\/20594"}],"wp:featuredmedia":[{"embeddable":true,"href":"https:\/\/progettotouring.it\/radiotouring104\/wp-json\/wp\/v2\/media\/20593"}],"wp:attachment":[{"href":"https:\/\/progettotouring.it\/radiotouring104\/wp-json\/wp\/v2\/media?parent=20592"}],"wp:term":[{"taxonomy":"category","embeddable":true,"href":"https:\/\/progettotouring.it\/radiotouring104\/wp-json\/wp\/v2\/categories?post=20592"},{"taxonomy":"post_tag","embeddable":true,"href":"https:\/\/progettotouring.it\/radiotouring104\/wp-json\/wp\/v2\/tags?post=20592"}],"curies":[{"name":"wp","href":"https:\/\/api.w.org\/{rel}","templated":true}]}}