{"id":20607,"date":"2023-03-10T13:24:15","date_gmt":"2023-03-10T12:24:15","guid":{"rendered":"https:\/\/progettotouring.it\/radiotouring104\/?p=20607"},"modified":"2023-03-10T16:59:03","modified_gmt":"2023-03-10T15:59:03","slug":"calabria-riaperta-la-viabilita-della2","status":"publish","type":"post","link":"https:\/\/progettotouring.it\/radiotouring104\/2023\/03\/10\/calabria-riaperta-la-viabilita-della2\/","title":{"rendered":"Calabria: riaperta la viabilit\u00e0 dell&#8217;A2"},"content":{"rendered":"<p class=\"xmprfx_x_x_western\" align=\"justify\">A causa di un mezzo pesante in avaria lungo la <strong>A2 &#8216;Autostrada del Mediterraneo<\/strong>&#8216; (km 271,100), \u00e8 temporaneamente chiuso il tratto nel territorio comunale di Cosenza, in direzione <strong>Villa San Giovanni.<\/strong> <span style=\"font-family: Garamond, serif\"><span style=\"font-size: medium\"><span class=\"xmprfx_x_x_ContentPasted1\" style=\"color: #160909\">Sul posto \u00e8 presente il personale Anas e delle Forze dell&#8217;Ordine per la gestione della viabilit\u00e0 e per il ripristino della normale circolazione nel pi\u00f9 breve tempo possibile. <\/span><\/span><\/span><span style=\"color: #160909\"><span style=\"font-family: Garamond, serif\"><span style=\"font-size: medium\"><span lang=\"it-IT\"><span class=\"xmprfx_x_x_ContentPasted1\">Anas, societ\u00e0 del Gruppo FS Italiane, ricorda che quando guidi, Guida e Basta! No distrazioni, no alcol, no droga per la tua sicurezza e quella degli altri (<\/span><\/span><\/span><\/span><\/span><span style=\"color: #160909\"><span style=\"font-family: Garamond, serif\"><span style=\"font-size: medium\"><span lang=\"it-IT\"><a class=\"xmprfx_x_x_ContentPasted1\" href=\"https:\/\/eur02.safelinks.protection.outlook.com\/?url=http%3A%2F%2Fwww.guidaebasta.it%2F&amp;data=05%7C01%7Cg.polito@stradeanas.it%7C59e60150762e489b2cb008db208e7638%7Cf57bababd7b54fb88ddd057ce542d039%7C0%7C0%7C638139568456897778%7CUnknown%7CTWFpbGZsb3d8eyJWIjoiMC4wLjAwMDAiLCJQIjoiV2luMzIiLCJBTiI6Ik1haWwiLCJXVCI6Mn0%3D%7C3000%7C%7C%7C&amp;sdata=oO28bCEmK7GKsmTbp8smVjNI%2FRtvD%2B1VT7x0AIOPHY0%3D&amp;reserved=0\" target=\"_blank\" rel=\"noopener noreferrer\" data-auth=\"NotApplicable\">guidaebasta.it<\/a><\/span><\/span><\/span><\/span><span style=\"color: #160909\"><span style=\"font-family: Garamond, serif\"><span style=\"font-size: medium\"><span lang=\"it-IT\"><span class=\"xmprfx_x_x_ContentPasted1\">). Per una mobilit\u00e0 informata l\u2019evoluzione della situazione del traffico in tempo reale \u00e8 consultabile anche su tutti gli smartphone e i tablet, grazie all\u2019applicazione \u201cVAI\u201d di Anas, disponibile gratuitamente in \u201cApp store\u201d e in \u201cPlay store\u201d. Il servizio clienti \u201cPronto Anas\u201d \u00e8 raggiungibile chiamando il numero verde gratuito 800.841.14<\/span><span class=\"xmprfx_x_x_ContentPasted1\">8.\u00a0<\/span><\/span><\/span><\/span><\/span><\/p>\n","protected":false},"excerpt":{"rendered":"<p>A causa di un mezzo pesante in avaria lungo la A2 &#8216;Autostrada del Mediterraneo&#8216; (km 271,100), \u00e8 temporaneamente chiuso il tratto nel territorio comunale di Cosenza, in direzione Villa San&hellip;<\/p>\n","protected":false},"author":8,"featured_media":6828,"comment_status":"closed","ping_status":"open","sticky":false,"template":"","format":"standard","meta":{"_jetpack_memberships_contains_paid_content":false,"footnotes":"","jetpack_publicize_message":"","jetpack_publicize_feature_enabled":true,"jetpack_social_post_already_shared":false,"jetpack_social_options":{"image_generator_settings":{"template":"highway","default_image_id":0,"font":"","enabled":false},"version":2}},"categories":[142,921,140],"tags":[2961,11288,354,364],"class_list":["post-20607","post","type-post","status-publish","format-standard","has-post-thumbnail","hentry","category-calabria","category-home","category-reggio-calabria","tag-anas","tag-autostrada","tag-cosenza","tag-villa-san-giovanni"],"yoast_head":"<!-- This site is optimized with the Yoast SEO plugin v27.2 - https:\/\/yoast.com\/product\/yoast-seo-wordpress\/ -->\n<title>Calabria: riaperta la viabilit\u00e0 dell&#039;A2<\/title>\n<meta name=\"description\" content=\"L&#039;ANAS ha riaperto il tratto precedente chiuso. Torna la normalit\u00e0 nell&#039;A2 &#039;Autostrada del Mediterraneo&#039; in direzione di Villa San Giovanni\" \/>\n<meta name=\"robots\" content=\"index, follow, max-snippet:-1, max-image-preview:large, max-video-preview:-1\" \/>\n<link rel=\"canonical\" href=\"https:\/\/progettotouring.it\/radiotouring104\/2023\/03\/10\/calabria-riaperta-la-viabilita-della2\/\" \/>\n<meta property=\"og:locale\" content=\"it_IT\" \/>\n<meta property=\"og:type\" content=\"article\" \/>\n<meta property=\"og:title\" content=\"Calabria: riaperta la viabilit\u00e0 dell&#039;A2\" \/>\n<meta property=\"og:description\" content=\"L&#039;ANAS ha riaperto il tratto precedente chiuso. Torna la normalit\u00e0 nell&#039;A2 &#039;Autostrada del Mediterraneo&#039; in direzione di Villa San Giovanni\" \/>\n<meta property=\"og:url\" content=\"https:\/\/progettotouring.it\/radiotouring104\/2023\/03\/10\/calabria-riaperta-la-viabilita-della2\/\" \/>\n<meta property=\"og:site_name\" content=\"Radio Touring 104\" \/>\n<meta property=\"article:published_time\" content=\"2023-03-10T12:24:15+00:00\" \/>\n<meta property=\"article:modified_time\" content=\"2023-03-10T15:59:03+00:00\" \/>\n<meta property=\"og:image\" content=\"https:\/\/progettotouring.it\/radiotouring104\/wp-content\/uploads\/sites\/6\/2022\/06\/anas-420x252-1.jpg\" \/>\n\t<meta property=\"og:image:width\" content=\"420\" \/>\n\t<meta property=\"og:image:height\" content=\"252\" \/>\n\t<meta property=\"og:image:type\" content=\"image\/jpeg\" \/>\n<meta name=\"author\" content=\"Filippo Francesco Idone\" \/>\n<meta name=\"twitter:card\" content=\"summary_large_image\" \/>\n<meta name=\"twitter:label1\" content=\"Scritto da\" \/>\n\t<meta name=\"twitter:data1\" content=\"Filippo Francesco Idone\" \/>\n\t<meta name=\"twitter:label2\" content=\"Tempo di lettura stimato\" \/>\n\t<meta name=\"twitter:data2\" content=\"1 minuto\" \/>\n<script type=\"application\/ld+json\" class=\"yoast-schema-graph\">{\"@context\":\"https:\/\/schema.org\",\"@graph\":[{\"@type\":\"Article\",\"@id\":\"https:\/\/progettotouring.it\/radiotouring104\/2023\/03\/10\/calabria-riaperta-la-viabilita-della2\/#article\",\"isPartOf\":{\"@id\":\"https:\/\/progettotouring.it\/radiotouring104\/2023\/03\/10\/calabria-riaperta-la-viabilita-della2\/\"},\"author\":{\"name\":\"Filippo Francesco Idone\",\"@id\":\"https:\/\/progettotouring.it\/radiotouring104\/#\/schema\/person\/4a82259ca52ac8702ad1a8f9e5a3120b\"},\"headline\":\"Calabria: riaperta la viabilit\u00e0 dell&#8217;A2\",\"datePublished\":\"2023-03-10T12:24:15+00:00\",\"dateModified\":\"2023-03-10T15:59:03+00:00\",\"mainEntityOfPage\":{\"@id\":\"https:\/\/progettotouring.it\/radiotouring104\/2023\/03\/10\/calabria-riaperta-la-viabilita-della2\/\"},\"wordCount\":138,\"publisher\":{\"@id\":\"https:\/\/progettotouring.it\/radiotouring104\/#organization\"},\"image\":{\"@id\":\"https:\/\/progettotouring.it\/radiotouring104\/2023\/03\/10\/calabria-riaperta-la-viabilita-della2\/#primaryimage\"},\"thumbnailUrl\":\"https:\/\/progettotouring.it\/radiotouring104\/wp-content\/uploads\/sites\/6\/2022\/06\/anas-420x252-1.jpg\",\"keywords\":[\"anas\",\"autostrada\",\"Cosenza\",\"villa san giovanni\"],\"articleSection\":[\"Calabria\",\"Home\",\"Reggio Calabria\"],\"inLanguage\":\"it-IT\"},{\"@type\":\"WebPage\",\"@id\":\"https:\/\/progettotouring.it\/radiotouring104\/2023\/03\/10\/calabria-riaperta-la-viabilita-della2\/\",\"url\":\"https:\/\/progettotouring.it\/radiotouring104\/2023\/03\/10\/calabria-riaperta-la-viabilita-della2\/\",\"name\":\"Calabria: riaperta la viabilit\u00e0 dell'A2\",\"isPartOf\":{\"@id\":\"https:\/\/progettotouring.it\/radiotouring104\/#website\"},\"primaryImageOfPage\":{\"@id\":\"https:\/\/progettotouring.it\/radiotouring104\/2023\/03\/10\/calabria-riaperta-la-viabilita-della2\/#primaryimage\"},\"image\":{\"@id\":\"https:\/\/progettotouring.it\/radiotouring104\/2023\/03\/10\/calabria-riaperta-la-viabilita-della2\/#primaryimage\"},\"thumbnailUrl\":\"https:\/\/progettotouring.it\/radiotouring104\/wp-content\/uploads\/sites\/6\/2022\/06\/anas-420x252-1.jpg\",\"datePublished\":\"2023-03-10T12:24:15+00:00\",\"dateModified\":\"2023-03-10T15:59:03+00:00\",\"description\":\"L'ANAS ha riaperto il tratto precedente chiuso. Torna la normalit\u00e0 nell'A2 'Autostrada del Mediterraneo' in direzione di Villa San Giovanni\",\"breadcrumb\":{\"@id\":\"https:\/\/progettotouring.it\/radiotouring104\/2023\/03\/10\/calabria-riaperta-la-viabilita-della2\/#breadcrumb\"},\"inLanguage\":\"it-IT\",\"potentialAction\":[{\"@type\":\"ReadAction\",\"target\":[\"https:\/\/progettotouring.it\/radiotouring104\/2023\/03\/10\/calabria-riaperta-la-viabilita-della2\/\"]}]},{\"@type\":\"ImageObject\",\"inLanguage\":\"it-IT\",\"@id\":\"https:\/\/progettotouring.it\/radiotouring104\/2023\/03\/10\/calabria-riaperta-la-viabilita-della2\/#primaryimage\",\"url\":\"https:\/\/progettotouring.it\/radiotouring104\/wp-content\/uploads\/sites\/6\/2022\/06\/anas-420x252-1.jpg\",\"contentUrl\":\"https:\/\/progettotouring.it\/radiotouring104\/wp-content\/uploads\/sites\/6\/2022\/06\/anas-420x252-1.jpg\",\"width\":420,\"height\":252},{\"@type\":\"BreadcrumbList\",\"@id\":\"https:\/\/progettotouring.it\/radiotouring104\/2023\/03\/10\/calabria-riaperta-la-viabilita-della2\/#breadcrumb\",\"itemListElement\":[{\"@type\":\"ListItem\",\"position\":1,\"name\":\"Home\",\"item\":\"https:\/\/progettotouring.it\/radiotouring104\/\"},{\"@type\":\"ListItem\",\"position\":2,\"name\":\"Calabria: riaperta la viabilit\u00e0 dell&#8217;A2\"}]},{\"@type\":\"WebSite\",\"@id\":\"https:\/\/progettotouring.it\/radiotouring104\/#website\",\"url\":\"https:\/\/progettotouring.it\/radiotouring104\/\",\"name\":\"Radio Touring 104\",\"description\":\"La prima radio Reggina\",\"publisher\":{\"@id\":\"https:\/\/progettotouring.it\/radiotouring104\/#organization\"},\"potentialAction\":[{\"@type\":\"SearchAction\",\"target\":{\"@type\":\"EntryPoint\",\"urlTemplate\":\"https:\/\/progettotouring.it\/radiotouring104\/?s={search_term_string}\"},\"query-input\":{\"@type\":\"PropertyValueSpecification\",\"valueRequired\":true,\"valueName\":\"search_term_string\"}}],\"inLanguage\":\"it-IT\"},{\"@type\":\"Organization\",\"@id\":\"https:\/\/progettotouring.it\/radiotouring104\/#organization\",\"name\":\"Radio Touring 104\",\"url\":\"https:\/\/progettotouring.it\/radiotouring104\/\",\"logo\":{\"@type\":\"ImageObject\",\"inLanguage\":\"it-IT\",\"@id\":\"https:\/\/progettotouring.it\/radiotouring104\/#\/schema\/logo\/image\/\",\"url\":\"https:\/\/progettotouring.it\/radiotouring104\/wp-content\/uploads\/sites\/6\/2022\/02\/cropped-logo-radio-touring-104.png\",\"contentUrl\":\"https:\/\/progettotouring.it\/radiotouring104\/wp-content\/uploads\/sites\/6\/2022\/02\/cropped-logo-radio-touring-104.png\",\"width\":377,\"height\":182,\"caption\":\"Radio Touring 104\"},\"image\":{\"@id\":\"https:\/\/progettotouring.it\/radiotouring104\/#\/schema\/logo\/image\/\"}},{\"@type\":\"Person\",\"@id\":\"https:\/\/progettotouring.it\/radiotouring104\/#\/schema\/person\/4a82259ca52ac8702ad1a8f9e5a3120b\",\"name\":\"Filippo Francesco Idone\",\"image\":{\"@type\":\"ImageObject\",\"inLanguage\":\"it-IT\",\"@id\":\"https:\/\/secure.gravatar.com\/avatar\/7268715d2366395c3dd314385670e6484117d44f5c442e61e230f7008b7b62d3?s=96&d=mm&r=g\",\"url\":\"https:\/\/secure.gravatar.com\/avatar\/7268715d2366395c3dd314385670e6484117d44f5c442e61e230f7008b7b62d3?s=96&d=mm&r=g\",\"contentUrl\":\"https:\/\/secure.gravatar.com\/avatar\/7268715d2366395c3dd314385670e6484117d44f5c442e61e230f7008b7b62d3?s=96&d=mm&r=g\",\"caption\":\"Filippo Francesco Idone\"},\"url\":\"https:\/\/progettotouring.it\/radiotouring104\/author\/filippoidone\/\"}]}<\/script>\n<!-- \/ Yoast SEO plugin. -->","yoast_head_json":{"title":"Calabria: riaperta la viabilit\u00e0 dell'A2","description":"L'ANAS ha riaperto il tratto precedente chiuso. Torna la normalit\u00e0 nell'A2 'Autostrada del Mediterraneo' in direzione di Villa San Giovanni","robots":{"index":"index","follow":"follow","max-snippet":"max-snippet:-1","max-image-preview":"max-image-preview:large","max-video-preview":"max-video-preview:-1"},"canonical":"https:\/\/progettotouring.it\/radiotouring104\/2023\/03\/10\/calabria-riaperta-la-viabilita-della2\/","og_locale":"it_IT","og_type":"article","og_title":"Calabria: riaperta la viabilit\u00e0 dell'A2","og_description":"L'ANAS ha riaperto il tratto precedente chiuso. Torna la normalit\u00e0 nell'A2 'Autostrada del Mediterraneo' in direzione di Villa San Giovanni","og_url":"https:\/\/progettotouring.it\/radiotouring104\/2023\/03\/10\/calabria-riaperta-la-viabilita-della2\/","og_site_name":"Radio Touring 104","article_published_time":"2023-03-10T12:24:15+00:00","article_modified_time":"2023-03-10T15:59:03+00:00","og_image":[{"width":420,"height":252,"url":"https:\/\/progettotouring.it\/radiotouring104\/wp-content\/uploads\/sites\/6\/2022\/06\/anas-420x252-1.jpg","type":"image\/jpeg"}],"author":"Filippo Francesco Idone","twitter_card":"summary_large_image","twitter_misc":{"Scritto da":"Filippo Francesco Idone","Tempo di lettura stimato":"1 minuto"},"schema":{"@context":"https:\/\/schema.org","@graph":[{"@type":"Article","@id":"https:\/\/progettotouring.it\/radiotouring104\/2023\/03\/10\/calabria-riaperta-la-viabilita-della2\/#article","isPartOf":{"@id":"https:\/\/progettotouring.it\/radiotouring104\/2023\/03\/10\/calabria-riaperta-la-viabilita-della2\/"},"author":{"name":"Filippo Francesco Idone","@id":"https:\/\/progettotouring.it\/radiotouring104\/#\/schema\/person\/4a82259ca52ac8702ad1a8f9e5a3120b"},"headline":"Calabria: riaperta la viabilit\u00e0 dell&#8217;A2","datePublished":"2023-03-10T12:24:15+00:00","dateModified":"2023-03-10T15:59:03+00:00","mainEntityOfPage":{"@id":"https:\/\/progettotouring.it\/radiotouring104\/2023\/03\/10\/calabria-riaperta-la-viabilita-della2\/"},"wordCount":138,"publisher":{"@id":"https:\/\/progettotouring.it\/radiotouring104\/#organization"},"image":{"@id":"https:\/\/progettotouring.it\/radiotouring104\/2023\/03\/10\/calabria-riaperta-la-viabilita-della2\/#primaryimage"},"thumbnailUrl":"https:\/\/progettotouring.it\/radiotouring104\/wp-content\/uploads\/sites\/6\/2022\/06\/anas-420x252-1.jpg","keywords":["anas","autostrada","Cosenza","villa san giovanni"],"articleSection":["Calabria","Home","Reggio Calabria"],"inLanguage":"it-IT"},{"@type":"WebPage","@id":"https:\/\/progettotouring.it\/radiotouring104\/2023\/03\/10\/calabria-riaperta-la-viabilita-della2\/","url":"https:\/\/progettotouring.it\/radiotouring104\/2023\/03\/10\/calabria-riaperta-la-viabilita-della2\/","name":"Calabria: riaperta la viabilit\u00e0 dell'A2","isPartOf":{"@id":"https:\/\/progettotouring.it\/radiotouring104\/#website"},"primaryImageOfPage":{"@id":"https:\/\/progettotouring.it\/radiotouring104\/2023\/03\/10\/calabria-riaperta-la-viabilita-della2\/#primaryimage"},"image":{"@id":"https:\/\/progettotouring.it\/radiotouring104\/2023\/03\/10\/calabria-riaperta-la-viabilita-della2\/#primaryimage"},"thumbnailUrl":"https:\/\/progettotouring.it\/radiotouring104\/wp-content\/uploads\/sites\/6\/2022\/06\/anas-420x252-1.jpg","datePublished":"2023-03-10T12:24:15+00:00","dateModified":"2023-03-10T15:59:03+00:00","description":"L'ANAS ha riaperto il tratto precedente chiuso. Torna la normalit\u00e0 nell'A2 'Autostrada del Mediterraneo' in direzione di Villa San Giovanni","breadcrumb":{"@id":"https:\/\/progettotouring.it\/radiotouring104\/2023\/03\/10\/calabria-riaperta-la-viabilita-della2\/#breadcrumb"},"inLanguage":"it-IT","potentialAction":[{"@type":"ReadAction","target":["https:\/\/progettotouring.it\/radiotouring104\/2023\/03\/10\/calabria-riaperta-la-viabilita-della2\/"]}]},{"@type":"ImageObject","inLanguage":"it-IT","@id":"https:\/\/progettotouring.it\/radiotouring104\/2023\/03\/10\/calabria-riaperta-la-viabilita-della2\/#primaryimage","url":"https:\/\/progettotouring.it\/radiotouring104\/wp-content\/uploads\/sites\/6\/2022\/06\/anas-420x252-1.jpg","contentUrl":"https:\/\/progettotouring.it\/radiotouring104\/wp-content\/uploads\/sites\/6\/2022\/06\/anas-420x252-1.jpg","width":420,"height":252},{"@type":"BreadcrumbList","@id":"https:\/\/progettotouring.it\/radiotouring104\/2023\/03\/10\/calabria-riaperta-la-viabilita-della2\/#breadcrumb","itemListElement":[{"@type":"ListItem","position":1,"name":"Home","item":"https:\/\/progettotouring.it\/radiotouring104\/"},{"@type":"ListItem","position":2,"name":"Calabria: riaperta la viabilit\u00e0 dell&#8217;A2"}]},{"@type":"WebSite","@id":"https:\/\/progettotouring.it\/radiotouring104\/#website","url":"https:\/\/progettotouring.it\/radiotouring104\/","name":"Radio Touring 104","description":"La prima radio Reggina","publisher":{"@id":"https:\/\/progettotouring.it\/radiotouring104\/#organization"},"potentialAction":[{"@type":"SearchAction","target":{"@type":"EntryPoint","urlTemplate":"https:\/\/progettotouring.it\/radiotouring104\/?s={search_term_string}"},"query-input":{"@type":"PropertyValueSpecification","valueRequired":true,"valueName":"search_term_string"}}],"inLanguage":"it-IT"},{"@type":"Organization","@id":"https:\/\/progettotouring.it\/radiotouring104\/#organization","name":"Radio Touring 104","url":"https:\/\/progettotouring.it\/radiotouring104\/","logo":{"@type":"ImageObject","inLanguage":"it-IT","@id":"https:\/\/progettotouring.it\/radiotouring104\/#\/schema\/logo\/image\/","url":"https:\/\/progettotouring.it\/radiotouring104\/wp-content\/uploads\/sites\/6\/2022\/02\/cropped-logo-radio-touring-104.png","contentUrl":"https:\/\/progettotouring.it\/radiotouring104\/wp-content\/uploads\/sites\/6\/2022\/02\/cropped-logo-radio-touring-104.png","width":377,"height":182,"caption":"Radio Touring 104"},"image":{"@id":"https:\/\/progettotouring.it\/radiotouring104\/#\/schema\/logo\/image\/"}},{"@type":"Person","@id":"https:\/\/progettotouring.it\/radiotouring104\/#\/schema\/person\/4a82259ca52ac8702ad1a8f9e5a3120b","name":"Filippo Francesco Idone","image":{"@type":"ImageObject","inLanguage":"it-IT","@id":"https:\/\/secure.gravatar.com\/avatar\/7268715d2366395c3dd314385670e6484117d44f5c442e61e230f7008b7b62d3?s=96&d=mm&r=g","url":"https:\/\/secure.gravatar.com\/avatar\/7268715d2366395c3dd314385670e6484117d44f5c442e61e230f7008b7b62d3?s=96&d=mm&r=g","contentUrl":"https:\/\/secure.gravatar.com\/avatar\/7268715d2366395c3dd314385670e6484117d44f5c442e61e230f7008b7b62d3?s=96&d=mm&r=g","caption":"Filippo Francesco Idone"},"url":"https:\/\/progettotouring.it\/radiotouring104\/author\/filippoidone\/"}]}},"jetpack_publicize_connections":[],"jetpack_featured_media_url":"https:\/\/progettotouring.it\/radiotouring104\/wp-content\/uploads\/sites\/6\/2022\/06\/anas-420x252-1.jpg","jetpack_sharing_enabled":true,"_links":{"self":[{"href":"https:\/\/progettotouring.it\/radiotouring104\/wp-json\/wp\/v2\/posts\/20607","targetHints":{"allow":["GET"]}}],"collection":[{"href":"https:\/\/progettotouring.it\/radiotouring104\/wp-json\/wp\/v2\/posts"}],"about":[{"href":"https:\/\/progettotouring.it\/radiotouring104\/wp-json\/wp\/v2\/types\/post"}],"author":[{"embeddable":true,"href":"https:\/\/progettotouring.it\/radiotouring104\/wp-json\/wp\/v2\/users\/8"}],"replies":[{"embeddable":true,"href":"https:\/\/progettotouring.it\/radiotouring104\/wp-json\/wp\/v2\/comments?post=20607"}],"version-history":[{"count":1,"href":"https:\/\/progettotouring.it\/radiotouring104\/wp-json\/wp\/v2\/posts\/20607\/revisions"}],"predecessor-version":[{"id":20608,"href":"https:\/\/progettotouring.it\/radiotouring104\/wp-json\/wp\/v2\/posts\/20607\/revisions\/20608"}],"wp:featuredmedia":[{"embeddable":true,"href":"https:\/\/progettotouring.it\/radiotouring104\/wp-json\/wp\/v2\/media\/6828"}],"wp:attachment":[{"href":"https:\/\/progettotouring.it\/radiotouring104\/wp-json\/wp\/v2\/media?parent=20607"}],"wp:term":[{"taxonomy":"category","embeddable":true,"href":"https:\/\/progettotouring.it\/radiotouring104\/wp-json\/wp\/v2\/categories?post=20607"},{"taxonomy":"post_tag","embeddable":true,"href":"https:\/\/progettotouring.it\/radiotouring104\/wp-json\/wp\/v2\/tags?post=20607"}],"curies":[{"name":"wp","href":"https:\/\/api.w.org\/{rel}","templated":true}]}}