{"id":20611,"date":"2023-03-10T14:53:48","date_gmt":"2023-03-10T13:53:48","guid":{"rendered":"https:\/\/progettotouring.it\/radiotouring104\/?p=20611"},"modified":"2023-03-10T17:07:53","modified_gmt":"2023-03-10T16:07:53","slug":"giuggi-palmenta-presente-allevento-di-roma","status":"publish","type":"post","link":"https:\/\/progettotouring.it\/radiotouring104\/2023\/03\/10\/giuggi-palmenta-presente-allevento-di-roma\/","title":{"rendered":"Giuggi Palmenta presente all&#8217;evento di Roma"},"content":{"rendered":"<p style=\"text-align: justify\">L&#8217;assessora alla Polizia locale ed alla Sicurezza, <strong>Giuggi Palmenta<\/strong>, ha preso parte alla fase conclusiva del progetto &#8220;Nei panni di Caino per capire e difendere le ragioni di Abele\u201d, un\u2019iniziativa nata dalla collaborazione tra la Polizia di Stato e Sapienza Universit\u00e0 di Roma \u2013 Dipartimento di Psicologia e che ha coinvolto anche alcune scuole della Citt\u00e0 Metropolitana di Reggio Calabria. A Palmi, nella Casa della Cultura, l&#8217;evento finale in cui sono stati presentati i risultati del programma destinato ai giovani fra i 14 ed i 17 ed a cui hanno partecipato il sindaco metropolitano facente funzioni, Carmelo Versace, il prefetto, Massimo Mariani, e le massime autorit\u00e0 civili e militari del territorio.<\/p>\n<p><em>&#8220;Il lavoro presentato dalla <strong>Polizia di Stato e dall&#8217;Universit\u00e0 La Sapienza<\/strong><\/em><strong> &#8211;<\/strong> ha detto l&#8217;assessora Palmenta &#8211;<em> \u00e8 molto utile perch\u00e9 evidenzia i rischi e le insidie che si nascondono non solo nel &#8220;dark web&#8221;, la parte pi\u00f9 pericolosa e nascosta di internet, ma soprattutto nelle app d&#8217;uso quotidiano, nei social, nelle piattaforme preferite dagli adolescenti. Il cyberbullismo e tutte le sue ignobili declinazioni, come il<strong> doxing, il cyberbashing o l\u2019harasmentin, s<\/strong>ono fenomeni pericolosissimi, arginabili solo attraverso la prevenzione e la sensibilizzazione ad un utilizzo corretto delle nuove tecnologie&#8221;.<\/em><\/p>\n<p><em>&#8220;Non bisogna mai abbassare la guardia<\/em> &#8211; ha sottolineato la delegata comunale alla Sicurezza &#8211; <em>anche se, nei giovani, pare sia aumentata la consapevolezza dei danni che possono provocare atteggiamenti impropri e, spesso, lesivi della dignit\u00e0 delle persone. La realt\u00e0 che viviamo soprattutto sui social network, infatti, non \u00e8 assolutamente virtuale, ma reale a tutti gli effetti perch\u00e9 comporta conseguenze nella vita di tutti i giorni&#8221;. &#8220;Questo progetto<\/em> &#8211; ha proseguito Palmenta &#8211; <em>va nella direzione giusta visto che parla, ai ragazzi ed alle ragazze, attraverso profili comunicativi che si inseriscono bene nella dimensione di un adolescente. Attraverso il supporto di dispositivi per la realt\u00e0 aumentata, i giovani sono stati messi al cospetto di situazioni concrete, circostanze spiacevoli che possono incrociare durante il loro cammino di crescita negli ambienti che, generalmente, frequentano&#8221;.<\/em><\/p>\n<p><em>&#8220;I professionisti della Polizia di Stato e gli specialisti de <strong>La Sapienza &#8211;<\/strong><\/em> ha concluso l&#8217;assessora &#8211; <em>sono riusciti a costruire un approccio efficace ed incisivo, capace di accrescere, negli adolescenti, la percezione del rischio e, al tempo stesso, trasmettere i migliori modi di reagire di fronte a situazioni complesse e, molto spesso, pericolose&#8221;.<\/em><\/p>\n","protected":false},"excerpt":{"rendered":"<p>L&#8217;assessora alla Polizia locale ed alla Sicurezza, Giuggi Palmenta, ha preso parte alla fase conclusiva del progetto &#8220;Nei panni di Caino per capire e difendere le ragioni di Abele\u201d, un\u2019iniziativa&hellip;<\/p>\n","protected":false},"author":8,"featured_media":20612,"comment_status":"closed","ping_status":"open","sticky":false,"template":"","format":"standard","meta":{"_jetpack_memberships_contains_paid_content":false,"footnotes":"","jetpack_publicize_message":"","jetpack_publicize_feature_enabled":true,"jetpack_social_post_already_shared":false,"jetpack_social_options":{"image_generator_settings":{"template":"highway","default_image_id":0,"font":"","enabled":false},"version":2}},"categories":[921,196,140],"tags":[1524,395,6128],"class_list":["post-20611","post","type-post","status-publish","format-standard","has-post-thumbnail","hentry","category-home","category-news","category-reggio-calabria","tag-giuggi-palmenta","tag-polizia-di-stato","tag-universita-la-sapienza"],"yoast_head":"<!-- This site is optimized with the Yoast SEO plugin v27.2 - https:\/\/yoast.com\/product\/yoast-seo-wordpress\/ -->\n<title>Giuggi Palmenta presente all&#039;evento di Roma<\/title>\n<meta name=\"description\" content=\"L&#039;assessora alla Polizia locale, Palmenta, ha preso parte al progetto &quot;Nei panni di Caino per capire e difendere le ragioni di Abele&quot;\" \/>\n<meta name=\"robots\" content=\"index, follow, max-snippet:-1, max-image-preview:large, max-video-preview:-1\" \/>\n<link rel=\"canonical\" href=\"https:\/\/progettotouring.it\/radiotouring104\/2023\/03\/10\/giuggi-palmenta-presente-allevento-di-roma\/\" \/>\n<meta property=\"og:locale\" content=\"it_IT\" \/>\n<meta property=\"og:type\" content=\"article\" \/>\n<meta property=\"og:title\" content=\"Giuggi Palmenta presente all&#039;evento di Roma\" \/>\n<meta property=\"og:description\" content=\"L&#039;assessora alla Polizia locale, Palmenta, ha preso parte al progetto &quot;Nei panni di Caino per capire e difendere le ragioni di Abele&quot;\" \/>\n<meta property=\"og:url\" content=\"https:\/\/progettotouring.it\/radiotouring104\/2023\/03\/10\/giuggi-palmenta-presente-allevento-di-roma\/\" \/>\n<meta property=\"og:site_name\" content=\"Radio Touring 104\" \/>\n<meta property=\"article:published_time\" content=\"2023-03-10T13:53:48+00:00\" \/>\n<meta property=\"article:modified_time\" content=\"2023-03-10T16:07:53+00:00\" \/>\n<meta property=\"og:image\" content=\"https:\/\/progettotouring.it\/radiotouring104\/wp-content\/uploads\/sites\/6\/2023\/03\/Giuggi-Palmenta.jpeg\" \/>\n\t<meta property=\"og:image:width\" content=\"2000\" \/>\n\t<meta property=\"og:image:height\" content=\"1500\" \/>\n\t<meta property=\"og:image:type\" content=\"image\/jpeg\" \/>\n<meta name=\"author\" content=\"Filippo Francesco Idone\" \/>\n<meta name=\"twitter:card\" content=\"summary_large_image\" \/>\n<meta name=\"twitter:label1\" content=\"Scritto da\" \/>\n\t<meta name=\"twitter:data1\" content=\"Filippo Francesco Idone\" \/>\n\t<meta name=\"twitter:label2\" content=\"Tempo di lettura stimato\" \/>\n\t<meta name=\"twitter:data2\" content=\"2 minuti\" \/>\n<script type=\"application\/ld+json\" class=\"yoast-schema-graph\">{\"@context\":\"https:\/\/schema.org\",\"@graph\":[{\"@type\":\"Article\",\"@id\":\"https:\/\/progettotouring.it\/radiotouring104\/2023\/03\/10\/giuggi-palmenta-presente-allevento-di-roma\/#article\",\"isPartOf\":{\"@id\":\"https:\/\/progettotouring.it\/radiotouring104\/2023\/03\/10\/giuggi-palmenta-presente-allevento-di-roma\/\"},\"author\":{\"name\":\"Filippo Francesco Idone\",\"@id\":\"https:\/\/progettotouring.it\/radiotouring104\/#\/schema\/person\/4a82259ca52ac8702ad1a8f9e5a3120b\"},\"headline\":\"Giuggi Palmenta presente all&#8217;evento di Roma\",\"datePublished\":\"2023-03-10T13:53:48+00:00\",\"dateModified\":\"2023-03-10T16:07:53+00:00\",\"mainEntityOfPage\":{\"@id\":\"https:\/\/progettotouring.it\/radiotouring104\/2023\/03\/10\/giuggi-palmenta-presente-allevento-di-roma\/\"},\"wordCount\":389,\"publisher\":{\"@id\":\"https:\/\/progettotouring.it\/radiotouring104\/#organization\"},\"image\":{\"@id\":\"https:\/\/progettotouring.it\/radiotouring104\/2023\/03\/10\/giuggi-palmenta-presente-allevento-di-roma\/#primaryimage\"},\"thumbnailUrl\":\"https:\/\/progettotouring.it\/radiotouring104\/wp-content\/uploads\/sites\/6\/2023\/03\/Giuggi-Palmenta.jpeg\",\"keywords\":[\"Giuggi Palmenta\",\"polizia di stato\",\"Universit\u00e0 La Sapienza\"],\"articleSection\":[\"Home\",\"News\",\"Reggio Calabria\"],\"inLanguage\":\"it-IT\"},{\"@type\":\"WebPage\",\"@id\":\"https:\/\/progettotouring.it\/radiotouring104\/2023\/03\/10\/giuggi-palmenta-presente-allevento-di-roma\/\",\"url\":\"https:\/\/progettotouring.it\/radiotouring104\/2023\/03\/10\/giuggi-palmenta-presente-allevento-di-roma\/\",\"name\":\"Giuggi Palmenta presente all'evento di Roma\",\"isPartOf\":{\"@id\":\"https:\/\/progettotouring.it\/radiotouring104\/#website\"},\"primaryImageOfPage\":{\"@id\":\"https:\/\/progettotouring.it\/radiotouring104\/2023\/03\/10\/giuggi-palmenta-presente-allevento-di-roma\/#primaryimage\"},\"image\":{\"@id\":\"https:\/\/progettotouring.it\/radiotouring104\/2023\/03\/10\/giuggi-palmenta-presente-allevento-di-roma\/#primaryimage\"},\"thumbnailUrl\":\"https:\/\/progettotouring.it\/radiotouring104\/wp-content\/uploads\/sites\/6\/2023\/03\/Giuggi-Palmenta.jpeg\",\"datePublished\":\"2023-03-10T13:53:48+00:00\",\"dateModified\":\"2023-03-10T16:07:53+00:00\",\"description\":\"L'assessora alla Polizia locale, Palmenta, ha preso parte al progetto \\\"Nei panni di Caino per capire e difendere le ragioni di Abele\\\"\",\"breadcrumb\":{\"@id\":\"https:\/\/progettotouring.it\/radiotouring104\/2023\/03\/10\/giuggi-palmenta-presente-allevento-di-roma\/#breadcrumb\"},\"inLanguage\":\"it-IT\",\"potentialAction\":[{\"@type\":\"ReadAction\",\"target\":[\"https:\/\/progettotouring.it\/radiotouring104\/2023\/03\/10\/giuggi-palmenta-presente-allevento-di-roma\/\"]}]},{\"@type\":\"ImageObject\",\"inLanguage\":\"it-IT\",\"@id\":\"https:\/\/progettotouring.it\/radiotouring104\/2023\/03\/10\/giuggi-palmenta-presente-allevento-di-roma\/#primaryimage\",\"url\":\"https:\/\/progettotouring.it\/radiotouring104\/wp-content\/uploads\/sites\/6\/2023\/03\/Giuggi-Palmenta.jpeg\",\"contentUrl\":\"https:\/\/progettotouring.it\/radiotouring104\/wp-content\/uploads\/sites\/6\/2023\/03\/Giuggi-Palmenta.jpeg\",\"width\":2000,\"height\":1500},{\"@type\":\"BreadcrumbList\",\"@id\":\"https:\/\/progettotouring.it\/radiotouring104\/2023\/03\/10\/giuggi-palmenta-presente-allevento-di-roma\/#breadcrumb\",\"itemListElement\":[{\"@type\":\"ListItem\",\"position\":1,\"name\":\"Home\",\"item\":\"https:\/\/progettotouring.it\/radiotouring104\/\"},{\"@type\":\"ListItem\",\"position\":2,\"name\":\"Giuggi Palmenta presente all&#8217;evento di Roma\"}]},{\"@type\":\"WebSite\",\"@id\":\"https:\/\/progettotouring.it\/radiotouring104\/#website\",\"url\":\"https:\/\/progettotouring.it\/radiotouring104\/\",\"name\":\"Radio Touring 104\",\"description\":\"La prima radio Reggina\",\"publisher\":{\"@id\":\"https:\/\/progettotouring.it\/radiotouring104\/#organization\"},\"potentialAction\":[{\"@type\":\"SearchAction\",\"target\":{\"@type\":\"EntryPoint\",\"urlTemplate\":\"https:\/\/progettotouring.it\/radiotouring104\/?s={search_term_string}\"},\"query-input\":{\"@type\":\"PropertyValueSpecification\",\"valueRequired\":true,\"valueName\":\"search_term_string\"}}],\"inLanguage\":\"it-IT\"},{\"@type\":\"Organization\",\"@id\":\"https:\/\/progettotouring.it\/radiotouring104\/#organization\",\"name\":\"Radio Touring 104\",\"url\":\"https:\/\/progettotouring.it\/radiotouring104\/\",\"logo\":{\"@type\":\"ImageObject\",\"inLanguage\":\"it-IT\",\"@id\":\"https:\/\/progettotouring.it\/radiotouring104\/#\/schema\/logo\/image\/\",\"url\":\"https:\/\/progettotouring.it\/radiotouring104\/wp-content\/uploads\/sites\/6\/2022\/02\/cropped-logo-radio-touring-104.png\",\"contentUrl\":\"https:\/\/progettotouring.it\/radiotouring104\/wp-content\/uploads\/sites\/6\/2022\/02\/cropped-logo-radio-touring-104.png\",\"width\":377,\"height\":182,\"caption\":\"Radio Touring 104\"},\"image\":{\"@id\":\"https:\/\/progettotouring.it\/radiotouring104\/#\/schema\/logo\/image\/\"}},{\"@type\":\"Person\",\"@id\":\"https:\/\/progettotouring.it\/radiotouring104\/#\/schema\/person\/4a82259ca52ac8702ad1a8f9e5a3120b\",\"name\":\"Filippo Francesco Idone\",\"image\":{\"@type\":\"ImageObject\",\"inLanguage\":\"it-IT\",\"@id\":\"https:\/\/secure.gravatar.com\/avatar\/7268715d2366395c3dd314385670e6484117d44f5c442e61e230f7008b7b62d3?s=96&d=mm&r=g\",\"url\":\"https:\/\/secure.gravatar.com\/avatar\/7268715d2366395c3dd314385670e6484117d44f5c442e61e230f7008b7b62d3?s=96&d=mm&r=g\",\"contentUrl\":\"https:\/\/secure.gravatar.com\/avatar\/7268715d2366395c3dd314385670e6484117d44f5c442e61e230f7008b7b62d3?s=96&d=mm&r=g\",\"caption\":\"Filippo Francesco Idone\"},\"url\":\"https:\/\/progettotouring.it\/radiotouring104\/author\/filippoidone\/\"}]}<\/script>\n<!-- \/ Yoast SEO plugin. -->","yoast_head_json":{"title":"Giuggi Palmenta presente all'evento di Roma","description":"L'assessora alla Polizia locale, Palmenta, ha preso parte al progetto \"Nei panni di Caino per capire e difendere le ragioni di Abele\"","robots":{"index":"index","follow":"follow","max-snippet":"max-snippet:-1","max-image-preview":"max-image-preview:large","max-video-preview":"max-video-preview:-1"},"canonical":"https:\/\/progettotouring.it\/radiotouring104\/2023\/03\/10\/giuggi-palmenta-presente-allevento-di-roma\/","og_locale":"it_IT","og_type":"article","og_title":"Giuggi Palmenta presente all'evento di Roma","og_description":"L'assessora alla Polizia locale, Palmenta, ha preso parte al progetto \"Nei panni di Caino per capire e difendere le ragioni di Abele\"","og_url":"https:\/\/progettotouring.it\/radiotouring104\/2023\/03\/10\/giuggi-palmenta-presente-allevento-di-roma\/","og_site_name":"Radio Touring 104","article_published_time":"2023-03-10T13:53:48+00:00","article_modified_time":"2023-03-10T16:07:53+00:00","og_image":[{"width":2000,"height":1500,"url":"https:\/\/progettotouring.it\/radiotouring104\/wp-content\/uploads\/sites\/6\/2023\/03\/Giuggi-Palmenta.jpeg","type":"image\/jpeg"}],"author":"Filippo Francesco Idone","twitter_card":"summary_large_image","twitter_misc":{"Scritto da":"Filippo Francesco Idone","Tempo di lettura stimato":"2 minuti"},"schema":{"@context":"https:\/\/schema.org","@graph":[{"@type":"Article","@id":"https:\/\/progettotouring.it\/radiotouring104\/2023\/03\/10\/giuggi-palmenta-presente-allevento-di-roma\/#article","isPartOf":{"@id":"https:\/\/progettotouring.it\/radiotouring104\/2023\/03\/10\/giuggi-palmenta-presente-allevento-di-roma\/"},"author":{"name":"Filippo Francesco Idone","@id":"https:\/\/progettotouring.it\/radiotouring104\/#\/schema\/person\/4a82259ca52ac8702ad1a8f9e5a3120b"},"headline":"Giuggi Palmenta presente all&#8217;evento di Roma","datePublished":"2023-03-10T13:53:48+00:00","dateModified":"2023-03-10T16:07:53+00:00","mainEntityOfPage":{"@id":"https:\/\/progettotouring.it\/radiotouring104\/2023\/03\/10\/giuggi-palmenta-presente-allevento-di-roma\/"},"wordCount":389,"publisher":{"@id":"https:\/\/progettotouring.it\/radiotouring104\/#organization"},"image":{"@id":"https:\/\/progettotouring.it\/radiotouring104\/2023\/03\/10\/giuggi-palmenta-presente-allevento-di-roma\/#primaryimage"},"thumbnailUrl":"https:\/\/progettotouring.it\/radiotouring104\/wp-content\/uploads\/sites\/6\/2023\/03\/Giuggi-Palmenta.jpeg","keywords":["Giuggi Palmenta","polizia di stato","Universit\u00e0 La Sapienza"],"articleSection":["Home","News","Reggio Calabria"],"inLanguage":"it-IT"},{"@type":"WebPage","@id":"https:\/\/progettotouring.it\/radiotouring104\/2023\/03\/10\/giuggi-palmenta-presente-allevento-di-roma\/","url":"https:\/\/progettotouring.it\/radiotouring104\/2023\/03\/10\/giuggi-palmenta-presente-allevento-di-roma\/","name":"Giuggi Palmenta presente all'evento di Roma","isPartOf":{"@id":"https:\/\/progettotouring.it\/radiotouring104\/#website"},"primaryImageOfPage":{"@id":"https:\/\/progettotouring.it\/radiotouring104\/2023\/03\/10\/giuggi-palmenta-presente-allevento-di-roma\/#primaryimage"},"image":{"@id":"https:\/\/progettotouring.it\/radiotouring104\/2023\/03\/10\/giuggi-palmenta-presente-allevento-di-roma\/#primaryimage"},"thumbnailUrl":"https:\/\/progettotouring.it\/radiotouring104\/wp-content\/uploads\/sites\/6\/2023\/03\/Giuggi-Palmenta.jpeg","datePublished":"2023-03-10T13:53:48+00:00","dateModified":"2023-03-10T16:07:53+00:00","description":"L'assessora alla Polizia locale, Palmenta, ha preso parte al progetto \"Nei panni di Caino per capire e difendere le ragioni di Abele\"","breadcrumb":{"@id":"https:\/\/progettotouring.it\/radiotouring104\/2023\/03\/10\/giuggi-palmenta-presente-allevento-di-roma\/#breadcrumb"},"inLanguage":"it-IT","potentialAction":[{"@type":"ReadAction","target":["https:\/\/progettotouring.it\/radiotouring104\/2023\/03\/10\/giuggi-palmenta-presente-allevento-di-roma\/"]}]},{"@type":"ImageObject","inLanguage":"it-IT","@id":"https:\/\/progettotouring.it\/radiotouring104\/2023\/03\/10\/giuggi-palmenta-presente-allevento-di-roma\/#primaryimage","url":"https:\/\/progettotouring.it\/radiotouring104\/wp-content\/uploads\/sites\/6\/2023\/03\/Giuggi-Palmenta.jpeg","contentUrl":"https:\/\/progettotouring.it\/radiotouring104\/wp-content\/uploads\/sites\/6\/2023\/03\/Giuggi-Palmenta.jpeg","width":2000,"height":1500},{"@type":"BreadcrumbList","@id":"https:\/\/progettotouring.it\/radiotouring104\/2023\/03\/10\/giuggi-palmenta-presente-allevento-di-roma\/#breadcrumb","itemListElement":[{"@type":"ListItem","position":1,"name":"Home","item":"https:\/\/progettotouring.it\/radiotouring104\/"},{"@type":"ListItem","position":2,"name":"Giuggi Palmenta presente all&#8217;evento di Roma"}]},{"@type":"WebSite","@id":"https:\/\/progettotouring.it\/radiotouring104\/#website","url":"https:\/\/progettotouring.it\/radiotouring104\/","name":"Radio Touring 104","description":"La prima radio Reggina","publisher":{"@id":"https:\/\/progettotouring.it\/radiotouring104\/#organization"},"potentialAction":[{"@type":"SearchAction","target":{"@type":"EntryPoint","urlTemplate":"https:\/\/progettotouring.it\/radiotouring104\/?s={search_term_string}"},"query-input":{"@type":"PropertyValueSpecification","valueRequired":true,"valueName":"search_term_string"}}],"inLanguage":"it-IT"},{"@type":"Organization","@id":"https:\/\/progettotouring.it\/radiotouring104\/#organization","name":"Radio Touring 104","url":"https:\/\/progettotouring.it\/radiotouring104\/","logo":{"@type":"ImageObject","inLanguage":"it-IT","@id":"https:\/\/progettotouring.it\/radiotouring104\/#\/schema\/logo\/image\/","url":"https:\/\/progettotouring.it\/radiotouring104\/wp-content\/uploads\/sites\/6\/2022\/02\/cropped-logo-radio-touring-104.png","contentUrl":"https:\/\/progettotouring.it\/radiotouring104\/wp-content\/uploads\/sites\/6\/2022\/02\/cropped-logo-radio-touring-104.png","width":377,"height":182,"caption":"Radio Touring 104"},"image":{"@id":"https:\/\/progettotouring.it\/radiotouring104\/#\/schema\/logo\/image\/"}},{"@type":"Person","@id":"https:\/\/progettotouring.it\/radiotouring104\/#\/schema\/person\/4a82259ca52ac8702ad1a8f9e5a3120b","name":"Filippo Francesco Idone","image":{"@type":"ImageObject","inLanguage":"it-IT","@id":"https:\/\/secure.gravatar.com\/avatar\/7268715d2366395c3dd314385670e6484117d44f5c442e61e230f7008b7b62d3?s=96&d=mm&r=g","url":"https:\/\/secure.gravatar.com\/avatar\/7268715d2366395c3dd314385670e6484117d44f5c442e61e230f7008b7b62d3?s=96&d=mm&r=g","contentUrl":"https:\/\/secure.gravatar.com\/avatar\/7268715d2366395c3dd314385670e6484117d44f5c442e61e230f7008b7b62d3?s=96&d=mm&r=g","caption":"Filippo Francesco Idone"},"url":"https:\/\/progettotouring.it\/radiotouring104\/author\/filippoidone\/"}]}},"jetpack_publicize_connections":[],"jetpack_featured_media_url":"https:\/\/progettotouring.it\/radiotouring104\/wp-content\/uploads\/sites\/6\/2023\/03\/Giuggi-Palmenta.jpeg","jetpack_sharing_enabled":true,"_links":{"self":[{"href":"https:\/\/progettotouring.it\/radiotouring104\/wp-json\/wp\/v2\/posts\/20611","targetHints":{"allow":["GET"]}}],"collection":[{"href":"https:\/\/progettotouring.it\/radiotouring104\/wp-json\/wp\/v2\/posts"}],"about":[{"href":"https:\/\/progettotouring.it\/radiotouring104\/wp-json\/wp\/v2\/types\/post"}],"author":[{"embeddable":true,"href":"https:\/\/progettotouring.it\/radiotouring104\/wp-json\/wp\/v2\/users\/8"}],"replies":[{"embeddable":true,"href":"https:\/\/progettotouring.it\/radiotouring104\/wp-json\/wp\/v2\/comments?post=20611"}],"version-history":[{"count":1,"href":"https:\/\/progettotouring.it\/radiotouring104\/wp-json\/wp\/v2\/posts\/20611\/revisions"}],"predecessor-version":[{"id":20613,"href":"https:\/\/progettotouring.it\/radiotouring104\/wp-json\/wp\/v2\/posts\/20611\/revisions\/20613"}],"wp:featuredmedia":[{"embeddable":true,"href":"https:\/\/progettotouring.it\/radiotouring104\/wp-json\/wp\/v2\/media\/20612"}],"wp:attachment":[{"href":"https:\/\/progettotouring.it\/radiotouring104\/wp-json\/wp\/v2\/media?parent=20611"}],"wp:term":[{"taxonomy":"category","embeddable":true,"href":"https:\/\/progettotouring.it\/radiotouring104\/wp-json\/wp\/v2\/categories?post=20611"},{"taxonomy":"post_tag","embeddable":true,"href":"https:\/\/progettotouring.it\/radiotouring104\/wp-json\/wp\/v2\/tags?post=20611"}],"curies":[{"name":"wp","href":"https:\/\/api.w.org\/{rel}","templated":true}]}}