{"id":20614,"date":"2023-03-10T15:08:00","date_gmt":"2023-03-10T14:08:00","guid":{"rendered":"https:\/\/progettotouring.it\/radiotouring104\/?p=20614"},"modified":"2023-03-10T17:12:21","modified_gmt":"2023-03-10T16:12:21","slug":"diamante-parte-la-prevendita-per-il-concerto-di-geolier","status":"publish","type":"post","link":"https:\/\/progettotouring.it\/radiotouring104\/2023\/03\/10\/diamante-parte-la-prevendita-per-il-concerto-di-geolier\/","title":{"rendered":"Diamante: parte la prevendita per il concerto di Geolier\u00a0"},"content":{"rendered":"<p class=\"xmprfx_MsoNormal\" style=\"text-align: justify\">Parte oggi la prevendita dei biglietti per il concerto di\u00a0<b>Geolier<\/b>\u00a0di marted\u00ec 8 agosto alle ore 21:30 al\u00a0<b>Teatro dei Ruderi di Cirella\u00a0<\/b>a Diamante, unico concerto in Calabria del suo\u00a0<b><i>Il coraggio dei bambini Summer Tour<\/i><\/b>,\u00a0 inserito nella parte estiva di\u00a0<b>Fatti di Musica<\/b>, la XXXVII edizione del Festival-Premio del Live d\u2019Autore ideato e diretto da\u00a0<b>Ruggero Pegna,\u00a0<\/b>che si svolge ogni anno in location della Calabria tra le pi\u00f9 accoglienti e suggestive dal punto di vista paesaggistico e culturale.\u00a0 L\u2019evento fa anche parte della ricca programmazione d\u2019agosto dello splendido teatro all\u2019aperto diretto da\u00a0<b>Alfredo De Luca<\/b>, situato nel cuore dell\u2019area archeologica dell\u2019antica Cirellae, con vista mozzafiato sull\u2019isola di Cirella e l\u2019intera costa tirrenica. <b>Geolier,\u00a0<\/b>il cui vero nome \u00e8 Emanuele Palumbo, \u00e8 uno dei protagonisti pi\u00f9 attesi della sezione del festival dedicata alla nuova musica italiana e, in generale, dell\u2019estate dei grandi live. Nato il 23 marzo del 2000 a Napoli, nel quartiere di Secondigliano, \u00e8 uno degli artisti urban e rap pi\u00f9 amati dalla Generazione Zeta. Ha gi\u00e0 collezionato\u00a08 dischi di platino\u00a0e 18 dischi d&#8217;oro, a cui si possono aggiungere oltre 1.3 miliardi di streaming audio e video.<\/p>\n<p><img fetchpriority=\"high\" decoding=\"async\" class=\"alignnone size-medium wp-image-20616\" src=\"https:\/\/progettotouring.it\/radiotouring104\/wp-content\/uploads\/sites\/6\/2023\/03\/Geolier-Diamante-210x300.jpg\" alt=\"\" width=\"210\" height=\"300\" srcset=\"https:\/\/progettotouring.it\/radiotouring104\/wp-content\/uploads\/sites\/6\/2023\/03\/Geolier-Diamante-210x300.jpg 210w, https:\/\/progettotouring.it\/radiotouring104\/wp-content\/uploads\/sites\/6\/2023\/03\/Geolier-Diamante-717x1024.jpg 717w, https:\/\/progettotouring.it\/radiotouring104\/wp-content\/uploads\/sites\/6\/2023\/03\/Geolier-Diamante-768x1097.jpg 768w, https:\/\/progettotouring.it\/radiotouring104\/wp-content\/uploads\/sites\/6\/2023\/03\/Geolier-Diamante-1075x1536.jpg 1075w, https:\/\/progettotouring.it\/radiotouring104\/wp-content\/uploads\/sites\/6\/2023\/03\/Geolier-Diamante-585x836.jpg 585w, https:\/\/progettotouring.it\/radiotouring104\/wp-content\/uploads\/sites\/6\/2023\/03\/Geolier-Diamante.jpg 1120w\" sizes=\"(max-width: 210px) 100vw, 210px\" \/><\/p>\n<p class=\"xmprfx_MsoNormal\" style=\"text-align: justify\">Apparso nel 2018 con il brano\u00a0<i>P Secondigliano<\/i>, pubblicato in collaborazione con Nicola Siciliano, diventato in poco tempo virale sul web, ha inanellato una serie di successi che lo hanno reso ben presto popolarissimo: da\u00a0<i>Mercedes<\/i>\u00a0a\u00a0<i>Queen<\/i>, brano poi remixato da Madman per il suo\u00a0<i>MM Mixtape Vol.3<\/i>. Il 18 ottobre 2018 esce\u00a0<i>Mexico<\/i>, singolo che anticipa il disco ufficiale. Nel 2019 entra a far parte di BFM Music, la label di Luch\u00e8 che punta sui talenti campani, collaborando con Emis Killa, sia per il singolo\u00a0<i>Como Te<\/i>\u00a0sia per\u00a0<i>Montecarlo.\u00a0<\/i>Dopo altre esperienze con big del genere, l\u201911 ottobre 2019 pubblica\u00a0<b><i>Emanuele<\/i><\/b>, il suo primo album ufficiale diretto da Dat Boi Dee, in cui sono ospiti Luch\u00e8, Gu\u00e9, MV Killa e Lele Blade. Il 2020 si apre con\u00a0<i>Superstar<\/i>, brano in collaborazione con I Desideri e con Fuego, insieme a Neves17 e Lele Blade. Il 12 giugno 2020 \u00e8 protagonista in\u00a0<i>M\u2019Manc\u00a0<\/i>con Sfera Ebbasta, traccia prodotta da Shablo che diventa una hit virale in breve tempo.<\/p>\n<p class=\"xmprfx_MsoNormal\" style=\"text-align: justify\">Il 4 settembre 2020 esce\u00a0<i>Buongiorno<\/i>, progetto di Gigi D\u2019Alessio che vede la riedizione di alcuni dei suoi brani pi\u00f9 celebri in compagnia di diversi artisti della scena campana. Troviamo\u00a0<b>Geolier\u00a0<\/b>nei remix di\u00a0<i>Comme si femmena<\/i>, in quello di\u00a0<i>Comme si fragile<\/i>\u00a0e nella title track\u00a0<i>Buongiorno<\/i>.<\/p>\n<p class=\"xmprfx_MsoNormal\" style=\"text-align: justify\">Numerosissimi i featuring: da\u00a0<b>Lazza\u00a0<\/b>a\u00a0<b>Clementino, Shablo, Coez<\/b>. Il 16 settembre 2020 esce\u00a0<i>Botox\u00a0<\/i>di Night Skinny, che vede Geolier addirittura in ben quattro brani:\u00a0<i>Dedication, Giorni Contati, Fake<\/i>\u00a0e nella\u00a0<i>BTX Posse<\/i>. A proposito di posse track, ad ottobre esce anche quella di Red Bull con la sua partecipazione. Dopo tante collaborazioni, torna a lavorare sui suoi brani, e lo fa pubblicando\u00a0<b><i>Chiagne<\/i><\/b>\u00a0con Lazza, prodotta da Takagi &amp; Ketra e\u00a0<b><i>Money<\/i><\/b>.\u00a0<i>Acqua Tonica<\/i>\u00a0di Ernia e\u00a0<i>Un Altro Show<\/i>\u00a0di Shiva sono le uniche due comparse prima dell\u2019attesissimo suo secondo album ufficiale, intitolato\u00a0<b><i>Il Coraggio dei Bambini\u00a0<\/i><\/b>uscito lo scorso 6 gennaio e subito in cima a tutte le classifiche.<\/p>\n<p class=\"xmprfx_MsoNormal\" style=\"text-align: justify\">Gi\u00e0 con\u00a0<i>Money\u00a0<\/i>e con il videoclip del brano,\u00a0<b>Geolier aveva dichiarato<\/b>:\u00a0<i>\u201cNel mio video vedete i bambini del mio quartiere, i loro sorrisi, le loro speranze: loro sono la mia faccia, loro rappresentano la forza, le paure di non farcela e il coraggio di vincere\u201d.<\/i>\u00a0 Proprio questa idea \u00e8 alla base del nuovo album pubblicato con la Columbia Records\\Sony Music Italy. Le sonorit\u00e0 dei brani sono un po\u2019 old-school, affrontando verit\u00e0, racconti di vita vissuta e racconti di strada, proprio come piace ai numerosissimi fan dell\u2019artista. I 3000 biglietti disponibili per il concerto dell\u20198 agosto a Diamante sono in vendita online su\u00a0<a href=\"http:\/\/www.ticketone.it\/\" target=\"_blank\" rel=\"noopener noreferrer\">www.ticketone.it<\/a>\u00a0e nei punti Ticketone (parterre in piedi \u20ac 35, gradinata \u20ac 42, compreso diritti di prevendita). Per ogni informazione tel. 0968441888\u00a0<a href=\"http:\/\/www.ruggeropegna.it\/\" target=\"_blank\" rel=\"noopener noreferrer\">www.ruggeropegna.it<\/a>. Nei prossimi giorni saranno comunicati gli altri attesi appuntamenti di\u00a0<b>Fatti di Musica 2023.<\/b><\/p>\n","protected":false},"excerpt":{"rendered":"<p>Parte oggi la prevendita dei biglietti per il concerto di\u00a0Geolier\u00a0di marted\u00ec 8 agosto alle ore 21:30 al\u00a0Teatro dei Ruderi di Cirella\u00a0a Diamante, unico concerto in Calabria del suo\u00a0Il coraggio dei&hellip;<\/p>\n","protected":false},"author":8,"featured_media":20615,"comment_status":"closed","ping_status":"open","sticky":false,"template":"","format":"standard","meta":{"_jetpack_memberships_contains_paid_content":false,"footnotes":"","jetpack_publicize_message":"","jetpack_publicize_feature_enabled":true,"jetpack_social_post_already_shared":false,"jetpack_social_options":{"image_generator_settings":{"template":"highway","default_image_id":0,"font":"","enabled":false},"version":2}},"categories":[142,921,147],"tags":[11291,1544,11290,3900],"class_list":["post-20614","post","type-post","status-publish","format-standard","has-post-thumbnail","hentry","category-calabria","category-home","category-spettacoli","tag-cirella","tag-diamante","tag-geolier","tag-teatro-dei-ruderi"],"yoast_head":"<!-- This site is optimized with the Yoast SEO plugin v27.2 - https:\/\/yoast.com\/product\/yoast-seo-wordpress\/ -->\n<title>Diamante: parte la prevendita per il concerto di Geolier\u00a0<\/title>\n<meta name=\"description\" content=\"Parte da oggi la prevendita per il concerto di Geolier in programma l&#039;8 agosto alle ore 21:30 al\u00a0Teatro dei Ruderi di Cirella\u00a0a Diamante\" \/>\n<meta name=\"robots\" content=\"index, follow, max-snippet:-1, max-image-preview:large, max-video-preview:-1\" \/>\n<link rel=\"canonical\" href=\"https:\/\/progettotouring.it\/radiotouring104\/2023\/03\/10\/diamante-parte-la-prevendita-per-il-concerto-di-geolier\/\" \/>\n<meta property=\"og:locale\" content=\"it_IT\" \/>\n<meta property=\"og:type\" content=\"article\" \/>\n<meta property=\"og:title\" content=\"Diamante: parte la prevendita per il concerto di Geolier\u00a0\" \/>\n<meta property=\"og:description\" content=\"Parte da oggi la prevendita per il concerto di Geolier in programma l&#039;8 agosto alle ore 21:30 al\u00a0Teatro dei Ruderi di Cirella\u00a0a Diamante\" \/>\n<meta property=\"og:url\" content=\"https:\/\/progettotouring.it\/radiotouring104\/2023\/03\/10\/diamante-parte-la-prevendita-per-il-concerto-di-geolier\/\" \/>\n<meta property=\"og:site_name\" content=\"Radio Touring 104\" \/>\n<meta property=\"article:published_time\" content=\"2023-03-10T14:08:00+00:00\" \/>\n<meta property=\"article:modified_time\" content=\"2023-03-10T16:12:21+00:00\" \/>\n<meta property=\"og:image\" content=\"https:\/\/progettotouring.it\/radiotouring104\/wp-content\/uploads\/sites\/6\/2023\/03\/Geolier-Storia-Diamante.jpg\" \/>\n\t<meta property=\"og:image:width\" content=\"649\" \/>\n\t<meta property=\"og:image:height\" content=\"537\" \/>\n\t<meta property=\"og:image:type\" content=\"image\/jpeg\" \/>\n<meta name=\"author\" content=\"Filippo Francesco Idone\" \/>\n<meta name=\"twitter:card\" content=\"summary_large_image\" \/>\n<meta name=\"twitter:label1\" content=\"Scritto da\" \/>\n\t<meta name=\"twitter:data1\" content=\"Filippo Francesco Idone\" \/>\n\t<meta name=\"twitter:label2\" content=\"Tempo di lettura stimato\" \/>\n\t<meta name=\"twitter:data2\" content=\"3 minuti\" \/>\n<script type=\"application\/ld+json\" class=\"yoast-schema-graph\">{\"@context\":\"https:\/\/schema.org\",\"@graph\":[{\"@type\":\"Article\",\"@id\":\"https:\/\/progettotouring.it\/radiotouring104\/2023\/03\/10\/diamante-parte-la-prevendita-per-il-concerto-di-geolier\/#article\",\"isPartOf\":{\"@id\":\"https:\/\/progettotouring.it\/radiotouring104\/2023\/03\/10\/diamante-parte-la-prevendita-per-il-concerto-di-geolier\/\"},\"author\":{\"name\":\"Filippo Francesco Idone\",\"@id\":\"https:\/\/progettotouring.it\/radiotouring104\/#\/schema\/person\/4a82259ca52ac8702ad1a8f9e5a3120b\"},\"headline\":\"Diamante: parte la prevendita per il concerto di Geolier\u00a0\",\"datePublished\":\"2023-03-10T14:08:00+00:00\",\"dateModified\":\"2023-03-10T16:12:21+00:00\",\"mainEntityOfPage\":{\"@id\":\"https:\/\/progettotouring.it\/radiotouring104\/2023\/03\/10\/diamante-parte-la-prevendita-per-il-concerto-di-geolier\/\"},\"wordCount\":659,\"publisher\":{\"@id\":\"https:\/\/progettotouring.it\/radiotouring104\/#organization\"},\"image\":{\"@id\":\"https:\/\/progettotouring.it\/radiotouring104\/2023\/03\/10\/diamante-parte-la-prevendita-per-il-concerto-di-geolier\/#primaryimage\"},\"thumbnailUrl\":\"https:\/\/progettotouring.it\/radiotouring104\/wp-content\/uploads\/sites\/6\/2023\/03\/Geolier-Storia-Diamante.jpg\",\"keywords\":[\"Cirella\",\"diamante\",\"geolier\",\"Teatro dei Ruderi\"],\"articleSection\":[\"Calabria\",\"Home\",\"Spettacoli\"],\"inLanguage\":\"it-IT\"},{\"@type\":\"WebPage\",\"@id\":\"https:\/\/progettotouring.it\/radiotouring104\/2023\/03\/10\/diamante-parte-la-prevendita-per-il-concerto-di-geolier\/\",\"url\":\"https:\/\/progettotouring.it\/radiotouring104\/2023\/03\/10\/diamante-parte-la-prevendita-per-il-concerto-di-geolier\/\",\"name\":\"Diamante: parte la prevendita per il concerto di Geolier\u00a0\",\"isPartOf\":{\"@id\":\"https:\/\/progettotouring.it\/radiotouring104\/#website\"},\"primaryImageOfPage\":{\"@id\":\"https:\/\/progettotouring.it\/radiotouring104\/2023\/03\/10\/diamante-parte-la-prevendita-per-il-concerto-di-geolier\/#primaryimage\"},\"image\":{\"@id\":\"https:\/\/progettotouring.it\/radiotouring104\/2023\/03\/10\/diamante-parte-la-prevendita-per-il-concerto-di-geolier\/#primaryimage\"},\"thumbnailUrl\":\"https:\/\/progettotouring.it\/radiotouring104\/wp-content\/uploads\/sites\/6\/2023\/03\/Geolier-Storia-Diamante.jpg\",\"datePublished\":\"2023-03-10T14:08:00+00:00\",\"dateModified\":\"2023-03-10T16:12:21+00:00\",\"description\":\"Parte da oggi la prevendita per il concerto di Geolier in programma l'8 agosto alle ore 21:30 al\u00a0Teatro dei Ruderi di Cirella\u00a0a Diamante\",\"breadcrumb\":{\"@id\":\"https:\/\/progettotouring.it\/radiotouring104\/2023\/03\/10\/diamante-parte-la-prevendita-per-il-concerto-di-geolier\/#breadcrumb\"},\"inLanguage\":\"it-IT\",\"potentialAction\":[{\"@type\":\"ReadAction\",\"target\":[\"https:\/\/progettotouring.it\/radiotouring104\/2023\/03\/10\/diamante-parte-la-prevendita-per-il-concerto-di-geolier\/\"]}]},{\"@type\":\"ImageObject\",\"inLanguage\":\"it-IT\",\"@id\":\"https:\/\/progettotouring.it\/radiotouring104\/2023\/03\/10\/diamante-parte-la-prevendita-per-il-concerto-di-geolier\/#primaryimage\",\"url\":\"https:\/\/progettotouring.it\/radiotouring104\/wp-content\/uploads\/sites\/6\/2023\/03\/Geolier-Storia-Diamante.jpg\",\"contentUrl\":\"https:\/\/progettotouring.it\/radiotouring104\/wp-content\/uploads\/sites\/6\/2023\/03\/Geolier-Storia-Diamante.jpg\",\"width\":649,\"height\":537},{\"@type\":\"BreadcrumbList\",\"@id\":\"https:\/\/progettotouring.it\/radiotouring104\/2023\/03\/10\/diamante-parte-la-prevendita-per-il-concerto-di-geolier\/#breadcrumb\",\"itemListElement\":[{\"@type\":\"ListItem\",\"position\":1,\"name\":\"Home\",\"item\":\"https:\/\/progettotouring.it\/radiotouring104\/\"},{\"@type\":\"ListItem\",\"position\":2,\"name\":\"Diamante: parte la prevendita per il concerto di Geolier\u00a0\"}]},{\"@type\":\"WebSite\",\"@id\":\"https:\/\/progettotouring.it\/radiotouring104\/#website\",\"url\":\"https:\/\/progettotouring.it\/radiotouring104\/\",\"name\":\"Radio Touring 104\",\"description\":\"La prima radio Reggina\",\"publisher\":{\"@id\":\"https:\/\/progettotouring.it\/radiotouring104\/#organization\"},\"potentialAction\":[{\"@type\":\"SearchAction\",\"target\":{\"@type\":\"EntryPoint\",\"urlTemplate\":\"https:\/\/progettotouring.it\/radiotouring104\/?s={search_term_string}\"},\"query-input\":{\"@type\":\"PropertyValueSpecification\",\"valueRequired\":true,\"valueName\":\"search_term_string\"}}],\"inLanguage\":\"it-IT\"},{\"@type\":\"Organization\",\"@id\":\"https:\/\/progettotouring.it\/radiotouring104\/#organization\",\"name\":\"Radio Touring 104\",\"url\":\"https:\/\/progettotouring.it\/radiotouring104\/\",\"logo\":{\"@type\":\"ImageObject\",\"inLanguage\":\"it-IT\",\"@id\":\"https:\/\/progettotouring.it\/radiotouring104\/#\/schema\/logo\/image\/\",\"url\":\"https:\/\/progettotouring.it\/radiotouring104\/wp-content\/uploads\/sites\/6\/2022\/02\/cropped-logo-radio-touring-104.png\",\"contentUrl\":\"https:\/\/progettotouring.it\/radiotouring104\/wp-content\/uploads\/sites\/6\/2022\/02\/cropped-logo-radio-touring-104.png\",\"width\":377,\"height\":182,\"caption\":\"Radio Touring 104\"},\"image\":{\"@id\":\"https:\/\/progettotouring.it\/radiotouring104\/#\/schema\/logo\/image\/\"}},{\"@type\":\"Person\",\"@id\":\"https:\/\/progettotouring.it\/radiotouring104\/#\/schema\/person\/4a82259ca52ac8702ad1a8f9e5a3120b\",\"name\":\"Filippo Francesco Idone\",\"image\":{\"@type\":\"ImageObject\",\"inLanguage\":\"it-IT\",\"@id\":\"https:\/\/secure.gravatar.com\/avatar\/7268715d2366395c3dd314385670e6484117d44f5c442e61e230f7008b7b62d3?s=96&d=mm&r=g\",\"url\":\"https:\/\/secure.gravatar.com\/avatar\/7268715d2366395c3dd314385670e6484117d44f5c442e61e230f7008b7b62d3?s=96&d=mm&r=g\",\"contentUrl\":\"https:\/\/secure.gravatar.com\/avatar\/7268715d2366395c3dd314385670e6484117d44f5c442e61e230f7008b7b62d3?s=96&d=mm&r=g\",\"caption\":\"Filippo Francesco Idone\"},\"url\":\"https:\/\/progettotouring.it\/radiotouring104\/author\/filippoidone\/\"}]}<\/script>\n<!-- \/ Yoast SEO plugin. -->","yoast_head_json":{"title":"Diamante: parte la prevendita per il concerto di Geolier\u00a0","description":"Parte da oggi la prevendita per il concerto di Geolier in programma l'8 agosto alle ore 21:30 al\u00a0Teatro dei Ruderi di Cirella\u00a0a Diamante","robots":{"index":"index","follow":"follow","max-snippet":"max-snippet:-1","max-image-preview":"max-image-preview:large","max-video-preview":"max-video-preview:-1"},"canonical":"https:\/\/progettotouring.it\/radiotouring104\/2023\/03\/10\/diamante-parte-la-prevendita-per-il-concerto-di-geolier\/","og_locale":"it_IT","og_type":"article","og_title":"Diamante: parte la prevendita per il concerto di Geolier\u00a0","og_description":"Parte da oggi la prevendita per il concerto di Geolier in programma l'8 agosto alle ore 21:30 al\u00a0Teatro dei Ruderi di Cirella\u00a0a Diamante","og_url":"https:\/\/progettotouring.it\/radiotouring104\/2023\/03\/10\/diamante-parte-la-prevendita-per-il-concerto-di-geolier\/","og_site_name":"Radio Touring 104","article_published_time":"2023-03-10T14:08:00+00:00","article_modified_time":"2023-03-10T16:12:21+00:00","og_image":[{"width":649,"height":537,"url":"https:\/\/progettotouring.it\/radiotouring104\/wp-content\/uploads\/sites\/6\/2023\/03\/Geolier-Storia-Diamante.jpg","type":"image\/jpeg"}],"author":"Filippo Francesco Idone","twitter_card":"summary_large_image","twitter_misc":{"Scritto da":"Filippo Francesco Idone","Tempo di lettura stimato":"3 minuti"},"schema":{"@context":"https:\/\/schema.org","@graph":[{"@type":"Article","@id":"https:\/\/progettotouring.it\/radiotouring104\/2023\/03\/10\/diamante-parte-la-prevendita-per-il-concerto-di-geolier\/#article","isPartOf":{"@id":"https:\/\/progettotouring.it\/radiotouring104\/2023\/03\/10\/diamante-parte-la-prevendita-per-il-concerto-di-geolier\/"},"author":{"name":"Filippo Francesco Idone","@id":"https:\/\/progettotouring.it\/radiotouring104\/#\/schema\/person\/4a82259ca52ac8702ad1a8f9e5a3120b"},"headline":"Diamante: parte la prevendita per il concerto di Geolier\u00a0","datePublished":"2023-03-10T14:08:00+00:00","dateModified":"2023-03-10T16:12:21+00:00","mainEntityOfPage":{"@id":"https:\/\/progettotouring.it\/radiotouring104\/2023\/03\/10\/diamante-parte-la-prevendita-per-il-concerto-di-geolier\/"},"wordCount":659,"publisher":{"@id":"https:\/\/progettotouring.it\/radiotouring104\/#organization"},"image":{"@id":"https:\/\/progettotouring.it\/radiotouring104\/2023\/03\/10\/diamante-parte-la-prevendita-per-il-concerto-di-geolier\/#primaryimage"},"thumbnailUrl":"https:\/\/progettotouring.it\/radiotouring104\/wp-content\/uploads\/sites\/6\/2023\/03\/Geolier-Storia-Diamante.jpg","keywords":["Cirella","diamante","geolier","Teatro dei Ruderi"],"articleSection":["Calabria","Home","Spettacoli"],"inLanguage":"it-IT"},{"@type":"WebPage","@id":"https:\/\/progettotouring.it\/radiotouring104\/2023\/03\/10\/diamante-parte-la-prevendita-per-il-concerto-di-geolier\/","url":"https:\/\/progettotouring.it\/radiotouring104\/2023\/03\/10\/diamante-parte-la-prevendita-per-il-concerto-di-geolier\/","name":"Diamante: parte la prevendita per il concerto di Geolier\u00a0","isPartOf":{"@id":"https:\/\/progettotouring.it\/radiotouring104\/#website"},"primaryImageOfPage":{"@id":"https:\/\/progettotouring.it\/radiotouring104\/2023\/03\/10\/diamante-parte-la-prevendita-per-il-concerto-di-geolier\/#primaryimage"},"image":{"@id":"https:\/\/progettotouring.it\/radiotouring104\/2023\/03\/10\/diamante-parte-la-prevendita-per-il-concerto-di-geolier\/#primaryimage"},"thumbnailUrl":"https:\/\/progettotouring.it\/radiotouring104\/wp-content\/uploads\/sites\/6\/2023\/03\/Geolier-Storia-Diamante.jpg","datePublished":"2023-03-10T14:08:00+00:00","dateModified":"2023-03-10T16:12:21+00:00","description":"Parte da oggi la prevendita per il concerto di Geolier in programma l'8 agosto alle ore 21:30 al\u00a0Teatro dei Ruderi di Cirella\u00a0a Diamante","breadcrumb":{"@id":"https:\/\/progettotouring.it\/radiotouring104\/2023\/03\/10\/diamante-parte-la-prevendita-per-il-concerto-di-geolier\/#breadcrumb"},"inLanguage":"it-IT","potentialAction":[{"@type":"ReadAction","target":["https:\/\/progettotouring.it\/radiotouring104\/2023\/03\/10\/diamante-parte-la-prevendita-per-il-concerto-di-geolier\/"]}]},{"@type":"ImageObject","inLanguage":"it-IT","@id":"https:\/\/progettotouring.it\/radiotouring104\/2023\/03\/10\/diamante-parte-la-prevendita-per-il-concerto-di-geolier\/#primaryimage","url":"https:\/\/progettotouring.it\/radiotouring104\/wp-content\/uploads\/sites\/6\/2023\/03\/Geolier-Storia-Diamante.jpg","contentUrl":"https:\/\/progettotouring.it\/radiotouring104\/wp-content\/uploads\/sites\/6\/2023\/03\/Geolier-Storia-Diamante.jpg","width":649,"height":537},{"@type":"BreadcrumbList","@id":"https:\/\/progettotouring.it\/radiotouring104\/2023\/03\/10\/diamante-parte-la-prevendita-per-il-concerto-di-geolier\/#breadcrumb","itemListElement":[{"@type":"ListItem","position":1,"name":"Home","item":"https:\/\/progettotouring.it\/radiotouring104\/"},{"@type":"ListItem","position":2,"name":"Diamante: parte la prevendita per il concerto di Geolier\u00a0"}]},{"@type":"WebSite","@id":"https:\/\/progettotouring.it\/radiotouring104\/#website","url":"https:\/\/progettotouring.it\/radiotouring104\/","name":"Radio Touring 104","description":"La prima radio Reggina","publisher":{"@id":"https:\/\/progettotouring.it\/radiotouring104\/#organization"},"potentialAction":[{"@type":"SearchAction","target":{"@type":"EntryPoint","urlTemplate":"https:\/\/progettotouring.it\/radiotouring104\/?s={search_term_string}"},"query-input":{"@type":"PropertyValueSpecification","valueRequired":true,"valueName":"search_term_string"}}],"inLanguage":"it-IT"},{"@type":"Organization","@id":"https:\/\/progettotouring.it\/radiotouring104\/#organization","name":"Radio Touring 104","url":"https:\/\/progettotouring.it\/radiotouring104\/","logo":{"@type":"ImageObject","inLanguage":"it-IT","@id":"https:\/\/progettotouring.it\/radiotouring104\/#\/schema\/logo\/image\/","url":"https:\/\/progettotouring.it\/radiotouring104\/wp-content\/uploads\/sites\/6\/2022\/02\/cropped-logo-radio-touring-104.png","contentUrl":"https:\/\/progettotouring.it\/radiotouring104\/wp-content\/uploads\/sites\/6\/2022\/02\/cropped-logo-radio-touring-104.png","width":377,"height":182,"caption":"Radio Touring 104"},"image":{"@id":"https:\/\/progettotouring.it\/radiotouring104\/#\/schema\/logo\/image\/"}},{"@type":"Person","@id":"https:\/\/progettotouring.it\/radiotouring104\/#\/schema\/person\/4a82259ca52ac8702ad1a8f9e5a3120b","name":"Filippo Francesco Idone","image":{"@type":"ImageObject","inLanguage":"it-IT","@id":"https:\/\/secure.gravatar.com\/avatar\/7268715d2366395c3dd314385670e6484117d44f5c442e61e230f7008b7b62d3?s=96&d=mm&r=g","url":"https:\/\/secure.gravatar.com\/avatar\/7268715d2366395c3dd314385670e6484117d44f5c442e61e230f7008b7b62d3?s=96&d=mm&r=g","contentUrl":"https:\/\/secure.gravatar.com\/avatar\/7268715d2366395c3dd314385670e6484117d44f5c442e61e230f7008b7b62d3?s=96&d=mm&r=g","caption":"Filippo Francesco Idone"},"url":"https:\/\/progettotouring.it\/radiotouring104\/author\/filippoidone\/"}]}},"jetpack_publicize_connections":[],"jetpack_featured_media_url":"https:\/\/progettotouring.it\/radiotouring104\/wp-content\/uploads\/sites\/6\/2023\/03\/Geolier-Storia-Diamante.jpg","jetpack_sharing_enabled":true,"_links":{"self":[{"href":"https:\/\/progettotouring.it\/radiotouring104\/wp-json\/wp\/v2\/posts\/20614","targetHints":{"allow":["GET"]}}],"collection":[{"href":"https:\/\/progettotouring.it\/radiotouring104\/wp-json\/wp\/v2\/posts"}],"about":[{"href":"https:\/\/progettotouring.it\/radiotouring104\/wp-json\/wp\/v2\/types\/post"}],"author":[{"embeddable":true,"href":"https:\/\/progettotouring.it\/radiotouring104\/wp-json\/wp\/v2\/users\/8"}],"replies":[{"embeddable":true,"href":"https:\/\/progettotouring.it\/radiotouring104\/wp-json\/wp\/v2\/comments?post=20614"}],"version-history":[{"count":1,"href":"https:\/\/progettotouring.it\/radiotouring104\/wp-json\/wp\/v2\/posts\/20614\/revisions"}],"predecessor-version":[{"id":20617,"href":"https:\/\/progettotouring.it\/radiotouring104\/wp-json\/wp\/v2\/posts\/20614\/revisions\/20617"}],"wp:featuredmedia":[{"embeddable":true,"href":"https:\/\/progettotouring.it\/radiotouring104\/wp-json\/wp\/v2\/media\/20615"}],"wp:attachment":[{"href":"https:\/\/progettotouring.it\/radiotouring104\/wp-json\/wp\/v2\/media?parent=20614"}],"wp:term":[{"taxonomy":"category","embeddable":true,"href":"https:\/\/progettotouring.it\/radiotouring104\/wp-json\/wp\/v2\/categories?post=20614"},{"taxonomy":"post_tag","embeddable":true,"href":"https:\/\/progettotouring.it\/radiotouring104\/wp-json\/wp\/v2\/tags?post=20614"}],"curies":[{"name":"wp","href":"https:\/\/api.w.org\/{rel}","templated":true}]}}