{"id":20626,"date":"2023-03-10T15:59:47","date_gmt":"2023-03-10T14:59:47","guid":{"rendered":"https:\/\/progettotouring.it\/radiotouring104\/?p=20626"},"modified":"2023-03-10T17:36:07","modified_gmt":"2023-03-10T16:36:07","slug":"steccato-di-cutro-recosol-e-sankara-in-piazza","status":"publish","type":"post","link":"https:\/\/progettotouring.it\/radiotouring104\/2023\/03\/10\/steccato-di-cutro-recosol-e-sankara-in-piazza\/","title":{"rendered":"Steccato di Cutro: Recosol e Sankara in piazza"},"content":{"rendered":"<p style=\"text-align: justify\">\u201c<em>Fermare la strage, subito! La strage di Cutro non \u00e8 stato un incidente imprevedibile. \u00c8 solo l\u2019ultima di una lunghissima serie di tragedie che si potevano e si dovevano evitare<\/em>\u201d. \u00c8 questo l\u2019incipit dell\u2019appello sottoscritto dal <strong>Tavolo<\/strong> <strong>Asilo<\/strong> e Immigrazione, dalla Rete 26 Febbraio, cui anche l\u2019Associazione Rete delle Comunit\u00e0 Solidali ha scelto di aderire, dalle <strong>ONG<\/strong> impegnate in operazioni di ricerca e soccorso in mare, dalle tante organizzazioni locali e nazionali che hanno deciso di promuovere una manifestazione sulla spiaggia di Cutro il prossimo 11 marzo, per esprimere lo sdegno per quanto accaduto e la solidariet\u00e0 alle famiglie delle vittime. A due settimane dalla strage di <strong>Steccato<\/strong> di <strong>Cutro<\/strong>, infatti, quelle morti continuano ad essere un peso sulla coscienza di ciascuno di noi, la rabbia e lo sconcerto per quanto accaduto deve, per\u00f2, trasformarsi in azioni concrete, che possano mantenere i riflettori accessi su una strage che non pu\u00f2 e non deve rimanere impunita.<\/p>\n<p><img fetchpriority=\"high\" decoding=\"async\" class=\"alignnone size-medium wp-image-20627\" src=\"https:\/\/progettotouring.it\/radiotouring104\/wp-content\/uploads\/sites\/6\/2023\/03\/Recosol-Sankara-Manifestazione-Cutro-Basta-morti-in-mare--212x300.jpg\" alt=\"\" width=\"212\" height=\"300\" srcset=\"https:\/\/progettotouring.it\/radiotouring104\/wp-content\/uploads\/sites\/6\/2023\/03\/Recosol-Sankara-Manifestazione-Cutro-Basta-morti-in-mare--212x300.jpg 212w, https:\/\/progettotouring.it\/radiotouring104\/wp-content\/uploads\/sites\/6\/2023\/03\/Recosol-Sankara-Manifestazione-Cutro-Basta-morti-in-mare--724x1024.jpg 724w, https:\/\/progettotouring.it\/radiotouring104\/wp-content\/uploads\/sites\/6\/2023\/03\/Recosol-Sankara-Manifestazione-Cutro-Basta-morti-in-mare--768x1086.jpg 768w, https:\/\/progettotouring.it\/radiotouring104\/wp-content\/uploads\/sites\/6\/2023\/03\/Recosol-Sankara-Manifestazione-Cutro-Basta-morti-in-mare--1086x1536.jpg 1086w, https:\/\/progettotouring.it\/radiotouring104\/wp-content\/uploads\/sites\/6\/2023\/03\/Recosol-Sankara-Manifestazione-Cutro-Basta-morti-in-mare--585x828.jpg 585w, https:\/\/progettotouring.it\/radiotouring104\/wp-content\/uploads\/sites\/6\/2023\/03\/Recosol-Sankara-Manifestazione-Cutro-Basta-morti-in-mare-.jpg 1131w\" sizes=\"(max-width: 212px) 100vw, 212px\" \/><\/p>\n<p style=\"text-align: justify\">L\u2019Associazione<strong> Rete delle Comunit\u00e0 Solidali Re.Co.Sol. \u2013 ETS e<\/strong> la Societ\u00e0 Cooperativa Sankara hanno avvertito da subito il dovere e l\u2019urgenza di non rimanere in silenzio; l\u2019impegno profuso in questi anni nello sviluppo di forme di accoglienza volte alla tutela dei diritti e al protagonismo dei migranti, l\u2019incontro con la loro sofferta dignit\u00e0 e con le loro storie, ha impattato con la cecit\u00e0 di chi, consapevolmente, ritiene che il fenomeno migratorio possa essere governato lasciando morire in mare bambini, donne e uomini. Con questa convinzione, abbiamo deciso di aderire alla Manifestazione in programma per sabato 11 marzo a Steccato di Cutro, organizzando un pullman che partir\u00e0 da Gioiosa Ionica; la nostra partecipazione vuole essere una chiara presa di posizione in merito ai fatti accaduti il 26 febbraio: non possiamo accettare tacitamente che le vittime vengano paradossalmente e impunemente colpevolizzate solo per aver scelto di sperare per loro e per i loro figli una vita degna di questo nome, vogliamo sapere chi si \u00e8 assunto la responsabilit\u00e0 di lasciare dei naufraghi in mare, vogliamo giustizia e verit\u00e0 per chi non ha pi\u00f9 voce. Non \u00e8 pi\u00f9 tollerabile l\u2019assenza di risposte a domande legittime. Per quei bambini, per quelle donne e per quegli uomini morti a poche bracciate dalla riva a causa della volont\u00e0 barbara di pochi l&#8217;11 marzo noi saremo a Cutro. Per dar voce a quell\u2019umanit\u00e0 morta sotto i nostri occhi. Perch\u00e9 ci sia verit\u00e0 e giustizia per loro. Perch\u00e9 non accada mai pi\u00f9.<\/p>\n<p style=\"text-align: justify\">\n","protected":false},"excerpt":{"rendered":"<p>\u201cFermare la strage, subito! La strage di Cutro non \u00e8 stato un incidente imprevedibile. \u00c8 solo l\u2019ultima di una lunghissima serie di tragedie che si potevano e si dovevano evitare\u201d.&hellip;<\/p>\n","protected":false},"author":8,"featured_media":20628,"comment_status":"closed","ping_status":"open","sticky":false,"template":"","format":"standard","meta":{"_jetpack_memberships_contains_paid_content":false,"footnotes":"","jetpack_publicize_message":"","jetpack_publicize_feature_enabled":true,"jetpack_social_post_already_shared":false,"jetpack_social_options":{"image_generator_settings":{"template":"highway","default_image_id":0,"font":"","enabled":false},"version":2}},"categories":[142,921,196],"tags":[6505,10617,7168],"class_list":["post-20626","post","type-post","status-publish","format-standard","has-post-thumbnail","hentry","category-calabria","category-home","category-news","tag-cutro","tag-recosol","tag-sankara"],"yoast_head":"<!-- This site is optimized with the Yoast SEO plugin v27.2 - https:\/\/yoast.com\/product\/yoast-seo-wordpress\/ -->\n<title>Steccato di Cutro: Recosol e Sankara in piazza<\/title>\n<meta name=\"description\" content=\"Recosol e Sankara hanno annunciato che saranno presenti alla Manifestazione Nazionale dell\u201911 marzo 2023 a Steccato di Cutro\" \/>\n<meta name=\"robots\" content=\"index, follow, max-snippet:-1, max-image-preview:large, max-video-preview:-1\" \/>\n<link rel=\"canonical\" href=\"https:\/\/progettotouring.it\/radiotouring104\/2023\/03\/10\/steccato-di-cutro-recosol-e-sankara-in-piazza\/\" \/>\n<meta property=\"og:locale\" content=\"it_IT\" \/>\n<meta property=\"og:type\" content=\"article\" \/>\n<meta property=\"og:title\" content=\"Steccato di Cutro: Recosol e Sankara in piazza\" \/>\n<meta property=\"og:description\" content=\"Recosol e Sankara hanno annunciato che saranno presenti alla Manifestazione Nazionale dell\u201911 marzo 2023 a Steccato di Cutro\" \/>\n<meta property=\"og:url\" content=\"https:\/\/progettotouring.it\/radiotouring104\/2023\/03\/10\/steccato-di-cutro-recosol-e-sankara-in-piazza\/\" \/>\n<meta property=\"og:site_name\" content=\"Radio Touring 104\" \/>\n<meta property=\"article:published_time\" content=\"2023-03-10T14:59:47+00:00\" \/>\n<meta property=\"article:modified_time\" content=\"2023-03-10T16:36:07+00:00\" \/>\n<meta property=\"og:image\" content=\"https:\/\/progettotouring.it\/radiotouring104\/wp-content\/uploads\/sites\/6\/2023\/03\/Recosol-Sankara-Manifestazione-Cutro-Basta-morti-in-mare-1-1.jpg\" \/>\n\t<meta property=\"og:image:width\" content=\"1131\" \/>\n\t<meta property=\"og:image:height\" content=\"512\" \/>\n\t<meta property=\"og:image:type\" content=\"image\/jpeg\" \/>\n<meta name=\"author\" content=\"Filippo Francesco Idone\" \/>\n<meta name=\"twitter:card\" content=\"summary_large_image\" \/>\n<meta name=\"twitter:label1\" content=\"Scritto da\" \/>\n\t<meta name=\"twitter:data1\" content=\"Filippo Francesco Idone\" \/>\n\t<meta name=\"twitter:label2\" content=\"Tempo di lettura stimato\" \/>\n\t<meta name=\"twitter:data2\" content=\"2 minuti\" \/>\n<script type=\"application\/ld+json\" class=\"yoast-schema-graph\">{\"@context\":\"https:\/\/schema.org\",\"@graph\":[{\"@type\":\"Article\",\"@id\":\"https:\/\/progettotouring.it\/radiotouring104\/2023\/03\/10\/steccato-di-cutro-recosol-e-sankara-in-piazza\/#article\",\"isPartOf\":{\"@id\":\"https:\/\/progettotouring.it\/radiotouring104\/2023\/03\/10\/steccato-di-cutro-recosol-e-sankara-in-piazza\/\"},\"author\":{\"name\":\"Filippo Francesco Idone\",\"@id\":\"https:\/\/progettotouring.it\/radiotouring104\/#\/schema\/person\/4a82259ca52ac8702ad1a8f9e5a3120b\"},\"headline\":\"Steccato di Cutro: Recosol e Sankara in piazza\",\"datePublished\":\"2023-03-10T14:59:47+00:00\",\"dateModified\":\"2023-03-10T16:36:07+00:00\",\"mainEntityOfPage\":{\"@id\":\"https:\/\/progettotouring.it\/radiotouring104\/2023\/03\/10\/steccato-di-cutro-recosol-e-sankara-in-piazza\/\"},\"wordCount\":409,\"publisher\":{\"@id\":\"https:\/\/progettotouring.it\/radiotouring104\/#organization\"},\"image\":{\"@id\":\"https:\/\/progettotouring.it\/radiotouring104\/2023\/03\/10\/steccato-di-cutro-recosol-e-sankara-in-piazza\/#primaryimage\"},\"thumbnailUrl\":\"https:\/\/progettotouring.it\/radiotouring104\/wp-content\/uploads\/sites\/6\/2023\/03\/Recosol-Sankara-Manifestazione-Cutro-Basta-morti-in-mare-1-1.jpg\",\"keywords\":[\"Cutro\",\"Recosol\",\"sankara\"],\"articleSection\":[\"Calabria\",\"Home\",\"News\"],\"inLanguage\":\"it-IT\"},{\"@type\":\"WebPage\",\"@id\":\"https:\/\/progettotouring.it\/radiotouring104\/2023\/03\/10\/steccato-di-cutro-recosol-e-sankara-in-piazza\/\",\"url\":\"https:\/\/progettotouring.it\/radiotouring104\/2023\/03\/10\/steccato-di-cutro-recosol-e-sankara-in-piazza\/\",\"name\":\"Steccato di Cutro: Recosol e Sankara in piazza\",\"isPartOf\":{\"@id\":\"https:\/\/progettotouring.it\/radiotouring104\/#website\"},\"primaryImageOfPage\":{\"@id\":\"https:\/\/progettotouring.it\/radiotouring104\/2023\/03\/10\/steccato-di-cutro-recosol-e-sankara-in-piazza\/#primaryimage\"},\"image\":{\"@id\":\"https:\/\/progettotouring.it\/radiotouring104\/2023\/03\/10\/steccato-di-cutro-recosol-e-sankara-in-piazza\/#primaryimage\"},\"thumbnailUrl\":\"https:\/\/progettotouring.it\/radiotouring104\/wp-content\/uploads\/sites\/6\/2023\/03\/Recosol-Sankara-Manifestazione-Cutro-Basta-morti-in-mare-1-1.jpg\",\"datePublished\":\"2023-03-10T14:59:47+00:00\",\"dateModified\":\"2023-03-10T16:36:07+00:00\",\"description\":\"Recosol e Sankara hanno annunciato che saranno presenti alla Manifestazione Nazionale dell\u201911 marzo 2023 a Steccato di Cutro\",\"breadcrumb\":{\"@id\":\"https:\/\/progettotouring.it\/radiotouring104\/2023\/03\/10\/steccato-di-cutro-recosol-e-sankara-in-piazza\/#breadcrumb\"},\"inLanguage\":\"it-IT\",\"potentialAction\":[{\"@type\":\"ReadAction\",\"target\":[\"https:\/\/progettotouring.it\/radiotouring104\/2023\/03\/10\/steccato-di-cutro-recosol-e-sankara-in-piazza\/\"]}]},{\"@type\":\"ImageObject\",\"inLanguage\":\"it-IT\",\"@id\":\"https:\/\/progettotouring.it\/radiotouring104\/2023\/03\/10\/steccato-di-cutro-recosol-e-sankara-in-piazza\/#primaryimage\",\"url\":\"https:\/\/progettotouring.it\/radiotouring104\/wp-content\/uploads\/sites\/6\/2023\/03\/Recosol-Sankara-Manifestazione-Cutro-Basta-morti-in-mare-1-1.jpg\",\"contentUrl\":\"https:\/\/progettotouring.it\/radiotouring104\/wp-content\/uploads\/sites\/6\/2023\/03\/Recosol-Sankara-Manifestazione-Cutro-Basta-morti-in-mare-1-1.jpg\",\"width\":1131,\"height\":512},{\"@type\":\"BreadcrumbList\",\"@id\":\"https:\/\/progettotouring.it\/radiotouring104\/2023\/03\/10\/steccato-di-cutro-recosol-e-sankara-in-piazza\/#breadcrumb\",\"itemListElement\":[{\"@type\":\"ListItem\",\"position\":1,\"name\":\"Home\",\"item\":\"https:\/\/progettotouring.it\/radiotouring104\/\"},{\"@type\":\"ListItem\",\"position\":2,\"name\":\"Steccato di Cutro: Recosol e Sankara in piazza\"}]},{\"@type\":\"WebSite\",\"@id\":\"https:\/\/progettotouring.it\/radiotouring104\/#website\",\"url\":\"https:\/\/progettotouring.it\/radiotouring104\/\",\"name\":\"Radio Touring 104\",\"description\":\"La prima radio Reggina\",\"publisher\":{\"@id\":\"https:\/\/progettotouring.it\/radiotouring104\/#organization\"},\"potentialAction\":[{\"@type\":\"SearchAction\",\"target\":{\"@type\":\"EntryPoint\",\"urlTemplate\":\"https:\/\/progettotouring.it\/radiotouring104\/?s={search_term_string}\"},\"query-input\":{\"@type\":\"PropertyValueSpecification\",\"valueRequired\":true,\"valueName\":\"search_term_string\"}}],\"inLanguage\":\"it-IT\"},{\"@type\":\"Organization\",\"@id\":\"https:\/\/progettotouring.it\/radiotouring104\/#organization\",\"name\":\"Radio Touring 104\",\"url\":\"https:\/\/progettotouring.it\/radiotouring104\/\",\"logo\":{\"@type\":\"ImageObject\",\"inLanguage\":\"it-IT\",\"@id\":\"https:\/\/progettotouring.it\/radiotouring104\/#\/schema\/logo\/image\/\",\"url\":\"https:\/\/progettotouring.it\/radiotouring104\/wp-content\/uploads\/sites\/6\/2022\/02\/cropped-logo-radio-touring-104.png\",\"contentUrl\":\"https:\/\/progettotouring.it\/radiotouring104\/wp-content\/uploads\/sites\/6\/2022\/02\/cropped-logo-radio-touring-104.png\",\"width\":377,\"height\":182,\"caption\":\"Radio Touring 104\"},\"image\":{\"@id\":\"https:\/\/progettotouring.it\/radiotouring104\/#\/schema\/logo\/image\/\"}},{\"@type\":\"Person\",\"@id\":\"https:\/\/progettotouring.it\/radiotouring104\/#\/schema\/person\/4a82259ca52ac8702ad1a8f9e5a3120b\",\"name\":\"Filippo Francesco Idone\",\"image\":{\"@type\":\"ImageObject\",\"inLanguage\":\"it-IT\",\"@id\":\"https:\/\/secure.gravatar.com\/avatar\/7268715d2366395c3dd314385670e6484117d44f5c442e61e230f7008b7b62d3?s=96&d=mm&r=g\",\"url\":\"https:\/\/secure.gravatar.com\/avatar\/7268715d2366395c3dd314385670e6484117d44f5c442e61e230f7008b7b62d3?s=96&d=mm&r=g\",\"contentUrl\":\"https:\/\/secure.gravatar.com\/avatar\/7268715d2366395c3dd314385670e6484117d44f5c442e61e230f7008b7b62d3?s=96&d=mm&r=g\",\"caption\":\"Filippo Francesco Idone\"},\"url\":\"https:\/\/progettotouring.it\/radiotouring104\/author\/filippoidone\/\"}]}<\/script>\n<!-- \/ Yoast SEO plugin. -->","yoast_head_json":{"title":"Steccato di Cutro: Recosol e Sankara in piazza","description":"Recosol e Sankara hanno annunciato che saranno presenti alla Manifestazione Nazionale dell\u201911 marzo 2023 a Steccato di Cutro","robots":{"index":"index","follow":"follow","max-snippet":"max-snippet:-1","max-image-preview":"max-image-preview:large","max-video-preview":"max-video-preview:-1"},"canonical":"https:\/\/progettotouring.it\/radiotouring104\/2023\/03\/10\/steccato-di-cutro-recosol-e-sankara-in-piazza\/","og_locale":"it_IT","og_type":"article","og_title":"Steccato di Cutro: Recosol e Sankara in piazza","og_description":"Recosol e Sankara hanno annunciato che saranno presenti alla Manifestazione Nazionale dell\u201911 marzo 2023 a Steccato di Cutro","og_url":"https:\/\/progettotouring.it\/radiotouring104\/2023\/03\/10\/steccato-di-cutro-recosol-e-sankara-in-piazza\/","og_site_name":"Radio Touring 104","article_published_time":"2023-03-10T14:59:47+00:00","article_modified_time":"2023-03-10T16:36:07+00:00","og_image":[{"width":1131,"height":512,"url":"https:\/\/progettotouring.it\/radiotouring104\/wp-content\/uploads\/sites\/6\/2023\/03\/Recosol-Sankara-Manifestazione-Cutro-Basta-morti-in-mare-1-1.jpg","type":"image\/jpeg"}],"author":"Filippo Francesco Idone","twitter_card":"summary_large_image","twitter_misc":{"Scritto da":"Filippo Francesco Idone","Tempo di lettura stimato":"2 minuti"},"schema":{"@context":"https:\/\/schema.org","@graph":[{"@type":"Article","@id":"https:\/\/progettotouring.it\/radiotouring104\/2023\/03\/10\/steccato-di-cutro-recosol-e-sankara-in-piazza\/#article","isPartOf":{"@id":"https:\/\/progettotouring.it\/radiotouring104\/2023\/03\/10\/steccato-di-cutro-recosol-e-sankara-in-piazza\/"},"author":{"name":"Filippo Francesco Idone","@id":"https:\/\/progettotouring.it\/radiotouring104\/#\/schema\/person\/4a82259ca52ac8702ad1a8f9e5a3120b"},"headline":"Steccato di Cutro: Recosol e Sankara in piazza","datePublished":"2023-03-10T14:59:47+00:00","dateModified":"2023-03-10T16:36:07+00:00","mainEntityOfPage":{"@id":"https:\/\/progettotouring.it\/radiotouring104\/2023\/03\/10\/steccato-di-cutro-recosol-e-sankara-in-piazza\/"},"wordCount":409,"publisher":{"@id":"https:\/\/progettotouring.it\/radiotouring104\/#organization"},"image":{"@id":"https:\/\/progettotouring.it\/radiotouring104\/2023\/03\/10\/steccato-di-cutro-recosol-e-sankara-in-piazza\/#primaryimage"},"thumbnailUrl":"https:\/\/progettotouring.it\/radiotouring104\/wp-content\/uploads\/sites\/6\/2023\/03\/Recosol-Sankara-Manifestazione-Cutro-Basta-morti-in-mare-1-1.jpg","keywords":["Cutro","Recosol","sankara"],"articleSection":["Calabria","Home","News"],"inLanguage":"it-IT"},{"@type":"WebPage","@id":"https:\/\/progettotouring.it\/radiotouring104\/2023\/03\/10\/steccato-di-cutro-recosol-e-sankara-in-piazza\/","url":"https:\/\/progettotouring.it\/radiotouring104\/2023\/03\/10\/steccato-di-cutro-recosol-e-sankara-in-piazza\/","name":"Steccato di Cutro: Recosol e Sankara in piazza","isPartOf":{"@id":"https:\/\/progettotouring.it\/radiotouring104\/#website"},"primaryImageOfPage":{"@id":"https:\/\/progettotouring.it\/radiotouring104\/2023\/03\/10\/steccato-di-cutro-recosol-e-sankara-in-piazza\/#primaryimage"},"image":{"@id":"https:\/\/progettotouring.it\/radiotouring104\/2023\/03\/10\/steccato-di-cutro-recosol-e-sankara-in-piazza\/#primaryimage"},"thumbnailUrl":"https:\/\/progettotouring.it\/radiotouring104\/wp-content\/uploads\/sites\/6\/2023\/03\/Recosol-Sankara-Manifestazione-Cutro-Basta-morti-in-mare-1-1.jpg","datePublished":"2023-03-10T14:59:47+00:00","dateModified":"2023-03-10T16:36:07+00:00","description":"Recosol e Sankara hanno annunciato che saranno presenti alla Manifestazione Nazionale dell\u201911 marzo 2023 a Steccato di Cutro","breadcrumb":{"@id":"https:\/\/progettotouring.it\/radiotouring104\/2023\/03\/10\/steccato-di-cutro-recosol-e-sankara-in-piazza\/#breadcrumb"},"inLanguage":"it-IT","potentialAction":[{"@type":"ReadAction","target":["https:\/\/progettotouring.it\/radiotouring104\/2023\/03\/10\/steccato-di-cutro-recosol-e-sankara-in-piazza\/"]}]},{"@type":"ImageObject","inLanguage":"it-IT","@id":"https:\/\/progettotouring.it\/radiotouring104\/2023\/03\/10\/steccato-di-cutro-recosol-e-sankara-in-piazza\/#primaryimage","url":"https:\/\/progettotouring.it\/radiotouring104\/wp-content\/uploads\/sites\/6\/2023\/03\/Recosol-Sankara-Manifestazione-Cutro-Basta-morti-in-mare-1-1.jpg","contentUrl":"https:\/\/progettotouring.it\/radiotouring104\/wp-content\/uploads\/sites\/6\/2023\/03\/Recosol-Sankara-Manifestazione-Cutro-Basta-morti-in-mare-1-1.jpg","width":1131,"height":512},{"@type":"BreadcrumbList","@id":"https:\/\/progettotouring.it\/radiotouring104\/2023\/03\/10\/steccato-di-cutro-recosol-e-sankara-in-piazza\/#breadcrumb","itemListElement":[{"@type":"ListItem","position":1,"name":"Home","item":"https:\/\/progettotouring.it\/radiotouring104\/"},{"@type":"ListItem","position":2,"name":"Steccato di Cutro: Recosol e Sankara in piazza"}]},{"@type":"WebSite","@id":"https:\/\/progettotouring.it\/radiotouring104\/#website","url":"https:\/\/progettotouring.it\/radiotouring104\/","name":"Radio Touring 104","description":"La prima radio Reggina","publisher":{"@id":"https:\/\/progettotouring.it\/radiotouring104\/#organization"},"potentialAction":[{"@type":"SearchAction","target":{"@type":"EntryPoint","urlTemplate":"https:\/\/progettotouring.it\/radiotouring104\/?s={search_term_string}"},"query-input":{"@type":"PropertyValueSpecification","valueRequired":true,"valueName":"search_term_string"}}],"inLanguage":"it-IT"},{"@type":"Organization","@id":"https:\/\/progettotouring.it\/radiotouring104\/#organization","name":"Radio Touring 104","url":"https:\/\/progettotouring.it\/radiotouring104\/","logo":{"@type":"ImageObject","inLanguage":"it-IT","@id":"https:\/\/progettotouring.it\/radiotouring104\/#\/schema\/logo\/image\/","url":"https:\/\/progettotouring.it\/radiotouring104\/wp-content\/uploads\/sites\/6\/2022\/02\/cropped-logo-radio-touring-104.png","contentUrl":"https:\/\/progettotouring.it\/radiotouring104\/wp-content\/uploads\/sites\/6\/2022\/02\/cropped-logo-radio-touring-104.png","width":377,"height":182,"caption":"Radio Touring 104"},"image":{"@id":"https:\/\/progettotouring.it\/radiotouring104\/#\/schema\/logo\/image\/"}},{"@type":"Person","@id":"https:\/\/progettotouring.it\/radiotouring104\/#\/schema\/person\/4a82259ca52ac8702ad1a8f9e5a3120b","name":"Filippo Francesco Idone","image":{"@type":"ImageObject","inLanguage":"it-IT","@id":"https:\/\/secure.gravatar.com\/avatar\/7268715d2366395c3dd314385670e6484117d44f5c442e61e230f7008b7b62d3?s=96&d=mm&r=g","url":"https:\/\/secure.gravatar.com\/avatar\/7268715d2366395c3dd314385670e6484117d44f5c442e61e230f7008b7b62d3?s=96&d=mm&r=g","contentUrl":"https:\/\/secure.gravatar.com\/avatar\/7268715d2366395c3dd314385670e6484117d44f5c442e61e230f7008b7b62d3?s=96&d=mm&r=g","caption":"Filippo Francesco Idone"},"url":"https:\/\/progettotouring.it\/radiotouring104\/author\/filippoidone\/"}]}},"jetpack_publicize_connections":[],"jetpack_featured_media_url":"https:\/\/progettotouring.it\/radiotouring104\/wp-content\/uploads\/sites\/6\/2023\/03\/Recosol-Sankara-Manifestazione-Cutro-Basta-morti-in-mare-1-1.jpg","jetpack_sharing_enabled":true,"_links":{"self":[{"href":"https:\/\/progettotouring.it\/radiotouring104\/wp-json\/wp\/v2\/posts\/20626","targetHints":{"allow":["GET"]}}],"collection":[{"href":"https:\/\/progettotouring.it\/radiotouring104\/wp-json\/wp\/v2\/posts"}],"about":[{"href":"https:\/\/progettotouring.it\/radiotouring104\/wp-json\/wp\/v2\/types\/post"}],"author":[{"embeddable":true,"href":"https:\/\/progettotouring.it\/radiotouring104\/wp-json\/wp\/v2\/users\/8"}],"replies":[{"embeddable":true,"href":"https:\/\/progettotouring.it\/radiotouring104\/wp-json\/wp\/v2\/comments?post=20626"}],"version-history":[{"count":1,"href":"https:\/\/progettotouring.it\/radiotouring104\/wp-json\/wp\/v2\/posts\/20626\/revisions"}],"predecessor-version":[{"id":20629,"href":"https:\/\/progettotouring.it\/radiotouring104\/wp-json\/wp\/v2\/posts\/20626\/revisions\/20629"}],"wp:featuredmedia":[{"embeddable":true,"href":"https:\/\/progettotouring.it\/radiotouring104\/wp-json\/wp\/v2\/media\/20628"}],"wp:attachment":[{"href":"https:\/\/progettotouring.it\/radiotouring104\/wp-json\/wp\/v2\/media?parent=20626"}],"wp:term":[{"taxonomy":"category","embeddable":true,"href":"https:\/\/progettotouring.it\/radiotouring104\/wp-json\/wp\/v2\/categories?post=20626"},{"taxonomy":"post_tag","embeddable":true,"href":"https:\/\/progettotouring.it\/radiotouring104\/wp-json\/wp\/v2\/tags?post=20626"}],"curies":[{"name":"wp","href":"https:\/\/api.w.org\/{rel}","templated":true}]}}