{"id":20632,"date":"2023-03-10T16:10:45","date_gmt":"2023-03-10T15:10:45","guid":{"rendered":"https:\/\/progettotouring.it\/radiotouring104\/?p=20632"},"modified":"2023-03-10T17:44:25","modified_gmt":"2023-03-10T16:44:25","slug":"empori-della-soliderieta-bando-per-il-sostegno-sui-generi-di-prima-necessita","status":"publish","type":"post","link":"https:\/\/progettotouring.it\/radiotouring104\/2023\/03\/10\/empori-della-soliderieta-bando-per-il-sostegno-sui-generi-di-prima-necessita\/","title":{"rendered":"Empori della Solideriet\u00e0: bando per il sostegno sui generi di prima necessit\u00e0"},"content":{"rendered":"<p style=\"text-align: justify\">C&#8217;\u00e8 tempo ancora fino alle ore 12.00 del 20 marzo per presentare la propria domanda per l&#8217;accesso al servizio comunale degli Empori della Solidariet\u00e0, ubicati sui territori di <strong>Arghill\u00e0<\/strong> e <strong>Pellaro<\/strong>. La misura \u00e8 rivolta a tutti i cittadini residenti sul territorio comunale e non solo a quelli delle circoscrizioni di <strong>Arghill\u00e0<\/strong> e <strong>Pellaro<\/strong>. Al bando non saranno ammessi soggetti che gi\u00e0 usufruiscono del servizio presso altri Empori ovvero che risultano in possesso di card solidali poich\u00e9 censiti in altri Banchi alimentari. Le istanze di partecipazione dovranno essere trasmesse esclusivamente a mezzo PEC all\u2019indirizzo: protocollo@postacert.reggiocal.it.<\/p>\n<p style=\"text-align: justify\">L&#8217;Assessore al Welfare <strong>Demetrio Delfino<\/strong>, nel ringraziare il lavoro del Settore e degli uffici comunali per la redazione del bando, ha sottolineato l&#8217;importanza della misura che <em>&#8220;costituisce un valido sostegno per le famiglie reggine in difficolt\u00e0, alle quali l&#8217;Amministrazione comunale, attraverso una serie di iniziative, vuole stare vicina, tentando di garantire un supporto sui generi di prima necessit\u00e0&#8221;. <\/em><em>&#8220;Gli <strong>Empori della Solidariet\u00e0<\/strong><\/em> &#8211; ha spiegato ancora Delfino &#8211;<em> nascono esattamente con questa finalit\u00e0. Si tratta di due strutture pubbliche ubicate nei quartieri nord e sud della citt\u00e0 che puntano a rafforzare le iniziative di sostegno che gi\u00e0 esistono grazie al lavoro meritorio delle tante associazioni di volontariato ed Enti del terzo settore che, tra mille difficolt\u00e0, operano ogni giorno per garantire vicinanza e sostegno a chi ha pi\u00f9 bisogno. Naturalmente non si tratta di una misura sostitutiva, ma aggiuntiva rispetto a quanto di buono oggi gi\u00e0 esiste in citt\u00e0, in termini di solidariet\u00e0 e di sostegno alimentare e sui generi di prima necessit\u00e0&#8221;.<\/em><\/p>\n<p style=\"text-align: justify\">Il servizio ha come finalit\u00e0 quella di creare dei punti di distribuzione completamente gratuiti, realizzati al fine di sostenere le famiglie che presentano un alto rischio di vulnerabilit\u00e0 materiale e sociale ovvero versano in condizione di reale difficolt\u00e0 e di disagio familiare, lavorativo, economico e sociale, attraverso l\u2019aiuto alimentare e l\u2019accompagnamento relazionale per favorire il recupero della propria autonomia. L\u2019Emporio della Solidariet\u00e0 si configura come un Market solidale nel quale \u00e8 presente una gamma di prodotti essenziali per la vita quotidiana delle famiglie: alimenti, prodotti per la casa, l\u2019igiene personale e prodotti per l\u2019infanzia. La distribuzione dei beni avviene senza la circolazione di denaro.<\/p>\n<p style=\"text-align: justify\">Le persone hanno infatti a disposizione una tessera solidale (card) con punti a scalare e possono usufruire di tutti i servizi per un periodo massimo di sei mesi. Ai nuclei individuati mediante l&#8217;avviso, verr\u00e0 consegnata una card, che consentir\u00e0 loro di rifornirsi, nei giorni e negli orari che saranno comunicati <strong>dall\u2019Emporio<\/strong>, delle merci messe a disposizione, nei limiti di \u201ccredito\u201d definiti dall\u2019Emporio. L\u2019assegnazione agli <strong>Empori<\/strong> per la fruizione del servizio, verr\u00e0 effettuata sulla base dell\u2019appartenenza dei beneficiari ai seguenti ex territori circoscrizionali:<\/p>\n<p><strong>Emporio di Arghill\u00e0<\/strong><\/p>\n<p>&#8211; Ex I Circoscrizione: Centro storico<br \/>\n&#8211; Ex II Circoscrizione: Pineta Zerbi, Tremulini, Eremo<br \/>\n&#8211; Ex III Circoscrizione: &#8211; Santa Caterina, San Brunello, Vito<br \/>\n&#8211; Ex IV Circoscrizione: Trabocchetto, Condera, Spirito Santo<br \/>\n&#8211; Ex VIII Circoscrizione: Catona, Salice, Rosal\u00ec, Villa San Giuseppe<br \/>\n&#8211; Ex IX Circoscrizione: Gallico, Sambatello<br \/>\n&#8211; Ex X Circoscrizione: Archi<br \/>\n&#8211; Ex XI Circoscrizione: Ort\u00ec, Podargoni, Terreti<br \/>\n&#8211; Ex XII Circoscrizione: Cannav\u00f2, Mosorrofa, Cataforio<\/p>\n<p><strong>Emporio di Pellaro<\/strong><\/p>\n<p>&#8211; Ex V Circoscrizione: Ferrovieri, Stadio, Gebbione<br \/>\n&#8211; Ex VI Circoscrizione: Sbarre<br \/>\n&#8211; Ex VII Circoscrizione: S.Giorgio, Modena, S.Sperato<br \/>\n&#8211; Ex XIII Circoscrizione: Ravagnese<br \/>\n&#8211; Ex XIV Circoscrizione: Gallina<br \/>\n&#8211; Ex XV Circoscrizione: Pellaro<\/p>\n","protected":false},"excerpt":{"rendered":"<p>C&#8217;\u00e8 tempo ancora fino alle ore 12.00 del 20 marzo per presentare la propria domanda per l&#8217;accesso al servizio comunale degli Empori della Solidariet\u00e0, ubicati sui territori di Arghill\u00e0 e&hellip;<\/p>\n","protected":false},"author":8,"featured_media":9258,"comment_status":"closed","ping_status":"open","sticky":false,"template":"","format":"standard","meta":{"_jetpack_memberships_contains_paid_content":false,"footnotes":"","jetpack_publicize_message":"","jetpack_publicize_feature_enabled":true,"jetpack_social_post_already_shared":false,"jetpack_social_options":{"image_generator_settings":{"template":"highway","default_image_id":0,"font":"","enabled":false},"version":2}},"categories":[142,921,196,140],"tags":[990,4834,1857,11113,521],"class_list":["post-20632","post","type-post","status-publish","format-standard","has-post-thumbnail","hentry","category-calabria","category-home","category-news","category-reggio-calabria","tag-arghilla","tag-assessore-al-welfare","tag-demetrio-delfino","tag-empori-della-solidarieta","tag-pellaro"],"yoast_head":"<!-- This site is optimized with the Yoast SEO plugin v27.2 - https:\/\/yoast.com\/product\/yoast-seo-wordpress\/ -->\n<title>Empori Solideriet\u00e0 al sostegno sui generi di prima necessit\u00e0<\/title>\n<meta name=\"description\" content=\"Assessore al Welfare, Demetrio Delfino, sostiene gli Empori della Solideriet\u00e0 che aiuteranno le famiglie bisognose\" \/>\n<meta name=\"robots\" content=\"index, follow, max-snippet:-1, max-image-preview:large, max-video-preview:-1\" \/>\n<link rel=\"canonical\" href=\"https:\/\/progettotouring.it\/radiotouring104\/2023\/03\/10\/empori-della-soliderieta-bando-per-il-sostegno-sui-generi-di-prima-necessita\/\" \/>\n<meta property=\"og:locale\" content=\"it_IT\" \/>\n<meta property=\"og:type\" content=\"article\" \/>\n<meta property=\"og:title\" content=\"Empori Solideriet\u00e0 al sostegno sui generi di prima necessit\u00e0\" \/>\n<meta property=\"og:description\" content=\"Assessore al Welfare, Demetrio Delfino, sostiene gli Empori della Solideriet\u00e0 che aiuteranno le famiglie bisognose\" \/>\n<meta property=\"og:url\" content=\"https:\/\/progettotouring.it\/radiotouring104\/2023\/03\/10\/empori-della-soliderieta-bando-per-il-sostegno-sui-generi-di-prima-necessita\/\" \/>\n<meta property=\"og:site_name\" content=\"Radio Touring 104\" \/>\n<meta property=\"article:published_time\" content=\"2023-03-10T15:10:45+00:00\" \/>\n<meta property=\"article:modified_time\" content=\"2023-03-10T16:44:25+00:00\" \/>\n<meta property=\"og:image\" content=\"https:\/\/progettotouring.it\/radiotouring104\/wp-content\/uploads\/sites\/6\/2022\/08\/demetrio-delfino.jpeg\" \/>\n\t<meta property=\"og:image:width\" content=\"729\" \/>\n\t<meta property=\"og:image:height\" content=\"633\" \/>\n\t<meta property=\"og:image:type\" content=\"image\/jpeg\" \/>\n<meta name=\"author\" content=\"Filippo Francesco Idone\" \/>\n<meta name=\"twitter:card\" content=\"summary_large_image\" \/>\n<meta name=\"twitter:label1\" content=\"Scritto da\" \/>\n\t<meta name=\"twitter:data1\" content=\"Filippo Francesco Idone\" \/>\n\t<meta name=\"twitter:label2\" content=\"Tempo di lettura stimato\" \/>\n\t<meta name=\"twitter:data2\" content=\"3 minuti\" \/>\n<script type=\"application\/ld+json\" class=\"yoast-schema-graph\">{\"@context\":\"https:\/\/schema.org\",\"@graph\":[{\"@type\":\"Article\",\"@id\":\"https:\/\/progettotouring.it\/radiotouring104\/2023\/03\/10\/empori-della-soliderieta-bando-per-il-sostegno-sui-generi-di-prima-necessita\/#article\",\"isPartOf\":{\"@id\":\"https:\/\/progettotouring.it\/radiotouring104\/2023\/03\/10\/empori-della-soliderieta-bando-per-il-sostegno-sui-generi-di-prima-necessita\/\"},\"author\":{\"name\":\"Filippo Francesco Idone\",\"@id\":\"https:\/\/progettotouring.it\/radiotouring104\/#\/schema\/person\/4a82259ca52ac8702ad1a8f9e5a3120b\"},\"headline\":\"Empori della Solideriet\u00e0: bando per il sostegno sui generi di prima necessit\u00e0\",\"datePublished\":\"2023-03-10T15:10:45+00:00\",\"dateModified\":\"2023-03-10T16:44:25+00:00\",\"mainEntityOfPage\":{\"@id\":\"https:\/\/progettotouring.it\/radiotouring104\/2023\/03\/10\/empori-della-soliderieta-bando-per-il-sostegno-sui-generi-di-prima-necessita\/\"},\"wordCount\":574,\"publisher\":{\"@id\":\"https:\/\/progettotouring.it\/radiotouring104\/#organization\"},\"image\":{\"@id\":\"https:\/\/progettotouring.it\/radiotouring104\/2023\/03\/10\/empori-della-soliderieta-bando-per-il-sostegno-sui-generi-di-prima-necessita\/#primaryimage\"},\"thumbnailUrl\":\"https:\/\/progettotouring.it\/radiotouring104\/wp-content\/uploads\/sites\/6\/2022\/08\/demetrio-delfino.jpeg\",\"keywords\":[\"Arghill\u00e0\",\"Assessore al Welfare\",\"Demetrio Delfino\",\"Empori della Solidariet\u00e0\",\"pellaro\"],\"articleSection\":[\"Calabria\",\"Home\",\"News\",\"Reggio Calabria\"],\"inLanguage\":\"it-IT\"},{\"@type\":\"WebPage\",\"@id\":\"https:\/\/progettotouring.it\/radiotouring104\/2023\/03\/10\/empori-della-soliderieta-bando-per-il-sostegno-sui-generi-di-prima-necessita\/\",\"url\":\"https:\/\/progettotouring.it\/radiotouring104\/2023\/03\/10\/empori-della-soliderieta-bando-per-il-sostegno-sui-generi-di-prima-necessita\/\",\"name\":\"Empori Solideriet\u00e0 al sostegno sui generi di prima necessit\u00e0\",\"isPartOf\":{\"@id\":\"https:\/\/progettotouring.it\/radiotouring104\/#website\"},\"primaryImageOfPage\":{\"@id\":\"https:\/\/progettotouring.it\/radiotouring104\/2023\/03\/10\/empori-della-soliderieta-bando-per-il-sostegno-sui-generi-di-prima-necessita\/#primaryimage\"},\"image\":{\"@id\":\"https:\/\/progettotouring.it\/radiotouring104\/2023\/03\/10\/empori-della-soliderieta-bando-per-il-sostegno-sui-generi-di-prima-necessita\/#primaryimage\"},\"thumbnailUrl\":\"https:\/\/progettotouring.it\/radiotouring104\/wp-content\/uploads\/sites\/6\/2022\/08\/demetrio-delfino.jpeg\",\"datePublished\":\"2023-03-10T15:10:45+00:00\",\"dateModified\":\"2023-03-10T16:44:25+00:00\",\"description\":\"Assessore al Welfare, Demetrio Delfino, sostiene gli Empori della Solideriet\u00e0 che aiuteranno le famiglie bisognose\",\"breadcrumb\":{\"@id\":\"https:\/\/progettotouring.it\/radiotouring104\/2023\/03\/10\/empori-della-soliderieta-bando-per-il-sostegno-sui-generi-di-prima-necessita\/#breadcrumb\"},\"inLanguage\":\"it-IT\",\"potentialAction\":[{\"@type\":\"ReadAction\",\"target\":[\"https:\/\/progettotouring.it\/radiotouring104\/2023\/03\/10\/empori-della-soliderieta-bando-per-il-sostegno-sui-generi-di-prima-necessita\/\"]}]},{\"@type\":\"ImageObject\",\"inLanguage\":\"it-IT\",\"@id\":\"https:\/\/progettotouring.it\/radiotouring104\/2023\/03\/10\/empori-della-soliderieta-bando-per-il-sostegno-sui-generi-di-prima-necessita\/#primaryimage\",\"url\":\"https:\/\/progettotouring.it\/radiotouring104\/wp-content\/uploads\/sites\/6\/2022\/08\/demetrio-delfino.jpeg\",\"contentUrl\":\"https:\/\/progettotouring.it\/radiotouring104\/wp-content\/uploads\/sites\/6\/2022\/08\/demetrio-delfino.jpeg\",\"width\":729,\"height\":633},{\"@type\":\"BreadcrumbList\",\"@id\":\"https:\/\/progettotouring.it\/radiotouring104\/2023\/03\/10\/empori-della-soliderieta-bando-per-il-sostegno-sui-generi-di-prima-necessita\/#breadcrumb\",\"itemListElement\":[{\"@type\":\"ListItem\",\"position\":1,\"name\":\"Home\",\"item\":\"https:\/\/progettotouring.it\/radiotouring104\/\"},{\"@type\":\"ListItem\",\"position\":2,\"name\":\"Empori della Solideriet\u00e0: bando per il sostegno sui generi di prima necessit\u00e0\"}]},{\"@type\":\"WebSite\",\"@id\":\"https:\/\/progettotouring.it\/radiotouring104\/#website\",\"url\":\"https:\/\/progettotouring.it\/radiotouring104\/\",\"name\":\"Radio Touring 104\",\"description\":\"La prima radio Reggina\",\"publisher\":{\"@id\":\"https:\/\/progettotouring.it\/radiotouring104\/#organization\"},\"potentialAction\":[{\"@type\":\"SearchAction\",\"target\":{\"@type\":\"EntryPoint\",\"urlTemplate\":\"https:\/\/progettotouring.it\/radiotouring104\/?s={search_term_string}\"},\"query-input\":{\"@type\":\"PropertyValueSpecification\",\"valueRequired\":true,\"valueName\":\"search_term_string\"}}],\"inLanguage\":\"it-IT\"},{\"@type\":\"Organization\",\"@id\":\"https:\/\/progettotouring.it\/radiotouring104\/#organization\",\"name\":\"Radio Touring 104\",\"url\":\"https:\/\/progettotouring.it\/radiotouring104\/\",\"logo\":{\"@type\":\"ImageObject\",\"inLanguage\":\"it-IT\",\"@id\":\"https:\/\/progettotouring.it\/radiotouring104\/#\/schema\/logo\/image\/\",\"url\":\"https:\/\/progettotouring.it\/radiotouring104\/wp-content\/uploads\/sites\/6\/2022\/02\/cropped-logo-radio-touring-104.png\",\"contentUrl\":\"https:\/\/progettotouring.it\/radiotouring104\/wp-content\/uploads\/sites\/6\/2022\/02\/cropped-logo-radio-touring-104.png\",\"width\":377,\"height\":182,\"caption\":\"Radio Touring 104\"},\"image\":{\"@id\":\"https:\/\/progettotouring.it\/radiotouring104\/#\/schema\/logo\/image\/\"}},{\"@type\":\"Person\",\"@id\":\"https:\/\/progettotouring.it\/radiotouring104\/#\/schema\/person\/4a82259ca52ac8702ad1a8f9e5a3120b\",\"name\":\"Filippo Francesco Idone\",\"image\":{\"@type\":\"ImageObject\",\"inLanguage\":\"it-IT\",\"@id\":\"https:\/\/secure.gravatar.com\/avatar\/7268715d2366395c3dd314385670e6484117d44f5c442e61e230f7008b7b62d3?s=96&d=mm&r=g\",\"url\":\"https:\/\/secure.gravatar.com\/avatar\/7268715d2366395c3dd314385670e6484117d44f5c442e61e230f7008b7b62d3?s=96&d=mm&r=g\",\"contentUrl\":\"https:\/\/secure.gravatar.com\/avatar\/7268715d2366395c3dd314385670e6484117d44f5c442e61e230f7008b7b62d3?s=96&d=mm&r=g\",\"caption\":\"Filippo Francesco Idone\"},\"url\":\"https:\/\/progettotouring.it\/radiotouring104\/author\/filippoidone\/\"}]}<\/script>\n<!-- \/ Yoast SEO plugin. -->","yoast_head_json":{"title":"Empori Solideriet\u00e0 al sostegno sui generi di prima necessit\u00e0","description":"Assessore al Welfare, Demetrio Delfino, sostiene gli Empori della Solideriet\u00e0 che aiuteranno le famiglie bisognose","robots":{"index":"index","follow":"follow","max-snippet":"max-snippet:-1","max-image-preview":"max-image-preview:large","max-video-preview":"max-video-preview:-1"},"canonical":"https:\/\/progettotouring.it\/radiotouring104\/2023\/03\/10\/empori-della-soliderieta-bando-per-il-sostegno-sui-generi-di-prima-necessita\/","og_locale":"it_IT","og_type":"article","og_title":"Empori Solideriet\u00e0 al sostegno sui generi di prima necessit\u00e0","og_description":"Assessore al Welfare, Demetrio Delfino, sostiene gli Empori della Solideriet\u00e0 che aiuteranno le famiglie bisognose","og_url":"https:\/\/progettotouring.it\/radiotouring104\/2023\/03\/10\/empori-della-soliderieta-bando-per-il-sostegno-sui-generi-di-prima-necessita\/","og_site_name":"Radio Touring 104","article_published_time":"2023-03-10T15:10:45+00:00","article_modified_time":"2023-03-10T16:44:25+00:00","og_image":[{"width":729,"height":633,"url":"https:\/\/progettotouring.it\/radiotouring104\/wp-content\/uploads\/sites\/6\/2022\/08\/demetrio-delfino.jpeg","type":"image\/jpeg"}],"author":"Filippo Francesco Idone","twitter_card":"summary_large_image","twitter_misc":{"Scritto da":"Filippo Francesco Idone","Tempo di lettura stimato":"3 minuti"},"schema":{"@context":"https:\/\/schema.org","@graph":[{"@type":"Article","@id":"https:\/\/progettotouring.it\/radiotouring104\/2023\/03\/10\/empori-della-soliderieta-bando-per-il-sostegno-sui-generi-di-prima-necessita\/#article","isPartOf":{"@id":"https:\/\/progettotouring.it\/radiotouring104\/2023\/03\/10\/empori-della-soliderieta-bando-per-il-sostegno-sui-generi-di-prima-necessita\/"},"author":{"name":"Filippo Francesco Idone","@id":"https:\/\/progettotouring.it\/radiotouring104\/#\/schema\/person\/4a82259ca52ac8702ad1a8f9e5a3120b"},"headline":"Empori della Solideriet\u00e0: bando per il sostegno sui generi di prima necessit\u00e0","datePublished":"2023-03-10T15:10:45+00:00","dateModified":"2023-03-10T16:44:25+00:00","mainEntityOfPage":{"@id":"https:\/\/progettotouring.it\/radiotouring104\/2023\/03\/10\/empori-della-soliderieta-bando-per-il-sostegno-sui-generi-di-prima-necessita\/"},"wordCount":574,"publisher":{"@id":"https:\/\/progettotouring.it\/radiotouring104\/#organization"},"image":{"@id":"https:\/\/progettotouring.it\/radiotouring104\/2023\/03\/10\/empori-della-soliderieta-bando-per-il-sostegno-sui-generi-di-prima-necessita\/#primaryimage"},"thumbnailUrl":"https:\/\/progettotouring.it\/radiotouring104\/wp-content\/uploads\/sites\/6\/2022\/08\/demetrio-delfino.jpeg","keywords":["Arghill\u00e0","Assessore al Welfare","Demetrio Delfino","Empori della Solidariet\u00e0","pellaro"],"articleSection":["Calabria","Home","News","Reggio Calabria"],"inLanguage":"it-IT"},{"@type":"WebPage","@id":"https:\/\/progettotouring.it\/radiotouring104\/2023\/03\/10\/empori-della-soliderieta-bando-per-il-sostegno-sui-generi-di-prima-necessita\/","url":"https:\/\/progettotouring.it\/radiotouring104\/2023\/03\/10\/empori-della-soliderieta-bando-per-il-sostegno-sui-generi-di-prima-necessita\/","name":"Empori Solideriet\u00e0 al sostegno sui generi di prima necessit\u00e0","isPartOf":{"@id":"https:\/\/progettotouring.it\/radiotouring104\/#website"},"primaryImageOfPage":{"@id":"https:\/\/progettotouring.it\/radiotouring104\/2023\/03\/10\/empori-della-soliderieta-bando-per-il-sostegno-sui-generi-di-prima-necessita\/#primaryimage"},"image":{"@id":"https:\/\/progettotouring.it\/radiotouring104\/2023\/03\/10\/empori-della-soliderieta-bando-per-il-sostegno-sui-generi-di-prima-necessita\/#primaryimage"},"thumbnailUrl":"https:\/\/progettotouring.it\/radiotouring104\/wp-content\/uploads\/sites\/6\/2022\/08\/demetrio-delfino.jpeg","datePublished":"2023-03-10T15:10:45+00:00","dateModified":"2023-03-10T16:44:25+00:00","description":"Assessore al Welfare, Demetrio Delfino, sostiene gli Empori della Solideriet\u00e0 che aiuteranno le famiglie bisognose","breadcrumb":{"@id":"https:\/\/progettotouring.it\/radiotouring104\/2023\/03\/10\/empori-della-soliderieta-bando-per-il-sostegno-sui-generi-di-prima-necessita\/#breadcrumb"},"inLanguage":"it-IT","potentialAction":[{"@type":"ReadAction","target":["https:\/\/progettotouring.it\/radiotouring104\/2023\/03\/10\/empori-della-soliderieta-bando-per-il-sostegno-sui-generi-di-prima-necessita\/"]}]},{"@type":"ImageObject","inLanguage":"it-IT","@id":"https:\/\/progettotouring.it\/radiotouring104\/2023\/03\/10\/empori-della-soliderieta-bando-per-il-sostegno-sui-generi-di-prima-necessita\/#primaryimage","url":"https:\/\/progettotouring.it\/radiotouring104\/wp-content\/uploads\/sites\/6\/2022\/08\/demetrio-delfino.jpeg","contentUrl":"https:\/\/progettotouring.it\/radiotouring104\/wp-content\/uploads\/sites\/6\/2022\/08\/demetrio-delfino.jpeg","width":729,"height":633},{"@type":"BreadcrumbList","@id":"https:\/\/progettotouring.it\/radiotouring104\/2023\/03\/10\/empori-della-soliderieta-bando-per-il-sostegno-sui-generi-di-prima-necessita\/#breadcrumb","itemListElement":[{"@type":"ListItem","position":1,"name":"Home","item":"https:\/\/progettotouring.it\/radiotouring104\/"},{"@type":"ListItem","position":2,"name":"Empori della Solideriet\u00e0: bando per il sostegno sui generi di prima necessit\u00e0"}]},{"@type":"WebSite","@id":"https:\/\/progettotouring.it\/radiotouring104\/#website","url":"https:\/\/progettotouring.it\/radiotouring104\/","name":"Radio Touring 104","description":"La prima radio Reggina","publisher":{"@id":"https:\/\/progettotouring.it\/radiotouring104\/#organization"},"potentialAction":[{"@type":"SearchAction","target":{"@type":"EntryPoint","urlTemplate":"https:\/\/progettotouring.it\/radiotouring104\/?s={search_term_string}"},"query-input":{"@type":"PropertyValueSpecification","valueRequired":true,"valueName":"search_term_string"}}],"inLanguage":"it-IT"},{"@type":"Organization","@id":"https:\/\/progettotouring.it\/radiotouring104\/#organization","name":"Radio Touring 104","url":"https:\/\/progettotouring.it\/radiotouring104\/","logo":{"@type":"ImageObject","inLanguage":"it-IT","@id":"https:\/\/progettotouring.it\/radiotouring104\/#\/schema\/logo\/image\/","url":"https:\/\/progettotouring.it\/radiotouring104\/wp-content\/uploads\/sites\/6\/2022\/02\/cropped-logo-radio-touring-104.png","contentUrl":"https:\/\/progettotouring.it\/radiotouring104\/wp-content\/uploads\/sites\/6\/2022\/02\/cropped-logo-radio-touring-104.png","width":377,"height":182,"caption":"Radio Touring 104"},"image":{"@id":"https:\/\/progettotouring.it\/radiotouring104\/#\/schema\/logo\/image\/"}},{"@type":"Person","@id":"https:\/\/progettotouring.it\/radiotouring104\/#\/schema\/person\/4a82259ca52ac8702ad1a8f9e5a3120b","name":"Filippo Francesco Idone","image":{"@type":"ImageObject","inLanguage":"it-IT","@id":"https:\/\/secure.gravatar.com\/avatar\/7268715d2366395c3dd314385670e6484117d44f5c442e61e230f7008b7b62d3?s=96&d=mm&r=g","url":"https:\/\/secure.gravatar.com\/avatar\/7268715d2366395c3dd314385670e6484117d44f5c442e61e230f7008b7b62d3?s=96&d=mm&r=g","contentUrl":"https:\/\/secure.gravatar.com\/avatar\/7268715d2366395c3dd314385670e6484117d44f5c442e61e230f7008b7b62d3?s=96&d=mm&r=g","caption":"Filippo Francesco Idone"},"url":"https:\/\/progettotouring.it\/radiotouring104\/author\/filippoidone\/"}]}},"jetpack_publicize_connections":[],"jetpack_featured_media_url":"https:\/\/progettotouring.it\/radiotouring104\/wp-content\/uploads\/sites\/6\/2022\/08\/demetrio-delfino.jpeg","jetpack_sharing_enabled":true,"_links":{"self":[{"href":"https:\/\/progettotouring.it\/radiotouring104\/wp-json\/wp\/v2\/posts\/20632","targetHints":{"allow":["GET"]}}],"collection":[{"href":"https:\/\/progettotouring.it\/radiotouring104\/wp-json\/wp\/v2\/posts"}],"about":[{"href":"https:\/\/progettotouring.it\/radiotouring104\/wp-json\/wp\/v2\/types\/post"}],"author":[{"embeddable":true,"href":"https:\/\/progettotouring.it\/radiotouring104\/wp-json\/wp\/v2\/users\/8"}],"replies":[{"embeddable":true,"href":"https:\/\/progettotouring.it\/radiotouring104\/wp-json\/wp\/v2\/comments?post=20632"}],"version-history":[{"count":1,"href":"https:\/\/progettotouring.it\/radiotouring104\/wp-json\/wp\/v2\/posts\/20632\/revisions"}],"predecessor-version":[{"id":20633,"href":"https:\/\/progettotouring.it\/radiotouring104\/wp-json\/wp\/v2\/posts\/20632\/revisions\/20633"}],"wp:featuredmedia":[{"embeddable":true,"href":"https:\/\/progettotouring.it\/radiotouring104\/wp-json\/wp\/v2\/media\/9258"}],"wp:attachment":[{"href":"https:\/\/progettotouring.it\/radiotouring104\/wp-json\/wp\/v2\/media?parent=20632"}],"wp:term":[{"taxonomy":"category","embeddable":true,"href":"https:\/\/progettotouring.it\/radiotouring104\/wp-json\/wp\/v2\/categories?post=20632"},{"taxonomy":"post_tag","embeddable":true,"href":"https:\/\/progettotouring.it\/radiotouring104\/wp-json\/wp\/v2\/tags?post=20632"}],"curies":[{"name":"wp","href":"https:\/\/api.w.org\/{rel}","templated":true}]}}