{"id":20634,"date":"2023-03-10T16:24:35","date_gmt":"2023-03-10T15:24:35","guid":{"rendered":"https:\/\/progettotouring.it\/radiotouring104\/?p=20634"},"modified":"2023-03-10T17:46:41","modified_gmt":"2023-03-10T16:46:41","slug":"la-cgil-presente-alla-manifestazione-di-steccato-di-cutro","status":"publish","type":"post","link":"https:\/\/progettotouring.it\/radiotouring104\/2023\/03\/10\/la-cgil-presente-alla-manifestazione-di-steccato-di-cutro\/","title":{"rendered":"La CGIL presente alla manifestazione di Steccato di Cutro"},"content":{"rendered":"<p style=\"text-align: justify\"><strong>La CGIL Area vasta Catanzaro-Crotone-Vibo<\/strong> domani parteciper\u00e0 alla manifestazione nazionale \u201c<strong>Fermare la strage, subito!\u201d<\/strong>, che si terr\u00e0 domani <strong>Steccato di Cutro<\/strong>, per mostrare l\u2019indignazione verso le misure del governo e per mostrare solidariet\u00e0 nei confronti delle famiglie dei migranti deceduti nel corso del naufragio. <em>\u201cSaremo su quella spiaggia dove si sono infranti i sogni di libert\u00e0 di decine di persone. Dopo tanti, troppi bambini, hanno lasciato la loro innocenza, pagando con la vita la crudelt\u00e0 di un mondo ingiusto che non li ha saputi proteggere, n\u00e9 nelle terre di origine da cui sono scappati, n\u00e9 dove non sono riusciti ad approdare<\/em> \u2013 afferma il segretario generale, Enzo Scalese -. <em><strong>Ma la Calabria \u00e8 una terra di accoglienza:<\/strong> era pronta a sostenerli ed ospitarli, mentre ha solo potuto raccogliere il dolore e le conseguenze di un dramma indescrivibile. Vogliamo portare la nostra testimonianza e unire la nostra voce a quella dei tanti che chiedono chiarezza sull\u2019accaduto: verit\u00e0 e giustizia, per i sopravvissuti, e per non far morire un\u2019altra volta i bambini, le donne e gli uomini che piangiamo come fratelli e sorelle che non abbiamo potuto salvare\u201d.<\/em><\/p>\n<p>&nbsp;<\/p>\n","protected":false},"excerpt":{"rendered":"<p>La CGIL Area vasta Catanzaro-Crotone-Vibo domani parteciper\u00e0 alla manifestazione nazionale \u201cFermare la strage, subito!\u201d, che si terr\u00e0 domani Steccato di Cutro, per mostrare l\u2019indignazione verso le misure del governo e&hellip;<\/p>\n","protected":false},"author":8,"featured_media":10739,"comment_status":"closed","ping_status":"open","sticky":false,"template":"","format":"standard","meta":{"_jetpack_memberships_contains_paid_content":false,"footnotes":"","jetpack_publicize_message":"","jetpack_publicize_feature_enabled":true,"jetpack_social_post_already_shared":false,"jetpack_social_options":{"image_generator_settings":{"template":"highway","default_image_id":0,"font":"","enabled":false},"version":2}},"categories":[142,921,196],"tags":[7594,11296,11295,11297],"class_list":["post-20634","post","type-post","status-publish","format-standard","has-post-thumbnail","hentry","category-calabria","category-home","category-news","tag-cgil-area-vasta-catanzaro-crotone-vibo","tag-fermare-la-strage","tag-steccato-di-cutro","tag-subito"],"yoast_head":"<!-- This site is optimized with the Yoast SEO plugin v27.2 - https:\/\/yoast.com\/product\/yoast-seo-wordpress\/ -->\n<title>La CGIL presente alla manifestazione di Steccato di Cutro<\/title>\n<meta name=\"description\" content=\"La CGIL Area vasta Catanzaro-Crotone-Vibo sar\u00e0 presente alla manifestazione che si terr\u00e0 sabato a Steccato di Cutro\" \/>\n<meta name=\"robots\" content=\"index, follow, max-snippet:-1, max-image-preview:large, max-video-preview:-1\" \/>\n<link rel=\"canonical\" href=\"https:\/\/progettotouring.it\/radiotouring104\/2023\/03\/10\/la-cgil-presente-alla-manifestazione-di-steccato-di-cutro\/\" \/>\n<meta property=\"og:locale\" content=\"it_IT\" \/>\n<meta property=\"og:type\" content=\"article\" \/>\n<meta property=\"og:title\" content=\"La CGIL presente alla manifestazione di Steccato di Cutro\" \/>\n<meta property=\"og:description\" content=\"La CGIL Area vasta Catanzaro-Crotone-Vibo sar\u00e0 presente alla manifestazione che si terr\u00e0 sabato a Steccato di Cutro\" \/>\n<meta property=\"og:url\" content=\"https:\/\/progettotouring.it\/radiotouring104\/2023\/03\/10\/la-cgil-presente-alla-manifestazione-di-steccato-di-cutro\/\" \/>\n<meta property=\"og:site_name\" content=\"Radio Touring 104\" \/>\n<meta property=\"article:published_time\" content=\"2023-03-10T15:24:35+00:00\" \/>\n<meta property=\"article:modified_time\" content=\"2023-03-10T16:46:41+00:00\" \/>\n<meta property=\"og:image\" content=\"https:\/\/progettotouring.it\/radiotouring104\/wp-content\/uploads\/sites\/6\/2022\/10\/cgil-calabria.jpg\" \/>\n\t<meta property=\"og:image:width\" content=\"400\" \/>\n\t<meta property=\"og:image:height\" content=\"230\" \/>\n\t<meta property=\"og:image:type\" content=\"image\/jpeg\" \/>\n<meta name=\"author\" content=\"Filippo Francesco Idone\" \/>\n<meta name=\"twitter:card\" content=\"summary_large_image\" \/>\n<meta name=\"twitter:label1\" content=\"Scritto da\" \/>\n\t<meta name=\"twitter:data1\" content=\"Filippo Francesco Idone\" \/>\n\t<meta name=\"twitter:label2\" content=\"Tempo di lettura stimato\" \/>\n\t<meta name=\"twitter:data2\" content=\"1 minuto\" \/>\n<script type=\"application\/ld+json\" class=\"yoast-schema-graph\">{\"@context\":\"https:\/\/schema.org\",\"@graph\":[{\"@type\":\"Article\",\"@id\":\"https:\/\/progettotouring.it\/radiotouring104\/2023\/03\/10\/la-cgil-presente-alla-manifestazione-di-steccato-di-cutro\/#article\",\"isPartOf\":{\"@id\":\"https:\/\/progettotouring.it\/radiotouring104\/2023\/03\/10\/la-cgil-presente-alla-manifestazione-di-steccato-di-cutro\/\"},\"author\":{\"name\":\"Filippo Francesco Idone\",\"@id\":\"https:\/\/progettotouring.it\/radiotouring104\/#\/schema\/person\/4a82259ca52ac8702ad1a8f9e5a3120b\"},\"headline\":\"La CGIL presente alla manifestazione di Steccato di Cutro\",\"datePublished\":\"2023-03-10T15:24:35+00:00\",\"dateModified\":\"2023-03-10T16:46:41+00:00\",\"mainEntityOfPage\":{\"@id\":\"https:\/\/progettotouring.it\/radiotouring104\/2023\/03\/10\/la-cgil-presente-alla-manifestazione-di-steccato-di-cutro\/\"},\"wordCount\":197,\"publisher\":{\"@id\":\"https:\/\/progettotouring.it\/radiotouring104\/#organization\"},\"image\":{\"@id\":\"https:\/\/progettotouring.it\/radiotouring104\/2023\/03\/10\/la-cgil-presente-alla-manifestazione-di-steccato-di-cutro\/#primaryimage\"},\"thumbnailUrl\":\"https:\/\/progettotouring.it\/radiotouring104\/wp-content\/uploads\/sites\/6\/2022\/10\/cgil-calabria.jpg\",\"keywords\":[\"Cgil Area Vasta Catanzaro- Crotone- Vibo\",\"Fermare la strage\",\"steccato di cutro\",\"subito!\u201d\"],\"articleSection\":[\"Calabria\",\"Home\",\"News\"],\"inLanguage\":\"it-IT\"},{\"@type\":\"WebPage\",\"@id\":\"https:\/\/progettotouring.it\/radiotouring104\/2023\/03\/10\/la-cgil-presente-alla-manifestazione-di-steccato-di-cutro\/\",\"url\":\"https:\/\/progettotouring.it\/radiotouring104\/2023\/03\/10\/la-cgil-presente-alla-manifestazione-di-steccato-di-cutro\/\",\"name\":\"La CGIL presente alla manifestazione di Steccato di Cutro\",\"isPartOf\":{\"@id\":\"https:\/\/progettotouring.it\/radiotouring104\/#website\"},\"primaryImageOfPage\":{\"@id\":\"https:\/\/progettotouring.it\/radiotouring104\/2023\/03\/10\/la-cgil-presente-alla-manifestazione-di-steccato-di-cutro\/#primaryimage\"},\"image\":{\"@id\":\"https:\/\/progettotouring.it\/radiotouring104\/2023\/03\/10\/la-cgil-presente-alla-manifestazione-di-steccato-di-cutro\/#primaryimage\"},\"thumbnailUrl\":\"https:\/\/progettotouring.it\/radiotouring104\/wp-content\/uploads\/sites\/6\/2022\/10\/cgil-calabria.jpg\",\"datePublished\":\"2023-03-10T15:24:35+00:00\",\"dateModified\":\"2023-03-10T16:46:41+00:00\",\"description\":\"La CGIL Area vasta Catanzaro-Crotone-Vibo sar\u00e0 presente alla manifestazione che si terr\u00e0 sabato a Steccato di Cutro\",\"breadcrumb\":{\"@id\":\"https:\/\/progettotouring.it\/radiotouring104\/2023\/03\/10\/la-cgil-presente-alla-manifestazione-di-steccato-di-cutro\/#breadcrumb\"},\"inLanguage\":\"it-IT\",\"potentialAction\":[{\"@type\":\"ReadAction\",\"target\":[\"https:\/\/progettotouring.it\/radiotouring104\/2023\/03\/10\/la-cgil-presente-alla-manifestazione-di-steccato-di-cutro\/\"]}]},{\"@type\":\"ImageObject\",\"inLanguage\":\"it-IT\",\"@id\":\"https:\/\/progettotouring.it\/radiotouring104\/2023\/03\/10\/la-cgil-presente-alla-manifestazione-di-steccato-di-cutro\/#primaryimage\",\"url\":\"https:\/\/progettotouring.it\/radiotouring104\/wp-content\/uploads\/sites\/6\/2022\/10\/cgil-calabria.jpg\",\"contentUrl\":\"https:\/\/progettotouring.it\/radiotouring104\/wp-content\/uploads\/sites\/6\/2022\/10\/cgil-calabria.jpg\",\"width\":400,\"height\":230},{\"@type\":\"BreadcrumbList\",\"@id\":\"https:\/\/progettotouring.it\/radiotouring104\/2023\/03\/10\/la-cgil-presente-alla-manifestazione-di-steccato-di-cutro\/#breadcrumb\",\"itemListElement\":[{\"@type\":\"ListItem\",\"position\":1,\"name\":\"Home\",\"item\":\"https:\/\/progettotouring.it\/radiotouring104\/\"},{\"@type\":\"ListItem\",\"position\":2,\"name\":\"La CGIL presente alla manifestazione di Steccato di Cutro\"}]},{\"@type\":\"WebSite\",\"@id\":\"https:\/\/progettotouring.it\/radiotouring104\/#website\",\"url\":\"https:\/\/progettotouring.it\/radiotouring104\/\",\"name\":\"Radio Touring 104\",\"description\":\"La prima radio Reggina\",\"publisher\":{\"@id\":\"https:\/\/progettotouring.it\/radiotouring104\/#organization\"},\"potentialAction\":[{\"@type\":\"SearchAction\",\"target\":{\"@type\":\"EntryPoint\",\"urlTemplate\":\"https:\/\/progettotouring.it\/radiotouring104\/?s={search_term_string}\"},\"query-input\":{\"@type\":\"PropertyValueSpecification\",\"valueRequired\":true,\"valueName\":\"search_term_string\"}}],\"inLanguage\":\"it-IT\"},{\"@type\":\"Organization\",\"@id\":\"https:\/\/progettotouring.it\/radiotouring104\/#organization\",\"name\":\"Radio Touring 104\",\"url\":\"https:\/\/progettotouring.it\/radiotouring104\/\",\"logo\":{\"@type\":\"ImageObject\",\"inLanguage\":\"it-IT\",\"@id\":\"https:\/\/progettotouring.it\/radiotouring104\/#\/schema\/logo\/image\/\",\"url\":\"https:\/\/progettotouring.it\/radiotouring104\/wp-content\/uploads\/sites\/6\/2022\/02\/cropped-logo-radio-touring-104.png\",\"contentUrl\":\"https:\/\/progettotouring.it\/radiotouring104\/wp-content\/uploads\/sites\/6\/2022\/02\/cropped-logo-radio-touring-104.png\",\"width\":377,\"height\":182,\"caption\":\"Radio Touring 104\"},\"image\":{\"@id\":\"https:\/\/progettotouring.it\/radiotouring104\/#\/schema\/logo\/image\/\"}},{\"@type\":\"Person\",\"@id\":\"https:\/\/progettotouring.it\/radiotouring104\/#\/schema\/person\/4a82259ca52ac8702ad1a8f9e5a3120b\",\"name\":\"Filippo Francesco Idone\",\"image\":{\"@type\":\"ImageObject\",\"inLanguage\":\"it-IT\",\"@id\":\"https:\/\/secure.gravatar.com\/avatar\/7268715d2366395c3dd314385670e6484117d44f5c442e61e230f7008b7b62d3?s=96&d=mm&r=g\",\"url\":\"https:\/\/secure.gravatar.com\/avatar\/7268715d2366395c3dd314385670e6484117d44f5c442e61e230f7008b7b62d3?s=96&d=mm&r=g\",\"contentUrl\":\"https:\/\/secure.gravatar.com\/avatar\/7268715d2366395c3dd314385670e6484117d44f5c442e61e230f7008b7b62d3?s=96&d=mm&r=g\",\"caption\":\"Filippo Francesco Idone\"},\"url\":\"https:\/\/progettotouring.it\/radiotouring104\/author\/filippoidone\/\"}]}<\/script>\n<!-- \/ Yoast SEO plugin. -->","yoast_head_json":{"title":"La CGIL presente alla manifestazione di Steccato di Cutro","description":"La CGIL Area vasta Catanzaro-Crotone-Vibo sar\u00e0 presente alla manifestazione che si terr\u00e0 sabato a Steccato di Cutro","robots":{"index":"index","follow":"follow","max-snippet":"max-snippet:-1","max-image-preview":"max-image-preview:large","max-video-preview":"max-video-preview:-1"},"canonical":"https:\/\/progettotouring.it\/radiotouring104\/2023\/03\/10\/la-cgil-presente-alla-manifestazione-di-steccato-di-cutro\/","og_locale":"it_IT","og_type":"article","og_title":"La CGIL presente alla manifestazione di Steccato di Cutro","og_description":"La CGIL Area vasta Catanzaro-Crotone-Vibo sar\u00e0 presente alla manifestazione che si terr\u00e0 sabato a Steccato di Cutro","og_url":"https:\/\/progettotouring.it\/radiotouring104\/2023\/03\/10\/la-cgil-presente-alla-manifestazione-di-steccato-di-cutro\/","og_site_name":"Radio Touring 104","article_published_time":"2023-03-10T15:24:35+00:00","article_modified_time":"2023-03-10T16:46:41+00:00","og_image":[{"width":400,"height":230,"url":"https:\/\/progettotouring.it\/radiotouring104\/wp-content\/uploads\/sites\/6\/2022\/10\/cgil-calabria.jpg","type":"image\/jpeg"}],"author":"Filippo Francesco Idone","twitter_card":"summary_large_image","twitter_misc":{"Scritto da":"Filippo Francesco Idone","Tempo di lettura stimato":"1 minuto"},"schema":{"@context":"https:\/\/schema.org","@graph":[{"@type":"Article","@id":"https:\/\/progettotouring.it\/radiotouring104\/2023\/03\/10\/la-cgil-presente-alla-manifestazione-di-steccato-di-cutro\/#article","isPartOf":{"@id":"https:\/\/progettotouring.it\/radiotouring104\/2023\/03\/10\/la-cgil-presente-alla-manifestazione-di-steccato-di-cutro\/"},"author":{"name":"Filippo Francesco Idone","@id":"https:\/\/progettotouring.it\/radiotouring104\/#\/schema\/person\/4a82259ca52ac8702ad1a8f9e5a3120b"},"headline":"La CGIL presente alla manifestazione di Steccato di Cutro","datePublished":"2023-03-10T15:24:35+00:00","dateModified":"2023-03-10T16:46:41+00:00","mainEntityOfPage":{"@id":"https:\/\/progettotouring.it\/radiotouring104\/2023\/03\/10\/la-cgil-presente-alla-manifestazione-di-steccato-di-cutro\/"},"wordCount":197,"publisher":{"@id":"https:\/\/progettotouring.it\/radiotouring104\/#organization"},"image":{"@id":"https:\/\/progettotouring.it\/radiotouring104\/2023\/03\/10\/la-cgil-presente-alla-manifestazione-di-steccato-di-cutro\/#primaryimage"},"thumbnailUrl":"https:\/\/progettotouring.it\/radiotouring104\/wp-content\/uploads\/sites\/6\/2022\/10\/cgil-calabria.jpg","keywords":["Cgil Area Vasta Catanzaro- Crotone- Vibo","Fermare la strage","steccato di cutro","subito!\u201d"],"articleSection":["Calabria","Home","News"],"inLanguage":"it-IT"},{"@type":"WebPage","@id":"https:\/\/progettotouring.it\/radiotouring104\/2023\/03\/10\/la-cgil-presente-alla-manifestazione-di-steccato-di-cutro\/","url":"https:\/\/progettotouring.it\/radiotouring104\/2023\/03\/10\/la-cgil-presente-alla-manifestazione-di-steccato-di-cutro\/","name":"La CGIL presente alla manifestazione di Steccato di Cutro","isPartOf":{"@id":"https:\/\/progettotouring.it\/radiotouring104\/#website"},"primaryImageOfPage":{"@id":"https:\/\/progettotouring.it\/radiotouring104\/2023\/03\/10\/la-cgil-presente-alla-manifestazione-di-steccato-di-cutro\/#primaryimage"},"image":{"@id":"https:\/\/progettotouring.it\/radiotouring104\/2023\/03\/10\/la-cgil-presente-alla-manifestazione-di-steccato-di-cutro\/#primaryimage"},"thumbnailUrl":"https:\/\/progettotouring.it\/radiotouring104\/wp-content\/uploads\/sites\/6\/2022\/10\/cgil-calabria.jpg","datePublished":"2023-03-10T15:24:35+00:00","dateModified":"2023-03-10T16:46:41+00:00","description":"La CGIL Area vasta Catanzaro-Crotone-Vibo sar\u00e0 presente alla manifestazione che si terr\u00e0 sabato a Steccato di Cutro","breadcrumb":{"@id":"https:\/\/progettotouring.it\/radiotouring104\/2023\/03\/10\/la-cgil-presente-alla-manifestazione-di-steccato-di-cutro\/#breadcrumb"},"inLanguage":"it-IT","potentialAction":[{"@type":"ReadAction","target":["https:\/\/progettotouring.it\/radiotouring104\/2023\/03\/10\/la-cgil-presente-alla-manifestazione-di-steccato-di-cutro\/"]}]},{"@type":"ImageObject","inLanguage":"it-IT","@id":"https:\/\/progettotouring.it\/radiotouring104\/2023\/03\/10\/la-cgil-presente-alla-manifestazione-di-steccato-di-cutro\/#primaryimage","url":"https:\/\/progettotouring.it\/radiotouring104\/wp-content\/uploads\/sites\/6\/2022\/10\/cgil-calabria.jpg","contentUrl":"https:\/\/progettotouring.it\/radiotouring104\/wp-content\/uploads\/sites\/6\/2022\/10\/cgil-calabria.jpg","width":400,"height":230},{"@type":"BreadcrumbList","@id":"https:\/\/progettotouring.it\/radiotouring104\/2023\/03\/10\/la-cgil-presente-alla-manifestazione-di-steccato-di-cutro\/#breadcrumb","itemListElement":[{"@type":"ListItem","position":1,"name":"Home","item":"https:\/\/progettotouring.it\/radiotouring104\/"},{"@type":"ListItem","position":2,"name":"La CGIL presente alla manifestazione di Steccato di Cutro"}]},{"@type":"WebSite","@id":"https:\/\/progettotouring.it\/radiotouring104\/#website","url":"https:\/\/progettotouring.it\/radiotouring104\/","name":"Radio Touring 104","description":"La prima radio Reggina","publisher":{"@id":"https:\/\/progettotouring.it\/radiotouring104\/#organization"},"potentialAction":[{"@type":"SearchAction","target":{"@type":"EntryPoint","urlTemplate":"https:\/\/progettotouring.it\/radiotouring104\/?s={search_term_string}"},"query-input":{"@type":"PropertyValueSpecification","valueRequired":true,"valueName":"search_term_string"}}],"inLanguage":"it-IT"},{"@type":"Organization","@id":"https:\/\/progettotouring.it\/radiotouring104\/#organization","name":"Radio Touring 104","url":"https:\/\/progettotouring.it\/radiotouring104\/","logo":{"@type":"ImageObject","inLanguage":"it-IT","@id":"https:\/\/progettotouring.it\/radiotouring104\/#\/schema\/logo\/image\/","url":"https:\/\/progettotouring.it\/radiotouring104\/wp-content\/uploads\/sites\/6\/2022\/02\/cropped-logo-radio-touring-104.png","contentUrl":"https:\/\/progettotouring.it\/radiotouring104\/wp-content\/uploads\/sites\/6\/2022\/02\/cropped-logo-radio-touring-104.png","width":377,"height":182,"caption":"Radio Touring 104"},"image":{"@id":"https:\/\/progettotouring.it\/radiotouring104\/#\/schema\/logo\/image\/"}},{"@type":"Person","@id":"https:\/\/progettotouring.it\/radiotouring104\/#\/schema\/person\/4a82259ca52ac8702ad1a8f9e5a3120b","name":"Filippo Francesco Idone","image":{"@type":"ImageObject","inLanguage":"it-IT","@id":"https:\/\/secure.gravatar.com\/avatar\/7268715d2366395c3dd314385670e6484117d44f5c442e61e230f7008b7b62d3?s=96&d=mm&r=g","url":"https:\/\/secure.gravatar.com\/avatar\/7268715d2366395c3dd314385670e6484117d44f5c442e61e230f7008b7b62d3?s=96&d=mm&r=g","contentUrl":"https:\/\/secure.gravatar.com\/avatar\/7268715d2366395c3dd314385670e6484117d44f5c442e61e230f7008b7b62d3?s=96&d=mm&r=g","caption":"Filippo Francesco Idone"},"url":"https:\/\/progettotouring.it\/radiotouring104\/author\/filippoidone\/"}]}},"jetpack_publicize_connections":[],"jetpack_featured_media_url":"https:\/\/progettotouring.it\/radiotouring104\/wp-content\/uploads\/sites\/6\/2022\/10\/cgil-calabria.jpg","jetpack_sharing_enabled":true,"_links":{"self":[{"href":"https:\/\/progettotouring.it\/radiotouring104\/wp-json\/wp\/v2\/posts\/20634","targetHints":{"allow":["GET"]}}],"collection":[{"href":"https:\/\/progettotouring.it\/radiotouring104\/wp-json\/wp\/v2\/posts"}],"about":[{"href":"https:\/\/progettotouring.it\/radiotouring104\/wp-json\/wp\/v2\/types\/post"}],"author":[{"embeddable":true,"href":"https:\/\/progettotouring.it\/radiotouring104\/wp-json\/wp\/v2\/users\/8"}],"replies":[{"embeddable":true,"href":"https:\/\/progettotouring.it\/radiotouring104\/wp-json\/wp\/v2\/comments?post=20634"}],"version-history":[{"count":1,"href":"https:\/\/progettotouring.it\/radiotouring104\/wp-json\/wp\/v2\/posts\/20634\/revisions"}],"predecessor-version":[{"id":20635,"href":"https:\/\/progettotouring.it\/radiotouring104\/wp-json\/wp\/v2\/posts\/20634\/revisions\/20635"}],"wp:featuredmedia":[{"embeddable":true,"href":"https:\/\/progettotouring.it\/radiotouring104\/wp-json\/wp\/v2\/media\/10739"}],"wp:attachment":[{"href":"https:\/\/progettotouring.it\/radiotouring104\/wp-json\/wp\/v2\/media?parent=20634"}],"wp:term":[{"taxonomy":"category","embeddable":true,"href":"https:\/\/progettotouring.it\/radiotouring104\/wp-json\/wp\/v2\/categories?post=20634"},{"taxonomy":"post_tag","embeddable":true,"href":"https:\/\/progettotouring.it\/radiotouring104\/wp-json\/wp\/v2\/tags?post=20634"}],"curies":[{"name":"wp","href":"https:\/\/api.w.org\/{rel}","templated":true}]}}