{"id":20636,"date":"2023-03-10T17:17:18","date_gmt":"2023-03-10T16:17:18","guid":{"rendered":"https:\/\/progettotouring.it\/radiotouring104\/?p=20636"},"modified":"2023-03-10T17:51:34","modified_gmt":"2023-03-10T16:51:34","slug":"consorzi-di-bonifica-calabresi-di-natale-contrariato-ancora-situazione-critica","status":"publish","type":"post","link":"https:\/\/progettotouring.it\/radiotouring104\/2023\/03\/10\/consorzi-di-bonifica-calabresi-di-natale-contrariato-ancora-situazione-critica\/","title":{"rendered":"Consorzi di bonifica Calabresi, Di Natale contrariato: \u201dAncora situazione critica&#8221;"},"content":{"rendered":"<p style=\"text-align: justify\"><em>\u201cHo da sempre posto l\u2019attenzione sulla situazione dei <strong>Consorzi di bonifica Calabresi,<\/strong> in particolare quelli della provincia di <strong>Cosenza<\/strong>, denunciando la cattiva gestione degli stessi, le mancate retribuzioni ai lavoratori e, soprattutto, il grande gap economico che li caratterizza, ma oggi apprendo una cosa ancor pi\u00f9 grave. Pare che alcuni lavoratori non riescano ad avere neanche la certificazione per le mensilit\u00e0 pregresse, siamo all\u2019inverosimile.<\/em> <strong>Graziano Di Natale<\/strong>, gi\u00e0 segretario Questore del Consiglio regionale della Calabria e promotore della Proposta di legge per il riordino dei<strong> Consorzi di bonifica della Regione Calabria,<\/strong> mette in luce, ancora una volta, le criticit\u00e0 del sistema amministrativo dei Consorzi di bonifica, nello specifico, quello in questione, il consorzio dei bacini del meridione del Tirreno Cosentino (ex valle Lao).<\/p>\n<p style=\"text-align: justify\"><em>\u201cC\u2019\u00e8 davvero una situazione critica che esige una netta presa di posizione dalle istituzioni. I lavoratori sono senza stipendio, e l\u2019ultima mensilit\u00e0 risale ad ottobre 2022. Tutto ci\u00f2 non \u00e8 accettabile, e cosa grave succede nel silenzio assoluto. Dove sono i diritti dei lavoratori? Per di pi\u00f9<\/em> continua l\u2019esponente politico-<em> l\u2019amministrazione pare che voglia deliberare l\u2019assunzione <strong>di 15 unit\u00e0<\/strong> lavorative a tempo determinato per la stagione irrigua 2023, siamo nel ridicolo. Faccio appello alle autorit\u00e0 regionali di intervenire e fermare questo modus operandi\u201d. C<\/em>oncludendo <strong>Di Natale<\/strong> auspica ad un intervento repentino, da chi \u00e8 addetto ai lavori, al fine di garantire ai lavoratori i giusti diritti.<\/p>\n","protected":false},"excerpt":{"rendered":"<p>\u201cHo da sempre posto l\u2019attenzione sulla situazione dei Consorzi di bonifica Calabresi, in particolare quelli della provincia di Cosenza, denunciando la cattiva gestione degli stessi, le mancate retribuzioni ai lavoratori&hellip;<\/p>\n","protected":false},"author":8,"featured_media":20431,"comment_status":"closed","ping_status":"open","sticky":false,"template":"","format":"standard","meta":{"_jetpack_memberships_contains_paid_content":false,"footnotes":"","jetpack_publicize_message":"","jetpack_publicize_feature_enabled":true,"jetpack_social_post_already_shared":false,"jetpack_social_options":{"image_generator_settings":{"template":"highway","default_image_id":0,"font":"","enabled":false},"version":2}},"categories":[142,921,196],"tags":[11298,7324,11299],"class_list":["post-20636","post","type-post","status-publish","format-standard","has-post-thumbnail","hentry","category-calabria","category-home","category-news","tag-consorzi-di-bonifica-della-regione-calabria","tag-graziano-di-natale","tag-valle-lao"],"yoast_head":"<!-- This site is optimized with the Yoast SEO plugin v27.2 - https:\/\/yoast.com\/product\/yoast-seo-wordpress\/ -->\n<title>Consorzi bonifica, Di Natale contrariato: \u201dAncora situazione critica&quot;<\/title>\n<meta name=\"description\" content=\"Di Natale, segretario Questore del Consiglio regionale della Calabria, \u00e8 contrariato per la situazione dei lavoratori dell\u2019ex valle Lao\" \/>\n<meta name=\"robots\" content=\"index, follow, max-snippet:-1, max-image-preview:large, max-video-preview:-1\" \/>\n<link rel=\"canonical\" href=\"https:\/\/progettotouring.it\/radiotouring104\/2023\/03\/10\/consorzi-di-bonifica-calabresi-di-natale-contrariato-ancora-situazione-critica\/\" \/>\n<meta property=\"og:locale\" content=\"it_IT\" \/>\n<meta property=\"og:type\" content=\"article\" \/>\n<meta property=\"og:title\" content=\"Consorzi bonifica, Di Natale contrariato: \u201dAncora situazione critica&quot;\" \/>\n<meta property=\"og:description\" content=\"Di Natale, segretario Questore del Consiglio regionale della Calabria, \u00e8 contrariato per la situazione dei lavoratori dell\u2019ex valle Lao\" \/>\n<meta property=\"og:url\" content=\"https:\/\/progettotouring.it\/radiotouring104\/2023\/03\/10\/consorzi-di-bonifica-calabresi-di-natale-contrariato-ancora-situazione-critica\/\" \/>\n<meta property=\"og:site_name\" content=\"Radio Touring 104\" \/>\n<meta property=\"article:published_time\" content=\"2023-03-10T16:17:18+00:00\" \/>\n<meta property=\"article:modified_time\" content=\"2023-03-10T16:51:34+00:00\" \/>\n<meta property=\"og:image\" content=\"https:\/\/progettotouring.it\/radiotouring104\/wp-content\/uploads\/sites\/6\/2023\/03\/graziano-di-natale.jpg\" \/>\n\t<meta property=\"og:image:width\" content=\"703\" \/>\n\t<meta property=\"og:image:height\" content=\"583\" \/>\n\t<meta property=\"og:image:type\" content=\"image\/jpeg\" \/>\n<meta name=\"author\" content=\"Filippo Francesco Idone\" \/>\n<meta name=\"twitter:card\" content=\"summary_large_image\" \/>\n<meta name=\"twitter:label1\" content=\"Scritto da\" \/>\n\t<meta name=\"twitter:data1\" content=\"Filippo Francesco Idone\" \/>\n\t<meta name=\"twitter:label2\" content=\"Tempo di lettura stimato\" \/>\n\t<meta name=\"twitter:data2\" content=\"1 minuto\" \/>\n<script type=\"application\/ld+json\" class=\"yoast-schema-graph\">{\"@context\":\"https:\/\/schema.org\",\"@graph\":[{\"@type\":\"Article\",\"@id\":\"https:\/\/progettotouring.it\/radiotouring104\/2023\/03\/10\/consorzi-di-bonifica-calabresi-di-natale-contrariato-ancora-situazione-critica\/#article\",\"isPartOf\":{\"@id\":\"https:\/\/progettotouring.it\/radiotouring104\/2023\/03\/10\/consorzi-di-bonifica-calabresi-di-natale-contrariato-ancora-situazione-critica\/\"},\"author\":{\"name\":\"Filippo Francesco Idone\",\"@id\":\"https:\/\/progettotouring.it\/radiotouring104\/#\/schema\/person\/4a82259ca52ac8702ad1a8f9e5a3120b\"},\"headline\":\"Consorzi di bonifica Calabresi, Di Natale contrariato: \u201dAncora situazione critica&#8221;\",\"datePublished\":\"2023-03-10T16:17:18+00:00\",\"dateModified\":\"2023-03-10T16:51:34+00:00\",\"mainEntityOfPage\":{\"@id\":\"https:\/\/progettotouring.it\/radiotouring104\/2023\/03\/10\/consorzi-di-bonifica-calabresi-di-natale-contrariato-ancora-situazione-critica\/\"},\"wordCount\":240,\"publisher\":{\"@id\":\"https:\/\/progettotouring.it\/radiotouring104\/#organization\"},\"image\":{\"@id\":\"https:\/\/progettotouring.it\/radiotouring104\/2023\/03\/10\/consorzi-di-bonifica-calabresi-di-natale-contrariato-ancora-situazione-critica\/#primaryimage\"},\"thumbnailUrl\":\"https:\/\/progettotouring.it\/radiotouring104\/wp-content\/uploads\/sites\/6\/2023\/03\/graziano-di-natale.jpg\",\"keywords\":[\"Consorzi di bonifica della Regione Calabria\",\"Graziano Di Natale\",\"valle Lao\"],\"articleSection\":[\"Calabria\",\"Home\",\"News\"],\"inLanguage\":\"it-IT\"},{\"@type\":\"WebPage\",\"@id\":\"https:\/\/progettotouring.it\/radiotouring104\/2023\/03\/10\/consorzi-di-bonifica-calabresi-di-natale-contrariato-ancora-situazione-critica\/\",\"url\":\"https:\/\/progettotouring.it\/radiotouring104\/2023\/03\/10\/consorzi-di-bonifica-calabresi-di-natale-contrariato-ancora-situazione-critica\/\",\"name\":\"Consorzi bonifica, Di Natale contrariato: \u201dAncora situazione critica\\\"\",\"isPartOf\":{\"@id\":\"https:\/\/progettotouring.it\/radiotouring104\/#website\"},\"primaryImageOfPage\":{\"@id\":\"https:\/\/progettotouring.it\/radiotouring104\/2023\/03\/10\/consorzi-di-bonifica-calabresi-di-natale-contrariato-ancora-situazione-critica\/#primaryimage\"},\"image\":{\"@id\":\"https:\/\/progettotouring.it\/radiotouring104\/2023\/03\/10\/consorzi-di-bonifica-calabresi-di-natale-contrariato-ancora-situazione-critica\/#primaryimage\"},\"thumbnailUrl\":\"https:\/\/progettotouring.it\/radiotouring104\/wp-content\/uploads\/sites\/6\/2023\/03\/graziano-di-natale.jpg\",\"datePublished\":\"2023-03-10T16:17:18+00:00\",\"dateModified\":\"2023-03-10T16:51:34+00:00\",\"description\":\"Di Natale, segretario Questore del Consiglio regionale della Calabria, \u00e8 contrariato per la situazione dei lavoratori dell\u2019ex valle Lao\",\"breadcrumb\":{\"@id\":\"https:\/\/progettotouring.it\/radiotouring104\/2023\/03\/10\/consorzi-di-bonifica-calabresi-di-natale-contrariato-ancora-situazione-critica\/#breadcrumb\"},\"inLanguage\":\"it-IT\",\"potentialAction\":[{\"@type\":\"ReadAction\",\"target\":[\"https:\/\/progettotouring.it\/radiotouring104\/2023\/03\/10\/consorzi-di-bonifica-calabresi-di-natale-contrariato-ancora-situazione-critica\/\"]}]},{\"@type\":\"ImageObject\",\"inLanguage\":\"it-IT\",\"@id\":\"https:\/\/progettotouring.it\/radiotouring104\/2023\/03\/10\/consorzi-di-bonifica-calabresi-di-natale-contrariato-ancora-situazione-critica\/#primaryimage\",\"url\":\"https:\/\/progettotouring.it\/radiotouring104\/wp-content\/uploads\/sites\/6\/2023\/03\/graziano-di-natale.jpg\",\"contentUrl\":\"https:\/\/progettotouring.it\/radiotouring104\/wp-content\/uploads\/sites\/6\/2023\/03\/graziano-di-natale.jpg\",\"width\":703,\"height\":583},{\"@type\":\"BreadcrumbList\",\"@id\":\"https:\/\/progettotouring.it\/radiotouring104\/2023\/03\/10\/consorzi-di-bonifica-calabresi-di-natale-contrariato-ancora-situazione-critica\/#breadcrumb\",\"itemListElement\":[{\"@type\":\"ListItem\",\"position\":1,\"name\":\"Home\",\"item\":\"https:\/\/progettotouring.it\/radiotouring104\/\"},{\"@type\":\"ListItem\",\"position\":2,\"name\":\"Consorzi di bonifica Calabresi, Di Natale contrariato: \u201dAncora situazione critica&#8221;\"}]},{\"@type\":\"WebSite\",\"@id\":\"https:\/\/progettotouring.it\/radiotouring104\/#website\",\"url\":\"https:\/\/progettotouring.it\/radiotouring104\/\",\"name\":\"Radio Touring 104\",\"description\":\"La prima radio Reggina\",\"publisher\":{\"@id\":\"https:\/\/progettotouring.it\/radiotouring104\/#organization\"},\"potentialAction\":[{\"@type\":\"SearchAction\",\"target\":{\"@type\":\"EntryPoint\",\"urlTemplate\":\"https:\/\/progettotouring.it\/radiotouring104\/?s={search_term_string}\"},\"query-input\":{\"@type\":\"PropertyValueSpecification\",\"valueRequired\":true,\"valueName\":\"search_term_string\"}}],\"inLanguage\":\"it-IT\"},{\"@type\":\"Organization\",\"@id\":\"https:\/\/progettotouring.it\/radiotouring104\/#organization\",\"name\":\"Radio Touring 104\",\"url\":\"https:\/\/progettotouring.it\/radiotouring104\/\",\"logo\":{\"@type\":\"ImageObject\",\"inLanguage\":\"it-IT\",\"@id\":\"https:\/\/progettotouring.it\/radiotouring104\/#\/schema\/logo\/image\/\",\"url\":\"https:\/\/progettotouring.it\/radiotouring104\/wp-content\/uploads\/sites\/6\/2022\/02\/cropped-logo-radio-touring-104.png\",\"contentUrl\":\"https:\/\/progettotouring.it\/radiotouring104\/wp-content\/uploads\/sites\/6\/2022\/02\/cropped-logo-radio-touring-104.png\",\"width\":377,\"height\":182,\"caption\":\"Radio Touring 104\"},\"image\":{\"@id\":\"https:\/\/progettotouring.it\/radiotouring104\/#\/schema\/logo\/image\/\"}},{\"@type\":\"Person\",\"@id\":\"https:\/\/progettotouring.it\/radiotouring104\/#\/schema\/person\/4a82259ca52ac8702ad1a8f9e5a3120b\",\"name\":\"Filippo Francesco Idone\",\"image\":{\"@type\":\"ImageObject\",\"inLanguage\":\"it-IT\",\"@id\":\"https:\/\/secure.gravatar.com\/avatar\/7268715d2366395c3dd314385670e6484117d44f5c442e61e230f7008b7b62d3?s=96&d=mm&r=g\",\"url\":\"https:\/\/secure.gravatar.com\/avatar\/7268715d2366395c3dd314385670e6484117d44f5c442e61e230f7008b7b62d3?s=96&d=mm&r=g\",\"contentUrl\":\"https:\/\/secure.gravatar.com\/avatar\/7268715d2366395c3dd314385670e6484117d44f5c442e61e230f7008b7b62d3?s=96&d=mm&r=g\",\"caption\":\"Filippo Francesco Idone\"},\"url\":\"https:\/\/progettotouring.it\/radiotouring104\/author\/filippoidone\/\"}]}<\/script>\n<!-- \/ Yoast SEO plugin. -->","yoast_head_json":{"title":"Consorzi bonifica, Di Natale contrariato: \u201dAncora situazione critica\"","description":"Di Natale, segretario Questore del Consiglio regionale della Calabria, \u00e8 contrariato per la situazione dei lavoratori dell\u2019ex valle Lao","robots":{"index":"index","follow":"follow","max-snippet":"max-snippet:-1","max-image-preview":"max-image-preview:large","max-video-preview":"max-video-preview:-1"},"canonical":"https:\/\/progettotouring.it\/radiotouring104\/2023\/03\/10\/consorzi-di-bonifica-calabresi-di-natale-contrariato-ancora-situazione-critica\/","og_locale":"it_IT","og_type":"article","og_title":"Consorzi bonifica, Di Natale contrariato: \u201dAncora situazione critica\"","og_description":"Di Natale, segretario Questore del Consiglio regionale della Calabria, \u00e8 contrariato per la situazione dei lavoratori dell\u2019ex valle Lao","og_url":"https:\/\/progettotouring.it\/radiotouring104\/2023\/03\/10\/consorzi-di-bonifica-calabresi-di-natale-contrariato-ancora-situazione-critica\/","og_site_name":"Radio Touring 104","article_published_time":"2023-03-10T16:17:18+00:00","article_modified_time":"2023-03-10T16:51:34+00:00","og_image":[{"width":703,"height":583,"url":"https:\/\/progettotouring.it\/radiotouring104\/wp-content\/uploads\/sites\/6\/2023\/03\/graziano-di-natale.jpg","type":"image\/jpeg"}],"author":"Filippo Francesco Idone","twitter_card":"summary_large_image","twitter_misc":{"Scritto da":"Filippo Francesco Idone","Tempo di lettura stimato":"1 minuto"},"schema":{"@context":"https:\/\/schema.org","@graph":[{"@type":"Article","@id":"https:\/\/progettotouring.it\/radiotouring104\/2023\/03\/10\/consorzi-di-bonifica-calabresi-di-natale-contrariato-ancora-situazione-critica\/#article","isPartOf":{"@id":"https:\/\/progettotouring.it\/radiotouring104\/2023\/03\/10\/consorzi-di-bonifica-calabresi-di-natale-contrariato-ancora-situazione-critica\/"},"author":{"name":"Filippo Francesco Idone","@id":"https:\/\/progettotouring.it\/radiotouring104\/#\/schema\/person\/4a82259ca52ac8702ad1a8f9e5a3120b"},"headline":"Consorzi di bonifica Calabresi, Di Natale contrariato: \u201dAncora situazione critica&#8221;","datePublished":"2023-03-10T16:17:18+00:00","dateModified":"2023-03-10T16:51:34+00:00","mainEntityOfPage":{"@id":"https:\/\/progettotouring.it\/radiotouring104\/2023\/03\/10\/consorzi-di-bonifica-calabresi-di-natale-contrariato-ancora-situazione-critica\/"},"wordCount":240,"publisher":{"@id":"https:\/\/progettotouring.it\/radiotouring104\/#organization"},"image":{"@id":"https:\/\/progettotouring.it\/radiotouring104\/2023\/03\/10\/consorzi-di-bonifica-calabresi-di-natale-contrariato-ancora-situazione-critica\/#primaryimage"},"thumbnailUrl":"https:\/\/progettotouring.it\/radiotouring104\/wp-content\/uploads\/sites\/6\/2023\/03\/graziano-di-natale.jpg","keywords":["Consorzi di bonifica della Regione Calabria","Graziano Di Natale","valle Lao"],"articleSection":["Calabria","Home","News"],"inLanguage":"it-IT"},{"@type":"WebPage","@id":"https:\/\/progettotouring.it\/radiotouring104\/2023\/03\/10\/consorzi-di-bonifica-calabresi-di-natale-contrariato-ancora-situazione-critica\/","url":"https:\/\/progettotouring.it\/radiotouring104\/2023\/03\/10\/consorzi-di-bonifica-calabresi-di-natale-contrariato-ancora-situazione-critica\/","name":"Consorzi bonifica, Di Natale contrariato: \u201dAncora situazione critica\"","isPartOf":{"@id":"https:\/\/progettotouring.it\/radiotouring104\/#website"},"primaryImageOfPage":{"@id":"https:\/\/progettotouring.it\/radiotouring104\/2023\/03\/10\/consorzi-di-bonifica-calabresi-di-natale-contrariato-ancora-situazione-critica\/#primaryimage"},"image":{"@id":"https:\/\/progettotouring.it\/radiotouring104\/2023\/03\/10\/consorzi-di-bonifica-calabresi-di-natale-contrariato-ancora-situazione-critica\/#primaryimage"},"thumbnailUrl":"https:\/\/progettotouring.it\/radiotouring104\/wp-content\/uploads\/sites\/6\/2023\/03\/graziano-di-natale.jpg","datePublished":"2023-03-10T16:17:18+00:00","dateModified":"2023-03-10T16:51:34+00:00","description":"Di Natale, segretario Questore del Consiglio regionale della Calabria, \u00e8 contrariato per la situazione dei lavoratori dell\u2019ex valle Lao","breadcrumb":{"@id":"https:\/\/progettotouring.it\/radiotouring104\/2023\/03\/10\/consorzi-di-bonifica-calabresi-di-natale-contrariato-ancora-situazione-critica\/#breadcrumb"},"inLanguage":"it-IT","potentialAction":[{"@type":"ReadAction","target":["https:\/\/progettotouring.it\/radiotouring104\/2023\/03\/10\/consorzi-di-bonifica-calabresi-di-natale-contrariato-ancora-situazione-critica\/"]}]},{"@type":"ImageObject","inLanguage":"it-IT","@id":"https:\/\/progettotouring.it\/radiotouring104\/2023\/03\/10\/consorzi-di-bonifica-calabresi-di-natale-contrariato-ancora-situazione-critica\/#primaryimage","url":"https:\/\/progettotouring.it\/radiotouring104\/wp-content\/uploads\/sites\/6\/2023\/03\/graziano-di-natale.jpg","contentUrl":"https:\/\/progettotouring.it\/radiotouring104\/wp-content\/uploads\/sites\/6\/2023\/03\/graziano-di-natale.jpg","width":703,"height":583},{"@type":"BreadcrumbList","@id":"https:\/\/progettotouring.it\/radiotouring104\/2023\/03\/10\/consorzi-di-bonifica-calabresi-di-natale-contrariato-ancora-situazione-critica\/#breadcrumb","itemListElement":[{"@type":"ListItem","position":1,"name":"Home","item":"https:\/\/progettotouring.it\/radiotouring104\/"},{"@type":"ListItem","position":2,"name":"Consorzi di bonifica Calabresi, Di Natale contrariato: \u201dAncora situazione critica&#8221;"}]},{"@type":"WebSite","@id":"https:\/\/progettotouring.it\/radiotouring104\/#website","url":"https:\/\/progettotouring.it\/radiotouring104\/","name":"Radio Touring 104","description":"La prima radio Reggina","publisher":{"@id":"https:\/\/progettotouring.it\/radiotouring104\/#organization"},"potentialAction":[{"@type":"SearchAction","target":{"@type":"EntryPoint","urlTemplate":"https:\/\/progettotouring.it\/radiotouring104\/?s={search_term_string}"},"query-input":{"@type":"PropertyValueSpecification","valueRequired":true,"valueName":"search_term_string"}}],"inLanguage":"it-IT"},{"@type":"Organization","@id":"https:\/\/progettotouring.it\/radiotouring104\/#organization","name":"Radio Touring 104","url":"https:\/\/progettotouring.it\/radiotouring104\/","logo":{"@type":"ImageObject","inLanguage":"it-IT","@id":"https:\/\/progettotouring.it\/radiotouring104\/#\/schema\/logo\/image\/","url":"https:\/\/progettotouring.it\/radiotouring104\/wp-content\/uploads\/sites\/6\/2022\/02\/cropped-logo-radio-touring-104.png","contentUrl":"https:\/\/progettotouring.it\/radiotouring104\/wp-content\/uploads\/sites\/6\/2022\/02\/cropped-logo-radio-touring-104.png","width":377,"height":182,"caption":"Radio Touring 104"},"image":{"@id":"https:\/\/progettotouring.it\/radiotouring104\/#\/schema\/logo\/image\/"}},{"@type":"Person","@id":"https:\/\/progettotouring.it\/radiotouring104\/#\/schema\/person\/4a82259ca52ac8702ad1a8f9e5a3120b","name":"Filippo Francesco Idone","image":{"@type":"ImageObject","inLanguage":"it-IT","@id":"https:\/\/secure.gravatar.com\/avatar\/7268715d2366395c3dd314385670e6484117d44f5c442e61e230f7008b7b62d3?s=96&d=mm&r=g","url":"https:\/\/secure.gravatar.com\/avatar\/7268715d2366395c3dd314385670e6484117d44f5c442e61e230f7008b7b62d3?s=96&d=mm&r=g","contentUrl":"https:\/\/secure.gravatar.com\/avatar\/7268715d2366395c3dd314385670e6484117d44f5c442e61e230f7008b7b62d3?s=96&d=mm&r=g","caption":"Filippo Francesco Idone"},"url":"https:\/\/progettotouring.it\/radiotouring104\/author\/filippoidone\/"}]}},"jetpack_publicize_connections":[],"jetpack_featured_media_url":"https:\/\/progettotouring.it\/radiotouring104\/wp-content\/uploads\/sites\/6\/2023\/03\/graziano-di-natale.jpg","jetpack_sharing_enabled":true,"_links":{"self":[{"href":"https:\/\/progettotouring.it\/radiotouring104\/wp-json\/wp\/v2\/posts\/20636","targetHints":{"allow":["GET"]}}],"collection":[{"href":"https:\/\/progettotouring.it\/radiotouring104\/wp-json\/wp\/v2\/posts"}],"about":[{"href":"https:\/\/progettotouring.it\/radiotouring104\/wp-json\/wp\/v2\/types\/post"}],"author":[{"embeddable":true,"href":"https:\/\/progettotouring.it\/radiotouring104\/wp-json\/wp\/v2\/users\/8"}],"replies":[{"embeddable":true,"href":"https:\/\/progettotouring.it\/radiotouring104\/wp-json\/wp\/v2\/comments?post=20636"}],"version-history":[{"count":1,"href":"https:\/\/progettotouring.it\/radiotouring104\/wp-json\/wp\/v2\/posts\/20636\/revisions"}],"predecessor-version":[{"id":20637,"href":"https:\/\/progettotouring.it\/radiotouring104\/wp-json\/wp\/v2\/posts\/20636\/revisions\/20637"}],"wp:featuredmedia":[{"embeddable":true,"href":"https:\/\/progettotouring.it\/radiotouring104\/wp-json\/wp\/v2\/media\/20431"}],"wp:attachment":[{"href":"https:\/\/progettotouring.it\/radiotouring104\/wp-json\/wp\/v2\/media?parent=20636"}],"wp:term":[{"taxonomy":"category","embeddable":true,"href":"https:\/\/progettotouring.it\/radiotouring104\/wp-json\/wp\/v2\/categories?post=20636"},{"taxonomy":"post_tag","embeddable":true,"href":"https:\/\/progettotouring.it\/radiotouring104\/wp-json\/wp\/v2\/tags?post=20636"}],"curies":[{"name":"wp","href":"https:\/\/api.w.org\/{rel}","templated":true}]}}