{"id":20638,"date":"2023-03-10T17:35:23","date_gmt":"2023-03-10T16:35:23","guid":{"rendered":"https:\/\/progettotouring.it\/radiotouring104\/?p=20638"},"modified":"2023-03-10T17:59:52","modified_gmt":"2023-03-10T16:59:52","slug":"consiglio-calabria-osservato-un-minuto-di-silenzio-per-le-vittime-di-cutro","status":"publish","type":"post","link":"https:\/\/progettotouring.it\/radiotouring104\/2023\/03\/10\/consiglio-calabria-osservato-un-minuto-di-silenzio-per-le-vittime-di-cutro\/","title":{"rendered":"Consiglio Calabria: osservato un minuto di silenzio per le vittime di Cutro"},"content":{"rendered":"<p style=\"font-weight: 400;text-align: justify\"><span><em>\u201cE\u2019 doveroso aprire la seduta del <strong>Consiglio regionale<\/strong> osservando <strong>un minuto di raccoglimento\u00a0<\/strong>in memoria delle vittime del \u00a0naufragio<\/em> &#8211; tra sabato 25 e domenica 26 febbraio &#8211; <em>di un barcone di migranti provenienti dalla Turchia. Per il numero dei morti, sopravvissuti e dispersi, la tragedie rappresenta\u00a0<strong>una delle stragi di migranti pi\u00f9 gravi del Mediterraneo<\/strong>\u00a0che ha visto infrangersi &#8211;<\/em> a pochi metri dalla costa di Steccato di Cutro &#8211;\u00a0 la speranza di una vita migliore, per uomini, donne e minori costretti alla \u00a0fuga da Paesi devastati da guerre e povert\u00e0 e dagli effetti dei cambiamenti climatici. <\/span><em>Una tragedia che sulla \u2018questione migranti\u2019 speriamo sia uno spartiacque tra il passato e il prossimo futuro. Ma ci\u00f2 sar\u00e0 possibile, \u00a0se l\u2019Unione Europea, i singoli Stati aderenti\u00a0 e la comunit\u00e0 internazionale, decideranno di governare le dinamiche \u00a0migratorie e si assumeranno \u00a0la responsabilit\u00e0 di evitare che le morti nel Mediterraneo si ripetano.<\/em> <span><em>Si chiede<\/em> &#8211; come sta facendo\u00a0<strong>il Governo italiano<\/strong>, che proprio a Cutro ha tenuto il Consiglio dei ministri e varato alcuni \u00a0provvedimenti, \u00a0e come ha sollecitato il\u00a0<strong>presidente Mattarella &#8211;<\/strong>\u00a0<em>che l\u2019Europa si doti di una strategia per sostenere la cooperazione allo \u00a0sviluppo dei Paesi da cui le persona fuggono&#8221;.<\/em><\/span><\/p>\n<p style=\"font-weight: 400;text-align: justify\"><em>&#8220;Soltanto cosi si potr\u00e0 incidere sulle cause di un fenomeno epocale. Smantellando, al contempo, la rete dei trafficanti di esseri umani e organizzando l\u2019accoglienza in una logica che coniughi la \u00a0solidariet\u00e0 con la necessit\u00e0 di assicurare i diritti primari dei migranti nel rispetto della legalit\u00e0. \u00a0<\/em><span><em>Personalmente &#8211;<\/em> apprezzando gli sforzi di molti sindaci impegnati dagli sbarchi quotidiani con pochi mezzi, personale e risorse per garantire i diritti primari dei migranti &#8211;\u00a0 s<em>ono pi\u00f9 volte intervenuto per richiamare l\u2019attenzione sul flusso incessante di \u00a0donne, uomini e minori che, in condizioni psicofisiche drammatiche, sbarcano sulle coste calabresi, prevedendo &#8211; rispetto ai 18 mila migranti giunti in Calabria nel 2022 &#8211; un\u2019accentuata tendenza al rialzo degli arrivi per l\u2019anno in corso. <\/em><\/span><em>Purtroppo, l\u2019ennesima tragedia di febbraio dimostra che gli appelli alla responsabilit\u00e0 <strong>dell\u2019Europa<\/strong> fin qui sono state grida nel deserto. C\u2019\u00e8 da augurarsi che non sia pi\u00f9 cosi! Interpretando i sentimenti del <strong>Consiglio<\/strong> <strong>regionale<\/strong>, inoltre, vista la grande solidariet\u00e0 dimostrata, voglio ringraziare tutti i calabresi che volontariamente, con un\u2019encomiabile carica umanitaria, sono immediatamente accorsi a prestare aiuto ai sopravvissuti. Mi riservo, nei prossimi giorni, di invitare alcuni di loro in Consiglio&#8221;.<br \/>\n<\/em><\/p>\n<p style=\"font-weight: 400;text-align: justify\"><em>&#8220;Nel contesto di angosce per le vite spezzate e di dolore dei parenti delle vittime, la <strong>Calabria<\/strong> ha dimostrato al mondo intero di essere terra di accoglienza e di generosa e fattiva solidariet\u00e0. Un ringraziamento sentito, infine, ai <strong>Sindaci<\/strong>, alla <strong>Guardia<\/strong> <strong>costiera<\/strong>, ai Vigili del fuoco, alla Polizia, ai Carabinieri, alla Guardia di Finanza, al personale sanitario e della Protezione civile, per l\u2019impegno responsabile e assiduo che hanno dimostrato, in questa terribile occasione e in ogni vicenda connessa con il fenomeno complesso delle migrazioni\u201d.<\/em><\/p>\n","protected":false},"excerpt":{"rendered":"<p>\u201cE\u2019 doveroso aprire la seduta del Consiglio regionale osservando un minuto di raccoglimento\u00a0in memoria delle vittime del \u00a0naufragio &#8211; tra sabato 25 e domenica 26 febbraio &#8211; di un barcone&hellip;<\/p>\n","protected":false},"author":8,"featured_media":20639,"comment_status":"closed","ping_status":"open","sticky":false,"template":"","format":"standard","meta":{"_jetpack_memberships_contains_paid_content":false,"footnotes":"","jetpack_publicize_message":"","jetpack_publicize_feature_enabled":true,"jetpack_social_post_already_shared":false,"jetpack_social_options":{"image_generator_settings":{"template":"highway","default_image_id":0,"font":"","enabled":false},"version":2}},"categories":[142,921,196],"tags":[586,11300,7167,1996],"class_list":["post-20638","post","type-post","status-publish","format-standard","has-post-thumbnail","hentry","category-calabria","category-home","category-news","tag-calabria","tag-cosiglio-regionale","tag-europa","tag-minuto-di-silenzio"],"yoast_head":"<!-- This site is optimized with the Yoast SEO plugin v27.2 - https:\/\/yoast.com\/product\/yoast-seo-wordpress\/ -->\n<title>Consiglio Calabria: osservato un minuto di silenzio per le vittime<\/title>\n<meta name=\"description\" content=\"E&#039; stato osservato, prima dell&#039;apertura del Consiglio Regionale, un minuto di silenzio per le vittime di Cutro\" \/>\n<meta name=\"robots\" content=\"index, follow, max-snippet:-1, max-image-preview:large, max-video-preview:-1\" \/>\n<link rel=\"canonical\" href=\"https:\/\/progettotouring.it\/radiotouring104\/2023\/03\/10\/consiglio-calabria-osservato-un-minuto-di-silenzio-per-le-vittime-di-cutro\/\" \/>\n<meta property=\"og:locale\" content=\"it_IT\" \/>\n<meta property=\"og:type\" content=\"article\" \/>\n<meta property=\"og:title\" content=\"Consiglio Calabria: osservato un minuto di silenzio per le vittime\" \/>\n<meta property=\"og:description\" content=\"E&#039; stato osservato, prima dell&#039;apertura del Consiglio Regionale, un minuto di silenzio per le vittime di Cutro\" \/>\n<meta property=\"og:url\" content=\"https:\/\/progettotouring.it\/radiotouring104\/2023\/03\/10\/consiglio-calabria-osservato-un-minuto-di-silenzio-per-le-vittime-di-cutro\/\" \/>\n<meta property=\"og:site_name\" content=\"Radio Touring 104\" \/>\n<meta property=\"article:published_time\" content=\"2023-03-10T16:35:23+00:00\" \/>\n<meta property=\"article:modified_time\" content=\"2023-03-10T16:59:52+00:00\" \/>\n<meta property=\"og:image\" content=\"https:\/\/progettotouring.it\/radiotouring104\/wp-content\/uploads\/sites\/6\/2023\/03\/consiglio-regionale.jpg\" \/>\n\t<meta property=\"og:image:width\" content=\"769\" \/>\n\t<meta property=\"og:image:height\" content=\"577\" \/>\n\t<meta property=\"og:image:type\" content=\"image\/jpeg\" \/>\n<meta name=\"author\" content=\"Filippo Francesco Idone\" \/>\n<meta name=\"twitter:card\" content=\"summary_large_image\" \/>\n<meta name=\"twitter:label1\" content=\"Scritto da\" \/>\n\t<meta name=\"twitter:data1\" content=\"Filippo Francesco Idone\" \/>\n\t<meta name=\"twitter:label2\" content=\"Tempo di lettura stimato\" \/>\n\t<meta name=\"twitter:data2\" content=\"2 minuti\" \/>\n<script type=\"application\/ld+json\" class=\"yoast-schema-graph\">{\"@context\":\"https:\/\/schema.org\",\"@graph\":[{\"@type\":\"Article\",\"@id\":\"https:\/\/progettotouring.it\/radiotouring104\/2023\/03\/10\/consiglio-calabria-osservato-un-minuto-di-silenzio-per-le-vittime-di-cutro\/#article\",\"isPartOf\":{\"@id\":\"https:\/\/progettotouring.it\/radiotouring104\/2023\/03\/10\/consiglio-calabria-osservato-un-minuto-di-silenzio-per-le-vittime-di-cutro\/\"},\"author\":{\"name\":\"Filippo Francesco Idone\",\"@id\":\"https:\/\/progettotouring.it\/radiotouring104\/#\/schema\/person\/4a82259ca52ac8702ad1a8f9e5a3120b\"},\"headline\":\"Consiglio Calabria: osservato un minuto di silenzio per le vittime di Cutro\",\"datePublished\":\"2023-03-10T16:35:23+00:00\",\"dateModified\":\"2023-03-10T16:59:52+00:00\",\"mainEntityOfPage\":{\"@id\":\"https:\/\/progettotouring.it\/radiotouring104\/2023\/03\/10\/consiglio-calabria-osservato-un-minuto-di-silenzio-per-le-vittime-di-cutro\/\"},\"wordCount\":491,\"publisher\":{\"@id\":\"https:\/\/progettotouring.it\/radiotouring104\/#organization\"},\"image\":{\"@id\":\"https:\/\/progettotouring.it\/radiotouring104\/2023\/03\/10\/consiglio-calabria-osservato-un-minuto-di-silenzio-per-le-vittime-di-cutro\/#primaryimage\"},\"thumbnailUrl\":\"https:\/\/progettotouring.it\/radiotouring104\/wp-content\/uploads\/sites\/6\/2023\/03\/consiglio-regionale.jpg\",\"keywords\":[\"calabria\",\"cosiglio regionale\",\"europa\",\"minuto di silenzio\"],\"articleSection\":[\"Calabria\",\"Home\",\"News\"],\"inLanguage\":\"it-IT\"},{\"@type\":\"WebPage\",\"@id\":\"https:\/\/progettotouring.it\/radiotouring104\/2023\/03\/10\/consiglio-calabria-osservato-un-minuto-di-silenzio-per-le-vittime-di-cutro\/\",\"url\":\"https:\/\/progettotouring.it\/radiotouring104\/2023\/03\/10\/consiglio-calabria-osservato-un-minuto-di-silenzio-per-le-vittime-di-cutro\/\",\"name\":\"Consiglio Calabria: osservato un minuto di silenzio per le vittime\",\"isPartOf\":{\"@id\":\"https:\/\/progettotouring.it\/radiotouring104\/#website\"},\"primaryImageOfPage\":{\"@id\":\"https:\/\/progettotouring.it\/radiotouring104\/2023\/03\/10\/consiglio-calabria-osservato-un-minuto-di-silenzio-per-le-vittime-di-cutro\/#primaryimage\"},\"image\":{\"@id\":\"https:\/\/progettotouring.it\/radiotouring104\/2023\/03\/10\/consiglio-calabria-osservato-un-minuto-di-silenzio-per-le-vittime-di-cutro\/#primaryimage\"},\"thumbnailUrl\":\"https:\/\/progettotouring.it\/radiotouring104\/wp-content\/uploads\/sites\/6\/2023\/03\/consiglio-regionale.jpg\",\"datePublished\":\"2023-03-10T16:35:23+00:00\",\"dateModified\":\"2023-03-10T16:59:52+00:00\",\"description\":\"E' stato osservato, prima dell'apertura del Consiglio Regionale, un minuto di silenzio per le vittime di Cutro\",\"breadcrumb\":{\"@id\":\"https:\/\/progettotouring.it\/radiotouring104\/2023\/03\/10\/consiglio-calabria-osservato-un-minuto-di-silenzio-per-le-vittime-di-cutro\/#breadcrumb\"},\"inLanguage\":\"it-IT\",\"potentialAction\":[{\"@type\":\"ReadAction\",\"target\":[\"https:\/\/progettotouring.it\/radiotouring104\/2023\/03\/10\/consiglio-calabria-osservato-un-minuto-di-silenzio-per-le-vittime-di-cutro\/\"]}]},{\"@type\":\"ImageObject\",\"inLanguage\":\"it-IT\",\"@id\":\"https:\/\/progettotouring.it\/radiotouring104\/2023\/03\/10\/consiglio-calabria-osservato-un-minuto-di-silenzio-per-le-vittime-di-cutro\/#primaryimage\",\"url\":\"https:\/\/progettotouring.it\/radiotouring104\/wp-content\/uploads\/sites\/6\/2023\/03\/consiglio-regionale.jpg\",\"contentUrl\":\"https:\/\/progettotouring.it\/radiotouring104\/wp-content\/uploads\/sites\/6\/2023\/03\/consiglio-regionale.jpg\",\"width\":769,\"height\":577},{\"@type\":\"BreadcrumbList\",\"@id\":\"https:\/\/progettotouring.it\/radiotouring104\/2023\/03\/10\/consiglio-calabria-osservato-un-minuto-di-silenzio-per-le-vittime-di-cutro\/#breadcrumb\",\"itemListElement\":[{\"@type\":\"ListItem\",\"position\":1,\"name\":\"Home\",\"item\":\"https:\/\/progettotouring.it\/radiotouring104\/\"},{\"@type\":\"ListItem\",\"position\":2,\"name\":\"Consiglio Calabria: osservato un minuto di silenzio per le vittime di Cutro\"}]},{\"@type\":\"WebSite\",\"@id\":\"https:\/\/progettotouring.it\/radiotouring104\/#website\",\"url\":\"https:\/\/progettotouring.it\/radiotouring104\/\",\"name\":\"Radio Touring 104\",\"description\":\"La prima radio Reggina\",\"publisher\":{\"@id\":\"https:\/\/progettotouring.it\/radiotouring104\/#organization\"},\"potentialAction\":[{\"@type\":\"SearchAction\",\"target\":{\"@type\":\"EntryPoint\",\"urlTemplate\":\"https:\/\/progettotouring.it\/radiotouring104\/?s={search_term_string}\"},\"query-input\":{\"@type\":\"PropertyValueSpecification\",\"valueRequired\":true,\"valueName\":\"search_term_string\"}}],\"inLanguage\":\"it-IT\"},{\"@type\":\"Organization\",\"@id\":\"https:\/\/progettotouring.it\/radiotouring104\/#organization\",\"name\":\"Radio Touring 104\",\"url\":\"https:\/\/progettotouring.it\/radiotouring104\/\",\"logo\":{\"@type\":\"ImageObject\",\"inLanguage\":\"it-IT\",\"@id\":\"https:\/\/progettotouring.it\/radiotouring104\/#\/schema\/logo\/image\/\",\"url\":\"https:\/\/progettotouring.it\/radiotouring104\/wp-content\/uploads\/sites\/6\/2022\/02\/cropped-logo-radio-touring-104.png\",\"contentUrl\":\"https:\/\/progettotouring.it\/radiotouring104\/wp-content\/uploads\/sites\/6\/2022\/02\/cropped-logo-radio-touring-104.png\",\"width\":377,\"height\":182,\"caption\":\"Radio Touring 104\"},\"image\":{\"@id\":\"https:\/\/progettotouring.it\/radiotouring104\/#\/schema\/logo\/image\/\"}},{\"@type\":\"Person\",\"@id\":\"https:\/\/progettotouring.it\/radiotouring104\/#\/schema\/person\/4a82259ca52ac8702ad1a8f9e5a3120b\",\"name\":\"Filippo Francesco Idone\",\"image\":{\"@type\":\"ImageObject\",\"inLanguage\":\"it-IT\",\"@id\":\"https:\/\/secure.gravatar.com\/avatar\/7268715d2366395c3dd314385670e6484117d44f5c442e61e230f7008b7b62d3?s=96&d=mm&r=g\",\"url\":\"https:\/\/secure.gravatar.com\/avatar\/7268715d2366395c3dd314385670e6484117d44f5c442e61e230f7008b7b62d3?s=96&d=mm&r=g\",\"contentUrl\":\"https:\/\/secure.gravatar.com\/avatar\/7268715d2366395c3dd314385670e6484117d44f5c442e61e230f7008b7b62d3?s=96&d=mm&r=g\",\"caption\":\"Filippo Francesco Idone\"},\"url\":\"https:\/\/progettotouring.it\/radiotouring104\/author\/filippoidone\/\"}]}<\/script>\n<!-- \/ Yoast SEO plugin. -->","yoast_head_json":{"title":"Consiglio Calabria: osservato un minuto di silenzio per le vittime","description":"E' stato osservato, prima dell'apertura del Consiglio Regionale, un minuto di silenzio per le vittime di Cutro","robots":{"index":"index","follow":"follow","max-snippet":"max-snippet:-1","max-image-preview":"max-image-preview:large","max-video-preview":"max-video-preview:-1"},"canonical":"https:\/\/progettotouring.it\/radiotouring104\/2023\/03\/10\/consiglio-calabria-osservato-un-minuto-di-silenzio-per-le-vittime-di-cutro\/","og_locale":"it_IT","og_type":"article","og_title":"Consiglio Calabria: osservato un minuto di silenzio per le vittime","og_description":"E' stato osservato, prima dell'apertura del Consiglio Regionale, un minuto di silenzio per le vittime di Cutro","og_url":"https:\/\/progettotouring.it\/radiotouring104\/2023\/03\/10\/consiglio-calabria-osservato-un-minuto-di-silenzio-per-le-vittime-di-cutro\/","og_site_name":"Radio Touring 104","article_published_time":"2023-03-10T16:35:23+00:00","article_modified_time":"2023-03-10T16:59:52+00:00","og_image":[{"width":769,"height":577,"url":"https:\/\/progettotouring.it\/radiotouring104\/wp-content\/uploads\/sites\/6\/2023\/03\/consiglio-regionale.jpg","type":"image\/jpeg"}],"author":"Filippo Francesco Idone","twitter_card":"summary_large_image","twitter_misc":{"Scritto da":"Filippo Francesco Idone","Tempo di lettura stimato":"2 minuti"},"schema":{"@context":"https:\/\/schema.org","@graph":[{"@type":"Article","@id":"https:\/\/progettotouring.it\/radiotouring104\/2023\/03\/10\/consiglio-calabria-osservato-un-minuto-di-silenzio-per-le-vittime-di-cutro\/#article","isPartOf":{"@id":"https:\/\/progettotouring.it\/radiotouring104\/2023\/03\/10\/consiglio-calabria-osservato-un-minuto-di-silenzio-per-le-vittime-di-cutro\/"},"author":{"name":"Filippo Francesco Idone","@id":"https:\/\/progettotouring.it\/radiotouring104\/#\/schema\/person\/4a82259ca52ac8702ad1a8f9e5a3120b"},"headline":"Consiglio Calabria: osservato un minuto di silenzio per le vittime di Cutro","datePublished":"2023-03-10T16:35:23+00:00","dateModified":"2023-03-10T16:59:52+00:00","mainEntityOfPage":{"@id":"https:\/\/progettotouring.it\/radiotouring104\/2023\/03\/10\/consiglio-calabria-osservato-un-minuto-di-silenzio-per-le-vittime-di-cutro\/"},"wordCount":491,"publisher":{"@id":"https:\/\/progettotouring.it\/radiotouring104\/#organization"},"image":{"@id":"https:\/\/progettotouring.it\/radiotouring104\/2023\/03\/10\/consiglio-calabria-osservato-un-minuto-di-silenzio-per-le-vittime-di-cutro\/#primaryimage"},"thumbnailUrl":"https:\/\/progettotouring.it\/radiotouring104\/wp-content\/uploads\/sites\/6\/2023\/03\/consiglio-regionale.jpg","keywords":["calabria","cosiglio regionale","europa","minuto di silenzio"],"articleSection":["Calabria","Home","News"],"inLanguage":"it-IT"},{"@type":"WebPage","@id":"https:\/\/progettotouring.it\/radiotouring104\/2023\/03\/10\/consiglio-calabria-osservato-un-minuto-di-silenzio-per-le-vittime-di-cutro\/","url":"https:\/\/progettotouring.it\/radiotouring104\/2023\/03\/10\/consiglio-calabria-osservato-un-minuto-di-silenzio-per-le-vittime-di-cutro\/","name":"Consiglio Calabria: osservato un minuto di silenzio per le vittime","isPartOf":{"@id":"https:\/\/progettotouring.it\/radiotouring104\/#website"},"primaryImageOfPage":{"@id":"https:\/\/progettotouring.it\/radiotouring104\/2023\/03\/10\/consiglio-calabria-osservato-un-minuto-di-silenzio-per-le-vittime-di-cutro\/#primaryimage"},"image":{"@id":"https:\/\/progettotouring.it\/radiotouring104\/2023\/03\/10\/consiglio-calabria-osservato-un-minuto-di-silenzio-per-le-vittime-di-cutro\/#primaryimage"},"thumbnailUrl":"https:\/\/progettotouring.it\/radiotouring104\/wp-content\/uploads\/sites\/6\/2023\/03\/consiglio-regionale.jpg","datePublished":"2023-03-10T16:35:23+00:00","dateModified":"2023-03-10T16:59:52+00:00","description":"E' stato osservato, prima dell'apertura del Consiglio Regionale, un minuto di silenzio per le vittime di Cutro","breadcrumb":{"@id":"https:\/\/progettotouring.it\/radiotouring104\/2023\/03\/10\/consiglio-calabria-osservato-un-minuto-di-silenzio-per-le-vittime-di-cutro\/#breadcrumb"},"inLanguage":"it-IT","potentialAction":[{"@type":"ReadAction","target":["https:\/\/progettotouring.it\/radiotouring104\/2023\/03\/10\/consiglio-calabria-osservato-un-minuto-di-silenzio-per-le-vittime-di-cutro\/"]}]},{"@type":"ImageObject","inLanguage":"it-IT","@id":"https:\/\/progettotouring.it\/radiotouring104\/2023\/03\/10\/consiglio-calabria-osservato-un-minuto-di-silenzio-per-le-vittime-di-cutro\/#primaryimage","url":"https:\/\/progettotouring.it\/radiotouring104\/wp-content\/uploads\/sites\/6\/2023\/03\/consiglio-regionale.jpg","contentUrl":"https:\/\/progettotouring.it\/radiotouring104\/wp-content\/uploads\/sites\/6\/2023\/03\/consiglio-regionale.jpg","width":769,"height":577},{"@type":"BreadcrumbList","@id":"https:\/\/progettotouring.it\/radiotouring104\/2023\/03\/10\/consiglio-calabria-osservato-un-minuto-di-silenzio-per-le-vittime-di-cutro\/#breadcrumb","itemListElement":[{"@type":"ListItem","position":1,"name":"Home","item":"https:\/\/progettotouring.it\/radiotouring104\/"},{"@type":"ListItem","position":2,"name":"Consiglio Calabria: osservato un minuto di silenzio per le vittime di Cutro"}]},{"@type":"WebSite","@id":"https:\/\/progettotouring.it\/radiotouring104\/#website","url":"https:\/\/progettotouring.it\/radiotouring104\/","name":"Radio Touring 104","description":"La prima radio Reggina","publisher":{"@id":"https:\/\/progettotouring.it\/radiotouring104\/#organization"},"potentialAction":[{"@type":"SearchAction","target":{"@type":"EntryPoint","urlTemplate":"https:\/\/progettotouring.it\/radiotouring104\/?s={search_term_string}"},"query-input":{"@type":"PropertyValueSpecification","valueRequired":true,"valueName":"search_term_string"}}],"inLanguage":"it-IT"},{"@type":"Organization","@id":"https:\/\/progettotouring.it\/radiotouring104\/#organization","name":"Radio Touring 104","url":"https:\/\/progettotouring.it\/radiotouring104\/","logo":{"@type":"ImageObject","inLanguage":"it-IT","@id":"https:\/\/progettotouring.it\/radiotouring104\/#\/schema\/logo\/image\/","url":"https:\/\/progettotouring.it\/radiotouring104\/wp-content\/uploads\/sites\/6\/2022\/02\/cropped-logo-radio-touring-104.png","contentUrl":"https:\/\/progettotouring.it\/radiotouring104\/wp-content\/uploads\/sites\/6\/2022\/02\/cropped-logo-radio-touring-104.png","width":377,"height":182,"caption":"Radio Touring 104"},"image":{"@id":"https:\/\/progettotouring.it\/radiotouring104\/#\/schema\/logo\/image\/"}},{"@type":"Person","@id":"https:\/\/progettotouring.it\/radiotouring104\/#\/schema\/person\/4a82259ca52ac8702ad1a8f9e5a3120b","name":"Filippo Francesco Idone","image":{"@type":"ImageObject","inLanguage":"it-IT","@id":"https:\/\/secure.gravatar.com\/avatar\/7268715d2366395c3dd314385670e6484117d44f5c442e61e230f7008b7b62d3?s=96&d=mm&r=g","url":"https:\/\/secure.gravatar.com\/avatar\/7268715d2366395c3dd314385670e6484117d44f5c442e61e230f7008b7b62d3?s=96&d=mm&r=g","contentUrl":"https:\/\/secure.gravatar.com\/avatar\/7268715d2366395c3dd314385670e6484117d44f5c442e61e230f7008b7b62d3?s=96&d=mm&r=g","caption":"Filippo Francesco Idone"},"url":"https:\/\/progettotouring.it\/radiotouring104\/author\/filippoidone\/"}]}},"jetpack_publicize_connections":[],"jetpack_featured_media_url":"https:\/\/progettotouring.it\/radiotouring104\/wp-content\/uploads\/sites\/6\/2023\/03\/consiglio-regionale.jpg","jetpack_sharing_enabled":true,"_links":{"self":[{"href":"https:\/\/progettotouring.it\/radiotouring104\/wp-json\/wp\/v2\/posts\/20638","targetHints":{"allow":["GET"]}}],"collection":[{"href":"https:\/\/progettotouring.it\/radiotouring104\/wp-json\/wp\/v2\/posts"}],"about":[{"href":"https:\/\/progettotouring.it\/radiotouring104\/wp-json\/wp\/v2\/types\/post"}],"author":[{"embeddable":true,"href":"https:\/\/progettotouring.it\/radiotouring104\/wp-json\/wp\/v2\/users\/8"}],"replies":[{"embeddable":true,"href":"https:\/\/progettotouring.it\/radiotouring104\/wp-json\/wp\/v2\/comments?post=20638"}],"version-history":[{"count":1,"href":"https:\/\/progettotouring.it\/radiotouring104\/wp-json\/wp\/v2\/posts\/20638\/revisions"}],"predecessor-version":[{"id":20640,"href":"https:\/\/progettotouring.it\/radiotouring104\/wp-json\/wp\/v2\/posts\/20638\/revisions\/20640"}],"wp:featuredmedia":[{"embeddable":true,"href":"https:\/\/progettotouring.it\/radiotouring104\/wp-json\/wp\/v2\/media\/20639"}],"wp:attachment":[{"href":"https:\/\/progettotouring.it\/radiotouring104\/wp-json\/wp\/v2\/media?parent=20638"}],"wp:term":[{"taxonomy":"category","embeddable":true,"href":"https:\/\/progettotouring.it\/radiotouring104\/wp-json\/wp\/v2\/categories?post=20638"},{"taxonomy":"post_tag","embeddable":true,"href":"https:\/\/progettotouring.it\/radiotouring104\/wp-json\/wp\/v2\/tags?post=20638"}],"curies":[{"name":"wp","href":"https:\/\/api.w.org\/{rel}","templated":true}]}}