{"id":20641,"date":"2023-03-10T19:56:56","date_gmt":"2023-03-10T18:56:56","guid":{"rendered":"https:\/\/progettotouring.it\/radiotouring104\/?p=20641"},"modified":"2023-03-10T20:21:20","modified_gmt":"2023-03-10T19:21:20","slug":"serie-b-rinviata-ufficialmente-reggina-perugia","status":"publish","type":"post","link":"https:\/\/progettotouring.it\/radiotouring104\/2023\/03\/10\/serie-b-rinviata-ufficialmente-reggina-perugia\/","title":{"rendered":"Serie B: rinviata ufficialmente Perugia-Reggina"},"content":{"rendered":"<p style=\"text-align: justify\">La partita tra il <strong>Perugia<\/strong> e la <strong>Reggina<\/strong> \u00e8 stata rinviata a causa delle scosse di terremoto avvenute ieri nel capoluogo umbro. La <strong>Prefettura<\/strong> ha valutato le condizioni dello stadio <strong>Renato<\/strong> <strong>Curi<\/strong> e dopo un&#8217;attenta analisi ha ufficializzato il rinvio del match valido per la ventinovesima giornata. La partita era in programma domani alle ore 14.00 e adesso la <strong>Lega Serie B<\/strong> dovr\u00e0 valutare una data e un orario per recuperare la sfida.<\/p>\n<p style=\"text-align: justify\">Nella giornata odierna, in via precauzionale, uffici, scuole e Universit\u00e0 sono state chiuse per verificare le condizioni degli edifici. I <strong>Vigili del Fuoco<\/strong> del comando provinciale hanno effettuato vari sopralluoghi nell&#8217;area adiacente lo Stadio verificando tutte le condizioni per poter far svolgere la manifestazione sportiva dando un esito negativo.<\/p>\n<p style=\"text-align: justify\"><em>&#8220;<strong>Vista l\u2019ordinanza n. 401 del 10 marzo 2023 emanata dal Comune di Perugi<\/strong>a e per le motivazioni in essa contenuti, AC Perugia Calcio comunica che la gara Perugia-Reggina, in programma sabato <strong>11 marzo ore 14<\/strong>, \u00e8 stata rinviata a data da destinarsi. Informiamo inoltre che tutti i biglietti gi\u00e0 emessi per la gara in oggetto sono validi anche per la gara di recupero. Una volta stabilita la data di recupero sar\u00e0 definita una finestra temporale per ottenere il rimborso per chi non potr\u00e0 assistere alla partita. <strong>AC Perugia Calcio<\/strong> si scusa con i propri tifosi per il disagio arrecato&#8221;<\/em>, con questo comunicato la squadra umbra ha ufficializzato il rinvio del match.<\/p>\n<p style=\"text-align: justify\"><em>&#8220;La gara tra <strong>Perugia<\/strong> e <strong>Reggina<\/strong>, in programma domani allo stadio Renato Curi e valevole per la 29esima giornata del campionato di <strong>Serie BKT<\/strong>, \u00e8 stata rinviata a data da destinarsi vista l\u2019ordinanza n. 401 del 10 marzo 2023 emanata dal Comune di Perugia, a seguito degli eventi sismici che hanno riguardato in questi ultimi giorni il territorio umbro. Il club ospitante informa che &#8220;tutti i biglietti gi\u00e0 emessi per la gara in oggetto sono validi anche per la gara di recupero&#8221; e che &#8220;una volta stabilita la data di recupero sar\u00e0 definita una finestra temporale per ottenere il rimborso per chi non potr\u00e0 assistere alla partita&#8221;, <\/em><strong>il comunicato della Reggina<\/strong><\/p>\n<p style=\"text-align: justify\">La squadra amaranto, partita ieri per Roma, \u00e8 stata bloccata nel pomeriggio e rientrer\u00e0 in <strong>Calabria<\/strong> o in serata o domani. La prossima sfida della Reggina sar\u00e0 al Granillo contro il <strong>Cagliari\u00a0<\/strong>che si disputer\u00e0 sabato 18 marzo alle 16.15.<\/p>\n<div class=\"bck-media-image\" data-trklast=\"imageLast\"><\/div>\n","protected":false},"excerpt":{"rendered":"<p>La partita tra il Perugia e la Reggina \u00e8 stata rinviata a causa delle scosse di terremoto avvenute ieri nel capoluogo umbro. La Prefettura ha valutato le condizioni dello stadio&hellip;<\/p>\n","protected":false},"author":8,"featured_media":4856,"comment_status":"closed","ping_status":"open","sticky":false,"template":"","format":"standard","meta":{"_jetpack_memberships_contains_paid_content":false,"footnotes":"","jetpack_publicize_message":"","jetpack_publicize_feature_enabled":true,"jetpack_social_post_already_shared":false,"jetpack_social_options":{"image_generator_settings":{"template":"highway","default_image_id":0,"font":"","enabled":false},"version":2}},"categories":[150,196,140,144],"tags":[211,210,11302,11301,419],"class_list":["post-20641","post","type-post","status-publish","format-standard","has-post-thumbnail","hentry","category-in-primo-piano","category-news","category-reggio-calabria","category-sport","tag-perugia","tag-reggina","tag-renato-curi","tag-rinvio","tag-serie-b"],"yoast_head":"<!-- This site is optimized with the Yoast SEO plugin v27.2 - https:\/\/yoast.com\/product\/yoast-seo-wordpress\/ -->\n<title>Serie B: rinviata ufficialmente Perugia-Reggina<\/title>\n<meta name=\"description\" content=\"La Prefettura di Perugia, a causa del sisma di ieri, ha rinviato il match di Serie B tra la squadra umbra e la Reggina\" \/>\n<meta name=\"robots\" content=\"index, follow, max-snippet:-1, max-image-preview:large, max-video-preview:-1\" \/>\n<link rel=\"canonical\" href=\"https:\/\/progettotouring.it\/radiotouring104\/2023\/03\/10\/serie-b-rinviata-ufficialmente-reggina-perugia\/\" \/>\n<meta property=\"og:locale\" content=\"it_IT\" \/>\n<meta property=\"og:type\" content=\"article\" \/>\n<meta property=\"og:title\" content=\"Serie B: rinviata ufficialmente Perugia-Reggina\" \/>\n<meta property=\"og:description\" content=\"La Prefettura di Perugia, a causa del sisma di ieri, ha rinviato il match di Serie B tra la squadra umbra e la Reggina\" \/>\n<meta property=\"og:url\" content=\"https:\/\/progettotouring.it\/radiotouring104\/2023\/03\/10\/serie-b-rinviata-ufficialmente-reggina-perugia\/\" \/>\n<meta property=\"og:site_name\" content=\"Radio Touring 104\" \/>\n<meta property=\"article:published_time\" content=\"2023-03-10T18:56:56+00:00\" \/>\n<meta property=\"article:modified_time\" content=\"2023-03-10T19:21:20+00:00\" \/>\n<meta property=\"og:image\" content=\"https:\/\/progettotouring.it\/radiotouring104\/wp-content\/uploads\/sites\/6\/2022\/05\/REGGINA.jpg\" \/>\n\t<meta property=\"og:image:width\" content=\"1920\" \/>\n\t<meta property=\"og:image:height\" content=\"1080\" \/>\n\t<meta property=\"og:image:type\" content=\"image\/jpeg\" \/>\n<meta name=\"author\" content=\"Filippo Francesco Idone\" \/>\n<meta name=\"twitter:card\" content=\"summary_large_image\" \/>\n<meta name=\"twitter:label1\" content=\"Scritto da\" \/>\n\t<meta name=\"twitter:data1\" content=\"Filippo Francesco Idone\" \/>\n\t<meta name=\"twitter:label2\" content=\"Tempo di lettura stimato\" \/>\n\t<meta name=\"twitter:data2\" content=\"2 minuti\" \/>\n<script type=\"application\/ld+json\" class=\"yoast-schema-graph\">{\"@context\":\"https:\/\/schema.org\",\"@graph\":[{\"@type\":\"Article\",\"@id\":\"https:\/\/progettotouring.it\/radiotouring104\/2023\/03\/10\/serie-b-rinviata-ufficialmente-reggina-perugia\/#article\",\"isPartOf\":{\"@id\":\"https:\/\/progettotouring.it\/radiotouring104\/2023\/03\/10\/serie-b-rinviata-ufficialmente-reggina-perugia\/\"},\"author\":{\"name\":\"Filippo Francesco Idone\",\"@id\":\"https:\/\/progettotouring.it\/radiotouring104\/#\/schema\/person\/4a82259ca52ac8702ad1a8f9e5a3120b\"},\"headline\":\"Serie B: rinviata ufficialmente Perugia-Reggina\",\"datePublished\":\"2023-03-10T18:56:56+00:00\",\"dateModified\":\"2023-03-10T19:21:20+00:00\",\"mainEntityOfPage\":{\"@id\":\"https:\/\/progettotouring.it\/radiotouring104\/2023\/03\/10\/serie-b-rinviata-ufficialmente-reggina-perugia\/\"},\"wordCount\":376,\"publisher\":{\"@id\":\"https:\/\/progettotouring.it\/radiotouring104\/#organization\"},\"image\":{\"@id\":\"https:\/\/progettotouring.it\/radiotouring104\/2023\/03\/10\/serie-b-rinviata-ufficialmente-reggina-perugia\/#primaryimage\"},\"thumbnailUrl\":\"https:\/\/progettotouring.it\/radiotouring104\/wp-content\/uploads\/sites\/6\/2022\/05\/REGGINA.jpg\",\"keywords\":[\"perugia\",\"reggina\",\"renato curi\",\"rinvio\",\"serie b\"],\"articleSection\":[\"In primo piano\",\"News\",\"Reggio Calabria\",\"Sport\"],\"inLanguage\":\"it-IT\"},{\"@type\":\"WebPage\",\"@id\":\"https:\/\/progettotouring.it\/radiotouring104\/2023\/03\/10\/serie-b-rinviata-ufficialmente-reggina-perugia\/\",\"url\":\"https:\/\/progettotouring.it\/radiotouring104\/2023\/03\/10\/serie-b-rinviata-ufficialmente-reggina-perugia\/\",\"name\":\"Serie B: rinviata ufficialmente Perugia-Reggina\",\"isPartOf\":{\"@id\":\"https:\/\/progettotouring.it\/radiotouring104\/#website\"},\"primaryImageOfPage\":{\"@id\":\"https:\/\/progettotouring.it\/radiotouring104\/2023\/03\/10\/serie-b-rinviata-ufficialmente-reggina-perugia\/#primaryimage\"},\"image\":{\"@id\":\"https:\/\/progettotouring.it\/radiotouring104\/2023\/03\/10\/serie-b-rinviata-ufficialmente-reggina-perugia\/#primaryimage\"},\"thumbnailUrl\":\"https:\/\/progettotouring.it\/radiotouring104\/wp-content\/uploads\/sites\/6\/2022\/05\/REGGINA.jpg\",\"datePublished\":\"2023-03-10T18:56:56+00:00\",\"dateModified\":\"2023-03-10T19:21:20+00:00\",\"description\":\"La Prefettura di Perugia, a causa del sisma di ieri, ha rinviato il match di Serie B tra la squadra umbra e la Reggina\",\"breadcrumb\":{\"@id\":\"https:\/\/progettotouring.it\/radiotouring104\/2023\/03\/10\/serie-b-rinviata-ufficialmente-reggina-perugia\/#breadcrumb\"},\"inLanguage\":\"it-IT\",\"potentialAction\":[{\"@type\":\"ReadAction\",\"target\":[\"https:\/\/progettotouring.it\/radiotouring104\/2023\/03\/10\/serie-b-rinviata-ufficialmente-reggina-perugia\/\"]}]},{\"@type\":\"ImageObject\",\"inLanguage\":\"it-IT\",\"@id\":\"https:\/\/progettotouring.it\/radiotouring104\/2023\/03\/10\/serie-b-rinviata-ufficialmente-reggina-perugia\/#primaryimage\",\"url\":\"https:\/\/progettotouring.it\/radiotouring104\/wp-content\/uploads\/sites\/6\/2022\/05\/REGGINA.jpg\",\"contentUrl\":\"https:\/\/progettotouring.it\/radiotouring104\/wp-content\/uploads\/sites\/6\/2022\/05\/REGGINA.jpg\",\"width\":1920,\"height\":1080,\"caption\":\"REGGINA\"},{\"@type\":\"BreadcrumbList\",\"@id\":\"https:\/\/progettotouring.it\/radiotouring104\/2023\/03\/10\/serie-b-rinviata-ufficialmente-reggina-perugia\/#breadcrumb\",\"itemListElement\":[{\"@type\":\"ListItem\",\"position\":1,\"name\":\"Home\",\"item\":\"https:\/\/progettotouring.it\/radiotouring104\/\"},{\"@type\":\"ListItem\",\"position\":2,\"name\":\"Serie B: rinviata ufficialmente Perugia-Reggina\"}]},{\"@type\":\"WebSite\",\"@id\":\"https:\/\/progettotouring.it\/radiotouring104\/#website\",\"url\":\"https:\/\/progettotouring.it\/radiotouring104\/\",\"name\":\"Radio Touring 104\",\"description\":\"La prima radio Reggina\",\"publisher\":{\"@id\":\"https:\/\/progettotouring.it\/radiotouring104\/#organization\"},\"potentialAction\":[{\"@type\":\"SearchAction\",\"target\":{\"@type\":\"EntryPoint\",\"urlTemplate\":\"https:\/\/progettotouring.it\/radiotouring104\/?s={search_term_string}\"},\"query-input\":{\"@type\":\"PropertyValueSpecification\",\"valueRequired\":true,\"valueName\":\"search_term_string\"}}],\"inLanguage\":\"it-IT\"},{\"@type\":\"Organization\",\"@id\":\"https:\/\/progettotouring.it\/radiotouring104\/#organization\",\"name\":\"Radio Touring 104\",\"url\":\"https:\/\/progettotouring.it\/radiotouring104\/\",\"logo\":{\"@type\":\"ImageObject\",\"inLanguage\":\"it-IT\",\"@id\":\"https:\/\/progettotouring.it\/radiotouring104\/#\/schema\/logo\/image\/\",\"url\":\"https:\/\/progettotouring.it\/radiotouring104\/wp-content\/uploads\/sites\/6\/2022\/02\/cropped-logo-radio-touring-104.png\",\"contentUrl\":\"https:\/\/progettotouring.it\/radiotouring104\/wp-content\/uploads\/sites\/6\/2022\/02\/cropped-logo-radio-touring-104.png\",\"width\":377,\"height\":182,\"caption\":\"Radio Touring 104\"},\"image\":{\"@id\":\"https:\/\/progettotouring.it\/radiotouring104\/#\/schema\/logo\/image\/\"}},{\"@type\":\"Person\",\"@id\":\"https:\/\/progettotouring.it\/radiotouring104\/#\/schema\/person\/4a82259ca52ac8702ad1a8f9e5a3120b\",\"name\":\"Filippo Francesco Idone\",\"image\":{\"@type\":\"ImageObject\",\"inLanguage\":\"it-IT\",\"@id\":\"https:\/\/secure.gravatar.com\/avatar\/7268715d2366395c3dd314385670e6484117d44f5c442e61e230f7008b7b62d3?s=96&d=mm&r=g\",\"url\":\"https:\/\/secure.gravatar.com\/avatar\/7268715d2366395c3dd314385670e6484117d44f5c442e61e230f7008b7b62d3?s=96&d=mm&r=g\",\"contentUrl\":\"https:\/\/secure.gravatar.com\/avatar\/7268715d2366395c3dd314385670e6484117d44f5c442e61e230f7008b7b62d3?s=96&d=mm&r=g\",\"caption\":\"Filippo Francesco Idone\"},\"url\":\"https:\/\/progettotouring.it\/radiotouring104\/author\/filippoidone\/\"}]}<\/script>\n<!-- \/ Yoast SEO plugin. -->","yoast_head_json":{"title":"Serie B: rinviata ufficialmente Perugia-Reggina","description":"La Prefettura di Perugia, a causa del sisma di ieri, ha rinviato il match di Serie B tra la squadra umbra e la Reggina","robots":{"index":"index","follow":"follow","max-snippet":"max-snippet:-1","max-image-preview":"max-image-preview:large","max-video-preview":"max-video-preview:-1"},"canonical":"https:\/\/progettotouring.it\/radiotouring104\/2023\/03\/10\/serie-b-rinviata-ufficialmente-reggina-perugia\/","og_locale":"it_IT","og_type":"article","og_title":"Serie B: rinviata ufficialmente Perugia-Reggina","og_description":"La Prefettura di Perugia, a causa del sisma di ieri, ha rinviato il match di Serie B tra la squadra umbra e la Reggina","og_url":"https:\/\/progettotouring.it\/radiotouring104\/2023\/03\/10\/serie-b-rinviata-ufficialmente-reggina-perugia\/","og_site_name":"Radio Touring 104","article_published_time":"2023-03-10T18:56:56+00:00","article_modified_time":"2023-03-10T19:21:20+00:00","og_image":[{"width":1920,"height":1080,"url":"https:\/\/progettotouring.it\/radiotouring104\/wp-content\/uploads\/sites\/6\/2022\/05\/REGGINA.jpg","type":"image\/jpeg"}],"author":"Filippo Francesco Idone","twitter_card":"summary_large_image","twitter_misc":{"Scritto da":"Filippo Francesco Idone","Tempo di lettura stimato":"2 minuti"},"schema":{"@context":"https:\/\/schema.org","@graph":[{"@type":"Article","@id":"https:\/\/progettotouring.it\/radiotouring104\/2023\/03\/10\/serie-b-rinviata-ufficialmente-reggina-perugia\/#article","isPartOf":{"@id":"https:\/\/progettotouring.it\/radiotouring104\/2023\/03\/10\/serie-b-rinviata-ufficialmente-reggina-perugia\/"},"author":{"name":"Filippo Francesco Idone","@id":"https:\/\/progettotouring.it\/radiotouring104\/#\/schema\/person\/4a82259ca52ac8702ad1a8f9e5a3120b"},"headline":"Serie B: rinviata ufficialmente Perugia-Reggina","datePublished":"2023-03-10T18:56:56+00:00","dateModified":"2023-03-10T19:21:20+00:00","mainEntityOfPage":{"@id":"https:\/\/progettotouring.it\/radiotouring104\/2023\/03\/10\/serie-b-rinviata-ufficialmente-reggina-perugia\/"},"wordCount":376,"publisher":{"@id":"https:\/\/progettotouring.it\/radiotouring104\/#organization"},"image":{"@id":"https:\/\/progettotouring.it\/radiotouring104\/2023\/03\/10\/serie-b-rinviata-ufficialmente-reggina-perugia\/#primaryimage"},"thumbnailUrl":"https:\/\/progettotouring.it\/radiotouring104\/wp-content\/uploads\/sites\/6\/2022\/05\/REGGINA.jpg","keywords":["perugia","reggina","renato curi","rinvio","serie b"],"articleSection":["In primo piano","News","Reggio Calabria","Sport"],"inLanguage":"it-IT"},{"@type":"WebPage","@id":"https:\/\/progettotouring.it\/radiotouring104\/2023\/03\/10\/serie-b-rinviata-ufficialmente-reggina-perugia\/","url":"https:\/\/progettotouring.it\/radiotouring104\/2023\/03\/10\/serie-b-rinviata-ufficialmente-reggina-perugia\/","name":"Serie B: rinviata ufficialmente Perugia-Reggina","isPartOf":{"@id":"https:\/\/progettotouring.it\/radiotouring104\/#website"},"primaryImageOfPage":{"@id":"https:\/\/progettotouring.it\/radiotouring104\/2023\/03\/10\/serie-b-rinviata-ufficialmente-reggina-perugia\/#primaryimage"},"image":{"@id":"https:\/\/progettotouring.it\/radiotouring104\/2023\/03\/10\/serie-b-rinviata-ufficialmente-reggina-perugia\/#primaryimage"},"thumbnailUrl":"https:\/\/progettotouring.it\/radiotouring104\/wp-content\/uploads\/sites\/6\/2022\/05\/REGGINA.jpg","datePublished":"2023-03-10T18:56:56+00:00","dateModified":"2023-03-10T19:21:20+00:00","description":"La Prefettura di Perugia, a causa del sisma di ieri, ha rinviato il match di Serie B tra la squadra umbra e la Reggina","breadcrumb":{"@id":"https:\/\/progettotouring.it\/radiotouring104\/2023\/03\/10\/serie-b-rinviata-ufficialmente-reggina-perugia\/#breadcrumb"},"inLanguage":"it-IT","potentialAction":[{"@type":"ReadAction","target":["https:\/\/progettotouring.it\/radiotouring104\/2023\/03\/10\/serie-b-rinviata-ufficialmente-reggina-perugia\/"]}]},{"@type":"ImageObject","inLanguage":"it-IT","@id":"https:\/\/progettotouring.it\/radiotouring104\/2023\/03\/10\/serie-b-rinviata-ufficialmente-reggina-perugia\/#primaryimage","url":"https:\/\/progettotouring.it\/radiotouring104\/wp-content\/uploads\/sites\/6\/2022\/05\/REGGINA.jpg","contentUrl":"https:\/\/progettotouring.it\/radiotouring104\/wp-content\/uploads\/sites\/6\/2022\/05\/REGGINA.jpg","width":1920,"height":1080,"caption":"REGGINA"},{"@type":"BreadcrumbList","@id":"https:\/\/progettotouring.it\/radiotouring104\/2023\/03\/10\/serie-b-rinviata-ufficialmente-reggina-perugia\/#breadcrumb","itemListElement":[{"@type":"ListItem","position":1,"name":"Home","item":"https:\/\/progettotouring.it\/radiotouring104\/"},{"@type":"ListItem","position":2,"name":"Serie B: rinviata ufficialmente Perugia-Reggina"}]},{"@type":"WebSite","@id":"https:\/\/progettotouring.it\/radiotouring104\/#website","url":"https:\/\/progettotouring.it\/radiotouring104\/","name":"Radio Touring 104","description":"La prima radio Reggina","publisher":{"@id":"https:\/\/progettotouring.it\/radiotouring104\/#organization"},"potentialAction":[{"@type":"SearchAction","target":{"@type":"EntryPoint","urlTemplate":"https:\/\/progettotouring.it\/radiotouring104\/?s={search_term_string}"},"query-input":{"@type":"PropertyValueSpecification","valueRequired":true,"valueName":"search_term_string"}}],"inLanguage":"it-IT"},{"@type":"Organization","@id":"https:\/\/progettotouring.it\/radiotouring104\/#organization","name":"Radio Touring 104","url":"https:\/\/progettotouring.it\/radiotouring104\/","logo":{"@type":"ImageObject","inLanguage":"it-IT","@id":"https:\/\/progettotouring.it\/radiotouring104\/#\/schema\/logo\/image\/","url":"https:\/\/progettotouring.it\/radiotouring104\/wp-content\/uploads\/sites\/6\/2022\/02\/cropped-logo-radio-touring-104.png","contentUrl":"https:\/\/progettotouring.it\/radiotouring104\/wp-content\/uploads\/sites\/6\/2022\/02\/cropped-logo-radio-touring-104.png","width":377,"height":182,"caption":"Radio Touring 104"},"image":{"@id":"https:\/\/progettotouring.it\/radiotouring104\/#\/schema\/logo\/image\/"}},{"@type":"Person","@id":"https:\/\/progettotouring.it\/radiotouring104\/#\/schema\/person\/4a82259ca52ac8702ad1a8f9e5a3120b","name":"Filippo Francesco Idone","image":{"@type":"ImageObject","inLanguage":"it-IT","@id":"https:\/\/secure.gravatar.com\/avatar\/7268715d2366395c3dd314385670e6484117d44f5c442e61e230f7008b7b62d3?s=96&d=mm&r=g","url":"https:\/\/secure.gravatar.com\/avatar\/7268715d2366395c3dd314385670e6484117d44f5c442e61e230f7008b7b62d3?s=96&d=mm&r=g","contentUrl":"https:\/\/secure.gravatar.com\/avatar\/7268715d2366395c3dd314385670e6484117d44f5c442e61e230f7008b7b62d3?s=96&d=mm&r=g","caption":"Filippo Francesco Idone"},"url":"https:\/\/progettotouring.it\/radiotouring104\/author\/filippoidone\/"}]}},"jetpack_publicize_connections":[],"jetpack_featured_media_url":"https:\/\/progettotouring.it\/radiotouring104\/wp-content\/uploads\/sites\/6\/2022\/05\/REGGINA.jpg","jetpack_sharing_enabled":true,"_links":{"self":[{"href":"https:\/\/progettotouring.it\/radiotouring104\/wp-json\/wp\/v2\/posts\/20641","targetHints":{"allow":["GET"]}}],"collection":[{"href":"https:\/\/progettotouring.it\/radiotouring104\/wp-json\/wp\/v2\/posts"}],"about":[{"href":"https:\/\/progettotouring.it\/radiotouring104\/wp-json\/wp\/v2\/types\/post"}],"author":[{"embeddable":true,"href":"https:\/\/progettotouring.it\/radiotouring104\/wp-json\/wp\/v2\/users\/8"}],"replies":[{"embeddable":true,"href":"https:\/\/progettotouring.it\/radiotouring104\/wp-json\/wp\/v2\/comments?post=20641"}],"version-history":[{"count":7,"href":"https:\/\/progettotouring.it\/radiotouring104\/wp-json\/wp\/v2\/posts\/20641\/revisions"}],"predecessor-version":[{"id":20653,"href":"https:\/\/progettotouring.it\/radiotouring104\/wp-json\/wp\/v2\/posts\/20641\/revisions\/20653"}],"wp:featuredmedia":[{"embeddable":true,"href":"https:\/\/progettotouring.it\/radiotouring104\/wp-json\/wp\/v2\/media\/4856"}],"wp:attachment":[{"href":"https:\/\/progettotouring.it\/radiotouring104\/wp-json\/wp\/v2\/media?parent=20641"}],"wp:term":[{"taxonomy":"category","embeddable":true,"href":"https:\/\/progettotouring.it\/radiotouring104\/wp-json\/wp\/v2\/categories?post=20641"},{"taxonomy":"post_tag","embeddable":true,"href":"https:\/\/progettotouring.it\/radiotouring104\/wp-json\/wp\/v2\/tags?post=20641"}],"curies":[{"name":"wp","href":"https:\/\/api.w.org\/{rel}","templated":true}]}}