{"id":20660,"date":"2023-03-11T11:15:33","date_gmt":"2023-03-11T10:15:33","guid":{"rendered":"https:\/\/progettotouring.it\/radiotouring104\/?p=20660"},"modified":"2023-03-14T20:13:39","modified_gmt":"2023-03-14T19:13:39","slug":"crotone-antonio-affidato-presenta-la-mostra-rara-avis-olo-ghiru-tu-kroton","status":"publish","type":"post","link":"https:\/\/progettotouring.it\/radiotouring104\/2023\/03\/11\/crotone-antonio-affidato-presenta-la-mostra-rara-avis-olo-ghiru-tu-kroton\/","title":{"rendered":"Crotone, Antonio Affidato presenta la mostra \u201cRara Avis &#8211; Ol\u00f2 ghiru tu Kr\u00f2ton\u201d"},"content":{"rendered":"<p>Il 10 Marzo, all&#8217;interno del <strong>Museo Archeologico Nazionale di Crotone<\/strong>, sono state presentate le opere dell&#8217;orafo-scultore <strong>Antonio Affidato<\/strong> intitolata\u00a0<em>\u201cRara Avis &#8211; Ol\u00f2 ghiru tu Kr\u00f2ton\u201d.<\/em><\/p>\n<p>Alla conferenza tenutasi hanno partecipato: il Direttore del Museo Archeologico crotonese, <strong>Gregorio Aversa<\/strong>, il docente dell&#8217;Accademia di Belle Arti di Reggio Calabria e Torino <strong>Gabriele Romeo<\/strong>, nonch\u00e9\u00a0\u00a0Presidente <strong>AICA<\/strong> Italia (Associazione Nazionale dei Critici d&#8217;Arte), in fine\u00a0<strong>Francesco Cutieri<\/strong>, curatore della mostra, Archeologo e Docente presso l&#8217;Accademia delle Belle Arti di Roma.<\/p>\n<p>La mostra, che rimarr\u00e0 esposta fino al 30 giugno, aveva gi\u00e0 riscosso un graditissimo successo dalla Citt\u00e0 di Reggio Calabria nell&#8217;occasione del 50\u00b0 anniversario dei Bronzi di Riace. Antonio Affidato arricchisce questa seconda esposizione di nuove bellezze che riguardano i miti della Magna Grecia:\u00a0<span class=\"s2\"><strong>Pitagora, Milone, Hera Lacinia, Alcmeone, Serse, Phayllos, Medusa, Eracle e Gea<\/strong>.<\/span><\/p>\n<div>\n<p><i>&#8220;<\/i>Il mio rapporto con la scultura \u00e8 sempre stato legato al mondo che mi ha segnato e accompagnato per tutta la vita, che \u00e8 l\u2019oreficeria. Le mie opere assieme a quella che \u00e8 stata ed \u00e8 ancora oggi la mia ricerca artistica, non sono altro che il connubio di questo mondo e di questa cultura. Le tecniche, i materiali e la lavorazione che adotto, sono sempre le stesse di quando lavoro un gioiello, cercando costantemente il connubio tra queste due forme d\u2019arte &#8211;\u00a0afferma Affidato &#8211;\u00a0Mi sento figlio di una grande terra e di una grande storia e cerco, quindi, di raccontare e mostrare quelli che sono stati per me i personaggi, le divinit\u00e0 e le icone che hanno contraddistinto un popolo e un\u2019epoca. La mia formazione e il mio retaggio culturale mi hanno portato ad avere una visione riguardo queste figure e questi personaggi. Quello che ho fatto \u00e8 stato trasportare sulla materia quello che la mia mente mi ha sempre fatto vedere. Faccio questo, perch\u00e9 io sono questo<i>&#8220;.<\/i><\/p>\n<\/div>\n<p>Gregorio Aversa ha ribadito che\u00a0<em>\u201c<\/em>Non \u00e8 banale ricostruire le immagini del passato\u00a0ma significa avere fatto uno studio di natura psicologica e storica per cercare di rappresentare quello che non si pu\u00f2 rappresentare, perch\u00e9 non abbiamo fotografie di questi personaggi, per cui Antonio \u00e8 riuscito a dare un\u2019aura di sacro a questi personaggi<em>\u201d<\/em>.<\/p>\n<p>Anche l&#8217;organizzatore della mostra, Cuteri ha spiegato\u00a0<i>\u201c<\/i>Al titolo iniziale, che pur rimane, ho sentito l\u2019esigenza, per la specifica contestualizzazione dell\u2019esposizione, di aggiungere un sottotitolo in greco di Calabria: <em>Ol\u00f2 ghiru tu Kr\u00f2ton<\/em>, che significa \u201c<em>Tutt\u2019intorno a Crotone<\/em>&#8221;\u00a0con l\u2019idea di porre attenzione alla storia della citt\u00e0 ma anche alla sua contestualizzazione nel Mediterraneo. Alle opere precedentemente esposte, comunque rivisitate, se ne aggiungono tre del tutto nuove, che permettono gi\u00e0 di cogliere una certa evoluzione, nel sentire e nel fare, di Antonio Affidato. Le nove opere, che rappresentano in larga misura personaggi direttamente legati alla storia dell\u2019antica citt\u00e0 achea, sono il frutto degli studi e delle riflessioni del giovane artista crotonese e sono capaci di tramettere emozioni molto forti in quanto lasciano emergere i sentimenti che le animano. Quella di Affidato \u00e8 una vera e propria sfida, un\u2019assunzione di responsabilit\u00e0. Non \u00e8 mai facile, infatti, dare voce all\u2019antico in una terra antica; e non \u00e8 mai semplice attualizzare il passato. Ma rappresentando i suoi sentimenti, Antonio, con delicatezza e cura, ha saputo creare un equilibrio che scuote e che invita ad essere, al meglio, cittadini del domani\u201d<i>.<\/i><\/p>\n<div>\n<p style=\"font-weight: 400\"><em>\u201c<\/em>La necesit\u00e0 di rileggere l\u2019archeologia per mezzo dell\u2019arte contemporanea &#8211; commenta il critico Gabriele Romeo &#8211; consente ad Affidato di farci riflettere sull\u2019esigenza di riscoprire le recondite radici delle nostre madri, dei nostri padri, della nostra terra. Il \u201cmito\u201d ne \u00e8 cos\u00ec ricontestualizzato, rompendo le ferite del silenzio, dell\u2019isolamento, che qualsiasi statua spesso ha tra le vetrine nascoste di un museo<em>\u201d.<\/em><\/p>\n<p style=\"font-weight: 400\"><em>\u00a0<\/em><\/p>\n<p style=\"font-weight: 400\">\n<\/div>\n<div><\/div>\n<p>&nbsp;<\/p>\n","protected":false},"excerpt":{"rendered":"<p>Il 10 Marzo, all&#8217;interno del Museo Archeologico Nazionale di Crotone, sono state presentate le opere dell&#8217;orafo-scultore Antonio Affidato intitolata\u00a0\u201cRara Avis &#8211; Ol\u00f2 ghiru tu Kr\u00f2ton\u201d. Alla conferenza tenutasi hanno partecipato:&hellip;<\/p>\n","protected":false},"author":14,"featured_media":20661,"comment_status":"closed","ping_status":"open","sticky":false,"template":"","format":"standard","meta":{"_jetpack_memberships_contains_paid_content":false,"footnotes":"","jetpack_publicize_message":"","jetpack_publicize_feature_enabled":true,"jetpack_social_post_already_shared":false,"jetpack_social_options":{"image_generator_settings":{"template":"highway","default_image_id":0,"font":"","enabled":false},"version":2}},"categories":[142,145,921,196,140],"tags":[3181,11306,3184,11305,11307,11304],"class_list":["post-20660","post","type-post","status-publish","format-standard","has-post-thumbnail","hentry","category-calabria","category-cultura","category-home","category-news","category-reggio-calabria","tag-antonio-affidato","tag-francesco-cuteri","tag-gabriele-romeo","tag-gregorio-aversa","tag-magna-grecia","tag-museo-archeologico-nazionale-di-crotone"],"yoast_head":"<!-- This site is optimized with the Yoast SEO plugin v27.2 - https:\/\/yoast.com\/product\/yoast-seo-wordpress\/ -->\n<title>Crotone, Antonio Affidato presenta la mostra \u201cRara Avis - Ol\u00f2 ghiru tu Kr\u00f2ton\u201d<\/title>\n<meta name=\"description\" content=\"Il 10 Marzo, all&#039;interno del Museo Archeologico Nazionale di Crotone, sono state presentate le opere dell&#039;orafo-scultore Antonio Affidato\" \/>\n<meta name=\"robots\" content=\"index, follow, max-snippet:-1, max-image-preview:large, max-video-preview:-1\" \/>\n<link rel=\"canonical\" href=\"https:\/\/progettotouring.it\/radiotouring104\/2023\/03\/11\/crotone-antonio-affidato-presenta-la-mostra-rara-avis-olo-ghiru-tu-kroton\/\" \/>\n<meta property=\"og:locale\" content=\"it_IT\" \/>\n<meta property=\"og:type\" content=\"article\" \/>\n<meta property=\"og:title\" content=\"Crotone, Antonio Affidato presenta la mostra \u201cRara Avis - Ol\u00f2 ghiru tu Kr\u00f2ton\u201d\" \/>\n<meta property=\"og:description\" content=\"Il 10 Marzo, all&#039;interno del Museo Archeologico Nazionale di Crotone, sono state presentate le opere dell&#039;orafo-scultore Antonio Affidato\" \/>\n<meta property=\"og:url\" content=\"https:\/\/progettotouring.it\/radiotouring104\/2023\/03\/11\/crotone-antonio-affidato-presenta-la-mostra-rara-avis-olo-ghiru-tu-kroton\/\" \/>\n<meta property=\"og:site_name\" content=\"Radio Touring 104\" \/>\n<meta property=\"article:published_time\" content=\"2023-03-11T10:15:33+00:00\" \/>\n<meta property=\"article:modified_time\" content=\"2023-03-14T19:13:39+00:00\" \/>\n<meta property=\"og:image\" content=\"https:\/\/progettotouring.it\/radiotouring104\/wp-content\/uploads\/sites\/6\/2023\/03\/image-2.jpeg\" \/>\n\t<meta property=\"og:image:width\" content=\"240\" \/>\n\t<meta property=\"og:image:height\" content=\"174\" \/>\n\t<meta property=\"og:image:type\" content=\"image\/jpeg\" \/>\n<meta name=\"author\" content=\"Giovanna Triolo\" \/>\n<meta name=\"twitter:card\" content=\"summary_large_image\" \/>\n<meta name=\"twitter:label1\" content=\"Scritto da\" \/>\n\t<meta name=\"twitter:data1\" content=\"Giovanna Triolo\" \/>\n\t<meta name=\"twitter:label2\" content=\"Tempo di lettura stimato\" \/>\n\t<meta name=\"twitter:data2\" content=\"3 minuti\" \/>\n<script type=\"application\/ld+json\" class=\"yoast-schema-graph\">{\"@context\":\"https:\/\/schema.org\",\"@graph\":[{\"@type\":\"Article\",\"@id\":\"https:\/\/progettotouring.it\/radiotouring104\/2023\/03\/11\/crotone-antonio-affidato-presenta-la-mostra-rara-avis-olo-ghiru-tu-kroton\/#article\",\"isPartOf\":{\"@id\":\"https:\/\/progettotouring.it\/radiotouring104\/2023\/03\/11\/crotone-antonio-affidato-presenta-la-mostra-rara-avis-olo-ghiru-tu-kroton\/\"},\"author\":{\"name\":\"Giovanna Triolo\",\"@id\":\"https:\/\/progettotouring.it\/radiotouring104\/#\/schema\/person\/39b7921e814ce650c48075565036a6a7\"},\"headline\":\"Crotone, Antonio Affidato presenta la mostra \u201cRara Avis &#8211; Ol\u00f2 ghiru tu Kr\u00f2ton\u201d\",\"datePublished\":\"2023-03-11T10:15:33+00:00\",\"dateModified\":\"2023-03-14T19:13:39+00:00\",\"mainEntityOfPage\":{\"@id\":\"https:\/\/progettotouring.it\/radiotouring104\/2023\/03\/11\/crotone-antonio-affidato-presenta-la-mostra-rara-avis-olo-ghiru-tu-kroton\/\"},\"wordCount\":624,\"publisher\":{\"@id\":\"https:\/\/progettotouring.it\/radiotouring104\/#organization\"},\"image\":{\"@id\":\"https:\/\/progettotouring.it\/radiotouring104\/2023\/03\/11\/crotone-antonio-affidato-presenta-la-mostra-rara-avis-olo-ghiru-tu-kroton\/#primaryimage\"},\"thumbnailUrl\":\"https:\/\/progettotouring.it\/radiotouring104\/wp-content\/uploads\/sites\/6\/2023\/03\/image-2.jpeg\",\"keywords\":[\"antonio affidato\",\"Francesco cuteri\",\"Gabriele Romeo\",\"gregorio aversa\",\"magna grecia\",\"museo archeologico nazionale di crotone\"],\"articleSection\":[\"Calabria\",\"Cultura\",\"Home\",\"News\",\"Reggio Calabria\"],\"inLanguage\":\"it-IT\"},{\"@type\":\"WebPage\",\"@id\":\"https:\/\/progettotouring.it\/radiotouring104\/2023\/03\/11\/crotone-antonio-affidato-presenta-la-mostra-rara-avis-olo-ghiru-tu-kroton\/\",\"url\":\"https:\/\/progettotouring.it\/radiotouring104\/2023\/03\/11\/crotone-antonio-affidato-presenta-la-mostra-rara-avis-olo-ghiru-tu-kroton\/\",\"name\":\"Crotone, Antonio Affidato presenta la mostra \u201cRara Avis - Ol\u00f2 ghiru tu Kr\u00f2ton\u201d\",\"isPartOf\":{\"@id\":\"https:\/\/progettotouring.it\/radiotouring104\/#website\"},\"primaryImageOfPage\":{\"@id\":\"https:\/\/progettotouring.it\/radiotouring104\/2023\/03\/11\/crotone-antonio-affidato-presenta-la-mostra-rara-avis-olo-ghiru-tu-kroton\/#primaryimage\"},\"image\":{\"@id\":\"https:\/\/progettotouring.it\/radiotouring104\/2023\/03\/11\/crotone-antonio-affidato-presenta-la-mostra-rara-avis-olo-ghiru-tu-kroton\/#primaryimage\"},\"thumbnailUrl\":\"https:\/\/progettotouring.it\/radiotouring104\/wp-content\/uploads\/sites\/6\/2023\/03\/image-2.jpeg\",\"datePublished\":\"2023-03-11T10:15:33+00:00\",\"dateModified\":\"2023-03-14T19:13:39+00:00\",\"description\":\"Il 10 Marzo, all'interno del Museo Archeologico Nazionale di Crotone, sono state presentate le opere dell'orafo-scultore Antonio Affidato\",\"breadcrumb\":{\"@id\":\"https:\/\/progettotouring.it\/radiotouring104\/2023\/03\/11\/crotone-antonio-affidato-presenta-la-mostra-rara-avis-olo-ghiru-tu-kroton\/#breadcrumb\"},\"inLanguage\":\"it-IT\",\"potentialAction\":[{\"@type\":\"ReadAction\",\"target\":[\"https:\/\/progettotouring.it\/radiotouring104\/2023\/03\/11\/crotone-antonio-affidato-presenta-la-mostra-rara-avis-olo-ghiru-tu-kroton\/\"]}]},{\"@type\":\"ImageObject\",\"inLanguage\":\"it-IT\",\"@id\":\"https:\/\/progettotouring.it\/radiotouring104\/2023\/03\/11\/crotone-antonio-affidato-presenta-la-mostra-rara-avis-olo-ghiru-tu-kroton\/#primaryimage\",\"url\":\"https:\/\/progettotouring.it\/radiotouring104\/wp-content\/uploads\/sites\/6\/2023\/03\/image-2.jpeg\",\"contentUrl\":\"https:\/\/progettotouring.it\/radiotouring104\/wp-content\/uploads\/sites\/6\/2023\/03\/image-2.jpeg\",\"width\":240,\"height\":174},{\"@type\":\"BreadcrumbList\",\"@id\":\"https:\/\/progettotouring.it\/radiotouring104\/2023\/03\/11\/crotone-antonio-affidato-presenta-la-mostra-rara-avis-olo-ghiru-tu-kroton\/#breadcrumb\",\"itemListElement\":[{\"@type\":\"ListItem\",\"position\":1,\"name\":\"Home\",\"item\":\"https:\/\/progettotouring.it\/radiotouring104\/\"},{\"@type\":\"ListItem\",\"position\":2,\"name\":\"Crotone, Antonio Affidato presenta la mostra \u201cRara Avis &#8211; Ol\u00f2 ghiru tu Kr\u00f2ton\u201d\"}]},{\"@type\":\"WebSite\",\"@id\":\"https:\/\/progettotouring.it\/radiotouring104\/#website\",\"url\":\"https:\/\/progettotouring.it\/radiotouring104\/\",\"name\":\"Radio Touring 104\",\"description\":\"La prima radio Reggina\",\"publisher\":{\"@id\":\"https:\/\/progettotouring.it\/radiotouring104\/#organization\"},\"potentialAction\":[{\"@type\":\"SearchAction\",\"target\":{\"@type\":\"EntryPoint\",\"urlTemplate\":\"https:\/\/progettotouring.it\/radiotouring104\/?s={search_term_string}\"},\"query-input\":{\"@type\":\"PropertyValueSpecification\",\"valueRequired\":true,\"valueName\":\"search_term_string\"}}],\"inLanguage\":\"it-IT\"},{\"@type\":\"Organization\",\"@id\":\"https:\/\/progettotouring.it\/radiotouring104\/#organization\",\"name\":\"Radio Touring 104\",\"url\":\"https:\/\/progettotouring.it\/radiotouring104\/\",\"logo\":{\"@type\":\"ImageObject\",\"inLanguage\":\"it-IT\",\"@id\":\"https:\/\/progettotouring.it\/radiotouring104\/#\/schema\/logo\/image\/\",\"url\":\"https:\/\/progettotouring.it\/radiotouring104\/wp-content\/uploads\/sites\/6\/2022\/02\/cropped-logo-radio-touring-104.png\",\"contentUrl\":\"https:\/\/progettotouring.it\/radiotouring104\/wp-content\/uploads\/sites\/6\/2022\/02\/cropped-logo-radio-touring-104.png\",\"width\":377,\"height\":182,\"caption\":\"Radio Touring 104\"},\"image\":{\"@id\":\"https:\/\/progettotouring.it\/radiotouring104\/#\/schema\/logo\/image\/\"}},{\"@type\":\"Person\",\"@id\":\"https:\/\/progettotouring.it\/radiotouring104\/#\/schema\/person\/39b7921e814ce650c48075565036a6a7\",\"name\":\"Giovanna Triolo\",\"image\":{\"@type\":\"ImageObject\",\"inLanguage\":\"it-IT\",\"@id\":\"https:\/\/secure.gravatar.com\/avatar\/e542eca288d5fdcf7afd8bda17389faf75f6a208edd42dad42bedab48136e524?s=96&d=mm&r=g\",\"url\":\"https:\/\/secure.gravatar.com\/avatar\/e542eca288d5fdcf7afd8bda17389faf75f6a208edd42dad42bedab48136e524?s=96&d=mm&r=g\",\"contentUrl\":\"https:\/\/secure.gravatar.com\/avatar\/e542eca288d5fdcf7afd8bda17389faf75f6a208edd42dad42bedab48136e524?s=96&d=mm&r=g\",\"caption\":\"Giovanna Triolo\"},\"url\":\"https:\/\/progettotouring.it\/radiotouring104\/author\/giovanna\/\"}]}<\/script>\n<!-- \/ Yoast SEO plugin. -->","yoast_head_json":{"title":"Crotone, Antonio Affidato presenta la mostra \u201cRara Avis - Ol\u00f2 ghiru tu Kr\u00f2ton\u201d","description":"Il 10 Marzo, all'interno del Museo Archeologico Nazionale di Crotone, sono state presentate le opere dell'orafo-scultore Antonio Affidato","robots":{"index":"index","follow":"follow","max-snippet":"max-snippet:-1","max-image-preview":"max-image-preview:large","max-video-preview":"max-video-preview:-1"},"canonical":"https:\/\/progettotouring.it\/radiotouring104\/2023\/03\/11\/crotone-antonio-affidato-presenta-la-mostra-rara-avis-olo-ghiru-tu-kroton\/","og_locale":"it_IT","og_type":"article","og_title":"Crotone, Antonio Affidato presenta la mostra \u201cRara Avis - Ol\u00f2 ghiru tu Kr\u00f2ton\u201d","og_description":"Il 10 Marzo, all'interno del Museo Archeologico Nazionale di Crotone, sono state presentate le opere dell'orafo-scultore Antonio Affidato","og_url":"https:\/\/progettotouring.it\/radiotouring104\/2023\/03\/11\/crotone-antonio-affidato-presenta-la-mostra-rara-avis-olo-ghiru-tu-kroton\/","og_site_name":"Radio Touring 104","article_published_time":"2023-03-11T10:15:33+00:00","article_modified_time":"2023-03-14T19:13:39+00:00","og_image":[{"width":240,"height":174,"url":"https:\/\/progettotouring.it\/radiotouring104\/wp-content\/uploads\/sites\/6\/2023\/03\/image-2.jpeg","type":"image\/jpeg"}],"author":"Giovanna Triolo","twitter_card":"summary_large_image","twitter_misc":{"Scritto da":"Giovanna Triolo","Tempo di lettura stimato":"3 minuti"},"schema":{"@context":"https:\/\/schema.org","@graph":[{"@type":"Article","@id":"https:\/\/progettotouring.it\/radiotouring104\/2023\/03\/11\/crotone-antonio-affidato-presenta-la-mostra-rara-avis-olo-ghiru-tu-kroton\/#article","isPartOf":{"@id":"https:\/\/progettotouring.it\/radiotouring104\/2023\/03\/11\/crotone-antonio-affidato-presenta-la-mostra-rara-avis-olo-ghiru-tu-kroton\/"},"author":{"name":"Giovanna Triolo","@id":"https:\/\/progettotouring.it\/radiotouring104\/#\/schema\/person\/39b7921e814ce650c48075565036a6a7"},"headline":"Crotone, Antonio Affidato presenta la mostra \u201cRara Avis &#8211; Ol\u00f2 ghiru tu Kr\u00f2ton\u201d","datePublished":"2023-03-11T10:15:33+00:00","dateModified":"2023-03-14T19:13:39+00:00","mainEntityOfPage":{"@id":"https:\/\/progettotouring.it\/radiotouring104\/2023\/03\/11\/crotone-antonio-affidato-presenta-la-mostra-rara-avis-olo-ghiru-tu-kroton\/"},"wordCount":624,"publisher":{"@id":"https:\/\/progettotouring.it\/radiotouring104\/#organization"},"image":{"@id":"https:\/\/progettotouring.it\/radiotouring104\/2023\/03\/11\/crotone-antonio-affidato-presenta-la-mostra-rara-avis-olo-ghiru-tu-kroton\/#primaryimage"},"thumbnailUrl":"https:\/\/progettotouring.it\/radiotouring104\/wp-content\/uploads\/sites\/6\/2023\/03\/image-2.jpeg","keywords":["antonio affidato","Francesco cuteri","Gabriele Romeo","gregorio aversa","magna grecia","museo archeologico nazionale di crotone"],"articleSection":["Calabria","Cultura","Home","News","Reggio Calabria"],"inLanguage":"it-IT"},{"@type":"WebPage","@id":"https:\/\/progettotouring.it\/radiotouring104\/2023\/03\/11\/crotone-antonio-affidato-presenta-la-mostra-rara-avis-olo-ghiru-tu-kroton\/","url":"https:\/\/progettotouring.it\/radiotouring104\/2023\/03\/11\/crotone-antonio-affidato-presenta-la-mostra-rara-avis-olo-ghiru-tu-kroton\/","name":"Crotone, Antonio Affidato presenta la mostra \u201cRara Avis - Ol\u00f2 ghiru tu Kr\u00f2ton\u201d","isPartOf":{"@id":"https:\/\/progettotouring.it\/radiotouring104\/#website"},"primaryImageOfPage":{"@id":"https:\/\/progettotouring.it\/radiotouring104\/2023\/03\/11\/crotone-antonio-affidato-presenta-la-mostra-rara-avis-olo-ghiru-tu-kroton\/#primaryimage"},"image":{"@id":"https:\/\/progettotouring.it\/radiotouring104\/2023\/03\/11\/crotone-antonio-affidato-presenta-la-mostra-rara-avis-olo-ghiru-tu-kroton\/#primaryimage"},"thumbnailUrl":"https:\/\/progettotouring.it\/radiotouring104\/wp-content\/uploads\/sites\/6\/2023\/03\/image-2.jpeg","datePublished":"2023-03-11T10:15:33+00:00","dateModified":"2023-03-14T19:13:39+00:00","description":"Il 10 Marzo, all'interno del Museo Archeologico Nazionale di Crotone, sono state presentate le opere dell'orafo-scultore Antonio Affidato","breadcrumb":{"@id":"https:\/\/progettotouring.it\/radiotouring104\/2023\/03\/11\/crotone-antonio-affidato-presenta-la-mostra-rara-avis-olo-ghiru-tu-kroton\/#breadcrumb"},"inLanguage":"it-IT","potentialAction":[{"@type":"ReadAction","target":["https:\/\/progettotouring.it\/radiotouring104\/2023\/03\/11\/crotone-antonio-affidato-presenta-la-mostra-rara-avis-olo-ghiru-tu-kroton\/"]}]},{"@type":"ImageObject","inLanguage":"it-IT","@id":"https:\/\/progettotouring.it\/radiotouring104\/2023\/03\/11\/crotone-antonio-affidato-presenta-la-mostra-rara-avis-olo-ghiru-tu-kroton\/#primaryimage","url":"https:\/\/progettotouring.it\/radiotouring104\/wp-content\/uploads\/sites\/6\/2023\/03\/image-2.jpeg","contentUrl":"https:\/\/progettotouring.it\/radiotouring104\/wp-content\/uploads\/sites\/6\/2023\/03\/image-2.jpeg","width":240,"height":174},{"@type":"BreadcrumbList","@id":"https:\/\/progettotouring.it\/radiotouring104\/2023\/03\/11\/crotone-antonio-affidato-presenta-la-mostra-rara-avis-olo-ghiru-tu-kroton\/#breadcrumb","itemListElement":[{"@type":"ListItem","position":1,"name":"Home","item":"https:\/\/progettotouring.it\/radiotouring104\/"},{"@type":"ListItem","position":2,"name":"Crotone, Antonio Affidato presenta la mostra \u201cRara Avis &#8211; Ol\u00f2 ghiru tu Kr\u00f2ton\u201d"}]},{"@type":"WebSite","@id":"https:\/\/progettotouring.it\/radiotouring104\/#website","url":"https:\/\/progettotouring.it\/radiotouring104\/","name":"Radio Touring 104","description":"La prima radio Reggina","publisher":{"@id":"https:\/\/progettotouring.it\/radiotouring104\/#organization"},"potentialAction":[{"@type":"SearchAction","target":{"@type":"EntryPoint","urlTemplate":"https:\/\/progettotouring.it\/radiotouring104\/?s={search_term_string}"},"query-input":{"@type":"PropertyValueSpecification","valueRequired":true,"valueName":"search_term_string"}}],"inLanguage":"it-IT"},{"@type":"Organization","@id":"https:\/\/progettotouring.it\/radiotouring104\/#organization","name":"Radio Touring 104","url":"https:\/\/progettotouring.it\/radiotouring104\/","logo":{"@type":"ImageObject","inLanguage":"it-IT","@id":"https:\/\/progettotouring.it\/radiotouring104\/#\/schema\/logo\/image\/","url":"https:\/\/progettotouring.it\/radiotouring104\/wp-content\/uploads\/sites\/6\/2022\/02\/cropped-logo-radio-touring-104.png","contentUrl":"https:\/\/progettotouring.it\/radiotouring104\/wp-content\/uploads\/sites\/6\/2022\/02\/cropped-logo-radio-touring-104.png","width":377,"height":182,"caption":"Radio Touring 104"},"image":{"@id":"https:\/\/progettotouring.it\/radiotouring104\/#\/schema\/logo\/image\/"}},{"@type":"Person","@id":"https:\/\/progettotouring.it\/radiotouring104\/#\/schema\/person\/39b7921e814ce650c48075565036a6a7","name":"Giovanna Triolo","image":{"@type":"ImageObject","inLanguage":"it-IT","@id":"https:\/\/secure.gravatar.com\/avatar\/e542eca288d5fdcf7afd8bda17389faf75f6a208edd42dad42bedab48136e524?s=96&d=mm&r=g","url":"https:\/\/secure.gravatar.com\/avatar\/e542eca288d5fdcf7afd8bda17389faf75f6a208edd42dad42bedab48136e524?s=96&d=mm&r=g","contentUrl":"https:\/\/secure.gravatar.com\/avatar\/e542eca288d5fdcf7afd8bda17389faf75f6a208edd42dad42bedab48136e524?s=96&d=mm&r=g","caption":"Giovanna Triolo"},"url":"https:\/\/progettotouring.it\/radiotouring104\/author\/giovanna\/"}]}},"jetpack_publicize_connections":[],"jetpack_featured_media_url":"https:\/\/progettotouring.it\/radiotouring104\/wp-content\/uploads\/sites\/6\/2023\/03\/image-2.jpeg","jetpack_sharing_enabled":true,"_links":{"self":[{"href":"https:\/\/progettotouring.it\/radiotouring104\/wp-json\/wp\/v2\/posts\/20660","targetHints":{"allow":["GET"]}}],"collection":[{"href":"https:\/\/progettotouring.it\/radiotouring104\/wp-json\/wp\/v2\/posts"}],"about":[{"href":"https:\/\/progettotouring.it\/radiotouring104\/wp-json\/wp\/v2\/types\/post"}],"author":[{"embeddable":true,"href":"https:\/\/progettotouring.it\/radiotouring104\/wp-json\/wp\/v2\/users\/14"}],"replies":[{"embeddable":true,"href":"https:\/\/progettotouring.it\/radiotouring104\/wp-json\/wp\/v2\/comments?post=20660"}],"version-history":[{"count":2,"href":"https:\/\/progettotouring.it\/radiotouring104\/wp-json\/wp\/v2\/posts\/20660\/revisions"}],"predecessor-version":[{"id":20663,"href":"https:\/\/progettotouring.it\/radiotouring104\/wp-json\/wp\/v2\/posts\/20660\/revisions\/20663"}],"wp:featuredmedia":[{"embeddable":true,"href":"https:\/\/progettotouring.it\/radiotouring104\/wp-json\/wp\/v2\/media\/20661"}],"wp:attachment":[{"href":"https:\/\/progettotouring.it\/radiotouring104\/wp-json\/wp\/v2\/media?parent=20660"}],"wp:term":[{"taxonomy":"category","embeddable":true,"href":"https:\/\/progettotouring.it\/radiotouring104\/wp-json\/wp\/v2\/categories?post=20660"},{"taxonomy":"post_tag","embeddable":true,"href":"https:\/\/progettotouring.it\/radiotouring104\/wp-json\/wp\/v2\/tags?post=20660"}],"curies":[{"name":"wp","href":"https:\/\/api.w.org\/{rel}","templated":true}]}}