{"id":20667,"date":"2023-03-11T11:42:43","date_gmt":"2023-03-11T10:42:43","guid":{"rendered":"https:\/\/progettotouring.it\/radiotouring104\/?p=20667"},"modified":"2023-03-11T12:01:44","modified_gmt":"2023-03-11T11:01:44","slug":"migranti-altre-1000-persone-arrivate-oggi-a-reggio-calabria-e-crotone","status":"publish","type":"post","link":"https:\/\/progettotouring.it\/radiotouring104\/2023\/03\/11\/migranti-altre-1000-persone-arrivate-oggi-a-reggio-calabria-e-crotone\/","title":{"rendered":"Migranti: altre 1000 persone arrivate oggi a Reggio Calabria e Crotone"},"content":{"rendered":"<p style=\"text-align: justify;\">Sono 487, tutti uomini, tra cui una quarantina di minori, sbarcati poco dopo le 00:30 a Crotone, dove sono arrivati su un peschereccio di 20 metri vecchio e malandato, che navigava in un mare forza 6. E&#8217; stato scortato dalla Guardia Costiera una volta arrivato a due miglia da Capocolonna, dove era giunto con propulsione autonoma, nonostante le condizioni del mare difficili per una barca in pessime condizioni e sovraffollata. In vista dell&#8217;arrivo a Crotone, dove il mare si era rinforzato, l&#8217;imbarcazione \u00e8 stata affiancata dal rimorchiatore &#8220;Alessandro Secondo&#8221; di Crotone che, come si dice in gergo, l&#8217;ha &#8220;<em>presa a pacchetto<\/em>&#8221; legandola sul proprio lato di dritta con delle cime. Probabilmente erano partiti da Tobruk in Libano circa 5 giorni fa. I migranti, tutti in salvo, sono stati condotti al centro di accoglienza di Sant&#8217;Anna.<\/p>\n<p style=\"text-align: justify;\">584, di cui circa 70 donne e bambini, attraccati questa mattina al porto di Reggio Calabria, portati in salvo dalla nave Diciotti, classe Dattilo della Guardia Costiera dopo essere stati recuperati nel corso di tre diverse operazioni. Sul posto la Polizia di stato e la protezione civile per le procedure di identificazione, prima di trasferire le persone in parte nella scuola Boccioni di Gallico, sede del centro di primissima accoglienza e in parte al Cedir, negli ex locali della protezione civile. Le operazioni di sbarco sono iniziate pochi minuti fa sul molo di ponente del porto di Reggio Calabria. Due dei migranti sbarcati sono stati fatti salire in ambulanza e condotti in ospedale per accertamenti. Al porto della citt\u00e0 dello Stretto \u00e8 intervenuto anche personale di Frontex che, stando a quanto si \u00e8 appreso, \u00e8 venuto a raccogliere informazioni.<\/p>\n<p style=\"text-align: justify;\">Questi i numeri delle ultime ore, che si vanno a sommare a quelli gi\u00e0 gravissimi della tragedia di Cutro, nell\u2019ambito della quale \u00e8 stato recuperato questa mattina il 74esimo corpo: una bambina di 5 o 6 anni, trentesima minore e ventunesima compresa tra gli 0 e i 12 anni.<br \/>\nNon si fermano, gli sbarchi, e non si intimoriscono gli scafisti. Difficile dire a quante tragedie ancora bisogner\u00e0 assistere prima di poter mettere un punto a questa emergenza umanitaria che interessa l\u2019Italia e la Calabria in particolare. Oggi pomeriggio a Cutro la manifestazione sul luogo del naufargio promossa dalle dalle associazioni aderenti alla &#8220;Rete 26 Febbraio&#8221; per esprimere solidariet\u00e0 alle vittime del naufragio e alle loro famiglie. Un altro tentativo di alzare la voce, senza nessuno che stia a sentire.<\/p>\n","protected":false},"excerpt":{"rendered":"<p>Sono 487, tutti uomini, tra cui una quarantina di minori, sbarcati poco dopo le 00:30 a Crotone, dove sono arrivati su un peschereccio di 20 metri vecchio e malandato, che&hellip;<\/p>\n","protected":false},"author":1,"featured_media":20290,"comment_status":"closed","ping_status":"open","sticky":false,"template":"","format":"standard","meta":{"_jetpack_memberships_contains_paid_content":false,"footnotes":"","jetpack_publicize_message":"","jetpack_publicize_feature_enabled":true,"jetpack_social_post_already_shared":false,"jetpack_social_options":{"image_generator_settings":{"template":"highway","default_image_id":0,"font":"","enabled":false},"version":2}},"categories":[921,150,196,140],"tags":[717,1746,6505,11310,784,3188,1384,1313,11309,2685,236,11311,2292,11308],"class_list":["post-20667","post","type-post","status-publish","format-standard","has-post-thumbnail","hentry","category-home","category-in-primo-piano","category-news","category-reggio-calabria","tag-cedir","tag-crotone","tag-cutro","tag-dattilo","tag-gallico","tag-guardia-costiera","tag-manifestazione","tag-migranti","tag-nave-diciotti","tag-protezione-civile","tag-reggio-calabria","tag-rete-26-febbraio","tag-sbarchi","tag-scuola-boccioni"],"yoast_head":"<!-- This site is optimized with the Yoast SEO plugin v27.2 - https:\/\/yoast.com\/product\/yoast-seo-wordpress\/ -->\n<title>Migranti: altre 1000 persone arrivate oggi a Reggio e Crotone<\/title>\n<meta name=\"description\" content=\"Diverse donne e tantissimi minori in attesa dei primi soccorsi. E intanto a Cutro viene ritrovato il 74esimo corpo: una bambina di 5 anni\" \/>\n<meta name=\"robots\" content=\"index, follow, max-snippet:-1, max-image-preview:large, max-video-preview:-1\" \/>\n<link rel=\"canonical\" href=\"https:\/\/progettotouring.it\/radiotouring104\/2023\/03\/11\/migranti-altre-1000-persone-arrivate-oggi-a-reggio-calabria-e-crotone\/\" \/>\n<meta property=\"og:locale\" content=\"it_IT\" \/>\n<meta property=\"og:type\" content=\"article\" \/>\n<meta property=\"og:title\" content=\"Migranti: altre 1000 persone arrivate oggi a Reggio e Crotone\" \/>\n<meta property=\"og:description\" content=\"Diverse donne e tantissimi minori in attesa dei primi soccorsi. E intanto a Cutro viene ritrovato il 74esimo corpo: una bambina di 5 anni\" \/>\n<meta property=\"og:url\" content=\"https:\/\/progettotouring.it\/radiotouring104\/2023\/03\/11\/migranti-altre-1000-persone-arrivate-oggi-a-reggio-calabria-e-crotone\/\" \/>\n<meta property=\"og:site_name\" content=\"Radio Touring 104\" \/>\n<meta property=\"article:published_time\" content=\"2023-03-11T10:42:43+00:00\" \/>\n<meta property=\"article:modified_time\" content=\"2023-03-11T11:01:44+00:00\" \/>\n<meta property=\"og:image\" content=\"https:\/\/progettotouring.it\/radiotouring104\/wp-content\/uploads\/sites\/6\/2023\/03\/cutro-croce-via-crucis.jpg\" \/>\n\t<meta property=\"og:image:width\" content=\"516\" \/>\n\t<meta property=\"og:image:height\" content=\"334\" \/>\n\t<meta property=\"og:image:type\" content=\"image\/jpeg\" \/>\n<meta name=\"author\" content=\"Chiara Cucinotta\" \/>\n<meta name=\"twitter:card\" content=\"summary_large_image\" \/>\n<meta name=\"twitter:label1\" content=\"Scritto da\" \/>\n\t<meta name=\"twitter:data1\" content=\"Chiara Cucinotta\" \/>\n\t<meta name=\"twitter:label2\" content=\"Tempo di lettura stimato\" \/>\n\t<meta name=\"twitter:data2\" content=\"2 minuti\" \/>\n<script type=\"application\/ld+json\" class=\"yoast-schema-graph\">{\"@context\":\"https:\/\/schema.org\",\"@graph\":[{\"@type\":\"Article\",\"@id\":\"https:\/\/progettotouring.it\/radiotouring104\/2023\/03\/11\/migranti-altre-1000-persone-arrivate-oggi-a-reggio-calabria-e-crotone\/#article\",\"isPartOf\":{\"@id\":\"https:\/\/progettotouring.it\/radiotouring104\/2023\/03\/11\/migranti-altre-1000-persone-arrivate-oggi-a-reggio-calabria-e-crotone\/\"},\"author\":{\"name\":\"Chiara Cucinotta\",\"@id\":\"https:\/\/progettotouring.it\/radiotouring104\/#\/schema\/person\/f01f189b71df20dcfc0890eea7e67a0e\"},\"headline\":\"Migranti: altre 1000 persone arrivate oggi a Reggio Calabria e Crotone\",\"datePublished\":\"2023-03-11T10:42:43+00:00\",\"dateModified\":\"2023-03-11T11:01:44+00:00\",\"mainEntityOfPage\":{\"@id\":\"https:\/\/progettotouring.it\/radiotouring104\/2023\/03\/11\/migranti-altre-1000-persone-arrivate-oggi-a-reggio-calabria-e-crotone\/\"},\"wordCount\":398,\"publisher\":{\"@id\":\"https:\/\/progettotouring.it\/radiotouring104\/#organization\"},\"image\":{\"@id\":\"https:\/\/progettotouring.it\/radiotouring104\/2023\/03\/11\/migranti-altre-1000-persone-arrivate-oggi-a-reggio-calabria-e-crotone\/#primaryimage\"},\"thumbnailUrl\":\"https:\/\/progettotouring.it\/radiotouring104\/wp-content\/uploads\/sites\/6\/2023\/03\/cutro-croce-via-crucis.jpg\",\"keywords\":[\"cedir\",\"Crotone\",\"Cutro\",\"Dattilo\",\"Gallico\",\"guardia costiera\",\"manifestazione\",\"migranti\",\"nave Diciotti\",\"protezione civile\",\"reggio calabria\",\"Rete 26 febbraio\",\"sbarchi\",\"Scuola Boccioni\"],\"articleSection\":[\"Home\",\"In primo piano\",\"News\",\"Reggio Calabria\"],\"inLanguage\":\"it-IT\"},{\"@type\":\"WebPage\",\"@id\":\"https:\/\/progettotouring.it\/radiotouring104\/2023\/03\/11\/migranti-altre-1000-persone-arrivate-oggi-a-reggio-calabria-e-crotone\/\",\"url\":\"https:\/\/progettotouring.it\/radiotouring104\/2023\/03\/11\/migranti-altre-1000-persone-arrivate-oggi-a-reggio-calabria-e-crotone\/\",\"name\":\"Migranti: altre 1000 persone arrivate oggi a Reggio e Crotone\",\"isPartOf\":{\"@id\":\"https:\/\/progettotouring.it\/radiotouring104\/#website\"},\"primaryImageOfPage\":{\"@id\":\"https:\/\/progettotouring.it\/radiotouring104\/2023\/03\/11\/migranti-altre-1000-persone-arrivate-oggi-a-reggio-calabria-e-crotone\/#primaryimage\"},\"image\":{\"@id\":\"https:\/\/progettotouring.it\/radiotouring104\/2023\/03\/11\/migranti-altre-1000-persone-arrivate-oggi-a-reggio-calabria-e-crotone\/#primaryimage\"},\"thumbnailUrl\":\"https:\/\/progettotouring.it\/radiotouring104\/wp-content\/uploads\/sites\/6\/2023\/03\/cutro-croce-via-crucis.jpg\",\"datePublished\":\"2023-03-11T10:42:43+00:00\",\"dateModified\":\"2023-03-11T11:01:44+00:00\",\"description\":\"Diverse donne e tantissimi minori in attesa dei primi soccorsi. E intanto a Cutro viene ritrovato il 74esimo corpo: una bambina di 5 anni\",\"breadcrumb\":{\"@id\":\"https:\/\/progettotouring.it\/radiotouring104\/2023\/03\/11\/migranti-altre-1000-persone-arrivate-oggi-a-reggio-calabria-e-crotone\/#breadcrumb\"},\"inLanguage\":\"it-IT\",\"potentialAction\":[{\"@type\":\"ReadAction\",\"target\":[\"https:\/\/progettotouring.it\/radiotouring104\/2023\/03\/11\/migranti-altre-1000-persone-arrivate-oggi-a-reggio-calabria-e-crotone\/\"]}]},{\"@type\":\"ImageObject\",\"inLanguage\":\"it-IT\",\"@id\":\"https:\/\/progettotouring.it\/radiotouring104\/2023\/03\/11\/migranti-altre-1000-persone-arrivate-oggi-a-reggio-calabria-e-crotone\/#primaryimage\",\"url\":\"https:\/\/progettotouring.it\/radiotouring104\/wp-content\/uploads\/sites\/6\/2023\/03\/cutro-croce-via-crucis.jpg\",\"contentUrl\":\"https:\/\/progettotouring.it\/radiotouring104\/wp-content\/uploads\/sites\/6\/2023\/03\/cutro-croce-via-crucis.jpg\",\"width\":516,\"height\":334},{\"@type\":\"BreadcrumbList\",\"@id\":\"https:\/\/progettotouring.it\/radiotouring104\/2023\/03\/11\/migranti-altre-1000-persone-arrivate-oggi-a-reggio-calabria-e-crotone\/#breadcrumb\",\"itemListElement\":[{\"@type\":\"ListItem\",\"position\":1,\"name\":\"Home\",\"item\":\"https:\/\/progettotouring.it\/radiotouring104\/\"},{\"@type\":\"ListItem\",\"position\":2,\"name\":\"Migranti: altre 1000 persone arrivate oggi a Reggio Calabria e Crotone\"}]},{\"@type\":\"WebSite\",\"@id\":\"https:\/\/progettotouring.it\/radiotouring104\/#website\",\"url\":\"https:\/\/progettotouring.it\/radiotouring104\/\",\"name\":\"Radio Touring 104\",\"description\":\"La prima radio Reggina\",\"publisher\":{\"@id\":\"https:\/\/progettotouring.it\/radiotouring104\/#organization\"},\"potentialAction\":[{\"@type\":\"SearchAction\",\"target\":{\"@type\":\"EntryPoint\",\"urlTemplate\":\"https:\/\/progettotouring.it\/radiotouring104\/?s={search_term_string}\"},\"query-input\":{\"@type\":\"PropertyValueSpecification\",\"valueRequired\":true,\"valueName\":\"search_term_string\"}}],\"inLanguage\":\"it-IT\"},{\"@type\":\"Organization\",\"@id\":\"https:\/\/progettotouring.it\/radiotouring104\/#organization\",\"name\":\"Radio Touring 104\",\"url\":\"https:\/\/progettotouring.it\/radiotouring104\/\",\"logo\":{\"@type\":\"ImageObject\",\"inLanguage\":\"it-IT\",\"@id\":\"https:\/\/progettotouring.it\/radiotouring104\/#\/schema\/logo\/image\/\",\"url\":\"https:\/\/progettotouring.it\/radiotouring104\/wp-content\/uploads\/sites\/6\/2022\/02\/cropped-logo-radio-touring-104.png\",\"contentUrl\":\"https:\/\/progettotouring.it\/radiotouring104\/wp-content\/uploads\/sites\/6\/2022\/02\/cropped-logo-radio-touring-104.png\",\"width\":377,\"height\":182,\"caption\":\"Radio Touring 104\"},\"image\":{\"@id\":\"https:\/\/progettotouring.it\/radiotouring104\/#\/schema\/logo\/image\/\"}},{\"@type\":\"Person\",\"@id\":\"https:\/\/progettotouring.it\/radiotouring104\/#\/schema\/person\/f01f189b71df20dcfc0890eea7e67a0e\",\"name\":\"Chiara Cucinotta\",\"image\":{\"@type\":\"ImageObject\",\"inLanguage\":\"it-IT\",\"@id\":\"https:\/\/secure.gravatar.com\/avatar\/efe17e5613fdef9b05741a23cd4ef4e9b1c39955d8fe11176cb1da3641c96104?s=96&d=mm&r=g\",\"url\":\"https:\/\/secure.gravatar.com\/avatar\/efe17e5613fdef9b05741a23cd4ef4e9b1c39955d8fe11176cb1da3641c96104?s=96&d=mm&r=g\",\"contentUrl\":\"https:\/\/secure.gravatar.com\/avatar\/efe17e5613fdef9b05741a23cd4ef4e9b1c39955d8fe11176cb1da3641c96104?s=96&d=mm&r=g\",\"caption\":\"Chiara Cucinotta\"},\"sameAs\":[\"https:\/\/progettotouring.it\"],\"url\":\"https:\/\/progettotouring.it\/radiotouring104\/author\/auranex\/\"}]}<\/script>\n<!-- \/ Yoast SEO plugin. -->","yoast_head_json":{"title":"Migranti: altre 1000 persone arrivate oggi a Reggio e Crotone","description":"Diverse donne e tantissimi minori in attesa dei primi soccorsi. E intanto a Cutro viene ritrovato il 74esimo corpo: una bambina di 5 anni","robots":{"index":"index","follow":"follow","max-snippet":"max-snippet:-1","max-image-preview":"max-image-preview:large","max-video-preview":"max-video-preview:-1"},"canonical":"https:\/\/progettotouring.it\/radiotouring104\/2023\/03\/11\/migranti-altre-1000-persone-arrivate-oggi-a-reggio-calabria-e-crotone\/","og_locale":"it_IT","og_type":"article","og_title":"Migranti: altre 1000 persone arrivate oggi a Reggio e Crotone","og_description":"Diverse donne e tantissimi minori in attesa dei primi soccorsi. E intanto a Cutro viene ritrovato il 74esimo corpo: una bambina di 5 anni","og_url":"https:\/\/progettotouring.it\/radiotouring104\/2023\/03\/11\/migranti-altre-1000-persone-arrivate-oggi-a-reggio-calabria-e-crotone\/","og_site_name":"Radio Touring 104","article_published_time":"2023-03-11T10:42:43+00:00","article_modified_time":"2023-03-11T11:01:44+00:00","og_image":[{"width":516,"height":334,"url":"https:\/\/progettotouring.it\/radiotouring104\/wp-content\/uploads\/sites\/6\/2023\/03\/cutro-croce-via-crucis.jpg","type":"image\/jpeg"}],"author":"Chiara Cucinotta","twitter_card":"summary_large_image","twitter_misc":{"Scritto da":"Chiara Cucinotta","Tempo di lettura stimato":"2 minuti"},"schema":{"@context":"https:\/\/schema.org","@graph":[{"@type":"Article","@id":"https:\/\/progettotouring.it\/radiotouring104\/2023\/03\/11\/migranti-altre-1000-persone-arrivate-oggi-a-reggio-calabria-e-crotone\/#article","isPartOf":{"@id":"https:\/\/progettotouring.it\/radiotouring104\/2023\/03\/11\/migranti-altre-1000-persone-arrivate-oggi-a-reggio-calabria-e-crotone\/"},"author":{"name":"Chiara Cucinotta","@id":"https:\/\/progettotouring.it\/radiotouring104\/#\/schema\/person\/f01f189b71df20dcfc0890eea7e67a0e"},"headline":"Migranti: altre 1000 persone arrivate oggi a Reggio Calabria e Crotone","datePublished":"2023-03-11T10:42:43+00:00","dateModified":"2023-03-11T11:01:44+00:00","mainEntityOfPage":{"@id":"https:\/\/progettotouring.it\/radiotouring104\/2023\/03\/11\/migranti-altre-1000-persone-arrivate-oggi-a-reggio-calabria-e-crotone\/"},"wordCount":398,"publisher":{"@id":"https:\/\/progettotouring.it\/radiotouring104\/#organization"},"image":{"@id":"https:\/\/progettotouring.it\/radiotouring104\/2023\/03\/11\/migranti-altre-1000-persone-arrivate-oggi-a-reggio-calabria-e-crotone\/#primaryimage"},"thumbnailUrl":"https:\/\/progettotouring.it\/radiotouring104\/wp-content\/uploads\/sites\/6\/2023\/03\/cutro-croce-via-crucis.jpg","keywords":["cedir","Crotone","Cutro","Dattilo","Gallico","guardia costiera","manifestazione","migranti","nave Diciotti","protezione civile","reggio calabria","Rete 26 febbraio","sbarchi","Scuola Boccioni"],"articleSection":["Home","In primo piano","News","Reggio Calabria"],"inLanguage":"it-IT"},{"@type":"WebPage","@id":"https:\/\/progettotouring.it\/radiotouring104\/2023\/03\/11\/migranti-altre-1000-persone-arrivate-oggi-a-reggio-calabria-e-crotone\/","url":"https:\/\/progettotouring.it\/radiotouring104\/2023\/03\/11\/migranti-altre-1000-persone-arrivate-oggi-a-reggio-calabria-e-crotone\/","name":"Migranti: altre 1000 persone arrivate oggi a Reggio e Crotone","isPartOf":{"@id":"https:\/\/progettotouring.it\/radiotouring104\/#website"},"primaryImageOfPage":{"@id":"https:\/\/progettotouring.it\/radiotouring104\/2023\/03\/11\/migranti-altre-1000-persone-arrivate-oggi-a-reggio-calabria-e-crotone\/#primaryimage"},"image":{"@id":"https:\/\/progettotouring.it\/radiotouring104\/2023\/03\/11\/migranti-altre-1000-persone-arrivate-oggi-a-reggio-calabria-e-crotone\/#primaryimage"},"thumbnailUrl":"https:\/\/progettotouring.it\/radiotouring104\/wp-content\/uploads\/sites\/6\/2023\/03\/cutro-croce-via-crucis.jpg","datePublished":"2023-03-11T10:42:43+00:00","dateModified":"2023-03-11T11:01:44+00:00","description":"Diverse donne e tantissimi minori in attesa dei primi soccorsi. E intanto a Cutro viene ritrovato il 74esimo corpo: una bambina di 5 anni","breadcrumb":{"@id":"https:\/\/progettotouring.it\/radiotouring104\/2023\/03\/11\/migranti-altre-1000-persone-arrivate-oggi-a-reggio-calabria-e-crotone\/#breadcrumb"},"inLanguage":"it-IT","potentialAction":[{"@type":"ReadAction","target":["https:\/\/progettotouring.it\/radiotouring104\/2023\/03\/11\/migranti-altre-1000-persone-arrivate-oggi-a-reggio-calabria-e-crotone\/"]}]},{"@type":"ImageObject","inLanguage":"it-IT","@id":"https:\/\/progettotouring.it\/radiotouring104\/2023\/03\/11\/migranti-altre-1000-persone-arrivate-oggi-a-reggio-calabria-e-crotone\/#primaryimage","url":"https:\/\/progettotouring.it\/radiotouring104\/wp-content\/uploads\/sites\/6\/2023\/03\/cutro-croce-via-crucis.jpg","contentUrl":"https:\/\/progettotouring.it\/radiotouring104\/wp-content\/uploads\/sites\/6\/2023\/03\/cutro-croce-via-crucis.jpg","width":516,"height":334},{"@type":"BreadcrumbList","@id":"https:\/\/progettotouring.it\/radiotouring104\/2023\/03\/11\/migranti-altre-1000-persone-arrivate-oggi-a-reggio-calabria-e-crotone\/#breadcrumb","itemListElement":[{"@type":"ListItem","position":1,"name":"Home","item":"https:\/\/progettotouring.it\/radiotouring104\/"},{"@type":"ListItem","position":2,"name":"Migranti: altre 1000 persone arrivate oggi a Reggio Calabria e Crotone"}]},{"@type":"WebSite","@id":"https:\/\/progettotouring.it\/radiotouring104\/#website","url":"https:\/\/progettotouring.it\/radiotouring104\/","name":"Radio Touring 104","description":"La prima radio Reggina","publisher":{"@id":"https:\/\/progettotouring.it\/radiotouring104\/#organization"},"potentialAction":[{"@type":"SearchAction","target":{"@type":"EntryPoint","urlTemplate":"https:\/\/progettotouring.it\/radiotouring104\/?s={search_term_string}"},"query-input":{"@type":"PropertyValueSpecification","valueRequired":true,"valueName":"search_term_string"}}],"inLanguage":"it-IT"},{"@type":"Organization","@id":"https:\/\/progettotouring.it\/radiotouring104\/#organization","name":"Radio Touring 104","url":"https:\/\/progettotouring.it\/radiotouring104\/","logo":{"@type":"ImageObject","inLanguage":"it-IT","@id":"https:\/\/progettotouring.it\/radiotouring104\/#\/schema\/logo\/image\/","url":"https:\/\/progettotouring.it\/radiotouring104\/wp-content\/uploads\/sites\/6\/2022\/02\/cropped-logo-radio-touring-104.png","contentUrl":"https:\/\/progettotouring.it\/radiotouring104\/wp-content\/uploads\/sites\/6\/2022\/02\/cropped-logo-radio-touring-104.png","width":377,"height":182,"caption":"Radio Touring 104"},"image":{"@id":"https:\/\/progettotouring.it\/radiotouring104\/#\/schema\/logo\/image\/"}},{"@type":"Person","@id":"https:\/\/progettotouring.it\/radiotouring104\/#\/schema\/person\/f01f189b71df20dcfc0890eea7e67a0e","name":"Chiara Cucinotta","image":{"@type":"ImageObject","inLanguage":"it-IT","@id":"https:\/\/secure.gravatar.com\/avatar\/efe17e5613fdef9b05741a23cd4ef4e9b1c39955d8fe11176cb1da3641c96104?s=96&d=mm&r=g","url":"https:\/\/secure.gravatar.com\/avatar\/efe17e5613fdef9b05741a23cd4ef4e9b1c39955d8fe11176cb1da3641c96104?s=96&d=mm&r=g","contentUrl":"https:\/\/secure.gravatar.com\/avatar\/efe17e5613fdef9b05741a23cd4ef4e9b1c39955d8fe11176cb1da3641c96104?s=96&d=mm&r=g","caption":"Chiara Cucinotta"},"sameAs":["https:\/\/progettotouring.it"],"url":"https:\/\/progettotouring.it\/radiotouring104\/author\/auranex\/"}]}},"jetpack_publicize_connections":[],"jetpack_featured_media_url":"https:\/\/progettotouring.it\/radiotouring104\/wp-content\/uploads\/sites\/6\/2023\/03\/cutro-croce-via-crucis.jpg","jetpack_sharing_enabled":true,"_links":{"self":[{"href":"https:\/\/progettotouring.it\/radiotouring104\/wp-json\/wp\/v2\/posts\/20667","targetHints":{"allow":["GET"]}}],"collection":[{"href":"https:\/\/progettotouring.it\/radiotouring104\/wp-json\/wp\/v2\/posts"}],"about":[{"href":"https:\/\/progettotouring.it\/radiotouring104\/wp-json\/wp\/v2\/types\/post"}],"author":[{"embeddable":true,"href":"https:\/\/progettotouring.it\/radiotouring104\/wp-json\/wp\/v2\/users\/1"}],"replies":[{"embeddable":true,"href":"https:\/\/progettotouring.it\/radiotouring104\/wp-json\/wp\/v2\/comments?post=20667"}],"version-history":[{"count":6,"href":"https:\/\/progettotouring.it\/radiotouring104\/wp-json\/wp\/v2\/posts\/20667\/revisions"}],"predecessor-version":[{"id":20673,"href":"https:\/\/progettotouring.it\/radiotouring104\/wp-json\/wp\/v2\/posts\/20667\/revisions\/20673"}],"wp:featuredmedia":[{"embeddable":true,"href":"https:\/\/progettotouring.it\/radiotouring104\/wp-json\/wp\/v2\/media\/20290"}],"wp:attachment":[{"href":"https:\/\/progettotouring.it\/radiotouring104\/wp-json\/wp\/v2\/media?parent=20667"}],"wp:term":[{"taxonomy":"category","embeddable":true,"href":"https:\/\/progettotouring.it\/radiotouring104\/wp-json\/wp\/v2\/categories?post=20667"},{"taxonomy":"post_tag","embeddable":true,"href":"https:\/\/progettotouring.it\/radiotouring104\/wp-json\/wp\/v2\/tags?post=20667"}],"curies":[{"name":"wp","href":"https:\/\/api.w.org\/{rel}","templated":true}]}}