{"id":20681,"date":"2023-03-11T09:13:52","date_gmt":"2023-03-11T08:13:52","guid":{"rendered":"https:\/\/progettotouring.it\/radiotouring104\/?p=20681"},"modified":"2023-03-11T12:16:05","modified_gmt":"2023-03-11T11:16:05","slug":"ndrangheta-stragista-rinviata-la-sentenza-del-processo-dettagli","status":"publish","type":"post","link":"https:\/\/progettotouring.it\/radiotouring104\/2023\/03\/11\/ndrangheta-stragista-rinviata-la-sentenza-del-processo-dettagli\/","title":{"rendered":"&#8216;Ndrangheta Stragista: rinviata la sentenza del processo &#8211; DETTAGLI"},"content":{"rendered":"<p>Nuovo rinvio per la sentenza del processo &#8220;&#8216;Ndrangheta stragista&#8221; che vede imputati, davanti alla Corte d&#8217;Assise d&#8217;Appello di Reggio Calabria, il boss di Brancaccio Giuseppe Graviano e Rocco Santo Filippone, espressione della cosca Piromalli di Gioia Tauro. Entrambi sono stati condannati, in primo grado, all&#8217;ergastolo per l&#8217;omicidio dei carabinieri Antonino Fava e Vincenzo Garofalo uccisi il 18 gennaio 1994 in un agguato rientrante secondo la Dda nelle cosiddette &#8220;stragi continentali&#8221;.<\/p>\n<p style=\"text-align: justify;\">\u00a0Nell&#8217;udienza di ieri, in cui dovevano esserci le repliche e la camera di consiglio che doveva poi portare alla sentenza, il procuratore aggiunto di Reggio Calabria Giuseppe Lombardo ha chiesto di acquisire un&#8217;intercettazione registrata dai carabinieri il 17 gennaio 2021 e finita nelle carte dell&#8217;inchiesta &#8220;Hybris&#8221;, contro la cosca Piromalli, che ha portato all&#8217;arresto di 49 persone. In particolare si tratta dell&#8217;intercettazione in cui parla Francesco Adornato, 72 anni, che non \u00e8 indagato nell&#8217;inchiesta Hybris ma che \u00e8 considerato un &#8220;navigato esponente della &#8216;ndrangheta&#8221;.<\/p>\n<p style=\"text-align: justify;\">Nell&#8217;intercettazione, Adornato faceve riferimento a un summit che si era tenuto al resort &#8216;Saionara&#8217; di Nicotera per decidere l&#8217;adesione della &#8216;ndrangheta alle stragi di stato. Stando al suo racconto il boss Pino Piromalli a quella riunione era rappresentato dal boss Nino Pesce di Rosarno. Quest&#8217;ultimo &#8211; si legge nell&#8217;ordinanza dell&#8217;inchiesta &#8220;Hybris&#8221; &#8211; &#8220;in proprio ed in nome e per conto di Piromalli, aveva votato a favore della partecipazione alle stragi anche da parte della &#8216;ndrangheta&#8221;. Il boss di Limbadi Luigi Mancuso, invece, &#8220;avrebbe votato contro&#8221; le stragi che &#8220;erano dirette all&#8217;eliminazione del regime di carcere duro&#8221;.<\/p>\n<p style=\"text-align: justify;\">&#8220;Luigi Mancuso non \u00e8 vero che dice no. Ma dice pensiamo un attimo. A mio modo di vedere l&#8217;intercettazione \u00e8 prova&#8221; ha spiegato in aula il pg Lombardo che considera quella conversazione &#8220;un commento genuino&#8221;. Per questo l&#8217;accusa ha chiesto di acquisirla assieme a un&#8217;informativa firmata dal comandante del Nucleo investigativo dei carabinieri, il colonnello Massimiliano Galasso. Una nota secondo cui le parole di Adornato riscontrano le dichiarazioni del pentito Franco Pino. La Corte d&#8217;Assise d&#8217;Appello ha fissato una nuova udienza luned\u00ec quando decider\u00e0 se acquisire l&#8217;intercettazione. La sentenza di secondo grado dovrebbe perci\u00f2 arrivare tra qualche settimana.<\/p>\n","protected":false},"excerpt":{"rendered":"<p>Nuovo rinvio per la sentenza del processo &#8220;&#8216;Ndrangheta stragista&#8221; che vede imputati, davanti alla Corte d&#8217;Assise d&#8217;Appello di Reggio Calabria, il boss di Brancaccio Giuseppe Graviano e Rocco Santo Filippone,&hellip;<\/p>\n","protected":false},"author":1,"featured_media":20019,"comment_status":"closed","ping_status":"open","sticky":false,"template":"","format":"standard","meta":{"_jetpack_memberships_contains_paid_content":false,"footnotes":"","jetpack_publicize_message":"","jetpack_publicize_feature_enabled":true,"jetpack_social_post_already_shared":false,"jetpack_social_options":{"image_generator_settings":{"template":"highway","default_image_id":0,"font":"","enabled":false},"version":2}},"categories":[921,150,196,140],"tags":[9865,11318,4707,11315,11314,4706,4708,11316,11317],"class_list":["post-20681","post","type-post","status-publish","format-standard","has-post-thumbnail","hentry","category-home","category-in-primo-piano","category-news","category-reggio-calabria","tag-alessio-adornato","tag-carcere-duro","tag-giuseppe-graviano","tag-intercettazioni","tag-luigi-mancuso","tag-ndrangheta-stragista","tag-rocco-santo-filippone","tag-stragi","tag-stragi-continentali"],"yoast_head":"<!-- This site is optimized with the Yoast SEO plugin v27.2 - https:\/\/yoast.com\/product\/yoast-seo-wordpress\/ -->\n<title>&#039;Ndrangheta Stragista: rinviata la sentenza del processo<\/title>\n<meta name=\"description\" content=\"\u00c8 stata rinviata la sentenza del processo &quot;&#039;Ndrangheta stragista&quot; che vede imputati il boss Giuseppe Graviano e Rocco Santo Filippone\" \/>\n<meta name=\"robots\" content=\"index, follow, max-snippet:-1, max-image-preview:large, max-video-preview:-1\" \/>\n<link rel=\"canonical\" href=\"https:\/\/progettotouring.it\/radiotouring104\/2023\/03\/11\/ndrangheta-stragista-rinviata-la-sentenza-del-processo-dettagli\/\" \/>\n<meta property=\"og:locale\" content=\"it_IT\" \/>\n<meta property=\"og:type\" content=\"article\" \/>\n<meta property=\"og:title\" content=\"&#039;Ndrangheta Stragista: rinviata la sentenza del processo\" \/>\n<meta property=\"og:description\" content=\"\u00c8 stata rinviata la sentenza del processo &quot;&#039;Ndrangheta stragista&quot; che vede imputati il boss Giuseppe Graviano e Rocco Santo Filippone\" \/>\n<meta property=\"og:url\" content=\"https:\/\/progettotouring.it\/radiotouring104\/2023\/03\/11\/ndrangheta-stragista-rinviata-la-sentenza-del-processo-dettagli\/\" \/>\n<meta property=\"og:site_name\" content=\"Radio Touring 104\" \/>\n<meta property=\"article:published_time\" content=\"2023-03-11T08:13:52+00:00\" \/>\n<meta property=\"article:modified_time\" content=\"2023-03-11T11:16:05+00:00\" \/>\n<meta property=\"og:image\" content=\"https:\/\/progettotouring.it\/radiotouring104\/wp-content\/uploads\/sites\/6\/2023\/03\/ndrangheta-stragista.jpg\" \/>\n\t<meta property=\"og:image:width\" content=\"1920\" \/>\n\t<meta property=\"og:image:height\" content=\"1080\" \/>\n\t<meta property=\"og:image:type\" content=\"image\/jpeg\" \/>\n<meta name=\"author\" content=\"Chiara Cucinotta\" \/>\n<meta name=\"twitter:card\" content=\"summary_large_image\" \/>\n<meta name=\"twitter:label1\" content=\"Scritto da\" \/>\n\t<meta name=\"twitter:data1\" content=\"Chiara Cucinotta\" \/>\n\t<meta name=\"twitter:label2\" content=\"Tempo di lettura stimato\" \/>\n\t<meta name=\"twitter:data2\" content=\"2 minuti\" \/>\n<script type=\"application\/ld+json\" class=\"yoast-schema-graph\">{\"@context\":\"https:\/\/schema.org\",\"@graph\":[{\"@type\":\"Article\",\"@id\":\"https:\/\/progettotouring.it\/radiotouring104\/2023\/03\/11\/ndrangheta-stragista-rinviata-la-sentenza-del-processo-dettagli\/#article\",\"isPartOf\":{\"@id\":\"https:\/\/progettotouring.it\/radiotouring104\/2023\/03\/11\/ndrangheta-stragista-rinviata-la-sentenza-del-processo-dettagli\/\"},\"author\":{\"name\":\"Chiara Cucinotta\",\"@id\":\"https:\/\/progettotouring.it\/radiotouring104\/#\/schema\/person\/f01f189b71df20dcfc0890eea7e67a0e\"},\"headline\":\"&#8216;Ndrangheta Stragista: rinviata la sentenza del processo &#8211; DETTAGLI\",\"datePublished\":\"2023-03-11T08:13:52+00:00\",\"dateModified\":\"2023-03-11T11:16:05+00:00\",\"mainEntityOfPage\":{\"@id\":\"https:\/\/progettotouring.it\/radiotouring104\/2023\/03\/11\/ndrangheta-stragista-rinviata-la-sentenza-del-processo-dettagli\/\"},\"wordCount\":347,\"publisher\":{\"@id\":\"https:\/\/progettotouring.it\/radiotouring104\/#organization\"},\"image\":{\"@id\":\"https:\/\/progettotouring.it\/radiotouring104\/2023\/03\/11\/ndrangheta-stragista-rinviata-la-sentenza-del-processo-dettagli\/#primaryimage\"},\"thumbnailUrl\":\"https:\/\/progettotouring.it\/radiotouring104\/wp-content\/uploads\/sites\/6\/2023\/03\/ndrangheta-stragista.jpg\",\"keywords\":[\"Alessio Adornato\",\"carcere duro\",\"Giuseppe Graviano\",\"intercettazioni\",\"luigi mancuso\",\"ndrangheta stragista\",\"Rocco Santo Filippone\",\"stragi\",\"stragi continentali\"],\"articleSection\":[\"Home\",\"In primo piano\",\"News\",\"Reggio Calabria\"],\"inLanguage\":\"it-IT\"},{\"@type\":\"WebPage\",\"@id\":\"https:\/\/progettotouring.it\/radiotouring104\/2023\/03\/11\/ndrangheta-stragista-rinviata-la-sentenza-del-processo-dettagli\/\",\"url\":\"https:\/\/progettotouring.it\/radiotouring104\/2023\/03\/11\/ndrangheta-stragista-rinviata-la-sentenza-del-processo-dettagli\/\",\"name\":\"'Ndrangheta Stragista: rinviata la sentenza del processo\",\"isPartOf\":{\"@id\":\"https:\/\/progettotouring.it\/radiotouring104\/#website\"},\"primaryImageOfPage\":{\"@id\":\"https:\/\/progettotouring.it\/radiotouring104\/2023\/03\/11\/ndrangheta-stragista-rinviata-la-sentenza-del-processo-dettagli\/#primaryimage\"},\"image\":{\"@id\":\"https:\/\/progettotouring.it\/radiotouring104\/2023\/03\/11\/ndrangheta-stragista-rinviata-la-sentenza-del-processo-dettagli\/#primaryimage\"},\"thumbnailUrl\":\"https:\/\/progettotouring.it\/radiotouring104\/wp-content\/uploads\/sites\/6\/2023\/03\/ndrangheta-stragista.jpg\",\"datePublished\":\"2023-03-11T08:13:52+00:00\",\"dateModified\":\"2023-03-11T11:16:05+00:00\",\"description\":\"\u00c8 stata rinviata la sentenza del processo \\\"'Ndrangheta stragista\\\" che vede imputati il boss Giuseppe Graviano e Rocco Santo Filippone\",\"breadcrumb\":{\"@id\":\"https:\/\/progettotouring.it\/radiotouring104\/2023\/03\/11\/ndrangheta-stragista-rinviata-la-sentenza-del-processo-dettagli\/#breadcrumb\"},\"inLanguage\":\"it-IT\",\"potentialAction\":[{\"@type\":\"ReadAction\",\"target\":[\"https:\/\/progettotouring.it\/radiotouring104\/2023\/03\/11\/ndrangheta-stragista-rinviata-la-sentenza-del-processo-dettagli\/\"]}]},{\"@type\":\"ImageObject\",\"inLanguage\":\"it-IT\",\"@id\":\"https:\/\/progettotouring.it\/radiotouring104\/2023\/03\/11\/ndrangheta-stragista-rinviata-la-sentenza-del-processo-dettagli\/#primaryimage\",\"url\":\"https:\/\/progettotouring.it\/radiotouring104\/wp-content\/uploads\/sites\/6\/2023\/03\/ndrangheta-stragista.jpg\",\"contentUrl\":\"https:\/\/progettotouring.it\/radiotouring104\/wp-content\/uploads\/sites\/6\/2023\/03\/ndrangheta-stragista.jpg\",\"width\":1920,\"height\":1080},{\"@type\":\"BreadcrumbList\",\"@id\":\"https:\/\/progettotouring.it\/radiotouring104\/2023\/03\/11\/ndrangheta-stragista-rinviata-la-sentenza-del-processo-dettagli\/#breadcrumb\",\"itemListElement\":[{\"@type\":\"ListItem\",\"position\":1,\"name\":\"Home\",\"item\":\"https:\/\/progettotouring.it\/radiotouring104\/\"},{\"@type\":\"ListItem\",\"position\":2,\"name\":\"&#8216;Ndrangheta Stragista: rinviata la sentenza del processo &#8211; DETTAGLI\"}]},{\"@type\":\"WebSite\",\"@id\":\"https:\/\/progettotouring.it\/radiotouring104\/#website\",\"url\":\"https:\/\/progettotouring.it\/radiotouring104\/\",\"name\":\"Radio Touring 104\",\"description\":\"La prima radio Reggina\",\"publisher\":{\"@id\":\"https:\/\/progettotouring.it\/radiotouring104\/#organization\"},\"potentialAction\":[{\"@type\":\"SearchAction\",\"target\":{\"@type\":\"EntryPoint\",\"urlTemplate\":\"https:\/\/progettotouring.it\/radiotouring104\/?s={search_term_string}\"},\"query-input\":{\"@type\":\"PropertyValueSpecification\",\"valueRequired\":true,\"valueName\":\"search_term_string\"}}],\"inLanguage\":\"it-IT\"},{\"@type\":\"Organization\",\"@id\":\"https:\/\/progettotouring.it\/radiotouring104\/#organization\",\"name\":\"Radio Touring 104\",\"url\":\"https:\/\/progettotouring.it\/radiotouring104\/\",\"logo\":{\"@type\":\"ImageObject\",\"inLanguage\":\"it-IT\",\"@id\":\"https:\/\/progettotouring.it\/radiotouring104\/#\/schema\/logo\/image\/\",\"url\":\"https:\/\/progettotouring.it\/radiotouring104\/wp-content\/uploads\/sites\/6\/2022\/02\/cropped-logo-radio-touring-104.png\",\"contentUrl\":\"https:\/\/progettotouring.it\/radiotouring104\/wp-content\/uploads\/sites\/6\/2022\/02\/cropped-logo-radio-touring-104.png\",\"width\":377,\"height\":182,\"caption\":\"Radio Touring 104\"},\"image\":{\"@id\":\"https:\/\/progettotouring.it\/radiotouring104\/#\/schema\/logo\/image\/\"}},{\"@type\":\"Person\",\"@id\":\"https:\/\/progettotouring.it\/radiotouring104\/#\/schema\/person\/f01f189b71df20dcfc0890eea7e67a0e\",\"name\":\"Chiara Cucinotta\",\"image\":{\"@type\":\"ImageObject\",\"inLanguage\":\"it-IT\",\"@id\":\"https:\/\/secure.gravatar.com\/avatar\/efe17e5613fdef9b05741a23cd4ef4e9b1c39955d8fe11176cb1da3641c96104?s=96&d=mm&r=g\",\"url\":\"https:\/\/secure.gravatar.com\/avatar\/efe17e5613fdef9b05741a23cd4ef4e9b1c39955d8fe11176cb1da3641c96104?s=96&d=mm&r=g\",\"contentUrl\":\"https:\/\/secure.gravatar.com\/avatar\/efe17e5613fdef9b05741a23cd4ef4e9b1c39955d8fe11176cb1da3641c96104?s=96&d=mm&r=g\",\"caption\":\"Chiara Cucinotta\"},\"sameAs\":[\"https:\/\/progettotouring.it\"],\"url\":\"https:\/\/progettotouring.it\/radiotouring104\/author\/auranex\/\"}]}<\/script>\n<!-- \/ Yoast SEO plugin. -->","yoast_head_json":{"title":"'Ndrangheta Stragista: rinviata la sentenza del processo","description":"\u00c8 stata rinviata la sentenza del processo \"'Ndrangheta stragista\" che vede imputati il boss Giuseppe Graviano e Rocco Santo Filippone","robots":{"index":"index","follow":"follow","max-snippet":"max-snippet:-1","max-image-preview":"max-image-preview:large","max-video-preview":"max-video-preview:-1"},"canonical":"https:\/\/progettotouring.it\/radiotouring104\/2023\/03\/11\/ndrangheta-stragista-rinviata-la-sentenza-del-processo-dettagli\/","og_locale":"it_IT","og_type":"article","og_title":"'Ndrangheta Stragista: rinviata la sentenza del processo","og_description":"\u00c8 stata rinviata la sentenza del processo \"'Ndrangheta stragista\" che vede imputati il boss Giuseppe Graviano e Rocco Santo Filippone","og_url":"https:\/\/progettotouring.it\/radiotouring104\/2023\/03\/11\/ndrangheta-stragista-rinviata-la-sentenza-del-processo-dettagli\/","og_site_name":"Radio Touring 104","article_published_time":"2023-03-11T08:13:52+00:00","article_modified_time":"2023-03-11T11:16:05+00:00","og_image":[{"width":1920,"height":1080,"url":"https:\/\/progettotouring.it\/radiotouring104\/wp-content\/uploads\/sites\/6\/2023\/03\/ndrangheta-stragista.jpg","type":"image\/jpeg"}],"author":"Chiara Cucinotta","twitter_card":"summary_large_image","twitter_misc":{"Scritto da":"Chiara Cucinotta","Tempo di lettura stimato":"2 minuti"},"schema":{"@context":"https:\/\/schema.org","@graph":[{"@type":"Article","@id":"https:\/\/progettotouring.it\/radiotouring104\/2023\/03\/11\/ndrangheta-stragista-rinviata-la-sentenza-del-processo-dettagli\/#article","isPartOf":{"@id":"https:\/\/progettotouring.it\/radiotouring104\/2023\/03\/11\/ndrangheta-stragista-rinviata-la-sentenza-del-processo-dettagli\/"},"author":{"name":"Chiara Cucinotta","@id":"https:\/\/progettotouring.it\/radiotouring104\/#\/schema\/person\/f01f189b71df20dcfc0890eea7e67a0e"},"headline":"&#8216;Ndrangheta Stragista: rinviata la sentenza del processo &#8211; DETTAGLI","datePublished":"2023-03-11T08:13:52+00:00","dateModified":"2023-03-11T11:16:05+00:00","mainEntityOfPage":{"@id":"https:\/\/progettotouring.it\/radiotouring104\/2023\/03\/11\/ndrangheta-stragista-rinviata-la-sentenza-del-processo-dettagli\/"},"wordCount":347,"publisher":{"@id":"https:\/\/progettotouring.it\/radiotouring104\/#organization"},"image":{"@id":"https:\/\/progettotouring.it\/radiotouring104\/2023\/03\/11\/ndrangheta-stragista-rinviata-la-sentenza-del-processo-dettagli\/#primaryimage"},"thumbnailUrl":"https:\/\/progettotouring.it\/radiotouring104\/wp-content\/uploads\/sites\/6\/2023\/03\/ndrangheta-stragista.jpg","keywords":["Alessio Adornato","carcere duro","Giuseppe Graviano","intercettazioni","luigi mancuso","ndrangheta stragista","Rocco Santo Filippone","stragi","stragi continentali"],"articleSection":["Home","In primo piano","News","Reggio Calabria"],"inLanguage":"it-IT"},{"@type":"WebPage","@id":"https:\/\/progettotouring.it\/radiotouring104\/2023\/03\/11\/ndrangheta-stragista-rinviata-la-sentenza-del-processo-dettagli\/","url":"https:\/\/progettotouring.it\/radiotouring104\/2023\/03\/11\/ndrangheta-stragista-rinviata-la-sentenza-del-processo-dettagli\/","name":"'Ndrangheta Stragista: rinviata la sentenza del processo","isPartOf":{"@id":"https:\/\/progettotouring.it\/radiotouring104\/#website"},"primaryImageOfPage":{"@id":"https:\/\/progettotouring.it\/radiotouring104\/2023\/03\/11\/ndrangheta-stragista-rinviata-la-sentenza-del-processo-dettagli\/#primaryimage"},"image":{"@id":"https:\/\/progettotouring.it\/radiotouring104\/2023\/03\/11\/ndrangheta-stragista-rinviata-la-sentenza-del-processo-dettagli\/#primaryimage"},"thumbnailUrl":"https:\/\/progettotouring.it\/radiotouring104\/wp-content\/uploads\/sites\/6\/2023\/03\/ndrangheta-stragista.jpg","datePublished":"2023-03-11T08:13:52+00:00","dateModified":"2023-03-11T11:16:05+00:00","description":"\u00c8 stata rinviata la sentenza del processo \"'Ndrangheta stragista\" che vede imputati il boss Giuseppe Graviano e Rocco Santo Filippone","breadcrumb":{"@id":"https:\/\/progettotouring.it\/radiotouring104\/2023\/03\/11\/ndrangheta-stragista-rinviata-la-sentenza-del-processo-dettagli\/#breadcrumb"},"inLanguage":"it-IT","potentialAction":[{"@type":"ReadAction","target":["https:\/\/progettotouring.it\/radiotouring104\/2023\/03\/11\/ndrangheta-stragista-rinviata-la-sentenza-del-processo-dettagli\/"]}]},{"@type":"ImageObject","inLanguage":"it-IT","@id":"https:\/\/progettotouring.it\/radiotouring104\/2023\/03\/11\/ndrangheta-stragista-rinviata-la-sentenza-del-processo-dettagli\/#primaryimage","url":"https:\/\/progettotouring.it\/radiotouring104\/wp-content\/uploads\/sites\/6\/2023\/03\/ndrangheta-stragista.jpg","contentUrl":"https:\/\/progettotouring.it\/radiotouring104\/wp-content\/uploads\/sites\/6\/2023\/03\/ndrangheta-stragista.jpg","width":1920,"height":1080},{"@type":"BreadcrumbList","@id":"https:\/\/progettotouring.it\/radiotouring104\/2023\/03\/11\/ndrangheta-stragista-rinviata-la-sentenza-del-processo-dettagli\/#breadcrumb","itemListElement":[{"@type":"ListItem","position":1,"name":"Home","item":"https:\/\/progettotouring.it\/radiotouring104\/"},{"@type":"ListItem","position":2,"name":"&#8216;Ndrangheta Stragista: rinviata la sentenza del processo &#8211; DETTAGLI"}]},{"@type":"WebSite","@id":"https:\/\/progettotouring.it\/radiotouring104\/#website","url":"https:\/\/progettotouring.it\/radiotouring104\/","name":"Radio Touring 104","description":"La prima radio Reggina","publisher":{"@id":"https:\/\/progettotouring.it\/radiotouring104\/#organization"},"potentialAction":[{"@type":"SearchAction","target":{"@type":"EntryPoint","urlTemplate":"https:\/\/progettotouring.it\/radiotouring104\/?s={search_term_string}"},"query-input":{"@type":"PropertyValueSpecification","valueRequired":true,"valueName":"search_term_string"}}],"inLanguage":"it-IT"},{"@type":"Organization","@id":"https:\/\/progettotouring.it\/radiotouring104\/#organization","name":"Radio Touring 104","url":"https:\/\/progettotouring.it\/radiotouring104\/","logo":{"@type":"ImageObject","inLanguage":"it-IT","@id":"https:\/\/progettotouring.it\/radiotouring104\/#\/schema\/logo\/image\/","url":"https:\/\/progettotouring.it\/radiotouring104\/wp-content\/uploads\/sites\/6\/2022\/02\/cropped-logo-radio-touring-104.png","contentUrl":"https:\/\/progettotouring.it\/radiotouring104\/wp-content\/uploads\/sites\/6\/2022\/02\/cropped-logo-radio-touring-104.png","width":377,"height":182,"caption":"Radio Touring 104"},"image":{"@id":"https:\/\/progettotouring.it\/radiotouring104\/#\/schema\/logo\/image\/"}},{"@type":"Person","@id":"https:\/\/progettotouring.it\/radiotouring104\/#\/schema\/person\/f01f189b71df20dcfc0890eea7e67a0e","name":"Chiara Cucinotta","image":{"@type":"ImageObject","inLanguage":"it-IT","@id":"https:\/\/secure.gravatar.com\/avatar\/efe17e5613fdef9b05741a23cd4ef4e9b1c39955d8fe11176cb1da3641c96104?s=96&d=mm&r=g","url":"https:\/\/secure.gravatar.com\/avatar\/efe17e5613fdef9b05741a23cd4ef4e9b1c39955d8fe11176cb1da3641c96104?s=96&d=mm&r=g","contentUrl":"https:\/\/secure.gravatar.com\/avatar\/efe17e5613fdef9b05741a23cd4ef4e9b1c39955d8fe11176cb1da3641c96104?s=96&d=mm&r=g","caption":"Chiara Cucinotta"},"sameAs":["https:\/\/progettotouring.it"],"url":"https:\/\/progettotouring.it\/radiotouring104\/author\/auranex\/"}]}},"jetpack_publicize_connections":[],"jetpack_featured_media_url":"https:\/\/progettotouring.it\/radiotouring104\/wp-content\/uploads\/sites\/6\/2023\/03\/ndrangheta-stragista.jpg","jetpack_sharing_enabled":true,"_links":{"self":[{"href":"https:\/\/progettotouring.it\/radiotouring104\/wp-json\/wp\/v2\/posts\/20681","targetHints":{"allow":["GET"]}}],"collection":[{"href":"https:\/\/progettotouring.it\/radiotouring104\/wp-json\/wp\/v2\/posts"}],"about":[{"href":"https:\/\/progettotouring.it\/radiotouring104\/wp-json\/wp\/v2\/types\/post"}],"author":[{"embeddable":true,"href":"https:\/\/progettotouring.it\/radiotouring104\/wp-json\/wp\/v2\/users\/1"}],"replies":[{"embeddable":true,"href":"https:\/\/progettotouring.it\/radiotouring104\/wp-json\/wp\/v2\/comments?post=20681"}],"version-history":[{"count":2,"href":"https:\/\/progettotouring.it\/radiotouring104\/wp-json\/wp\/v2\/posts\/20681\/revisions"}],"predecessor-version":[{"id":20688,"href":"https:\/\/progettotouring.it\/radiotouring104\/wp-json\/wp\/v2\/posts\/20681\/revisions\/20688"}],"wp:featuredmedia":[{"embeddable":true,"href":"https:\/\/progettotouring.it\/radiotouring104\/wp-json\/wp\/v2\/media\/20019"}],"wp:attachment":[{"href":"https:\/\/progettotouring.it\/radiotouring104\/wp-json\/wp\/v2\/media?parent=20681"}],"wp:term":[{"taxonomy":"category","embeddable":true,"href":"https:\/\/progettotouring.it\/radiotouring104\/wp-json\/wp\/v2\/categories?post=20681"},{"taxonomy":"post_tag","embeddable":true,"href":"https:\/\/progettotouring.it\/radiotouring104\/wp-json\/wp\/v2\/tags?post=20681"}],"curies":[{"name":"wp","href":"https:\/\/api.w.org\/{rel}","templated":true}]}}