{"id":20704,"date":"2023-03-13T09:51:38","date_gmt":"2023-03-13T08:51:38","guid":{"rendered":"https:\/\/progettotouring.it\/radiotouring104\/?p=20704"},"modified":"2023-03-13T09:51:38","modified_gmt":"2023-03-13T08:51:38","slug":"paola-sit-in-del-comitato-popolare-per-la-difesa-della-salute","status":"publish","type":"post","link":"https:\/\/progettotouring.it\/radiotouring104\/2023\/03\/13\/paola-sit-in-del-comitato-popolare-per-la-difesa-della-salute\/","title":{"rendered":"Paola: sit in del Comitato Popolare per la difesa della Salute"},"content":{"rendered":"<p>Riceviamo e pubblichiamo:<\/p>\n<p>&nbsp;<\/p>\n<p>&#8220;Uniti. Senza divisioni e con passione, per l&#8217;emodinamica pubblica e per il rilancio della sanit\u00e0 sul Tirreno Cosentino.<br \/>\nAbbiamo da poco concluso una manifestazione pubblica &#8211; promossa dal nostro comitato popolare &#8211; alla quale ha partecipato la cittadinanza attiva, libera e volenterosa. Nonostante la pioggia battente il piazzale antistante l&#8217;ingresso dell&#8217;Ospedale San Francesco di Paola era gremito in ogni posto.<br \/>\nRingraziamo quanti hanno partecipato, quanti hanno aderito e firmato la nostra proposta apolitica.<br \/>\nTra gli artefici di questo sit-in, Graziano Di Natale, da sempre impegnato nella tutela del diritto alla salute e firmatario della Mozione N.61 per l&#8217;istituzione di un Laboratorio di Emodinamica sul Tirreno Cosentino. Presenti inoltre anche il sindaco di Paola, Giovanni Politano, gli assessori Barbara Sciammarella e Francesca Sbano, il capogruppo di Maggioranza, Marco Minervino, il consigliere Renato Vilardi, il coordinatore de &#8220;La Migliore Calabria&#8221; sez. Di Paola, Aldo Maria Cupello, amministratori ed autorit\u00e0 provenienti da tutto il Tirreno Cosentino e anche una folta rappresentanza del personale Sanitario del presidio Paolano, il sindaco UIL-FPL nella persona di Luigi Adele e Robertino Serpa.<br \/>\nConclusa la manifestazione occorre fare delle precisazioni.<br \/>\nIl servizio di emodinamica all&#8217;ospedale di Paola, grazie all&#8217;impegno dell&#8217;allora consigliere regionale, Graziano Di Natale, era diventato realt\u00e0.<br \/>\nPurtroppo, una serie di situazioni poco chiare (e la sua mancata rielezione?) hanno comportato la sua insensata sospensione. Uno smacco per la sanit\u00e0 pubblica, il tutto in favore di interessi privati.<br \/>\nPerch\u00e8 privare i cittadini di un diritto sacrosanto? L&#8217;immobilismo della Regione Calabria \u00e8 cessato solo grazie alla nostra dinamicit\u00e0, alla sapiente azione politica portata avanti da Graziano Di Natale e da &#8220;La Migliore Calabria&#8221;.<br \/>\nLa manifestazione odierna \u00e8 alimentata da sentimenti che nulla hanno a che fare con la bagarre politica, ma deve far riflettere &#8211; inevitabilmente &#8211; chi ha potere decisionale ma, anche, chi si affanna a rincorrere le battaglie apolitiche del nostro comitato, formatosi di recente, ma da anni impegnato in prima linea per l&#8217;ospedale di Paola. Sulla sanit\u00e0 non esiste colore politico.<br \/>\nPer questo motivo abbiamo manifestato indossando una T-Shirt bianca. #IoPartecipo \u00e8 stato lo slogan che ci ha accompagnato in questi giorni, ed \u00e8 riuscito nell&#8217;intento di risvegliare le coscienze.<br \/>\nLa partecipazione c&#8217;\u00e8 stata. L&#8217;obiettivo \u00e8 ormai noto. Chiediamo la riapertura del servizio di emodinamica all&#8217;ospedale di Paola.<br \/>\nSia ben chiaro, siamo disponibili a colloquiare e a partecipare a tavoli tecnici ed istituzionali ma non siamo disposti a fare passi indietro. I cittadini prima di tutto, soprattutto dei vostri equilibri politici&#8221;.<\/p>\n<p>\u00c8 quanto afferma il Comitato Popolare per la difesa del diritto alla salute pubblica a seguito della manifestazione tenutasi all&#8217;ospedale di Paola in data 11\/03\/2023.<\/p>\n","protected":false},"excerpt":{"rendered":"<p>Riceviamo e pubblichiamo: &nbsp; &#8220;Uniti. Senza divisioni e con passione, per l&#8217;emodinamica pubblica e per il rilancio della sanit\u00e0 sul Tirreno Cosentino. Abbiamo da poco concluso una manifestazione pubblica &#8211;&hellip;<\/p>\n","protected":false},"author":13,"featured_media":20705,"comment_status":"closed","ping_status":"open","sticky":false,"template":"","format":"standard","meta":{"_jetpack_memberships_contains_paid_content":false,"footnotes":"","jetpack_publicize_message":"","jetpack_publicize_feature_enabled":true,"jetpack_social_post_already_shared":false,"jetpack_social_options":{"image_generator_settings":{"template":"highway","default_image_id":0,"font":"","enabled":false},"version":2}},"categories":[142,921,196],"tags":[10963,11162,7324,11331,11332],"class_list":["post-20704","post","type-post","status-publish","format-standard","has-post-thumbnail","hentry","category-calabria","category-home","category-news","tag-ospedale-san-francesco-di-paola","tag-comitato-popolare-per-la-difesa-del-diritto-alla-salute","tag-graziano-di-natale","tag-protesta-cittadina-paola","tag-reparto-di-emodinamica"],"yoast_head":"<!-- This site is optimized with the Yoast SEO plugin v27.2 - https:\/\/yoast.com\/product\/yoast-seo-wordpress\/ -->\n<title>Paola: sit in del Comitato Popolare per la difesa della Salute<\/title>\n<meta name=\"description\" content=\"I manifestanti rivendicano il servizio di emodinamica sospeso denunciando l&#039;immobilismo della sanit\u00e0 calabrese\" \/>\n<meta name=\"robots\" content=\"index, follow, max-snippet:-1, max-image-preview:large, max-video-preview:-1\" \/>\n<link rel=\"canonical\" href=\"https:\/\/progettotouring.it\/radiotouring104\/2023\/03\/13\/paola-sit-in-del-comitato-popolare-per-la-difesa-della-salute\/\" \/>\n<meta property=\"og:locale\" content=\"it_IT\" \/>\n<meta property=\"og:type\" content=\"article\" \/>\n<meta property=\"og:title\" content=\"Paola: sit in del Comitato Popolare per la difesa della Salute\" \/>\n<meta property=\"og:description\" content=\"I manifestanti rivendicano il servizio di emodinamica sospeso denunciando l&#039;immobilismo della sanit\u00e0 calabrese\" \/>\n<meta property=\"og:url\" content=\"https:\/\/progettotouring.it\/radiotouring104\/2023\/03\/13\/paola-sit-in-del-comitato-popolare-per-la-difesa-della-salute\/\" \/>\n<meta property=\"og:site_name\" content=\"Radio Touring 104\" \/>\n<meta property=\"article:published_time\" content=\"2023-03-13T08:51:38+00:00\" \/>\n<meta property=\"og:image\" content=\"https:\/\/progettotouring.it\/radiotouring104\/wp-content\/uploads\/sites\/6\/2023\/03\/OspedaleSanFrancescodiPaola.jpg\" \/>\n\t<meta property=\"og:image:width\" content=\"1200\" \/>\n\t<meta property=\"og:image:height\" content=\"630\" \/>\n\t<meta property=\"og:image:type\" content=\"image\/jpeg\" \/>\n<meta name=\"author\" content=\"Helena Pedone\" \/>\n<meta name=\"twitter:card\" content=\"summary_large_image\" \/>\n<meta name=\"twitter:label1\" content=\"Scritto da\" \/>\n\t<meta name=\"twitter:data1\" content=\"Helena Pedone\" \/>\n\t<meta name=\"twitter:label2\" content=\"Tempo di lettura stimato\" \/>\n\t<meta name=\"twitter:data2\" content=\"2 minuti\" \/>\n<script type=\"application\/ld+json\" class=\"yoast-schema-graph\">{\"@context\":\"https:\/\/schema.org\",\"@graph\":[{\"@type\":\"Article\",\"@id\":\"https:\/\/progettotouring.it\/radiotouring104\/2023\/03\/13\/paola-sit-in-del-comitato-popolare-per-la-difesa-della-salute\/#article\",\"isPartOf\":{\"@id\":\"https:\/\/progettotouring.it\/radiotouring104\/2023\/03\/13\/paola-sit-in-del-comitato-popolare-per-la-difesa-della-salute\/\"},\"author\":{\"name\":\"Helena Pedone\",\"@id\":\"https:\/\/progettotouring.it\/radiotouring104\/#\/schema\/person\/8458ed437f4094f881aab8e4cc572684\"},\"headline\":\"Paola: sit in del Comitato Popolare per la difesa della Salute\",\"datePublished\":\"2023-03-13T08:51:38+00:00\",\"mainEntityOfPage\":{\"@id\":\"https:\/\/progettotouring.it\/radiotouring104\/2023\/03\/13\/paola-sit-in-del-comitato-popolare-per-la-difesa-della-salute\/\"},\"wordCount\":439,\"publisher\":{\"@id\":\"https:\/\/progettotouring.it\/radiotouring104\/#organization\"},\"image\":{\"@id\":\"https:\/\/progettotouring.it\/radiotouring104\/2023\/03\/13\/paola-sit-in-del-comitato-popolare-per-la-difesa-della-salute\/#primaryimage\"},\"thumbnailUrl\":\"https:\/\/progettotouring.it\/radiotouring104\/wp-content\/uploads\/sites\/6\/2023\/03\/OspedaleSanFrancescodiPaola.jpg\",\"keywords\":[\"\u2019Ospedale San Francesco di Paola\",\"Comitato Popolare per la Difesa del Diritto alla Salute\",\"Graziano Di Natale\",\"Protesta cittadina Paola\",\"Reparto di Emodinamica\"],\"articleSection\":[\"Calabria\",\"Home\",\"News\"],\"inLanguage\":\"it-IT\"},{\"@type\":\"WebPage\",\"@id\":\"https:\/\/progettotouring.it\/radiotouring104\/2023\/03\/13\/paola-sit-in-del-comitato-popolare-per-la-difesa-della-salute\/\",\"url\":\"https:\/\/progettotouring.it\/radiotouring104\/2023\/03\/13\/paola-sit-in-del-comitato-popolare-per-la-difesa-della-salute\/\",\"name\":\"Paola: sit in del Comitato Popolare per la difesa della Salute\",\"isPartOf\":{\"@id\":\"https:\/\/progettotouring.it\/radiotouring104\/#website\"},\"primaryImageOfPage\":{\"@id\":\"https:\/\/progettotouring.it\/radiotouring104\/2023\/03\/13\/paola-sit-in-del-comitato-popolare-per-la-difesa-della-salute\/#primaryimage\"},\"image\":{\"@id\":\"https:\/\/progettotouring.it\/radiotouring104\/2023\/03\/13\/paola-sit-in-del-comitato-popolare-per-la-difesa-della-salute\/#primaryimage\"},\"thumbnailUrl\":\"https:\/\/progettotouring.it\/radiotouring104\/wp-content\/uploads\/sites\/6\/2023\/03\/OspedaleSanFrancescodiPaola.jpg\",\"datePublished\":\"2023-03-13T08:51:38+00:00\",\"description\":\"I manifestanti rivendicano il servizio di emodinamica sospeso denunciando l'immobilismo della sanit\u00e0 calabrese\",\"breadcrumb\":{\"@id\":\"https:\/\/progettotouring.it\/radiotouring104\/2023\/03\/13\/paola-sit-in-del-comitato-popolare-per-la-difesa-della-salute\/#breadcrumb\"},\"inLanguage\":\"it-IT\",\"potentialAction\":[{\"@type\":\"ReadAction\",\"target\":[\"https:\/\/progettotouring.it\/radiotouring104\/2023\/03\/13\/paola-sit-in-del-comitato-popolare-per-la-difesa-della-salute\/\"]}]},{\"@type\":\"ImageObject\",\"inLanguage\":\"it-IT\",\"@id\":\"https:\/\/progettotouring.it\/radiotouring104\/2023\/03\/13\/paola-sit-in-del-comitato-popolare-per-la-difesa-della-salute\/#primaryimage\",\"url\":\"https:\/\/progettotouring.it\/radiotouring104\/wp-content\/uploads\/sites\/6\/2023\/03\/OspedaleSanFrancescodiPaola.jpg\",\"contentUrl\":\"https:\/\/progettotouring.it\/radiotouring104\/wp-content\/uploads\/sites\/6\/2023\/03\/OspedaleSanFrancescodiPaola.jpg\",\"width\":1200,\"height\":630},{\"@type\":\"BreadcrumbList\",\"@id\":\"https:\/\/progettotouring.it\/radiotouring104\/2023\/03\/13\/paola-sit-in-del-comitato-popolare-per-la-difesa-della-salute\/#breadcrumb\",\"itemListElement\":[{\"@type\":\"ListItem\",\"position\":1,\"name\":\"Home\",\"item\":\"https:\/\/progettotouring.it\/radiotouring104\/\"},{\"@type\":\"ListItem\",\"position\":2,\"name\":\"Paola: sit in del Comitato Popolare per la difesa della Salute\"}]},{\"@type\":\"WebSite\",\"@id\":\"https:\/\/progettotouring.it\/radiotouring104\/#website\",\"url\":\"https:\/\/progettotouring.it\/radiotouring104\/\",\"name\":\"Radio Touring 104\",\"description\":\"La prima radio Reggina\",\"publisher\":{\"@id\":\"https:\/\/progettotouring.it\/radiotouring104\/#organization\"},\"potentialAction\":[{\"@type\":\"SearchAction\",\"target\":{\"@type\":\"EntryPoint\",\"urlTemplate\":\"https:\/\/progettotouring.it\/radiotouring104\/?s={search_term_string}\"},\"query-input\":{\"@type\":\"PropertyValueSpecification\",\"valueRequired\":true,\"valueName\":\"search_term_string\"}}],\"inLanguage\":\"it-IT\"},{\"@type\":\"Organization\",\"@id\":\"https:\/\/progettotouring.it\/radiotouring104\/#organization\",\"name\":\"Radio Touring 104\",\"url\":\"https:\/\/progettotouring.it\/radiotouring104\/\",\"logo\":{\"@type\":\"ImageObject\",\"inLanguage\":\"it-IT\",\"@id\":\"https:\/\/progettotouring.it\/radiotouring104\/#\/schema\/logo\/image\/\",\"url\":\"https:\/\/progettotouring.it\/radiotouring104\/wp-content\/uploads\/sites\/6\/2022\/02\/cropped-logo-radio-touring-104.png\",\"contentUrl\":\"https:\/\/progettotouring.it\/radiotouring104\/wp-content\/uploads\/sites\/6\/2022\/02\/cropped-logo-radio-touring-104.png\",\"width\":377,\"height\":182,\"caption\":\"Radio Touring 104\"},\"image\":{\"@id\":\"https:\/\/progettotouring.it\/radiotouring104\/#\/schema\/logo\/image\/\"}},{\"@type\":\"Person\",\"@id\":\"https:\/\/progettotouring.it\/radiotouring104\/#\/schema\/person\/8458ed437f4094f881aab8e4cc572684\",\"name\":\"Helena Pedone\",\"image\":{\"@type\":\"ImageObject\",\"inLanguage\":\"it-IT\",\"@id\":\"https:\/\/secure.gravatar.com\/avatar\/95a63adf316f90175b68113b4b895a96641be06395ffeef88fea6178b30027d9?s=96&d=mm&r=g\",\"url\":\"https:\/\/secure.gravatar.com\/avatar\/95a63adf316f90175b68113b4b895a96641be06395ffeef88fea6178b30027d9?s=96&d=mm&r=g\",\"contentUrl\":\"https:\/\/secure.gravatar.com\/avatar\/95a63adf316f90175b68113b4b895a96641be06395ffeef88fea6178b30027d9?s=96&d=mm&r=g\",\"caption\":\"Helena Pedone\"},\"url\":\"https:\/\/progettotouring.it\/radiotouring104\/author\/helena\/\"}]}<\/script>\n<!-- \/ Yoast SEO plugin. -->","yoast_head_json":{"title":"Paola: sit in del Comitato Popolare per la difesa della Salute","description":"I manifestanti rivendicano il servizio di emodinamica sospeso denunciando l'immobilismo della sanit\u00e0 calabrese","robots":{"index":"index","follow":"follow","max-snippet":"max-snippet:-1","max-image-preview":"max-image-preview:large","max-video-preview":"max-video-preview:-1"},"canonical":"https:\/\/progettotouring.it\/radiotouring104\/2023\/03\/13\/paola-sit-in-del-comitato-popolare-per-la-difesa-della-salute\/","og_locale":"it_IT","og_type":"article","og_title":"Paola: sit in del Comitato Popolare per la difesa della Salute","og_description":"I manifestanti rivendicano il servizio di emodinamica sospeso denunciando l'immobilismo della sanit\u00e0 calabrese","og_url":"https:\/\/progettotouring.it\/radiotouring104\/2023\/03\/13\/paola-sit-in-del-comitato-popolare-per-la-difesa-della-salute\/","og_site_name":"Radio Touring 104","article_published_time":"2023-03-13T08:51:38+00:00","og_image":[{"width":1200,"height":630,"url":"https:\/\/progettotouring.it\/radiotouring104\/wp-content\/uploads\/sites\/6\/2023\/03\/OspedaleSanFrancescodiPaola.jpg","type":"image\/jpeg"}],"author":"Helena Pedone","twitter_card":"summary_large_image","twitter_misc":{"Scritto da":"Helena Pedone","Tempo di lettura stimato":"2 minuti"},"schema":{"@context":"https:\/\/schema.org","@graph":[{"@type":"Article","@id":"https:\/\/progettotouring.it\/radiotouring104\/2023\/03\/13\/paola-sit-in-del-comitato-popolare-per-la-difesa-della-salute\/#article","isPartOf":{"@id":"https:\/\/progettotouring.it\/radiotouring104\/2023\/03\/13\/paola-sit-in-del-comitato-popolare-per-la-difesa-della-salute\/"},"author":{"name":"Helena Pedone","@id":"https:\/\/progettotouring.it\/radiotouring104\/#\/schema\/person\/8458ed437f4094f881aab8e4cc572684"},"headline":"Paola: sit in del Comitato Popolare per la difesa della Salute","datePublished":"2023-03-13T08:51:38+00:00","mainEntityOfPage":{"@id":"https:\/\/progettotouring.it\/radiotouring104\/2023\/03\/13\/paola-sit-in-del-comitato-popolare-per-la-difesa-della-salute\/"},"wordCount":439,"publisher":{"@id":"https:\/\/progettotouring.it\/radiotouring104\/#organization"},"image":{"@id":"https:\/\/progettotouring.it\/radiotouring104\/2023\/03\/13\/paola-sit-in-del-comitato-popolare-per-la-difesa-della-salute\/#primaryimage"},"thumbnailUrl":"https:\/\/progettotouring.it\/radiotouring104\/wp-content\/uploads\/sites\/6\/2023\/03\/OspedaleSanFrancescodiPaola.jpg","keywords":["\u2019Ospedale San Francesco di Paola","Comitato Popolare per la Difesa del Diritto alla Salute","Graziano Di Natale","Protesta cittadina Paola","Reparto di Emodinamica"],"articleSection":["Calabria","Home","News"],"inLanguage":"it-IT"},{"@type":"WebPage","@id":"https:\/\/progettotouring.it\/radiotouring104\/2023\/03\/13\/paola-sit-in-del-comitato-popolare-per-la-difesa-della-salute\/","url":"https:\/\/progettotouring.it\/radiotouring104\/2023\/03\/13\/paola-sit-in-del-comitato-popolare-per-la-difesa-della-salute\/","name":"Paola: sit in del Comitato Popolare per la difesa della Salute","isPartOf":{"@id":"https:\/\/progettotouring.it\/radiotouring104\/#website"},"primaryImageOfPage":{"@id":"https:\/\/progettotouring.it\/radiotouring104\/2023\/03\/13\/paola-sit-in-del-comitato-popolare-per-la-difesa-della-salute\/#primaryimage"},"image":{"@id":"https:\/\/progettotouring.it\/radiotouring104\/2023\/03\/13\/paola-sit-in-del-comitato-popolare-per-la-difesa-della-salute\/#primaryimage"},"thumbnailUrl":"https:\/\/progettotouring.it\/radiotouring104\/wp-content\/uploads\/sites\/6\/2023\/03\/OspedaleSanFrancescodiPaola.jpg","datePublished":"2023-03-13T08:51:38+00:00","description":"I manifestanti rivendicano il servizio di emodinamica sospeso denunciando l'immobilismo della sanit\u00e0 calabrese","breadcrumb":{"@id":"https:\/\/progettotouring.it\/radiotouring104\/2023\/03\/13\/paola-sit-in-del-comitato-popolare-per-la-difesa-della-salute\/#breadcrumb"},"inLanguage":"it-IT","potentialAction":[{"@type":"ReadAction","target":["https:\/\/progettotouring.it\/radiotouring104\/2023\/03\/13\/paola-sit-in-del-comitato-popolare-per-la-difesa-della-salute\/"]}]},{"@type":"ImageObject","inLanguage":"it-IT","@id":"https:\/\/progettotouring.it\/radiotouring104\/2023\/03\/13\/paola-sit-in-del-comitato-popolare-per-la-difesa-della-salute\/#primaryimage","url":"https:\/\/progettotouring.it\/radiotouring104\/wp-content\/uploads\/sites\/6\/2023\/03\/OspedaleSanFrancescodiPaola.jpg","contentUrl":"https:\/\/progettotouring.it\/radiotouring104\/wp-content\/uploads\/sites\/6\/2023\/03\/OspedaleSanFrancescodiPaola.jpg","width":1200,"height":630},{"@type":"BreadcrumbList","@id":"https:\/\/progettotouring.it\/radiotouring104\/2023\/03\/13\/paola-sit-in-del-comitato-popolare-per-la-difesa-della-salute\/#breadcrumb","itemListElement":[{"@type":"ListItem","position":1,"name":"Home","item":"https:\/\/progettotouring.it\/radiotouring104\/"},{"@type":"ListItem","position":2,"name":"Paola: sit in del Comitato Popolare per la difesa della Salute"}]},{"@type":"WebSite","@id":"https:\/\/progettotouring.it\/radiotouring104\/#website","url":"https:\/\/progettotouring.it\/radiotouring104\/","name":"Radio Touring 104","description":"La prima radio Reggina","publisher":{"@id":"https:\/\/progettotouring.it\/radiotouring104\/#organization"},"potentialAction":[{"@type":"SearchAction","target":{"@type":"EntryPoint","urlTemplate":"https:\/\/progettotouring.it\/radiotouring104\/?s={search_term_string}"},"query-input":{"@type":"PropertyValueSpecification","valueRequired":true,"valueName":"search_term_string"}}],"inLanguage":"it-IT"},{"@type":"Organization","@id":"https:\/\/progettotouring.it\/radiotouring104\/#organization","name":"Radio Touring 104","url":"https:\/\/progettotouring.it\/radiotouring104\/","logo":{"@type":"ImageObject","inLanguage":"it-IT","@id":"https:\/\/progettotouring.it\/radiotouring104\/#\/schema\/logo\/image\/","url":"https:\/\/progettotouring.it\/radiotouring104\/wp-content\/uploads\/sites\/6\/2022\/02\/cropped-logo-radio-touring-104.png","contentUrl":"https:\/\/progettotouring.it\/radiotouring104\/wp-content\/uploads\/sites\/6\/2022\/02\/cropped-logo-radio-touring-104.png","width":377,"height":182,"caption":"Radio Touring 104"},"image":{"@id":"https:\/\/progettotouring.it\/radiotouring104\/#\/schema\/logo\/image\/"}},{"@type":"Person","@id":"https:\/\/progettotouring.it\/radiotouring104\/#\/schema\/person\/8458ed437f4094f881aab8e4cc572684","name":"Helena Pedone","image":{"@type":"ImageObject","inLanguage":"it-IT","@id":"https:\/\/secure.gravatar.com\/avatar\/95a63adf316f90175b68113b4b895a96641be06395ffeef88fea6178b30027d9?s=96&d=mm&r=g","url":"https:\/\/secure.gravatar.com\/avatar\/95a63adf316f90175b68113b4b895a96641be06395ffeef88fea6178b30027d9?s=96&d=mm&r=g","contentUrl":"https:\/\/secure.gravatar.com\/avatar\/95a63adf316f90175b68113b4b895a96641be06395ffeef88fea6178b30027d9?s=96&d=mm&r=g","caption":"Helena Pedone"},"url":"https:\/\/progettotouring.it\/radiotouring104\/author\/helena\/"}]}},"jetpack_publicize_connections":[],"jetpack_featured_media_url":"https:\/\/progettotouring.it\/radiotouring104\/wp-content\/uploads\/sites\/6\/2023\/03\/OspedaleSanFrancescodiPaola.jpg","jetpack_sharing_enabled":true,"_links":{"self":[{"href":"https:\/\/progettotouring.it\/radiotouring104\/wp-json\/wp\/v2\/posts\/20704","targetHints":{"allow":["GET"]}}],"collection":[{"href":"https:\/\/progettotouring.it\/radiotouring104\/wp-json\/wp\/v2\/posts"}],"about":[{"href":"https:\/\/progettotouring.it\/radiotouring104\/wp-json\/wp\/v2\/types\/post"}],"author":[{"embeddable":true,"href":"https:\/\/progettotouring.it\/radiotouring104\/wp-json\/wp\/v2\/users\/13"}],"replies":[{"embeddable":true,"href":"https:\/\/progettotouring.it\/radiotouring104\/wp-json\/wp\/v2\/comments?post=20704"}],"version-history":[{"count":1,"href":"https:\/\/progettotouring.it\/radiotouring104\/wp-json\/wp\/v2\/posts\/20704\/revisions"}],"predecessor-version":[{"id":20709,"href":"https:\/\/progettotouring.it\/radiotouring104\/wp-json\/wp\/v2\/posts\/20704\/revisions\/20709"}],"wp:featuredmedia":[{"embeddable":true,"href":"https:\/\/progettotouring.it\/radiotouring104\/wp-json\/wp\/v2\/media\/20705"}],"wp:attachment":[{"href":"https:\/\/progettotouring.it\/radiotouring104\/wp-json\/wp\/v2\/media?parent=20704"}],"wp:term":[{"taxonomy":"category","embeddable":true,"href":"https:\/\/progettotouring.it\/radiotouring104\/wp-json\/wp\/v2\/categories?post=20704"},{"taxonomy":"post_tag","embeddable":true,"href":"https:\/\/progettotouring.it\/radiotouring104\/wp-json\/wp\/v2\/tags?post=20704"}],"curies":[{"name":"wp","href":"https:\/\/api.w.org\/{rel}","templated":true}]}}