{"id":20708,"date":"2023-03-13T09:59:08","date_gmt":"2023-03-13T08:59:08","guid":{"rendered":"https:\/\/progettotouring.it\/radiotouring104\/?p=20708"},"modified":"2023-03-13T13:09:37","modified_gmt":"2023-03-13T12:09:37","slug":"club-unesco-svolto-incontro-su-forme-di-sfruttamento-del-lavoro","status":"publish","type":"post","link":"https:\/\/progettotouring.it\/radiotouring104\/2023\/03\/13\/club-unesco-svolto-incontro-su-forme-di-sfruttamento-del-lavoro\/","title":{"rendered":"Club Unesco, svolto incontro su forme di sfruttamento del lavoro"},"content":{"rendered":"<p>La Giornata Internazionale della Donna \u00e8 stata l\u2019occasione per affrontare il tema, quanto mai attuale e cogente, dello sfruttamento delle lavoratrici e dei lavoratori, a partire dal caporalato, per arrivare alle forme pi\u00f9 attuali e moderne. L\u2019evento, organizzato al Liceo artistico \u201cColao\u201d di Vibo Valentia, dal Club per l\u2019UNESCO guidato da Maria Loscr\u00ec e dall\u2019APS MedExperience, in collaborazione con l\u2019Associazione Artemisia Gentileschi di Tortora, presidente Diletta Aurora Della Rocca, ha trovato da subito il pieno sostegno del Dirigente dell\u2019istituzione scolastica, Raffaele Suppa, e del suo collaboratore, Giancarlo Staropoli.<\/p>\n<p>L\u2019appuntamento, inserito nel piano delle attivit\u00e0 previste per la terza edizione del Premio Shahrazad, ha visto la presenza di studiosi ed esperti della tematica, i quali hanno intrattenuto, non solo gli studenti e gli ospiti presenti in aula magna, per la mattinata, ma anche i ragazzi e l\u2019uditorio coinvolti grazie alla diretta streaming. I saluti iniziali, affidati al Dirigente scolastico, Raffele Suppa, sono stati incentrati sul significato che l\u20198 marzo deve avere ogni giorno dell\u2019anno, in qualsiasi momento della vita delle persone, indipendentemente dalla giornata specifica dedicata alla donna. L\u2019auspicio del capo di istituto \u00e8 che il livello delle competenze, sempre pi\u00f9 alto, anche delle studentesse, possa consentire loro di conquistare i vertici di enti e aziende. Sulla stessa lunghezza d\u2019onda la presidente del Club per l\u2019UNESCO di Vibo Valentia, Maria Loscr\u00ec, la quale ha incentrato il proprio intervento inziale sull\u2019impegno, profuso dall\u2019UNESCO a livello mondiale e poi, territoriale, in merito all&#8217;importanza che l&#8217;Educazione riveste nel raggiungimento degli obiettivi dell\u2019Agenda 2030 fra i quali, il goal n. 4 (garantire un\u2019educazione di qualit\u00e0, inclusiva ed equa) e il n. 5 (uguaglianza di genere). Diletta Aurora Della Rocca, intervenuta per l\u2019associazione Artemisia Gentileschi, con sede a Tortora, ha salutato i presenti richiamando l\u2019attenzione sul concetto di violenza che colpisce e ferisce l\u2019umanit\u00e0, ledendone i diritti fondamentali, sempre e comunque ma che, perpetrata contro le donne, sta assumendo il volto di una vera e propria piaga sociale.<\/p>\n<p>Giap Parini, sociologo e docente Unical, direttore del Dipartimento di Scienze e Politiche sociali dell\u2019Universit\u00e0 di Cosenza, nel ricordare le vittime di Cutro, all\u2019apertura del proprio intervento, ha sottolineato l\u2019esigenza che venga restituita alla realt\u00e0, la terza dimensione, oltre alle due attraverso la quale tradizionalmente la percepiamo. Anche la disamina compiuta specificamente sul tema della giornata, il caporalato e le moderne forme di sfruttamento di lavoratrici e lavoratori, ripercorrendo in modo magistrale cinque secoli di storia, ha dato ai partecipanti l\u2019esatta cognizione di una condizione geo-politica, storica, culturale ed economica della nostra Regione all\u2019interno della quale le donne sono state ora \u201cfemmine a perdere\u201d, ora \u201cpersone assoggettate e complici del sistema\u201d nel quale ultimo la \u2018ndrangheta, con l\u2019arrivo dei fondi europei, si \u00e8 inserita ben presto. Cambia il contesto con l\u2019arrivo delle donne e degli uomini magrebini e le rivolte delle bidonvilles in versione calabrese (Rosarno in prima linea), ma il \u201c<em>pollice verde della \u2018ndrangheta\u201d<\/em> \u00e8 stato ormai ampiamente sperimentato.<\/p>\n<p>Michele Sapia, segretario regionale Fai CISL Calabria, ha richiamato la forte vocazione agricola, ambientale, paesaggistica della regione Calabria, ponendo l\u2019accento sul ruolo dei lavoratori della forestazione e della bonifica, le \u201ctute verdi\u201d che, come nel passato, dovranno necessariamente essere protagonisti della transizione ambientale, fondamentale anche per il settore agricolo calabrese. Sar\u00e0 indispensabile puntare su una vera e propria progettualit\u00e0, da attuare attraverso la grande opportunit\u00e0 costituta dalle risorse provenienti, in primis, da PSR e PAC in cui \u00e8 stata introdotta la clausola della condizionalit\u00e0 sociale che lega i finanziamenti al rispetto delle condizioni di lavoro dignitoso in agricoltura. Il settore agroalimentare \u2013 ha proseguito Sapia \u2013 rappresenta un motore economico per la Calabria, considerato che costituisce il 60% delle intere esportazioni regionali. \u00c8 per\u00f2 urgente compiere importanti passi avanti su quello che chiamiamo \u201clavoro agricolo di qualit\u00e0\u201d, ben retribuito e sicuro, che metta al centro la parit\u00e0 di genere, la conciliazione vita-lavoro, il pieno riconoscimento della dignit\u00e0 di ogni singola lavoratrice e ogni singolo lavoratore, incentivando un cambiamento partecipato che promuova il confronto, l\u2019informazione e la contrattazione. Lo sfruttamento e il caporalato in agricoltura devono essere contrastati dando piena attuazione alla legge 199 del 2016, soprattutto nella parte che riguarda gli aspetti preventivi, tra cui una maggiore adesione delle aziende agricole alla Rete del Lavoro agricolo di qualit\u00e0, ma anche attraverso una maggiore sensibilizzazione anche tra le persone, come fatto dalla Fai Cisl con la petizione \u201cMai pi\u00f9 ghetti\u201d, la piena operativit\u00e0 dell\u2019Osservatorio regionale agricolo e del Tavolo di Lavoro Regionale di contrasto al Caporalato.<\/p>\n<p>L\u2019intervento conclusivo \u00e8 stato affidato a Nicola Tavoletta, presidente nazionale di Acli Terra il quale, intervenendo dalla sede laziale dell\u2019Associazione nazionale professionale agricola, ha messo in evidenza, non senza nascondere l\u2019emozione, che la manifestazione organizzata per la Giornata Internazionale della Donna, partecipata da molti uomini, si stava svolgendo dinnanzi al palazzo sede dell\u2019associazione, in cui la gran parte del gruppo della leadership \u00e8 rappresentato da donne. Su specifico assist fornito da Diletta Della Rocca, il presidente Tavoletta si \u00e8 soffermato sul concetto di Welfare associandolo a quello di armonia per costituire, insieme, un binomio inscindibile. Nella naturale imperfezione che caratterizza l\u2019essere umano in quanto tale, il compromesso, ossia il mettere insieme le parti, \u00e8 l\u2019elemento che pu\u00f2 e deve fare la differenza in societ\u00e0 in cui le regole della democrazia siano sostanziali, e non solo formali. Vincere la scommessa del riconoscere la piena e completa centralit\u00e0 della persona, anche nel campo del lavoro, e non solo nel comparto dell\u2019agricoltura, significa ripartire dalle relazioni che rendono la persona parte di una comunit\u00e0 e, quest\u2019ultima, protagonista assoluta di cambiamento, di percezione e di senso. Il nuovo paradigma del lavoro non pu\u00f2 che fondarsi sulla necessit\u00e0 che alla lavoratrice e al lavoratore sia assicurata la piena dignit\u00e0 di vita, personale e della propria famiglia, poich\u00e9 la condizione tristemente emergente non \u00e8 solo quella della dis\/inoccupazione, quanto quella di una condizione di povert\u00e0 conclamata, anche per chi lavora.<\/p>\n<p><u>\u00a0<\/u><\/p>\n<p>&nbsp;<\/p>\n","protected":false},"excerpt":{"rendered":"<p>La Giornata Internazionale della Donna \u00e8 stata l\u2019occasione per affrontare il tema, quanto mai attuale e cogente, dello sfruttamento delle lavoratrici e dei lavoratori, a partire dal caporalato, per arrivare&hellip;<\/p>\n","protected":false},"author":12,"featured_media":20713,"comment_status":"closed","ping_status":"open","sticky":false,"template":"","format":"standard","meta":{"_jetpack_memberships_contains_paid_content":false,"footnotes":"","jetpack_publicize_message":"","jetpack_publicize_feature_enabled":true,"jetpack_social_post_already_shared":false,"jetpack_social_options":{"image_generator_settings":{"template":"highway","default_image_id":0,"font":"","enabled":false},"version":2}},"categories":[10960,142,921,196],"tags":[11335,10444,10948,11333,11334,11336],"class_list":["post-20708","post","type-post","status-publish","format-standard","has-post-thumbnail","hentry","category-8-marzo-festa-delle-donne","category-calabria","category-home","category-news","tag-aps-medexperience","tag-club-unesco","tag-giornata-internazionale-della-donna-2023","tag-liceo-artistico-colao-di-vibo-valentia","tag-maria-loscri","tag-tema-del-passaggio-dal-capolarato-a-nuove-forme-di-sfruttamento-del-lavoro"],"yoast_head":"<!-- This site is optimized with the Yoast SEO plugin v27.2 - https:\/\/yoast.com\/product\/yoast-seo-wordpress\/ -->\n<title>Club Unesco, svolto incontro su forme di sfruttamento del lavoro<\/title>\n<meta name=\"description\" content=\"Per l&#039;8 Marzo affrontato il tema del passaggio dal capolarato a nuove forme di sfruttamento del lavoro, al Liceo \u201cColao\u201d di Vibo\" \/>\n<meta name=\"robots\" content=\"index, follow, max-snippet:-1, max-image-preview:large, max-video-preview:-1\" \/>\n<link rel=\"canonical\" href=\"https:\/\/progettotouring.it\/radiotouring104\/2023\/03\/13\/club-unesco-svolto-incontro-su-forme-di-sfruttamento-del-lavoro\/\" \/>\n<meta property=\"og:locale\" content=\"it_IT\" \/>\n<meta property=\"og:type\" content=\"article\" \/>\n<meta property=\"og:title\" content=\"Club Unesco, svolto incontro su forme di sfruttamento del lavoro\" \/>\n<meta property=\"og:description\" content=\"Per l&#039;8 Marzo affrontato il tema del passaggio dal capolarato a nuove forme di sfruttamento del lavoro, al Liceo \u201cColao\u201d di Vibo\" \/>\n<meta property=\"og:url\" content=\"https:\/\/progettotouring.it\/radiotouring104\/2023\/03\/13\/club-unesco-svolto-incontro-su-forme-di-sfruttamento-del-lavoro\/\" \/>\n<meta property=\"og:site_name\" content=\"Radio Touring 104\" \/>\n<meta property=\"article:published_time\" content=\"2023-03-13T08:59:08+00:00\" \/>\n<meta property=\"article:modified_time\" content=\"2023-03-13T12:09:37+00:00\" \/>\n<meta property=\"og:image\" content=\"https:\/\/progettotouring.it\/radiotouring104\/wp-content\/uploads\/sites\/6\/2023\/03\/Caporalato-Club-Unesco-LIceo-Colao-di-Vibo.jpg\" \/>\n\t<meta property=\"og:image:width\" content=\"1536\" \/>\n\t<meta property=\"og:image:height\" content=\"2048\" \/>\n\t<meta property=\"og:image:type\" content=\"image\/jpeg\" \/>\n<meta name=\"author\" content=\"Sebastiano Plutino\" \/>\n<meta name=\"twitter:card\" content=\"summary_large_image\" \/>\n<meta name=\"twitter:label1\" content=\"Scritto da\" \/>\n\t<meta name=\"twitter:data1\" content=\"Sebastiano Plutino\" \/>\n\t<meta name=\"twitter:label2\" content=\"Tempo di lettura stimato\" \/>\n\t<meta name=\"twitter:data2\" content=\"5 minuti\" \/>\n<script type=\"application\/ld+json\" class=\"yoast-schema-graph\">{\"@context\":\"https:\/\/schema.org\",\"@graph\":[{\"@type\":\"Article\",\"@id\":\"https:\/\/progettotouring.it\/radiotouring104\/2023\/03\/13\/club-unesco-svolto-incontro-su-forme-di-sfruttamento-del-lavoro\/#article\",\"isPartOf\":{\"@id\":\"https:\/\/progettotouring.it\/radiotouring104\/2023\/03\/13\/club-unesco-svolto-incontro-su-forme-di-sfruttamento-del-lavoro\/\"},\"author\":{\"name\":\"Sebastiano Plutino\",\"@id\":\"https:\/\/progettotouring.it\/radiotouring104\/#\/schema\/person\/78613917f1851f041f7483f5af1d422e\"},\"headline\":\"Club Unesco, svolto incontro su forme di sfruttamento del lavoro\",\"datePublished\":\"2023-03-13T08:59:08+00:00\",\"dateModified\":\"2023-03-13T12:09:37+00:00\",\"mainEntityOfPage\":{\"@id\":\"https:\/\/progettotouring.it\/radiotouring104\/2023\/03\/13\/club-unesco-svolto-incontro-su-forme-di-sfruttamento-del-lavoro\/\"},\"wordCount\":1001,\"publisher\":{\"@id\":\"https:\/\/progettotouring.it\/radiotouring104\/#organization\"},\"image\":{\"@id\":\"https:\/\/progettotouring.it\/radiotouring104\/2023\/03\/13\/club-unesco-svolto-incontro-su-forme-di-sfruttamento-del-lavoro\/#primaryimage\"},\"thumbnailUrl\":\"https:\/\/progettotouring.it\/radiotouring104\/wp-content\/uploads\/sites\/6\/2023\/03\/Caporalato-Club-Unesco-LIceo-Colao-di-Vibo.jpg\",\"keywords\":[\"APS MedExperience\",\"Club UNESCO\",\"Giornata Internazionale della Donna 2023\",\"Liceo artistico \u201cColao\u201d di Vibo Valentia\",\"Maria Loscri\",\"tema del passaggio dal capolarato a nuove forme di sfruttamento del lavoro\"],\"articleSection\":[\"8 marzo - Festa delle donne\",\"Calabria\",\"Home\",\"News\"],\"inLanguage\":\"it-IT\"},{\"@type\":\"WebPage\",\"@id\":\"https:\/\/progettotouring.it\/radiotouring104\/2023\/03\/13\/club-unesco-svolto-incontro-su-forme-di-sfruttamento-del-lavoro\/\",\"url\":\"https:\/\/progettotouring.it\/radiotouring104\/2023\/03\/13\/club-unesco-svolto-incontro-su-forme-di-sfruttamento-del-lavoro\/\",\"name\":\"Club Unesco, svolto incontro su forme di sfruttamento del lavoro\",\"isPartOf\":{\"@id\":\"https:\/\/progettotouring.it\/radiotouring104\/#website\"},\"primaryImageOfPage\":{\"@id\":\"https:\/\/progettotouring.it\/radiotouring104\/2023\/03\/13\/club-unesco-svolto-incontro-su-forme-di-sfruttamento-del-lavoro\/#primaryimage\"},\"image\":{\"@id\":\"https:\/\/progettotouring.it\/radiotouring104\/2023\/03\/13\/club-unesco-svolto-incontro-su-forme-di-sfruttamento-del-lavoro\/#primaryimage\"},\"thumbnailUrl\":\"https:\/\/progettotouring.it\/radiotouring104\/wp-content\/uploads\/sites\/6\/2023\/03\/Caporalato-Club-Unesco-LIceo-Colao-di-Vibo.jpg\",\"datePublished\":\"2023-03-13T08:59:08+00:00\",\"dateModified\":\"2023-03-13T12:09:37+00:00\",\"description\":\"Per l'8 Marzo affrontato il tema del passaggio dal capolarato a nuove forme di sfruttamento del lavoro, al Liceo \u201cColao\u201d di Vibo\",\"breadcrumb\":{\"@id\":\"https:\/\/progettotouring.it\/radiotouring104\/2023\/03\/13\/club-unesco-svolto-incontro-su-forme-di-sfruttamento-del-lavoro\/#breadcrumb\"},\"inLanguage\":\"it-IT\",\"potentialAction\":[{\"@type\":\"ReadAction\",\"target\":[\"https:\/\/progettotouring.it\/radiotouring104\/2023\/03\/13\/club-unesco-svolto-incontro-su-forme-di-sfruttamento-del-lavoro\/\"]}]},{\"@type\":\"ImageObject\",\"inLanguage\":\"it-IT\",\"@id\":\"https:\/\/progettotouring.it\/radiotouring104\/2023\/03\/13\/club-unesco-svolto-incontro-su-forme-di-sfruttamento-del-lavoro\/#primaryimage\",\"url\":\"https:\/\/progettotouring.it\/radiotouring104\/wp-content\/uploads\/sites\/6\/2023\/03\/Caporalato-Club-Unesco-LIceo-Colao-di-Vibo.jpg\",\"contentUrl\":\"https:\/\/progettotouring.it\/radiotouring104\/wp-content\/uploads\/sites\/6\/2023\/03\/Caporalato-Club-Unesco-LIceo-Colao-di-Vibo.jpg\",\"width\":1536,\"height\":2048},{\"@type\":\"BreadcrumbList\",\"@id\":\"https:\/\/progettotouring.it\/radiotouring104\/2023\/03\/13\/club-unesco-svolto-incontro-su-forme-di-sfruttamento-del-lavoro\/#breadcrumb\",\"itemListElement\":[{\"@type\":\"ListItem\",\"position\":1,\"name\":\"Home\",\"item\":\"https:\/\/progettotouring.it\/radiotouring104\/\"},{\"@type\":\"ListItem\",\"position\":2,\"name\":\"Club Unesco, svolto incontro su forme di sfruttamento del lavoro\"}]},{\"@type\":\"WebSite\",\"@id\":\"https:\/\/progettotouring.it\/radiotouring104\/#website\",\"url\":\"https:\/\/progettotouring.it\/radiotouring104\/\",\"name\":\"Radio Touring 104\",\"description\":\"La prima radio Reggina\",\"publisher\":{\"@id\":\"https:\/\/progettotouring.it\/radiotouring104\/#organization\"},\"potentialAction\":[{\"@type\":\"SearchAction\",\"target\":{\"@type\":\"EntryPoint\",\"urlTemplate\":\"https:\/\/progettotouring.it\/radiotouring104\/?s={search_term_string}\"},\"query-input\":{\"@type\":\"PropertyValueSpecification\",\"valueRequired\":true,\"valueName\":\"search_term_string\"}}],\"inLanguage\":\"it-IT\"},{\"@type\":\"Organization\",\"@id\":\"https:\/\/progettotouring.it\/radiotouring104\/#organization\",\"name\":\"Radio Touring 104\",\"url\":\"https:\/\/progettotouring.it\/radiotouring104\/\",\"logo\":{\"@type\":\"ImageObject\",\"inLanguage\":\"it-IT\",\"@id\":\"https:\/\/progettotouring.it\/radiotouring104\/#\/schema\/logo\/image\/\",\"url\":\"https:\/\/progettotouring.it\/radiotouring104\/wp-content\/uploads\/sites\/6\/2022\/02\/cropped-logo-radio-touring-104.png\",\"contentUrl\":\"https:\/\/progettotouring.it\/radiotouring104\/wp-content\/uploads\/sites\/6\/2022\/02\/cropped-logo-radio-touring-104.png\",\"width\":377,\"height\":182,\"caption\":\"Radio Touring 104\"},\"image\":{\"@id\":\"https:\/\/progettotouring.it\/radiotouring104\/#\/schema\/logo\/image\/\"}},{\"@type\":\"Person\",\"@id\":\"https:\/\/progettotouring.it\/radiotouring104\/#\/schema\/person\/78613917f1851f041f7483f5af1d422e\",\"name\":\"Sebastiano Plutino\",\"image\":{\"@type\":\"ImageObject\",\"inLanguage\":\"it-IT\",\"@id\":\"https:\/\/secure.gravatar.com\/avatar\/0546ffaa9b79224faf9f2a156b67a529ae861d3287c66c1d8ccfdf909bcba78d?s=96&d=mm&r=g\",\"url\":\"https:\/\/secure.gravatar.com\/avatar\/0546ffaa9b79224faf9f2a156b67a529ae861d3287c66c1d8ccfdf909bcba78d?s=96&d=mm&r=g\",\"contentUrl\":\"https:\/\/secure.gravatar.com\/avatar\/0546ffaa9b79224faf9f2a156b67a529ae861d3287c66c1d8ccfdf909bcba78d?s=96&d=mm&r=g\",\"caption\":\"Sebastiano Plutino\"},\"url\":\"https:\/\/progettotouring.it\/radiotouring104\/author\/sebastiano\/\"}]}<\/script>\n<!-- \/ Yoast SEO plugin. -->","yoast_head_json":{"title":"Club Unesco, svolto incontro su forme di sfruttamento del lavoro","description":"Per l'8 Marzo affrontato il tema del passaggio dal capolarato a nuove forme di sfruttamento del lavoro, al Liceo \u201cColao\u201d di Vibo","robots":{"index":"index","follow":"follow","max-snippet":"max-snippet:-1","max-image-preview":"max-image-preview:large","max-video-preview":"max-video-preview:-1"},"canonical":"https:\/\/progettotouring.it\/radiotouring104\/2023\/03\/13\/club-unesco-svolto-incontro-su-forme-di-sfruttamento-del-lavoro\/","og_locale":"it_IT","og_type":"article","og_title":"Club Unesco, svolto incontro su forme di sfruttamento del lavoro","og_description":"Per l'8 Marzo affrontato il tema del passaggio dal capolarato a nuove forme di sfruttamento del lavoro, al Liceo \u201cColao\u201d di Vibo","og_url":"https:\/\/progettotouring.it\/radiotouring104\/2023\/03\/13\/club-unesco-svolto-incontro-su-forme-di-sfruttamento-del-lavoro\/","og_site_name":"Radio Touring 104","article_published_time":"2023-03-13T08:59:08+00:00","article_modified_time":"2023-03-13T12:09:37+00:00","og_image":[{"width":1536,"height":2048,"url":"https:\/\/progettotouring.it\/radiotouring104\/wp-content\/uploads\/sites\/6\/2023\/03\/Caporalato-Club-Unesco-LIceo-Colao-di-Vibo.jpg","type":"image\/jpeg"}],"author":"Sebastiano Plutino","twitter_card":"summary_large_image","twitter_misc":{"Scritto da":"Sebastiano Plutino","Tempo di lettura stimato":"5 minuti"},"schema":{"@context":"https:\/\/schema.org","@graph":[{"@type":"Article","@id":"https:\/\/progettotouring.it\/radiotouring104\/2023\/03\/13\/club-unesco-svolto-incontro-su-forme-di-sfruttamento-del-lavoro\/#article","isPartOf":{"@id":"https:\/\/progettotouring.it\/radiotouring104\/2023\/03\/13\/club-unesco-svolto-incontro-su-forme-di-sfruttamento-del-lavoro\/"},"author":{"name":"Sebastiano Plutino","@id":"https:\/\/progettotouring.it\/radiotouring104\/#\/schema\/person\/78613917f1851f041f7483f5af1d422e"},"headline":"Club Unesco, svolto incontro su forme di sfruttamento del lavoro","datePublished":"2023-03-13T08:59:08+00:00","dateModified":"2023-03-13T12:09:37+00:00","mainEntityOfPage":{"@id":"https:\/\/progettotouring.it\/radiotouring104\/2023\/03\/13\/club-unesco-svolto-incontro-su-forme-di-sfruttamento-del-lavoro\/"},"wordCount":1001,"publisher":{"@id":"https:\/\/progettotouring.it\/radiotouring104\/#organization"},"image":{"@id":"https:\/\/progettotouring.it\/radiotouring104\/2023\/03\/13\/club-unesco-svolto-incontro-su-forme-di-sfruttamento-del-lavoro\/#primaryimage"},"thumbnailUrl":"https:\/\/progettotouring.it\/radiotouring104\/wp-content\/uploads\/sites\/6\/2023\/03\/Caporalato-Club-Unesco-LIceo-Colao-di-Vibo.jpg","keywords":["APS MedExperience","Club UNESCO","Giornata Internazionale della Donna 2023","Liceo artistico \u201cColao\u201d di Vibo Valentia","Maria Loscri","tema del passaggio dal capolarato a nuove forme di sfruttamento del lavoro"],"articleSection":["8 marzo - Festa delle donne","Calabria","Home","News"],"inLanguage":"it-IT"},{"@type":"WebPage","@id":"https:\/\/progettotouring.it\/radiotouring104\/2023\/03\/13\/club-unesco-svolto-incontro-su-forme-di-sfruttamento-del-lavoro\/","url":"https:\/\/progettotouring.it\/radiotouring104\/2023\/03\/13\/club-unesco-svolto-incontro-su-forme-di-sfruttamento-del-lavoro\/","name":"Club Unesco, svolto incontro su forme di sfruttamento del lavoro","isPartOf":{"@id":"https:\/\/progettotouring.it\/radiotouring104\/#website"},"primaryImageOfPage":{"@id":"https:\/\/progettotouring.it\/radiotouring104\/2023\/03\/13\/club-unesco-svolto-incontro-su-forme-di-sfruttamento-del-lavoro\/#primaryimage"},"image":{"@id":"https:\/\/progettotouring.it\/radiotouring104\/2023\/03\/13\/club-unesco-svolto-incontro-su-forme-di-sfruttamento-del-lavoro\/#primaryimage"},"thumbnailUrl":"https:\/\/progettotouring.it\/radiotouring104\/wp-content\/uploads\/sites\/6\/2023\/03\/Caporalato-Club-Unesco-LIceo-Colao-di-Vibo.jpg","datePublished":"2023-03-13T08:59:08+00:00","dateModified":"2023-03-13T12:09:37+00:00","description":"Per l'8 Marzo affrontato il tema del passaggio dal capolarato a nuove forme di sfruttamento del lavoro, al Liceo \u201cColao\u201d di Vibo","breadcrumb":{"@id":"https:\/\/progettotouring.it\/radiotouring104\/2023\/03\/13\/club-unesco-svolto-incontro-su-forme-di-sfruttamento-del-lavoro\/#breadcrumb"},"inLanguage":"it-IT","potentialAction":[{"@type":"ReadAction","target":["https:\/\/progettotouring.it\/radiotouring104\/2023\/03\/13\/club-unesco-svolto-incontro-su-forme-di-sfruttamento-del-lavoro\/"]}]},{"@type":"ImageObject","inLanguage":"it-IT","@id":"https:\/\/progettotouring.it\/radiotouring104\/2023\/03\/13\/club-unesco-svolto-incontro-su-forme-di-sfruttamento-del-lavoro\/#primaryimage","url":"https:\/\/progettotouring.it\/radiotouring104\/wp-content\/uploads\/sites\/6\/2023\/03\/Caporalato-Club-Unesco-LIceo-Colao-di-Vibo.jpg","contentUrl":"https:\/\/progettotouring.it\/radiotouring104\/wp-content\/uploads\/sites\/6\/2023\/03\/Caporalato-Club-Unesco-LIceo-Colao-di-Vibo.jpg","width":1536,"height":2048},{"@type":"BreadcrumbList","@id":"https:\/\/progettotouring.it\/radiotouring104\/2023\/03\/13\/club-unesco-svolto-incontro-su-forme-di-sfruttamento-del-lavoro\/#breadcrumb","itemListElement":[{"@type":"ListItem","position":1,"name":"Home","item":"https:\/\/progettotouring.it\/radiotouring104\/"},{"@type":"ListItem","position":2,"name":"Club Unesco, svolto incontro su forme di sfruttamento del lavoro"}]},{"@type":"WebSite","@id":"https:\/\/progettotouring.it\/radiotouring104\/#website","url":"https:\/\/progettotouring.it\/radiotouring104\/","name":"Radio Touring 104","description":"La prima radio Reggina","publisher":{"@id":"https:\/\/progettotouring.it\/radiotouring104\/#organization"},"potentialAction":[{"@type":"SearchAction","target":{"@type":"EntryPoint","urlTemplate":"https:\/\/progettotouring.it\/radiotouring104\/?s={search_term_string}"},"query-input":{"@type":"PropertyValueSpecification","valueRequired":true,"valueName":"search_term_string"}}],"inLanguage":"it-IT"},{"@type":"Organization","@id":"https:\/\/progettotouring.it\/radiotouring104\/#organization","name":"Radio Touring 104","url":"https:\/\/progettotouring.it\/radiotouring104\/","logo":{"@type":"ImageObject","inLanguage":"it-IT","@id":"https:\/\/progettotouring.it\/radiotouring104\/#\/schema\/logo\/image\/","url":"https:\/\/progettotouring.it\/radiotouring104\/wp-content\/uploads\/sites\/6\/2022\/02\/cropped-logo-radio-touring-104.png","contentUrl":"https:\/\/progettotouring.it\/radiotouring104\/wp-content\/uploads\/sites\/6\/2022\/02\/cropped-logo-radio-touring-104.png","width":377,"height":182,"caption":"Radio Touring 104"},"image":{"@id":"https:\/\/progettotouring.it\/radiotouring104\/#\/schema\/logo\/image\/"}},{"@type":"Person","@id":"https:\/\/progettotouring.it\/radiotouring104\/#\/schema\/person\/78613917f1851f041f7483f5af1d422e","name":"Sebastiano Plutino","image":{"@type":"ImageObject","inLanguage":"it-IT","@id":"https:\/\/secure.gravatar.com\/avatar\/0546ffaa9b79224faf9f2a156b67a529ae861d3287c66c1d8ccfdf909bcba78d?s=96&d=mm&r=g","url":"https:\/\/secure.gravatar.com\/avatar\/0546ffaa9b79224faf9f2a156b67a529ae861d3287c66c1d8ccfdf909bcba78d?s=96&d=mm&r=g","contentUrl":"https:\/\/secure.gravatar.com\/avatar\/0546ffaa9b79224faf9f2a156b67a529ae861d3287c66c1d8ccfdf909bcba78d?s=96&d=mm&r=g","caption":"Sebastiano Plutino"},"url":"https:\/\/progettotouring.it\/radiotouring104\/author\/sebastiano\/"}]}},"jetpack_publicize_connections":[],"jetpack_featured_media_url":"https:\/\/progettotouring.it\/radiotouring104\/wp-content\/uploads\/sites\/6\/2023\/03\/Caporalato-Club-Unesco-LIceo-Colao-di-Vibo.jpg","jetpack_sharing_enabled":true,"_links":{"self":[{"href":"https:\/\/progettotouring.it\/radiotouring104\/wp-json\/wp\/v2\/posts\/20708","targetHints":{"allow":["GET"]}}],"collection":[{"href":"https:\/\/progettotouring.it\/radiotouring104\/wp-json\/wp\/v2\/posts"}],"about":[{"href":"https:\/\/progettotouring.it\/radiotouring104\/wp-json\/wp\/v2\/types\/post"}],"author":[{"embeddable":true,"href":"https:\/\/progettotouring.it\/radiotouring104\/wp-json\/wp\/v2\/users\/12"}],"replies":[{"embeddable":true,"href":"https:\/\/progettotouring.it\/radiotouring104\/wp-json\/wp\/v2\/comments?post=20708"}],"version-history":[{"count":3,"href":"https:\/\/progettotouring.it\/radiotouring104\/wp-json\/wp\/v2\/posts\/20708\/revisions"}],"predecessor-version":[{"id":20773,"href":"https:\/\/progettotouring.it\/radiotouring104\/wp-json\/wp\/v2\/posts\/20708\/revisions\/20773"}],"wp:featuredmedia":[{"embeddable":true,"href":"https:\/\/progettotouring.it\/radiotouring104\/wp-json\/wp\/v2\/media\/20713"}],"wp:attachment":[{"href":"https:\/\/progettotouring.it\/radiotouring104\/wp-json\/wp\/v2\/media?parent=20708"}],"wp:term":[{"taxonomy":"category","embeddable":true,"href":"https:\/\/progettotouring.it\/radiotouring104\/wp-json\/wp\/v2\/categories?post=20708"},{"taxonomy":"post_tag","embeddable":true,"href":"https:\/\/progettotouring.it\/radiotouring104\/wp-json\/wp\/v2\/tags?post=20708"}],"curies":[{"name":"wp","href":"https:\/\/api.w.org\/{rel}","templated":true}]}}