{"id":20825,"date":"2023-03-14T09:58:25","date_gmt":"2023-03-14T08:58:25","guid":{"rendered":"https:\/\/progettotouring.it\/radiotouring104\/?p=20825"},"modified":"2023-03-14T09:58:25","modified_gmt":"2023-03-14T08:58:25","slug":"versace-a-laureana-di-borrello-presidi-sanitari-imprescindibili","status":"publish","type":"post","link":"https:\/\/progettotouring.it\/radiotouring104\/2023\/03\/14\/versace-a-laureana-di-borrello-presidi-sanitari-imprescindibili\/","title":{"rendered":"Versace a Laureana di Borrello: &#8220;Presidi sanitari imprescindibili&#8221;"},"content":{"rendered":"<p>Il sindaco metropolitano facente funzioni, Carmelo Versace, ha preso parte all&#8217;iniziativa &#8220;Sanit\u00e0 e borghi interni. Necessit\u00e0 di un pronto intervento sanitario&#8221;, promossa dal Coordinamento associazioni socio-culturali &#8220;Progetto Citt\u00e0 della Piana&#8221; presso la Casa della musica di Laureana di Borrello.<\/p>\n<p>\u00abL&#8217;assenza di presidi sanitari di primo livello &#8211; ha detto Versace &#8211; \u00e8 uno dei motivi che stanno alla base dello spopolamento dei nostri territori. Il pronto soccorso unico del Grande ospedale metropolitano, l&#8217;ospedale di Polistena oppure, come qualcuno dice, il nosocomio della Piana non possono certo essere le risposte alle esigenze dei piccoli centri. Servono, piuttosto, dei presidi di primo intervento nei nostri borghi\u00bb.<\/p>\n<p>\u00abDunque &#8211; ha aggiunto &#8211; bisogna sempre mantenere alta l&#8217;attenzione sui Comuni della Citt\u00e0 Metropolitana. Infatti, ben il 72% dei nostri enti locali rientra nella fascia dei centri medio-piccoli e mantenere questi presidi sanitari diventa fondamentale per la loro sopravvivenza\u00bb. Per il sindaco metropolitano facente funzioni, l&#8217;auspicio \u00e8 che \u00abla commissaria dell&#8217;Asp di Reggio, Lucia Di Furia, comprenda appieno questa necessit\u00e0 che non risponde alle logiche del politichese, ma ad un vero e proprio bisogno di esistenza delle aree interne\u00bb.<\/p>\n<p>Alla dottoressa Di Furia, il sindaco facente funzioni Versace, ha riconosciuto \u00abil buon lavoro condotto\u00bb. \u00abDevo ringraziarla &#8211; ha commentato &#8211; per lo sforzo che sta facendo perch\u00e9 ha trovato una situazione disastrosa dal punto di vista sanitario. Sta facendo tutto il possibile e lo abbiamo visto, per esempio, nel caso dell&#8217;ospedale di Oppido Mamertina. La dottoressa Di Furia ha preso un impegno preciso per quel che riguarda il reparto di Radiologia e sta provando a fare qualcosa di diverso\u00bb. \u00abSe si crede che la soluzione ai problemi della sanit\u00e0 calabrese sia l&#8217;ingaggio dei medici cubani &#8211; ha continuato &#8211; cui va sicuramente la mia gratitudine per l&#8217;impegno messo in campo, vuol dire che non si \u00e8 compreso a fondo la drammaticit\u00e0 della situazione\u00bb.<\/p>\n<p>\u00abAnche la strada imboccata verso l&#8217;autonomia differenziata &#8211; ha concluso Versace &#8211; complica tremendamente le cose. Con il Ddl Calderoli aumenteranno i disservizi e le distanze fra le nostre realt\u00e0 ed il resto del Paese. Sulla sanit\u00e0, come sull&#8217;istruzione, non ci pu\u00f2 essere una differenziazione di diritti\u00bb.<\/p>\n","protected":false},"excerpt":{"rendered":"<p>Il sindaco metropolitano facente funzioni, Carmelo Versace, ha preso parte all&#8217;iniziativa &#8220;Sanit\u00e0 e borghi interni. Necessit\u00e0 di un pronto intervento sanitario&#8221;, promossa dal Coordinamento associazioni socio-culturali &#8220;Progetto Citt\u00e0 della Piana&#8221;&hellip;<\/p>\n","protected":false},"author":13,"featured_media":20827,"comment_status":"closed","ping_status":"open","sticky":false,"template":"","format":"standard","meta":{"_jetpack_memberships_contains_paid_content":false,"footnotes":"","jetpack_publicize_message":"","jetpack_publicize_feature_enabled":true,"jetpack_social_post_already_shared":false,"jetpack_social_options":{"image_generator_settings":{"template":"highway","default_image_id":0,"font":"","enabled":false},"version":2}},"categories":[921,196,140],"tags":[239,8470,1828,11430,11429,11431],"class_list":["post-20825","post","type-post","status-publish","format-standard","has-post-thumbnail","hentry","category-home","category-news","category-reggio-calabria","tag-carmelo-versace","tag-casa-della-musica","tag-laureana-di-borrello","tag-progetto-citta-della-piana","tag-sanita-dei-borghi-interni","tag-urgente-ripristino-presidi-pronto-intervento"],"yoast_head":"<!-- This site is optimized with the Yoast SEO plugin v27.2 - https:\/\/yoast.com\/product\/yoast-seo-wordpress\/ -->\n<title>Versace a Laureana di Borrello: &quot;Presidi sanitari imprescindibili&quot;<\/title>\n<meta name=\"description\" content=\"Il sindaco facente funzioni incontra i comitati di &quot;Citt\u00e0 della Piana&quot; per discutere delle primarie necessit\u00e0 dei borghi interni\" \/>\n<meta name=\"robots\" content=\"index, follow, max-snippet:-1, max-image-preview:large, max-video-preview:-1\" \/>\n<link rel=\"canonical\" href=\"https:\/\/progettotouring.it\/radiotouring104\/2023\/03\/14\/versace-a-laureana-di-borrello-presidi-sanitari-imprescindibili\/\" \/>\n<meta property=\"og:locale\" content=\"it_IT\" \/>\n<meta property=\"og:type\" content=\"article\" \/>\n<meta property=\"og:title\" content=\"Versace a Laureana di Borrello: &quot;Presidi sanitari imprescindibili&quot;\" \/>\n<meta property=\"og:description\" content=\"Il sindaco facente funzioni incontra i comitati di &quot;Citt\u00e0 della Piana&quot; per discutere delle primarie necessit\u00e0 dei borghi interni\" \/>\n<meta property=\"og:url\" content=\"https:\/\/progettotouring.it\/radiotouring104\/2023\/03\/14\/versace-a-laureana-di-borrello-presidi-sanitari-imprescindibili\/\" \/>\n<meta property=\"og:site_name\" content=\"Radio Touring 104\" \/>\n<meta property=\"article:published_time\" content=\"2023-03-14T08:58:25+00:00\" \/>\n<meta property=\"og:image\" content=\"https:\/\/progettotouring.it\/radiotouring104\/wp-content\/uploads\/sites\/6\/2023\/03\/sanita-laureana-di-borrello.jpeg\" \/>\n\t<meta property=\"og:image:width\" content=\"2000\" \/>\n\t<meta property=\"og:image:height\" content=\"1500\" \/>\n\t<meta property=\"og:image:type\" content=\"image\/jpeg\" \/>\n<meta name=\"author\" content=\"Helena Pedone\" \/>\n<meta name=\"twitter:card\" content=\"summary_large_image\" \/>\n<meta name=\"twitter:label1\" content=\"Scritto da\" \/>\n\t<meta name=\"twitter:data1\" content=\"Helena Pedone\" \/>\n\t<meta name=\"twitter:label2\" content=\"Tempo di lettura stimato\" \/>\n\t<meta name=\"twitter:data2\" content=\"2 minuti\" \/>\n<script type=\"application\/ld+json\" class=\"yoast-schema-graph\">{\"@context\":\"https:\/\/schema.org\",\"@graph\":[{\"@type\":\"Article\",\"@id\":\"https:\/\/progettotouring.it\/radiotouring104\/2023\/03\/14\/versace-a-laureana-di-borrello-presidi-sanitari-imprescindibili\/#article\",\"isPartOf\":{\"@id\":\"https:\/\/progettotouring.it\/radiotouring104\/2023\/03\/14\/versace-a-laureana-di-borrello-presidi-sanitari-imprescindibili\/\"},\"author\":{\"name\":\"Helena Pedone\",\"@id\":\"https:\/\/progettotouring.it\/radiotouring104\/#\/schema\/person\/8458ed437f4094f881aab8e4cc572684\"},\"headline\":\"Versace a Laureana di Borrello: &#8220;Presidi sanitari imprescindibili&#8221;\",\"datePublished\":\"2023-03-14T08:58:25+00:00\",\"mainEntityOfPage\":{\"@id\":\"https:\/\/progettotouring.it\/radiotouring104\/2023\/03\/14\/versace-a-laureana-di-borrello-presidi-sanitari-imprescindibili\/\"},\"wordCount\":359,\"publisher\":{\"@id\":\"https:\/\/progettotouring.it\/radiotouring104\/#organization\"},\"image\":{\"@id\":\"https:\/\/progettotouring.it\/radiotouring104\/2023\/03\/14\/versace-a-laureana-di-borrello-presidi-sanitari-imprescindibili\/#primaryimage\"},\"thumbnailUrl\":\"https:\/\/progettotouring.it\/radiotouring104\/wp-content\/uploads\/sites\/6\/2023\/03\/sanita-laureana-di-borrello.jpeg\",\"keywords\":[\"carmelo versace\",\"Casa della Musica\",\"laureana di borrello\",\"Progetto Citt\u00e0 della Piana\",\"Sanit\u00e0 dei borghi interni\",\"Urgente ripristino presidi pronto intervento\"],\"articleSection\":[\"Home\",\"News\",\"Reggio Calabria\"],\"inLanguage\":\"it-IT\"},{\"@type\":\"WebPage\",\"@id\":\"https:\/\/progettotouring.it\/radiotouring104\/2023\/03\/14\/versace-a-laureana-di-borrello-presidi-sanitari-imprescindibili\/\",\"url\":\"https:\/\/progettotouring.it\/radiotouring104\/2023\/03\/14\/versace-a-laureana-di-borrello-presidi-sanitari-imprescindibili\/\",\"name\":\"Versace a Laureana di Borrello: \\\"Presidi sanitari imprescindibili\\\"\",\"isPartOf\":{\"@id\":\"https:\/\/progettotouring.it\/radiotouring104\/#website\"},\"primaryImageOfPage\":{\"@id\":\"https:\/\/progettotouring.it\/radiotouring104\/2023\/03\/14\/versace-a-laureana-di-borrello-presidi-sanitari-imprescindibili\/#primaryimage\"},\"image\":{\"@id\":\"https:\/\/progettotouring.it\/radiotouring104\/2023\/03\/14\/versace-a-laureana-di-borrello-presidi-sanitari-imprescindibili\/#primaryimage\"},\"thumbnailUrl\":\"https:\/\/progettotouring.it\/radiotouring104\/wp-content\/uploads\/sites\/6\/2023\/03\/sanita-laureana-di-borrello.jpeg\",\"datePublished\":\"2023-03-14T08:58:25+00:00\",\"description\":\"Il sindaco facente funzioni incontra i comitati di \\\"Citt\u00e0 della Piana\\\" per discutere delle primarie necessit\u00e0 dei borghi interni\",\"breadcrumb\":{\"@id\":\"https:\/\/progettotouring.it\/radiotouring104\/2023\/03\/14\/versace-a-laureana-di-borrello-presidi-sanitari-imprescindibili\/#breadcrumb\"},\"inLanguage\":\"it-IT\",\"potentialAction\":[{\"@type\":\"ReadAction\",\"target\":[\"https:\/\/progettotouring.it\/radiotouring104\/2023\/03\/14\/versace-a-laureana-di-borrello-presidi-sanitari-imprescindibili\/\"]}]},{\"@type\":\"ImageObject\",\"inLanguage\":\"it-IT\",\"@id\":\"https:\/\/progettotouring.it\/radiotouring104\/2023\/03\/14\/versace-a-laureana-di-borrello-presidi-sanitari-imprescindibili\/#primaryimage\",\"url\":\"https:\/\/progettotouring.it\/radiotouring104\/wp-content\/uploads\/sites\/6\/2023\/03\/sanita-laureana-di-borrello.jpeg\",\"contentUrl\":\"https:\/\/progettotouring.it\/radiotouring104\/wp-content\/uploads\/sites\/6\/2023\/03\/sanita-laureana-di-borrello.jpeg\",\"width\":2000,\"height\":1500},{\"@type\":\"BreadcrumbList\",\"@id\":\"https:\/\/progettotouring.it\/radiotouring104\/2023\/03\/14\/versace-a-laureana-di-borrello-presidi-sanitari-imprescindibili\/#breadcrumb\",\"itemListElement\":[{\"@type\":\"ListItem\",\"position\":1,\"name\":\"Home\",\"item\":\"https:\/\/progettotouring.it\/radiotouring104\/\"},{\"@type\":\"ListItem\",\"position\":2,\"name\":\"Versace a Laureana di Borrello: &#8220;Presidi sanitari imprescindibili&#8221;\"}]},{\"@type\":\"WebSite\",\"@id\":\"https:\/\/progettotouring.it\/radiotouring104\/#website\",\"url\":\"https:\/\/progettotouring.it\/radiotouring104\/\",\"name\":\"Radio Touring 104\",\"description\":\"La prima radio Reggina\",\"publisher\":{\"@id\":\"https:\/\/progettotouring.it\/radiotouring104\/#organization\"},\"potentialAction\":[{\"@type\":\"SearchAction\",\"target\":{\"@type\":\"EntryPoint\",\"urlTemplate\":\"https:\/\/progettotouring.it\/radiotouring104\/?s={search_term_string}\"},\"query-input\":{\"@type\":\"PropertyValueSpecification\",\"valueRequired\":true,\"valueName\":\"search_term_string\"}}],\"inLanguage\":\"it-IT\"},{\"@type\":\"Organization\",\"@id\":\"https:\/\/progettotouring.it\/radiotouring104\/#organization\",\"name\":\"Radio Touring 104\",\"url\":\"https:\/\/progettotouring.it\/radiotouring104\/\",\"logo\":{\"@type\":\"ImageObject\",\"inLanguage\":\"it-IT\",\"@id\":\"https:\/\/progettotouring.it\/radiotouring104\/#\/schema\/logo\/image\/\",\"url\":\"https:\/\/progettotouring.it\/radiotouring104\/wp-content\/uploads\/sites\/6\/2022\/02\/cropped-logo-radio-touring-104.png\",\"contentUrl\":\"https:\/\/progettotouring.it\/radiotouring104\/wp-content\/uploads\/sites\/6\/2022\/02\/cropped-logo-radio-touring-104.png\",\"width\":377,\"height\":182,\"caption\":\"Radio Touring 104\"},\"image\":{\"@id\":\"https:\/\/progettotouring.it\/radiotouring104\/#\/schema\/logo\/image\/\"}},{\"@type\":\"Person\",\"@id\":\"https:\/\/progettotouring.it\/radiotouring104\/#\/schema\/person\/8458ed437f4094f881aab8e4cc572684\",\"name\":\"Helena Pedone\",\"image\":{\"@type\":\"ImageObject\",\"inLanguage\":\"it-IT\",\"@id\":\"https:\/\/secure.gravatar.com\/avatar\/95a63adf316f90175b68113b4b895a96641be06395ffeef88fea6178b30027d9?s=96&d=mm&r=g\",\"url\":\"https:\/\/secure.gravatar.com\/avatar\/95a63adf316f90175b68113b4b895a96641be06395ffeef88fea6178b30027d9?s=96&d=mm&r=g\",\"contentUrl\":\"https:\/\/secure.gravatar.com\/avatar\/95a63adf316f90175b68113b4b895a96641be06395ffeef88fea6178b30027d9?s=96&d=mm&r=g\",\"caption\":\"Helena Pedone\"},\"url\":\"https:\/\/progettotouring.it\/radiotouring104\/author\/helena\/\"}]}<\/script>\n<!-- \/ Yoast SEO plugin. -->","yoast_head_json":{"title":"Versace a Laureana di Borrello: \"Presidi sanitari imprescindibili\"","description":"Il sindaco facente funzioni incontra i comitati di \"Citt\u00e0 della Piana\" per discutere delle primarie necessit\u00e0 dei borghi interni","robots":{"index":"index","follow":"follow","max-snippet":"max-snippet:-1","max-image-preview":"max-image-preview:large","max-video-preview":"max-video-preview:-1"},"canonical":"https:\/\/progettotouring.it\/radiotouring104\/2023\/03\/14\/versace-a-laureana-di-borrello-presidi-sanitari-imprescindibili\/","og_locale":"it_IT","og_type":"article","og_title":"Versace a Laureana di Borrello: \"Presidi sanitari imprescindibili\"","og_description":"Il sindaco facente funzioni incontra i comitati di \"Citt\u00e0 della Piana\" per discutere delle primarie necessit\u00e0 dei borghi interni","og_url":"https:\/\/progettotouring.it\/radiotouring104\/2023\/03\/14\/versace-a-laureana-di-borrello-presidi-sanitari-imprescindibili\/","og_site_name":"Radio Touring 104","article_published_time":"2023-03-14T08:58:25+00:00","og_image":[{"width":2000,"height":1500,"url":"https:\/\/progettotouring.it\/radiotouring104\/wp-content\/uploads\/sites\/6\/2023\/03\/sanita-laureana-di-borrello.jpeg","type":"image\/jpeg"}],"author":"Helena Pedone","twitter_card":"summary_large_image","twitter_misc":{"Scritto da":"Helena Pedone","Tempo di lettura stimato":"2 minuti"},"schema":{"@context":"https:\/\/schema.org","@graph":[{"@type":"Article","@id":"https:\/\/progettotouring.it\/radiotouring104\/2023\/03\/14\/versace-a-laureana-di-borrello-presidi-sanitari-imprescindibili\/#article","isPartOf":{"@id":"https:\/\/progettotouring.it\/radiotouring104\/2023\/03\/14\/versace-a-laureana-di-borrello-presidi-sanitari-imprescindibili\/"},"author":{"name":"Helena Pedone","@id":"https:\/\/progettotouring.it\/radiotouring104\/#\/schema\/person\/8458ed437f4094f881aab8e4cc572684"},"headline":"Versace a Laureana di Borrello: &#8220;Presidi sanitari imprescindibili&#8221;","datePublished":"2023-03-14T08:58:25+00:00","mainEntityOfPage":{"@id":"https:\/\/progettotouring.it\/radiotouring104\/2023\/03\/14\/versace-a-laureana-di-borrello-presidi-sanitari-imprescindibili\/"},"wordCount":359,"publisher":{"@id":"https:\/\/progettotouring.it\/radiotouring104\/#organization"},"image":{"@id":"https:\/\/progettotouring.it\/radiotouring104\/2023\/03\/14\/versace-a-laureana-di-borrello-presidi-sanitari-imprescindibili\/#primaryimage"},"thumbnailUrl":"https:\/\/progettotouring.it\/radiotouring104\/wp-content\/uploads\/sites\/6\/2023\/03\/sanita-laureana-di-borrello.jpeg","keywords":["carmelo versace","Casa della Musica","laureana di borrello","Progetto Citt\u00e0 della Piana","Sanit\u00e0 dei borghi interni","Urgente ripristino presidi pronto intervento"],"articleSection":["Home","News","Reggio Calabria"],"inLanguage":"it-IT"},{"@type":"WebPage","@id":"https:\/\/progettotouring.it\/radiotouring104\/2023\/03\/14\/versace-a-laureana-di-borrello-presidi-sanitari-imprescindibili\/","url":"https:\/\/progettotouring.it\/radiotouring104\/2023\/03\/14\/versace-a-laureana-di-borrello-presidi-sanitari-imprescindibili\/","name":"Versace a Laureana di Borrello: \"Presidi sanitari imprescindibili\"","isPartOf":{"@id":"https:\/\/progettotouring.it\/radiotouring104\/#website"},"primaryImageOfPage":{"@id":"https:\/\/progettotouring.it\/radiotouring104\/2023\/03\/14\/versace-a-laureana-di-borrello-presidi-sanitari-imprescindibili\/#primaryimage"},"image":{"@id":"https:\/\/progettotouring.it\/radiotouring104\/2023\/03\/14\/versace-a-laureana-di-borrello-presidi-sanitari-imprescindibili\/#primaryimage"},"thumbnailUrl":"https:\/\/progettotouring.it\/radiotouring104\/wp-content\/uploads\/sites\/6\/2023\/03\/sanita-laureana-di-borrello.jpeg","datePublished":"2023-03-14T08:58:25+00:00","description":"Il sindaco facente funzioni incontra i comitati di \"Citt\u00e0 della Piana\" per discutere delle primarie necessit\u00e0 dei borghi interni","breadcrumb":{"@id":"https:\/\/progettotouring.it\/radiotouring104\/2023\/03\/14\/versace-a-laureana-di-borrello-presidi-sanitari-imprescindibili\/#breadcrumb"},"inLanguage":"it-IT","potentialAction":[{"@type":"ReadAction","target":["https:\/\/progettotouring.it\/radiotouring104\/2023\/03\/14\/versace-a-laureana-di-borrello-presidi-sanitari-imprescindibili\/"]}]},{"@type":"ImageObject","inLanguage":"it-IT","@id":"https:\/\/progettotouring.it\/radiotouring104\/2023\/03\/14\/versace-a-laureana-di-borrello-presidi-sanitari-imprescindibili\/#primaryimage","url":"https:\/\/progettotouring.it\/radiotouring104\/wp-content\/uploads\/sites\/6\/2023\/03\/sanita-laureana-di-borrello.jpeg","contentUrl":"https:\/\/progettotouring.it\/radiotouring104\/wp-content\/uploads\/sites\/6\/2023\/03\/sanita-laureana-di-borrello.jpeg","width":2000,"height":1500},{"@type":"BreadcrumbList","@id":"https:\/\/progettotouring.it\/radiotouring104\/2023\/03\/14\/versace-a-laureana-di-borrello-presidi-sanitari-imprescindibili\/#breadcrumb","itemListElement":[{"@type":"ListItem","position":1,"name":"Home","item":"https:\/\/progettotouring.it\/radiotouring104\/"},{"@type":"ListItem","position":2,"name":"Versace a Laureana di Borrello: &#8220;Presidi sanitari imprescindibili&#8221;"}]},{"@type":"WebSite","@id":"https:\/\/progettotouring.it\/radiotouring104\/#website","url":"https:\/\/progettotouring.it\/radiotouring104\/","name":"Radio Touring 104","description":"La prima radio Reggina","publisher":{"@id":"https:\/\/progettotouring.it\/radiotouring104\/#organization"},"potentialAction":[{"@type":"SearchAction","target":{"@type":"EntryPoint","urlTemplate":"https:\/\/progettotouring.it\/radiotouring104\/?s={search_term_string}"},"query-input":{"@type":"PropertyValueSpecification","valueRequired":true,"valueName":"search_term_string"}}],"inLanguage":"it-IT"},{"@type":"Organization","@id":"https:\/\/progettotouring.it\/radiotouring104\/#organization","name":"Radio Touring 104","url":"https:\/\/progettotouring.it\/radiotouring104\/","logo":{"@type":"ImageObject","inLanguage":"it-IT","@id":"https:\/\/progettotouring.it\/radiotouring104\/#\/schema\/logo\/image\/","url":"https:\/\/progettotouring.it\/radiotouring104\/wp-content\/uploads\/sites\/6\/2022\/02\/cropped-logo-radio-touring-104.png","contentUrl":"https:\/\/progettotouring.it\/radiotouring104\/wp-content\/uploads\/sites\/6\/2022\/02\/cropped-logo-radio-touring-104.png","width":377,"height":182,"caption":"Radio Touring 104"},"image":{"@id":"https:\/\/progettotouring.it\/radiotouring104\/#\/schema\/logo\/image\/"}},{"@type":"Person","@id":"https:\/\/progettotouring.it\/radiotouring104\/#\/schema\/person\/8458ed437f4094f881aab8e4cc572684","name":"Helena Pedone","image":{"@type":"ImageObject","inLanguage":"it-IT","@id":"https:\/\/secure.gravatar.com\/avatar\/95a63adf316f90175b68113b4b895a96641be06395ffeef88fea6178b30027d9?s=96&d=mm&r=g","url":"https:\/\/secure.gravatar.com\/avatar\/95a63adf316f90175b68113b4b895a96641be06395ffeef88fea6178b30027d9?s=96&d=mm&r=g","contentUrl":"https:\/\/secure.gravatar.com\/avatar\/95a63adf316f90175b68113b4b895a96641be06395ffeef88fea6178b30027d9?s=96&d=mm&r=g","caption":"Helena Pedone"},"url":"https:\/\/progettotouring.it\/radiotouring104\/author\/helena\/"}]}},"jetpack_publicize_connections":[],"jetpack_featured_media_url":"https:\/\/progettotouring.it\/radiotouring104\/wp-content\/uploads\/sites\/6\/2023\/03\/sanita-laureana-di-borrello.jpeg","jetpack_sharing_enabled":true,"_links":{"self":[{"href":"https:\/\/progettotouring.it\/radiotouring104\/wp-json\/wp\/v2\/posts\/20825","targetHints":{"allow":["GET"]}}],"collection":[{"href":"https:\/\/progettotouring.it\/radiotouring104\/wp-json\/wp\/v2\/posts"}],"about":[{"href":"https:\/\/progettotouring.it\/radiotouring104\/wp-json\/wp\/v2\/types\/post"}],"author":[{"embeddable":true,"href":"https:\/\/progettotouring.it\/radiotouring104\/wp-json\/wp\/v2\/users\/13"}],"replies":[{"embeddable":true,"href":"https:\/\/progettotouring.it\/radiotouring104\/wp-json\/wp\/v2\/comments?post=20825"}],"version-history":[{"count":1,"href":"https:\/\/progettotouring.it\/radiotouring104\/wp-json\/wp\/v2\/posts\/20825\/revisions"}],"predecessor-version":[{"id":20831,"href":"https:\/\/progettotouring.it\/radiotouring104\/wp-json\/wp\/v2\/posts\/20825\/revisions\/20831"}],"wp:featuredmedia":[{"embeddable":true,"href":"https:\/\/progettotouring.it\/radiotouring104\/wp-json\/wp\/v2\/media\/20827"}],"wp:attachment":[{"href":"https:\/\/progettotouring.it\/radiotouring104\/wp-json\/wp\/v2\/media?parent=20825"}],"wp:term":[{"taxonomy":"category","embeddable":true,"href":"https:\/\/progettotouring.it\/radiotouring104\/wp-json\/wp\/v2\/categories?post=20825"},{"taxonomy":"post_tag","embeddable":true,"href":"https:\/\/progettotouring.it\/radiotouring104\/wp-json\/wp\/v2\/tags?post=20825"}],"curies":[{"name":"wp","href":"https:\/\/api.w.org\/{rel}","templated":true}]}}