{"id":20859,"date":"2023-03-14T12:09:56","date_gmt":"2023-03-14T11:09:56","guid":{"rendered":"https:\/\/progettotouring.it\/radiotouring104\/?p=20859"},"modified":"2023-03-14T12:11:35","modified_gmt":"2023-03-14T11:11:35","slug":"legalita-estate-con-libera-in-calabria-20-campi","status":"publish","type":"post","link":"https:\/\/progettotouring.it\/radiotouring104\/2023\/03\/14\/legalita-estate-con-libera-in-calabria-20-campi\/","title":{"rendered":"Legalit\u00e0: &#8220;Estate con Libera&#8221;, in Calabria 20 &#8220;campi&#8221;"},"content":{"rendered":"<p>Riparte la stagione di &#8220;E!State Liberi!&#8221;, i campi di impegno e formazione promossi da Libera sui beni confiscati alle mafie, con attivit\u00e0 di impegno manuale, incontri con familiari delle vittime innocenti delle mafie e testimonianze di giornalisti e rappresentanti delle associazioni locali e delle Istituzioni. &#8220;Un&#8217;opportunit\u00e0 &#8211; riferisce in una nota l&#8217;associazione fondata da don Luigi Ciotti &#8211; per migliaia di ragazzi e ragazze di vivere in pieno il valore dell&#8217;antimafia sociale e di sperimentare la bellezza dei territori coinvolti&#8221; In Calabria sono venti i campi programmati e numerose le localit\u00e0 coinvolte: Crotone, Isola Capo Rizzuto, Polistena, Limbadi, Reggio Calabria e Gioiosa Ionica. Tante le attivit\u00e0 previste, dalla cura dei quartieri intesi come &#8220;beni comuni&#8221; ai lavori di manutenzione dei beni confiscati, dal ripristino ambientale al monitoraggio civico. &#8220;Un&#8217;immersione &#8211; \u00e8 detto ancora nella nota di Libera &#8211; nelle tante esperienze di solidariet\u00e0, protagonismo positivo e condivisione, all&#8217;insegna della lotta alle mafie ed alla corruzione. Da giugno ad ottobre, a livello nazionale, sar\u00e0 possibile partecipare a pi\u00f9 di 150 esperienze, distribuite in 16 regioni e 80 localit\u00e0, che metteranno a disposizione oltre tremila posti dedicati alla partecipazione di giovani minorenni e maggiorenni, gruppi organizzati, aziendali e internazionali. Tutto questo insieme ai tanti animatori positivi dei territori in rete con Libera, cooperative sociali, associazioni, giornalisti, magistrati e rappresentanti delle istituzioni. L&#8217;attivit\u00e0 formativa riguarder\u00e0 tematiche sociali ed emergenze educative. Si punter\u00e0 a stimolare dibattiti ed idee su temi che riguardano il nuovo, e cos\u00ec poco visibile, volto delle mafie, per mettere a punto non solo analisi adeguate, ma anche strumenti operativi&#8221;. &#8220;Oltre all&#8217;impegno sui beni confiscati e alla partecipazione ai percorsi di antimafia sociale &#8211; si afferma ancora nel comunicato &#8211; il campo sar\u00e0 anche l&#8217;occasione per molti di intraprendere un viaggio e scoprire i tanti luoghi naturali e suggestivi che offre la Calabria: dai mari alle montagne, dai borghi ai siti archeologici, ambienti affascinanti di una regione spesso poco conosciuta, ma ricca di risorse&#8221;. (ANSA).<\/p>\n","protected":false},"excerpt":{"rendered":"<p>Riparte la stagione di &#8220;E!State Liberi!&#8221;, i campi di impegno e formazione promossi da Libera sui beni confiscati alle mafie, con attivit\u00e0 di impegno manuale, incontri con familiari delle vittime&hellip;<\/p>\n","protected":false},"author":12,"featured_media":15804,"comment_status":"closed","ping_status":"open","sticky":false,"template":"","format":"standard","meta":{"_jetpack_memberships_contains_paid_content":false,"footnotes":"","jetpack_publicize_message":"","jetpack_publicize_feature_enabled":true,"jetpack_social_post_already_shared":false,"jetpack_social_options":{"image_generator_settings":{"template":"highway","default_image_id":0,"font":"","enabled":false},"version":2}},"categories":[142,921,196],"tags":[11455,11460,11458,11457,11459,11456],"class_list":["post-20859","post","type-post","status-publish","format-standard","has-post-thumbnail","hentry","category-calabria","category-home","category-news","tag-estate-con-libera","tag-20-campi-in-calabria","tag-beni-confiscati-alle-mafie","tag-campi-di-impegno-e-formazione-promossi-da-libera","tag-luigi-ciotti","tag-riparte-la-stagione-di-estate-liberi"],"yoast_head":"<!-- This site is optimized with the Yoast SEO plugin v27.2 - https:\/\/yoast.com\/product\/yoast-seo-wordpress\/ -->\n<title>Legalit\u00e0: &quot;Estate con Libera&quot;, in Calabria 20 &quot;campi&quot;<\/title>\n<meta name=\"description\" content=\"Riparte la stagione di &quot;E!State Liberi!&quot;, i campi di impegno e formazione promossi da Libera sui beni confiscati alle mafie\" \/>\n<meta name=\"robots\" content=\"index, follow, max-snippet:-1, max-image-preview:large, max-video-preview:-1\" \/>\n<link rel=\"canonical\" href=\"https:\/\/progettotouring.it\/radiotouring104\/2023\/03\/14\/legalita-estate-con-libera-in-calabria-20-campi\/\" \/>\n<meta property=\"og:locale\" content=\"it_IT\" \/>\n<meta property=\"og:type\" content=\"article\" \/>\n<meta property=\"og:title\" content=\"Legalit\u00e0: &quot;Estate con Libera&quot;, in Calabria 20 &quot;campi&quot;\" \/>\n<meta property=\"og:description\" content=\"Riparte la stagione di &quot;E!State Liberi!&quot;, i campi di impegno e formazione promossi da Libera sui beni confiscati alle mafie\" \/>\n<meta property=\"og:url\" content=\"https:\/\/progettotouring.it\/radiotouring104\/2023\/03\/14\/legalita-estate-con-libera-in-calabria-20-campi\/\" \/>\n<meta property=\"og:site_name\" content=\"Radio Touring 104\" \/>\n<meta property=\"article:published_time\" content=\"2023-03-14T11:09:56+00:00\" \/>\n<meta property=\"article:modified_time\" content=\"2023-03-14T11:11:35+00:00\" \/>\n<meta property=\"og:image\" content=\"https:\/\/progettotouring.it\/radiotouring104\/wp-content\/uploads\/sites\/6\/2022\/12\/Libera.jpg\" \/>\n\t<meta property=\"og:image:width\" content=\"1200\" \/>\n\t<meta property=\"og:image:height\" content=\"1200\" \/>\n\t<meta property=\"og:image:type\" content=\"image\/jpeg\" \/>\n<meta name=\"author\" content=\"Sebastiano Plutino\" \/>\n<meta name=\"twitter:card\" content=\"summary_large_image\" \/>\n<meta name=\"twitter:label1\" content=\"Scritto da\" \/>\n\t<meta name=\"twitter:data1\" content=\"Sebastiano Plutino\" \/>\n\t<meta name=\"twitter:label2\" content=\"Tempo di lettura stimato\" \/>\n\t<meta name=\"twitter:data2\" content=\"2 minuti\" \/>\n<script type=\"application\/ld+json\" class=\"yoast-schema-graph\">{\"@context\":\"https:\/\/schema.org\",\"@graph\":[{\"@type\":\"Article\",\"@id\":\"https:\/\/progettotouring.it\/radiotouring104\/2023\/03\/14\/legalita-estate-con-libera-in-calabria-20-campi\/#article\",\"isPartOf\":{\"@id\":\"https:\/\/progettotouring.it\/radiotouring104\/2023\/03\/14\/legalita-estate-con-libera-in-calabria-20-campi\/\"},\"author\":{\"name\":\"Sebastiano Plutino\",\"@id\":\"https:\/\/progettotouring.it\/radiotouring104\/#\/schema\/person\/78613917f1851f041f7483f5af1d422e\"},\"headline\":\"Legalit\u00e0: &#8220;Estate con Libera&#8221;, in Calabria 20 &#8220;campi&#8221;\",\"datePublished\":\"2023-03-14T11:09:56+00:00\",\"dateModified\":\"2023-03-14T11:11:35+00:00\",\"mainEntityOfPage\":{\"@id\":\"https:\/\/progettotouring.it\/radiotouring104\/2023\/03\/14\/legalita-estate-con-libera-in-calabria-20-campi\/\"},\"wordCount\":328,\"publisher\":{\"@id\":\"https:\/\/progettotouring.it\/radiotouring104\/#organization\"},\"image\":{\"@id\":\"https:\/\/progettotouring.it\/radiotouring104\/2023\/03\/14\/legalita-estate-con-libera-in-calabria-20-campi\/#primaryimage\"},\"thumbnailUrl\":\"https:\/\/progettotouring.it\/radiotouring104\/wp-content\/uploads\/sites\/6\/2022\/12\/Libera.jpg\",\"keywords\":[\"\\\"Estate con Libera\\\"\",\"20 campi in Calabria\",\"beni confiscati alle mafie\",\"campi di impegno e formazione promossi da Libera\",\"Luigi Ciotti\",\"Riparte la stagione di \\\"E!State Liberi!\\\"\"],\"articleSection\":[\"Calabria\",\"Home\",\"News\"],\"inLanguage\":\"it-IT\"},{\"@type\":\"WebPage\",\"@id\":\"https:\/\/progettotouring.it\/radiotouring104\/2023\/03\/14\/legalita-estate-con-libera-in-calabria-20-campi\/\",\"url\":\"https:\/\/progettotouring.it\/radiotouring104\/2023\/03\/14\/legalita-estate-con-libera-in-calabria-20-campi\/\",\"name\":\"Legalit\u00e0: \\\"Estate con Libera\\\", in Calabria 20 \\\"campi\\\"\",\"isPartOf\":{\"@id\":\"https:\/\/progettotouring.it\/radiotouring104\/#website\"},\"primaryImageOfPage\":{\"@id\":\"https:\/\/progettotouring.it\/radiotouring104\/2023\/03\/14\/legalita-estate-con-libera-in-calabria-20-campi\/#primaryimage\"},\"image\":{\"@id\":\"https:\/\/progettotouring.it\/radiotouring104\/2023\/03\/14\/legalita-estate-con-libera-in-calabria-20-campi\/#primaryimage\"},\"thumbnailUrl\":\"https:\/\/progettotouring.it\/radiotouring104\/wp-content\/uploads\/sites\/6\/2022\/12\/Libera.jpg\",\"datePublished\":\"2023-03-14T11:09:56+00:00\",\"dateModified\":\"2023-03-14T11:11:35+00:00\",\"description\":\"Riparte la stagione di \\\"E!State Liberi!\\\", i campi di impegno e formazione promossi da Libera sui beni confiscati alle mafie\",\"breadcrumb\":{\"@id\":\"https:\/\/progettotouring.it\/radiotouring104\/2023\/03\/14\/legalita-estate-con-libera-in-calabria-20-campi\/#breadcrumb\"},\"inLanguage\":\"it-IT\",\"potentialAction\":[{\"@type\":\"ReadAction\",\"target\":[\"https:\/\/progettotouring.it\/radiotouring104\/2023\/03\/14\/legalita-estate-con-libera-in-calabria-20-campi\/\"]}]},{\"@type\":\"ImageObject\",\"inLanguage\":\"it-IT\",\"@id\":\"https:\/\/progettotouring.it\/radiotouring104\/2023\/03\/14\/legalita-estate-con-libera-in-calabria-20-campi\/#primaryimage\",\"url\":\"https:\/\/progettotouring.it\/radiotouring104\/wp-content\/uploads\/sites\/6\/2022\/12\/Libera.jpg\",\"contentUrl\":\"https:\/\/progettotouring.it\/radiotouring104\/wp-content\/uploads\/sites\/6\/2022\/12\/Libera.jpg\",\"width\":1200,\"height\":1200},{\"@type\":\"BreadcrumbList\",\"@id\":\"https:\/\/progettotouring.it\/radiotouring104\/2023\/03\/14\/legalita-estate-con-libera-in-calabria-20-campi\/#breadcrumb\",\"itemListElement\":[{\"@type\":\"ListItem\",\"position\":1,\"name\":\"Home\",\"item\":\"https:\/\/progettotouring.it\/radiotouring104\/\"},{\"@type\":\"ListItem\",\"position\":2,\"name\":\"Legalit\u00e0: &#8220;Estate con Libera&#8221;, in Calabria 20 &#8220;campi&#8221;\"}]},{\"@type\":\"WebSite\",\"@id\":\"https:\/\/progettotouring.it\/radiotouring104\/#website\",\"url\":\"https:\/\/progettotouring.it\/radiotouring104\/\",\"name\":\"Radio Touring 104\",\"description\":\"La prima radio Reggina\",\"publisher\":{\"@id\":\"https:\/\/progettotouring.it\/radiotouring104\/#organization\"},\"potentialAction\":[{\"@type\":\"SearchAction\",\"target\":{\"@type\":\"EntryPoint\",\"urlTemplate\":\"https:\/\/progettotouring.it\/radiotouring104\/?s={search_term_string}\"},\"query-input\":{\"@type\":\"PropertyValueSpecification\",\"valueRequired\":true,\"valueName\":\"search_term_string\"}}],\"inLanguage\":\"it-IT\"},{\"@type\":\"Organization\",\"@id\":\"https:\/\/progettotouring.it\/radiotouring104\/#organization\",\"name\":\"Radio Touring 104\",\"url\":\"https:\/\/progettotouring.it\/radiotouring104\/\",\"logo\":{\"@type\":\"ImageObject\",\"inLanguage\":\"it-IT\",\"@id\":\"https:\/\/progettotouring.it\/radiotouring104\/#\/schema\/logo\/image\/\",\"url\":\"https:\/\/progettotouring.it\/radiotouring104\/wp-content\/uploads\/sites\/6\/2022\/02\/cropped-logo-radio-touring-104.png\",\"contentUrl\":\"https:\/\/progettotouring.it\/radiotouring104\/wp-content\/uploads\/sites\/6\/2022\/02\/cropped-logo-radio-touring-104.png\",\"width\":377,\"height\":182,\"caption\":\"Radio Touring 104\"},\"image\":{\"@id\":\"https:\/\/progettotouring.it\/radiotouring104\/#\/schema\/logo\/image\/\"}},{\"@type\":\"Person\",\"@id\":\"https:\/\/progettotouring.it\/radiotouring104\/#\/schema\/person\/78613917f1851f041f7483f5af1d422e\",\"name\":\"Sebastiano Plutino\",\"image\":{\"@type\":\"ImageObject\",\"inLanguage\":\"it-IT\",\"@id\":\"https:\/\/secure.gravatar.com\/avatar\/0546ffaa9b79224faf9f2a156b67a529ae861d3287c66c1d8ccfdf909bcba78d?s=96&d=mm&r=g\",\"url\":\"https:\/\/secure.gravatar.com\/avatar\/0546ffaa9b79224faf9f2a156b67a529ae861d3287c66c1d8ccfdf909bcba78d?s=96&d=mm&r=g\",\"contentUrl\":\"https:\/\/secure.gravatar.com\/avatar\/0546ffaa9b79224faf9f2a156b67a529ae861d3287c66c1d8ccfdf909bcba78d?s=96&d=mm&r=g\",\"caption\":\"Sebastiano Plutino\"},\"url\":\"https:\/\/progettotouring.it\/radiotouring104\/author\/sebastiano\/\"}]}<\/script>\n<!-- \/ Yoast SEO plugin. -->","yoast_head_json":{"title":"Legalit\u00e0: \"Estate con Libera\", in Calabria 20 \"campi\"","description":"Riparte la stagione di \"E!State Liberi!\", i campi di impegno e formazione promossi da Libera sui beni confiscati alle mafie","robots":{"index":"index","follow":"follow","max-snippet":"max-snippet:-1","max-image-preview":"max-image-preview:large","max-video-preview":"max-video-preview:-1"},"canonical":"https:\/\/progettotouring.it\/radiotouring104\/2023\/03\/14\/legalita-estate-con-libera-in-calabria-20-campi\/","og_locale":"it_IT","og_type":"article","og_title":"Legalit\u00e0: \"Estate con Libera\", in Calabria 20 \"campi\"","og_description":"Riparte la stagione di \"E!State Liberi!\", i campi di impegno e formazione promossi da Libera sui beni confiscati alle mafie","og_url":"https:\/\/progettotouring.it\/radiotouring104\/2023\/03\/14\/legalita-estate-con-libera-in-calabria-20-campi\/","og_site_name":"Radio Touring 104","article_published_time":"2023-03-14T11:09:56+00:00","article_modified_time":"2023-03-14T11:11:35+00:00","og_image":[{"width":1200,"height":1200,"url":"https:\/\/progettotouring.it\/radiotouring104\/wp-content\/uploads\/sites\/6\/2022\/12\/Libera.jpg","type":"image\/jpeg"}],"author":"Sebastiano Plutino","twitter_card":"summary_large_image","twitter_misc":{"Scritto da":"Sebastiano Plutino","Tempo di lettura stimato":"2 minuti"},"schema":{"@context":"https:\/\/schema.org","@graph":[{"@type":"Article","@id":"https:\/\/progettotouring.it\/radiotouring104\/2023\/03\/14\/legalita-estate-con-libera-in-calabria-20-campi\/#article","isPartOf":{"@id":"https:\/\/progettotouring.it\/radiotouring104\/2023\/03\/14\/legalita-estate-con-libera-in-calabria-20-campi\/"},"author":{"name":"Sebastiano Plutino","@id":"https:\/\/progettotouring.it\/radiotouring104\/#\/schema\/person\/78613917f1851f041f7483f5af1d422e"},"headline":"Legalit\u00e0: &#8220;Estate con Libera&#8221;, in Calabria 20 &#8220;campi&#8221;","datePublished":"2023-03-14T11:09:56+00:00","dateModified":"2023-03-14T11:11:35+00:00","mainEntityOfPage":{"@id":"https:\/\/progettotouring.it\/radiotouring104\/2023\/03\/14\/legalita-estate-con-libera-in-calabria-20-campi\/"},"wordCount":328,"publisher":{"@id":"https:\/\/progettotouring.it\/radiotouring104\/#organization"},"image":{"@id":"https:\/\/progettotouring.it\/radiotouring104\/2023\/03\/14\/legalita-estate-con-libera-in-calabria-20-campi\/#primaryimage"},"thumbnailUrl":"https:\/\/progettotouring.it\/radiotouring104\/wp-content\/uploads\/sites\/6\/2022\/12\/Libera.jpg","keywords":["\"Estate con Libera\"","20 campi in Calabria","beni confiscati alle mafie","campi di impegno e formazione promossi da Libera","Luigi Ciotti","Riparte la stagione di \"E!State Liberi!\""],"articleSection":["Calabria","Home","News"],"inLanguage":"it-IT"},{"@type":"WebPage","@id":"https:\/\/progettotouring.it\/radiotouring104\/2023\/03\/14\/legalita-estate-con-libera-in-calabria-20-campi\/","url":"https:\/\/progettotouring.it\/radiotouring104\/2023\/03\/14\/legalita-estate-con-libera-in-calabria-20-campi\/","name":"Legalit\u00e0: \"Estate con Libera\", in Calabria 20 \"campi\"","isPartOf":{"@id":"https:\/\/progettotouring.it\/radiotouring104\/#website"},"primaryImageOfPage":{"@id":"https:\/\/progettotouring.it\/radiotouring104\/2023\/03\/14\/legalita-estate-con-libera-in-calabria-20-campi\/#primaryimage"},"image":{"@id":"https:\/\/progettotouring.it\/radiotouring104\/2023\/03\/14\/legalita-estate-con-libera-in-calabria-20-campi\/#primaryimage"},"thumbnailUrl":"https:\/\/progettotouring.it\/radiotouring104\/wp-content\/uploads\/sites\/6\/2022\/12\/Libera.jpg","datePublished":"2023-03-14T11:09:56+00:00","dateModified":"2023-03-14T11:11:35+00:00","description":"Riparte la stagione di \"E!State Liberi!\", i campi di impegno e formazione promossi da Libera sui beni confiscati alle mafie","breadcrumb":{"@id":"https:\/\/progettotouring.it\/radiotouring104\/2023\/03\/14\/legalita-estate-con-libera-in-calabria-20-campi\/#breadcrumb"},"inLanguage":"it-IT","potentialAction":[{"@type":"ReadAction","target":["https:\/\/progettotouring.it\/radiotouring104\/2023\/03\/14\/legalita-estate-con-libera-in-calabria-20-campi\/"]}]},{"@type":"ImageObject","inLanguage":"it-IT","@id":"https:\/\/progettotouring.it\/radiotouring104\/2023\/03\/14\/legalita-estate-con-libera-in-calabria-20-campi\/#primaryimage","url":"https:\/\/progettotouring.it\/radiotouring104\/wp-content\/uploads\/sites\/6\/2022\/12\/Libera.jpg","contentUrl":"https:\/\/progettotouring.it\/radiotouring104\/wp-content\/uploads\/sites\/6\/2022\/12\/Libera.jpg","width":1200,"height":1200},{"@type":"BreadcrumbList","@id":"https:\/\/progettotouring.it\/radiotouring104\/2023\/03\/14\/legalita-estate-con-libera-in-calabria-20-campi\/#breadcrumb","itemListElement":[{"@type":"ListItem","position":1,"name":"Home","item":"https:\/\/progettotouring.it\/radiotouring104\/"},{"@type":"ListItem","position":2,"name":"Legalit\u00e0: &#8220;Estate con Libera&#8221;, in Calabria 20 &#8220;campi&#8221;"}]},{"@type":"WebSite","@id":"https:\/\/progettotouring.it\/radiotouring104\/#website","url":"https:\/\/progettotouring.it\/radiotouring104\/","name":"Radio Touring 104","description":"La prima radio Reggina","publisher":{"@id":"https:\/\/progettotouring.it\/radiotouring104\/#organization"},"potentialAction":[{"@type":"SearchAction","target":{"@type":"EntryPoint","urlTemplate":"https:\/\/progettotouring.it\/radiotouring104\/?s={search_term_string}"},"query-input":{"@type":"PropertyValueSpecification","valueRequired":true,"valueName":"search_term_string"}}],"inLanguage":"it-IT"},{"@type":"Organization","@id":"https:\/\/progettotouring.it\/radiotouring104\/#organization","name":"Radio Touring 104","url":"https:\/\/progettotouring.it\/radiotouring104\/","logo":{"@type":"ImageObject","inLanguage":"it-IT","@id":"https:\/\/progettotouring.it\/radiotouring104\/#\/schema\/logo\/image\/","url":"https:\/\/progettotouring.it\/radiotouring104\/wp-content\/uploads\/sites\/6\/2022\/02\/cropped-logo-radio-touring-104.png","contentUrl":"https:\/\/progettotouring.it\/radiotouring104\/wp-content\/uploads\/sites\/6\/2022\/02\/cropped-logo-radio-touring-104.png","width":377,"height":182,"caption":"Radio Touring 104"},"image":{"@id":"https:\/\/progettotouring.it\/radiotouring104\/#\/schema\/logo\/image\/"}},{"@type":"Person","@id":"https:\/\/progettotouring.it\/radiotouring104\/#\/schema\/person\/78613917f1851f041f7483f5af1d422e","name":"Sebastiano Plutino","image":{"@type":"ImageObject","inLanguage":"it-IT","@id":"https:\/\/secure.gravatar.com\/avatar\/0546ffaa9b79224faf9f2a156b67a529ae861d3287c66c1d8ccfdf909bcba78d?s=96&d=mm&r=g","url":"https:\/\/secure.gravatar.com\/avatar\/0546ffaa9b79224faf9f2a156b67a529ae861d3287c66c1d8ccfdf909bcba78d?s=96&d=mm&r=g","contentUrl":"https:\/\/secure.gravatar.com\/avatar\/0546ffaa9b79224faf9f2a156b67a529ae861d3287c66c1d8ccfdf909bcba78d?s=96&d=mm&r=g","caption":"Sebastiano Plutino"},"url":"https:\/\/progettotouring.it\/radiotouring104\/author\/sebastiano\/"}]}},"jetpack_publicize_connections":[],"jetpack_featured_media_url":"https:\/\/progettotouring.it\/radiotouring104\/wp-content\/uploads\/sites\/6\/2022\/12\/Libera.jpg","jetpack_sharing_enabled":true,"_links":{"self":[{"href":"https:\/\/progettotouring.it\/radiotouring104\/wp-json\/wp\/v2\/posts\/20859","targetHints":{"allow":["GET"]}}],"collection":[{"href":"https:\/\/progettotouring.it\/radiotouring104\/wp-json\/wp\/v2\/posts"}],"about":[{"href":"https:\/\/progettotouring.it\/radiotouring104\/wp-json\/wp\/v2\/types\/post"}],"author":[{"embeddable":true,"href":"https:\/\/progettotouring.it\/radiotouring104\/wp-json\/wp\/v2\/users\/12"}],"replies":[{"embeddable":true,"href":"https:\/\/progettotouring.it\/radiotouring104\/wp-json\/wp\/v2\/comments?post=20859"}],"version-history":[{"count":1,"href":"https:\/\/progettotouring.it\/radiotouring104\/wp-json\/wp\/v2\/posts\/20859\/revisions"}],"predecessor-version":[{"id":20860,"href":"https:\/\/progettotouring.it\/radiotouring104\/wp-json\/wp\/v2\/posts\/20859\/revisions\/20860"}],"wp:featuredmedia":[{"embeddable":true,"href":"https:\/\/progettotouring.it\/radiotouring104\/wp-json\/wp\/v2\/media\/15804"}],"wp:attachment":[{"href":"https:\/\/progettotouring.it\/radiotouring104\/wp-json\/wp\/v2\/media?parent=20859"}],"wp:term":[{"taxonomy":"category","embeddable":true,"href":"https:\/\/progettotouring.it\/radiotouring104\/wp-json\/wp\/v2\/categories?post=20859"},{"taxonomy":"post_tag","embeddable":true,"href":"https:\/\/progettotouring.it\/radiotouring104\/wp-json\/wp\/v2\/tags?post=20859"}],"curies":[{"name":"wp","href":"https:\/\/api.w.org\/{rel}","templated":true}]}}