{"id":20864,"date":"2023-03-14T12:28:56","date_gmt":"2023-03-14T11:28:56","guid":{"rendered":"https:\/\/progettotouring.it\/radiotouring104\/?p=20864"},"modified":"2023-03-14T12:32:31","modified_gmt":"2023-03-14T11:32:31","slug":"carceri-paola-sovrintendente-aggredito-e-schiaffeggiato","status":"publish","type":"post","link":"https:\/\/progettotouring.it\/radiotouring104\/2023\/03\/14\/carceri-paola-sovrintendente-aggredito-e-schiaffeggiato\/","title":{"rendered":"Carceri: Paola, sovrintendente aggredito e schiaffeggiato"},"content":{"rendered":"<p>Avrebbero preteso, atteggiandosi con modi mafiosi, di far allontanare dalla loro sezione due detenuti di origine africana a loro non graditi. E, per questo, prima hanno aggredito anche con degli sputi i due e, successivamente, si sono scagliati contro un sovrintendente di Polizia penitenziaria che uno di loro ha anche preso a schiaffi. E&#8217; quanto accaduto &#8211; segnala il segretario regionale del sindacato Sappe Calabria Damiano Bellucci &#8211; lo scorso sabato nel carcere di Paola. &#8220;Non \u00e8 purtroppo la prima volta &#8211; aggiunge Bellucci &#8211; che nella struttura di Paola si verificano atti di aggressione nei confronti del personale di Polizia penitenziaria: urgono urgenti interventi, un congruo incremento di organico per fronteggiare la criminalit\u00e0 che persiste nell&#8217;istituto di pena nonostante la detenzione. Credo che la Polizia penitenziaria di Paola, che ha pure dimostrato grande professionalit\u00e0 e senso del dovere, non debba pagare le tensioni legate, sotto il profilo della sicurezza e dell&#8217;ordine interno, alle minacce ed alle proteste violente di alcuni ristretti violenti che evidentemente pensano di stare in un albergo e non in un carcere&#8221;. Solidariet\u00e0 viene espressa agli agenti da Donato Capece, segretario generale del Sappe. &#8220;Il nostro sindacato &#8211; afferma Capece &#8211; denuncia da tempo che le carceri sono diventate un colabrodo per le precise responsabilit\u00e0 di ha creduto che allargare a dismisura le maglie del trattamento a discapito della sicurezza interna ed in danno delle donne e degli uomini della Polizia penitenziaria. Sono decenni &#8211; prosegue &#8211; che chiediamo l&#8217;espulsione dei detenuti stranieri, un terzo degli attuali presenti in Italia, per fare scontare loro, nelle loro carceri, le pene come sollecitiamo anche di prevedere la riapertura degli Ospedali psichiatrici giudiziari dove mettere i detenuti con problemi psichiatrici, sempre pi\u00f9 numerosi, oggi presenti nel circuito detentivo ordinari. Ma servono anche pi\u00f9 tecnologia e pi\u00f9 investimenti: la situazione resta allarmante, anche se gli uomini e le donne della Polizia penitenziaria garantiscono ordine e sicurezza pur a fronte di condizioni di lavoro particolarmente stressanti e gravose&#8221;. (ANSA).<\/p>\n","protected":false},"excerpt":{"rendered":"<p>Avrebbero preteso, atteggiandosi con modi mafiosi, di far allontanare dalla loro sezione due detenuti di origine africana a loro non graditi. E, per questo, prima hanno aggredito anche con degli&hellip;<\/p>\n","protected":false},"author":12,"featured_media":18215,"comment_status":"closed","ping_status":"open","sticky":false,"template":"","format":"standard","meta":{"_jetpack_memberships_contains_paid_content":false,"footnotes":"","jetpack_publicize_message":"","jetpack_publicize_feature_enabled":true,"jetpack_social_post_already_shared":false,"jetpack_social_options":{"image_generator_settings":{"template":"highway","default_image_id":0,"font":"","enabled":false},"version":2}},"categories":[142,921,196],"tags":[11467,11465,11469,11470,11468,11466],"class_list":["post-20864","post","type-post","status-publish","format-standard","has-post-thumbnail","hentry","category-calabria","category-home","category-news","tag-aggressione-scaturita-da-pretesa-di-allontamento-di-due-detenuti-di-origine-africana","tag-carcere-di-paola","tag-donato-capece","tag-segretario-generale-del-sappe","tag-segretario-regionale-del-sindacato-sappe-calabria-damiano-bellucc","tag-sovrintendente-aggredito-e-schiaffeggiato"],"yoast_head":"<!-- This site is optimized with the Yoast SEO plugin v27.2 - https:\/\/yoast.com\/product\/yoast-seo-wordpress\/ -->\n<title>Carceri: Paola, sovrintendente aggredito e schiaffeggiato<\/title>\n<meta name=\"description\" content=\"Avrebbero preteso, atteggiandosi con modi mafiosi, di far allontanare dalla loro sezione due detenuti di origine africana a loro non graditi\" \/>\n<meta name=\"robots\" content=\"index, follow, max-snippet:-1, max-image-preview:large, max-video-preview:-1\" \/>\n<link rel=\"canonical\" href=\"https:\/\/progettotouring.it\/radiotouring104\/2023\/03\/14\/carceri-paola-sovrintendente-aggredito-e-schiaffeggiato\/\" \/>\n<meta property=\"og:locale\" content=\"it_IT\" \/>\n<meta property=\"og:type\" content=\"article\" \/>\n<meta property=\"og:title\" content=\"Carceri: Paola, sovrintendente aggredito e schiaffeggiato\" \/>\n<meta property=\"og:description\" content=\"Avrebbero preteso, atteggiandosi con modi mafiosi, di far allontanare dalla loro sezione due detenuti di origine africana a loro non graditi\" \/>\n<meta property=\"og:url\" content=\"https:\/\/progettotouring.it\/radiotouring104\/2023\/03\/14\/carceri-paola-sovrintendente-aggredito-e-schiaffeggiato\/\" \/>\n<meta property=\"og:site_name\" content=\"Radio Touring 104\" \/>\n<meta property=\"article:published_time\" content=\"2023-03-14T11:28:56+00:00\" \/>\n<meta property=\"article:modified_time\" content=\"2023-03-14T11:32:31+00:00\" \/>\n<meta property=\"og:image\" content=\"https:\/\/progettotouring.it\/radiotouring104\/wp-content\/uploads\/sites\/6\/2023\/02\/carcere-di-Palmi.jpg\" \/>\n\t<meta property=\"og:image:width\" content=\"330\" \/>\n\t<meta property=\"og:image:height\" content=\"252\" \/>\n\t<meta property=\"og:image:type\" content=\"image\/jpeg\" \/>\n<meta name=\"author\" content=\"Sebastiano Plutino\" \/>\n<meta name=\"twitter:card\" content=\"summary_large_image\" \/>\n<meta name=\"twitter:label1\" content=\"Scritto da\" \/>\n\t<meta name=\"twitter:data1\" content=\"Sebastiano Plutino\" \/>\n\t<meta name=\"twitter:label2\" content=\"Tempo di lettura stimato\" \/>\n\t<meta name=\"twitter:data2\" content=\"2 minuti\" \/>\n<script type=\"application\/ld+json\" class=\"yoast-schema-graph\">{\"@context\":\"https:\/\/schema.org\",\"@graph\":[{\"@type\":\"Article\",\"@id\":\"https:\/\/progettotouring.it\/radiotouring104\/2023\/03\/14\/carceri-paola-sovrintendente-aggredito-e-schiaffeggiato\/#article\",\"isPartOf\":{\"@id\":\"https:\/\/progettotouring.it\/radiotouring104\/2023\/03\/14\/carceri-paola-sovrintendente-aggredito-e-schiaffeggiato\/\"},\"author\":{\"name\":\"Sebastiano Plutino\",\"@id\":\"https:\/\/progettotouring.it\/radiotouring104\/#\/schema\/person\/78613917f1851f041f7483f5af1d422e\"},\"headline\":\"Carceri: Paola, sovrintendente aggredito e schiaffeggiato\",\"datePublished\":\"2023-03-14T11:28:56+00:00\",\"dateModified\":\"2023-03-14T11:32:31+00:00\",\"mainEntityOfPage\":{\"@id\":\"https:\/\/progettotouring.it\/radiotouring104\/2023\/03\/14\/carceri-paola-sovrintendente-aggredito-e-schiaffeggiato\/\"},\"wordCount\":333,\"publisher\":{\"@id\":\"https:\/\/progettotouring.it\/radiotouring104\/#organization\"},\"image\":{\"@id\":\"https:\/\/progettotouring.it\/radiotouring104\/2023\/03\/14\/carceri-paola-sovrintendente-aggredito-e-schiaffeggiato\/#primaryimage\"},\"thumbnailUrl\":\"https:\/\/progettotouring.it\/radiotouring104\/wp-content\/uploads\/sites\/6\/2023\/02\/carcere-di-Palmi.jpg\",\"keywords\":[\"aggressione scaturita da pretesa di allontamento di due detenuti di origine africana\",\"Carcere di Paola\",\"Donato Capece\",\"segretario generale del Sappe\",\"segretario regionale del sindacato Sappe Calabria Damiano Bellucc\",\"sovrintendente aggredito e schiaffeggiato\"],\"articleSection\":[\"Calabria\",\"Home\",\"News\"],\"inLanguage\":\"it-IT\"},{\"@type\":\"WebPage\",\"@id\":\"https:\/\/progettotouring.it\/radiotouring104\/2023\/03\/14\/carceri-paola-sovrintendente-aggredito-e-schiaffeggiato\/\",\"url\":\"https:\/\/progettotouring.it\/radiotouring104\/2023\/03\/14\/carceri-paola-sovrintendente-aggredito-e-schiaffeggiato\/\",\"name\":\"Carceri: Paola, sovrintendente aggredito e schiaffeggiato\",\"isPartOf\":{\"@id\":\"https:\/\/progettotouring.it\/radiotouring104\/#website\"},\"primaryImageOfPage\":{\"@id\":\"https:\/\/progettotouring.it\/radiotouring104\/2023\/03\/14\/carceri-paola-sovrintendente-aggredito-e-schiaffeggiato\/#primaryimage\"},\"image\":{\"@id\":\"https:\/\/progettotouring.it\/radiotouring104\/2023\/03\/14\/carceri-paola-sovrintendente-aggredito-e-schiaffeggiato\/#primaryimage\"},\"thumbnailUrl\":\"https:\/\/progettotouring.it\/radiotouring104\/wp-content\/uploads\/sites\/6\/2023\/02\/carcere-di-Palmi.jpg\",\"datePublished\":\"2023-03-14T11:28:56+00:00\",\"dateModified\":\"2023-03-14T11:32:31+00:00\",\"description\":\"Avrebbero preteso, atteggiandosi con modi mafiosi, di far allontanare dalla loro sezione due detenuti di origine africana a loro non graditi\",\"breadcrumb\":{\"@id\":\"https:\/\/progettotouring.it\/radiotouring104\/2023\/03\/14\/carceri-paola-sovrintendente-aggredito-e-schiaffeggiato\/#breadcrumb\"},\"inLanguage\":\"it-IT\",\"potentialAction\":[{\"@type\":\"ReadAction\",\"target\":[\"https:\/\/progettotouring.it\/radiotouring104\/2023\/03\/14\/carceri-paola-sovrintendente-aggredito-e-schiaffeggiato\/\"]}]},{\"@type\":\"ImageObject\",\"inLanguage\":\"it-IT\",\"@id\":\"https:\/\/progettotouring.it\/radiotouring104\/2023\/03\/14\/carceri-paola-sovrintendente-aggredito-e-schiaffeggiato\/#primaryimage\",\"url\":\"https:\/\/progettotouring.it\/radiotouring104\/wp-content\/uploads\/sites\/6\/2023\/02\/carcere-di-Palmi.jpg\",\"contentUrl\":\"https:\/\/progettotouring.it\/radiotouring104\/wp-content\/uploads\/sites\/6\/2023\/02\/carcere-di-Palmi.jpg\",\"width\":330,\"height\":252},{\"@type\":\"BreadcrumbList\",\"@id\":\"https:\/\/progettotouring.it\/radiotouring104\/2023\/03\/14\/carceri-paola-sovrintendente-aggredito-e-schiaffeggiato\/#breadcrumb\",\"itemListElement\":[{\"@type\":\"ListItem\",\"position\":1,\"name\":\"Home\",\"item\":\"https:\/\/progettotouring.it\/radiotouring104\/\"},{\"@type\":\"ListItem\",\"position\":2,\"name\":\"Carceri: Paola, sovrintendente aggredito e schiaffeggiato\"}]},{\"@type\":\"WebSite\",\"@id\":\"https:\/\/progettotouring.it\/radiotouring104\/#website\",\"url\":\"https:\/\/progettotouring.it\/radiotouring104\/\",\"name\":\"Radio Touring 104\",\"description\":\"La prima radio Reggina\",\"publisher\":{\"@id\":\"https:\/\/progettotouring.it\/radiotouring104\/#organization\"},\"potentialAction\":[{\"@type\":\"SearchAction\",\"target\":{\"@type\":\"EntryPoint\",\"urlTemplate\":\"https:\/\/progettotouring.it\/radiotouring104\/?s={search_term_string}\"},\"query-input\":{\"@type\":\"PropertyValueSpecification\",\"valueRequired\":true,\"valueName\":\"search_term_string\"}}],\"inLanguage\":\"it-IT\"},{\"@type\":\"Organization\",\"@id\":\"https:\/\/progettotouring.it\/radiotouring104\/#organization\",\"name\":\"Radio Touring 104\",\"url\":\"https:\/\/progettotouring.it\/radiotouring104\/\",\"logo\":{\"@type\":\"ImageObject\",\"inLanguage\":\"it-IT\",\"@id\":\"https:\/\/progettotouring.it\/radiotouring104\/#\/schema\/logo\/image\/\",\"url\":\"https:\/\/progettotouring.it\/radiotouring104\/wp-content\/uploads\/sites\/6\/2022\/02\/cropped-logo-radio-touring-104.png\",\"contentUrl\":\"https:\/\/progettotouring.it\/radiotouring104\/wp-content\/uploads\/sites\/6\/2022\/02\/cropped-logo-radio-touring-104.png\",\"width\":377,\"height\":182,\"caption\":\"Radio Touring 104\"},\"image\":{\"@id\":\"https:\/\/progettotouring.it\/radiotouring104\/#\/schema\/logo\/image\/\"}},{\"@type\":\"Person\",\"@id\":\"https:\/\/progettotouring.it\/radiotouring104\/#\/schema\/person\/78613917f1851f041f7483f5af1d422e\",\"name\":\"Sebastiano Plutino\",\"image\":{\"@type\":\"ImageObject\",\"inLanguage\":\"it-IT\",\"@id\":\"https:\/\/secure.gravatar.com\/avatar\/0546ffaa9b79224faf9f2a156b67a529ae861d3287c66c1d8ccfdf909bcba78d?s=96&d=mm&r=g\",\"url\":\"https:\/\/secure.gravatar.com\/avatar\/0546ffaa9b79224faf9f2a156b67a529ae861d3287c66c1d8ccfdf909bcba78d?s=96&d=mm&r=g\",\"contentUrl\":\"https:\/\/secure.gravatar.com\/avatar\/0546ffaa9b79224faf9f2a156b67a529ae861d3287c66c1d8ccfdf909bcba78d?s=96&d=mm&r=g\",\"caption\":\"Sebastiano Plutino\"},\"url\":\"https:\/\/progettotouring.it\/radiotouring104\/author\/sebastiano\/\"}]}<\/script>\n<!-- \/ Yoast SEO plugin. -->","yoast_head_json":{"title":"Carceri: Paola, sovrintendente aggredito e schiaffeggiato","description":"Avrebbero preteso, atteggiandosi con modi mafiosi, di far allontanare dalla loro sezione due detenuti di origine africana a loro non graditi","robots":{"index":"index","follow":"follow","max-snippet":"max-snippet:-1","max-image-preview":"max-image-preview:large","max-video-preview":"max-video-preview:-1"},"canonical":"https:\/\/progettotouring.it\/radiotouring104\/2023\/03\/14\/carceri-paola-sovrintendente-aggredito-e-schiaffeggiato\/","og_locale":"it_IT","og_type":"article","og_title":"Carceri: Paola, sovrintendente aggredito e schiaffeggiato","og_description":"Avrebbero preteso, atteggiandosi con modi mafiosi, di far allontanare dalla loro sezione due detenuti di origine africana a loro non graditi","og_url":"https:\/\/progettotouring.it\/radiotouring104\/2023\/03\/14\/carceri-paola-sovrintendente-aggredito-e-schiaffeggiato\/","og_site_name":"Radio Touring 104","article_published_time":"2023-03-14T11:28:56+00:00","article_modified_time":"2023-03-14T11:32:31+00:00","og_image":[{"width":330,"height":252,"url":"https:\/\/progettotouring.it\/radiotouring104\/wp-content\/uploads\/sites\/6\/2023\/02\/carcere-di-Palmi.jpg","type":"image\/jpeg"}],"author":"Sebastiano Plutino","twitter_card":"summary_large_image","twitter_misc":{"Scritto da":"Sebastiano Plutino","Tempo di lettura stimato":"2 minuti"},"schema":{"@context":"https:\/\/schema.org","@graph":[{"@type":"Article","@id":"https:\/\/progettotouring.it\/radiotouring104\/2023\/03\/14\/carceri-paola-sovrintendente-aggredito-e-schiaffeggiato\/#article","isPartOf":{"@id":"https:\/\/progettotouring.it\/radiotouring104\/2023\/03\/14\/carceri-paola-sovrintendente-aggredito-e-schiaffeggiato\/"},"author":{"name":"Sebastiano Plutino","@id":"https:\/\/progettotouring.it\/radiotouring104\/#\/schema\/person\/78613917f1851f041f7483f5af1d422e"},"headline":"Carceri: Paola, sovrintendente aggredito e schiaffeggiato","datePublished":"2023-03-14T11:28:56+00:00","dateModified":"2023-03-14T11:32:31+00:00","mainEntityOfPage":{"@id":"https:\/\/progettotouring.it\/radiotouring104\/2023\/03\/14\/carceri-paola-sovrintendente-aggredito-e-schiaffeggiato\/"},"wordCount":333,"publisher":{"@id":"https:\/\/progettotouring.it\/radiotouring104\/#organization"},"image":{"@id":"https:\/\/progettotouring.it\/radiotouring104\/2023\/03\/14\/carceri-paola-sovrintendente-aggredito-e-schiaffeggiato\/#primaryimage"},"thumbnailUrl":"https:\/\/progettotouring.it\/radiotouring104\/wp-content\/uploads\/sites\/6\/2023\/02\/carcere-di-Palmi.jpg","keywords":["aggressione scaturita da pretesa di allontamento di due detenuti di origine africana","Carcere di Paola","Donato Capece","segretario generale del Sappe","segretario regionale del sindacato Sappe Calabria Damiano Bellucc","sovrintendente aggredito e schiaffeggiato"],"articleSection":["Calabria","Home","News"],"inLanguage":"it-IT"},{"@type":"WebPage","@id":"https:\/\/progettotouring.it\/radiotouring104\/2023\/03\/14\/carceri-paola-sovrintendente-aggredito-e-schiaffeggiato\/","url":"https:\/\/progettotouring.it\/radiotouring104\/2023\/03\/14\/carceri-paola-sovrintendente-aggredito-e-schiaffeggiato\/","name":"Carceri: Paola, sovrintendente aggredito e schiaffeggiato","isPartOf":{"@id":"https:\/\/progettotouring.it\/radiotouring104\/#website"},"primaryImageOfPage":{"@id":"https:\/\/progettotouring.it\/radiotouring104\/2023\/03\/14\/carceri-paola-sovrintendente-aggredito-e-schiaffeggiato\/#primaryimage"},"image":{"@id":"https:\/\/progettotouring.it\/radiotouring104\/2023\/03\/14\/carceri-paola-sovrintendente-aggredito-e-schiaffeggiato\/#primaryimage"},"thumbnailUrl":"https:\/\/progettotouring.it\/radiotouring104\/wp-content\/uploads\/sites\/6\/2023\/02\/carcere-di-Palmi.jpg","datePublished":"2023-03-14T11:28:56+00:00","dateModified":"2023-03-14T11:32:31+00:00","description":"Avrebbero preteso, atteggiandosi con modi mafiosi, di far allontanare dalla loro sezione due detenuti di origine africana a loro non graditi","breadcrumb":{"@id":"https:\/\/progettotouring.it\/radiotouring104\/2023\/03\/14\/carceri-paola-sovrintendente-aggredito-e-schiaffeggiato\/#breadcrumb"},"inLanguage":"it-IT","potentialAction":[{"@type":"ReadAction","target":["https:\/\/progettotouring.it\/radiotouring104\/2023\/03\/14\/carceri-paola-sovrintendente-aggredito-e-schiaffeggiato\/"]}]},{"@type":"ImageObject","inLanguage":"it-IT","@id":"https:\/\/progettotouring.it\/radiotouring104\/2023\/03\/14\/carceri-paola-sovrintendente-aggredito-e-schiaffeggiato\/#primaryimage","url":"https:\/\/progettotouring.it\/radiotouring104\/wp-content\/uploads\/sites\/6\/2023\/02\/carcere-di-Palmi.jpg","contentUrl":"https:\/\/progettotouring.it\/radiotouring104\/wp-content\/uploads\/sites\/6\/2023\/02\/carcere-di-Palmi.jpg","width":330,"height":252},{"@type":"BreadcrumbList","@id":"https:\/\/progettotouring.it\/radiotouring104\/2023\/03\/14\/carceri-paola-sovrintendente-aggredito-e-schiaffeggiato\/#breadcrumb","itemListElement":[{"@type":"ListItem","position":1,"name":"Home","item":"https:\/\/progettotouring.it\/radiotouring104\/"},{"@type":"ListItem","position":2,"name":"Carceri: Paola, sovrintendente aggredito e schiaffeggiato"}]},{"@type":"WebSite","@id":"https:\/\/progettotouring.it\/radiotouring104\/#website","url":"https:\/\/progettotouring.it\/radiotouring104\/","name":"Radio Touring 104","description":"La prima radio Reggina","publisher":{"@id":"https:\/\/progettotouring.it\/radiotouring104\/#organization"},"potentialAction":[{"@type":"SearchAction","target":{"@type":"EntryPoint","urlTemplate":"https:\/\/progettotouring.it\/radiotouring104\/?s={search_term_string}"},"query-input":{"@type":"PropertyValueSpecification","valueRequired":true,"valueName":"search_term_string"}}],"inLanguage":"it-IT"},{"@type":"Organization","@id":"https:\/\/progettotouring.it\/radiotouring104\/#organization","name":"Radio Touring 104","url":"https:\/\/progettotouring.it\/radiotouring104\/","logo":{"@type":"ImageObject","inLanguage":"it-IT","@id":"https:\/\/progettotouring.it\/radiotouring104\/#\/schema\/logo\/image\/","url":"https:\/\/progettotouring.it\/radiotouring104\/wp-content\/uploads\/sites\/6\/2022\/02\/cropped-logo-radio-touring-104.png","contentUrl":"https:\/\/progettotouring.it\/radiotouring104\/wp-content\/uploads\/sites\/6\/2022\/02\/cropped-logo-radio-touring-104.png","width":377,"height":182,"caption":"Radio Touring 104"},"image":{"@id":"https:\/\/progettotouring.it\/radiotouring104\/#\/schema\/logo\/image\/"}},{"@type":"Person","@id":"https:\/\/progettotouring.it\/radiotouring104\/#\/schema\/person\/78613917f1851f041f7483f5af1d422e","name":"Sebastiano Plutino","image":{"@type":"ImageObject","inLanguage":"it-IT","@id":"https:\/\/secure.gravatar.com\/avatar\/0546ffaa9b79224faf9f2a156b67a529ae861d3287c66c1d8ccfdf909bcba78d?s=96&d=mm&r=g","url":"https:\/\/secure.gravatar.com\/avatar\/0546ffaa9b79224faf9f2a156b67a529ae861d3287c66c1d8ccfdf909bcba78d?s=96&d=mm&r=g","contentUrl":"https:\/\/secure.gravatar.com\/avatar\/0546ffaa9b79224faf9f2a156b67a529ae861d3287c66c1d8ccfdf909bcba78d?s=96&d=mm&r=g","caption":"Sebastiano Plutino"},"url":"https:\/\/progettotouring.it\/radiotouring104\/author\/sebastiano\/"}]}},"jetpack_publicize_connections":[],"jetpack_featured_media_url":"https:\/\/progettotouring.it\/radiotouring104\/wp-content\/uploads\/sites\/6\/2023\/02\/carcere-di-Palmi.jpg","jetpack_sharing_enabled":true,"_links":{"self":[{"href":"https:\/\/progettotouring.it\/radiotouring104\/wp-json\/wp\/v2\/posts\/20864","targetHints":{"allow":["GET"]}}],"collection":[{"href":"https:\/\/progettotouring.it\/radiotouring104\/wp-json\/wp\/v2\/posts"}],"about":[{"href":"https:\/\/progettotouring.it\/radiotouring104\/wp-json\/wp\/v2\/types\/post"}],"author":[{"embeddable":true,"href":"https:\/\/progettotouring.it\/radiotouring104\/wp-json\/wp\/v2\/users\/12"}],"replies":[{"embeddable":true,"href":"https:\/\/progettotouring.it\/radiotouring104\/wp-json\/wp\/v2\/comments?post=20864"}],"version-history":[{"count":1,"href":"https:\/\/progettotouring.it\/radiotouring104\/wp-json\/wp\/v2\/posts\/20864\/revisions"}],"predecessor-version":[{"id":20866,"href":"https:\/\/progettotouring.it\/radiotouring104\/wp-json\/wp\/v2\/posts\/20864\/revisions\/20866"}],"wp:featuredmedia":[{"embeddable":true,"href":"https:\/\/progettotouring.it\/radiotouring104\/wp-json\/wp\/v2\/media\/18215"}],"wp:attachment":[{"href":"https:\/\/progettotouring.it\/radiotouring104\/wp-json\/wp\/v2\/media?parent=20864"}],"wp:term":[{"taxonomy":"category","embeddable":true,"href":"https:\/\/progettotouring.it\/radiotouring104\/wp-json\/wp\/v2\/categories?post=20864"},{"taxonomy":"post_tag","embeddable":true,"href":"https:\/\/progettotouring.it\/radiotouring104\/wp-json\/wp\/v2\/tags?post=20864"}],"curies":[{"name":"wp","href":"https:\/\/api.w.org\/{rel}","templated":true}]}}