{"id":20996,"date":"2023-03-16T10:24:36","date_gmt":"2023-03-16T09:24:36","guid":{"rendered":"https:\/\/progettotouring.it\/radiotouring104\/?p=20996"},"modified":"2023-03-16T10:25:18","modified_gmt":"2023-03-16T09:25:18","slug":"lumanita-dei-luoghi-a-roghudi-il-18-marzo","status":"publish","type":"post","link":"https:\/\/progettotouring.it\/radiotouring104\/2023\/03\/16\/lumanita-dei-luoghi-a-roghudi-il-18-marzo\/","title":{"rendered":"\u201cL\u2019umanit\u00e0 dei luoghi\u201d a Roghudi il 18 marzo"},"content":{"rendered":"<p class=\"xmprfx_Default\">Pensato e promosso dal CSV dei Due Mari reggino e realizzato con il supporto di Med Media, \u201c<i>L\u2019umanit\u00e0 dei luoghi<\/i>\u201d \u00e8 una delle pi\u00f9 importanti attivit\u00e0 di promozione del volontariato e della cittadinanza attiva intraprese negli ultimi anni.<\/p>\n<p class=\"xmprfx_Default\">Il documentario coinvolge ventinove di gruppi e associazioni non profit e mette in luce legami e connessioni tra volontariato, territorio e comunit\u00e0 attraverso una trama cucita con eventi narrativi tratti da diverse esperienze di impegno gratuito, civico e solidale.<\/p>\n<p class=\"xmprfx_Default\">Il tema del\u00a0<i>cammino\u00a0<\/i>\u00e8 il filo conduttore di questo storytelling sulla nostra terra, sulle sue ferite e sulle sue bellezze.<\/p>\n<p class=\"xmprfx_Default\"><a target=\"_blank\" rel=\"noopener noreferrer\" name=\"_Hlk122982860\"><\/a>Un cammino che permette allo spettatore di percorrere la Citt\u00e0 Metropolitana dall\u2019Aspromonte al mare, dallo Jonio al Tirreno, dai borghi alle aree urbane, dalla Piana di Gioia Tauro all\u2019area dello Stretto, attraverso le voci e le storie di tante volontarie e di tanti volontari che ne abitano i diversi luoghi e che, con il loro impegno e la loro opera, danno vita a una inedita e toccante geografia umana della nostra\u00a0terra<\/p>\n<p class=\"xmprfx_MsoNormal\">Dall\u2019Aspromonte al mare: da Pietra Cappa con\u00a0<i>Accademia Kronos 1991<\/i>, passando per Bova con\u00a0<i>Nati per leggere area grecanica\u00a0<\/i>e Bruzzano Antica con il\u00a0<i>Circolo di Studi Storici Le Calabrie,<\/i>\u00a0fino a Brancaleone con il\u00a0<i>Centro Recupero Tartarughe Marine<\/i>, sul versante ionico, e fino a Palmi con\u00a0<i>Prometeus<\/i>\u00a0e\u00a0<i>Aism &#8211; associazione italiana sclerosi multipla<\/i>, a Villa San Giovanni con\u00a0<i>Ail &#8211; associazione italiana contro le leucemie, linfoma e mieloma sezioni di Reggio e Vibo Valentia<\/i>\u00a0e a Favazzina e Sant\u2019Eufemia d\u2019Aspromonte con\u00a0<i>Agape &#8211; associazione di volontariato cristiano<\/i>, sul versante dello Stretto. Tappa anche a Campo Calabro con il\u00a0<i>Banco Alimentare della Calabria con sede a Reggio<\/i>, a Castellace con\u00a0<i>Nasi rossi con il cuore<\/i>\u00a0e a Gerace con\u00a0<i>Club Unesco Re Italo<\/i>.<\/p>\n<p class=\"xmprfx_MsoNormal\">Il viaggio prosegue fino a Polistena con\u00a0<i>Il Samaritano<\/i>\u00a0e con la\u00a0<i>Comunit\u00e0 Padre Luigi Monti<\/i>\u00a0e a Rizziconi con\u00a0<i>Solidal\u2019\u00e8<\/i>. Della citt\u00e0 di Reggio Calabria raccontano\u00a0<i>Evelita<\/i>,\u00a0<i>Polisportiva L\u2019Aquilone<\/i>,\u00a0<i>Scuola Italiana in Piazza<\/i>,\u00a0<i>Avis comunale<\/i>,\u00a0<i>La Compagnia delle Stelle<\/i>. Prezioso il racconto delle periferie: a Condera con\u00a0<i>Fiadda &#8211; Famiglie per i diritti degli audiolesi<\/i>, a Pellaro con\u00a0<i>Annunciamo la gioia<\/i>\u00a0e\u00a0<i>Ace Medicina Solidale<\/i>, ad Arghill\u00e0 con\u00a0<i>Cuore di maglia<\/i>,\u00a0<i>Corredino Sospeso<\/i>,\u00a0<i>Pandora<\/i>\u00a0<i>Aps<\/i>\u00a0e associazione culturale\u00a0<i>Magnolia<\/i>\u00a0e ad Archi con il gruppo\u00a0<i>Archi \u00e8 bello<\/i>. Una menzione particolare alla\u00a0<i>Lega Navale di Reggio Calabria<\/i>, che ha fatto testimonianza mettendo anche disposizione una barca a vela per le riprese, e all\u2019Orchestra Giovanile dello Stretto diretta dal maestro Alessandro Monorchio, incontrata a Mosorrofa e a Reggio, che ha anche accompagnato con le sue note il racconto dei luoghi.<\/p>\n<p class=\"xmprfx_MsoNormal\">\n","protected":false},"excerpt":{"rendered":"<p>Pensato e promosso dal CSV dei Due Mari reggino e realizzato con il supporto di Med Media, \u201cL\u2019umanit\u00e0 dei luoghi\u201d \u00e8 una delle pi\u00f9 importanti attivit\u00e0 di promozione del volontariato&hellip;<\/p>\n","protected":false},"author":12,"featured_media":20999,"comment_status":"closed","ping_status":"open","sticky":false,"template":"","format":"standard","meta":{"_jetpack_memberships_contains_paid_content":false,"footnotes":"","jetpack_publicize_message":"","jetpack_publicize_feature_enabled":true,"jetpack_social_post_already_shared":false,"jetpack_social_options":{"image_generator_settings":{"template":"highway","default_image_id":0,"font":"","enabled":false},"version":2}},"categories":[921,196,140],"tags":[11564,11563,11565,7882,3933],"class_list":["post-20996","post","type-post","status-publish","format-standard","has-post-thumbnail","hentry","category-home","category-news","category-reggio-calabria","tag-csv-dei-due-mari-reggino","tag-documentario-lumanita-dei-luoghi","tag-documentario-sul-volontariato","tag-med-media","tag-roghudi"],"yoast_head":"<!-- This site is optimized with the Yoast SEO plugin v27.2 - https:\/\/yoast.com\/product\/yoast-seo-wordpress\/ -->\n<title>\u201cL\u2019umanit\u00e0 dei luoghi\u201d a Roghudi il 18 marzo - Radio Touring 104<\/title>\n<meta name=\"description\" content=\"Il 18 marzo alle 17:00 presso l\u2019Access Point di Roghudi la proiezione del documentario sul volontariato reggino\" \/>\n<meta name=\"robots\" content=\"index, follow, max-snippet:-1, max-image-preview:large, max-video-preview:-1\" \/>\n<link rel=\"canonical\" href=\"https:\/\/progettotouring.it\/radiotouring104\/2023\/03\/16\/lumanita-dei-luoghi-a-roghudi-il-18-marzo\/\" \/>\n<meta property=\"og:locale\" content=\"it_IT\" \/>\n<meta property=\"og:type\" content=\"article\" \/>\n<meta property=\"og:title\" content=\"\u201cL\u2019umanit\u00e0 dei luoghi\u201d a Roghudi il 18 marzo - Radio Touring 104\" \/>\n<meta property=\"og:description\" content=\"Il 18 marzo alle 17:00 presso l\u2019Access Point di Roghudi la proiezione del documentario sul volontariato reggino\" \/>\n<meta property=\"og:url\" content=\"https:\/\/progettotouring.it\/radiotouring104\/2023\/03\/16\/lumanita-dei-luoghi-a-roghudi-il-18-marzo\/\" \/>\n<meta property=\"og:site_name\" content=\"Radio Touring 104\" \/>\n<meta property=\"article:published_time\" content=\"2023-03-16T09:24:36+00:00\" \/>\n<meta property=\"article:modified_time\" content=\"2023-03-16T09:25:18+00:00\" \/>\n<meta property=\"og:image\" content=\"https:\/\/progettotouring.it\/radiotouring104\/wp-content\/uploads\/sites\/6\/2023\/03\/Roghudi-Umanita-documentario-sul-Volontariato-Rc.png\" \/>\n\t<meta property=\"og:image:width\" content=\"1414\" \/>\n\t<meta property=\"og:image:height\" content=\"840\" \/>\n\t<meta property=\"og:image:type\" content=\"image\/png\" \/>\n<meta name=\"author\" content=\"Sebastiano Plutino\" \/>\n<meta name=\"twitter:card\" content=\"summary_large_image\" \/>\n<meta name=\"twitter:label1\" content=\"Scritto da\" \/>\n\t<meta name=\"twitter:data1\" content=\"Sebastiano Plutino\" \/>\n\t<meta name=\"twitter:label2\" content=\"Tempo di lettura stimato\" \/>\n\t<meta name=\"twitter:data2\" content=\"2 minuti\" \/>\n<script type=\"application\/ld+json\" class=\"yoast-schema-graph\">{\"@context\":\"https:\/\/schema.org\",\"@graph\":[{\"@type\":\"Article\",\"@id\":\"https:\/\/progettotouring.it\/radiotouring104\/2023\/03\/16\/lumanita-dei-luoghi-a-roghudi-il-18-marzo\/#article\",\"isPartOf\":{\"@id\":\"https:\/\/progettotouring.it\/radiotouring104\/2023\/03\/16\/lumanita-dei-luoghi-a-roghudi-il-18-marzo\/\"},\"author\":{\"name\":\"Sebastiano Plutino\",\"@id\":\"https:\/\/progettotouring.it\/radiotouring104\/#\/schema\/person\/78613917f1851f041f7483f5af1d422e\"},\"headline\":\"\u201cL\u2019umanit\u00e0 dei luoghi\u201d a Roghudi il 18 marzo\",\"datePublished\":\"2023-03-16T09:24:36+00:00\",\"dateModified\":\"2023-03-16T09:25:18+00:00\",\"mainEntityOfPage\":{\"@id\":\"https:\/\/progettotouring.it\/radiotouring104\/2023\/03\/16\/lumanita-dei-luoghi-a-roghudi-il-18-marzo\/\"},\"wordCount\":446,\"publisher\":{\"@id\":\"https:\/\/progettotouring.it\/radiotouring104\/#organization\"},\"image\":{\"@id\":\"https:\/\/progettotouring.it\/radiotouring104\/2023\/03\/16\/lumanita-dei-luoghi-a-roghudi-il-18-marzo\/#primaryimage\"},\"thumbnailUrl\":\"https:\/\/progettotouring.it\/radiotouring104\/wp-content\/uploads\/sites\/6\/2023\/03\/Roghudi-Umanita-documentario-sul-Volontariato-Rc.png\",\"keywords\":[\"CSV dei Due Mari reggino\",\"documentario \u201cL\u2019umanit\u00e0 dei luoghi\",\"documentario sul Volontariato\",\"Med Media\",\"Roghudi\"],\"articleSection\":[\"Home\",\"News\",\"Reggio Calabria\"],\"inLanguage\":\"it-IT\"},{\"@type\":\"WebPage\",\"@id\":\"https:\/\/progettotouring.it\/radiotouring104\/2023\/03\/16\/lumanita-dei-luoghi-a-roghudi-il-18-marzo\/\",\"url\":\"https:\/\/progettotouring.it\/radiotouring104\/2023\/03\/16\/lumanita-dei-luoghi-a-roghudi-il-18-marzo\/\",\"name\":\"\u201cL\u2019umanit\u00e0 dei luoghi\u201d a Roghudi il 18 marzo - Radio Touring 104\",\"isPartOf\":{\"@id\":\"https:\/\/progettotouring.it\/radiotouring104\/#website\"},\"primaryImageOfPage\":{\"@id\":\"https:\/\/progettotouring.it\/radiotouring104\/2023\/03\/16\/lumanita-dei-luoghi-a-roghudi-il-18-marzo\/#primaryimage\"},\"image\":{\"@id\":\"https:\/\/progettotouring.it\/radiotouring104\/2023\/03\/16\/lumanita-dei-luoghi-a-roghudi-il-18-marzo\/#primaryimage\"},\"thumbnailUrl\":\"https:\/\/progettotouring.it\/radiotouring104\/wp-content\/uploads\/sites\/6\/2023\/03\/Roghudi-Umanita-documentario-sul-Volontariato-Rc.png\",\"datePublished\":\"2023-03-16T09:24:36+00:00\",\"dateModified\":\"2023-03-16T09:25:18+00:00\",\"description\":\"Il 18 marzo alle 17:00 presso l\u2019Access Point di Roghudi la proiezione del documentario sul volontariato reggino\",\"breadcrumb\":{\"@id\":\"https:\/\/progettotouring.it\/radiotouring104\/2023\/03\/16\/lumanita-dei-luoghi-a-roghudi-il-18-marzo\/#breadcrumb\"},\"inLanguage\":\"it-IT\",\"potentialAction\":[{\"@type\":\"ReadAction\",\"target\":[\"https:\/\/progettotouring.it\/radiotouring104\/2023\/03\/16\/lumanita-dei-luoghi-a-roghudi-il-18-marzo\/\"]}]},{\"@type\":\"ImageObject\",\"inLanguage\":\"it-IT\",\"@id\":\"https:\/\/progettotouring.it\/radiotouring104\/2023\/03\/16\/lumanita-dei-luoghi-a-roghudi-il-18-marzo\/#primaryimage\",\"url\":\"https:\/\/progettotouring.it\/radiotouring104\/wp-content\/uploads\/sites\/6\/2023\/03\/Roghudi-Umanita-documentario-sul-Volontariato-Rc.png\",\"contentUrl\":\"https:\/\/progettotouring.it\/radiotouring104\/wp-content\/uploads\/sites\/6\/2023\/03\/Roghudi-Umanita-documentario-sul-Volontariato-Rc.png\",\"width\":1414,\"height\":840},{\"@type\":\"BreadcrumbList\",\"@id\":\"https:\/\/progettotouring.it\/radiotouring104\/2023\/03\/16\/lumanita-dei-luoghi-a-roghudi-il-18-marzo\/#breadcrumb\",\"itemListElement\":[{\"@type\":\"ListItem\",\"position\":1,\"name\":\"Home\",\"item\":\"https:\/\/progettotouring.it\/radiotouring104\/\"},{\"@type\":\"ListItem\",\"position\":2,\"name\":\"\u201cL\u2019umanit\u00e0 dei luoghi\u201d a Roghudi il 18 marzo\"}]},{\"@type\":\"WebSite\",\"@id\":\"https:\/\/progettotouring.it\/radiotouring104\/#website\",\"url\":\"https:\/\/progettotouring.it\/radiotouring104\/\",\"name\":\"Radio Touring 104\",\"description\":\"La prima radio Reggina\",\"publisher\":{\"@id\":\"https:\/\/progettotouring.it\/radiotouring104\/#organization\"},\"potentialAction\":[{\"@type\":\"SearchAction\",\"target\":{\"@type\":\"EntryPoint\",\"urlTemplate\":\"https:\/\/progettotouring.it\/radiotouring104\/?s={search_term_string}\"},\"query-input\":{\"@type\":\"PropertyValueSpecification\",\"valueRequired\":true,\"valueName\":\"search_term_string\"}}],\"inLanguage\":\"it-IT\"},{\"@type\":\"Organization\",\"@id\":\"https:\/\/progettotouring.it\/radiotouring104\/#organization\",\"name\":\"Radio Touring 104\",\"url\":\"https:\/\/progettotouring.it\/radiotouring104\/\",\"logo\":{\"@type\":\"ImageObject\",\"inLanguage\":\"it-IT\",\"@id\":\"https:\/\/progettotouring.it\/radiotouring104\/#\/schema\/logo\/image\/\",\"url\":\"https:\/\/progettotouring.it\/radiotouring104\/wp-content\/uploads\/sites\/6\/2022\/02\/cropped-logo-radio-touring-104.png\",\"contentUrl\":\"https:\/\/progettotouring.it\/radiotouring104\/wp-content\/uploads\/sites\/6\/2022\/02\/cropped-logo-radio-touring-104.png\",\"width\":377,\"height\":182,\"caption\":\"Radio Touring 104\"},\"image\":{\"@id\":\"https:\/\/progettotouring.it\/radiotouring104\/#\/schema\/logo\/image\/\"}},{\"@type\":\"Person\",\"@id\":\"https:\/\/progettotouring.it\/radiotouring104\/#\/schema\/person\/78613917f1851f041f7483f5af1d422e\",\"name\":\"Sebastiano Plutino\",\"image\":{\"@type\":\"ImageObject\",\"inLanguage\":\"it-IT\",\"@id\":\"https:\/\/secure.gravatar.com\/avatar\/0546ffaa9b79224faf9f2a156b67a529ae861d3287c66c1d8ccfdf909bcba78d?s=96&d=mm&r=g\",\"url\":\"https:\/\/secure.gravatar.com\/avatar\/0546ffaa9b79224faf9f2a156b67a529ae861d3287c66c1d8ccfdf909bcba78d?s=96&d=mm&r=g\",\"contentUrl\":\"https:\/\/secure.gravatar.com\/avatar\/0546ffaa9b79224faf9f2a156b67a529ae861d3287c66c1d8ccfdf909bcba78d?s=96&d=mm&r=g\",\"caption\":\"Sebastiano Plutino\"},\"url\":\"https:\/\/progettotouring.it\/radiotouring104\/author\/sebastiano\/\"}]}<\/script>\n<!-- \/ Yoast SEO plugin. -->","yoast_head_json":{"title":"\u201cL\u2019umanit\u00e0 dei luoghi\u201d a Roghudi il 18 marzo - Radio Touring 104","description":"Il 18 marzo alle 17:00 presso l\u2019Access Point di Roghudi la proiezione del documentario sul volontariato reggino","robots":{"index":"index","follow":"follow","max-snippet":"max-snippet:-1","max-image-preview":"max-image-preview:large","max-video-preview":"max-video-preview:-1"},"canonical":"https:\/\/progettotouring.it\/radiotouring104\/2023\/03\/16\/lumanita-dei-luoghi-a-roghudi-il-18-marzo\/","og_locale":"it_IT","og_type":"article","og_title":"\u201cL\u2019umanit\u00e0 dei luoghi\u201d a Roghudi il 18 marzo - Radio Touring 104","og_description":"Il 18 marzo alle 17:00 presso l\u2019Access Point di Roghudi la proiezione del documentario sul volontariato reggino","og_url":"https:\/\/progettotouring.it\/radiotouring104\/2023\/03\/16\/lumanita-dei-luoghi-a-roghudi-il-18-marzo\/","og_site_name":"Radio Touring 104","article_published_time":"2023-03-16T09:24:36+00:00","article_modified_time":"2023-03-16T09:25:18+00:00","og_image":[{"width":1414,"height":840,"url":"https:\/\/progettotouring.it\/radiotouring104\/wp-content\/uploads\/sites\/6\/2023\/03\/Roghudi-Umanita-documentario-sul-Volontariato-Rc.png","type":"image\/png"}],"author":"Sebastiano Plutino","twitter_card":"summary_large_image","twitter_misc":{"Scritto da":"Sebastiano Plutino","Tempo di lettura stimato":"2 minuti"},"schema":{"@context":"https:\/\/schema.org","@graph":[{"@type":"Article","@id":"https:\/\/progettotouring.it\/radiotouring104\/2023\/03\/16\/lumanita-dei-luoghi-a-roghudi-il-18-marzo\/#article","isPartOf":{"@id":"https:\/\/progettotouring.it\/radiotouring104\/2023\/03\/16\/lumanita-dei-luoghi-a-roghudi-il-18-marzo\/"},"author":{"name":"Sebastiano Plutino","@id":"https:\/\/progettotouring.it\/radiotouring104\/#\/schema\/person\/78613917f1851f041f7483f5af1d422e"},"headline":"\u201cL\u2019umanit\u00e0 dei luoghi\u201d a Roghudi il 18 marzo","datePublished":"2023-03-16T09:24:36+00:00","dateModified":"2023-03-16T09:25:18+00:00","mainEntityOfPage":{"@id":"https:\/\/progettotouring.it\/radiotouring104\/2023\/03\/16\/lumanita-dei-luoghi-a-roghudi-il-18-marzo\/"},"wordCount":446,"publisher":{"@id":"https:\/\/progettotouring.it\/radiotouring104\/#organization"},"image":{"@id":"https:\/\/progettotouring.it\/radiotouring104\/2023\/03\/16\/lumanita-dei-luoghi-a-roghudi-il-18-marzo\/#primaryimage"},"thumbnailUrl":"https:\/\/progettotouring.it\/radiotouring104\/wp-content\/uploads\/sites\/6\/2023\/03\/Roghudi-Umanita-documentario-sul-Volontariato-Rc.png","keywords":["CSV dei Due Mari reggino","documentario \u201cL\u2019umanit\u00e0 dei luoghi","documentario sul Volontariato","Med Media","Roghudi"],"articleSection":["Home","News","Reggio Calabria"],"inLanguage":"it-IT"},{"@type":"WebPage","@id":"https:\/\/progettotouring.it\/radiotouring104\/2023\/03\/16\/lumanita-dei-luoghi-a-roghudi-il-18-marzo\/","url":"https:\/\/progettotouring.it\/radiotouring104\/2023\/03\/16\/lumanita-dei-luoghi-a-roghudi-il-18-marzo\/","name":"\u201cL\u2019umanit\u00e0 dei luoghi\u201d a Roghudi il 18 marzo - Radio Touring 104","isPartOf":{"@id":"https:\/\/progettotouring.it\/radiotouring104\/#website"},"primaryImageOfPage":{"@id":"https:\/\/progettotouring.it\/radiotouring104\/2023\/03\/16\/lumanita-dei-luoghi-a-roghudi-il-18-marzo\/#primaryimage"},"image":{"@id":"https:\/\/progettotouring.it\/radiotouring104\/2023\/03\/16\/lumanita-dei-luoghi-a-roghudi-il-18-marzo\/#primaryimage"},"thumbnailUrl":"https:\/\/progettotouring.it\/radiotouring104\/wp-content\/uploads\/sites\/6\/2023\/03\/Roghudi-Umanita-documentario-sul-Volontariato-Rc.png","datePublished":"2023-03-16T09:24:36+00:00","dateModified":"2023-03-16T09:25:18+00:00","description":"Il 18 marzo alle 17:00 presso l\u2019Access Point di Roghudi la proiezione del documentario sul volontariato reggino","breadcrumb":{"@id":"https:\/\/progettotouring.it\/radiotouring104\/2023\/03\/16\/lumanita-dei-luoghi-a-roghudi-il-18-marzo\/#breadcrumb"},"inLanguage":"it-IT","potentialAction":[{"@type":"ReadAction","target":["https:\/\/progettotouring.it\/radiotouring104\/2023\/03\/16\/lumanita-dei-luoghi-a-roghudi-il-18-marzo\/"]}]},{"@type":"ImageObject","inLanguage":"it-IT","@id":"https:\/\/progettotouring.it\/radiotouring104\/2023\/03\/16\/lumanita-dei-luoghi-a-roghudi-il-18-marzo\/#primaryimage","url":"https:\/\/progettotouring.it\/radiotouring104\/wp-content\/uploads\/sites\/6\/2023\/03\/Roghudi-Umanita-documentario-sul-Volontariato-Rc.png","contentUrl":"https:\/\/progettotouring.it\/radiotouring104\/wp-content\/uploads\/sites\/6\/2023\/03\/Roghudi-Umanita-documentario-sul-Volontariato-Rc.png","width":1414,"height":840},{"@type":"BreadcrumbList","@id":"https:\/\/progettotouring.it\/radiotouring104\/2023\/03\/16\/lumanita-dei-luoghi-a-roghudi-il-18-marzo\/#breadcrumb","itemListElement":[{"@type":"ListItem","position":1,"name":"Home","item":"https:\/\/progettotouring.it\/radiotouring104\/"},{"@type":"ListItem","position":2,"name":"\u201cL\u2019umanit\u00e0 dei luoghi\u201d a Roghudi il 18 marzo"}]},{"@type":"WebSite","@id":"https:\/\/progettotouring.it\/radiotouring104\/#website","url":"https:\/\/progettotouring.it\/radiotouring104\/","name":"Radio Touring 104","description":"La prima radio Reggina","publisher":{"@id":"https:\/\/progettotouring.it\/radiotouring104\/#organization"},"potentialAction":[{"@type":"SearchAction","target":{"@type":"EntryPoint","urlTemplate":"https:\/\/progettotouring.it\/radiotouring104\/?s={search_term_string}"},"query-input":{"@type":"PropertyValueSpecification","valueRequired":true,"valueName":"search_term_string"}}],"inLanguage":"it-IT"},{"@type":"Organization","@id":"https:\/\/progettotouring.it\/radiotouring104\/#organization","name":"Radio Touring 104","url":"https:\/\/progettotouring.it\/radiotouring104\/","logo":{"@type":"ImageObject","inLanguage":"it-IT","@id":"https:\/\/progettotouring.it\/radiotouring104\/#\/schema\/logo\/image\/","url":"https:\/\/progettotouring.it\/radiotouring104\/wp-content\/uploads\/sites\/6\/2022\/02\/cropped-logo-radio-touring-104.png","contentUrl":"https:\/\/progettotouring.it\/radiotouring104\/wp-content\/uploads\/sites\/6\/2022\/02\/cropped-logo-radio-touring-104.png","width":377,"height":182,"caption":"Radio Touring 104"},"image":{"@id":"https:\/\/progettotouring.it\/radiotouring104\/#\/schema\/logo\/image\/"}},{"@type":"Person","@id":"https:\/\/progettotouring.it\/radiotouring104\/#\/schema\/person\/78613917f1851f041f7483f5af1d422e","name":"Sebastiano Plutino","image":{"@type":"ImageObject","inLanguage":"it-IT","@id":"https:\/\/secure.gravatar.com\/avatar\/0546ffaa9b79224faf9f2a156b67a529ae861d3287c66c1d8ccfdf909bcba78d?s=96&d=mm&r=g","url":"https:\/\/secure.gravatar.com\/avatar\/0546ffaa9b79224faf9f2a156b67a529ae861d3287c66c1d8ccfdf909bcba78d?s=96&d=mm&r=g","contentUrl":"https:\/\/secure.gravatar.com\/avatar\/0546ffaa9b79224faf9f2a156b67a529ae861d3287c66c1d8ccfdf909bcba78d?s=96&d=mm&r=g","caption":"Sebastiano Plutino"},"url":"https:\/\/progettotouring.it\/radiotouring104\/author\/sebastiano\/"}]}},"jetpack_publicize_connections":[],"jetpack_featured_media_url":"https:\/\/progettotouring.it\/radiotouring104\/wp-content\/uploads\/sites\/6\/2023\/03\/Roghudi-Umanita-documentario-sul-Volontariato-Rc.png","jetpack_sharing_enabled":true,"_links":{"self":[{"href":"https:\/\/progettotouring.it\/radiotouring104\/wp-json\/wp\/v2\/posts\/20996","targetHints":{"allow":["GET"]}}],"collection":[{"href":"https:\/\/progettotouring.it\/radiotouring104\/wp-json\/wp\/v2\/posts"}],"about":[{"href":"https:\/\/progettotouring.it\/radiotouring104\/wp-json\/wp\/v2\/types\/post"}],"author":[{"embeddable":true,"href":"https:\/\/progettotouring.it\/radiotouring104\/wp-json\/wp\/v2\/users\/12"}],"replies":[{"embeddable":true,"href":"https:\/\/progettotouring.it\/radiotouring104\/wp-json\/wp\/v2\/comments?post=20996"}],"version-history":[{"count":2,"href":"https:\/\/progettotouring.it\/radiotouring104\/wp-json\/wp\/v2\/posts\/20996\/revisions"}],"predecessor-version":[{"id":21001,"href":"https:\/\/progettotouring.it\/radiotouring104\/wp-json\/wp\/v2\/posts\/20996\/revisions\/21001"}],"wp:featuredmedia":[{"embeddable":true,"href":"https:\/\/progettotouring.it\/radiotouring104\/wp-json\/wp\/v2\/media\/20999"}],"wp:attachment":[{"href":"https:\/\/progettotouring.it\/radiotouring104\/wp-json\/wp\/v2\/media?parent=20996"}],"wp:term":[{"taxonomy":"category","embeddable":true,"href":"https:\/\/progettotouring.it\/radiotouring104\/wp-json\/wp\/v2\/categories?post=20996"},{"taxonomy":"post_tag","embeddable":true,"href":"https:\/\/progettotouring.it\/radiotouring104\/wp-json\/wp\/v2\/tags?post=20996"}],"curies":[{"name":"wp","href":"https:\/\/api.w.org\/{rel}","templated":true}]}}