{"id":21002,"date":"2023-03-16T10:32:33","date_gmt":"2023-03-16T09:32:33","guid":{"rendered":"https:\/\/progettotouring.it\/radiotouring104\/?p=21002"},"modified":"2023-03-16T10:36:33","modified_gmt":"2023-03-16T09:36:33","slug":"occhipinti-plaude-a-nomina-speziali-a-responsabile-regionale-udc","status":"publish","type":"post","link":"https:\/\/progettotouring.it\/radiotouring104\/2023\/03\/16\/occhipinti-plaude-a-nomina-speziali-a-responsabile-regionale-udc\/","title":{"rendered":"Occhipinti plaude a nomina Speziali a responsabile regionale Udc"},"content":{"rendered":"<p>\u00abLa nomina di Vincenzo Speziali a responsabile regionale dell&#8217;Udc, il quale \u00e8 anche l&#8217;unico italiano ad essere membro del Bureau Politique dell&#8217;Internazionale Democristiana, riempie di gioia il sottoscritto, quale Commissario Provinciale dell&#8217;Udc di Reggio Calabria e i democristiani tutti, della nostra provincia e della Regione\u00bb.<\/p>\n<p>A sostenerlo \u00e8 il commissario provinciale dell\u2019Udc di Reggio Calabria Riccardo Occhipinti. \u00abIn pi\u00f9 vi \u00e8 anche un aspetto, per cos\u00ec dire &#8216;campanilistico&#8217; \u2013 prosegue Occhipinti &#8211; in quanto Speziali, notoriamente (senza mai nasconderlo, bens\u00ec ricordandolo con orgoglio) \u00e8 di Bovalino, cio\u00e8 un Comune della nostra Provincia, tanto da essere stato destinatario, di attacchi razzisti, da un Consigliere Comunale Catanzarese, tal Ser\u00f2, che difatti ha provocato le reazioni lecite, da parte dell&#8217;Ambasciata del Libano in Italia, indirizzate non alla citt\u00e0 Capoluogo di Regione, bens\u00ec all&#8217;Amministrazione Comunale (evidentemente complice?), di cui il Consigliere in questione \u00e8 parte integrante, assieme al Consigliere Regionale Antonello Talerico (il quale a sua volta \u00e8 in attesa di un pronunciamento definitivo, da parte della Cassazione, in merito alla sua permanenza a Palazzo Campanella)\u00bb.<\/p>\n<p>\u00abHo gi\u00e0 informato il Responsabile Regionale Speziali, che stamane ho programmato una riunione nella Jonica Reggina, dove raccoglier\u00f2 le adesioni di Amministratori locali e gi\u00e0 entro il fine settimana, invier\u00f2 -come da lui richiesto- l&#8217;elenco dei Comuni interessati al voto (con allegata relazione), al fine di predisporre tutte le azioni affinch\u00e9 vi sia nostra partecipazione attiva, nelle consultazioni prossime venture, dell&#8217;imminente tornata\u00bb.<\/p>\n<p>\u00abDa parte mia e del coordinamento reggino, anche in vista del nostro prossimo Consiglio Nazionale, in cui avvieremo la fase di ampliamento del Partito, unendoci con le altre forze di comune ispirazione e con amici autorevoli della diaspora democristiana che stiamo tentando di superare, \u00a0formulo i migliori auguri di buon lavoro a Vincenzo Speziali, il quale ha gi\u00e0 comunicato che nella prossima settimana, convocher\u00e0 una riunione regionale, per meglio affrontare i temi e relazionarci sulle questioni. Posso confermare, in ogni modo, che da parte di noi tutti, vi sono in corso, fitte interlocuzioni con Consiglieri di tutti i livelli, quindi comunali, provinciali e regionali, eccezion fatta per Antonello Talerico, che concordando con le analisi del Partito, ovvero di Cesa e Speziali, ha ormai una connaturata caratteristica di sinistra movimentista &#8211; visto il suo appoggio all&#8217;Amministrazione Comunale Catanzarese di Fiorita &#8211; bench\u00e9 dichiari pure, incredibilmente, di appoggiare il Centrodestra in Regione. Di ci\u00f2, se ne discuter\u00e0 con il Presidente Roberto Occhiuto, verso il quale rinnoviamo fiducia e leale, oltre che univoca, collaborazione\u00bb.<\/p>\n","protected":false},"excerpt":{"rendered":"<p>\u00abLa nomina di Vincenzo Speziali a responsabile regionale dell&#8217;Udc, il quale \u00e8 anche l&#8217;unico italiano ad essere membro del Bureau Politique dell&#8217;Internazionale Democristiana, riempie di gioia il sottoscritto, quale Commissario&hellip;<\/p>\n","protected":false},"author":12,"featured_media":14230,"comment_status":"closed","ping_status":"open","sticky":false,"template":"","format":"standard","meta":{"_jetpack_memberships_contains_paid_content":false,"footnotes":"","jetpack_publicize_message":"","jetpack_publicize_feature_enabled":true,"jetpack_social_post_already_shared":false,"jetpack_social_options":{"image_generator_settings":{"template":"highway","default_image_id":0,"font":"","enabled":false},"version":2}},"categories":[921,196,140],"tags":[11567,11568,11566],"class_list":["post-21002","post","type-post","status-publish","format-standard","has-post-thumbnail","hentry","category-home","category-news","category-reggio-calabria","tag-bureau-politique-dellinternazionale-democristiana","tag-commissario-provinciale-delludc-di-reggio-calabria-riccardo-occhipinti","tag-nomina-speziali-a-responsabile-regionale-udc"],"yoast_head":"<!-- This site is optimized with the Yoast SEO plugin v27.2 - https:\/\/yoast.com\/product\/yoast-seo-wordpress\/ -->\n<title>Occhipinti plaude a nomina Speziali a responsabile regionale Udc<\/title>\n<meta name=\"description\" content=\"Occhipinti: &quot;La nomina di Vincenzo Speziali responsabile regionale dell\u2019Udc rafforza il partito in tutta la Regione&quot;\" \/>\n<meta name=\"robots\" content=\"index, follow, max-snippet:-1, max-image-preview:large, max-video-preview:-1\" \/>\n<link rel=\"canonical\" href=\"https:\/\/progettotouring.it\/radiotouring104\/2023\/03\/16\/occhipinti-plaude-a-nomina-speziali-a-responsabile-regionale-udc\/\" \/>\n<meta property=\"og:locale\" content=\"it_IT\" \/>\n<meta property=\"og:type\" content=\"article\" \/>\n<meta property=\"og:title\" content=\"Occhipinti plaude a nomina Speziali a responsabile regionale Udc\" \/>\n<meta property=\"og:description\" content=\"Occhipinti: &quot;La nomina di Vincenzo Speziali responsabile regionale dell\u2019Udc rafforza il partito in tutta la Regione&quot;\" \/>\n<meta property=\"og:url\" content=\"https:\/\/progettotouring.it\/radiotouring104\/2023\/03\/16\/occhipinti-plaude-a-nomina-speziali-a-responsabile-regionale-udc\/\" \/>\n<meta property=\"og:site_name\" content=\"Radio Touring 104\" \/>\n<meta property=\"article:published_time\" content=\"2023-03-16T09:32:33+00:00\" \/>\n<meta property=\"article:modified_time\" content=\"2023-03-16T09:36:33+00:00\" \/>\n<meta property=\"og:image\" content=\"https:\/\/progettotouring.it\/radiotouring104\/wp-content\/uploads\/sites\/6\/2022\/12\/occhipinti-udc-reggio.jpg\" \/>\n\t<meta property=\"og:image:width\" content=\"1104\" \/>\n\t<meta property=\"og:image:height\" content=\"1380\" \/>\n\t<meta property=\"og:image:type\" content=\"image\/jpeg\" \/>\n<meta name=\"author\" content=\"Sebastiano Plutino\" \/>\n<meta name=\"twitter:card\" content=\"summary_large_image\" \/>\n<meta name=\"twitter:label1\" content=\"Scritto da\" \/>\n\t<meta name=\"twitter:data1\" content=\"Sebastiano Plutino\" \/>\n\t<meta name=\"twitter:label2\" content=\"Tempo di lettura stimato\" \/>\n\t<meta name=\"twitter:data2\" content=\"2 minuti\" \/>\n<script type=\"application\/ld+json\" class=\"yoast-schema-graph\">{\"@context\":\"https:\/\/schema.org\",\"@graph\":[{\"@type\":\"Article\",\"@id\":\"https:\/\/progettotouring.it\/radiotouring104\/2023\/03\/16\/occhipinti-plaude-a-nomina-speziali-a-responsabile-regionale-udc\/#article\",\"isPartOf\":{\"@id\":\"https:\/\/progettotouring.it\/radiotouring104\/2023\/03\/16\/occhipinti-plaude-a-nomina-speziali-a-responsabile-regionale-udc\/\"},\"author\":{\"name\":\"Sebastiano Plutino\",\"@id\":\"https:\/\/progettotouring.it\/radiotouring104\/#\/schema\/person\/78613917f1851f041f7483f5af1d422e\"},\"headline\":\"Occhipinti plaude a nomina Speziali a responsabile regionale Udc\",\"datePublished\":\"2023-03-16T09:32:33+00:00\",\"dateModified\":\"2023-03-16T09:36:33+00:00\",\"mainEntityOfPage\":{\"@id\":\"https:\/\/progettotouring.it\/radiotouring104\/2023\/03\/16\/occhipinti-plaude-a-nomina-speziali-a-responsabile-regionale-udc\/\"},\"wordCount\":408,\"publisher\":{\"@id\":\"https:\/\/progettotouring.it\/radiotouring104\/#organization\"},\"image\":{\"@id\":\"https:\/\/progettotouring.it\/radiotouring104\/2023\/03\/16\/occhipinti-plaude-a-nomina-speziali-a-responsabile-regionale-udc\/#primaryimage\"},\"thumbnailUrl\":\"https:\/\/progettotouring.it\/radiotouring104\/wp-content\/uploads\/sites\/6\/2022\/12\/occhipinti-udc-reggio-e1743784385735.jpg\",\"keywords\":[\"Bureau Politique dell'Internazionale Democristiana\",\"commissario provinciale dell\u2019Udc di Reggio Calabria Riccardo Occhipinti.\",\"nomina Speziali a responsabile regionale Udc\"],\"articleSection\":[\"Home\",\"News\",\"Reggio Calabria\"],\"inLanguage\":\"it-IT\"},{\"@type\":\"WebPage\",\"@id\":\"https:\/\/progettotouring.it\/radiotouring104\/2023\/03\/16\/occhipinti-plaude-a-nomina-speziali-a-responsabile-regionale-udc\/\",\"url\":\"https:\/\/progettotouring.it\/radiotouring104\/2023\/03\/16\/occhipinti-plaude-a-nomina-speziali-a-responsabile-regionale-udc\/\",\"name\":\"Occhipinti plaude a nomina Speziali a responsabile regionale Udc\",\"isPartOf\":{\"@id\":\"https:\/\/progettotouring.it\/radiotouring104\/#website\"},\"primaryImageOfPage\":{\"@id\":\"https:\/\/progettotouring.it\/radiotouring104\/2023\/03\/16\/occhipinti-plaude-a-nomina-speziali-a-responsabile-regionale-udc\/#primaryimage\"},\"image\":{\"@id\":\"https:\/\/progettotouring.it\/radiotouring104\/2023\/03\/16\/occhipinti-plaude-a-nomina-speziali-a-responsabile-regionale-udc\/#primaryimage\"},\"thumbnailUrl\":\"https:\/\/progettotouring.it\/radiotouring104\/wp-content\/uploads\/sites\/6\/2022\/12\/occhipinti-udc-reggio-e1743784385735.jpg\",\"datePublished\":\"2023-03-16T09:32:33+00:00\",\"dateModified\":\"2023-03-16T09:36:33+00:00\",\"description\":\"Occhipinti: \\\"La nomina di Vincenzo Speziali responsabile regionale dell\u2019Udc rafforza il partito in tutta la Regione\\\"\",\"breadcrumb\":{\"@id\":\"https:\/\/progettotouring.it\/radiotouring104\/2023\/03\/16\/occhipinti-plaude-a-nomina-speziali-a-responsabile-regionale-udc\/#breadcrumb\"},\"inLanguage\":\"it-IT\",\"potentialAction\":[{\"@type\":\"ReadAction\",\"target\":[\"https:\/\/progettotouring.it\/radiotouring104\/2023\/03\/16\/occhipinti-plaude-a-nomina-speziali-a-responsabile-regionale-udc\/\"]}]},{\"@type\":\"ImageObject\",\"inLanguage\":\"it-IT\",\"@id\":\"https:\/\/progettotouring.it\/radiotouring104\/2023\/03\/16\/occhipinti-plaude-a-nomina-speziali-a-responsabile-regionale-udc\/#primaryimage\",\"url\":\"https:\/\/progettotouring.it\/radiotouring104\/wp-content\/uploads\/sites\/6\/2022\/12\/occhipinti-udc-reggio-e1743784385735.jpg\",\"contentUrl\":\"https:\/\/progettotouring.it\/radiotouring104\/wp-content\/uploads\/sites\/6\/2022\/12\/occhipinti-udc-reggio-e1743784385735.jpg\",\"width\":557,\"height\":650},{\"@type\":\"BreadcrumbList\",\"@id\":\"https:\/\/progettotouring.it\/radiotouring104\/2023\/03\/16\/occhipinti-plaude-a-nomina-speziali-a-responsabile-regionale-udc\/#breadcrumb\",\"itemListElement\":[{\"@type\":\"ListItem\",\"position\":1,\"name\":\"Home\",\"item\":\"https:\/\/progettotouring.it\/radiotouring104\/\"},{\"@type\":\"ListItem\",\"position\":2,\"name\":\"Occhipinti plaude a nomina Speziali a responsabile regionale Udc\"}]},{\"@type\":\"WebSite\",\"@id\":\"https:\/\/progettotouring.it\/radiotouring104\/#website\",\"url\":\"https:\/\/progettotouring.it\/radiotouring104\/\",\"name\":\"Radio Touring 104\",\"description\":\"La prima radio Reggina\",\"publisher\":{\"@id\":\"https:\/\/progettotouring.it\/radiotouring104\/#organization\"},\"potentialAction\":[{\"@type\":\"SearchAction\",\"target\":{\"@type\":\"EntryPoint\",\"urlTemplate\":\"https:\/\/progettotouring.it\/radiotouring104\/?s={search_term_string}\"},\"query-input\":{\"@type\":\"PropertyValueSpecification\",\"valueRequired\":true,\"valueName\":\"search_term_string\"}}],\"inLanguage\":\"it-IT\"},{\"@type\":\"Organization\",\"@id\":\"https:\/\/progettotouring.it\/radiotouring104\/#organization\",\"name\":\"Radio Touring 104\",\"url\":\"https:\/\/progettotouring.it\/radiotouring104\/\",\"logo\":{\"@type\":\"ImageObject\",\"inLanguage\":\"it-IT\",\"@id\":\"https:\/\/progettotouring.it\/radiotouring104\/#\/schema\/logo\/image\/\",\"url\":\"https:\/\/progettotouring.it\/radiotouring104\/wp-content\/uploads\/sites\/6\/2022\/02\/cropped-logo-radio-touring-104.png\",\"contentUrl\":\"https:\/\/progettotouring.it\/radiotouring104\/wp-content\/uploads\/sites\/6\/2022\/02\/cropped-logo-radio-touring-104.png\",\"width\":377,\"height\":182,\"caption\":\"Radio Touring 104\"},\"image\":{\"@id\":\"https:\/\/progettotouring.it\/radiotouring104\/#\/schema\/logo\/image\/\"}},{\"@type\":\"Person\",\"@id\":\"https:\/\/progettotouring.it\/radiotouring104\/#\/schema\/person\/78613917f1851f041f7483f5af1d422e\",\"name\":\"Sebastiano Plutino\",\"image\":{\"@type\":\"ImageObject\",\"inLanguage\":\"it-IT\",\"@id\":\"https:\/\/secure.gravatar.com\/avatar\/0546ffaa9b79224faf9f2a156b67a529ae861d3287c66c1d8ccfdf909bcba78d?s=96&d=mm&r=g\",\"url\":\"https:\/\/secure.gravatar.com\/avatar\/0546ffaa9b79224faf9f2a156b67a529ae861d3287c66c1d8ccfdf909bcba78d?s=96&d=mm&r=g\",\"contentUrl\":\"https:\/\/secure.gravatar.com\/avatar\/0546ffaa9b79224faf9f2a156b67a529ae861d3287c66c1d8ccfdf909bcba78d?s=96&d=mm&r=g\",\"caption\":\"Sebastiano Plutino\"},\"url\":\"https:\/\/progettotouring.it\/radiotouring104\/author\/sebastiano\/\"}]}<\/script>\n<!-- \/ Yoast SEO plugin. -->","yoast_head_json":{"title":"Occhipinti plaude a nomina Speziali a responsabile regionale Udc","description":"Occhipinti: \"La nomina di Vincenzo Speziali responsabile regionale dell\u2019Udc rafforza il partito in tutta la Regione\"","robots":{"index":"index","follow":"follow","max-snippet":"max-snippet:-1","max-image-preview":"max-image-preview:large","max-video-preview":"max-video-preview:-1"},"canonical":"https:\/\/progettotouring.it\/radiotouring104\/2023\/03\/16\/occhipinti-plaude-a-nomina-speziali-a-responsabile-regionale-udc\/","og_locale":"it_IT","og_type":"article","og_title":"Occhipinti plaude a nomina Speziali a responsabile regionale Udc","og_description":"Occhipinti: \"La nomina di Vincenzo Speziali responsabile regionale dell\u2019Udc rafforza il partito in tutta la Regione\"","og_url":"https:\/\/progettotouring.it\/radiotouring104\/2023\/03\/16\/occhipinti-plaude-a-nomina-speziali-a-responsabile-regionale-udc\/","og_site_name":"Radio Touring 104","article_published_time":"2023-03-16T09:32:33+00:00","article_modified_time":"2023-03-16T09:36:33+00:00","og_image":[{"width":1104,"height":1380,"url":"https:\/\/progettotouring.it\/radiotouring104\/wp-content\/uploads\/sites\/6\/2022\/12\/occhipinti-udc-reggio.jpg","type":"image\/jpeg"}],"author":"Sebastiano Plutino","twitter_card":"summary_large_image","twitter_misc":{"Scritto da":"Sebastiano Plutino","Tempo di lettura stimato":"2 minuti"},"schema":{"@context":"https:\/\/schema.org","@graph":[{"@type":"Article","@id":"https:\/\/progettotouring.it\/radiotouring104\/2023\/03\/16\/occhipinti-plaude-a-nomina-speziali-a-responsabile-regionale-udc\/#article","isPartOf":{"@id":"https:\/\/progettotouring.it\/radiotouring104\/2023\/03\/16\/occhipinti-plaude-a-nomina-speziali-a-responsabile-regionale-udc\/"},"author":{"name":"Sebastiano Plutino","@id":"https:\/\/progettotouring.it\/radiotouring104\/#\/schema\/person\/78613917f1851f041f7483f5af1d422e"},"headline":"Occhipinti plaude a nomina Speziali a responsabile regionale Udc","datePublished":"2023-03-16T09:32:33+00:00","dateModified":"2023-03-16T09:36:33+00:00","mainEntityOfPage":{"@id":"https:\/\/progettotouring.it\/radiotouring104\/2023\/03\/16\/occhipinti-plaude-a-nomina-speziali-a-responsabile-regionale-udc\/"},"wordCount":408,"publisher":{"@id":"https:\/\/progettotouring.it\/radiotouring104\/#organization"},"image":{"@id":"https:\/\/progettotouring.it\/radiotouring104\/2023\/03\/16\/occhipinti-plaude-a-nomina-speziali-a-responsabile-regionale-udc\/#primaryimage"},"thumbnailUrl":"https:\/\/progettotouring.it\/radiotouring104\/wp-content\/uploads\/sites\/6\/2022\/12\/occhipinti-udc-reggio-e1743784385735.jpg","keywords":["Bureau Politique dell'Internazionale Democristiana","commissario provinciale dell\u2019Udc di Reggio Calabria Riccardo Occhipinti.","nomina Speziali a responsabile regionale Udc"],"articleSection":["Home","News","Reggio Calabria"],"inLanguage":"it-IT"},{"@type":"WebPage","@id":"https:\/\/progettotouring.it\/radiotouring104\/2023\/03\/16\/occhipinti-plaude-a-nomina-speziali-a-responsabile-regionale-udc\/","url":"https:\/\/progettotouring.it\/radiotouring104\/2023\/03\/16\/occhipinti-plaude-a-nomina-speziali-a-responsabile-regionale-udc\/","name":"Occhipinti plaude a nomina Speziali a responsabile regionale Udc","isPartOf":{"@id":"https:\/\/progettotouring.it\/radiotouring104\/#website"},"primaryImageOfPage":{"@id":"https:\/\/progettotouring.it\/radiotouring104\/2023\/03\/16\/occhipinti-plaude-a-nomina-speziali-a-responsabile-regionale-udc\/#primaryimage"},"image":{"@id":"https:\/\/progettotouring.it\/radiotouring104\/2023\/03\/16\/occhipinti-plaude-a-nomina-speziali-a-responsabile-regionale-udc\/#primaryimage"},"thumbnailUrl":"https:\/\/progettotouring.it\/radiotouring104\/wp-content\/uploads\/sites\/6\/2022\/12\/occhipinti-udc-reggio-e1743784385735.jpg","datePublished":"2023-03-16T09:32:33+00:00","dateModified":"2023-03-16T09:36:33+00:00","description":"Occhipinti: \"La nomina di Vincenzo Speziali responsabile regionale dell\u2019Udc rafforza il partito in tutta la Regione\"","breadcrumb":{"@id":"https:\/\/progettotouring.it\/radiotouring104\/2023\/03\/16\/occhipinti-plaude-a-nomina-speziali-a-responsabile-regionale-udc\/#breadcrumb"},"inLanguage":"it-IT","potentialAction":[{"@type":"ReadAction","target":["https:\/\/progettotouring.it\/radiotouring104\/2023\/03\/16\/occhipinti-plaude-a-nomina-speziali-a-responsabile-regionale-udc\/"]}]},{"@type":"ImageObject","inLanguage":"it-IT","@id":"https:\/\/progettotouring.it\/radiotouring104\/2023\/03\/16\/occhipinti-plaude-a-nomina-speziali-a-responsabile-regionale-udc\/#primaryimage","url":"https:\/\/progettotouring.it\/radiotouring104\/wp-content\/uploads\/sites\/6\/2022\/12\/occhipinti-udc-reggio-e1743784385735.jpg","contentUrl":"https:\/\/progettotouring.it\/radiotouring104\/wp-content\/uploads\/sites\/6\/2022\/12\/occhipinti-udc-reggio-e1743784385735.jpg","width":557,"height":650},{"@type":"BreadcrumbList","@id":"https:\/\/progettotouring.it\/radiotouring104\/2023\/03\/16\/occhipinti-plaude-a-nomina-speziali-a-responsabile-regionale-udc\/#breadcrumb","itemListElement":[{"@type":"ListItem","position":1,"name":"Home","item":"https:\/\/progettotouring.it\/radiotouring104\/"},{"@type":"ListItem","position":2,"name":"Occhipinti plaude a nomina Speziali a responsabile regionale Udc"}]},{"@type":"WebSite","@id":"https:\/\/progettotouring.it\/radiotouring104\/#website","url":"https:\/\/progettotouring.it\/radiotouring104\/","name":"Radio Touring 104","description":"La prima radio Reggina","publisher":{"@id":"https:\/\/progettotouring.it\/radiotouring104\/#organization"},"potentialAction":[{"@type":"SearchAction","target":{"@type":"EntryPoint","urlTemplate":"https:\/\/progettotouring.it\/radiotouring104\/?s={search_term_string}"},"query-input":{"@type":"PropertyValueSpecification","valueRequired":true,"valueName":"search_term_string"}}],"inLanguage":"it-IT"},{"@type":"Organization","@id":"https:\/\/progettotouring.it\/radiotouring104\/#organization","name":"Radio Touring 104","url":"https:\/\/progettotouring.it\/radiotouring104\/","logo":{"@type":"ImageObject","inLanguage":"it-IT","@id":"https:\/\/progettotouring.it\/radiotouring104\/#\/schema\/logo\/image\/","url":"https:\/\/progettotouring.it\/radiotouring104\/wp-content\/uploads\/sites\/6\/2022\/02\/cropped-logo-radio-touring-104.png","contentUrl":"https:\/\/progettotouring.it\/radiotouring104\/wp-content\/uploads\/sites\/6\/2022\/02\/cropped-logo-radio-touring-104.png","width":377,"height":182,"caption":"Radio Touring 104"},"image":{"@id":"https:\/\/progettotouring.it\/radiotouring104\/#\/schema\/logo\/image\/"}},{"@type":"Person","@id":"https:\/\/progettotouring.it\/radiotouring104\/#\/schema\/person\/78613917f1851f041f7483f5af1d422e","name":"Sebastiano Plutino","image":{"@type":"ImageObject","inLanguage":"it-IT","@id":"https:\/\/secure.gravatar.com\/avatar\/0546ffaa9b79224faf9f2a156b67a529ae861d3287c66c1d8ccfdf909bcba78d?s=96&d=mm&r=g","url":"https:\/\/secure.gravatar.com\/avatar\/0546ffaa9b79224faf9f2a156b67a529ae861d3287c66c1d8ccfdf909bcba78d?s=96&d=mm&r=g","contentUrl":"https:\/\/secure.gravatar.com\/avatar\/0546ffaa9b79224faf9f2a156b67a529ae861d3287c66c1d8ccfdf909bcba78d?s=96&d=mm&r=g","caption":"Sebastiano Plutino"},"url":"https:\/\/progettotouring.it\/radiotouring104\/author\/sebastiano\/"}]}},"jetpack_publicize_connections":[],"jetpack_featured_media_url":"https:\/\/progettotouring.it\/radiotouring104\/wp-content\/uploads\/sites\/6\/2022\/12\/occhipinti-udc-reggio-e1743784385735.jpg","jetpack_sharing_enabled":true,"_links":{"self":[{"href":"https:\/\/progettotouring.it\/radiotouring104\/wp-json\/wp\/v2\/posts\/21002","targetHints":{"allow":["GET"]}}],"collection":[{"href":"https:\/\/progettotouring.it\/radiotouring104\/wp-json\/wp\/v2\/posts"}],"about":[{"href":"https:\/\/progettotouring.it\/radiotouring104\/wp-json\/wp\/v2\/types\/post"}],"author":[{"embeddable":true,"href":"https:\/\/progettotouring.it\/radiotouring104\/wp-json\/wp\/v2\/users\/12"}],"replies":[{"embeddable":true,"href":"https:\/\/progettotouring.it\/radiotouring104\/wp-json\/wp\/v2\/comments?post=21002"}],"version-history":[{"count":1,"href":"https:\/\/progettotouring.it\/radiotouring104\/wp-json\/wp\/v2\/posts\/21002\/revisions"}],"predecessor-version":[{"id":21003,"href":"https:\/\/progettotouring.it\/radiotouring104\/wp-json\/wp\/v2\/posts\/21002\/revisions\/21003"}],"wp:featuredmedia":[{"embeddable":true,"href":"https:\/\/progettotouring.it\/radiotouring104\/wp-json\/wp\/v2\/media\/14230"}],"wp:attachment":[{"href":"https:\/\/progettotouring.it\/radiotouring104\/wp-json\/wp\/v2\/media?parent=21002"}],"wp:term":[{"taxonomy":"category","embeddable":true,"href":"https:\/\/progettotouring.it\/radiotouring104\/wp-json\/wp\/v2\/categories?post=21002"},{"taxonomy":"post_tag","embeddable":true,"href":"https:\/\/progettotouring.it\/radiotouring104\/wp-json\/wp\/v2\/tags?post=21002"}],"curies":[{"name":"wp","href":"https:\/\/api.w.org\/{rel}","templated":true}]}}