{"id":21007,"date":"2023-03-16T11:01:27","date_gmt":"2023-03-16T10:01:27","guid":{"rendered":"https:\/\/progettotouring.it\/radiotouring104\/?p=21007"},"modified":"2023-03-16T11:01:27","modified_gmt":"2023-03-16T10:01:27","slug":"carceri-garante-crotone-inidonei-locali-ricovero-detenuti","status":"publish","type":"post","link":"https:\/\/progettotouring.it\/radiotouring104\/2023\/03\/16\/carceri-garante-crotone-inidonei-locali-ricovero-detenuti\/","title":{"rendered":"Carceri: garante Crotone, inidonei locali ricovero detenuti"},"content":{"rendered":"<p>I locali destinati ad infermeria del carcere di Crotone sono inidonei al ricovero ed hanno una carenza idrica. Lo segnala il garante comunale dei detenuti di Crotone Federico Ferraro che stamni ha effettuato una visita ispettiva. Nel corso della quale, afferma Ferraro in una nota, &#8220;si riscontrava il permanere della situazione di inagibilit\u00e0 dei locali gi\u00e0 segnalata il 18 febbraio scorso dal personale di Polizia penitenziaria in servizio, alle competenti Autorit\u00e0 sanitarie&#8221;. &#8220;Permane il guasto idrico che rende inagibile per le persone detenute l&#8217;utilizzo dei locali per motivi di ricovero &#8211; afferma &#8211; e per la Polizia penitenziaria come servizio di piantonamento. Permangono altres\u00ec i problemi di umidit\u00e0, gi\u00e0 segnalati, nonch\u00e9 l&#8217;inquinamento acustico a motivo della presenza degli impianti di vario tipo al piano terra, in prossimit\u00e0 delle camere da ricovero per detenuti. Con il precedente commissario straordinario si era convenuto circa la necessit\u00e0 di individuare locali idonei alla degenza a tutt&#8217;oggi nulla \u00e8 avvenuto in tal senso. Si rende noto infine che \u00e8 stato sollecitato con somma urgenza un intervento del Commissario straordinario dell&#8217;Asp di Crotone e del direttore del Presidio ospedaliero a che si intervenga senza indugio alla soluzione degli interventi oramai improcrastinabili. Il diritto alla salute e la dignit\u00e0 dei degenti costituiscono la base di ogni Stato di diritto&#8221;. &#8220;E&#8217; stata altres\u00ec inoltrata &#8211; conclude Ferraro &#8211; apposita segnalazione al ministro della Salute, al sottosegretario per la Salute ed al Presidente della Regione in funzione di Commissario regionale alla sanit\u00e0 relativamente a quanto sopraindicato&#8221;.<\/p>\n","protected":false},"excerpt":{"rendered":"<p>I locali destinati ad infermeria del carcere di Crotone sono inidonei al ricovero ed hanno una carenza idrica. Lo segnala il garante comunale dei detenuti di Crotone Federico Ferraro che&hellip;<\/p>\n","protected":false},"author":12,"featured_media":18215,"comment_status":"closed","ping_status":"open","sticky":false,"template":"","format":"standard","meta":{"_jetpack_memberships_contains_paid_content":false,"footnotes":"","jetpack_publicize_message":"","jetpack_publicize_feature_enabled":true,"jetpack_social_post_already_shared":false,"jetpack_social_options":{"image_generator_settings":{"template":"highway","default_image_id":0,"font":"","enabled":false},"version":2}},"categories":[142,921,196],"tags":[11575,11576,11573,11574],"class_list":["post-21007","post","type-post","status-publish","format-standard","has-post-thumbnail","hentry","category-calabria","category-home","category-news","tag-carenza-idrica-dei-locali","tag-federico-ferraro-garante-detenuti-crotone","tag-garante-detenuti-crotone","tag-locali-destinati-ad-infermeria-del-carcere-inidonei"],"yoast_head":"<!-- This site is optimized with the Yoast SEO plugin v27.2 - https:\/\/yoast.com\/product\/yoast-seo-wordpress\/ -->\n<title>Carceri: garante Crotone, inidonei locali ricovero detenuti<\/title>\n<meta name=\"description\" content=\"Il Garante detenuti di Crotone segnala locali destinati ad infermeria del carcere sono inidonei al ricovero ed hanno una carenza idrica\" \/>\n<meta name=\"robots\" content=\"index, follow, max-snippet:-1, max-image-preview:large, max-video-preview:-1\" \/>\n<link rel=\"canonical\" href=\"https:\/\/progettotouring.it\/radiotouring104\/2023\/03\/16\/carceri-garante-crotone-inidonei-locali-ricovero-detenuti\/\" \/>\n<meta property=\"og:locale\" content=\"it_IT\" \/>\n<meta property=\"og:type\" content=\"article\" \/>\n<meta property=\"og:title\" content=\"Carceri: garante Crotone, inidonei locali ricovero detenuti\" \/>\n<meta property=\"og:description\" content=\"Il Garante detenuti di Crotone segnala locali destinati ad infermeria del carcere sono inidonei al ricovero ed hanno una carenza idrica\" \/>\n<meta property=\"og:url\" content=\"https:\/\/progettotouring.it\/radiotouring104\/2023\/03\/16\/carceri-garante-crotone-inidonei-locali-ricovero-detenuti\/\" \/>\n<meta property=\"og:site_name\" content=\"Radio Touring 104\" \/>\n<meta property=\"article:published_time\" content=\"2023-03-16T10:01:27+00:00\" \/>\n<meta property=\"og:image\" content=\"https:\/\/progettotouring.it\/radiotouring104\/wp-content\/uploads\/sites\/6\/2023\/02\/carcere-di-Palmi.jpg\" \/>\n\t<meta property=\"og:image:width\" content=\"330\" \/>\n\t<meta property=\"og:image:height\" content=\"252\" \/>\n\t<meta property=\"og:image:type\" content=\"image\/jpeg\" \/>\n<meta name=\"author\" content=\"Sebastiano Plutino\" \/>\n<meta name=\"twitter:card\" content=\"summary_large_image\" \/>\n<meta name=\"twitter:label1\" content=\"Scritto da\" \/>\n\t<meta name=\"twitter:data1\" content=\"Sebastiano Plutino\" \/>\n\t<meta name=\"twitter:label2\" content=\"Tempo di lettura stimato\" \/>\n\t<meta name=\"twitter:data2\" content=\"1 minuto\" \/>\n<script type=\"application\/ld+json\" class=\"yoast-schema-graph\">{\"@context\":\"https:\/\/schema.org\",\"@graph\":[{\"@type\":\"Article\",\"@id\":\"https:\/\/progettotouring.it\/radiotouring104\/2023\/03\/16\/carceri-garante-crotone-inidonei-locali-ricovero-detenuti\/#article\",\"isPartOf\":{\"@id\":\"https:\/\/progettotouring.it\/radiotouring104\/2023\/03\/16\/carceri-garante-crotone-inidonei-locali-ricovero-detenuti\/\"},\"author\":{\"name\":\"Sebastiano Plutino\",\"@id\":\"https:\/\/progettotouring.it\/radiotouring104\/#\/schema\/person\/78613917f1851f041f7483f5af1d422e\"},\"headline\":\"Carceri: garante Crotone, inidonei locali ricovero detenuti\",\"datePublished\":\"2023-03-16T10:01:27+00:00\",\"mainEntityOfPage\":{\"@id\":\"https:\/\/progettotouring.it\/radiotouring104\/2023\/03\/16\/carceri-garante-crotone-inidonei-locali-ricovero-detenuti\/\"},\"wordCount\":251,\"publisher\":{\"@id\":\"https:\/\/progettotouring.it\/radiotouring104\/#organization\"},\"image\":{\"@id\":\"https:\/\/progettotouring.it\/radiotouring104\/2023\/03\/16\/carceri-garante-crotone-inidonei-locali-ricovero-detenuti\/#primaryimage\"},\"thumbnailUrl\":\"https:\/\/progettotouring.it\/radiotouring104\/wp-content\/uploads\/sites\/6\/2023\/02\/carcere-di-Palmi.jpg\",\"keywords\":[\"carenza idrica dei locali\",\"Federico Ferraro garante detenuti Crotone\",\"garante detenuti Crotone\",\"locali destinati ad infermeria del carcere inidonei\"],\"articleSection\":[\"Calabria\",\"Home\",\"News\"],\"inLanguage\":\"it-IT\"},{\"@type\":\"WebPage\",\"@id\":\"https:\/\/progettotouring.it\/radiotouring104\/2023\/03\/16\/carceri-garante-crotone-inidonei-locali-ricovero-detenuti\/\",\"url\":\"https:\/\/progettotouring.it\/radiotouring104\/2023\/03\/16\/carceri-garante-crotone-inidonei-locali-ricovero-detenuti\/\",\"name\":\"Carceri: garante Crotone, inidonei locali ricovero detenuti\",\"isPartOf\":{\"@id\":\"https:\/\/progettotouring.it\/radiotouring104\/#website\"},\"primaryImageOfPage\":{\"@id\":\"https:\/\/progettotouring.it\/radiotouring104\/2023\/03\/16\/carceri-garante-crotone-inidonei-locali-ricovero-detenuti\/#primaryimage\"},\"image\":{\"@id\":\"https:\/\/progettotouring.it\/radiotouring104\/2023\/03\/16\/carceri-garante-crotone-inidonei-locali-ricovero-detenuti\/#primaryimage\"},\"thumbnailUrl\":\"https:\/\/progettotouring.it\/radiotouring104\/wp-content\/uploads\/sites\/6\/2023\/02\/carcere-di-Palmi.jpg\",\"datePublished\":\"2023-03-16T10:01:27+00:00\",\"description\":\"Il Garante detenuti di Crotone segnala locali destinati ad infermeria del carcere sono inidonei al ricovero ed hanno una carenza idrica\",\"breadcrumb\":{\"@id\":\"https:\/\/progettotouring.it\/radiotouring104\/2023\/03\/16\/carceri-garante-crotone-inidonei-locali-ricovero-detenuti\/#breadcrumb\"},\"inLanguage\":\"it-IT\",\"potentialAction\":[{\"@type\":\"ReadAction\",\"target\":[\"https:\/\/progettotouring.it\/radiotouring104\/2023\/03\/16\/carceri-garante-crotone-inidonei-locali-ricovero-detenuti\/\"]}]},{\"@type\":\"ImageObject\",\"inLanguage\":\"it-IT\",\"@id\":\"https:\/\/progettotouring.it\/radiotouring104\/2023\/03\/16\/carceri-garante-crotone-inidonei-locali-ricovero-detenuti\/#primaryimage\",\"url\":\"https:\/\/progettotouring.it\/radiotouring104\/wp-content\/uploads\/sites\/6\/2023\/02\/carcere-di-Palmi.jpg\",\"contentUrl\":\"https:\/\/progettotouring.it\/radiotouring104\/wp-content\/uploads\/sites\/6\/2023\/02\/carcere-di-Palmi.jpg\",\"width\":330,\"height\":252},{\"@type\":\"BreadcrumbList\",\"@id\":\"https:\/\/progettotouring.it\/radiotouring104\/2023\/03\/16\/carceri-garante-crotone-inidonei-locali-ricovero-detenuti\/#breadcrumb\",\"itemListElement\":[{\"@type\":\"ListItem\",\"position\":1,\"name\":\"Home\",\"item\":\"https:\/\/progettotouring.it\/radiotouring104\/\"},{\"@type\":\"ListItem\",\"position\":2,\"name\":\"Carceri: garante Crotone, inidonei locali ricovero detenuti\"}]},{\"@type\":\"WebSite\",\"@id\":\"https:\/\/progettotouring.it\/radiotouring104\/#website\",\"url\":\"https:\/\/progettotouring.it\/radiotouring104\/\",\"name\":\"Radio Touring 104\",\"description\":\"La prima radio Reggina\",\"publisher\":{\"@id\":\"https:\/\/progettotouring.it\/radiotouring104\/#organization\"},\"potentialAction\":[{\"@type\":\"SearchAction\",\"target\":{\"@type\":\"EntryPoint\",\"urlTemplate\":\"https:\/\/progettotouring.it\/radiotouring104\/?s={search_term_string}\"},\"query-input\":{\"@type\":\"PropertyValueSpecification\",\"valueRequired\":true,\"valueName\":\"search_term_string\"}}],\"inLanguage\":\"it-IT\"},{\"@type\":\"Organization\",\"@id\":\"https:\/\/progettotouring.it\/radiotouring104\/#organization\",\"name\":\"Radio Touring 104\",\"url\":\"https:\/\/progettotouring.it\/radiotouring104\/\",\"logo\":{\"@type\":\"ImageObject\",\"inLanguage\":\"it-IT\",\"@id\":\"https:\/\/progettotouring.it\/radiotouring104\/#\/schema\/logo\/image\/\",\"url\":\"https:\/\/progettotouring.it\/radiotouring104\/wp-content\/uploads\/sites\/6\/2022\/02\/cropped-logo-radio-touring-104.png\",\"contentUrl\":\"https:\/\/progettotouring.it\/radiotouring104\/wp-content\/uploads\/sites\/6\/2022\/02\/cropped-logo-radio-touring-104.png\",\"width\":377,\"height\":182,\"caption\":\"Radio Touring 104\"},\"image\":{\"@id\":\"https:\/\/progettotouring.it\/radiotouring104\/#\/schema\/logo\/image\/\"}},{\"@type\":\"Person\",\"@id\":\"https:\/\/progettotouring.it\/radiotouring104\/#\/schema\/person\/78613917f1851f041f7483f5af1d422e\",\"name\":\"Sebastiano Plutino\",\"image\":{\"@type\":\"ImageObject\",\"inLanguage\":\"it-IT\",\"@id\":\"https:\/\/secure.gravatar.com\/avatar\/0546ffaa9b79224faf9f2a156b67a529ae861d3287c66c1d8ccfdf909bcba78d?s=96&d=mm&r=g\",\"url\":\"https:\/\/secure.gravatar.com\/avatar\/0546ffaa9b79224faf9f2a156b67a529ae861d3287c66c1d8ccfdf909bcba78d?s=96&d=mm&r=g\",\"contentUrl\":\"https:\/\/secure.gravatar.com\/avatar\/0546ffaa9b79224faf9f2a156b67a529ae861d3287c66c1d8ccfdf909bcba78d?s=96&d=mm&r=g\",\"caption\":\"Sebastiano Plutino\"},\"url\":\"https:\/\/progettotouring.it\/radiotouring104\/author\/sebastiano\/\"}]}<\/script>\n<!-- \/ Yoast SEO plugin. -->","yoast_head_json":{"title":"Carceri: garante Crotone, inidonei locali ricovero detenuti","description":"Il Garante detenuti di Crotone segnala locali destinati ad infermeria del carcere sono inidonei al ricovero ed hanno una carenza idrica","robots":{"index":"index","follow":"follow","max-snippet":"max-snippet:-1","max-image-preview":"max-image-preview:large","max-video-preview":"max-video-preview:-1"},"canonical":"https:\/\/progettotouring.it\/radiotouring104\/2023\/03\/16\/carceri-garante-crotone-inidonei-locali-ricovero-detenuti\/","og_locale":"it_IT","og_type":"article","og_title":"Carceri: garante Crotone, inidonei locali ricovero detenuti","og_description":"Il Garante detenuti di Crotone segnala locali destinati ad infermeria del carcere sono inidonei al ricovero ed hanno una carenza idrica","og_url":"https:\/\/progettotouring.it\/radiotouring104\/2023\/03\/16\/carceri-garante-crotone-inidonei-locali-ricovero-detenuti\/","og_site_name":"Radio Touring 104","article_published_time":"2023-03-16T10:01:27+00:00","og_image":[{"width":330,"height":252,"url":"https:\/\/progettotouring.it\/radiotouring104\/wp-content\/uploads\/sites\/6\/2023\/02\/carcere-di-Palmi.jpg","type":"image\/jpeg"}],"author":"Sebastiano Plutino","twitter_card":"summary_large_image","twitter_misc":{"Scritto da":"Sebastiano Plutino","Tempo di lettura stimato":"1 minuto"},"schema":{"@context":"https:\/\/schema.org","@graph":[{"@type":"Article","@id":"https:\/\/progettotouring.it\/radiotouring104\/2023\/03\/16\/carceri-garante-crotone-inidonei-locali-ricovero-detenuti\/#article","isPartOf":{"@id":"https:\/\/progettotouring.it\/radiotouring104\/2023\/03\/16\/carceri-garante-crotone-inidonei-locali-ricovero-detenuti\/"},"author":{"name":"Sebastiano Plutino","@id":"https:\/\/progettotouring.it\/radiotouring104\/#\/schema\/person\/78613917f1851f041f7483f5af1d422e"},"headline":"Carceri: garante Crotone, inidonei locali ricovero detenuti","datePublished":"2023-03-16T10:01:27+00:00","mainEntityOfPage":{"@id":"https:\/\/progettotouring.it\/radiotouring104\/2023\/03\/16\/carceri-garante-crotone-inidonei-locali-ricovero-detenuti\/"},"wordCount":251,"publisher":{"@id":"https:\/\/progettotouring.it\/radiotouring104\/#organization"},"image":{"@id":"https:\/\/progettotouring.it\/radiotouring104\/2023\/03\/16\/carceri-garante-crotone-inidonei-locali-ricovero-detenuti\/#primaryimage"},"thumbnailUrl":"https:\/\/progettotouring.it\/radiotouring104\/wp-content\/uploads\/sites\/6\/2023\/02\/carcere-di-Palmi.jpg","keywords":["carenza idrica dei locali","Federico Ferraro garante detenuti Crotone","garante detenuti Crotone","locali destinati ad infermeria del carcere inidonei"],"articleSection":["Calabria","Home","News"],"inLanguage":"it-IT"},{"@type":"WebPage","@id":"https:\/\/progettotouring.it\/radiotouring104\/2023\/03\/16\/carceri-garante-crotone-inidonei-locali-ricovero-detenuti\/","url":"https:\/\/progettotouring.it\/radiotouring104\/2023\/03\/16\/carceri-garante-crotone-inidonei-locali-ricovero-detenuti\/","name":"Carceri: garante Crotone, inidonei locali ricovero detenuti","isPartOf":{"@id":"https:\/\/progettotouring.it\/radiotouring104\/#website"},"primaryImageOfPage":{"@id":"https:\/\/progettotouring.it\/radiotouring104\/2023\/03\/16\/carceri-garante-crotone-inidonei-locali-ricovero-detenuti\/#primaryimage"},"image":{"@id":"https:\/\/progettotouring.it\/radiotouring104\/2023\/03\/16\/carceri-garante-crotone-inidonei-locali-ricovero-detenuti\/#primaryimage"},"thumbnailUrl":"https:\/\/progettotouring.it\/radiotouring104\/wp-content\/uploads\/sites\/6\/2023\/02\/carcere-di-Palmi.jpg","datePublished":"2023-03-16T10:01:27+00:00","description":"Il Garante detenuti di Crotone segnala locali destinati ad infermeria del carcere sono inidonei al ricovero ed hanno una carenza idrica","breadcrumb":{"@id":"https:\/\/progettotouring.it\/radiotouring104\/2023\/03\/16\/carceri-garante-crotone-inidonei-locali-ricovero-detenuti\/#breadcrumb"},"inLanguage":"it-IT","potentialAction":[{"@type":"ReadAction","target":["https:\/\/progettotouring.it\/radiotouring104\/2023\/03\/16\/carceri-garante-crotone-inidonei-locali-ricovero-detenuti\/"]}]},{"@type":"ImageObject","inLanguage":"it-IT","@id":"https:\/\/progettotouring.it\/radiotouring104\/2023\/03\/16\/carceri-garante-crotone-inidonei-locali-ricovero-detenuti\/#primaryimage","url":"https:\/\/progettotouring.it\/radiotouring104\/wp-content\/uploads\/sites\/6\/2023\/02\/carcere-di-Palmi.jpg","contentUrl":"https:\/\/progettotouring.it\/radiotouring104\/wp-content\/uploads\/sites\/6\/2023\/02\/carcere-di-Palmi.jpg","width":330,"height":252},{"@type":"BreadcrumbList","@id":"https:\/\/progettotouring.it\/radiotouring104\/2023\/03\/16\/carceri-garante-crotone-inidonei-locali-ricovero-detenuti\/#breadcrumb","itemListElement":[{"@type":"ListItem","position":1,"name":"Home","item":"https:\/\/progettotouring.it\/radiotouring104\/"},{"@type":"ListItem","position":2,"name":"Carceri: garante Crotone, inidonei locali ricovero detenuti"}]},{"@type":"WebSite","@id":"https:\/\/progettotouring.it\/radiotouring104\/#website","url":"https:\/\/progettotouring.it\/radiotouring104\/","name":"Radio Touring 104","description":"La prima radio Reggina","publisher":{"@id":"https:\/\/progettotouring.it\/radiotouring104\/#organization"},"potentialAction":[{"@type":"SearchAction","target":{"@type":"EntryPoint","urlTemplate":"https:\/\/progettotouring.it\/radiotouring104\/?s={search_term_string}"},"query-input":{"@type":"PropertyValueSpecification","valueRequired":true,"valueName":"search_term_string"}}],"inLanguage":"it-IT"},{"@type":"Organization","@id":"https:\/\/progettotouring.it\/radiotouring104\/#organization","name":"Radio Touring 104","url":"https:\/\/progettotouring.it\/radiotouring104\/","logo":{"@type":"ImageObject","inLanguage":"it-IT","@id":"https:\/\/progettotouring.it\/radiotouring104\/#\/schema\/logo\/image\/","url":"https:\/\/progettotouring.it\/radiotouring104\/wp-content\/uploads\/sites\/6\/2022\/02\/cropped-logo-radio-touring-104.png","contentUrl":"https:\/\/progettotouring.it\/radiotouring104\/wp-content\/uploads\/sites\/6\/2022\/02\/cropped-logo-radio-touring-104.png","width":377,"height":182,"caption":"Radio Touring 104"},"image":{"@id":"https:\/\/progettotouring.it\/radiotouring104\/#\/schema\/logo\/image\/"}},{"@type":"Person","@id":"https:\/\/progettotouring.it\/radiotouring104\/#\/schema\/person\/78613917f1851f041f7483f5af1d422e","name":"Sebastiano Plutino","image":{"@type":"ImageObject","inLanguage":"it-IT","@id":"https:\/\/secure.gravatar.com\/avatar\/0546ffaa9b79224faf9f2a156b67a529ae861d3287c66c1d8ccfdf909bcba78d?s=96&d=mm&r=g","url":"https:\/\/secure.gravatar.com\/avatar\/0546ffaa9b79224faf9f2a156b67a529ae861d3287c66c1d8ccfdf909bcba78d?s=96&d=mm&r=g","contentUrl":"https:\/\/secure.gravatar.com\/avatar\/0546ffaa9b79224faf9f2a156b67a529ae861d3287c66c1d8ccfdf909bcba78d?s=96&d=mm&r=g","caption":"Sebastiano Plutino"},"url":"https:\/\/progettotouring.it\/radiotouring104\/author\/sebastiano\/"}]}},"jetpack_publicize_connections":[],"jetpack_featured_media_url":"https:\/\/progettotouring.it\/radiotouring104\/wp-content\/uploads\/sites\/6\/2023\/02\/carcere-di-Palmi.jpg","jetpack_sharing_enabled":true,"_links":{"self":[{"href":"https:\/\/progettotouring.it\/radiotouring104\/wp-json\/wp\/v2\/posts\/21007","targetHints":{"allow":["GET"]}}],"collection":[{"href":"https:\/\/progettotouring.it\/radiotouring104\/wp-json\/wp\/v2\/posts"}],"about":[{"href":"https:\/\/progettotouring.it\/radiotouring104\/wp-json\/wp\/v2\/types\/post"}],"author":[{"embeddable":true,"href":"https:\/\/progettotouring.it\/radiotouring104\/wp-json\/wp\/v2\/users\/12"}],"replies":[{"embeddable":true,"href":"https:\/\/progettotouring.it\/radiotouring104\/wp-json\/wp\/v2\/comments?post=21007"}],"version-history":[{"count":1,"href":"https:\/\/progettotouring.it\/radiotouring104\/wp-json\/wp\/v2\/posts\/21007\/revisions"}],"predecessor-version":[{"id":21008,"href":"https:\/\/progettotouring.it\/radiotouring104\/wp-json\/wp\/v2\/posts\/21007\/revisions\/21008"}],"wp:featuredmedia":[{"embeddable":true,"href":"https:\/\/progettotouring.it\/radiotouring104\/wp-json\/wp\/v2\/media\/18215"}],"wp:attachment":[{"href":"https:\/\/progettotouring.it\/radiotouring104\/wp-json\/wp\/v2\/media?parent=21007"}],"wp:term":[{"taxonomy":"category","embeddable":true,"href":"https:\/\/progettotouring.it\/radiotouring104\/wp-json\/wp\/v2\/categories?post=21007"},{"taxonomy":"post_tag","embeddable":true,"href":"https:\/\/progettotouring.it\/radiotouring104\/wp-json\/wp\/v2\/tags?post=21007"}],"curies":[{"name":"wp","href":"https:\/\/api.w.org\/{rel}","templated":true}]}}