{"id":21024,"date":"2023-03-16T11:40:51","date_gmt":"2023-03-16T10:40:51","guid":{"rendered":"https:\/\/progettotouring.it\/radiotouring104\/?p=21024"},"modified":"2023-03-16T11:41:12","modified_gmt":"2023-03-16T10:41:12","slug":"confcommercio-conclusa-prima-edizione-turismo-delle-radici","status":"publish","type":"post","link":"https:\/\/progettotouring.it\/radiotouring104\/2023\/03\/16\/confcommercio-conclusa-prima-edizione-turismo-delle-radici\/","title":{"rendered":"Confcommercio, conclusa prima edizione &#8220;Turismo delle radici&#8221;"},"content":{"rendered":"<p>E&#8217; giunta alla conclusione la prima edizione del corso sul &#8220;Turismo delle Radici&#8221; organizzata da Sdi Confcommercio con il patrocinio del Dipartimento di Scienze Aziendali e Giuridiche e del Ministero degli Affari Esteri e della Cooperazione Internazionale (Maeci). &#8220;Un percorso intenso &#8211; \u00e8 detto in un comunicato &#8211; con interventi anche di docenti esteri, che ha visto coinvolti discenti provenienti non solo dalla Calabria ma da tutta Italia, i quali hanno avuto modo di apprendere in modo approfondito gli aspetti che caratterizzano la riscoperta delle proprie radici come attrattiva turistica per il nostro Paese. La cerimonia conclusiva, durante la quale sono stati presentati gli elaborati finali realizzati dai partecipanti, \u00e8 stata aperta dai saluti del presidente di Sdi Confcommercio Klaus Algieri. &#8220;Per la nostra scuola di impresa &#8211; ha detto Algieri &#8211; \u00e8 stato un orgoglio organizzare un corso di livello cos\u00ec alto. Vedere partecipare persone di tutta Italia ci ha dato conferma del fatto che questo \u00e8 un tema su cui dobbiamo puntare per il miglioramento dell&#8217;offerta turistica non solo della Calabria, ma dell&#8217;intero Paese. Ora siamo pronti per far partire la seconda edizione, per la quale ci siamo posti l&#8217;obiettivo di allargare i nostri confini, valicando quelli nazionali e consentendo la partecipazione anche a persone che risiedono in stati esteri&#8221;. Successivamente \u00e8 intervenuto il consigliere del Maeci Giovanni Maria De Vita, che, riporta la nota, &#8220;ha espresso le sue congratulazioni per l&#8217;ottima riuscita del corso e ha augurato a tutti i partecipanti di poter applicare concretamente sul campo quanto appreso durante le lezioni. Soddisfatta per questa prima edizione del corso anche la responsabile scientifica, Sonia Ferrari. &#8220;Questo percorso \u00e8 stato alquanto stimolante &#8211; ha sostenuto Ferrari &#8211; sia per il livello di attenzione sia per il livello di preparazione di tutti i partecipanti, che ha trovato la sua sintesi negli elaborati finali, presentati nel durante la sessione finale. Insieme a Sdi siamo gi\u00e0 al lavoro per la seconda edizione cercando di alzare l&#8217;asticella della qualit\u00e0, per andare pi\u00f9 a fondo su un tema su cui c&#8217;\u00e8 molto ancora da imparare&#8221;. (ANSA).<\/p>\n","protected":false},"excerpt":{"rendered":"<p>E&#8217; giunta alla conclusione la prima edizione del corso sul &#8220;Turismo delle Radici&#8221; organizzata da Sdi Confcommercio con il patrocinio del Dipartimento di Scienze Aziendali e Giuridiche e del Ministero&hellip;<\/p>\n","protected":false},"author":12,"featured_media":21025,"comment_status":"closed","ping_status":"open","sticky":false,"template":"","format":"standard","meta":{"_jetpack_memberships_contains_paid_content":false,"footnotes":"","jetpack_publicize_message":"","jetpack_publicize_feature_enabled":true,"jetpack_social_post_already_shared":false,"jetpack_social_options":{"image_generator_settings":{"template":"highway","default_image_id":0,"font":"","enabled":false},"version":2}},"categories":[921,196,140],"tags":[5079,11589,11590,5644],"class_list":["post-21024","post","type-post","status-publish","format-standard","has-post-thumbnail","hentry","category-home","category-news","category-reggio-calabria","tag-confcommercio","tag-corso-sul-turismo-delle-radici","tag-dipartimento-di-scienze-aziendali-e-giuridiche","tag-sdi-confcommercio"],"yoast_head":"<!-- This site is optimized with the Yoast SEO plugin v27.2 - https:\/\/yoast.com\/product\/yoast-seo-wordpress\/ -->\n<title>Confcommercio, conclusa prima edizione &quot;Turismo delle radici&quot;<\/title>\n<meta name=\"description\" content=\"Giunta alla conclusione la prima edizione del corso sul &quot;Turismo delle Radici&quot; organizzata da Sdi Confcommercio\" \/>\n<meta name=\"robots\" content=\"index, follow, max-snippet:-1, max-image-preview:large, max-video-preview:-1\" \/>\n<link rel=\"canonical\" href=\"https:\/\/progettotouring.it\/radiotouring104\/2023\/03\/16\/confcommercio-conclusa-prima-edizione-turismo-delle-radici\/\" \/>\n<meta property=\"og:locale\" content=\"it_IT\" \/>\n<meta property=\"og:type\" content=\"article\" \/>\n<meta property=\"og:title\" content=\"Confcommercio, conclusa prima edizione &quot;Turismo delle radici&quot;\" \/>\n<meta property=\"og:description\" content=\"Giunta alla conclusione la prima edizione del corso sul &quot;Turismo delle Radici&quot; organizzata da Sdi Confcommercio\" \/>\n<meta property=\"og:url\" content=\"https:\/\/progettotouring.it\/radiotouring104\/2023\/03\/16\/confcommercio-conclusa-prima-edizione-turismo-delle-radici\/\" \/>\n<meta property=\"og:site_name\" content=\"Radio Touring 104\" \/>\n<meta property=\"article:published_time\" content=\"2023-03-16T10:40:51+00:00\" \/>\n<meta property=\"article:modified_time\" content=\"2023-03-16T10:41:12+00:00\" \/>\n<meta property=\"og:image\" content=\"https:\/\/progettotouring.it\/radiotouring104\/wp-content\/uploads\/sites\/6\/2023\/03\/Confcommercio.png\" \/>\n\t<meta property=\"og:image:width\" content=\"2048\" \/>\n\t<meta property=\"og:image:height\" content=\"2048\" \/>\n\t<meta property=\"og:image:type\" content=\"image\/png\" \/>\n<meta name=\"author\" content=\"Sebastiano Plutino\" \/>\n<meta name=\"twitter:card\" content=\"summary_large_image\" \/>\n<meta name=\"twitter:label1\" content=\"Scritto da\" \/>\n\t<meta name=\"twitter:data1\" content=\"Sebastiano Plutino\" \/>\n\t<meta name=\"twitter:label2\" content=\"Tempo di lettura stimato\" \/>\n\t<meta name=\"twitter:data2\" content=\"2 minuti\" \/>\n<script type=\"application\/ld+json\" class=\"yoast-schema-graph\">{\"@context\":\"https:\/\/schema.org\",\"@graph\":[{\"@type\":\"Article\",\"@id\":\"https:\/\/progettotouring.it\/radiotouring104\/2023\/03\/16\/confcommercio-conclusa-prima-edizione-turismo-delle-radici\/#article\",\"isPartOf\":{\"@id\":\"https:\/\/progettotouring.it\/radiotouring104\/2023\/03\/16\/confcommercio-conclusa-prima-edizione-turismo-delle-radici\/\"},\"author\":{\"name\":\"Sebastiano Plutino\",\"@id\":\"https:\/\/progettotouring.it\/radiotouring104\/#\/schema\/person\/78613917f1851f041f7483f5af1d422e\"},\"headline\":\"Confcommercio, conclusa prima edizione &#8220;Turismo delle radici&#8221;\",\"datePublished\":\"2023-03-16T10:40:51+00:00\",\"dateModified\":\"2023-03-16T10:41:12+00:00\",\"mainEntityOfPage\":{\"@id\":\"https:\/\/progettotouring.it\/radiotouring104\/2023\/03\/16\/confcommercio-conclusa-prima-edizione-turismo-delle-radici\/\"},\"wordCount\":344,\"publisher\":{\"@id\":\"https:\/\/progettotouring.it\/radiotouring104\/#organization\"},\"image\":{\"@id\":\"https:\/\/progettotouring.it\/radiotouring104\/2023\/03\/16\/confcommercio-conclusa-prima-edizione-turismo-delle-radici\/#primaryimage\"},\"thumbnailUrl\":\"https:\/\/progettotouring.it\/radiotouring104\/wp-content\/uploads\/sites\/6\/2023\/03\/Confcommercio.png\",\"keywords\":[\"Confcommercio\",\"corso sul \\\"Turismo delle Radici\\\"\",\"Dipartimento di Scienze Aziendali e Giuridiche\",\"Sdi Confcommercio\"],\"articleSection\":[\"Home\",\"News\",\"Reggio Calabria\"],\"inLanguage\":\"it-IT\"},{\"@type\":\"WebPage\",\"@id\":\"https:\/\/progettotouring.it\/radiotouring104\/2023\/03\/16\/confcommercio-conclusa-prima-edizione-turismo-delle-radici\/\",\"url\":\"https:\/\/progettotouring.it\/radiotouring104\/2023\/03\/16\/confcommercio-conclusa-prima-edizione-turismo-delle-radici\/\",\"name\":\"Confcommercio, conclusa prima edizione \\\"Turismo delle radici\\\"\",\"isPartOf\":{\"@id\":\"https:\/\/progettotouring.it\/radiotouring104\/#website\"},\"primaryImageOfPage\":{\"@id\":\"https:\/\/progettotouring.it\/radiotouring104\/2023\/03\/16\/confcommercio-conclusa-prima-edizione-turismo-delle-radici\/#primaryimage\"},\"image\":{\"@id\":\"https:\/\/progettotouring.it\/radiotouring104\/2023\/03\/16\/confcommercio-conclusa-prima-edizione-turismo-delle-radici\/#primaryimage\"},\"thumbnailUrl\":\"https:\/\/progettotouring.it\/radiotouring104\/wp-content\/uploads\/sites\/6\/2023\/03\/Confcommercio.png\",\"datePublished\":\"2023-03-16T10:40:51+00:00\",\"dateModified\":\"2023-03-16T10:41:12+00:00\",\"description\":\"Giunta alla conclusione la prima edizione del corso sul \\\"Turismo delle Radici\\\" organizzata da Sdi Confcommercio\",\"breadcrumb\":{\"@id\":\"https:\/\/progettotouring.it\/radiotouring104\/2023\/03\/16\/confcommercio-conclusa-prima-edizione-turismo-delle-radici\/#breadcrumb\"},\"inLanguage\":\"it-IT\",\"potentialAction\":[{\"@type\":\"ReadAction\",\"target\":[\"https:\/\/progettotouring.it\/radiotouring104\/2023\/03\/16\/confcommercio-conclusa-prima-edizione-turismo-delle-radici\/\"]}]},{\"@type\":\"ImageObject\",\"inLanguage\":\"it-IT\",\"@id\":\"https:\/\/progettotouring.it\/radiotouring104\/2023\/03\/16\/confcommercio-conclusa-prima-edizione-turismo-delle-radici\/#primaryimage\",\"url\":\"https:\/\/progettotouring.it\/radiotouring104\/wp-content\/uploads\/sites\/6\/2023\/03\/Confcommercio.png\",\"contentUrl\":\"https:\/\/progettotouring.it\/radiotouring104\/wp-content\/uploads\/sites\/6\/2023\/03\/Confcommercio.png\",\"width\":2048,\"height\":2048},{\"@type\":\"BreadcrumbList\",\"@id\":\"https:\/\/progettotouring.it\/radiotouring104\/2023\/03\/16\/confcommercio-conclusa-prima-edizione-turismo-delle-radici\/#breadcrumb\",\"itemListElement\":[{\"@type\":\"ListItem\",\"position\":1,\"name\":\"Home\",\"item\":\"https:\/\/progettotouring.it\/radiotouring104\/\"},{\"@type\":\"ListItem\",\"position\":2,\"name\":\"Confcommercio, conclusa prima edizione &#8220;Turismo delle radici&#8221;\"}]},{\"@type\":\"WebSite\",\"@id\":\"https:\/\/progettotouring.it\/radiotouring104\/#website\",\"url\":\"https:\/\/progettotouring.it\/radiotouring104\/\",\"name\":\"Radio Touring 104\",\"description\":\"La prima radio Reggina\",\"publisher\":{\"@id\":\"https:\/\/progettotouring.it\/radiotouring104\/#organization\"},\"potentialAction\":[{\"@type\":\"SearchAction\",\"target\":{\"@type\":\"EntryPoint\",\"urlTemplate\":\"https:\/\/progettotouring.it\/radiotouring104\/?s={search_term_string}\"},\"query-input\":{\"@type\":\"PropertyValueSpecification\",\"valueRequired\":true,\"valueName\":\"search_term_string\"}}],\"inLanguage\":\"it-IT\"},{\"@type\":\"Organization\",\"@id\":\"https:\/\/progettotouring.it\/radiotouring104\/#organization\",\"name\":\"Radio Touring 104\",\"url\":\"https:\/\/progettotouring.it\/radiotouring104\/\",\"logo\":{\"@type\":\"ImageObject\",\"inLanguage\":\"it-IT\",\"@id\":\"https:\/\/progettotouring.it\/radiotouring104\/#\/schema\/logo\/image\/\",\"url\":\"https:\/\/progettotouring.it\/radiotouring104\/wp-content\/uploads\/sites\/6\/2022\/02\/cropped-logo-radio-touring-104.png\",\"contentUrl\":\"https:\/\/progettotouring.it\/radiotouring104\/wp-content\/uploads\/sites\/6\/2022\/02\/cropped-logo-radio-touring-104.png\",\"width\":377,\"height\":182,\"caption\":\"Radio Touring 104\"},\"image\":{\"@id\":\"https:\/\/progettotouring.it\/radiotouring104\/#\/schema\/logo\/image\/\"}},{\"@type\":\"Person\",\"@id\":\"https:\/\/progettotouring.it\/radiotouring104\/#\/schema\/person\/78613917f1851f041f7483f5af1d422e\",\"name\":\"Sebastiano Plutino\",\"image\":{\"@type\":\"ImageObject\",\"inLanguage\":\"it-IT\",\"@id\":\"https:\/\/secure.gravatar.com\/avatar\/0546ffaa9b79224faf9f2a156b67a529ae861d3287c66c1d8ccfdf909bcba78d?s=96&d=mm&r=g\",\"url\":\"https:\/\/secure.gravatar.com\/avatar\/0546ffaa9b79224faf9f2a156b67a529ae861d3287c66c1d8ccfdf909bcba78d?s=96&d=mm&r=g\",\"contentUrl\":\"https:\/\/secure.gravatar.com\/avatar\/0546ffaa9b79224faf9f2a156b67a529ae861d3287c66c1d8ccfdf909bcba78d?s=96&d=mm&r=g\",\"caption\":\"Sebastiano Plutino\"},\"url\":\"https:\/\/progettotouring.it\/radiotouring104\/author\/sebastiano\/\"}]}<\/script>\n<!-- \/ Yoast SEO plugin. -->","yoast_head_json":{"title":"Confcommercio, conclusa prima edizione \"Turismo delle radici\"","description":"Giunta alla conclusione la prima edizione del corso sul \"Turismo delle Radici\" organizzata da Sdi Confcommercio","robots":{"index":"index","follow":"follow","max-snippet":"max-snippet:-1","max-image-preview":"max-image-preview:large","max-video-preview":"max-video-preview:-1"},"canonical":"https:\/\/progettotouring.it\/radiotouring104\/2023\/03\/16\/confcommercio-conclusa-prima-edizione-turismo-delle-radici\/","og_locale":"it_IT","og_type":"article","og_title":"Confcommercio, conclusa prima edizione \"Turismo delle radici\"","og_description":"Giunta alla conclusione la prima edizione del corso sul \"Turismo delle Radici\" organizzata da Sdi Confcommercio","og_url":"https:\/\/progettotouring.it\/radiotouring104\/2023\/03\/16\/confcommercio-conclusa-prima-edizione-turismo-delle-radici\/","og_site_name":"Radio Touring 104","article_published_time":"2023-03-16T10:40:51+00:00","article_modified_time":"2023-03-16T10:41:12+00:00","og_image":[{"width":2048,"height":2048,"url":"https:\/\/progettotouring.it\/radiotouring104\/wp-content\/uploads\/sites\/6\/2023\/03\/Confcommercio.png","type":"image\/png"}],"author":"Sebastiano Plutino","twitter_card":"summary_large_image","twitter_misc":{"Scritto da":"Sebastiano Plutino","Tempo di lettura stimato":"2 minuti"},"schema":{"@context":"https:\/\/schema.org","@graph":[{"@type":"Article","@id":"https:\/\/progettotouring.it\/radiotouring104\/2023\/03\/16\/confcommercio-conclusa-prima-edizione-turismo-delle-radici\/#article","isPartOf":{"@id":"https:\/\/progettotouring.it\/radiotouring104\/2023\/03\/16\/confcommercio-conclusa-prima-edizione-turismo-delle-radici\/"},"author":{"name":"Sebastiano Plutino","@id":"https:\/\/progettotouring.it\/radiotouring104\/#\/schema\/person\/78613917f1851f041f7483f5af1d422e"},"headline":"Confcommercio, conclusa prima edizione &#8220;Turismo delle radici&#8221;","datePublished":"2023-03-16T10:40:51+00:00","dateModified":"2023-03-16T10:41:12+00:00","mainEntityOfPage":{"@id":"https:\/\/progettotouring.it\/radiotouring104\/2023\/03\/16\/confcommercio-conclusa-prima-edizione-turismo-delle-radici\/"},"wordCount":344,"publisher":{"@id":"https:\/\/progettotouring.it\/radiotouring104\/#organization"},"image":{"@id":"https:\/\/progettotouring.it\/radiotouring104\/2023\/03\/16\/confcommercio-conclusa-prima-edizione-turismo-delle-radici\/#primaryimage"},"thumbnailUrl":"https:\/\/progettotouring.it\/radiotouring104\/wp-content\/uploads\/sites\/6\/2023\/03\/Confcommercio.png","keywords":["Confcommercio","corso sul \"Turismo delle Radici\"","Dipartimento di Scienze Aziendali e Giuridiche","Sdi Confcommercio"],"articleSection":["Home","News","Reggio Calabria"],"inLanguage":"it-IT"},{"@type":"WebPage","@id":"https:\/\/progettotouring.it\/radiotouring104\/2023\/03\/16\/confcommercio-conclusa-prima-edizione-turismo-delle-radici\/","url":"https:\/\/progettotouring.it\/radiotouring104\/2023\/03\/16\/confcommercio-conclusa-prima-edizione-turismo-delle-radici\/","name":"Confcommercio, conclusa prima edizione \"Turismo delle radici\"","isPartOf":{"@id":"https:\/\/progettotouring.it\/radiotouring104\/#website"},"primaryImageOfPage":{"@id":"https:\/\/progettotouring.it\/radiotouring104\/2023\/03\/16\/confcommercio-conclusa-prima-edizione-turismo-delle-radici\/#primaryimage"},"image":{"@id":"https:\/\/progettotouring.it\/radiotouring104\/2023\/03\/16\/confcommercio-conclusa-prima-edizione-turismo-delle-radici\/#primaryimage"},"thumbnailUrl":"https:\/\/progettotouring.it\/radiotouring104\/wp-content\/uploads\/sites\/6\/2023\/03\/Confcommercio.png","datePublished":"2023-03-16T10:40:51+00:00","dateModified":"2023-03-16T10:41:12+00:00","description":"Giunta alla conclusione la prima edizione del corso sul \"Turismo delle Radici\" organizzata da Sdi Confcommercio","breadcrumb":{"@id":"https:\/\/progettotouring.it\/radiotouring104\/2023\/03\/16\/confcommercio-conclusa-prima-edizione-turismo-delle-radici\/#breadcrumb"},"inLanguage":"it-IT","potentialAction":[{"@type":"ReadAction","target":["https:\/\/progettotouring.it\/radiotouring104\/2023\/03\/16\/confcommercio-conclusa-prima-edizione-turismo-delle-radici\/"]}]},{"@type":"ImageObject","inLanguage":"it-IT","@id":"https:\/\/progettotouring.it\/radiotouring104\/2023\/03\/16\/confcommercio-conclusa-prima-edizione-turismo-delle-radici\/#primaryimage","url":"https:\/\/progettotouring.it\/radiotouring104\/wp-content\/uploads\/sites\/6\/2023\/03\/Confcommercio.png","contentUrl":"https:\/\/progettotouring.it\/radiotouring104\/wp-content\/uploads\/sites\/6\/2023\/03\/Confcommercio.png","width":2048,"height":2048},{"@type":"BreadcrumbList","@id":"https:\/\/progettotouring.it\/radiotouring104\/2023\/03\/16\/confcommercio-conclusa-prima-edizione-turismo-delle-radici\/#breadcrumb","itemListElement":[{"@type":"ListItem","position":1,"name":"Home","item":"https:\/\/progettotouring.it\/radiotouring104\/"},{"@type":"ListItem","position":2,"name":"Confcommercio, conclusa prima edizione &#8220;Turismo delle radici&#8221;"}]},{"@type":"WebSite","@id":"https:\/\/progettotouring.it\/radiotouring104\/#website","url":"https:\/\/progettotouring.it\/radiotouring104\/","name":"Radio Touring 104","description":"La prima radio Reggina","publisher":{"@id":"https:\/\/progettotouring.it\/radiotouring104\/#organization"},"potentialAction":[{"@type":"SearchAction","target":{"@type":"EntryPoint","urlTemplate":"https:\/\/progettotouring.it\/radiotouring104\/?s={search_term_string}"},"query-input":{"@type":"PropertyValueSpecification","valueRequired":true,"valueName":"search_term_string"}}],"inLanguage":"it-IT"},{"@type":"Organization","@id":"https:\/\/progettotouring.it\/radiotouring104\/#organization","name":"Radio Touring 104","url":"https:\/\/progettotouring.it\/radiotouring104\/","logo":{"@type":"ImageObject","inLanguage":"it-IT","@id":"https:\/\/progettotouring.it\/radiotouring104\/#\/schema\/logo\/image\/","url":"https:\/\/progettotouring.it\/radiotouring104\/wp-content\/uploads\/sites\/6\/2022\/02\/cropped-logo-radio-touring-104.png","contentUrl":"https:\/\/progettotouring.it\/radiotouring104\/wp-content\/uploads\/sites\/6\/2022\/02\/cropped-logo-radio-touring-104.png","width":377,"height":182,"caption":"Radio Touring 104"},"image":{"@id":"https:\/\/progettotouring.it\/radiotouring104\/#\/schema\/logo\/image\/"}},{"@type":"Person","@id":"https:\/\/progettotouring.it\/radiotouring104\/#\/schema\/person\/78613917f1851f041f7483f5af1d422e","name":"Sebastiano Plutino","image":{"@type":"ImageObject","inLanguage":"it-IT","@id":"https:\/\/secure.gravatar.com\/avatar\/0546ffaa9b79224faf9f2a156b67a529ae861d3287c66c1d8ccfdf909bcba78d?s=96&d=mm&r=g","url":"https:\/\/secure.gravatar.com\/avatar\/0546ffaa9b79224faf9f2a156b67a529ae861d3287c66c1d8ccfdf909bcba78d?s=96&d=mm&r=g","contentUrl":"https:\/\/secure.gravatar.com\/avatar\/0546ffaa9b79224faf9f2a156b67a529ae861d3287c66c1d8ccfdf909bcba78d?s=96&d=mm&r=g","caption":"Sebastiano Plutino"},"url":"https:\/\/progettotouring.it\/radiotouring104\/author\/sebastiano\/"}]}},"jetpack_publicize_connections":[],"jetpack_featured_media_url":"https:\/\/progettotouring.it\/radiotouring104\/wp-content\/uploads\/sites\/6\/2023\/03\/Confcommercio.png","jetpack_sharing_enabled":true,"_links":{"self":[{"href":"https:\/\/progettotouring.it\/radiotouring104\/wp-json\/wp\/v2\/posts\/21024","targetHints":{"allow":["GET"]}}],"collection":[{"href":"https:\/\/progettotouring.it\/radiotouring104\/wp-json\/wp\/v2\/posts"}],"about":[{"href":"https:\/\/progettotouring.it\/radiotouring104\/wp-json\/wp\/v2\/types\/post"}],"author":[{"embeddable":true,"href":"https:\/\/progettotouring.it\/radiotouring104\/wp-json\/wp\/v2\/users\/12"}],"replies":[{"embeddable":true,"href":"https:\/\/progettotouring.it\/radiotouring104\/wp-json\/wp\/v2\/comments?post=21024"}],"version-history":[{"count":1,"href":"https:\/\/progettotouring.it\/radiotouring104\/wp-json\/wp\/v2\/posts\/21024\/revisions"}],"predecessor-version":[{"id":21026,"href":"https:\/\/progettotouring.it\/radiotouring104\/wp-json\/wp\/v2\/posts\/21024\/revisions\/21026"}],"wp:featuredmedia":[{"embeddable":true,"href":"https:\/\/progettotouring.it\/radiotouring104\/wp-json\/wp\/v2\/media\/21025"}],"wp:attachment":[{"href":"https:\/\/progettotouring.it\/radiotouring104\/wp-json\/wp\/v2\/media?parent=21024"}],"wp:term":[{"taxonomy":"category","embeddable":true,"href":"https:\/\/progettotouring.it\/radiotouring104\/wp-json\/wp\/v2\/categories?post=21024"},{"taxonomy":"post_tag","embeddable":true,"href":"https:\/\/progettotouring.it\/radiotouring104\/wp-json\/wp\/v2\/tags?post=21024"}],"curies":[{"name":"wp","href":"https:\/\/api.w.org\/{rel}","templated":true}]}}