{"id":21045,"date":"2023-03-16T13:09:31","date_gmt":"2023-03-16T12:09:31","guid":{"rendered":"https:\/\/progettotouring.it\/radiotouring104\/?p=21045"},"modified":"2023-03-16T13:09:31","modified_gmt":"2023-03-16T12:09:31","slug":"la-metrocity-si-interroga-sul-futuro-della-street-art","status":"publish","type":"post","link":"https:\/\/progettotouring.it\/radiotouring104\/2023\/03\/16\/la-metrocity-si-interroga-sul-futuro-della-street-art\/","title":{"rendered":"La Metrocity si interroga sul futuro della street art"},"content":{"rendered":"<div>La Citt\u00e0 Metropolitana di Reggio Calabria \u00e8 stata scelta dai consiglieri regionali Ernesto Alecci, Davide Tavernise e Giuseppe Mattiani per presentare la proposta di legge dedicata alla valorizzazione, promozione e diffusione delle arti di strada in Calabria. \u00abNon una scelta casuale\u00bb, ha sottolineato Alecci, promotore dell\u2019iniziativa legislativa approvata dalla Commissione Cultura di Palazzo Campanella, perch\u00e9 proprio l\u2019amministrazione di Palazzo Alvaro \u00e8 stata riconosciuta quale \u00abantesignana ed unicum in regione per la medesima attivit\u00e0 destinata alla promozione dei territori attraverso la realizzazione dei murales e la valorizzazione degli artisti locali\u00bb.<\/div>\n<div><\/div>\n<div>Cos\u00ec, nella sala \u201cGilda Trisolini\u201d, il sindaco metropolitano facente funzioni, Carmelo Versace, ed il consigliere delegato Filippo Quartuccio, hanno accompagnato gli esponenti del parlamento calabrese in un dibattito a pi\u00f9 voci, moderato dalla funzionaria responsabile del Palazzo della Cultura \u201cPasquino Crupi\u201d, Anna Maria Franco, servito anche a raccogliere le testimonianze degli \u201cstreet artist\u201d e degli amministratori protagonisti dei tre bandi con cui l\u2019Ente Metropolitano, negli ultimi anni, ha \u00absegnato una strada intrapresa, adesso, anche dalla massima assise calabrese\u00bb.<\/p>\n<p>\u00abC\u2019\u00e8 una precisa identit\u00e0 politica dietro le iniziative che abbiamo condotto in un settore strategico come quello della Cultura\u00bb, ha detto Versace aggiungendo: \u00abDal 2020 al 2022, la Citt\u00e0 Metropolitana ha investito quasi 1,4 milioni di euro in un comporto determinante e decisivo in termini di sviluppo e crescita del territorio\u00bb. \u00abOltre ad approvare una norma di questo tipo \u2013 ha sottolineato \u2013 cos\u00ec da fornici le linee guida, la Regione dovrebbe anche trasferire le funzioni alla Citt\u00e0 Metropolitana cos\u00ec da renderla autonoma per come previsto da una legge nazionale\u00bb. E\u2019 un appello rivolto ai consiglieri Alecci, Tavernise e Mattiani affinch\u00e9 \u00abprendano una posizione precisa su un aspetto nevralgico per le sorti della comunit\u00e0 metropolitana\u00bb. \u00abServe \u2013 ha spiegato &#8211; che ci sia un\u2019attivit\u00e0 legislativa che non hanno fatto n\u00e9 Oliverio, n\u00e9 Santelli e che non sta facendo Occhiuto, senza fantasticare su altre Citt\u00e0 metropolitane nel cosentino\u00bb.<\/p><\/div>\n<div><\/div>\n<div>Rispetto ai progetti che hanno colorato e riconsegnato decoro a molti scorci dei borghi e delle citt\u00e0 del comprensorio, Carmelo Versace ha ringraziato i sindaci che hanno preso parte ai vari bandi rinnovando l\u2019impegno \u00abdi provare ad inserire quante pi\u00f9 proposte possibili per le attivit\u00e0 future\u00bb. \u00abLo sforzo economico fatto dalla Citt\u00e0 Metropolitana \u2013 ha concluso \u2013 \u00e8 costante e significativo. Ai consiglieri regionali, qualora la proposta di legge Alecci dovesse trovare anche il sostegno dell\u2019aula, consegneremo la progettazione di quei Comuni che non siamo riusciti a finanziare\u00bb.<\/div>\n<div>\nDi \u00abappuntamento importante\u00bb ha parlato il consigliere metropolitano Filippo Quartuccio che, nella proposta di legge Alecci, riconosce \u00abil lavoro fatto dalla Citt\u00e0 Metropolitana da tre anni a questa parte\u00bb. \u00abUn lavoro \u2013 ha detto \u2013 basato sulla fiducia consegnata agli \u201cstreet artist\u201d e sulla sinergia con le amministrazioni locali che ricevono i nostri murales\u00bb. \u00abOgni anno \u2013 ha detto \u2013 assegniamo un tema alla manifestazione che, per il 2023, sar\u00e0 quello del Mediterraneo. Ci aspettiamo, davvero, che ogni artista, assieme ai Comuni, possa liberare la propria fantasia e creativit\u00e0\u00bb. \u00abNell\u2019insieme \u2013 ha concluso il delegato alla Cultura &#8211; siamo soddisfatti del progetto che stiamo portando avanti e che, fino ad oggi, ha visto la realizzazione di 46 opere. Siamo contenti, dunque, che arrivi uno stimolo dalla Regione rispetto ad un\u2019attivit\u00e0 che potr\u00e0 essere sempre pi\u00f9 organizzata e calata sul territorio. Stiamo cercando di puntare sulla bellezza e su tutto quello che pu\u00f2 fare bene e dare significato alle nostre comunit\u00e0\u00bb.<\/div>\n","protected":false},"excerpt":{"rendered":"<p>La Citt\u00e0 Metropolitana di Reggio Calabria \u00e8 stata scelta dai consiglieri regionali Ernesto Alecci, Davide Tavernise e Giuseppe Mattiani per presentare la proposta di legge dedicata alla valorizzazione, promozione e&hellip;<\/p>\n","protected":false},"author":12,"featured_media":21046,"comment_status":"closed","ping_status":"open","sticky":false,"template":"","format":"standard","meta":{"_jetpack_memberships_contains_paid_content":false,"footnotes":"","jetpack_publicize_message":"","jetpack_publicize_feature_enabled":true,"jetpack_social_post_already_shared":false,"jetpack_social_options":{"image_generator_settings":{"template":"highway","default_image_id":0,"font":"","enabled":false},"version":2}},"categories":[921,196,140],"tags":[11016,563,11608,11609,11611,11610],"class_list":["post-21045","post","type-post","status-publish","format-standard","has-post-thumbnail","hentry","category-home","category-news","category-reggio-calabria","tag-bando-street-art-metropolitana","tag-citta-metropolitana-di-reggio-calabria","tag-consiglieri-regionali-ernesto-alecci","tag-davide-tavernise-e-giuseppe-mattiani","tag-promozione-e-diffusione-delle-arti-di-strada","tag-proposta-di-legge-dedicata-alla-valorizzazione"],"yoast_head":"<!-- This site is optimized with the Yoast SEO plugin v27.2 - https:\/\/yoast.com\/product\/yoast-seo-wordpress\/ -->\n<title>La Metrocity si interroga sul futuro della street art<\/title>\n<meta name=\"description\" content=\"A Palazzo Alvaro sulla proposta di legge regionale per la valorizzazione, promozione e diffusione delle arti di strada in Calabria\" \/>\n<meta name=\"robots\" content=\"index, follow, max-snippet:-1, max-image-preview:large, max-video-preview:-1\" \/>\n<link rel=\"canonical\" href=\"https:\/\/progettotouring.it\/radiotouring104\/2023\/03\/16\/la-metrocity-si-interroga-sul-futuro-della-street-art\/\" \/>\n<meta property=\"og:locale\" content=\"it_IT\" \/>\n<meta property=\"og:type\" content=\"article\" \/>\n<meta property=\"og:title\" content=\"La Metrocity si interroga sul futuro della street art\" \/>\n<meta property=\"og:description\" content=\"A Palazzo Alvaro sulla proposta di legge regionale per la valorizzazione, promozione e diffusione delle arti di strada in Calabria\" \/>\n<meta property=\"og:url\" content=\"https:\/\/progettotouring.it\/radiotouring104\/2023\/03\/16\/la-metrocity-si-interroga-sul-futuro-della-street-art\/\" \/>\n<meta property=\"og:site_name\" content=\"Radio Touring 104\" \/>\n<meta property=\"article:published_time\" content=\"2023-03-16T12:09:31+00:00\" \/>\n<meta property=\"og:image\" content=\"https:\/\/progettotouring.it\/radiotouring104\/wp-content\/uploads\/sites\/6\/2023\/03\/Metrocity-street-art.jpeg\" \/>\n\t<meta property=\"og:image:width\" content=\"1599\" \/>\n\t<meta property=\"og:image:height\" content=\"899\" \/>\n\t<meta property=\"og:image:type\" content=\"image\/jpeg\" \/>\n<meta name=\"author\" content=\"Sebastiano Plutino\" \/>\n<meta name=\"twitter:card\" content=\"summary_large_image\" \/>\n<meta name=\"twitter:label1\" content=\"Scritto da\" \/>\n\t<meta name=\"twitter:data1\" content=\"Sebastiano Plutino\" \/>\n\t<meta name=\"twitter:label2\" content=\"Tempo di lettura stimato\" \/>\n\t<meta name=\"twitter:data2\" content=\"3 minuti\" \/>\n<script type=\"application\/ld+json\" class=\"yoast-schema-graph\">{\"@context\":\"https:\/\/schema.org\",\"@graph\":[{\"@type\":\"Article\",\"@id\":\"https:\/\/progettotouring.it\/radiotouring104\/2023\/03\/16\/la-metrocity-si-interroga-sul-futuro-della-street-art\/#article\",\"isPartOf\":{\"@id\":\"https:\/\/progettotouring.it\/radiotouring104\/2023\/03\/16\/la-metrocity-si-interroga-sul-futuro-della-street-art\/\"},\"author\":{\"name\":\"Sebastiano Plutino\",\"@id\":\"https:\/\/progettotouring.it\/radiotouring104\/#\/schema\/person\/78613917f1851f041f7483f5af1d422e\"},\"headline\":\"La Metrocity si interroga sul futuro della street art\",\"datePublished\":\"2023-03-16T12:09:31+00:00\",\"mainEntityOfPage\":{\"@id\":\"https:\/\/progettotouring.it\/radiotouring104\/2023\/03\/16\/la-metrocity-si-interroga-sul-futuro-della-street-art\/\"},\"wordCount\":561,\"publisher\":{\"@id\":\"https:\/\/progettotouring.it\/radiotouring104\/#organization\"},\"image\":{\"@id\":\"https:\/\/progettotouring.it\/radiotouring104\/2023\/03\/16\/la-metrocity-si-interroga-sul-futuro-della-street-art\/#primaryimage\"},\"thumbnailUrl\":\"https:\/\/progettotouring.it\/radiotouring104\/wp-content\/uploads\/sites\/6\/2023\/03\/Metrocity-street-art.jpeg\",\"keywords\":[\"Bando Street Art Metropolitana\",\"Citt\u00e0 Metropolitana di Reggio Calabria\",\"consiglieri regionali Ernesto Alecci\",\"Davide Tavernise e Giuseppe Mattiani\",\"promozione e diffusione delle arti di strada\",\"proposta di legge dedicata alla valorizzazione\"],\"articleSection\":[\"Home\",\"News\",\"Reggio Calabria\"],\"inLanguage\":\"it-IT\"},{\"@type\":\"WebPage\",\"@id\":\"https:\/\/progettotouring.it\/radiotouring104\/2023\/03\/16\/la-metrocity-si-interroga-sul-futuro-della-street-art\/\",\"url\":\"https:\/\/progettotouring.it\/radiotouring104\/2023\/03\/16\/la-metrocity-si-interroga-sul-futuro-della-street-art\/\",\"name\":\"La Metrocity si interroga sul futuro della street art\",\"isPartOf\":{\"@id\":\"https:\/\/progettotouring.it\/radiotouring104\/#website\"},\"primaryImageOfPage\":{\"@id\":\"https:\/\/progettotouring.it\/radiotouring104\/2023\/03\/16\/la-metrocity-si-interroga-sul-futuro-della-street-art\/#primaryimage\"},\"image\":{\"@id\":\"https:\/\/progettotouring.it\/radiotouring104\/2023\/03\/16\/la-metrocity-si-interroga-sul-futuro-della-street-art\/#primaryimage\"},\"thumbnailUrl\":\"https:\/\/progettotouring.it\/radiotouring104\/wp-content\/uploads\/sites\/6\/2023\/03\/Metrocity-street-art.jpeg\",\"datePublished\":\"2023-03-16T12:09:31+00:00\",\"description\":\"A Palazzo Alvaro sulla proposta di legge regionale per la valorizzazione, promozione e diffusione delle arti di strada in Calabria\",\"breadcrumb\":{\"@id\":\"https:\/\/progettotouring.it\/radiotouring104\/2023\/03\/16\/la-metrocity-si-interroga-sul-futuro-della-street-art\/#breadcrumb\"},\"inLanguage\":\"it-IT\",\"potentialAction\":[{\"@type\":\"ReadAction\",\"target\":[\"https:\/\/progettotouring.it\/radiotouring104\/2023\/03\/16\/la-metrocity-si-interroga-sul-futuro-della-street-art\/\"]}]},{\"@type\":\"ImageObject\",\"inLanguage\":\"it-IT\",\"@id\":\"https:\/\/progettotouring.it\/radiotouring104\/2023\/03\/16\/la-metrocity-si-interroga-sul-futuro-della-street-art\/#primaryimage\",\"url\":\"https:\/\/progettotouring.it\/radiotouring104\/wp-content\/uploads\/sites\/6\/2023\/03\/Metrocity-street-art.jpeg\",\"contentUrl\":\"https:\/\/progettotouring.it\/radiotouring104\/wp-content\/uploads\/sites\/6\/2023\/03\/Metrocity-street-art.jpeg\",\"width\":1599,\"height\":899},{\"@type\":\"BreadcrumbList\",\"@id\":\"https:\/\/progettotouring.it\/radiotouring104\/2023\/03\/16\/la-metrocity-si-interroga-sul-futuro-della-street-art\/#breadcrumb\",\"itemListElement\":[{\"@type\":\"ListItem\",\"position\":1,\"name\":\"Home\",\"item\":\"https:\/\/progettotouring.it\/radiotouring104\/\"},{\"@type\":\"ListItem\",\"position\":2,\"name\":\"La Metrocity si interroga sul futuro della street art\"}]},{\"@type\":\"WebSite\",\"@id\":\"https:\/\/progettotouring.it\/radiotouring104\/#website\",\"url\":\"https:\/\/progettotouring.it\/radiotouring104\/\",\"name\":\"Radio Touring 104\",\"description\":\"La prima radio Reggina\",\"publisher\":{\"@id\":\"https:\/\/progettotouring.it\/radiotouring104\/#organization\"},\"potentialAction\":[{\"@type\":\"SearchAction\",\"target\":{\"@type\":\"EntryPoint\",\"urlTemplate\":\"https:\/\/progettotouring.it\/radiotouring104\/?s={search_term_string}\"},\"query-input\":{\"@type\":\"PropertyValueSpecification\",\"valueRequired\":true,\"valueName\":\"search_term_string\"}}],\"inLanguage\":\"it-IT\"},{\"@type\":\"Organization\",\"@id\":\"https:\/\/progettotouring.it\/radiotouring104\/#organization\",\"name\":\"Radio Touring 104\",\"url\":\"https:\/\/progettotouring.it\/radiotouring104\/\",\"logo\":{\"@type\":\"ImageObject\",\"inLanguage\":\"it-IT\",\"@id\":\"https:\/\/progettotouring.it\/radiotouring104\/#\/schema\/logo\/image\/\",\"url\":\"https:\/\/progettotouring.it\/radiotouring104\/wp-content\/uploads\/sites\/6\/2022\/02\/cropped-logo-radio-touring-104.png\",\"contentUrl\":\"https:\/\/progettotouring.it\/radiotouring104\/wp-content\/uploads\/sites\/6\/2022\/02\/cropped-logo-radio-touring-104.png\",\"width\":377,\"height\":182,\"caption\":\"Radio Touring 104\"},\"image\":{\"@id\":\"https:\/\/progettotouring.it\/radiotouring104\/#\/schema\/logo\/image\/\"}},{\"@type\":\"Person\",\"@id\":\"https:\/\/progettotouring.it\/radiotouring104\/#\/schema\/person\/78613917f1851f041f7483f5af1d422e\",\"name\":\"Sebastiano Plutino\",\"image\":{\"@type\":\"ImageObject\",\"inLanguage\":\"it-IT\",\"@id\":\"https:\/\/secure.gravatar.com\/avatar\/0546ffaa9b79224faf9f2a156b67a529ae861d3287c66c1d8ccfdf909bcba78d?s=96&d=mm&r=g\",\"url\":\"https:\/\/secure.gravatar.com\/avatar\/0546ffaa9b79224faf9f2a156b67a529ae861d3287c66c1d8ccfdf909bcba78d?s=96&d=mm&r=g\",\"contentUrl\":\"https:\/\/secure.gravatar.com\/avatar\/0546ffaa9b79224faf9f2a156b67a529ae861d3287c66c1d8ccfdf909bcba78d?s=96&d=mm&r=g\",\"caption\":\"Sebastiano Plutino\"},\"url\":\"https:\/\/progettotouring.it\/radiotouring104\/author\/sebastiano\/\"}]}<\/script>\n<!-- \/ Yoast SEO plugin. -->","yoast_head_json":{"title":"La Metrocity si interroga sul futuro della street art","description":"A Palazzo Alvaro sulla proposta di legge regionale per la valorizzazione, promozione e diffusione delle arti di strada in Calabria","robots":{"index":"index","follow":"follow","max-snippet":"max-snippet:-1","max-image-preview":"max-image-preview:large","max-video-preview":"max-video-preview:-1"},"canonical":"https:\/\/progettotouring.it\/radiotouring104\/2023\/03\/16\/la-metrocity-si-interroga-sul-futuro-della-street-art\/","og_locale":"it_IT","og_type":"article","og_title":"La Metrocity si interroga sul futuro della street art","og_description":"A Palazzo Alvaro sulla proposta di legge regionale per la valorizzazione, promozione e diffusione delle arti di strada in Calabria","og_url":"https:\/\/progettotouring.it\/radiotouring104\/2023\/03\/16\/la-metrocity-si-interroga-sul-futuro-della-street-art\/","og_site_name":"Radio Touring 104","article_published_time":"2023-03-16T12:09:31+00:00","og_image":[{"width":1599,"height":899,"url":"https:\/\/progettotouring.it\/radiotouring104\/wp-content\/uploads\/sites\/6\/2023\/03\/Metrocity-street-art.jpeg","type":"image\/jpeg"}],"author":"Sebastiano Plutino","twitter_card":"summary_large_image","twitter_misc":{"Scritto da":"Sebastiano Plutino","Tempo di lettura stimato":"3 minuti"},"schema":{"@context":"https:\/\/schema.org","@graph":[{"@type":"Article","@id":"https:\/\/progettotouring.it\/radiotouring104\/2023\/03\/16\/la-metrocity-si-interroga-sul-futuro-della-street-art\/#article","isPartOf":{"@id":"https:\/\/progettotouring.it\/radiotouring104\/2023\/03\/16\/la-metrocity-si-interroga-sul-futuro-della-street-art\/"},"author":{"name":"Sebastiano Plutino","@id":"https:\/\/progettotouring.it\/radiotouring104\/#\/schema\/person\/78613917f1851f041f7483f5af1d422e"},"headline":"La Metrocity si interroga sul futuro della street art","datePublished":"2023-03-16T12:09:31+00:00","mainEntityOfPage":{"@id":"https:\/\/progettotouring.it\/radiotouring104\/2023\/03\/16\/la-metrocity-si-interroga-sul-futuro-della-street-art\/"},"wordCount":561,"publisher":{"@id":"https:\/\/progettotouring.it\/radiotouring104\/#organization"},"image":{"@id":"https:\/\/progettotouring.it\/radiotouring104\/2023\/03\/16\/la-metrocity-si-interroga-sul-futuro-della-street-art\/#primaryimage"},"thumbnailUrl":"https:\/\/progettotouring.it\/radiotouring104\/wp-content\/uploads\/sites\/6\/2023\/03\/Metrocity-street-art.jpeg","keywords":["Bando Street Art Metropolitana","Citt\u00e0 Metropolitana di Reggio Calabria","consiglieri regionali Ernesto Alecci","Davide Tavernise e Giuseppe Mattiani","promozione e diffusione delle arti di strada","proposta di legge dedicata alla valorizzazione"],"articleSection":["Home","News","Reggio Calabria"],"inLanguage":"it-IT"},{"@type":"WebPage","@id":"https:\/\/progettotouring.it\/radiotouring104\/2023\/03\/16\/la-metrocity-si-interroga-sul-futuro-della-street-art\/","url":"https:\/\/progettotouring.it\/radiotouring104\/2023\/03\/16\/la-metrocity-si-interroga-sul-futuro-della-street-art\/","name":"La Metrocity si interroga sul futuro della street art","isPartOf":{"@id":"https:\/\/progettotouring.it\/radiotouring104\/#website"},"primaryImageOfPage":{"@id":"https:\/\/progettotouring.it\/radiotouring104\/2023\/03\/16\/la-metrocity-si-interroga-sul-futuro-della-street-art\/#primaryimage"},"image":{"@id":"https:\/\/progettotouring.it\/radiotouring104\/2023\/03\/16\/la-metrocity-si-interroga-sul-futuro-della-street-art\/#primaryimage"},"thumbnailUrl":"https:\/\/progettotouring.it\/radiotouring104\/wp-content\/uploads\/sites\/6\/2023\/03\/Metrocity-street-art.jpeg","datePublished":"2023-03-16T12:09:31+00:00","description":"A Palazzo Alvaro sulla proposta di legge regionale per la valorizzazione, promozione e diffusione delle arti di strada in Calabria","breadcrumb":{"@id":"https:\/\/progettotouring.it\/radiotouring104\/2023\/03\/16\/la-metrocity-si-interroga-sul-futuro-della-street-art\/#breadcrumb"},"inLanguage":"it-IT","potentialAction":[{"@type":"ReadAction","target":["https:\/\/progettotouring.it\/radiotouring104\/2023\/03\/16\/la-metrocity-si-interroga-sul-futuro-della-street-art\/"]}]},{"@type":"ImageObject","inLanguage":"it-IT","@id":"https:\/\/progettotouring.it\/radiotouring104\/2023\/03\/16\/la-metrocity-si-interroga-sul-futuro-della-street-art\/#primaryimage","url":"https:\/\/progettotouring.it\/radiotouring104\/wp-content\/uploads\/sites\/6\/2023\/03\/Metrocity-street-art.jpeg","contentUrl":"https:\/\/progettotouring.it\/radiotouring104\/wp-content\/uploads\/sites\/6\/2023\/03\/Metrocity-street-art.jpeg","width":1599,"height":899},{"@type":"BreadcrumbList","@id":"https:\/\/progettotouring.it\/radiotouring104\/2023\/03\/16\/la-metrocity-si-interroga-sul-futuro-della-street-art\/#breadcrumb","itemListElement":[{"@type":"ListItem","position":1,"name":"Home","item":"https:\/\/progettotouring.it\/radiotouring104\/"},{"@type":"ListItem","position":2,"name":"La Metrocity si interroga sul futuro della street art"}]},{"@type":"WebSite","@id":"https:\/\/progettotouring.it\/radiotouring104\/#website","url":"https:\/\/progettotouring.it\/radiotouring104\/","name":"Radio Touring 104","description":"La prima radio Reggina","publisher":{"@id":"https:\/\/progettotouring.it\/radiotouring104\/#organization"},"potentialAction":[{"@type":"SearchAction","target":{"@type":"EntryPoint","urlTemplate":"https:\/\/progettotouring.it\/radiotouring104\/?s={search_term_string}"},"query-input":{"@type":"PropertyValueSpecification","valueRequired":true,"valueName":"search_term_string"}}],"inLanguage":"it-IT"},{"@type":"Organization","@id":"https:\/\/progettotouring.it\/radiotouring104\/#organization","name":"Radio Touring 104","url":"https:\/\/progettotouring.it\/radiotouring104\/","logo":{"@type":"ImageObject","inLanguage":"it-IT","@id":"https:\/\/progettotouring.it\/radiotouring104\/#\/schema\/logo\/image\/","url":"https:\/\/progettotouring.it\/radiotouring104\/wp-content\/uploads\/sites\/6\/2022\/02\/cropped-logo-radio-touring-104.png","contentUrl":"https:\/\/progettotouring.it\/radiotouring104\/wp-content\/uploads\/sites\/6\/2022\/02\/cropped-logo-radio-touring-104.png","width":377,"height":182,"caption":"Radio Touring 104"},"image":{"@id":"https:\/\/progettotouring.it\/radiotouring104\/#\/schema\/logo\/image\/"}},{"@type":"Person","@id":"https:\/\/progettotouring.it\/radiotouring104\/#\/schema\/person\/78613917f1851f041f7483f5af1d422e","name":"Sebastiano Plutino","image":{"@type":"ImageObject","inLanguage":"it-IT","@id":"https:\/\/secure.gravatar.com\/avatar\/0546ffaa9b79224faf9f2a156b67a529ae861d3287c66c1d8ccfdf909bcba78d?s=96&d=mm&r=g","url":"https:\/\/secure.gravatar.com\/avatar\/0546ffaa9b79224faf9f2a156b67a529ae861d3287c66c1d8ccfdf909bcba78d?s=96&d=mm&r=g","contentUrl":"https:\/\/secure.gravatar.com\/avatar\/0546ffaa9b79224faf9f2a156b67a529ae861d3287c66c1d8ccfdf909bcba78d?s=96&d=mm&r=g","caption":"Sebastiano Plutino"},"url":"https:\/\/progettotouring.it\/radiotouring104\/author\/sebastiano\/"}]}},"jetpack_publicize_connections":[],"jetpack_featured_media_url":"https:\/\/progettotouring.it\/radiotouring104\/wp-content\/uploads\/sites\/6\/2023\/03\/Metrocity-street-art.jpeg","jetpack_sharing_enabled":true,"_links":{"self":[{"href":"https:\/\/progettotouring.it\/radiotouring104\/wp-json\/wp\/v2\/posts\/21045","targetHints":{"allow":["GET"]}}],"collection":[{"href":"https:\/\/progettotouring.it\/radiotouring104\/wp-json\/wp\/v2\/posts"}],"about":[{"href":"https:\/\/progettotouring.it\/radiotouring104\/wp-json\/wp\/v2\/types\/post"}],"author":[{"embeddable":true,"href":"https:\/\/progettotouring.it\/radiotouring104\/wp-json\/wp\/v2\/users\/12"}],"replies":[{"embeddable":true,"href":"https:\/\/progettotouring.it\/radiotouring104\/wp-json\/wp\/v2\/comments?post=21045"}],"version-history":[{"count":1,"href":"https:\/\/progettotouring.it\/radiotouring104\/wp-json\/wp\/v2\/posts\/21045\/revisions"}],"predecessor-version":[{"id":21047,"href":"https:\/\/progettotouring.it\/radiotouring104\/wp-json\/wp\/v2\/posts\/21045\/revisions\/21047"}],"wp:featuredmedia":[{"embeddable":true,"href":"https:\/\/progettotouring.it\/radiotouring104\/wp-json\/wp\/v2\/media\/21046"}],"wp:attachment":[{"href":"https:\/\/progettotouring.it\/radiotouring104\/wp-json\/wp\/v2\/media?parent=21045"}],"wp:term":[{"taxonomy":"category","embeddable":true,"href":"https:\/\/progettotouring.it\/radiotouring104\/wp-json\/wp\/v2\/categories?post=21045"},{"taxonomy":"post_tag","embeddable":true,"href":"https:\/\/progettotouring.it\/radiotouring104\/wp-json\/wp\/v2\/tags?post=21045"}],"curies":[{"name":"wp","href":"https:\/\/api.w.org\/{rel}","templated":true}]}}