{"id":21069,"date":"2023-03-16T13:51:55","date_gmt":"2023-03-16T12:51:55","guid":{"rendered":"https:\/\/progettotouring.it\/radiotouring104\/?p=21069"},"modified":"2023-03-16T16:56:32","modified_gmt":"2023-03-16T15:56:32","slug":"gemellaggio-tra-liis-nostro-repaci-e-il-liceo-greco-mikra-thermi","status":"publish","type":"post","link":"https:\/\/progettotouring.it\/radiotouring104\/2023\/03\/16\/gemellaggio-tra-liis-nostro-repaci-e-il-liceo-greco-mikra-thermi\/","title":{"rendered":"Gemellaggio tra l\u2019IIS \u201cNostro \u2013 Repaci\u201d e il Liceo greco Mikra-Thermi"},"content":{"rendered":"<p style=\"text-align: justify\">Nella splendida cornice del castello dei Ruffo di Scilla il 15 marzo \u00e8 stato dato il via alle attivit\u00e0 previste dal progetto di gemellaggio tra l\u2019Istituto d\u2019Istruzione Superiore \u201cNostro \u2013 Repaci\u201d e il Liceo greco Mikra-Thermi di Salonicco.<\/p>\n<p style=\"text-align: justify\">Quarantasei studenti greci e i loro docenti accompagnatori sono stati accolti dai compagni e dai colleghi del \u201c<strong>Nostro<\/strong> \u2013 <strong>Repaci<\/strong>\u201d, proff.<strong> Cosentino, Galletta, Modafferi e Prattic\u00f2<\/strong>, alla presenza del Dirigente scolastico, prof.ssa Maristella Spezzano, dell\u2019Assessore all\u2019istruzione e alle minoranze linguistiche del Comune di Reggio Calabria, dott.ssa Lucia Anita Nucera,\u00a0 del dott. Gianfranco Marino, vicesindaco di Bova e della prof.ssa Vasiliki Vourda, Direttrice del Centro di Lingua e Cultura greca Ellinomatheia. Durante l\u2019incontro si \u00e8 svolto un primo scambio di esperienze didattiche presentate brillantemente dagli studenti del Nostro-Repaci, quali in lingua inglese, quali in lingua greca. Un coinvolgente momento musicale \u00e8 stato offerto dagli studenti greci.\u00a0Durante l\u2019incontro \u00e8 stato presentato agli studenti l\u2019accordo di gemellaggio siglato nei giorni scorsi dai dirigenti scolastici dei due istituti.<\/p>\n<p style=\"text-align: justify\"><strong><em>\u201cLa finalit\u00e0 del gemellaggio \u2013<\/em><\/strong> dice la DS Spezzano &#8211;<em>\u00a0\u00e8 quella di dare la possibilit\u00e0 a insegnanti e alunni delle scuole gemellate di lavorare insieme su temi di interesse comune, con l&#8217;obiettivo di scambiare esperienze, esplorare aspetti della diversit\u00e0 culturale, sociale ed economica, comprendere meglio i reciproci punti di vista. Questo gemellaggio con il <strong>Liceo<\/strong> <strong>di Salonicco<\/strong> \u00e8 ancor pi\u00f9 significativo perch\u00e9 noi italiani ci siamo nutriti e ci nutriamo ancora oggi dei valori della classicit\u00e0 e <strong>dell\u2019Ellenismo<\/strong> e siamo consapevoli dell\u2019enorme debito culturale che la nostra civilt\u00e0 ha verso la <strong>Grecia<\/strong>. Per noi la lingua e la cultura greca sono state veicolo di diffusione di valori universali: i valori della democrazia, della filosofia, dell\u2019arte, della poesia\u201d.<\/em><\/p>\n<p style=\"text-align: justify\"><em>\u201cLa presenza del comune di Bova all\u2019incontro<\/em> &#8211; dichiara il dott. Marino &#8211;<em>\u00a0assume un forte valore simbolico di ideale unione con il territorio metropolitano, ma anche e soprattutto con la Grecia. Un legame che va oltre l\u2019aspetto puramente linguistico. Ancora oggi Bova rappresenta il cuore della comunit\u00e0 greca di Calabria e incarna valori e tradizioni che richiamano la <strong>Grecia antica<\/strong>\u201d.<\/em><\/p>\n<p style=\"text-align: justify\">La dott.ssa Lucia Anita Nucera ha illustrato le azioni che, in veste di Assessore, ogni giorno mette in atto per la tutela della minoranza greco-calabra, alla quale si sente particolarmente legata anche per le sue origini in terra grecanica. <strong>Vasiliki<\/strong> <strong>Vourda<\/strong>, nel ruolo di moderatrice dell\u2019incontro e interprete, ha sottolineato l\u2019importanza del gemellaggio italo-greco come suggello di un percorso di alto spessore culturale di cui si \u00e8 resa promotrice. Le attivit\u00e0 sono proseguite con una passeggiata per il borgo di <strong>Chianalea<\/strong> e con la visita di <strong>Pentedattilo<\/strong>, dove il fascino dell\u2019antico ha favorito tra studenti e docenti coinvolti uno spirito di condivisione, frutto dell\u2019appartenenza a popoli calorosi e ospitali.\u00a0 Molto significativo il contributo di Valentino Santagati, esperto e cultore di musica tradizionale popolare greca che, con la sua maestria, ha incantato i presenti infondendo loro la bellezza delle dolci melodie greco-calabre.<\/p>\n","protected":false},"excerpt":{"rendered":"<p>Nella splendida cornice del castello dei Ruffo di Scilla il 15 marzo \u00e8 stato dato il via alle attivit\u00e0 previste dal progetto di gemellaggio tra l\u2019Istituto d\u2019Istruzione Superiore \u201cNostro \u2013&hellip;<\/p>\n","protected":false},"author":8,"featured_media":21070,"comment_status":"closed","ping_status":"open","sticky":false,"template":"","format":"standard","meta":{"_jetpack_memberships_contains_paid_content":false,"footnotes":"","jetpack_publicize_message":"","jetpack_publicize_feature_enabled":true,"jetpack_social_post_already_shared":false,"jetpack_social_options":{"image_generator_settings":{"template":"highway","default_image_id":0,"font":"","enabled":false},"version":2}},"categories":[921,196,140],"tags":[3496,11629,11631,11628,11630],"class_list":["post-21069","post","type-post","status-publish","format-standard","has-post-thumbnail","hentry","category-home","category-news","category-reggio-calabria","tag-grecia","tag-liceo-di-salonicco","tag-mikra-thermi","tag-nostro-repaci","tag-vasiliki-vourda"],"yoast_head":"<!-- This site is optimized with the Yoast SEO plugin v27.2 - https:\/\/yoast.com\/product\/yoast-seo-wordpress\/ -->\n<title>Sinergia tra l\u2019IIS \u201cNostro \u2013 Repaci\u201d e il Liceo greco Mikra-Thermi<\/title>\n<meta name=\"description\" content=\"Importante sinergia scolastica tra l\u2019IIS \u201cNostro \u2013 Repaci\u201d di Villa San Giovanni e il Liceo greco Mikra-Thermi di Salonicco\" \/>\n<meta name=\"robots\" content=\"index, follow, max-snippet:-1, max-image-preview:large, max-video-preview:-1\" \/>\n<link rel=\"canonical\" href=\"https:\/\/progettotouring.it\/radiotouring104\/2023\/03\/16\/gemellaggio-tra-liis-nostro-repaci-e-il-liceo-greco-mikra-thermi\/\" \/>\n<meta property=\"og:locale\" content=\"it_IT\" \/>\n<meta property=\"og:type\" content=\"article\" \/>\n<meta property=\"og:title\" content=\"Sinergia tra l\u2019IIS \u201cNostro \u2013 Repaci\u201d e il Liceo greco Mikra-Thermi\" \/>\n<meta property=\"og:description\" content=\"Importante sinergia scolastica tra l\u2019IIS \u201cNostro \u2013 Repaci\u201d di Villa San Giovanni e il Liceo greco Mikra-Thermi di Salonicco\" \/>\n<meta property=\"og:url\" content=\"https:\/\/progettotouring.it\/radiotouring104\/2023\/03\/16\/gemellaggio-tra-liis-nostro-repaci-e-il-liceo-greco-mikra-thermi\/\" \/>\n<meta property=\"og:site_name\" content=\"Radio Touring 104\" \/>\n<meta property=\"article:published_time\" content=\"2023-03-16T12:51:55+00:00\" \/>\n<meta property=\"article:modified_time\" content=\"2023-03-16T15:56:32+00:00\" \/>\n<meta property=\"og:image\" content=\"https:\/\/progettotouring.it\/radiotouring104\/wp-content\/uploads\/sites\/6\/2023\/03\/Mikra-Thermi.jpeg\" \/>\n\t<meta property=\"og:image:width\" content=\"1600\" \/>\n\t<meta property=\"og:image:height\" content=\"1096\" \/>\n\t<meta property=\"og:image:type\" content=\"image\/jpeg\" \/>\n<meta name=\"author\" content=\"Filippo Francesco Idone\" \/>\n<meta name=\"twitter:card\" content=\"summary_large_image\" \/>\n<meta name=\"twitter:label1\" content=\"Scritto da\" \/>\n\t<meta name=\"twitter:data1\" content=\"Filippo Francesco Idone\" \/>\n\t<meta name=\"twitter:label2\" content=\"Tempo di lettura stimato\" \/>\n\t<meta name=\"twitter:data2\" content=\"2 minuti\" \/>\n<script type=\"application\/ld+json\" class=\"yoast-schema-graph\">{\"@context\":\"https:\/\/schema.org\",\"@graph\":[{\"@type\":\"Article\",\"@id\":\"https:\/\/progettotouring.it\/radiotouring104\/2023\/03\/16\/gemellaggio-tra-liis-nostro-repaci-e-il-liceo-greco-mikra-thermi\/#article\",\"isPartOf\":{\"@id\":\"https:\/\/progettotouring.it\/radiotouring104\/2023\/03\/16\/gemellaggio-tra-liis-nostro-repaci-e-il-liceo-greco-mikra-thermi\/\"},\"author\":{\"name\":\"Filippo Francesco Idone\",\"@id\":\"https:\/\/progettotouring.it\/radiotouring104\/#\/schema\/person\/4a82259ca52ac8702ad1a8f9e5a3120b\"},\"headline\":\"Gemellaggio tra l\u2019IIS \u201cNostro \u2013 Repaci\u201d e il Liceo greco Mikra-Thermi\",\"datePublished\":\"2023-03-16T12:51:55+00:00\",\"dateModified\":\"2023-03-16T15:56:32+00:00\",\"mainEntityOfPage\":{\"@id\":\"https:\/\/progettotouring.it\/radiotouring104\/2023\/03\/16\/gemellaggio-tra-liis-nostro-repaci-e-il-liceo-greco-mikra-thermi\/\"},\"wordCount\":503,\"publisher\":{\"@id\":\"https:\/\/progettotouring.it\/radiotouring104\/#organization\"},\"image\":{\"@id\":\"https:\/\/progettotouring.it\/radiotouring104\/2023\/03\/16\/gemellaggio-tra-liis-nostro-repaci-e-il-liceo-greco-mikra-thermi\/#primaryimage\"},\"thumbnailUrl\":\"https:\/\/progettotouring.it\/radiotouring104\/wp-content\/uploads\/sites\/6\/2023\/03\/Mikra-Thermi.jpeg\",\"keywords\":[\"Grecia\",\"Liceo di Salonicco\",\"Mikra-Thermi\",\"Nostro \u2013 Repaci\",\"Vasiliki Vourda\"],\"articleSection\":[\"Home\",\"News\",\"Reggio Calabria\"],\"inLanguage\":\"it-IT\"},{\"@type\":\"WebPage\",\"@id\":\"https:\/\/progettotouring.it\/radiotouring104\/2023\/03\/16\/gemellaggio-tra-liis-nostro-repaci-e-il-liceo-greco-mikra-thermi\/\",\"url\":\"https:\/\/progettotouring.it\/radiotouring104\/2023\/03\/16\/gemellaggio-tra-liis-nostro-repaci-e-il-liceo-greco-mikra-thermi\/\",\"name\":\"Sinergia tra l\u2019IIS \u201cNostro \u2013 Repaci\u201d e il Liceo greco Mikra-Thermi\",\"isPartOf\":{\"@id\":\"https:\/\/progettotouring.it\/radiotouring104\/#website\"},\"primaryImageOfPage\":{\"@id\":\"https:\/\/progettotouring.it\/radiotouring104\/2023\/03\/16\/gemellaggio-tra-liis-nostro-repaci-e-il-liceo-greco-mikra-thermi\/#primaryimage\"},\"image\":{\"@id\":\"https:\/\/progettotouring.it\/radiotouring104\/2023\/03\/16\/gemellaggio-tra-liis-nostro-repaci-e-il-liceo-greco-mikra-thermi\/#primaryimage\"},\"thumbnailUrl\":\"https:\/\/progettotouring.it\/radiotouring104\/wp-content\/uploads\/sites\/6\/2023\/03\/Mikra-Thermi.jpeg\",\"datePublished\":\"2023-03-16T12:51:55+00:00\",\"dateModified\":\"2023-03-16T15:56:32+00:00\",\"description\":\"Importante sinergia scolastica tra l\u2019IIS \u201cNostro \u2013 Repaci\u201d di Villa San Giovanni e il Liceo greco Mikra-Thermi di Salonicco\",\"breadcrumb\":{\"@id\":\"https:\/\/progettotouring.it\/radiotouring104\/2023\/03\/16\/gemellaggio-tra-liis-nostro-repaci-e-il-liceo-greco-mikra-thermi\/#breadcrumb\"},\"inLanguage\":\"it-IT\",\"potentialAction\":[{\"@type\":\"ReadAction\",\"target\":[\"https:\/\/progettotouring.it\/radiotouring104\/2023\/03\/16\/gemellaggio-tra-liis-nostro-repaci-e-il-liceo-greco-mikra-thermi\/\"]}]},{\"@type\":\"ImageObject\",\"inLanguage\":\"it-IT\",\"@id\":\"https:\/\/progettotouring.it\/radiotouring104\/2023\/03\/16\/gemellaggio-tra-liis-nostro-repaci-e-il-liceo-greco-mikra-thermi\/#primaryimage\",\"url\":\"https:\/\/progettotouring.it\/radiotouring104\/wp-content\/uploads\/sites\/6\/2023\/03\/Mikra-Thermi.jpeg\",\"contentUrl\":\"https:\/\/progettotouring.it\/radiotouring104\/wp-content\/uploads\/sites\/6\/2023\/03\/Mikra-Thermi.jpeg\",\"width\":1600,\"height\":1096},{\"@type\":\"BreadcrumbList\",\"@id\":\"https:\/\/progettotouring.it\/radiotouring104\/2023\/03\/16\/gemellaggio-tra-liis-nostro-repaci-e-il-liceo-greco-mikra-thermi\/#breadcrumb\",\"itemListElement\":[{\"@type\":\"ListItem\",\"position\":1,\"name\":\"Home\",\"item\":\"https:\/\/progettotouring.it\/radiotouring104\/\"},{\"@type\":\"ListItem\",\"position\":2,\"name\":\"Gemellaggio tra l\u2019IIS \u201cNostro \u2013 Repaci\u201d e il Liceo greco Mikra-Thermi\"}]},{\"@type\":\"WebSite\",\"@id\":\"https:\/\/progettotouring.it\/radiotouring104\/#website\",\"url\":\"https:\/\/progettotouring.it\/radiotouring104\/\",\"name\":\"Radio Touring 104\",\"description\":\"La prima radio Reggina\",\"publisher\":{\"@id\":\"https:\/\/progettotouring.it\/radiotouring104\/#organization\"},\"potentialAction\":[{\"@type\":\"SearchAction\",\"target\":{\"@type\":\"EntryPoint\",\"urlTemplate\":\"https:\/\/progettotouring.it\/radiotouring104\/?s={search_term_string}\"},\"query-input\":{\"@type\":\"PropertyValueSpecification\",\"valueRequired\":true,\"valueName\":\"search_term_string\"}}],\"inLanguage\":\"it-IT\"},{\"@type\":\"Organization\",\"@id\":\"https:\/\/progettotouring.it\/radiotouring104\/#organization\",\"name\":\"Radio Touring 104\",\"url\":\"https:\/\/progettotouring.it\/radiotouring104\/\",\"logo\":{\"@type\":\"ImageObject\",\"inLanguage\":\"it-IT\",\"@id\":\"https:\/\/progettotouring.it\/radiotouring104\/#\/schema\/logo\/image\/\",\"url\":\"https:\/\/progettotouring.it\/radiotouring104\/wp-content\/uploads\/sites\/6\/2022\/02\/cropped-logo-radio-touring-104.png\",\"contentUrl\":\"https:\/\/progettotouring.it\/radiotouring104\/wp-content\/uploads\/sites\/6\/2022\/02\/cropped-logo-radio-touring-104.png\",\"width\":377,\"height\":182,\"caption\":\"Radio Touring 104\"},\"image\":{\"@id\":\"https:\/\/progettotouring.it\/radiotouring104\/#\/schema\/logo\/image\/\"}},{\"@type\":\"Person\",\"@id\":\"https:\/\/progettotouring.it\/radiotouring104\/#\/schema\/person\/4a82259ca52ac8702ad1a8f9e5a3120b\",\"name\":\"Filippo Francesco Idone\",\"image\":{\"@type\":\"ImageObject\",\"inLanguage\":\"it-IT\",\"@id\":\"https:\/\/secure.gravatar.com\/avatar\/7268715d2366395c3dd314385670e6484117d44f5c442e61e230f7008b7b62d3?s=96&d=mm&r=g\",\"url\":\"https:\/\/secure.gravatar.com\/avatar\/7268715d2366395c3dd314385670e6484117d44f5c442e61e230f7008b7b62d3?s=96&d=mm&r=g\",\"contentUrl\":\"https:\/\/secure.gravatar.com\/avatar\/7268715d2366395c3dd314385670e6484117d44f5c442e61e230f7008b7b62d3?s=96&d=mm&r=g\",\"caption\":\"Filippo Francesco Idone\"},\"url\":\"https:\/\/progettotouring.it\/radiotouring104\/author\/filippoidone\/\"}]}<\/script>\n<!-- \/ Yoast SEO plugin. -->","yoast_head_json":{"title":"Sinergia tra l\u2019IIS \u201cNostro \u2013 Repaci\u201d e il Liceo greco Mikra-Thermi","description":"Importante sinergia scolastica tra l\u2019IIS \u201cNostro \u2013 Repaci\u201d di Villa San Giovanni e il Liceo greco Mikra-Thermi di Salonicco","robots":{"index":"index","follow":"follow","max-snippet":"max-snippet:-1","max-image-preview":"max-image-preview:large","max-video-preview":"max-video-preview:-1"},"canonical":"https:\/\/progettotouring.it\/radiotouring104\/2023\/03\/16\/gemellaggio-tra-liis-nostro-repaci-e-il-liceo-greco-mikra-thermi\/","og_locale":"it_IT","og_type":"article","og_title":"Sinergia tra l\u2019IIS \u201cNostro \u2013 Repaci\u201d e il Liceo greco Mikra-Thermi","og_description":"Importante sinergia scolastica tra l\u2019IIS \u201cNostro \u2013 Repaci\u201d di Villa San Giovanni e il Liceo greco Mikra-Thermi di Salonicco","og_url":"https:\/\/progettotouring.it\/radiotouring104\/2023\/03\/16\/gemellaggio-tra-liis-nostro-repaci-e-il-liceo-greco-mikra-thermi\/","og_site_name":"Radio Touring 104","article_published_time":"2023-03-16T12:51:55+00:00","article_modified_time":"2023-03-16T15:56:32+00:00","og_image":[{"width":1600,"height":1096,"url":"https:\/\/progettotouring.it\/radiotouring104\/wp-content\/uploads\/sites\/6\/2023\/03\/Mikra-Thermi.jpeg","type":"image\/jpeg"}],"author":"Filippo Francesco Idone","twitter_card":"summary_large_image","twitter_misc":{"Scritto da":"Filippo Francesco Idone","Tempo di lettura stimato":"2 minuti"},"schema":{"@context":"https:\/\/schema.org","@graph":[{"@type":"Article","@id":"https:\/\/progettotouring.it\/radiotouring104\/2023\/03\/16\/gemellaggio-tra-liis-nostro-repaci-e-il-liceo-greco-mikra-thermi\/#article","isPartOf":{"@id":"https:\/\/progettotouring.it\/radiotouring104\/2023\/03\/16\/gemellaggio-tra-liis-nostro-repaci-e-il-liceo-greco-mikra-thermi\/"},"author":{"name":"Filippo Francesco Idone","@id":"https:\/\/progettotouring.it\/radiotouring104\/#\/schema\/person\/4a82259ca52ac8702ad1a8f9e5a3120b"},"headline":"Gemellaggio tra l\u2019IIS \u201cNostro \u2013 Repaci\u201d e il Liceo greco Mikra-Thermi","datePublished":"2023-03-16T12:51:55+00:00","dateModified":"2023-03-16T15:56:32+00:00","mainEntityOfPage":{"@id":"https:\/\/progettotouring.it\/radiotouring104\/2023\/03\/16\/gemellaggio-tra-liis-nostro-repaci-e-il-liceo-greco-mikra-thermi\/"},"wordCount":503,"publisher":{"@id":"https:\/\/progettotouring.it\/radiotouring104\/#organization"},"image":{"@id":"https:\/\/progettotouring.it\/radiotouring104\/2023\/03\/16\/gemellaggio-tra-liis-nostro-repaci-e-il-liceo-greco-mikra-thermi\/#primaryimage"},"thumbnailUrl":"https:\/\/progettotouring.it\/radiotouring104\/wp-content\/uploads\/sites\/6\/2023\/03\/Mikra-Thermi.jpeg","keywords":["Grecia","Liceo di Salonicco","Mikra-Thermi","Nostro \u2013 Repaci","Vasiliki Vourda"],"articleSection":["Home","News","Reggio Calabria"],"inLanguage":"it-IT"},{"@type":"WebPage","@id":"https:\/\/progettotouring.it\/radiotouring104\/2023\/03\/16\/gemellaggio-tra-liis-nostro-repaci-e-il-liceo-greco-mikra-thermi\/","url":"https:\/\/progettotouring.it\/radiotouring104\/2023\/03\/16\/gemellaggio-tra-liis-nostro-repaci-e-il-liceo-greco-mikra-thermi\/","name":"Sinergia tra l\u2019IIS \u201cNostro \u2013 Repaci\u201d e il Liceo greco Mikra-Thermi","isPartOf":{"@id":"https:\/\/progettotouring.it\/radiotouring104\/#website"},"primaryImageOfPage":{"@id":"https:\/\/progettotouring.it\/radiotouring104\/2023\/03\/16\/gemellaggio-tra-liis-nostro-repaci-e-il-liceo-greco-mikra-thermi\/#primaryimage"},"image":{"@id":"https:\/\/progettotouring.it\/radiotouring104\/2023\/03\/16\/gemellaggio-tra-liis-nostro-repaci-e-il-liceo-greco-mikra-thermi\/#primaryimage"},"thumbnailUrl":"https:\/\/progettotouring.it\/radiotouring104\/wp-content\/uploads\/sites\/6\/2023\/03\/Mikra-Thermi.jpeg","datePublished":"2023-03-16T12:51:55+00:00","dateModified":"2023-03-16T15:56:32+00:00","description":"Importante sinergia scolastica tra l\u2019IIS \u201cNostro \u2013 Repaci\u201d di Villa San Giovanni e il Liceo greco Mikra-Thermi di Salonicco","breadcrumb":{"@id":"https:\/\/progettotouring.it\/radiotouring104\/2023\/03\/16\/gemellaggio-tra-liis-nostro-repaci-e-il-liceo-greco-mikra-thermi\/#breadcrumb"},"inLanguage":"it-IT","potentialAction":[{"@type":"ReadAction","target":["https:\/\/progettotouring.it\/radiotouring104\/2023\/03\/16\/gemellaggio-tra-liis-nostro-repaci-e-il-liceo-greco-mikra-thermi\/"]}]},{"@type":"ImageObject","inLanguage":"it-IT","@id":"https:\/\/progettotouring.it\/radiotouring104\/2023\/03\/16\/gemellaggio-tra-liis-nostro-repaci-e-il-liceo-greco-mikra-thermi\/#primaryimage","url":"https:\/\/progettotouring.it\/radiotouring104\/wp-content\/uploads\/sites\/6\/2023\/03\/Mikra-Thermi.jpeg","contentUrl":"https:\/\/progettotouring.it\/radiotouring104\/wp-content\/uploads\/sites\/6\/2023\/03\/Mikra-Thermi.jpeg","width":1600,"height":1096},{"@type":"BreadcrumbList","@id":"https:\/\/progettotouring.it\/radiotouring104\/2023\/03\/16\/gemellaggio-tra-liis-nostro-repaci-e-il-liceo-greco-mikra-thermi\/#breadcrumb","itemListElement":[{"@type":"ListItem","position":1,"name":"Home","item":"https:\/\/progettotouring.it\/radiotouring104\/"},{"@type":"ListItem","position":2,"name":"Gemellaggio tra l\u2019IIS \u201cNostro \u2013 Repaci\u201d e il Liceo greco Mikra-Thermi"}]},{"@type":"WebSite","@id":"https:\/\/progettotouring.it\/radiotouring104\/#website","url":"https:\/\/progettotouring.it\/radiotouring104\/","name":"Radio Touring 104","description":"La prima radio Reggina","publisher":{"@id":"https:\/\/progettotouring.it\/radiotouring104\/#organization"},"potentialAction":[{"@type":"SearchAction","target":{"@type":"EntryPoint","urlTemplate":"https:\/\/progettotouring.it\/radiotouring104\/?s={search_term_string}"},"query-input":{"@type":"PropertyValueSpecification","valueRequired":true,"valueName":"search_term_string"}}],"inLanguage":"it-IT"},{"@type":"Organization","@id":"https:\/\/progettotouring.it\/radiotouring104\/#organization","name":"Radio Touring 104","url":"https:\/\/progettotouring.it\/radiotouring104\/","logo":{"@type":"ImageObject","inLanguage":"it-IT","@id":"https:\/\/progettotouring.it\/radiotouring104\/#\/schema\/logo\/image\/","url":"https:\/\/progettotouring.it\/radiotouring104\/wp-content\/uploads\/sites\/6\/2022\/02\/cropped-logo-radio-touring-104.png","contentUrl":"https:\/\/progettotouring.it\/radiotouring104\/wp-content\/uploads\/sites\/6\/2022\/02\/cropped-logo-radio-touring-104.png","width":377,"height":182,"caption":"Radio Touring 104"},"image":{"@id":"https:\/\/progettotouring.it\/radiotouring104\/#\/schema\/logo\/image\/"}},{"@type":"Person","@id":"https:\/\/progettotouring.it\/radiotouring104\/#\/schema\/person\/4a82259ca52ac8702ad1a8f9e5a3120b","name":"Filippo Francesco Idone","image":{"@type":"ImageObject","inLanguage":"it-IT","@id":"https:\/\/secure.gravatar.com\/avatar\/7268715d2366395c3dd314385670e6484117d44f5c442e61e230f7008b7b62d3?s=96&d=mm&r=g","url":"https:\/\/secure.gravatar.com\/avatar\/7268715d2366395c3dd314385670e6484117d44f5c442e61e230f7008b7b62d3?s=96&d=mm&r=g","contentUrl":"https:\/\/secure.gravatar.com\/avatar\/7268715d2366395c3dd314385670e6484117d44f5c442e61e230f7008b7b62d3?s=96&d=mm&r=g","caption":"Filippo Francesco Idone"},"url":"https:\/\/progettotouring.it\/radiotouring104\/author\/filippoidone\/"}]}},"jetpack_publicize_connections":[],"jetpack_featured_media_url":"https:\/\/progettotouring.it\/radiotouring104\/wp-content\/uploads\/sites\/6\/2023\/03\/Mikra-Thermi.jpeg","jetpack_sharing_enabled":true,"_links":{"self":[{"href":"https:\/\/progettotouring.it\/radiotouring104\/wp-json\/wp\/v2\/posts\/21069","targetHints":{"allow":["GET"]}}],"collection":[{"href":"https:\/\/progettotouring.it\/radiotouring104\/wp-json\/wp\/v2\/posts"}],"about":[{"href":"https:\/\/progettotouring.it\/radiotouring104\/wp-json\/wp\/v2\/types\/post"}],"author":[{"embeddable":true,"href":"https:\/\/progettotouring.it\/radiotouring104\/wp-json\/wp\/v2\/users\/8"}],"replies":[{"embeddable":true,"href":"https:\/\/progettotouring.it\/radiotouring104\/wp-json\/wp\/v2\/comments?post=21069"}],"version-history":[{"count":1,"href":"https:\/\/progettotouring.it\/radiotouring104\/wp-json\/wp\/v2\/posts\/21069\/revisions"}],"predecessor-version":[{"id":21071,"href":"https:\/\/progettotouring.it\/radiotouring104\/wp-json\/wp\/v2\/posts\/21069\/revisions\/21071"}],"wp:featuredmedia":[{"embeddable":true,"href":"https:\/\/progettotouring.it\/radiotouring104\/wp-json\/wp\/v2\/media\/21070"}],"wp:attachment":[{"href":"https:\/\/progettotouring.it\/radiotouring104\/wp-json\/wp\/v2\/media?parent=21069"}],"wp:term":[{"taxonomy":"category","embeddable":true,"href":"https:\/\/progettotouring.it\/radiotouring104\/wp-json\/wp\/v2\/categories?post=21069"},{"taxonomy":"post_tag","embeddable":true,"href":"https:\/\/progettotouring.it\/radiotouring104\/wp-json\/wp\/v2\/tags?post=21069"}],"curies":[{"name":"wp","href":"https:\/\/api.w.org\/{rel}","templated":true}]}}