{"id":21622,"date":"2023-03-24T09:44:13","date_gmt":"2023-03-24T08:44:13","guid":{"rendered":"https:\/\/progettotouring.it\/radiotouring104\/?p=21622"},"modified":"2023-03-24T09:45:12","modified_gmt":"2023-03-24T08:45:12","slug":"il-comune-ha-approvato-mozione-che-respinge-il-disegno-di-legge-il-sindaco-ff-brunetti-barbarie-nei-confronti-del-meridione","status":"publish","type":"post","link":"https:\/\/progettotouring.it\/radiotouring104\/2023\/03\/24\/il-comune-ha-approvato-mozione-che-respinge-il-disegno-di-legge-il-sindaco-ff-brunetti-barbarie-nei-confronti-del-meridione\/","title":{"rendered":"Il Comune ha approvato mozione che respinge il Disegno di Legge il sindaco ff Brunetti: &#8220;Barbarie nei confronti del Meridione&#8221;"},"content":{"rendered":"<p>ll Consiglio comunale di Reggio Calabria ha respinto il disegno di legge sull\u2019autonomia differenziata proposto dal Governo. Contro il \u201cDdl Calderoli\u201d, infatti, l\u2019aula \u201cBattaglia\u201d ha votato una mozione, presentata dal consigliere Antonio Ruvolo che invita il Governo ad inviare la proposta alle Camere per \u00abpermettere un approfondito e indispensabile dibattito pubblico nel Paese su scelte che determineranno importanti e irreversibili conseguenze istituzionali, economiche e sociali\u00bb. Nel chiedere la definizione obbligatoria dei Livelli essenziali delle prestazioni, dei costi, dei fabbisogni standard e dei fondi perequativi, il testo approvato dal Consiglio comunale chiede \u00abdi vietare regimi transitori governati da fantomatiche \u201ccommissioni paritetiche\u201d prive di qualsiasi legittimazione politica\u00bb. \u00abOgni trasferimento di materie \u2013 \u00e8 un\u2019altra richiesta &#8211; avvenga nel rispetto dei principi di solidariet\u00e0 e unit\u00e0 nazionale, garantendo maggiori risorse a quei territori in cui permangono gap infrastrutturali, economici e sociali col resto dell&#8217;Italia\u00bb. Secondo il civico consesso, infatti, \u00abla compartecipazione al gettito tributario maturato nel territorio regionale \u00e8 a vantaggio delle regioni economicamente pi\u00f9 forti, con maggiori finanziamenti alle regioni del Nord e conseguente aumento del divario con il Mezzogiorno\u00bb.<\/p>\n<p>Sviluppato un dibattito sul punto, durante il quale il sindaco facente funzioni, Paolo Brunetti, ha definito l\u2019autonomia differenziata \u00abuna barbarie nei confronti del Meridione\u00bb. \u00abQuesto \u2013 ha affermato \u2013 \u00e8 il prezzo da pagare per non fare cadere il Governo, la tassa che alcuni partiti stanno corrispondendo alla Lega. Questa \u00e8 la reale situazione in Italia. Il Governo Meloni \u00e8 messo alle strette\u00bb. \u00abMi preoccupa \u2013 ha aggiunto Brunetti \u2013 che la Regione Calabria abbia definito il \u201cDdl Calderoli\u201d \u201cla cosa migliore fatta dal Governo Meloni\u201d. E mi preoccupa perch\u00e9 o non c\u2019\u00e8 coscienza e conoscenza di ci\u00f2 che si discute oppure \u00e8 stato imposto di dire le cose che sono state dette. Per questo, sul tema dell\u2019autonomia differenziata, propongo la convocazione di un Consiglio comunale aperto ai rappresentanti del Governo, del Parlamento e della Regione Calabria dove, con coraggio, possano aver l\u2019opportunit\u00e0 di spiegare ai cittadini i cardini della norma che verr\u00e0 discussa alle Camere\u00bb.<\/p>\n<p>Quindi, il capogruppo del Partito democratico, Giuseppe Sera, ha ribadito \u00abun netto no ad un\u2019autonomia differenziata che abbandona il Sud al suo destino\u00bb. Stesso discorso lo ha fatto il consigliere Giuseppe Giordano che ha definito il \u201cDdl Calderoli\u201d un \u00abvero e proprio pastrocchio che spezza il Paese in maniera irreversibile\u00bb. E se Ruvolo si \u00e8 detto \u00abfortemente preoccupato per l\u2019incertezza con cui si \u00e8 intrapreso il percorso legislativo\u00bb, il consigliere e sindaco facente funzioni della Citt\u00e0 Metropolitana Carmelo Versace \u00e8 tornato a criticare il Governatore Roberto Occhiuto che, col suo voto favorevole in Conferenza Stato-Regioni, \u00abha svenduto la Calabria\u00bb. \u00abIl Ponte sullo Stretto \u2013 ha aggiunto \u2013 \u00e8 una mancetta per far stare in silenzio il Sud rispetto all\u2019autonomia differenziata\u00bb. Per Filippo Burrone l\u2019autonomia differenziata rappresenta, fra le altre cose, \u00abun grave attacco alla scuola pubblica spingendola verso una privatizzazione forzata, negando l\u2019accesso ai figli delle famiglie meno abbienti\u00bb. \u00abCon questa riforma \u2013 ha continuato \u2013 la Lega nord mostra il suo volto pi\u00f9 feroce che vuole il Sud schiavo dei poteri settentrionali\u00bb. Fra i contrari anche il consigliere Antonino Castorina: \u00abDobbiamo essere in prima linea contro una secessione istituzionale che deturpa i nostri territori e i nostri giovani\u00bb. Giovanni Latella ha parlato, poi, di \u00abpolpetta avvelenata data in pasto ai cittadini del Sud\u00bb. La mozione \u00e8 stata approvata con 15 voti favorevoli, un astenuto e sei contrari.<\/p>\n<p>Prima della discussione sull\u2019autonomia differenziata, il consiglio comunale ha espresso la propria adesione ad Arrical, la nuova autorit\u00e0 di governo del Sistema idrico e del Ciclo integrato dei rifiuti voluta dalla Regione. Prima del voto, il sindaco facente funzioni Paolo Brunetti si \u00e8 soffermato su alcune precisazioni: \u00abDobbiamo farlo perch\u00e9 lo impone una legge regionale, ma lo facciamo in maniera subordinata alla convocazione dell\u2019assemblea per nominare i rappresentanti del proprio Comitato\u00bb. \u00abAderire ad Arrical \u2013 ha specificato &#8211; non vuol dire aderire a Sorical. E\u2019 bene fare chiarezza su una procedura avviata dalla Regione e che porta con se tanta confusione e moltissime incognite\u00bb. Concetti condivisi anche dai consiglieri Sera, Versace, Giordano e Franco Barreca. Successivamente, dopo aver discusso ed approvato alcuni debiti fuori bilancio, l\u2019aula ha nominato i consiglieri Guido Rulli e Giuseppe Sera quali componenti della commissione per l\u2019aggiornamento degli albi dei giudici popolari delle corti d\u2019assise e di appello.<\/p>\n","protected":false},"excerpt":{"rendered":"<p>ll Consiglio comunale di Reggio Calabria ha respinto il disegno di legge sull\u2019autonomia differenziata proposto dal Governo. Contro il \u201cDdl Calderoli\u201d, infatti, l\u2019aula \u201cBattaglia\u201d ha votato una mozione, presentata dal&hellip;<\/p>\n","protected":false},"author":12,"featured_media":15433,"comment_status":"closed","ping_status":"open","sticky":false,"template":"","format":"standard","meta":{"_jetpack_memberships_contains_paid_content":false,"footnotes":"","jetpack_publicize_message":"","jetpack_publicize_feature_enabled":true,"jetpack_social_post_already_shared":false,"jetpack_social_options":{"image_generator_settings":{"template":"highway","default_image_id":0,"font":"","enabled":false},"version":2}},"categories":[921,150,196,140],"tags":[11996,10113,11995,495,11994],"class_list":["post-21622","post","type-post","status-publish","format-standard","has-post-thumbnail","hentry","category-home","category-in-primo-piano","category-news","category-reggio-calabria","tag-autonomia-differenziata-barbarie-nei-confronti-del-meridione","tag-consigliere-antonio-ruvolo","tag-palazzo-san-giorgio-approva-mozione-contro-disegno-di-legge-calderoli","tag-paolo-brunetti","tag-sindaco-contro-autonomia-differenziata"],"yoast_head":"<!-- This site is optimized with the Yoast SEO plugin v27.2 - https:\/\/yoast.com\/product\/yoast-seo-wordpress\/ -->\n<title>Brunetti a muso duro sull&#039;Autonomia differenziata<\/title>\n<meta name=\"description\" content=\"Il Comune ha approvato mozione che respinge il Disegno di Legge il sindaco ff Brunetti: &quot;Barbarie nei confronti del Meridione&quot;\" \/>\n<meta name=\"robots\" content=\"index, follow, max-snippet:-1, max-image-preview:large, max-video-preview:-1\" \/>\n<link rel=\"canonical\" href=\"https:\/\/progettotouring.it\/radiotouring104\/2023\/03\/24\/il-comune-ha-approvato-mozione-che-respinge-il-disegno-di-legge-il-sindaco-ff-brunetti-barbarie-nei-confronti-del-meridione\/\" \/>\n<meta property=\"og:locale\" content=\"it_IT\" \/>\n<meta property=\"og:type\" content=\"article\" \/>\n<meta property=\"og:title\" content=\"Brunetti a muso duro sull&#039;Autonomia differenziata\" \/>\n<meta property=\"og:description\" content=\"Il Comune ha approvato mozione che respinge il Disegno di Legge il sindaco ff Brunetti: &quot;Barbarie nei confronti del Meridione&quot;\" \/>\n<meta property=\"og:url\" content=\"https:\/\/progettotouring.it\/radiotouring104\/2023\/03\/24\/il-comune-ha-approvato-mozione-che-respinge-il-disegno-di-legge-il-sindaco-ff-brunetti-barbarie-nei-confronti-del-meridione\/\" \/>\n<meta property=\"og:site_name\" content=\"Radio Touring 104\" \/>\n<meta property=\"article:published_time\" content=\"2023-03-24T08:44:13+00:00\" \/>\n<meta property=\"article:modified_time\" content=\"2023-03-24T08:45:12+00:00\" \/>\n<meta property=\"og:image\" content=\"https:\/\/progettotouring.it\/radiotouring104\/wp-content\/uploads\/sites\/6\/2022\/12\/Brunetti-1.jpg\" \/>\n\t<meta property=\"og:image:width\" content=\"425\" \/>\n\t<meta property=\"og:image:height\" content=\"270\" \/>\n\t<meta property=\"og:image:type\" content=\"image\/jpeg\" \/>\n<meta name=\"author\" content=\"Sebastiano Plutino\" \/>\n<meta name=\"twitter:card\" content=\"summary_large_image\" \/>\n<meta name=\"twitter:label1\" content=\"Scritto da\" \/>\n\t<meta name=\"twitter:data1\" content=\"Sebastiano Plutino\" \/>\n\t<meta name=\"twitter:label2\" content=\"Tempo di lettura stimato\" \/>\n\t<meta name=\"twitter:data2\" content=\"4 minuti\" \/>\n<script type=\"application\/ld+json\" class=\"yoast-schema-graph\">{\"@context\":\"https:\/\/schema.org\",\"@graph\":[{\"@type\":\"Article\",\"@id\":\"https:\/\/progettotouring.it\/radiotouring104\/2023\/03\/24\/il-comune-ha-approvato-mozione-che-respinge-il-disegno-di-legge-il-sindaco-ff-brunetti-barbarie-nei-confronti-del-meridione\/#article\",\"isPartOf\":{\"@id\":\"https:\/\/progettotouring.it\/radiotouring104\/2023\/03\/24\/il-comune-ha-approvato-mozione-che-respinge-il-disegno-di-legge-il-sindaco-ff-brunetti-barbarie-nei-confronti-del-meridione\/\"},\"author\":{\"name\":\"Sebastiano Plutino\",\"@id\":\"https:\/\/progettotouring.it\/radiotouring104\/#\/schema\/person\/78613917f1851f041f7483f5af1d422e\"},\"headline\":\"Il Comune ha approvato mozione che respinge il Disegno di Legge il sindaco ff Brunetti: &#8220;Barbarie nei confronti del Meridione&#8221;\",\"datePublished\":\"2023-03-24T08:44:13+00:00\",\"dateModified\":\"2023-03-24T08:45:12+00:00\",\"mainEntityOfPage\":{\"@id\":\"https:\/\/progettotouring.it\/radiotouring104\/2023\/03\/24\/il-comune-ha-approvato-mozione-che-respinge-il-disegno-di-legge-il-sindaco-ff-brunetti-barbarie-nei-confronti-del-meridione\/\"},\"wordCount\":727,\"publisher\":{\"@id\":\"https:\/\/progettotouring.it\/radiotouring104\/#organization\"},\"image\":{\"@id\":\"https:\/\/progettotouring.it\/radiotouring104\/2023\/03\/24\/il-comune-ha-approvato-mozione-che-respinge-il-disegno-di-legge-il-sindaco-ff-brunetti-barbarie-nei-confronti-del-meridione\/#primaryimage\"},\"thumbnailUrl\":\"https:\/\/progettotouring.it\/radiotouring104\/wp-content\/uploads\/sites\/6\/2022\/12\/Brunetti-1.jpg\",\"keywords\":[\"\\\"Autonomia differenziata Barbarie nei confronti del Meridione\\\"\",\"Consigliere Antonio Ruvolo\",\"Palazzo San Giorgio approva mozione contro Disegno di Legge Calderoli\",\"Paolo Brunetti\",\"sindaco contro autonomia differenziata\"],\"articleSection\":[\"Home\",\"In primo piano\",\"News\",\"Reggio Calabria\"],\"inLanguage\":\"it-IT\"},{\"@type\":\"WebPage\",\"@id\":\"https:\/\/progettotouring.it\/radiotouring104\/2023\/03\/24\/il-comune-ha-approvato-mozione-che-respinge-il-disegno-di-legge-il-sindaco-ff-brunetti-barbarie-nei-confronti-del-meridione\/\",\"url\":\"https:\/\/progettotouring.it\/radiotouring104\/2023\/03\/24\/il-comune-ha-approvato-mozione-che-respinge-il-disegno-di-legge-il-sindaco-ff-brunetti-barbarie-nei-confronti-del-meridione\/\",\"name\":\"Brunetti a muso duro sull'Autonomia differenziata\",\"isPartOf\":{\"@id\":\"https:\/\/progettotouring.it\/radiotouring104\/#website\"},\"primaryImageOfPage\":{\"@id\":\"https:\/\/progettotouring.it\/radiotouring104\/2023\/03\/24\/il-comune-ha-approvato-mozione-che-respinge-il-disegno-di-legge-il-sindaco-ff-brunetti-barbarie-nei-confronti-del-meridione\/#primaryimage\"},\"image\":{\"@id\":\"https:\/\/progettotouring.it\/radiotouring104\/2023\/03\/24\/il-comune-ha-approvato-mozione-che-respinge-il-disegno-di-legge-il-sindaco-ff-brunetti-barbarie-nei-confronti-del-meridione\/#primaryimage\"},\"thumbnailUrl\":\"https:\/\/progettotouring.it\/radiotouring104\/wp-content\/uploads\/sites\/6\/2022\/12\/Brunetti-1.jpg\",\"datePublished\":\"2023-03-24T08:44:13+00:00\",\"dateModified\":\"2023-03-24T08:45:12+00:00\",\"description\":\"Il Comune ha approvato mozione che respinge il Disegno di Legge il sindaco ff Brunetti: \\\"Barbarie nei confronti del Meridione\\\"\",\"breadcrumb\":{\"@id\":\"https:\/\/progettotouring.it\/radiotouring104\/2023\/03\/24\/il-comune-ha-approvato-mozione-che-respinge-il-disegno-di-legge-il-sindaco-ff-brunetti-barbarie-nei-confronti-del-meridione\/#breadcrumb\"},\"inLanguage\":\"it-IT\",\"potentialAction\":[{\"@type\":\"ReadAction\",\"target\":[\"https:\/\/progettotouring.it\/radiotouring104\/2023\/03\/24\/il-comune-ha-approvato-mozione-che-respinge-il-disegno-di-legge-il-sindaco-ff-brunetti-barbarie-nei-confronti-del-meridione\/\"]}]},{\"@type\":\"ImageObject\",\"inLanguage\":\"it-IT\",\"@id\":\"https:\/\/progettotouring.it\/radiotouring104\/2023\/03\/24\/il-comune-ha-approvato-mozione-che-respinge-il-disegno-di-legge-il-sindaco-ff-brunetti-barbarie-nei-confronti-del-meridione\/#primaryimage\",\"url\":\"https:\/\/progettotouring.it\/radiotouring104\/wp-content\/uploads\/sites\/6\/2022\/12\/Brunetti-1.jpg\",\"contentUrl\":\"https:\/\/progettotouring.it\/radiotouring104\/wp-content\/uploads\/sites\/6\/2022\/12\/Brunetti-1.jpg\",\"width\":425,\"height\":270},{\"@type\":\"BreadcrumbList\",\"@id\":\"https:\/\/progettotouring.it\/radiotouring104\/2023\/03\/24\/il-comune-ha-approvato-mozione-che-respinge-il-disegno-di-legge-il-sindaco-ff-brunetti-barbarie-nei-confronti-del-meridione\/#breadcrumb\",\"itemListElement\":[{\"@type\":\"ListItem\",\"position\":1,\"name\":\"Home\",\"item\":\"https:\/\/progettotouring.it\/radiotouring104\/\"},{\"@type\":\"ListItem\",\"position\":2,\"name\":\"Il Comune ha approvato mozione che respinge il Disegno di Legge il sindaco ff Brunetti: &#8220;Barbarie nei confronti del Meridione&#8221;\"}]},{\"@type\":\"WebSite\",\"@id\":\"https:\/\/progettotouring.it\/radiotouring104\/#website\",\"url\":\"https:\/\/progettotouring.it\/radiotouring104\/\",\"name\":\"Radio Touring 104\",\"description\":\"La prima radio Reggina\",\"publisher\":{\"@id\":\"https:\/\/progettotouring.it\/radiotouring104\/#organization\"},\"potentialAction\":[{\"@type\":\"SearchAction\",\"target\":{\"@type\":\"EntryPoint\",\"urlTemplate\":\"https:\/\/progettotouring.it\/radiotouring104\/?s={search_term_string}\"},\"query-input\":{\"@type\":\"PropertyValueSpecification\",\"valueRequired\":true,\"valueName\":\"search_term_string\"}}],\"inLanguage\":\"it-IT\"},{\"@type\":\"Organization\",\"@id\":\"https:\/\/progettotouring.it\/radiotouring104\/#organization\",\"name\":\"Radio Touring 104\",\"url\":\"https:\/\/progettotouring.it\/radiotouring104\/\",\"logo\":{\"@type\":\"ImageObject\",\"inLanguage\":\"it-IT\",\"@id\":\"https:\/\/progettotouring.it\/radiotouring104\/#\/schema\/logo\/image\/\",\"url\":\"https:\/\/progettotouring.it\/radiotouring104\/wp-content\/uploads\/sites\/6\/2022\/02\/cropped-logo-radio-touring-104.png\",\"contentUrl\":\"https:\/\/progettotouring.it\/radiotouring104\/wp-content\/uploads\/sites\/6\/2022\/02\/cropped-logo-radio-touring-104.png\",\"width\":377,\"height\":182,\"caption\":\"Radio Touring 104\"},\"image\":{\"@id\":\"https:\/\/progettotouring.it\/radiotouring104\/#\/schema\/logo\/image\/\"}},{\"@type\":\"Person\",\"@id\":\"https:\/\/progettotouring.it\/radiotouring104\/#\/schema\/person\/78613917f1851f041f7483f5af1d422e\",\"name\":\"Sebastiano Plutino\",\"image\":{\"@type\":\"ImageObject\",\"inLanguage\":\"it-IT\",\"@id\":\"https:\/\/secure.gravatar.com\/avatar\/0546ffaa9b79224faf9f2a156b67a529ae861d3287c66c1d8ccfdf909bcba78d?s=96&d=mm&r=g\",\"url\":\"https:\/\/secure.gravatar.com\/avatar\/0546ffaa9b79224faf9f2a156b67a529ae861d3287c66c1d8ccfdf909bcba78d?s=96&d=mm&r=g\",\"contentUrl\":\"https:\/\/secure.gravatar.com\/avatar\/0546ffaa9b79224faf9f2a156b67a529ae861d3287c66c1d8ccfdf909bcba78d?s=96&d=mm&r=g\",\"caption\":\"Sebastiano Plutino\"},\"url\":\"https:\/\/progettotouring.it\/radiotouring104\/author\/sebastiano\/\"}]}<\/script>\n<!-- \/ Yoast SEO plugin. -->","yoast_head_json":{"title":"Brunetti a muso duro sull'Autonomia differenziata","description":"Il Comune ha approvato mozione che respinge il Disegno di Legge il sindaco ff Brunetti: \"Barbarie nei confronti del Meridione\"","robots":{"index":"index","follow":"follow","max-snippet":"max-snippet:-1","max-image-preview":"max-image-preview:large","max-video-preview":"max-video-preview:-1"},"canonical":"https:\/\/progettotouring.it\/radiotouring104\/2023\/03\/24\/il-comune-ha-approvato-mozione-che-respinge-il-disegno-di-legge-il-sindaco-ff-brunetti-barbarie-nei-confronti-del-meridione\/","og_locale":"it_IT","og_type":"article","og_title":"Brunetti a muso duro sull'Autonomia differenziata","og_description":"Il Comune ha approvato mozione che respinge il Disegno di Legge il sindaco ff Brunetti: \"Barbarie nei confronti del Meridione\"","og_url":"https:\/\/progettotouring.it\/radiotouring104\/2023\/03\/24\/il-comune-ha-approvato-mozione-che-respinge-il-disegno-di-legge-il-sindaco-ff-brunetti-barbarie-nei-confronti-del-meridione\/","og_site_name":"Radio Touring 104","article_published_time":"2023-03-24T08:44:13+00:00","article_modified_time":"2023-03-24T08:45:12+00:00","og_image":[{"width":425,"height":270,"url":"https:\/\/progettotouring.it\/radiotouring104\/wp-content\/uploads\/sites\/6\/2022\/12\/Brunetti-1.jpg","type":"image\/jpeg"}],"author":"Sebastiano Plutino","twitter_card":"summary_large_image","twitter_misc":{"Scritto da":"Sebastiano Plutino","Tempo di lettura stimato":"4 minuti"},"schema":{"@context":"https:\/\/schema.org","@graph":[{"@type":"Article","@id":"https:\/\/progettotouring.it\/radiotouring104\/2023\/03\/24\/il-comune-ha-approvato-mozione-che-respinge-il-disegno-di-legge-il-sindaco-ff-brunetti-barbarie-nei-confronti-del-meridione\/#article","isPartOf":{"@id":"https:\/\/progettotouring.it\/radiotouring104\/2023\/03\/24\/il-comune-ha-approvato-mozione-che-respinge-il-disegno-di-legge-il-sindaco-ff-brunetti-barbarie-nei-confronti-del-meridione\/"},"author":{"name":"Sebastiano Plutino","@id":"https:\/\/progettotouring.it\/radiotouring104\/#\/schema\/person\/78613917f1851f041f7483f5af1d422e"},"headline":"Il Comune ha approvato mozione che respinge il Disegno di Legge il sindaco ff Brunetti: &#8220;Barbarie nei confronti del Meridione&#8221;","datePublished":"2023-03-24T08:44:13+00:00","dateModified":"2023-03-24T08:45:12+00:00","mainEntityOfPage":{"@id":"https:\/\/progettotouring.it\/radiotouring104\/2023\/03\/24\/il-comune-ha-approvato-mozione-che-respinge-il-disegno-di-legge-il-sindaco-ff-brunetti-barbarie-nei-confronti-del-meridione\/"},"wordCount":727,"publisher":{"@id":"https:\/\/progettotouring.it\/radiotouring104\/#organization"},"image":{"@id":"https:\/\/progettotouring.it\/radiotouring104\/2023\/03\/24\/il-comune-ha-approvato-mozione-che-respinge-il-disegno-di-legge-il-sindaco-ff-brunetti-barbarie-nei-confronti-del-meridione\/#primaryimage"},"thumbnailUrl":"https:\/\/progettotouring.it\/radiotouring104\/wp-content\/uploads\/sites\/6\/2022\/12\/Brunetti-1.jpg","keywords":["\"Autonomia differenziata Barbarie nei confronti del Meridione\"","Consigliere Antonio Ruvolo","Palazzo San Giorgio approva mozione contro Disegno di Legge Calderoli","Paolo Brunetti","sindaco contro autonomia differenziata"],"articleSection":["Home","In primo piano","News","Reggio Calabria"],"inLanguage":"it-IT"},{"@type":"WebPage","@id":"https:\/\/progettotouring.it\/radiotouring104\/2023\/03\/24\/il-comune-ha-approvato-mozione-che-respinge-il-disegno-di-legge-il-sindaco-ff-brunetti-barbarie-nei-confronti-del-meridione\/","url":"https:\/\/progettotouring.it\/radiotouring104\/2023\/03\/24\/il-comune-ha-approvato-mozione-che-respinge-il-disegno-di-legge-il-sindaco-ff-brunetti-barbarie-nei-confronti-del-meridione\/","name":"Brunetti a muso duro sull'Autonomia differenziata","isPartOf":{"@id":"https:\/\/progettotouring.it\/radiotouring104\/#website"},"primaryImageOfPage":{"@id":"https:\/\/progettotouring.it\/radiotouring104\/2023\/03\/24\/il-comune-ha-approvato-mozione-che-respinge-il-disegno-di-legge-il-sindaco-ff-brunetti-barbarie-nei-confronti-del-meridione\/#primaryimage"},"image":{"@id":"https:\/\/progettotouring.it\/radiotouring104\/2023\/03\/24\/il-comune-ha-approvato-mozione-che-respinge-il-disegno-di-legge-il-sindaco-ff-brunetti-barbarie-nei-confronti-del-meridione\/#primaryimage"},"thumbnailUrl":"https:\/\/progettotouring.it\/radiotouring104\/wp-content\/uploads\/sites\/6\/2022\/12\/Brunetti-1.jpg","datePublished":"2023-03-24T08:44:13+00:00","dateModified":"2023-03-24T08:45:12+00:00","description":"Il Comune ha approvato mozione che respinge il Disegno di Legge il sindaco ff Brunetti: \"Barbarie nei confronti del Meridione\"","breadcrumb":{"@id":"https:\/\/progettotouring.it\/radiotouring104\/2023\/03\/24\/il-comune-ha-approvato-mozione-che-respinge-il-disegno-di-legge-il-sindaco-ff-brunetti-barbarie-nei-confronti-del-meridione\/#breadcrumb"},"inLanguage":"it-IT","potentialAction":[{"@type":"ReadAction","target":["https:\/\/progettotouring.it\/radiotouring104\/2023\/03\/24\/il-comune-ha-approvato-mozione-che-respinge-il-disegno-di-legge-il-sindaco-ff-brunetti-barbarie-nei-confronti-del-meridione\/"]}]},{"@type":"ImageObject","inLanguage":"it-IT","@id":"https:\/\/progettotouring.it\/radiotouring104\/2023\/03\/24\/il-comune-ha-approvato-mozione-che-respinge-il-disegno-di-legge-il-sindaco-ff-brunetti-barbarie-nei-confronti-del-meridione\/#primaryimage","url":"https:\/\/progettotouring.it\/radiotouring104\/wp-content\/uploads\/sites\/6\/2022\/12\/Brunetti-1.jpg","contentUrl":"https:\/\/progettotouring.it\/radiotouring104\/wp-content\/uploads\/sites\/6\/2022\/12\/Brunetti-1.jpg","width":425,"height":270},{"@type":"BreadcrumbList","@id":"https:\/\/progettotouring.it\/radiotouring104\/2023\/03\/24\/il-comune-ha-approvato-mozione-che-respinge-il-disegno-di-legge-il-sindaco-ff-brunetti-barbarie-nei-confronti-del-meridione\/#breadcrumb","itemListElement":[{"@type":"ListItem","position":1,"name":"Home","item":"https:\/\/progettotouring.it\/radiotouring104\/"},{"@type":"ListItem","position":2,"name":"Il Comune ha approvato mozione che respinge il Disegno di Legge il sindaco ff Brunetti: &#8220;Barbarie nei confronti del Meridione&#8221;"}]},{"@type":"WebSite","@id":"https:\/\/progettotouring.it\/radiotouring104\/#website","url":"https:\/\/progettotouring.it\/radiotouring104\/","name":"Radio Touring 104","description":"La prima radio Reggina","publisher":{"@id":"https:\/\/progettotouring.it\/radiotouring104\/#organization"},"potentialAction":[{"@type":"SearchAction","target":{"@type":"EntryPoint","urlTemplate":"https:\/\/progettotouring.it\/radiotouring104\/?s={search_term_string}"},"query-input":{"@type":"PropertyValueSpecification","valueRequired":true,"valueName":"search_term_string"}}],"inLanguage":"it-IT"},{"@type":"Organization","@id":"https:\/\/progettotouring.it\/radiotouring104\/#organization","name":"Radio Touring 104","url":"https:\/\/progettotouring.it\/radiotouring104\/","logo":{"@type":"ImageObject","inLanguage":"it-IT","@id":"https:\/\/progettotouring.it\/radiotouring104\/#\/schema\/logo\/image\/","url":"https:\/\/progettotouring.it\/radiotouring104\/wp-content\/uploads\/sites\/6\/2022\/02\/cropped-logo-radio-touring-104.png","contentUrl":"https:\/\/progettotouring.it\/radiotouring104\/wp-content\/uploads\/sites\/6\/2022\/02\/cropped-logo-radio-touring-104.png","width":377,"height":182,"caption":"Radio Touring 104"},"image":{"@id":"https:\/\/progettotouring.it\/radiotouring104\/#\/schema\/logo\/image\/"}},{"@type":"Person","@id":"https:\/\/progettotouring.it\/radiotouring104\/#\/schema\/person\/78613917f1851f041f7483f5af1d422e","name":"Sebastiano Plutino","image":{"@type":"ImageObject","inLanguage":"it-IT","@id":"https:\/\/secure.gravatar.com\/avatar\/0546ffaa9b79224faf9f2a156b67a529ae861d3287c66c1d8ccfdf909bcba78d?s=96&d=mm&r=g","url":"https:\/\/secure.gravatar.com\/avatar\/0546ffaa9b79224faf9f2a156b67a529ae861d3287c66c1d8ccfdf909bcba78d?s=96&d=mm&r=g","contentUrl":"https:\/\/secure.gravatar.com\/avatar\/0546ffaa9b79224faf9f2a156b67a529ae861d3287c66c1d8ccfdf909bcba78d?s=96&d=mm&r=g","caption":"Sebastiano Plutino"},"url":"https:\/\/progettotouring.it\/radiotouring104\/author\/sebastiano\/"}]}},"jetpack_publicize_connections":[],"jetpack_featured_media_url":"https:\/\/progettotouring.it\/radiotouring104\/wp-content\/uploads\/sites\/6\/2022\/12\/Brunetti-1.jpg","jetpack_sharing_enabled":true,"_links":{"self":[{"href":"https:\/\/progettotouring.it\/radiotouring104\/wp-json\/wp\/v2\/posts\/21622","targetHints":{"allow":["GET"]}}],"collection":[{"href":"https:\/\/progettotouring.it\/radiotouring104\/wp-json\/wp\/v2\/posts"}],"about":[{"href":"https:\/\/progettotouring.it\/radiotouring104\/wp-json\/wp\/v2\/types\/post"}],"author":[{"embeddable":true,"href":"https:\/\/progettotouring.it\/radiotouring104\/wp-json\/wp\/v2\/users\/12"}],"replies":[{"embeddable":true,"href":"https:\/\/progettotouring.it\/radiotouring104\/wp-json\/wp\/v2\/comments?post=21622"}],"version-history":[{"count":1,"href":"https:\/\/progettotouring.it\/radiotouring104\/wp-json\/wp\/v2\/posts\/21622\/revisions"}],"predecessor-version":[{"id":21623,"href":"https:\/\/progettotouring.it\/radiotouring104\/wp-json\/wp\/v2\/posts\/21622\/revisions\/21623"}],"wp:featuredmedia":[{"embeddable":true,"href":"https:\/\/progettotouring.it\/radiotouring104\/wp-json\/wp\/v2\/media\/15433"}],"wp:attachment":[{"href":"https:\/\/progettotouring.it\/radiotouring104\/wp-json\/wp\/v2\/media?parent=21622"}],"wp:term":[{"taxonomy":"category","embeddable":true,"href":"https:\/\/progettotouring.it\/radiotouring104\/wp-json\/wp\/v2\/categories?post=21622"},{"taxonomy":"post_tag","embeddable":true,"href":"https:\/\/progettotouring.it\/radiotouring104\/wp-json\/wp\/v2\/tags?post=21622"}],"curies":[{"name":"wp","href":"https:\/\/api.w.org\/{rel}","templated":true}]}}