{"id":21640,"date":"2023-03-24T11:43:43","date_gmt":"2023-03-24T10:43:43","guid":{"rendered":"https:\/\/progettotouring.it\/radiotouring104\/?p=21640"},"modified":"2023-03-24T11:43:43","modified_gmt":"2023-03-24T10:43:43","slug":"lav-weekend-in-piazza-anche-a-reggio-contro-caccia-selvaggia","status":"publish","type":"post","link":"https:\/\/progettotouring.it\/radiotouring104\/2023\/03\/24\/lav-weekend-in-piazza-anche-a-reggio-contro-caccia-selvaggia\/","title":{"rendered":"Lav, weekend in Piazza, anche a Reggio, contro \u201ccaccia selvaggia\u201d"},"content":{"rendered":"<p>Riceviamo e pubblichiamo dalla Sede LAV Reggio Calabria:<\/p>\n<p><strong>LAV SCENDE IN PIAZZA IN TUTTA ITALIA E SI MOBILITA CONTRO LA LEGGE \u201cCACCIA SELVAGGIA\u201d, CHE CONSEGNA ANCORA PI\u00d9 ANIMALI AI FUCILI DEI CACCIATORI E RENDE BERSAGLI ANCHE LE PERSONE! <\/strong><\/p>\n<p><strong>ANCHE A REGGIO CALABRIA LAV SCENDE IN PIAZZA NEL FINE SETTIMANA 25-26 MARZO: SOSTIENI LA NOSTRA CAMPAGNA ANTICACCIA, FIRMANDO LA PETIZIONE PER CHIEDERE A GOVERNO E REGIONI DI NON ATTUARE I PIANI PREVISTI DALL\u2019EMENDAMENTO, E <\/strong><strong>SCEGLI IL TRADIZIONALE UOVO DI PASQUA LAV-ALTROMERCATO PER SUPPORTARE LA NOSTRA CAMPAGNA ANTICACCIA.<\/strong><\/p>\n<p><strong>CERCA LA PIAZZA PI\u00d9 VICINA SU <\/strong><a href=\"http:\/\/www.lav.it\/nocaccia#piazze\"><strong>WWW.LAV.IT\/NOCACCIA#PIAZZE<\/strong><\/a><strong> \u00a0<\/strong><\/p>\n<p><strong>La maggioranza parlamentare e il Governo, usciti dalle elezioni del 25 settembre 2022, hanno lanciato il pi\u00f9 grande attacco alla fauna selvatica che si ricordi<\/strong>, inaugurato poche settimane dopo il loro insediamento <strong>con l\u2019approvazione dell\u2019emendamento \u201ccaccia selvaggia\u201d<\/strong>.<\/p>\n<p>Tatticamente inserito nella Legge di Bilancio 2023, con la quale non aveva alcuna attinenza, in un primo momento era stato rimosso, ma poi i pasdaran della caccia, che nella maggioranza e nell\u2019opposizione in Parlamento sono ampiamente rappresentati, hanno avuto buon gioco a <strong>reinserirlo in una Legge che non poteva non essere approvata.<\/strong><\/p>\n<p><strong>Dal 1\u00b0 gennaio, quindi, i cacciatori possono sparare a qualsiasi specie animale, per tutto l\u2019anno, a qualsiasi ora, anche nelle citt\u00e0 e nei parchi<\/strong> e, come se non bastasse, <strong>il Governo si appresta a varare, entro il 1\u00b0 maggio, un piano quinquennale straordinario per la gestione e il contenimento della fauna selvatica<\/strong> ovviamente ancora una volta da realizzare con il piombo dei fucili da caccia anche nelle citt\u00e0.<\/p>\n<p>Per rafforzare ulteriormente l\u2019attacco, <strong>il Senato ha approvato un ordine del giorno con il quale sostiene la necessit\u00e0 di trasferire le competenze sulla fauna selvatica dal Ministero dell\u2019Ambiente al Ministero dell\u2019Agricoltura<\/strong>, con conseguenze che potrebbero essere devastanti per gli animali selvatici, non pi\u00f9 considerati parte essenziale dell\u2019ambiente e della biodiversit\u00e0 tutelata anche ai sensi della Costituzione, ma declassati a elemento da gestire esclusivamente in funzione della massima redditivit\u00e0 del comparto agricolo-allevatoriale.<\/p>\n<p>Mentre lo stesso Ministro dell\u2019Agricoltura, <strong>Francesco Lollobrigida<\/strong>, non perde occasione per intervenire negli incontri organizzati dai cacciatori, per dare sostegno alle associazioni di allevatori che chiedono di aprire la caccia ai lupi e per <strong>negare i devastanti effetti che avr\u00e0 l\u2019emendamento caccia selvaggia su milioni di animali e sulla sicurezza dei cittadini<\/strong>.<\/p>\n<p><strong>Dopo l\u2019approvazione di \u201ccaccia selvaggia\u201d non sono pi\u00f9 solo gli animali ad essere in pericolo, ma anche tutti i cittadini che dovessero trovarsi a portata dei fucili dei cacciatori sguinzagliati nelle citt\u00e0, ora siamo tutti bersagli!<\/strong><\/p>\n<p><em>\u201cLAV \u00e8 da sempre schierata in prima fila contro la caccia e ora, con \u201ccaccia selvaggia\u201d che vuole aprire le porte delle citt\u00e0 ai cacciatori, c\u2019\u00e8 una ragione in pi\u00f9 perch\u00e9 tanti italiani si uniscano alla nostra battaglia \u2013 <\/em><strong>dichiara Massimo Vitturi, responsabile LAV, Animali Selvatici<\/strong><em> &#8211; per questo motivo scenderemo in piazza in tutta Italia con le nostre sedi in occasione delle Giornate Nazionali di mobilitazione.\u201d<\/em><\/p>\n<p><strong>Nei fine settimana del 18-19 e 25-26 marzo sar\u00e0 possibile sostenere la campagna contro la \u201ccaccia selvaggia\u201d, firmando ai tavoli della LAV la petizione con la quale l\u2019associazione chieder\u00e0 al Governo e alle Regioni di non attuare i piani previsti dalla Legge, mentre ai Prefetti e ai Sindaci chieder\u00e0 l\u2019istituzione di zone a divieto di caccia in tutte le citt\u00e0 a garanzia della sicurezza dei cittadini.<\/strong><\/p>\n<p>Ai tavoli sar\u00e0 anche possibile scegliere <strong>le tradizionali uova di Pasqua LAV, per essere con noi in prima linea contro la legge \u201ccaccia selvaggia\u201d e mettere al sicuro gli animali e le persone.<\/strong> Le uova di Pasqua LAV sono realizzate da <strong>Altromercato<\/strong>, la principale organizzazione di Commercio Equo e Solidale in Italia e la seconda al mondo, in buonissimo cioccolato vegan (fondente extra e anche alla bevanda di riso) con ingredienti provenienti da agricoltura biologica e certificato da WFTO (World Fair Trade Organization), la rete internazionale del commercio equo e solidale.<\/p>\n<p>All\u2019interno di una pi\u00f9 vasta <strong>campagna anticaccia<\/strong> che si svilupper\u00e0 nei prossimi mesi, la LAV organizzer\u00e0 ulteriori attivit\u00e0 di contrasto alla caccia su tutto il territorio nazionale, sia attraverso la mobilitazione pubblica, sia presentando, in ogni sede penale e amministrativa, tutti i ricorsi necessari per bloccare i provvedimenti attuativi della norma \u201ccaccia selvaggia\u201d.<\/p>\n<p><strong>Vieni in Piazza il 25-26 marzo e scopri come aiutarci! <\/strong><\/p>\n<p><strong>Saremo presenti con il nostro stand in piazza B. Camagna dalle 10 alle 18.<\/strong><\/p>\n<p>&nbsp;<\/p>\n","protected":false},"excerpt":{"rendered":"<p>Riceviamo e pubblichiamo dalla Sede LAV Reggio Calabria: LAV SCENDE IN PIAZZA IN TUTTA ITALIA E SI MOBILITA CONTRO LA LEGGE \u201cCACCIA SELVAGGIA\u201d, CHE CONSEGNA ANCORA PI\u00d9 ANIMALI AI FUCILI&hellip;<\/p>\n","protected":false},"author":12,"featured_media":21324,"comment_status":"closed","ping_status":"open","sticky":false,"template":"","format":"standard","meta":{"_jetpack_memberships_contains_paid_content":false,"footnotes":"","jetpack_publicize_message":"","jetpack_publicize_feature_enabled":true,"jetpack_social_post_already_shared":false,"jetpack_social_options":{"image_generator_settings":{"template":"highway","default_image_id":0,"font":"","enabled":false},"version":2}},"categories":[921,196,140],"tags":[12017,12019,5241,12020,12018],"class_list":["post-21640","post","type-post","status-publish","format-standard","has-post-thumbnail","hentry","category-home","category-news","category-reggio-calabria","tag-emendamento-caccia-selvaggia","tag-francesco-lollobrigida","tag-lav","tag-massimo-vitturi","tag-ministro-dellagricoltura"],"yoast_head":"<!-- This site is optimized with the Yoast SEO plugin v27.2 - https:\/\/yoast.com\/product\/yoast-seo-wordpress\/ -->\n<title>Lav, weekend in Piazza, anche a Reggio, contro \u201ccaccia selvaggia\u201d<\/title>\n<meta name=\"description\" content=\"Anche a Reggio, weekend in piazza per la LAV contro la legge sulla caccia selvaggia, IL 25-26 marzo, a piazza Camagna dalle 10 alle 18\" \/>\n<meta name=\"robots\" content=\"index, follow, max-snippet:-1, max-image-preview:large, max-video-preview:-1\" \/>\n<link rel=\"canonical\" href=\"https:\/\/progettotouring.it\/radiotouring104\/2023\/03\/24\/lav-weekend-in-piazza-anche-a-reggio-contro-caccia-selvaggia\/\" \/>\n<meta property=\"og:locale\" content=\"it_IT\" \/>\n<meta property=\"og:type\" content=\"article\" \/>\n<meta property=\"og:title\" content=\"Lav, weekend in Piazza, anche a Reggio, contro \u201ccaccia selvaggia\u201d\" \/>\n<meta property=\"og:description\" content=\"Anche a Reggio, weekend in piazza per la LAV contro la legge sulla caccia selvaggia, IL 25-26 marzo, a piazza Camagna dalle 10 alle 18\" \/>\n<meta property=\"og:url\" content=\"https:\/\/progettotouring.it\/radiotouring104\/2023\/03\/24\/lav-weekend-in-piazza-anche-a-reggio-contro-caccia-selvaggia\/\" \/>\n<meta property=\"og:site_name\" content=\"Radio Touring 104\" \/>\n<meta property=\"article:published_time\" content=\"2023-03-24T10:43:43+00:00\" \/>\n<meta property=\"og:image\" content=\"https:\/\/progettotouring.it\/radiotouring104\/wp-content\/uploads\/sites\/6\/2023\/03\/image001.png\" \/>\n\t<meta property=\"og:image:width\" content=\"774\" \/>\n\t<meta property=\"og:image:height\" content=\"402\" \/>\n\t<meta property=\"og:image:type\" content=\"image\/png\" \/>\n<meta name=\"author\" content=\"Sebastiano Plutino\" \/>\n<meta name=\"twitter:card\" content=\"summary_large_image\" \/>\n<meta name=\"twitter:label1\" content=\"Scritto da\" \/>\n\t<meta name=\"twitter:data1\" content=\"Sebastiano Plutino\" \/>\n\t<meta name=\"twitter:label2\" content=\"Tempo di lettura stimato\" \/>\n\t<meta name=\"twitter:data2\" content=\"4 minuti\" \/>\n<script type=\"application\/ld+json\" class=\"yoast-schema-graph\">{\"@context\":\"https:\/\/schema.org\",\"@graph\":[{\"@type\":\"Article\",\"@id\":\"https:\/\/progettotouring.it\/radiotouring104\/2023\/03\/24\/lav-weekend-in-piazza-anche-a-reggio-contro-caccia-selvaggia\/#article\",\"isPartOf\":{\"@id\":\"https:\/\/progettotouring.it\/radiotouring104\/2023\/03\/24\/lav-weekend-in-piazza-anche-a-reggio-contro-caccia-selvaggia\/\"},\"author\":{\"name\":\"Sebastiano Plutino\",\"@id\":\"https:\/\/progettotouring.it\/radiotouring104\/#\/schema\/person\/78613917f1851f041f7483f5af1d422e\"},\"headline\":\"Lav, weekend in Piazza, anche a Reggio, contro \u201ccaccia selvaggia\u201d\",\"datePublished\":\"2023-03-24T10:43:43+00:00\",\"mainEntityOfPage\":{\"@id\":\"https:\/\/progettotouring.it\/radiotouring104\/2023\/03\/24\/lav-weekend-in-piazza-anche-a-reggio-contro-caccia-selvaggia\/\"},\"wordCount\":731,\"publisher\":{\"@id\":\"https:\/\/progettotouring.it\/radiotouring104\/#organization\"},\"image\":{\"@id\":\"https:\/\/progettotouring.it\/radiotouring104\/2023\/03\/24\/lav-weekend-in-piazza-anche-a-reggio-contro-caccia-selvaggia\/#primaryimage\"},\"thumbnailUrl\":\"https:\/\/progettotouring.it\/radiotouring104\/wp-content\/uploads\/sites\/6\/2023\/03\/image001.png\",\"keywords\":[\"emendamento \u201ccaccia selvaggia\u201d.\",\"Francesco Lollobrigida\",\"LAV\",\"Massimo Vitturi\",\"Ministro dell\u2019Agricoltura\"],\"articleSection\":[\"Home\",\"News\",\"Reggio Calabria\"],\"inLanguage\":\"it-IT\"},{\"@type\":\"WebPage\",\"@id\":\"https:\/\/progettotouring.it\/radiotouring104\/2023\/03\/24\/lav-weekend-in-piazza-anche-a-reggio-contro-caccia-selvaggia\/\",\"url\":\"https:\/\/progettotouring.it\/radiotouring104\/2023\/03\/24\/lav-weekend-in-piazza-anche-a-reggio-contro-caccia-selvaggia\/\",\"name\":\"Lav, weekend in Piazza, anche a Reggio, contro \u201ccaccia selvaggia\u201d\",\"isPartOf\":{\"@id\":\"https:\/\/progettotouring.it\/radiotouring104\/#website\"},\"primaryImageOfPage\":{\"@id\":\"https:\/\/progettotouring.it\/radiotouring104\/2023\/03\/24\/lav-weekend-in-piazza-anche-a-reggio-contro-caccia-selvaggia\/#primaryimage\"},\"image\":{\"@id\":\"https:\/\/progettotouring.it\/radiotouring104\/2023\/03\/24\/lav-weekend-in-piazza-anche-a-reggio-contro-caccia-selvaggia\/#primaryimage\"},\"thumbnailUrl\":\"https:\/\/progettotouring.it\/radiotouring104\/wp-content\/uploads\/sites\/6\/2023\/03\/image001.png\",\"datePublished\":\"2023-03-24T10:43:43+00:00\",\"description\":\"Anche a Reggio, weekend in piazza per la LAV contro la legge sulla caccia selvaggia, IL 25-26 marzo, a piazza Camagna dalle 10 alle 18\",\"breadcrumb\":{\"@id\":\"https:\/\/progettotouring.it\/radiotouring104\/2023\/03\/24\/lav-weekend-in-piazza-anche-a-reggio-contro-caccia-selvaggia\/#breadcrumb\"},\"inLanguage\":\"it-IT\",\"potentialAction\":[{\"@type\":\"ReadAction\",\"target\":[\"https:\/\/progettotouring.it\/radiotouring104\/2023\/03\/24\/lav-weekend-in-piazza-anche-a-reggio-contro-caccia-selvaggia\/\"]}]},{\"@type\":\"ImageObject\",\"inLanguage\":\"it-IT\",\"@id\":\"https:\/\/progettotouring.it\/radiotouring104\/2023\/03\/24\/lav-weekend-in-piazza-anche-a-reggio-contro-caccia-selvaggia\/#primaryimage\",\"url\":\"https:\/\/progettotouring.it\/radiotouring104\/wp-content\/uploads\/sites\/6\/2023\/03\/image001.png\",\"contentUrl\":\"https:\/\/progettotouring.it\/radiotouring104\/wp-content\/uploads\/sites\/6\/2023\/03\/image001.png\",\"width\":774,\"height\":402},{\"@type\":\"BreadcrumbList\",\"@id\":\"https:\/\/progettotouring.it\/radiotouring104\/2023\/03\/24\/lav-weekend-in-piazza-anche-a-reggio-contro-caccia-selvaggia\/#breadcrumb\",\"itemListElement\":[{\"@type\":\"ListItem\",\"position\":1,\"name\":\"Home\",\"item\":\"https:\/\/progettotouring.it\/radiotouring104\/\"},{\"@type\":\"ListItem\",\"position\":2,\"name\":\"Lav, weekend in Piazza, anche a Reggio, contro \u201ccaccia selvaggia\u201d\"}]},{\"@type\":\"WebSite\",\"@id\":\"https:\/\/progettotouring.it\/radiotouring104\/#website\",\"url\":\"https:\/\/progettotouring.it\/radiotouring104\/\",\"name\":\"Radio Touring 104\",\"description\":\"La prima radio Reggina\",\"publisher\":{\"@id\":\"https:\/\/progettotouring.it\/radiotouring104\/#organization\"},\"potentialAction\":[{\"@type\":\"SearchAction\",\"target\":{\"@type\":\"EntryPoint\",\"urlTemplate\":\"https:\/\/progettotouring.it\/radiotouring104\/?s={search_term_string}\"},\"query-input\":{\"@type\":\"PropertyValueSpecification\",\"valueRequired\":true,\"valueName\":\"search_term_string\"}}],\"inLanguage\":\"it-IT\"},{\"@type\":\"Organization\",\"@id\":\"https:\/\/progettotouring.it\/radiotouring104\/#organization\",\"name\":\"Radio Touring 104\",\"url\":\"https:\/\/progettotouring.it\/radiotouring104\/\",\"logo\":{\"@type\":\"ImageObject\",\"inLanguage\":\"it-IT\",\"@id\":\"https:\/\/progettotouring.it\/radiotouring104\/#\/schema\/logo\/image\/\",\"url\":\"https:\/\/progettotouring.it\/radiotouring104\/wp-content\/uploads\/sites\/6\/2022\/02\/cropped-logo-radio-touring-104.png\",\"contentUrl\":\"https:\/\/progettotouring.it\/radiotouring104\/wp-content\/uploads\/sites\/6\/2022\/02\/cropped-logo-radio-touring-104.png\",\"width\":377,\"height\":182,\"caption\":\"Radio Touring 104\"},\"image\":{\"@id\":\"https:\/\/progettotouring.it\/radiotouring104\/#\/schema\/logo\/image\/\"}},{\"@type\":\"Person\",\"@id\":\"https:\/\/progettotouring.it\/radiotouring104\/#\/schema\/person\/78613917f1851f041f7483f5af1d422e\",\"name\":\"Sebastiano Plutino\",\"image\":{\"@type\":\"ImageObject\",\"inLanguage\":\"it-IT\",\"@id\":\"https:\/\/secure.gravatar.com\/avatar\/0546ffaa9b79224faf9f2a156b67a529ae861d3287c66c1d8ccfdf909bcba78d?s=96&d=mm&r=g\",\"url\":\"https:\/\/secure.gravatar.com\/avatar\/0546ffaa9b79224faf9f2a156b67a529ae861d3287c66c1d8ccfdf909bcba78d?s=96&d=mm&r=g\",\"contentUrl\":\"https:\/\/secure.gravatar.com\/avatar\/0546ffaa9b79224faf9f2a156b67a529ae861d3287c66c1d8ccfdf909bcba78d?s=96&d=mm&r=g\",\"caption\":\"Sebastiano Plutino\"},\"url\":\"https:\/\/progettotouring.it\/radiotouring104\/author\/sebastiano\/\"}]}<\/script>\n<!-- \/ Yoast SEO plugin. -->","yoast_head_json":{"title":"Lav, weekend in Piazza, anche a Reggio, contro \u201ccaccia selvaggia\u201d","description":"Anche a Reggio, weekend in piazza per la LAV contro la legge sulla caccia selvaggia, IL 25-26 marzo, a piazza Camagna dalle 10 alle 18","robots":{"index":"index","follow":"follow","max-snippet":"max-snippet:-1","max-image-preview":"max-image-preview:large","max-video-preview":"max-video-preview:-1"},"canonical":"https:\/\/progettotouring.it\/radiotouring104\/2023\/03\/24\/lav-weekend-in-piazza-anche-a-reggio-contro-caccia-selvaggia\/","og_locale":"it_IT","og_type":"article","og_title":"Lav, weekend in Piazza, anche a Reggio, contro \u201ccaccia selvaggia\u201d","og_description":"Anche a Reggio, weekend in piazza per la LAV contro la legge sulla caccia selvaggia, IL 25-26 marzo, a piazza Camagna dalle 10 alle 18","og_url":"https:\/\/progettotouring.it\/radiotouring104\/2023\/03\/24\/lav-weekend-in-piazza-anche-a-reggio-contro-caccia-selvaggia\/","og_site_name":"Radio Touring 104","article_published_time":"2023-03-24T10:43:43+00:00","og_image":[{"width":774,"height":402,"url":"https:\/\/progettotouring.it\/radiotouring104\/wp-content\/uploads\/sites\/6\/2023\/03\/image001.png","type":"image\/png"}],"author":"Sebastiano Plutino","twitter_card":"summary_large_image","twitter_misc":{"Scritto da":"Sebastiano Plutino","Tempo di lettura stimato":"4 minuti"},"schema":{"@context":"https:\/\/schema.org","@graph":[{"@type":"Article","@id":"https:\/\/progettotouring.it\/radiotouring104\/2023\/03\/24\/lav-weekend-in-piazza-anche-a-reggio-contro-caccia-selvaggia\/#article","isPartOf":{"@id":"https:\/\/progettotouring.it\/radiotouring104\/2023\/03\/24\/lav-weekend-in-piazza-anche-a-reggio-contro-caccia-selvaggia\/"},"author":{"name":"Sebastiano Plutino","@id":"https:\/\/progettotouring.it\/radiotouring104\/#\/schema\/person\/78613917f1851f041f7483f5af1d422e"},"headline":"Lav, weekend in Piazza, anche a Reggio, contro \u201ccaccia selvaggia\u201d","datePublished":"2023-03-24T10:43:43+00:00","mainEntityOfPage":{"@id":"https:\/\/progettotouring.it\/radiotouring104\/2023\/03\/24\/lav-weekend-in-piazza-anche-a-reggio-contro-caccia-selvaggia\/"},"wordCount":731,"publisher":{"@id":"https:\/\/progettotouring.it\/radiotouring104\/#organization"},"image":{"@id":"https:\/\/progettotouring.it\/radiotouring104\/2023\/03\/24\/lav-weekend-in-piazza-anche-a-reggio-contro-caccia-selvaggia\/#primaryimage"},"thumbnailUrl":"https:\/\/progettotouring.it\/radiotouring104\/wp-content\/uploads\/sites\/6\/2023\/03\/image001.png","keywords":["emendamento \u201ccaccia selvaggia\u201d.","Francesco Lollobrigida","LAV","Massimo Vitturi","Ministro dell\u2019Agricoltura"],"articleSection":["Home","News","Reggio Calabria"],"inLanguage":"it-IT"},{"@type":"WebPage","@id":"https:\/\/progettotouring.it\/radiotouring104\/2023\/03\/24\/lav-weekend-in-piazza-anche-a-reggio-contro-caccia-selvaggia\/","url":"https:\/\/progettotouring.it\/radiotouring104\/2023\/03\/24\/lav-weekend-in-piazza-anche-a-reggio-contro-caccia-selvaggia\/","name":"Lav, weekend in Piazza, anche a Reggio, contro \u201ccaccia selvaggia\u201d","isPartOf":{"@id":"https:\/\/progettotouring.it\/radiotouring104\/#website"},"primaryImageOfPage":{"@id":"https:\/\/progettotouring.it\/radiotouring104\/2023\/03\/24\/lav-weekend-in-piazza-anche-a-reggio-contro-caccia-selvaggia\/#primaryimage"},"image":{"@id":"https:\/\/progettotouring.it\/radiotouring104\/2023\/03\/24\/lav-weekend-in-piazza-anche-a-reggio-contro-caccia-selvaggia\/#primaryimage"},"thumbnailUrl":"https:\/\/progettotouring.it\/radiotouring104\/wp-content\/uploads\/sites\/6\/2023\/03\/image001.png","datePublished":"2023-03-24T10:43:43+00:00","description":"Anche a Reggio, weekend in piazza per la LAV contro la legge sulla caccia selvaggia, IL 25-26 marzo, a piazza Camagna dalle 10 alle 18","breadcrumb":{"@id":"https:\/\/progettotouring.it\/radiotouring104\/2023\/03\/24\/lav-weekend-in-piazza-anche-a-reggio-contro-caccia-selvaggia\/#breadcrumb"},"inLanguage":"it-IT","potentialAction":[{"@type":"ReadAction","target":["https:\/\/progettotouring.it\/radiotouring104\/2023\/03\/24\/lav-weekend-in-piazza-anche-a-reggio-contro-caccia-selvaggia\/"]}]},{"@type":"ImageObject","inLanguage":"it-IT","@id":"https:\/\/progettotouring.it\/radiotouring104\/2023\/03\/24\/lav-weekend-in-piazza-anche-a-reggio-contro-caccia-selvaggia\/#primaryimage","url":"https:\/\/progettotouring.it\/radiotouring104\/wp-content\/uploads\/sites\/6\/2023\/03\/image001.png","contentUrl":"https:\/\/progettotouring.it\/radiotouring104\/wp-content\/uploads\/sites\/6\/2023\/03\/image001.png","width":774,"height":402},{"@type":"BreadcrumbList","@id":"https:\/\/progettotouring.it\/radiotouring104\/2023\/03\/24\/lav-weekend-in-piazza-anche-a-reggio-contro-caccia-selvaggia\/#breadcrumb","itemListElement":[{"@type":"ListItem","position":1,"name":"Home","item":"https:\/\/progettotouring.it\/radiotouring104\/"},{"@type":"ListItem","position":2,"name":"Lav, weekend in Piazza, anche a Reggio, contro \u201ccaccia selvaggia\u201d"}]},{"@type":"WebSite","@id":"https:\/\/progettotouring.it\/radiotouring104\/#website","url":"https:\/\/progettotouring.it\/radiotouring104\/","name":"Radio Touring 104","description":"La prima radio Reggina","publisher":{"@id":"https:\/\/progettotouring.it\/radiotouring104\/#organization"},"potentialAction":[{"@type":"SearchAction","target":{"@type":"EntryPoint","urlTemplate":"https:\/\/progettotouring.it\/radiotouring104\/?s={search_term_string}"},"query-input":{"@type":"PropertyValueSpecification","valueRequired":true,"valueName":"search_term_string"}}],"inLanguage":"it-IT"},{"@type":"Organization","@id":"https:\/\/progettotouring.it\/radiotouring104\/#organization","name":"Radio Touring 104","url":"https:\/\/progettotouring.it\/radiotouring104\/","logo":{"@type":"ImageObject","inLanguage":"it-IT","@id":"https:\/\/progettotouring.it\/radiotouring104\/#\/schema\/logo\/image\/","url":"https:\/\/progettotouring.it\/radiotouring104\/wp-content\/uploads\/sites\/6\/2022\/02\/cropped-logo-radio-touring-104.png","contentUrl":"https:\/\/progettotouring.it\/radiotouring104\/wp-content\/uploads\/sites\/6\/2022\/02\/cropped-logo-radio-touring-104.png","width":377,"height":182,"caption":"Radio Touring 104"},"image":{"@id":"https:\/\/progettotouring.it\/radiotouring104\/#\/schema\/logo\/image\/"}},{"@type":"Person","@id":"https:\/\/progettotouring.it\/radiotouring104\/#\/schema\/person\/78613917f1851f041f7483f5af1d422e","name":"Sebastiano Plutino","image":{"@type":"ImageObject","inLanguage":"it-IT","@id":"https:\/\/secure.gravatar.com\/avatar\/0546ffaa9b79224faf9f2a156b67a529ae861d3287c66c1d8ccfdf909bcba78d?s=96&d=mm&r=g","url":"https:\/\/secure.gravatar.com\/avatar\/0546ffaa9b79224faf9f2a156b67a529ae861d3287c66c1d8ccfdf909bcba78d?s=96&d=mm&r=g","contentUrl":"https:\/\/secure.gravatar.com\/avatar\/0546ffaa9b79224faf9f2a156b67a529ae861d3287c66c1d8ccfdf909bcba78d?s=96&d=mm&r=g","caption":"Sebastiano Plutino"},"url":"https:\/\/progettotouring.it\/radiotouring104\/author\/sebastiano\/"}]}},"jetpack_publicize_connections":[],"jetpack_featured_media_url":"https:\/\/progettotouring.it\/radiotouring104\/wp-content\/uploads\/sites\/6\/2023\/03\/image001.png","jetpack_sharing_enabled":true,"_links":{"self":[{"href":"https:\/\/progettotouring.it\/radiotouring104\/wp-json\/wp\/v2\/posts\/21640","targetHints":{"allow":["GET"]}}],"collection":[{"href":"https:\/\/progettotouring.it\/radiotouring104\/wp-json\/wp\/v2\/posts"}],"about":[{"href":"https:\/\/progettotouring.it\/radiotouring104\/wp-json\/wp\/v2\/types\/post"}],"author":[{"embeddable":true,"href":"https:\/\/progettotouring.it\/radiotouring104\/wp-json\/wp\/v2\/users\/12"}],"replies":[{"embeddable":true,"href":"https:\/\/progettotouring.it\/radiotouring104\/wp-json\/wp\/v2\/comments?post=21640"}],"version-history":[{"count":1,"href":"https:\/\/progettotouring.it\/radiotouring104\/wp-json\/wp\/v2\/posts\/21640\/revisions"}],"predecessor-version":[{"id":21641,"href":"https:\/\/progettotouring.it\/radiotouring104\/wp-json\/wp\/v2\/posts\/21640\/revisions\/21641"}],"wp:featuredmedia":[{"embeddable":true,"href":"https:\/\/progettotouring.it\/radiotouring104\/wp-json\/wp\/v2\/media\/21324"}],"wp:attachment":[{"href":"https:\/\/progettotouring.it\/radiotouring104\/wp-json\/wp\/v2\/media?parent=21640"}],"wp:term":[{"taxonomy":"category","embeddable":true,"href":"https:\/\/progettotouring.it\/radiotouring104\/wp-json\/wp\/v2\/categories?post=21640"},{"taxonomy":"post_tag","embeddable":true,"href":"https:\/\/progettotouring.it\/radiotouring104\/wp-json\/wp\/v2\/tags?post=21640"}],"curies":[{"name":"wp","href":"https:\/\/api.w.org\/{rel}","templated":true}]}}