{"id":21884,"date":"2023-03-28T15:02:20","date_gmt":"2023-03-28T13:02:20","guid":{"rendered":"https:\/\/progettotouring.it\/radiotouring104\/?p=21884"},"modified":"2023-03-29T10:30:12","modified_gmt":"2023-03-29T08:30:12","slug":"locri-e-san-luca-per-save-the-children-educare-e-prendersi-cura","status":"publish","type":"post","link":"https:\/\/progettotouring.it\/radiotouring104\/2023\/03\/28\/locri-e-san-luca-per-save-the-children-educare-e-prendersi-cura\/","title":{"rendered":"Locri e San Luca per Save the Children: educare e prendersi cura"},"content":{"rendered":"<p>Una nuova iniziativa si fa strada nei comuni di <strong>Locri<\/strong> e <strong>San<\/strong> <strong>Luca<\/strong>,\u00a0si tratta del progetto &#8220;<em>Il Buon Inizio. Crescere in una comunit\u00e0 educante che si prende cura&#8221;.<\/em>\u00a0Il 30 marzo, alle ore 16:00 si terr\u00e0 a Locri il primo tavolo territoriale per fissare gli ultimi punti di fronte alle istituzioni, ai servizi socio-sanitari ed educativi del luogo.<\/p>\n<p>Sar\u00e0 un intervento di durata triennale per combattere la povert\u00e0 educativa minorile, coordinato dall&#8217; associazione<strong> Save the Children Italia<\/strong>\u00a0da oltre 100 anni si impegna a lottare al fianco dei piccoli per garantire loro un futuro migliore.<\/p>\n<p>Il progetto si avvale della collaborazione degli Istituti comprensivi <strong>De Amicis-Maresca di Locri<\/strong> e <strong>San Luca-Bovalino<\/strong>, insieme dall&#8217;associazione <strong><em>Civitas Solis.<\/em><\/strong> Il pubblico al quale verr\u00e0 rivolto il servizio riguarda i bambini di et\u00e0 prescolare dai 24 ai 36 mesi di et\u00e0. Sono previsti: attivit\u00e0 educative, laboratori di lettura precoce, di musica, sensoriali\/creativi e tante altre attivit\u00e0 per lo sviluppo dell&#8217;infante.<\/p>\n<p>Verranno proposti dei servizi integrativi per i bambini di et\u00e0 tra i 3 e i 6 anni che consisteranno in: giochi liberi ma strutturati, laboratori creativi, di conoscenza e riconoscimento delle emozioni e attivit\u00e0 sportive all&#8217;aria aperta.\u00a0Per ci\u00f2 che riguarda le famiglie, specialmente quelle pi\u00f9 vulnerabili, verranno messe a disposizione delle &#8220;doti di cura&#8221; per contribuire a difficolt\u00e0 socioeconomiche e sociali.<\/p>\n<p><em><span class=\"xmprfx_ContentPasted0\">\u201c<\/span><span class=\"xmprfx_ContentPasted0\">Anche alle bambine ed ai bambini della Locride in et\u00e0 prescolare devono essere garantite pari opportunit\u00e0\u00a0\u00a0 di\u00a0\u00a0 sviluppo\u00a0\u00a0 delle\u00a0\u00a0 proprie\u00a0\u00a0 potenzialit\u00e0\u00a0\u00a0 cognitive, emotive, affettive, relazionali, soprattutto per quelli provenienti da famiglie pi\u00f9 fragili<\/span><\/em><span class=\"xmprfx_ContentPasted0\">\u201d <\/span><span class=\"xmprfx_ContentPasted0\">ha dichiarato Francesco Mollace, direttore di Civitas Solis.\u00a0<\/span><\/p>\n<p>L&#8217;iniziativa, gestita da enti del terzi settore e promossa grazie a fondi privati, porta a vanti il desiderio di migliorare l&#8217;offerta educativa dei piccolissimi, provando a conciliare vita e lavoro in un area, che come ben sappiamo, affronta non poche criticit\u00e0 a livello sociale e economico.<\/p>\n","protected":false},"excerpt":{"rendered":"<p>Una nuova iniziativa si fa strada nei comuni di Locri e San Luca,\u00a0si tratta del progetto &#8220;Il Buon Inizio. Crescere in una comunit\u00e0 educante che si prende cura&#8221;.\u00a0Il 30 marzo,&hellip;<\/p>\n","protected":false},"author":14,"featured_media":12311,"comment_status":"closed","ping_status":"open","sticky":false,"template":"","format":"standard","meta":{"_jetpack_memberships_contains_paid_content":false,"footnotes":"","jetpack_publicize_message":"","jetpack_publicize_feature_enabled":true,"jetpack_social_post_already_shared":false,"jetpack_social_options":{"image_generator_settings":{"template":"highway","default_image_id":0,"font":"","enabled":false},"version":2}},"categories":[142,921,4303,196,140],"tags":[338,5404,2521],"class_list":["post-21884","post","type-post","status-publish","format-standard","has-post-thumbnail","hentry","category-calabria","category-home","category-istruzione","category-news","category-reggio-calabria","tag-locri","tag-san-luca","tag-save-the-children"],"yoast_head":"<!-- This site is optimized with the Yoast SEO plugin v27.2 - https:\/\/yoast.com\/product\/yoast-seo-wordpress\/ -->\n<title>Locri e San Luca per Save the Children: educare e prendersi cura<\/title>\n<meta name=\"description\" content=\"\u00a0si tratta del progetto &quot;Il Buon Inizio. Crescere in una comunit\u00e0 educante che si prende cura&quot; per combattere la povert\u00e0 educativa dei minori\" \/>\n<meta name=\"robots\" content=\"index, follow, max-snippet:-1, max-image-preview:large, max-video-preview:-1\" \/>\n<link rel=\"canonical\" href=\"https:\/\/progettotouring.it\/radiotouring104\/2023\/03\/28\/locri-e-san-luca-per-save-the-children-educare-e-prendersi-cura\/\" \/>\n<meta property=\"og:locale\" content=\"it_IT\" \/>\n<meta property=\"og:type\" content=\"article\" \/>\n<meta property=\"og:title\" content=\"Locri e San Luca per Save the Children: educare e prendersi cura\" \/>\n<meta property=\"og:description\" content=\"\u00a0si tratta del progetto &quot;Il Buon Inizio. Crescere in una comunit\u00e0 educante che si prende cura&quot; per combattere la povert\u00e0 educativa dei minori\" \/>\n<meta property=\"og:url\" content=\"https:\/\/progettotouring.it\/radiotouring104\/2023\/03\/28\/locri-e-san-luca-per-save-the-children-educare-e-prendersi-cura\/\" \/>\n<meta property=\"og:site_name\" content=\"Radio Touring 104\" \/>\n<meta property=\"article:published_time\" content=\"2023-03-28T13:02:20+00:00\" \/>\n<meta property=\"article:modified_time\" content=\"2023-03-29T08:30:12+00:00\" \/>\n<meta property=\"og:image\" content=\"https:\/\/progettotouring.it\/radiotouring104\/wp-content\/uploads\/sites\/6\/2022\/11\/Save-The-Children.png\" \/>\n\t<meta property=\"og:image:width\" content=\"1600\" \/>\n\t<meta property=\"og:image:height\" content=\"837\" \/>\n\t<meta property=\"og:image:type\" content=\"image\/png\" \/>\n<meta name=\"author\" content=\"Giovanna Triolo\" \/>\n<meta name=\"twitter:card\" content=\"summary_large_image\" \/>\n<meta name=\"twitter:label1\" content=\"Scritto da\" \/>\n\t<meta name=\"twitter:data1\" content=\"Giovanna Triolo\" \/>\n\t<meta name=\"twitter:label2\" content=\"Tempo di lettura stimato\" \/>\n\t<meta name=\"twitter:data2\" content=\"1 minuto\" \/>\n<script type=\"application\/ld+json\" class=\"yoast-schema-graph\">{\"@context\":\"https:\/\/schema.org\",\"@graph\":[{\"@type\":\"Article\",\"@id\":\"https:\/\/progettotouring.it\/radiotouring104\/2023\/03\/28\/locri-e-san-luca-per-save-the-children-educare-e-prendersi-cura\/#article\",\"isPartOf\":{\"@id\":\"https:\/\/progettotouring.it\/radiotouring104\/2023\/03\/28\/locri-e-san-luca-per-save-the-children-educare-e-prendersi-cura\/\"},\"author\":{\"name\":\"Giovanna Triolo\",\"@id\":\"https:\/\/progettotouring.it\/radiotouring104\/#\/schema\/person\/39b7921e814ce650c48075565036a6a7\"},\"headline\":\"Locri e San Luca per Save the Children: educare e prendersi cura\",\"datePublished\":\"2023-03-28T13:02:20+00:00\",\"dateModified\":\"2023-03-29T08:30:12+00:00\",\"mainEntityOfPage\":{\"@id\":\"https:\/\/progettotouring.it\/radiotouring104\/2023\/03\/28\/locri-e-san-luca-per-save-the-children-educare-e-prendersi-cura\/\"},\"wordCount\":311,\"publisher\":{\"@id\":\"https:\/\/progettotouring.it\/radiotouring104\/#organization\"},\"image\":{\"@id\":\"https:\/\/progettotouring.it\/radiotouring104\/2023\/03\/28\/locri-e-san-luca-per-save-the-children-educare-e-prendersi-cura\/#primaryimage\"},\"thumbnailUrl\":\"https:\/\/progettotouring.it\/radiotouring104\/wp-content\/uploads\/sites\/6\/2022\/11\/Save-The-Children.png\",\"keywords\":[\"Locri\",\"San Luca\",\"save the children\"],\"articleSection\":[\"Calabria\",\"Home\",\"Istruzione\",\"News\",\"Reggio Calabria\"],\"inLanguage\":\"it-IT\"},{\"@type\":\"WebPage\",\"@id\":\"https:\/\/progettotouring.it\/radiotouring104\/2023\/03\/28\/locri-e-san-luca-per-save-the-children-educare-e-prendersi-cura\/\",\"url\":\"https:\/\/progettotouring.it\/radiotouring104\/2023\/03\/28\/locri-e-san-luca-per-save-the-children-educare-e-prendersi-cura\/\",\"name\":\"Locri e San Luca per Save the Children: educare e prendersi cura\",\"isPartOf\":{\"@id\":\"https:\/\/progettotouring.it\/radiotouring104\/#website\"},\"primaryImageOfPage\":{\"@id\":\"https:\/\/progettotouring.it\/radiotouring104\/2023\/03\/28\/locri-e-san-luca-per-save-the-children-educare-e-prendersi-cura\/#primaryimage\"},\"image\":{\"@id\":\"https:\/\/progettotouring.it\/radiotouring104\/2023\/03\/28\/locri-e-san-luca-per-save-the-children-educare-e-prendersi-cura\/#primaryimage\"},\"thumbnailUrl\":\"https:\/\/progettotouring.it\/radiotouring104\/wp-content\/uploads\/sites\/6\/2022\/11\/Save-The-Children.png\",\"datePublished\":\"2023-03-28T13:02:20+00:00\",\"dateModified\":\"2023-03-29T08:30:12+00:00\",\"description\":\"\u00a0si tratta del progetto \\\"Il Buon Inizio. Crescere in una comunit\u00e0 educante che si prende cura\\\" per combattere la povert\u00e0 educativa dei minori\",\"breadcrumb\":{\"@id\":\"https:\/\/progettotouring.it\/radiotouring104\/2023\/03\/28\/locri-e-san-luca-per-save-the-children-educare-e-prendersi-cura\/#breadcrumb\"},\"inLanguage\":\"it-IT\",\"potentialAction\":[{\"@type\":\"ReadAction\",\"target\":[\"https:\/\/progettotouring.it\/radiotouring104\/2023\/03\/28\/locri-e-san-luca-per-save-the-children-educare-e-prendersi-cura\/\"]}]},{\"@type\":\"ImageObject\",\"inLanguage\":\"it-IT\",\"@id\":\"https:\/\/progettotouring.it\/radiotouring104\/2023\/03\/28\/locri-e-san-luca-per-save-the-children-educare-e-prendersi-cura\/#primaryimage\",\"url\":\"https:\/\/progettotouring.it\/radiotouring104\/wp-content\/uploads\/sites\/6\/2022\/11\/Save-The-Children.png\",\"contentUrl\":\"https:\/\/progettotouring.it\/radiotouring104\/wp-content\/uploads\/sites\/6\/2022\/11\/Save-The-Children.png\",\"width\":1600,\"height\":837},{\"@type\":\"BreadcrumbList\",\"@id\":\"https:\/\/progettotouring.it\/radiotouring104\/2023\/03\/28\/locri-e-san-luca-per-save-the-children-educare-e-prendersi-cura\/#breadcrumb\",\"itemListElement\":[{\"@type\":\"ListItem\",\"position\":1,\"name\":\"Home\",\"item\":\"https:\/\/progettotouring.it\/radiotouring104\/\"},{\"@type\":\"ListItem\",\"position\":2,\"name\":\"Locri e San Luca per Save the Children: educare e prendersi cura\"}]},{\"@type\":\"WebSite\",\"@id\":\"https:\/\/progettotouring.it\/radiotouring104\/#website\",\"url\":\"https:\/\/progettotouring.it\/radiotouring104\/\",\"name\":\"Radio Touring 104\",\"description\":\"La prima radio Reggina\",\"publisher\":{\"@id\":\"https:\/\/progettotouring.it\/radiotouring104\/#organization\"},\"potentialAction\":[{\"@type\":\"SearchAction\",\"target\":{\"@type\":\"EntryPoint\",\"urlTemplate\":\"https:\/\/progettotouring.it\/radiotouring104\/?s={search_term_string}\"},\"query-input\":{\"@type\":\"PropertyValueSpecification\",\"valueRequired\":true,\"valueName\":\"search_term_string\"}}],\"inLanguage\":\"it-IT\"},{\"@type\":\"Organization\",\"@id\":\"https:\/\/progettotouring.it\/radiotouring104\/#organization\",\"name\":\"Radio Touring 104\",\"url\":\"https:\/\/progettotouring.it\/radiotouring104\/\",\"logo\":{\"@type\":\"ImageObject\",\"inLanguage\":\"it-IT\",\"@id\":\"https:\/\/progettotouring.it\/radiotouring104\/#\/schema\/logo\/image\/\",\"url\":\"https:\/\/progettotouring.it\/radiotouring104\/wp-content\/uploads\/sites\/6\/2022\/02\/cropped-logo-radio-touring-104.png\",\"contentUrl\":\"https:\/\/progettotouring.it\/radiotouring104\/wp-content\/uploads\/sites\/6\/2022\/02\/cropped-logo-radio-touring-104.png\",\"width\":377,\"height\":182,\"caption\":\"Radio Touring 104\"},\"image\":{\"@id\":\"https:\/\/progettotouring.it\/radiotouring104\/#\/schema\/logo\/image\/\"}},{\"@type\":\"Person\",\"@id\":\"https:\/\/progettotouring.it\/radiotouring104\/#\/schema\/person\/39b7921e814ce650c48075565036a6a7\",\"name\":\"Giovanna Triolo\",\"image\":{\"@type\":\"ImageObject\",\"inLanguage\":\"it-IT\",\"@id\":\"https:\/\/secure.gravatar.com\/avatar\/e542eca288d5fdcf7afd8bda17389faf75f6a208edd42dad42bedab48136e524?s=96&d=mm&r=g\",\"url\":\"https:\/\/secure.gravatar.com\/avatar\/e542eca288d5fdcf7afd8bda17389faf75f6a208edd42dad42bedab48136e524?s=96&d=mm&r=g\",\"contentUrl\":\"https:\/\/secure.gravatar.com\/avatar\/e542eca288d5fdcf7afd8bda17389faf75f6a208edd42dad42bedab48136e524?s=96&d=mm&r=g\",\"caption\":\"Giovanna Triolo\"},\"url\":\"https:\/\/progettotouring.it\/radiotouring104\/author\/giovanna\/\"}]}<\/script>\n<!-- \/ Yoast SEO plugin. -->","yoast_head_json":{"title":"Locri e San Luca per Save the Children: educare e prendersi cura","description":"\u00a0si tratta del progetto \"Il Buon Inizio. Crescere in una comunit\u00e0 educante che si prende cura\" per combattere la povert\u00e0 educativa dei minori","robots":{"index":"index","follow":"follow","max-snippet":"max-snippet:-1","max-image-preview":"max-image-preview:large","max-video-preview":"max-video-preview:-1"},"canonical":"https:\/\/progettotouring.it\/radiotouring104\/2023\/03\/28\/locri-e-san-luca-per-save-the-children-educare-e-prendersi-cura\/","og_locale":"it_IT","og_type":"article","og_title":"Locri e San Luca per Save the Children: educare e prendersi cura","og_description":"\u00a0si tratta del progetto \"Il Buon Inizio. Crescere in una comunit\u00e0 educante che si prende cura\" per combattere la povert\u00e0 educativa dei minori","og_url":"https:\/\/progettotouring.it\/radiotouring104\/2023\/03\/28\/locri-e-san-luca-per-save-the-children-educare-e-prendersi-cura\/","og_site_name":"Radio Touring 104","article_published_time":"2023-03-28T13:02:20+00:00","article_modified_time":"2023-03-29T08:30:12+00:00","og_image":[{"width":1600,"height":837,"url":"https:\/\/progettotouring.it\/radiotouring104\/wp-content\/uploads\/sites\/6\/2022\/11\/Save-The-Children.png","type":"image\/png"}],"author":"Giovanna Triolo","twitter_card":"summary_large_image","twitter_misc":{"Scritto da":"Giovanna Triolo","Tempo di lettura stimato":"1 minuto"},"schema":{"@context":"https:\/\/schema.org","@graph":[{"@type":"Article","@id":"https:\/\/progettotouring.it\/radiotouring104\/2023\/03\/28\/locri-e-san-luca-per-save-the-children-educare-e-prendersi-cura\/#article","isPartOf":{"@id":"https:\/\/progettotouring.it\/radiotouring104\/2023\/03\/28\/locri-e-san-luca-per-save-the-children-educare-e-prendersi-cura\/"},"author":{"name":"Giovanna Triolo","@id":"https:\/\/progettotouring.it\/radiotouring104\/#\/schema\/person\/39b7921e814ce650c48075565036a6a7"},"headline":"Locri e San Luca per Save the Children: educare e prendersi cura","datePublished":"2023-03-28T13:02:20+00:00","dateModified":"2023-03-29T08:30:12+00:00","mainEntityOfPage":{"@id":"https:\/\/progettotouring.it\/radiotouring104\/2023\/03\/28\/locri-e-san-luca-per-save-the-children-educare-e-prendersi-cura\/"},"wordCount":311,"publisher":{"@id":"https:\/\/progettotouring.it\/radiotouring104\/#organization"},"image":{"@id":"https:\/\/progettotouring.it\/radiotouring104\/2023\/03\/28\/locri-e-san-luca-per-save-the-children-educare-e-prendersi-cura\/#primaryimage"},"thumbnailUrl":"https:\/\/progettotouring.it\/radiotouring104\/wp-content\/uploads\/sites\/6\/2022\/11\/Save-The-Children.png","keywords":["Locri","San Luca","save the children"],"articleSection":["Calabria","Home","Istruzione","News","Reggio Calabria"],"inLanguage":"it-IT"},{"@type":"WebPage","@id":"https:\/\/progettotouring.it\/radiotouring104\/2023\/03\/28\/locri-e-san-luca-per-save-the-children-educare-e-prendersi-cura\/","url":"https:\/\/progettotouring.it\/radiotouring104\/2023\/03\/28\/locri-e-san-luca-per-save-the-children-educare-e-prendersi-cura\/","name":"Locri e San Luca per Save the Children: educare e prendersi cura","isPartOf":{"@id":"https:\/\/progettotouring.it\/radiotouring104\/#website"},"primaryImageOfPage":{"@id":"https:\/\/progettotouring.it\/radiotouring104\/2023\/03\/28\/locri-e-san-luca-per-save-the-children-educare-e-prendersi-cura\/#primaryimage"},"image":{"@id":"https:\/\/progettotouring.it\/radiotouring104\/2023\/03\/28\/locri-e-san-luca-per-save-the-children-educare-e-prendersi-cura\/#primaryimage"},"thumbnailUrl":"https:\/\/progettotouring.it\/radiotouring104\/wp-content\/uploads\/sites\/6\/2022\/11\/Save-The-Children.png","datePublished":"2023-03-28T13:02:20+00:00","dateModified":"2023-03-29T08:30:12+00:00","description":"\u00a0si tratta del progetto \"Il Buon Inizio. Crescere in una comunit\u00e0 educante che si prende cura\" per combattere la povert\u00e0 educativa dei minori","breadcrumb":{"@id":"https:\/\/progettotouring.it\/radiotouring104\/2023\/03\/28\/locri-e-san-luca-per-save-the-children-educare-e-prendersi-cura\/#breadcrumb"},"inLanguage":"it-IT","potentialAction":[{"@type":"ReadAction","target":["https:\/\/progettotouring.it\/radiotouring104\/2023\/03\/28\/locri-e-san-luca-per-save-the-children-educare-e-prendersi-cura\/"]}]},{"@type":"ImageObject","inLanguage":"it-IT","@id":"https:\/\/progettotouring.it\/radiotouring104\/2023\/03\/28\/locri-e-san-luca-per-save-the-children-educare-e-prendersi-cura\/#primaryimage","url":"https:\/\/progettotouring.it\/radiotouring104\/wp-content\/uploads\/sites\/6\/2022\/11\/Save-The-Children.png","contentUrl":"https:\/\/progettotouring.it\/radiotouring104\/wp-content\/uploads\/sites\/6\/2022\/11\/Save-The-Children.png","width":1600,"height":837},{"@type":"BreadcrumbList","@id":"https:\/\/progettotouring.it\/radiotouring104\/2023\/03\/28\/locri-e-san-luca-per-save-the-children-educare-e-prendersi-cura\/#breadcrumb","itemListElement":[{"@type":"ListItem","position":1,"name":"Home","item":"https:\/\/progettotouring.it\/radiotouring104\/"},{"@type":"ListItem","position":2,"name":"Locri e San Luca per Save the Children: educare e prendersi cura"}]},{"@type":"WebSite","@id":"https:\/\/progettotouring.it\/radiotouring104\/#website","url":"https:\/\/progettotouring.it\/radiotouring104\/","name":"Radio Touring 104","description":"La prima radio Reggina","publisher":{"@id":"https:\/\/progettotouring.it\/radiotouring104\/#organization"},"potentialAction":[{"@type":"SearchAction","target":{"@type":"EntryPoint","urlTemplate":"https:\/\/progettotouring.it\/radiotouring104\/?s={search_term_string}"},"query-input":{"@type":"PropertyValueSpecification","valueRequired":true,"valueName":"search_term_string"}}],"inLanguage":"it-IT"},{"@type":"Organization","@id":"https:\/\/progettotouring.it\/radiotouring104\/#organization","name":"Radio Touring 104","url":"https:\/\/progettotouring.it\/radiotouring104\/","logo":{"@type":"ImageObject","inLanguage":"it-IT","@id":"https:\/\/progettotouring.it\/radiotouring104\/#\/schema\/logo\/image\/","url":"https:\/\/progettotouring.it\/radiotouring104\/wp-content\/uploads\/sites\/6\/2022\/02\/cropped-logo-radio-touring-104.png","contentUrl":"https:\/\/progettotouring.it\/radiotouring104\/wp-content\/uploads\/sites\/6\/2022\/02\/cropped-logo-radio-touring-104.png","width":377,"height":182,"caption":"Radio Touring 104"},"image":{"@id":"https:\/\/progettotouring.it\/radiotouring104\/#\/schema\/logo\/image\/"}},{"@type":"Person","@id":"https:\/\/progettotouring.it\/radiotouring104\/#\/schema\/person\/39b7921e814ce650c48075565036a6a7","name":"Giovanna Triolo","image":{"@type":"ImageObject","inLanguage":"it-IT","@id":"https:\/\/secure.gravatar.com\/avatar\/e542eca288d5fdcf7afd8bda17389faf75f6a208edd42dad42bedab48136e524?s=96&d=mm&r=g","url":"https:\/\/secure.gravatar.com\/avatar\/e542eca288d5fdcf7afd8bda17389faf75f6a208edd42dad42bedab48136e524?s=96&d=mm&r=g","contentUrl":"https:\/\/secure.gravatar.com\/avatar\/e542eca288d5fdcf7afd8bda17389faf75f6a208edd42dad42bedab48136e524?s=96&d=mm&r=g","caption":"Giovanna Triolo"},"url":"https:\/\/progettotouring.it\/radiotouring104\/author\/giovanna\/"}]}},"jetpack_publicize_connections":[],"jetpack_featured_media_url":"https:\/\/progettotouring.it\/radiotouring104\/wp-content\/uploads\/sites\/6\/2022\/11\/Save-The-Children.png","jetpack_sharing_enabled":true,"_links":{"self":[{"href":"https:\/\/progettotouring.it\/radiotouring104\/wp-json\/wp\/v2\/posts\/21884","targetHints":{"allow":["GET"]}}],"collection":[{"href":"https:\/\/progettotouring.it\/radiotouring104\/wp-json\/wp\/v2\/posts"}],"about":[{"href":"https:\/\/progettotouring.it\/radiotouring104\/wp-json\/wp\/v2\/types\/post"}],"author":[{"embeddable":true,"href":"https:\/\/progettotouring.it\/radiotouring104\/wp-json\/wp\/v2\/users\/14"}],"replies":[{"embeddable":true,"href":"https:\/\/progettotouring.it\/radiotouring104\/wp-json\/wp\/v2\/comments?post=21884"}],"version-history":[{"count":2,"href":"https:\/\/progettotouring.it\/radiotouring104\/wp-json\/wp\/v2\/posts\/21884\/revisions"}],"predecessor-version":[{"id":21931,"href":"https:\/\/progettotouring.it\/radiotouring104\/wp-json\/wp\/v2\/posts\/21884\/revisions\/21931"}],"wp:featuredmedia":[{"embeddable":true,"href":"https:\/\/progettotouring.it\/radiotouring104\/wp-json\/wp\/v2\/media\/12311"}],"wp:attachment":[{"href":"https:\/\/progettotouring.it\/radiotouring104\/wp-json\/wp\/v2\/media?parent=21884"}],"wp:term":[{"taxonomy":"category","embeddable":true,"href":"https:\/\/progettotouring.it\/radiotouring104\/wp-json\/wp\/v2\/categories?post=21884"},{"taxonomy":"post_tag","embeddable":true,"href":"https:\/\/progettotouring.it\/radiotouring104\/wp-json\/wp\/v2\/tags?post=21884"}],"curies":[{"name":"wp","href":"https:\/\/api.w.org\/{rel}","templated":true}]}}