{"id":22875,"date":"2023-04-11T10:03:43","date_gmt":"2023-04-11T08:03:43","guid":{"rendered":"https:\/\/progettotouring.it\/radiotouring104\/?p=22875"},"modified":"2023-04-11T11:19:39","modified_gmt":"2023-04-11T09:19:39","slug":"hospice-via-delle-stelle-convegno-solidale-portatori-di-speranza","status":"publish","type":"post","link":"https:\/\/progettotouring.it\/radiotouring104\/2023\/04\/11\/hospice-via-delle-stelle-convegno-solidale-portatori-di-speranza\/","title":{"rendered":"Insieme per l&#8217;Hospice: sabato il convegno \u201cPortatori di Speranza\u201d"},"content":{"rendered":"<p>Sabato 15 Aprile prossimo alle ore 17.30 si aprir\u00e0 la prima fase del progetto di beneficenza \u201cInsieme per l\u2019Hospice\u201d con il Convegno dal tema \u201cPortatori di Speranza\u201d presso l\u2019Auditorium Don Orione di Reggio Calabria.<br \/>\nIl Convegno organizzato dall\u2019Oratorio Sant\u2019Agata affiliato Anspi e dal Coro parrocchiale Chorus Christi, due realt\u00e0 nate nella Parrocchia di Cataforio e San Salvatore, in collaborazione e sinergia con gli Uffici Diocesani della Pastorale della<br \/>\nSalute e del Tempo libero, Sport e Turismo dell\u2019Arcidiocesi di Reggio Calabria Bova, vuole promuovere la cultura della salute e il valore della vita da difendere sempre, sottolineando come l\u2019Hospice cattolico e di ispirazione cristiana \u00e8 un luogo<br \/>\nche apre alla speranza perch\u00e9 mai come in prossimit\u00e0 della morte occorre celebrare la vita, rispettarla, proteggerla ed assisterla. E la prima cura accanto al morente \u00e8 \u201cuna presenza amorevole\u201d fatta di \u201cdisponibilit\u00e0, attenzione, comprensione, condivisione, competenza\u201d, segno di \u201cdedizione e amore cristiano per il prossimo\u201d. Quella dell\u2019operatore sanitario diventa allora \u201cuna testimonianza di fede e di speranza in Cristo che dischiude nuovi orizzonti di senso, di risurrezione e di vita\u201d.<br \/>\nDopo i saluti da parte del Direttore dell\u2019Opera Antoniana di Reggio Calabria Don Graziano Bonfitto, sar\u00e0 la volta di Don Vincenzo Catania cappellano dell\u2019Hospice in Via delle Stelle, seguir\u00e0 l\u2019intervento del Dott. Renato Raffa membro dell\u2019Ufficio per la Pastorale del tempo libero, sport e turismo dell\u2019Arcidiocesi di Reggio Calabria Bova, successivamente il Dott. Vincenzo Nociti presidente dell\u2019Hospice, concluderanno il Dott. Antonio Marziale Garante dell\u2019Infanzia ed Adolescenza della Regione Calabria e la Prof.ssa Anna Maria Stanganelli Garante della Salute della Regione Calabria. Moderer\u00e0 i lavori il Prof. Vincenzo Malacrin\u00f2.<br \/>\n\u201cAbbiamo voluto organizzare un progetto di beneficenza per l\u2019Hospice &#8211; afferma don Giovanni Gattuso presidente dell\u2019Oratorio Sant\u2019Agata e parroco a Cataforio e San Salvatore &#8211; che prevede non soltanto la raccolta di fondi ma anche una campagna di promozione e sensibilizzazione sull\u2019importanza e la necessit\u00e0 di custodire sempre la<br \/>\nvita umana in tutti i suoi aspetti e nel corso di tutto l\u2019arco del suo svolgimento\u201d.<br \/>\n\u201cNella nostra epoca, continua don Gattuso &#8211; la vita umana, quando si ritrova fragile per una qualsiasi ragione rischia di rimanere vittima della \u201ccultura dello scarto\u201d, citando un\u2019espressione propria dell\u2019insegnamento di Papa Francesco. \u201cCurare una malattia non sempre \u00e8 possibile lo sappiamo tutti, ma curare una persona lo \u00e8 sempre.<br \/>\nQuesto si fa nell\u2019ambito delle cure palliative che rappresentano una forma privilegiata di carit\u00e0 cristiana nel momento ultimo della vita, nella fase pi\u00f9 delicata, &#8211; continua Don Gattuso \u2013 e devono avere l\u2019intento di farsi carico del malato nella sua totalit\u00e0, sotto l\u2019aspetto clinico, fisico, morale, sociale e spirituale per restituire al malato qualit\u00e0 di vita privilegiando la comunicazione e accompagnandolo dignitosamente nel morire e non a morire accanto alla famiglia\u201d. Don Gattuso auspica che in futuro si possano creare maggiori posti letto nella struttura Hospice di Reggio Calabria e che possano nascere nella nostra Regione ulteriori centri come l\u2019Hospice, \u201caffinch\u00e9 continuino a essere luoghi nei quali si pratichi con impegno la \u201cterapia della dignit\u00e0\u201d, alimentando cos\u00ec l\u2019amore e il rispetto per la vita\u00bb come afferma Papa Francesco.<br \/>\nCome dice San Paolo \u201cNella speranza siamo stati salvati\u201d, infatti, nel Battesimo Cristo ci ha fatto partecipi della sua risurrezione \u2013 conclude don Gattuso \u2013 gi\u00e0 ora nella speranza possiamo godere della vita nuova. Animati dallo Spirito Santo siamo chiamati ad essere sempre testimoni e portatori di questa speranza agli uomini e all\u2019intero creato. Come il buon Samaritano del Vangelo ognuno di noi \u00e8 chiamato a prendersi cura dei malati e dei sofferenti dando cos\u00ec senso alla vita\u201d.<br \/>\nLa seconda e terza fase del progetto si svolgeranno nel mese di maggio e vedranno la partecipazione straordinaria del noto compositore il maestro Marco Frisina.<\/p>\n","protected":false},"excerpt":{"rendered":"<p>Sabato 15 Aprile prossimo alle ore 17.30 si aprir\u00e0 la prima fase del progetto di beneficenza \u201cInsieme per l\u2019Hospice\u201d con il Convegno dal tema \u201cPortatori di Speranza\u201d presso l\u2019Auditorium Don&hellip;<\/p>\n","protected":false},"author":12,"featured_media":6976,"comment_status":"closed","ping_status":"open","sticky":false,"template":"","format":"standard","meta":{"_jetpack_memberships_contains_paid_content":false,"footnotes":"","jetpack_publicize_message":"","jetpack_publicize_feature_enabled":true,"jetpack_social_post_already_shared":false,"jetpack_social_options":{"image_generator_settings":{"template":"highway","default_image_id":0,"font":"","enabled":false},"version":2}},"categories":[921,196,140],"tags":[12875,12874,12877,12878,1346,12872,12876,12879,12873],"class_list":["post-22875","post","type-post","status-publish","format-standard","has-post-thumbnail","hentry","category-home","category-news","category-reggio-calabria","tag-auditorium-don-orione-di-reggio-calabria","tag-convegno-dal-tema-portatori-di-speranza","tag-coro-parrocchiale-chorus-christi","tag-don-vincenzo-catania-cappellano-dellhospice","tag-hospice-via-delle-stelle","tag-maestro-marco-frisina","tag-oratorio-santagata","tag-prof-ssa-anna-maria-stanganelli","tag-progetto-di-beneficenza-insieme-per-lhospice"],"yoast_head":"<!-- This site is optimized with the Yoast SEO plugin v27.2 - https:\/\/yoast.com\/product\/yoast-seo-wordpress\/ -->\n<title>Hospice via delle Stelle, convegno benefico \u201cPortatori di Speranza\u201d<\/title>\n<meta name=\"description\" content=\"Sabato 15 alle 17.30 prima fase del progetto \u201cInsieme per l\u2019Hospice\u201d col Convegno dal tema \u201cPortatori di Speranza\u201d all\u2019Auditorium Don Orione\" \/>\n<meta name=\"robots\" content=\"index, follow, max-snippet:-1, max-image-preview:large, max-video-preview:-1\" \/>\n<link rel=\"canonical\" href=\"https:\/\/progettotouring.it\/radiotouring104\/2023\/04\/11\/hospice-via-delle-stelle-convegno-solidale-portatori-di-speranza\/\" \/>\n<meta property=\"og:locale\" content=\"it_IT\" \/>\n<meta property=\"og:type\" content=\"article\" \/>\n<meta property=\"og:title\" content=\"Hospice via delle Stelle, convegno benefico \u201cPortatori di Speranza\u201d\" \/>\n<meta property=\"og:description\" content=\"Sabato 15 alle 17.30 prima fase del progetto \u201cInsieme per l\u2019Hospice\u201d col Convegno dal tema \u201cPortatori di Speranza\u201d all\u2019Auditorium Don Orione\" \/>\n<meta property=\"og:url\" content=\"https:\/\/progettotouring.it\/radiotouring104\/2023\/04\/11\/hospice-via-delle-stelle-convegno-solidale-portatori-di-speranza\/\" \/>\n<meta property=\"og:site_name\" content=\"Radio Touring 104\" \/>\n<meta property=\"article:published_time\" content=\"2023-04-11T08:03:43+00:00\" \/>\n<meta property=\"article:modified_time\" content=\"2023-04-11T09:19:39+00:00\" \/>\n<meta property=\"og:image\" content=\"https:\/\/progettotouring.it\/radiotouring104\/wp-content\/uploads\/sites\/6\/2022\/06\/hospice.jpg\" \/>\n\t<meta property=\"og:image:width\" content=\"655\" \/>\n\t<meta property=\"og:image:height\" content=\"402\" \/>\n\t<meta property=\"og:image:type\" content=\"image\/jpeg\" \/>\n<meta name=\"author\" content=\"Sebastiano Plutino\" \/>\n<meta name=\"twitter:card\" content=\"summary_large_image\" \/>\n<meta name=\"twitter:label1\" content=\"Scritto da\" \/>\n\t<meta name=\"twitter:data1\" content=\"Sebastiano Plutino\" \/>\n\t<meta name=\"twitter:label2\" content=\"Tempo di lettura stimato\" \/>\n\t<meta name=\"twitter:data2\" content=\"3 minuti\" \/>\n<script type=\"application\/ld+json\" class=\"yoast-schema-graph\">{\"@context\":\"https:\/\/schema.org\",\"@graph\":[{\"@type\":\"Article\",\"@id\":\"https:\/\/progettotouring.it\/radiotouring104\/2023\/04\/11\/hospice-via-delle-stelle-convegno-solidale-portatori-di-speranza\/#article\",\"isPartOf\":{\"@id\":\"https:\/\/progettotouring.it\/radiotouring104\/2023\/04\/11\/hospice-via-delle-stelle-convegno-solidale-portatori-di-speranza\/\"},\"author\":{\"name\":\"Sebastiano Plutino\",\"@id\":\"https:\/\/progettotouring.it\/radiotouring104\/#\/schema\/person\/78613917f1851f041f7483f5af1d422e\"},\"headline\":\"Insieme per l&#8217;Hospice: sabato il convegno \u201cPortatori di Speranza\u201d\",\"datePublished\":\"2023-04-11T08:03:43+00:00\",\"dateModified\":\"2023-04-11T09:19:39+00:00\",\"mainEntityOfPage\":{\"@id\":\"https:\/\/progettotouring.it\/radiotouring104\/2023\/04\/11\/hospice-via-delle-stelle-convegno-solidale-portatori-di-speranza\/\"},\"wordCount\":638,\"publisher\":{\"@id\":\"https:\/\/progettotouring.it\/radiotouring104\/#organization\"},\"image\":{\"@id\":\"https:\/\/progettotouring.it\/radiotouring104\/2023\/04\/11\/hospice-via-delle-stelle-convegno-solidale-portatori-di-speranza\/#primaryimage\"},\"thumbnailUrl\":\"https:\/\/progettotouring.it\/radiotouring104\/wp-content\/uploads\/sites\/6\/2022\/06\/hospice.jpg\",\"keywords\":[\"Auditorium Don Orione di Reggio Calabria\",\"Convegno dal tema \u201cPortatori di Speranza\u201d\",\"Coro parrocchiale Chorus Christi\",\"Don Vincenzo Catania cappellano dell\u2019Hospice\",\"hospice via delle stelle\",\"maestro Marco Frisina\",\"Oratorio Sant\u2019Agata\",\"Prof.ssa Anna Maria Stanganelli\",\"progetto di beneficenza \u201cInsieme per l\u2019Hospice\u201d\"],\"articleSection\":[\"Home\",\"News\",\"Reggio Calabria\"],\"inLanguage\":\"it-IT\"},{\"@type\":\"WebPage\",\"@id\":\"https:\/\/progettotouring.it\/radiotouring104\/2023\/04\/11\/hospice-via-delle-stelle-convegno-solidale-portatori-di-speranza\/\",\"url\":\"https:\/\/progettotouring.it\/radiotouring104\/2023\/04\/11\/hospice-via-delle-stelle-convegno-solidale-portatori-di-speranza\/\",\"name\":\"Hospice via delle Stelle, convegno benefico \u201cPortatori di Speranza\u201d\",\"isPartOf\":{\"@id\":\"https:\/\/progettotouring.it\/radiotouring104\/#website\"},\"primaryImageOfPage\":{\"@id\":\"https:\/\/progettotouring.it\/radiotouring104\/2023\/04\/11\/hospice-via-delle-stelle-convegno-solidale-portatori-di-speranza\/#primaryimage\"},\"image\":{\"@id\":\"https:\/\/progettotouring.it\/radiotouring104\/2023\/04\/11\/hospice-via-delle-stelle-convegno-solidale-portatori-di-speranza\/#primaryimage\"},\"thumbnailUrl\":\"https:\/\/progettotouring.it\/radiotouring104\/wp-content\/uploads\/sites\/6\/2022\/06\/hospice.jpg\",\"datePublished\":\"2023-04-11T08:03:43+00:00\",\"dateModified\":\"2023-04-11T09:19:39+00:00\",\"description\":\"Sabato 15 alle 17.30 prima fase del progetto \u201cInsieme per l\u2019Hospice\u201d col Convegno dal tema \u201cPortatori di Speranza\u201d all\u2019Auditorium Don Orione\",\"breadcrumb\":{\"@id\":\"https:\/\/progettotouring.it\/radiotouring104\/2023\/04\/11\/hospice-via-delle-stelle-convegno-solidale-portatori-di-speranza\/#breadcrumb\"},\"inLanguage\":\"it-IT\",\"potentialAction\":[{\"@type\":\"ReadAction\",\"target\":[\"https:\/\/progettotouring.it\/radiotouring104\/2023\/04\/11\/hospice-via-delle-stelle-convegno-solidale-portatori-di-speranza\/\"]}]},{\"@type\":\"ImageObject\",\"inLanguage\":\"it-IT\",\"@id\":\"https:\/\/progettotouring.it\/radiotouring104\/2023\/04\/11\/hospice-via-delle-stelle-convegno-solidale-portatori-di-speranza\/#primaryimage\",\"url\":\"https:\/\/progettotouring.it\/radiotouring104\/wp-content\/uploads\/sites\/6\/2022\/06\/hospice.jpg\",\"contentUrl\":\"https:\/\/progettotouring.it\/radiotouring104\/wp-content\/uploads\/sites\/6\/2022\/06\/hospice.jpg\",\"width\":655,\"height\":402},{\"@type\":\"BreadcrumbList\",\"@id\":\"https:\/\/progettotouring.it\/radiotouring104\/2023\/04\/11\/hospice-via-delle-stelle-convegno-solidale-portatori-di-speranza\/#breadcrumb\",\"itemListElement\":[{\"@type\":\"ListItem\",\"position\":1,\"name\":\"Home\",\"item\":\"https:\/\/progettotouring.it\/radiotouring104\/\"},{\"@type\":\"ListItem\",\"position\":2,\"name\":\"Insieme per l&#8217;Hospice: sabato il convegno \u201cPortatori di Speranza\u201d\"}]},{\"@type\":\"WebSite\",\"@id\":\"https:\/\/progettotouring.it\/radiotouring104\/#website\",\"url\":\"https:\/\/progettotouring.it\/radiotouring104\/\",\"name\":\"Radio Touring 104\",\"description\":\"La prima radio Reggina\",\"publisher\":{\"@id\":\"https:\/\/progettotouring.it\/radiotouring104\/#organization\"},\"potentialAction\":[{\"@type\":\"SearchAction\",\"target\":{\"@type\":\"EntryPoint\",\"urlTemplate\":\"https:\/\/progettotouring.it\/radiotouring104\/?s={search_term_string}\"},\"query-input\":{\"@type\":\"PropertyValueSpecification\",\"valueRequired\":true,\"valueName\":\"search_term_string\"}}],\"inLanguage\":\"it-IT\"},{\"@type\":\"Organization\",\"@id\":\"https:\/\/progettotouring.it\/radiotouring104\/#organization\",\"name\":\"Radio Touring 104\",\"url\":\"https:\/\/progettotouring.it\/radiotouring104\/\",\"logo\":{\"@type\":\"ImageObject\",\"inLanguage\":\"it-IT\",\"@id\":\"https:\/\/progettotouring.it\/radiotouring104\/#\/schema\/logo\/image\/\",\"url\":\"https:\/\/progettotouring.it\/radiotouring104\/wp-content\/uploads\/sites\/6\/2022\/02\/cropped-logo-radio-touring-104.png\",\"contentUrl\":\"https:\/\/progettotouring.it\/radiotouring104\/wp-content\/uploads\/sites\/6\/2022\/02\/cropped-logo-radio-touring-104.png\",\"width\":377,\"height\":182,\"caption\":\"Radio Touring 104\"},\"image\":{\"@id\":\"https:\/\/progettotouring.it\/radiotouring104\/#\/schema\/logo\/image\/\"}},{\"@type\":\"Person\",\"@id\":\"https:\/\/progettotouring.it\/radiotouring104\/#\/schema\/person\/78613917f1851f041f7483f5af1d422e\",\"name\":\"Sebastiano Plutino\",\"image\":{\"@type\":\"ImageObject\",\"inLanguage\":\"it-IT\",\"@id\":\"https:\/\/secure.gravatar.com\/avatar\/0546ffaa9b79224faf9f2a156b67a529ae861d3287c66c1d8ccfdf909bcba78d?s=96&d=mm&r=g\",\"url\":\"https:\/\/secure.gravatar.com\/avatar\/0546ffaa9b79224faf9f2a156b67a529ae861d3287c66c1d8ccfdf909bcba78d?s=96&d=mm&r=g\",\"contentUrl\":\"https:\/\/secure.gravatar.com\/avatar\/0546ffaa9b79224faf9f2a156b67a529ae861d3287c66c1d8ccfdf909bcba78d?s=96&d=mm&r=g\",\"caption\":\"Sebastiano Plutino\"},\"url\":\"https:\/\/progettotouring.it\/radiotouring104\/author\/sebastiano\/\"}]}<\/script>\n<!-- \/ Yoast SEO plugin. -->","yoast_head_json":{"title":"Hospice via delle Stelle, convegno benefico \u201cPortatori di Speranza\u201d","description":"Sabato 15 alle 17.30 prima fase del progetto \u201cInsieme per l\u2019Hospice\u201d col Convegno dal tema \u201cPortatori di Speranza\u201d all\u2019Auditorium Don Orione","robots":{"index":"index","follow":"follow","max-snippet":"max-snippet:-1","max-image-preview":"max-image-preview:large","max-video-preview":"max-video-preview:-1"},"canonical":"https:\/\/progettotouring.it\/radiotouring104\/2023\/04\/11\/hospice-via-delle-stelle-convegno-solidale-portatori-di-speranza\/","og_locale":"it_IT","og_type":"article","og_title":"Hospice via delle Stelle, convegno benefico \u201cPortatori di Speranza\u201d","og_description":"Sabato 15 alle 17.30 prima fase del progetto \u201cInsieme per l\u2019Hospice\u201d col Convegno dal tema \u201cPortatori di Speranza\u201d all\u2019Auditorium Don Orione","og_url":"https:\/\/progettotouring.it\/radiotouring104\/2023\/04\/11\/hospice-via-delle-stelle-convegno-solidale-portatori-di-speranza\/","og_site_name":"Radio Touring 104","article_published_time":"2023-04-11T08:03:43+00:00","article_modified_time":"2023-04-11T09:19:39+00:00","og_image":[{"width":655,"height":402,"url":"https:\/\/progettotouring.it\/radiotouring104\/wp-content\/uploads\/sites\/6\/2022\/06\/hospice.jpg","type":"image\/jpeg"}],"author":"Sebastiano Plutino","twitter_card":"summary_large_image","twitter_misc":{"Scritto da":"Sebastiano Plutino","Tempo di lettura stimato":"3 minuti"},"schema":{"@context":"https:\/\/schema.org","@graph":[{"@type":"Article","@id":"https:\/\/progettotouring.it\/radiotouring104\/2023\/04\/11\/hospice-via-delle-stelle-convegno-solidale-portatori-di-speranza\/#article","isPartOf":{"@id":"https:\/\/progettotouring.it\/radiotouring104\/2023\/04\/11\/hospice-via-delle-stelle-convegno-solidale-portatori-di-speranza\/"},"author":{"name":"Sebastiano Plutino","@id":"https:\/\/progettotouring.it\/radiotouring104\/#\/schema\/person\/78613917f1851f041f7483f5af1d422e"},"headline":"Insieme per l&#8217;Hospice: sabato il convegno \u201cPortatori di Speranza\u201d","datePublished":"2023-04-11T08:03:43+00:00","dateModified":"2023-04-11T09:19:39+00:00","mainEntityOfPage":{"@id":"https:\/\/progettotouring.it\/radiotouring104\/2023\/04\/11\/hospice-via-delle-stelle-convegno-solidale-portatori-di-speranza\/"},"wordCount":638,"publisher":{"@id":"https:\/\/progettotouring.it\/radiotouring104\/#organization"},"image":{"@id":"https:\/\/progettotouring.it\/radiotouring104\/2023\/04\/11\/hospice-via-delle-stelle-convegno-solidale-portatori-di-speranza\/#primaryimage"},"thumbnailUrl":"https:\/\/progettotouring.it\/radiotouring104\/wp-content\/uploads\/sites\/6\/2022\/06\/hospice.jpg","keywords":["Auditorium Don Orione di Reggio Calabria","Convegno dal tema \u201cPortatori di Speranza\u201d","Coro parrocchiale Chorus Christi","Don Vincenzo Catania cappellano dell\u2019Hospice","hospice via delle stelle","maestro Marco Frisina","Oratorio Sant\u2019Agata","Prof.ssa Anna Maria Stanganelli","progetto di beneficenza \u201cInsieme per l\u2019Hospice\u201d"],"articleSection":["Home","News","Reggio Calabria"],"inLanguage":"it-IT"},{"@type":"WebPage","@id":"https:\/\/progettotouring.it\/radiotouring104\/2023\/04\/11\/hospice-via-delle-stelle-convegno-solidale-portatori-di-speranza\/","url":"https:\/\/progettotouring.it\/radiotouring104\/2023\/04\/11\/hospice-via-delle-stelle-convegno-solidale-portatori-di-speranza\/","name":"Hospice via delle Stelle, convegno benefico \u201cPortatori di Speranza\u201d","isPartOf":{"@id":"https:\/\/progettotouring.it\/radiotouring104\/#website"},"primaryImageOfPage":{"@id":"https:\/\/progettotouring.it\/radiotouring104\/2023\/04\/11\/hospice-via-delle-stelle-convegno-solidale-portatori-di-speranza\/#primaryimage"},"image":{"@id":"https:\/\/progettotouring.it\/radiotouring104\/2023\/04\/11\/hospice-via-delle-stelle-convegno-solidale-portatori-di-speranza\/#primaryimage"},"thumbnailUrl":"https:\/\/progettotouring.it\/radiotouring104\/wp-content\/uploads\/sites\/6\/2022\/06\/hospice.jpg","datePublished":"2023-04-11T08:03:43+00:00","dateModified":"2023-04-11T09:19:39+00:00","description":"Sabato 15 alle 17.30 prima fase del progetto \u201cInsieme per l\u2019Hospice\u201d col Convegno dal tema \u201cPortatori di Speranza\u201d all\u2019Auditorium Don Orione","breadcrumb":{"@id":"https:\/\/progettotouring.it\/radiotouring104\/2023\/04\/11\/hospice-via-delle-stelle-convegno-solidale-portatori-di-speranza\/#breadcrumb"},"inLanguage":"it-IT","potentialAction":[{"@type":"ReadAction","target":["https:\/\/progettotouring.it\/radiotouring104\/2023\/04\/11\/hospice-via-delle-stelle-convegno-solidale-portatori-di-speranza\/"]}]},{"@type":"ImageObject","inLanguage":"it-IT","@id":"https:\/\/progettotouring.it\/radiotouring104\/2023\/04\/11\/hospice-via-delle-stelle-convegno-solidale-portatori-di-speranza\/#primaryimage","url":"https:\/\/progettotouring.it\/radiotouring104\/wp-content\/uploads\/sites\/6\/2022\/06\/hospice.jpg","contentUrl":"https:\/\/progettotouring.it\/radiotouring104\/wp-content\/uploads\/sites\/6\/2022\/06\/hospice.jpg","width":655,"height":402},{"@type":"BreadcrumbList","@id":"https:\/\/progettotouring.it\/radiotouring104\/2023\/04\/11\/hospice-via-delle-stelle-convegno-solidale-portatori-di-speranza\/#breadcrumb","itemListElement":[{"@type":"ListItem","position":1,"name":"Home","item":"https:\/\/progettotouring.it\/radiotouring104\/"},{"@type":"ListItem","position":2,"name":"Insieme per l&#8217;Hospice: sabato il convegno \u201cPortatori di Speranza\u201d"}]},{"@type":"WebSite","@id":"https:\/\/progettotouring.it\/radiotouring104\/#website","url":"https:\/\/progettotouring.it\/radiotouring104\/","name":"Radio Touring 104","description":"La prima radio Reggina","publisher":{"@id":"https:\/\/progettotouring.it\/radiotouring104\/#organization"},"potentialAction":[{"@type":"SearchAction","target":{"@type":"EntryPoint","urlTemplate":"https:\/\/progettotouring.it\/radiotouring104\/?s={search_term_string}"},"query-input":{"@type":"PropertyValueSpecification","valueRequired":true,"valueName":"search_term_string"}}],"inLanguage":"it-IT"},{"@type":"Organization","@id":"https:\/\/progettotouring.it\/radiotouring104\/#organization","name":"Radio Touring 104","url":"https:\/\/progettotouring.it\/radiotouring104\/","logo":{"@type":"ImageObject","inLanguage":"it-IT","@id":"https:\/\/progettotouring.it\/radiotouring104\/#\/schema\/logo\/image\/","url":"https:\/\/progettotouring.it\/radiotouring104\/wp-content\/uploads\/sites\/6\/2022\/02\/cropped-logo-radio-touring-104.png","contentUrl":"https:\/\/progettotouring.it\/radiotouring104\/wp-content\/uploads\/sites\/6\/2022\/02\/cropped-logo-radio-touring-104.png","width":377,"height":182,"caption":"Radio Touring 104"},"image":{"@id":"https:\/\/progettotouring.it\/radiotouring104\/#\/schema\/logo\/image\/"}},{"@type":"Person","@id":"https:\/\/progettotouring.it\/radiotouring104\/#\/schema\/person\/78613917f1851f041f7483f5af1d422e","name":"Sebastiano Plutino","image":{"@type":"ImageObject","inLanguage":"it-IT","@id":"https:\/\/secure.gravatar.com\/avatar\/0546ffaa9b79224faf9f2a156b67a529ae861d3287c66c1d8ccfdf909bcba78d?s=96&d=mm&r=g","url":"https:\/\/secure.gravatar.com\/avatar\/0546ffaa9b79224faf9f2a156b67a529ae861d3287c66c1d8ccfdf909bcba78d?s=96&d=mm&r=g","contentUrl":"https:\/\/secure.gravatar.com\/avatar\/0546ffaa9b79224faf9f2a156b67a529ae861d3287c66c1d8ccfdf909bcba78d?s=96&d=mm&r=g","caption":"Sebastiano Plutino"},"url":"https:\/\/progettotouring.it\/radiotouring104\/author\/sebastiano\/"}]}},"jetpack_publicize_connections":[],"jetpack_featured_media_url":"https:\/\/progettotouring.it\/radiotouring104\/wp-content\/uploads\/sites\/6\/2022\/06\/hospice.jpg","jetpack_sharing_enabled":true,"_links":{"self":[{"href":"https:\/\/progettotouring.it\/radiotouring104\/wp-json\/wp\/v2\/posts\/22875","targetHints":{"allow":["GET"]}}],"collection":[{"href":"https:\/\/progettotouring.it\/radiotouring104\/wp-json\/wp\/v2\/posts"}],"about":[{"href":"https:\/\/progettotouring.it\/radiotouring104\/wp-json\/wp\/v2\/types\/post"}],"author":[{"embeddable":true,"href":"https:\/\/progettotouring.it\/radiotouring104\/wp-json\/wp\/v2\/users\/12"}],"replies":[{"embeddable":true,"href":"https:\/\/progettotouring.it\/radiotouring104\/wp-json\/wp\/v2\/comments?post=22875"}],"version-history":[{"count":2,"href":"https:\/\/progettotouring.it\/radiotouring104\/wp-json\/wp\/v2\/posts\/22875\/revisions"}],"predecessor-version":[{"id":22885,"href":"https:\/\/progettotouring.it\/radiotouring104\/wp-json\/wp\/v2\/posts\/22875\/revisions\/22885"}],"wp:featuredmedia":[{"embeddable":true,"href":"https:\/\/progettotouring.it\/radiotouring104\/wp-json\/wp\/v2\/media\/6976"}],"wp:attachment":[{"href":"https:\/\/progettotouring.it\/radiotouring104\/wp-json\/wp\/v2\/media?parent=22875"}],"wp:term":[{"taxonomy":"category","embeddable":true,"href":"https:\/\/progettotouring.it\/radiotouring104\/wp-json\/wp\/v2\/categories?post=22875"},{"taxonomy":"post_tag","embeddable":true,"href":"https:\/\/progettotouring.it\/radiotouring104\/wp-json\/wp\/v2\/tags?post=22875"}],"curies":[{"name":"wp","href":"https:\/\/api.w.org\/{rel}","templated":true}]}}