{"id":22883,"date":"2023-04-11T12:06:46","date_gmt":"2023-04-11T10:06:46","guid":{"rendered":"https:\/\/progettotouring.it\/radiotouring104\/?p=22883"},"modified":"2023-04-11T12:52:16","modified_gmt":"2023-04-11T10:52:16","slug":"11-aprile-giornata-del-mare-le-iniziative-in-programma-sullo-stretto","status":"publish","type":"post","link":"https:\/\/progettotouring.it\/radiotouring104\/2023\/04\/11\/11-aprile-giornata-del-mare-le-iniziative-in-programma-sullo-stretto\/","title":{"rendered":"11 Aprile, Giornata del Mare: le iniziative in programma sullo Stretto"},"content":{"rendered":"<p style=\"text-align: justify;\">Oggi, 11 aprile si celebra la Giornata del Mare: giornata importante perch\u00e9 celebra uno degli elementi fondamentali per la sopravvivenza e la vita, ma non solo. Una ricorrenza fondamentale, perch\u00e9 si ha spesso la pessima abitudine di attribuire poca importanza alle &#8220;giornate&#8221; a cui \u00e8 dedicata una causa sociale e che invece bisognerebbe tenere seriamente in considerazione, riguardando ognuno di noi direttamente.<br \/>\nUna giornata che aumenta notevolmente d&#8217;importanza oggi, con lo sviluppo sociale ed economico che l&#8217;Uomo ha attuato sul Pianeta, anche a fronte di un&#8217;educazione civica sociale, incentrata non su un comportamento etico diligente e responsabile del singolo cittadino, ma che \u00e8 stata inserita soprattutto nelle politiche dei Governi e che, tuttavia, ancora troppo vengono disattese, messe in secondo piano, facendo del mare non una risorsa da apprezzare e godere, ma un mezzo da sfruttare, inquinandolo con le drammatiche conseguenze evitabili e autolesioniste che mettono a repentaglio salute e incolumit\u00e0 dello stesso. E che, quindi, lo pone ad affrontare ulteriori problemi di cui egli stesso \u00e8, quantomeno, concausa. Questione, quindi che si aggrava per la sua evitabilit\u00e0: basterebbe impegnarsi a rielaborare abitudini e stili di vita.<\/p>\n<p style=\"text-align: justify;\">Rincuora non poco apprendere che, alle nostre latitudini, le citt\u00e0 delle due sponde dello Stretto abbiano scelto di celebrare il mare con numerose iniziative: quello stesso mare che non \u00e8 solo divisione, ma patrimonio comune essenziale che ne avvalora la bellezza dei territori.<\/p>\n<h3 style=\"text-align: justify;\">Le iniziative per la &#8220;Giornata del mare&#8221; a Reggio Calabria<\/h3>\n<p style=\"text-align: justify;\">Per la nostra citt\u00e0 sar\u00e0 il Liceo Artistico il principale protagonista che onorer\u00e0 lo Stretto per questo 11 Aprile, \u00a0giornata nazionale del mare. una passeggiata in biblioteca tra libri con immagini d\u2019opere d&#8217;arte, libri di narrativa, esemplari di lavori grafici realizzati dalla sezione arti figurative del corso diurno e corso serale, fotografie del lungomare Falcomat\u00e1 di Reggio Calabria per gentile concessione di privati.<br \/>\nNella prima foto: Opera tattile dal titolo : &#8221; Squarcio marino&#8221; realizzato con materiale di recupero ( plastica e stoffa ) da un progetto eseguito dalla professoressa Irene Sitibondo con la classe 5E corso Arti figurative Grafico-Pittorico.<br \/>\nNella seconda foto: illustrazione dal titolo \u201cfondo marino\u201c realizzato con la tecnica dell\u2019 incisione calcografica ad acquaforte pi\u00f9 acquatinta da matrice in zinco, progetto eseguito dalla professoressa franca Vozza corso serale Arti figurative Plastico Pittorico. In concomitanza alla celebrazione della giornata nazionale del Mare presso la biblioteca verranno proiettati video con immagini fotografiche tratte dal percorso tematico \u201cIl mare visto e goduto dal lungomare Falcomat\u00e0\u201c, realizzate da: Giuseppe Calarco, Adriana Condello, Antonio Marra Maurizia Monteleone e Maria Sartiano.<\/p>\n<div id=\"penci-post-gallery__34247\" class=\"penci-post-gallery-container single-slider column-3\" data-height=\"150\" data-margin=\"3\"><div class=\"penci-owl-carousel penci-owl-carousel-slider penci-nav-visible\" data-auto=\"true\" data-lazy=\"true\"><figure><a class=\"penci-gallery-ite item-gallery-single-slider item-link-relative\" href=\"https:\/\/progettotouring.it\/radiotouring104\/wp-content\/uploads\/sites\/6\/2023\/04\/340134360_199712189438898_1972988644494946407_n.jpg\"><span class=\"penci-isotope-padding\" style=\"padding-bottom:71.96581197%;\"><\/span><img decoding=\"async\" src=\"https:\/\/progettotouring.it\/radiotouring104\/wp-content\/uploads\/sites\/6\/2023\/04\/340134360_199712189438898_1972988644494946407_n-1170x842.jpg\" alt=\"\" title=\"mare liceo artistico\"><\/a><\/figure><figure><a class=\"penci-gallery-ite item-gallery-single-slider item-link-relative\" href=\"https:\/\/progettotouring.it\/radiotouring104\/wp-content\/uploads\/sites\/6\/2023\/04\/340557322_609435431081589_999332053215542967_n.jpg\"><span class=\"penci-isotope-padding\" style=\"padding-bottom:72.50000000%;\"><\/span><img decoding=\"async\" src=\"https:\/\/progettotouring.it\/radiotouring104\/wp-content\/uploads\/sites\/6\/2023\/04\/340557322_609435431081589_999332053215542967_n.jpg\" alt=\"\" title=\"mare liceo artistico\"><\/a><\/figure><\/div><\/div>\n<h3 style=\"text-align: justify;\">Le iniziative per la &#8220;Giornata del mare&#8221; a Messina<\/h3>\n<p style=\"text-align: justify;\">Messina non solo non resta indietro, ma fa addirittura molto di pi\u00f9. Numerose iniziative per la citt\u00e0 siciliana: la Marina Militare, infatti aprir\u00e0 le sue basi alla popolazione per sviluppare in grandi e piccini la cultura del mare e valorizzarlo come elemento di grande valore culturale, scientifico ed economico, dai traffici marittimi alle risorse sottomarine. Per l\u2019occasione, in Sicilia, saranno aperte al pubblico le seguenti strutture:<\/p>\n<p style=\"text-align: justify;\">Augusta: Comando Marittimo Sicilia &#8211;\u00a0\u201cSala storica\u201d del Comando Marittimo Sicilia orari apertura dalle 09:00 alle 12:30 e dalle 14:30 alle 17:00; Salone Rocco CHINNICI del Comune di Augusta, alle 17:00, convegno aperto alla cittadinanza e agli organi di stampa su \u201cIl mare, una risorsa di grande valore culturale, scientifico, storico ed economico\u201d.<\/p>\n<p style=\"text-align: justify;\">Messina: aprir\u00e0 al pubblico la Base Navale della Marina Militare, il Forte San Salvatore e la Lanterna del Montorsoli dalle ore 9 alle 12 e nel pomeriggio dalle 14 alle 17. Punto di raduno per i visitatori il piazzale antistante la base navale, in Zona Falcata, vicino al monumento dedicato a Salvatore Todaro.<\/p>\n<h3 style=\"text-align: justify;\">Le parole del Ministro Crosetto<\/h3>\n<p style=\"text-align: justify;\">Giornata del Mare che viene omaggiata anche dal Ministro Crosetto con le seguenti parole: &#8220;<em>Preziosa risorsa e al tempo stesso grande responsabilit\u00e0: il mare \u00e8 un fondamentale patrimonio dell\u2019umanit\u00e0 e della nostra Italia. Preservarlo e difenderlo, anche per la sua rilevanza strategica, \u00e8 oggi pi\u00f9 che mai il compito della Difesa grazie alla Marina Militare<\/em>&#8220;.<\/p>\n<p style=\"text-align: justify;\">\n","protected":false},"excerpt":{"rendered":"<p>Oggi, 11 aprile si celebra la Giornata del Mare: giornata importante perch\u00e9 celebra uno degli elementi fondamentali per la sopravvivenza e la vita, ma non solo. Una ricorrenza fondamentale, perch\u00e9&hellip;<\/p>\n","protected":false},"author":12,"featured_media":22889,"comment_status":"closed","ping_status":"open","sticky":false,"template":"","format":"standard","meta":{"_jetpack_memberships_contains_paid_content":false,"footnotes":"","jetpack_publicize_message":"","jetpack_publicize_feature_enabled":true,"jetpack_social_post_already_shared":false,"jetpack_social_options":{"image_generator_settings":{"template":"highway","default_image_id":0,"font":"","enabled":false},"version":2}},"categories":[921,196,140],"tags":[12899,12893,12895,12891,12898,12892,12900,12897,12896,12894,236,942],"class_list":["post-22883","post","type-post","status-publish","format-standard","has-post-thumbnail","hentry","category-home","category-news","category-reggio-calabria","tag-adriana-condello","tag-biblioteca-comunale-di-reggio-calabria","tag-corso-arti-figurative-grafico-pittorico","tag-giornata-nazionale-del-mare","tag-giuseppe-calarco","tag-liceo-artistico-reggio-calabria","tag-maria-sartiano","tag-percorso-tematico-il-mare-visto-e-goduto-dal-lungomare-falcomata","tag-professoressa-franca-vozza","tag-professoressa-irene-sitibondo","tag-reggio-calabria","tag-stretto-di-messina"],"yoast_head":"<!-- This site is optimized with the Yoast SEO plugin v27.2 - https:\/\/yoast.com\/product\/yoast-seo-wordpress\/ -->\n<title>11 Aprile, Giornata del Mare: le iniziative in programma sullo Stretto<\/title>\n<meta name=\"description\" content=\"Oggi 11 aprile si celebra la Giornata Nazionale del Mare. Di seguito le iniziative con cui Reggio e Messina onoreranno lo Stretto\" \/>\n<meta name=\"robots\" content=\"index, follow, max-snippet:-1, max-image-preview:large, max-video-preview:-1\" \/>\n<link rel=\"canonical\" href=\"https:\/\/progettotouring.it\/radiotouring104\/2023\/04\/11\/11-aprile-giornata-del-mare-le-iniziative-in-programma-sullo-stretto\/\" \/>\n<meta property=\"og:locale\" content=\"it_IT\" \/>\n<meta property=\"og:type\" content=\"article\" \/>\n<meta property=\"og:title\" content=\"11 Aprile, Giornata del Mare: le iniziative in programma sullo Stretto\" \/>\n<meta property=\"og:description\" content=\"Oggi 11 aprile si celebra la Giornata Nazionale del Mare. Di seguito le iniziative con cui Reggio e Messina onoreranno lo Stretto\" \/>\n<meta property=\"og:url\" content=\"https:\/\/progettotouring.it\/radiotouring104\/2023\/04\/11\/11-aprile-giornata-del-mare-le-iniziative-in-programma-sullo-stretto\/\" \/>\n<meta property=\"og:site_name\" content=\"Radio Touring 104\" \/>\n<meta property=\"article:published_time\" content=\"2023-04-11T10:06:46+00:00\" \/>\n<meta property=\"article:modified_time\" content=\"2023-04-11T10:52:16+00:00\" \/>\n<meta property=\"og:image\" content=\"https:\/\/progettotouring.it\/radiotouring104\/wp-content\/uploads\/sites\/6\/2023\/04\/Giornata-del-Mare-Stretto-di-Messina.jpg\" \/>\n\t<meta property=\"og:image:width\" content=\"960\" \/>\n\t<meta property=\"og:image:height\" content=\"720\" \/>\n\t<meta property=\"og:image:type\" content=\"image\/jpeg\" \/>\n<meta name=\"author\" content=\"Sebastiano Plutino\" \/>\n<meta name=\"twitter:card\" content=\"summary_large_image\" \/>\n<meta name=\"twitter:label1\" content=\"Scritto da\" \/>\n\t<meta name=\"twitter:data1\" content=\"Sebastiano Plutino\" \/>\n\t<meta name=\"twitter:label2\" content=\"Tempo di lettura stimato\" \/>\n\t<meta name=\"twitter:data2\" content=\"3 minuti\" \/>\n<script type=\"application\/ld+json\" class=\"yoast-schema-graph\">{\"@context\":\"https:\/\/schema.org\",\"@graph\":[{\"@type\":\"Article\",\"@id\":\"https:\/\/progettotouring.it\/radiotouring104\/2023\/04\/11\/11-aprile-giornata-del-mare-le-iniziative-in-programma-sullo-stretto\/#article\",\"isPartOf\":{\"@id\":\"https:\/\/progettotouring.it\/radiotouring104\/2023\/04\/11\/11-aprile-giornata-del-mare-le-iniziative-in-programma-sullo-stretto\/\"},\"author\":{\"name\":\"Sebastiano Plutino\",\"@id\":\"https:\/\/progettotouring.it\/radiotouring104\/#\/schema\/person\/78613917f1851f041f7483f5af1d422e\"},\"headline\":\"11 Aprile, Giornata del Mare: le iniziative in programma sullo Stretto\",\"datePublished\":\"2023-04-11T10:06:46+00:00\",\"dateModified\":\"2023-04-11T10:52:16+00:00\",\"mainEntityOfPage\":{\"@id\":\"https:\/\/progettotouring.it\/radiotouring104\/2023\/04\/11\/11-aprile-giornata-del-mare-le-iniziative-in-programma-sullo-stretto\/\"},\"wordCount\":658,\"publisher\":{\"@id\":\"https:\/\/progettotouring.it\/radiotouring104\/#organization\"},\"image\":{\"@id\":\"https:\/\/progettotouring.it\/radiotouring104\/2023\/04\/11\/11-aprile-giornata-del-mare-le-iniziative-in-programma-sullo-stretto\/#primaryimage\"},\"thumbnailUrl\":\"https:\/\/progettotouring.it\/radiotouring104\/wp-content\/uploads\/sites\/6\/2023\/04\/Giornata-del-Mare-Stretto-di-Messina.jpg\",\"keywords\":[\"Adriana Condello\",\"Biblioteca Comunale di Reggio Calabria\",\"corso Arti figurative Grafico-Pittorico.\",\"Giornata Nazionale del Mare\",\"Giuseppe Calarco\",\"Liceo Artistico Reggio Calabria\",\"Maria Sartiano\",\"percorso tematico \u201cIl mare visto e goduto dal lungomare Falcomat\u00e0\u201c\",\"professoressa franca Vozza\",\"professoressa Irene Sitibondo\",\"reggio calabria\",\"Stretto di Messina\"],\"articleSection\":[\"Home\",\"News\",\"Reggio Calabria\"],\"inLanguage\":\"it-IT\"},{\"@type\":\"WebPage\",\"@id\":\"https:\/\/progettotouring.it\/radiotouring104\/2023\/04\/11\/11-aprile-giornata-del-mare-le-iniziative-in-programma-sullo-stretto\/\",\"url\":\"https:\/\/progettotouring.it\/radiotouring104\/2023\/04\/11\/11-aprile-giornata-del-mare-le-iniziative-in-programma-sullo-stretto\/\",\"name\":\"11 Aprile, Giornata del Mare: le iniziative in programma sullo Stretto\",\"isPartOf\":{\"@id\":\"https:\/\/progettotouring.it\/radiotouring104\/#website\"},\"primaryImageOfPage\":{\"@id\":\"https:\/\/progettotouring.it\/radiotouring104\/2023\/04\/11\/11-aprile-giornata-del-mare-le-iniziative-in-programma-sullo-stretto\/#primaryimage\"},\"image\":{\"@id\":\"https:\/\/progettotouring.it\/radiotouring104\/2023\/04\/11\/11-aprile-giornata-del-mare-le-iniziative-in-programma-sullo-stretto\/#primaryimage\"},\"thumbnailUrl\":\"https:\/\/progettotouring.it\/radiotouring104\/wp-content\/uploads\/sites\/6\/2023\/04\/Giornata-del-Mare-Stretto-di-Messina.jpg\",\"datePublished\":\"2023-04-11T10:06:46+00:00\",\"dateModified\":\"2023-04-11T10:52:16+00:00\",\"description\":\"Oggi 11 aprile si celebra la Giornata Nazionale del Mare. Di seguito le iniziative con cui Reggio e Messina onoreranno lo Stretto\",\"breadcrumb\":{\"@id\":\"https:\/\/progettotouring.it\/radiotouring104\/2023\/04\/11\/11-aprile-giornata-del-mare-le-iniziative-in-programma-sullo-stretto\/#breadcrumb\"},\"inLanguage\":\"it-IT\",\"potentialAction\":[{\"@type\":\"ReadAction\",\"target\":[\"https:\/\/progettotouring.it\/radiotouring104\/2023\/04\/11\/11-aprile-giornata-del-mare-le-iniziative-in-programma-sullo-stretto\/\"]}]},{\"@type\":\"ImageObject\",\"inLanguage\":\"it-IT\",\"@id\":\"https:\/\/progettotouring.it\/radiotouring104\/2023\/04\/11\/11-aprile-giornata-del-mare-le-iniziative-in-programma-sullo-stretto\/#primaryimage\",\"url\":\"https:\/\/progettotouring.it\/radiotouring104\/wp-content\/uploads\/sites\/6\/2023\/04\/Giornata-del-Mare-Stretto-di-Messina.jpg\",\"contentUrl\":\"https:\/\/progettotouring.it\/radiotouring104\/wp-content\/uploads\/sites\/6\/2023\/04\/Giornata-del-Mare-Stretto-di-Messina.jpg\",\"width\":960,\"height\":720},{\"@type\":\"BreadcrumbList\",\"@id\":\"https:\/\/progettotouring.it\/radiotouring104\/2023\/04\/11\/11-aprile-giornata-del-mare-le-iniziative-in-programma-sullo-stretto\/#breadcrumb\",\"itemListElement\":[{\"@type\":\"ListItem\",\"position\":1,\"name\":\"Home\",\"item\":\"https:\/\/progettotouring.it\/radiotouring104\/\"},{\"@type\":\"ListItem\",\"position\":2,\"name\":\"11 Aprile, Giornata del Mare: le iniziative in programma sullo Stretto\"}]},{\"@type\":\"WebSite\",\"@id\":\"https:\/\/progettotouring.it\/radiotouring104\/#website\",\"url\":\"https:\/\/progettotouring.it\/radiotouring104\/\",\"name\":\"Radio Touring 104\",\"description\":\"La prima radio Reggina\",\"publisher\":{\"@id\":\"https:\/\/progettotouring.it\/radiotouring104\/#organization\"},\"potentialAction\":[{\"@type\":\"SearchAction\",\"target\":{\"@type\":\"EntryPoint\",\"urlTemplate\":\"https:\/\/progettotouring.it\/radiotouring104\/?s={search_term_string}\"},\"query-input\":{\"@type\":\"PropertyValueSpecification\",\"valueRequired\":true,\"valueName\":\"search_term_string\"}}],\"inLanguage\":\"it-IT\"},{\"@type\":\"Organization\",\"@id\":\"https:\/\/progettotouring.it\/radiotouring104\/#organization\",\"name\":\"Radio Touring 104\",\"url\":\"https:\/\/progettotouring.it\/radiotouring104\/\",\"logo\":{\"@type\":\"ImageObject\",\"inLanguage\":\"it-IT\",\"@id\":\"https:\/\/progettotouring.it\/radiotouring104\/#\/schema\/logo\/image\/\",\"url\":\"https:\/\/progettotouring.it\/radiotouring104\/wp-content\/uploads\/sites\/6\/2022\/02\/cropped-logo-radio-touring-104.png\",\"contentUrl\":\"https:\/\/progettotouring.it\/radiotouring104\/wp-content\/uploads\/sites\/6\/2022\/02\/cropped-logo-radio-touring-104.png\",\"width\":377,\"height\":182,\"caption\":\"Radio Touring 104\"},\"image\":{\"@id\":\"https:\/\/progettotouring.it\/radiotouring104\/#\/schema\/logo\/image\/\"}},{\"@type\":\"Person\",\"@id\":\"https:\/\/progettotouring.it\/radiotouring104\/#\/schema\/person\/78613917f1851f041f7483f5af1d422e\",\"name\":\"Sebastiano Plutino\",\"image\":{\"@type\":\"ImageObject\",\"inLanguage\":\"it-IT\",\"@id\":\"https:\/\/secure.gravatar.com\/avatar\/0546ffaa9b79224faf9f2a156b67a529ae861d3287c66c1d8ccfdf909bcba78d?s=96&d=mm&r=g\",\"url\":\"https:\/\/secure.gravatar.com\/avatar\/0546ffaa9b79224faf9f2a156b67a529ae861d3287c66c1d8ccfdf909bcba78d?s=96&d=mm&r=g\",\"contentUrl\":\"https:\/\/secure.gravatar.com\/avatar\/0546ffaa9b79224faf9f2a156b67a529ae861d3287c66c1d8ccfdf909bcba78d?s=96&d=mm&r=g\",\"caption\":\"Sebastiano Plutino\"},\"url\":\"https:\/\/progettotouring.it\/radiotouring104\/author\/sebastiano\/\"}]}<\/script>\n<!-- \/ Yoast SEO plugin. -->","yoast_head_json":{"title":"11 Aprile, Giornata del Mare: le iniziative in programma sullo Stretto","description":"Oggi 11 aprile si celebra la Giornata Nazionale del Mare. Di seguito le iniziative con cui Reggio e Messina onoreranno lo Stretto","robots":{"index":"index","follow":"follow","max-snippet":"max-snippet:-1","max-image-preview":"max-image-preview:large","max-video-preview":"max-video-preview:-1"},"canonical":"https:\/\/progettotouring.it\/radiotouring104\/2023\/04\/11\/11-aprile-giornata-del-mare-le-iniziative-in-programma-sullo-stretto\/","og_locale":"it_IT","og_type":"article","og_title":"11 Aprile, Giornata del Mare: le iniziative in programma sullo Stretto","og_description":"Oggi 11 aprile si celebra la Giornata Nazionale del Mare. Di seguito le iniziative con cui Reggio e Messina onoreranno lo Stretto","og_url":"https:\/\/progettotouring.it\/radiotouring104\/2023\/04\/11\/11-aprile-giornata-del-mare-le-iniziative-in-programma-sullo-stretto\/","og_site_name":"Radio Touring 104","article_published_time":"2023-04-11T10:06:46+00:00","article_modified_time":"2023-04-11T10:52:16+00:00","og_image":[{"width":960,"height":720,"url":"https:\/\/progettotouring.it\/radiotouring104\/wp-content\/uploads\/sites\/6\/2023\/04\/Giornata-del-Mare-Stretto-di-Messina.jpg","type":"image\/jpeg"}],"author":"Sebastiano Plutino","twitter_card":"summary_large_image","twitter_misc":{"Scritto da":"Sebastiano Plutino","Tempo di lettura stimato":"3 minuti"},"schema":{"@context":"https:\/\/schema.org","@graph":[{"@type":"Article","@id":"https:\/\/progettotouring.it\/radiotouring104\/2023\/04\/11\/11-aprile-giornata-del-mare-le-iniziative-in-programma-sullo-stretto\/#article","isPartOf":{"@id":"https:\/\/progettotouring.it\/radiotouring104\/2023\/04\/11\/11-aprile-giornata-del-mare-le-iniziative-in-programma-sullo-stretto\/"},"author":{"name":"Sebastiano Plutino","@id":"https:\/\/progettotouring.it\/radiotouring104\/#\/schema\/person\/78613917f1851f041f7483f5af1d422e"},"headline":"11 Aprile, Giornata del Mare: le iniziative in programma sullo Stretto","datePublished":"2023-04-11T10:06:46+00:00","dateModified":"2023-04-11T10:52:16+00:00","mainEntityOfPage":{"@id":"https:\/\/progettotouring.it\/radiotouring104\/2023\/04\/11\/11-aprile-giornata-del-mare-le-iniziative-in-programma-sullo-stretto\/"},"wordCount":658,"publisher":{"@id":"https:\/\/progettotouring.it\/radiotouring104\/#organization"},"image":{"@id":"https:\/\/progettotouring.it\/radiotouring104\/2023\/04\/11\/11-aprile-giornata-del-mare-le-iniziative-in-programma-sullo-stretto\/#primaryimage"},"thumbnailUrl":"https:\/\/progettotouring.it\/radiotouring104\/wp-content\/uploads\/sites\/6\/2023\/04\/Giornata-del-Mare-Stretto-di-Messina.jpg","keywords":["Adriana Condello","Biblioteca Comunale di Reggio Calabria","corso Arti figurative Grafico-Pittorico.","Giornata Nazionale del Mare","Giuseppe Calarco","Liceo Artistico Reggio Calabria","Maria Sartiano","percorso tematico \u201cIl mare visto e goduto dal lungomare Falcomat\u00e0\u201c","professoressa franca Vozza","professoressa Irene Sitibondo","reggio calabria","Stretto di Messina"],"articleSection":["Home","News","Reggio Calabria"],"inLanguage":"it-IT"},{"@type":"WebPage","@id":"https:\/\/progettotouring.it\/radiotouring104\/2023\/04\/11\/11-aprile-giornata-del-mare-le-iniziative-in-programma-sullo-stretto\/","url":"https:\/\/progettotouring.it\/radiotouring104\/2023\/04\/11\/11-aprile-giornata-del-mare-le-iniziative-in-programma-sullo-stretto\/","name":"11 Aprile, Giornata del Mare: le iniziative in programma sullo Stretto","isPartOf":{"@id":"https:\/\/progettotouring.it\/radiotouring104\/#website"},"primaryImageOfPage":{"@id":"https:\/\/progettotouring.it\/radiotouring104\/2023\/04\/11\/11-aprile-giornata-del-mare-le-iniziative-in-programma-sullo-stretto\/#primaryimage"},"image":{"@id":"https:\/\/progettotouring.it\/radiotouring104\/2023\/04\/11\/11-aprile-giornata-del-mare-le-iniziative-in-programma-sullo-stretto\/#primaryimage"},"thumbnailUrl":"https:\/\/progettotouring.it\/radiotouring104\/wp-content\/uploads\/sites\/6\/2023\/04\/Giornata-del-Mare-Stretto-di-Messina.jpg","datePublished":"2023-04-11T10:06:46+00:00","dateModified":"2023-04-11T10:52:16+00:00","description":"Oggi 11 aprile si celebra la Giornata Nazionale del Mare. Di seguito le iniziative con cui Reggio e Messina onoreranno lo Stretto","breadcrumb":{"@id":"https:\/\/progettotouring.it\/radiotouring104\/2023\/04\/11\/11-aprile-giornata-del-mare-le-iniziative-in-programma-sullo-stretto\/#breadcrumb"},"inLanguage":"it-IT","potentialAction":[{"@type":"ReadAction","target":["https:\/\/progettotouring.it\/radiotouring104\/2023\/04\/11\/11-aprile-giornata-del-mare-le-iniziative-in-programma-sullo-stretto\/"]}]},{"@type":"ImageObject","inLanguage":"it-IT","@id":"https:\/\/progettotouring.it\/radiotouring104\/2023\/04\/11\/11-aprile-giornata-del-mare-le-iniziative-in-programma-sullo-stretto\/#primaryimage","url":"https:\/\/progettotouring.it\/radiotouring104\/wp-content\/uploads\/sites\/6\/2023\/04\/Giornata-del-Mare-Stretto-di-Messina.jpg","contentUrl":"https:\/\/progettotouring.it\/radiotouring104\/wp-content\/uploads\/sites\/6\/2023\/04\/Giornata-del-Mare-Stretto-di-Messina.jpg","width":960,"height":720},{"@type":"BreadcrumbList","@id":"https:\/\/progettotouring.it\/radiotouring104\/2023\/04\/11\/11-aprile-giornata-del-mare-le-iniziative-in-programma-sullo-stretto\/#breadcrumb","itemListElement":[{"@type":"ListItem","position":1,"name":"Home","item":"https:\/\/progettotouring.it\/radiotouring104\/"},{"@type":"ListItem","position":2,"name":"11 Aprile, Giornata del Mare: le iniziative in programma sullo Stretto"}]},{"@type":"WebSite","@id":"https:\/\/progettotouring.it\/radiotouring104\/#website","url":"https:\/\/progettotouring.it\/radiotouring104\/","name":"Radio Touring 104","description":"La prima radio Reggina","publisher":{"@id":"https:\/\/progettotouring.it\/radiotouring104\/#organization"},"potentialAction":[{"@type":"SearchAction","target":{"@type":"EntryPoint","urlTemplate":"https:\/\/progettotouring.it\/radiotouring104\/?s={search_term_string}"},"query-input":{"@type":"PropertyValueSpecification","valueRequired":true,"valueName":"search_term_string"}}],"inLanguage":"it-IT"},{"@type":"Organization","@id":"https:\/\/progettotouring.it\/radiotouring104\/#organization","name":"Radio Touring 104","url":"https:\/\/progettotouring.it\/radiotouring104\/","logo":{"@type":"ImageObject","inLanguage":"it-IT","@id":"https:\/\/progettotouring.it\/radiotouring104\/#\/schema\/logo\/image\/","url":"https:\/\/progettotouring.it\/radiotouring104\/wp-content\/uploads\/sites\/6\/2022\/02\/cropped-logo-radio-touring-104.png","contentUrl":"https:\/\/progettotouring.it\/radiotouring104\/wp-content\/uploads\/sites\/6\/2022\/02\/cropped-logo-radio-touring-104.png","width":377,"height":182,"caption":"Radio Touring 104"},"image":{"@id":"https:\/\/progettotouring.it\/radiotouring104\/#\/schema\/logo\/image\/"}},{"@type":"Person","@id":"https:\/\/progettotouring.it\/radiotouring104\/#\/schema\/person\/78613917f1851f041f7483f5af1d422e","name":"Sebastiano Plutino","image":{"@type":"ImageObject","inLanguage":"it-IT","@id":"https:\/\/secure.gravatar.com\/avatar\/0546ffaa9b79224faf9f2a156b67a529ae861d3287c66c1d8ccfdf909bcba78d?s=96&d=mm&r=g","url":"https:\/\/secure.gravatar.com\/avatar\/0546ffaa9b79224faf9f2a156b67a529ae861d3287c66c1d8ccfdf909bcba78d?s=96&d=mm&r=g","contentUrl":"https:\/\/secure.gravatar.com\/avatar\/0546ffaa9b79224faf9f2a156b67a529ae861d3287c66c1d8ccfdf909bcba78d?s=96&d=mm&r=g","caption":"Sebastiano Plutino"},"url":"https:\/\/progettotouring.it\/radiotouring104\/author\/sebastiano\/"}]}},"jetpack_publicize_connections":[],"jetpack_featured_media_url":"https:\/\/progettotouring.it\/radiotouring104\/wp-content\/uploads\/sites\/6\/2023\/04\/Giornata-del-Mare-Stretto-di-Messina.jpg","jetpack_sharing_enabled":true,"_links":{"self":[{"href":"https:\/\/progettotouring.it\/radiotouring104\/wp-json\/wp\/v2\/posts\/22883","targetHints":{"allow":["GET"]}}],"collection":[{"href":"https:\/\/progettotouring.it\/radiotouring104\/wp-json\/wp\/v2\/posts"}],"about":[{"href":"https:\/\/progettotouring.it\/radiotouring104\/wp-json\/wp\/v2\/types\/post"}],"author":[{"embeddable":true,"href":"https:\/\/progettotouring.it\/radiotouring104\/wp-json\/wp\/v2\/users\/12"}],"replies":[{"embeddable":true,"href":"https:\/\/progettotouring.it\/radiotouring104\/wp-json\/wp\/v2\/comments?post=22883"}],"version-history":[{"count":4,"href":"https:\/\/progettotouring.it\/radiotouring104\/wp-json\/wp\/v2\/posts\/22883\/revisions"}],"predecessor-version":[{"id":22901,"href":"https:\/\/progettotouring.it\/radiotouring104\/wp-json\/wp\/v2\/posts\/22883\/revisions\/22901"}],"wp:featuredmedia":[{"embeddable":true,"href":"https:\/\/progettotouring.it\/radiotouring104\/wp-json\/wp\/v2\/media\/22889"}],"wp:attachment":[{"href":"https:\/\/progettotouring.it\/radiotouring104\/wp-json\/wp\/v2\/media?parent=22883"}],"wp:term":[{"taxonomy":"category","embeddable":true,"href":"https:\/\/progettotouring.it\/radiotouring104\/wp-json\/wp\/v2\/categories?post=22883"},{"taxonomy":"post_tag","embeddable":true,"href":"https:\/\/progettotouring.it\/radiotouring104\/wp-json\/wp\/v2\/tags?post=22883"}],"curies":[{"name":"wp","href":"https:\/\/api.w.org\/{rel}","templated":true}]}}