{"id":22891,"date":"2023-04-11T12:22:27","date_gmt":"2023-04-11T10:22:27","guid":{"rendered":"https:\/\/progettotouring.it\/radiotouring104\/?p=22891"},"modified":"2023-04-11T12:22:27","modified_gmt":"2023-04-11T10:22:27","slug":"miss-mondo-si-scaldano-i-motori-con-moda-musica-e-spettacolo","status":"publish","type":"post","link":"https:\/\/progettotouring.it\/radiotouring104\/2023\/04\/11\/miss-mondo-si-scaldano-i-motori-con-moda-musica-e-spettacolo\/","title":{"rendered":"&#8220;Miss Mondo&#8221;: si scaldano i motori con moda, musica e spettacolo"},"content":{"rendered":"<p>Si terr\u00e0 Caposperone resort la selezione ufficiale riguardante della regione Calabria riguardante il concorso pi\u00f9 antico e prestigioso: parliamo di &#8220;Miss Mondo&#8221; che far\u00e0 tappa giorno 15 aprile , con inizio dell\u2019evento alle 18, scaldando i motori e preparandosi per la finale regionale che si terr\u00e0 a breve. Suggestiva, quindi la scelta della location che si affaccia sul mare per ospitare le tante aspiranti Miss Mondo Calabria, nonch\u00e8 sponsor ufficiale del concorso.<br \/>\nPronto quindi il contdown per sabato, dove la moda unir\u00e0 lo spettacolo, con scuole di ballo, cantanti e molto altro saranno i protagonisti della serata. Tanti ospiti, fra cui la Miss Mondo Calabria 2021 e 2022, la finalista nazionale e regionale di Miss Mondo Calabria 2023 e la scuola di canto e musical \u201cInCanto &#8211; Casa delle Arti\u201d. &#8220;Volevo ringraziare il direttore Giuseppe Di Francia per esserci sempre vicini in ogni iniziativa e tutto il mio team \u2013 dichiara il patron Regionale Andrea Cogliandro della nota agenzia di eventi e spettacoli Andrea Cogliandro Eventi- inoltre invito sempre le aspiranti future miss che volessero mettersi in gioco in uno dei concorsi di bellezza pi\u00f9 prestigiosi al mondo di unirsi alla grande famiglia di Miss Mondo Calabria e di fare l\u2019iscrizione gratuita sul sito www.missmondo.it.&#8221;<\/p>\n","protected":false},"excerpt":{"rendered":"<p>Si terr\u00e0 Caposperone resort la selezione ufficiale riguardante della regione Calabria riguardante il concorso pi\u00f9 antico e prestigioso: parliamo di &#8220;Miss Mondo&#8221; che far\u00e0 tappa giorno 15 aprile , con&hellip;<\/p>\n","protected":false},"author":12,"featured_media":22892,"comment_status":"closed","ping_status":"open","sticky":false,"template":"","format":"standard","meta":{"_jetpack_memberships_contains_paid_content":false,"footnotes":"","jetpack_publicize_message":"","jetpack_publicize_feature_enabled":true,"jetpack_social_post_already_shared":false,"jetpack_social_options":{"image_generator_settings":{"template":"highway","default_image_id":0,"font":"","enabled":false},"version":2}},"categories":[142,921,196],"tags":[12901,12904,12902,12903,12905],"class_list":["post-22891","post","type-post","status-publish","format-standard","has-post-thumbnail","hentry","category-calabria","category-home","category-news","tag-caposperone-resort","tag-direttore-giuseppe-di-francia","tag-miss-mondo-calabria","tag-musical-incanto-casa-delle-arti","tag-ndrea-cogliandro-eventi"],"yoast_head":"<!-- This site is optimized with the Yoast SEO plugin v27.2 - https:\/\/yoast.com\/product\/yoast-seo-wordpress\/ -->\n<title>Miss Mondo&quot;: si scaldano i motori con moda, musica e spettacolo<\/title>\n<meta name=\"description\" content=\"Si terr\u00e0 Caposperone resort la selezione ufficiale di Miss Mondo per la Regione Calabria che far\u00e0 tappa 15 aprile dalle 18\" \/>\n<meta name=\"robots\" content=\"index, follow, max-snippet:-1, max-image-preview:large, max-video-preview:-1\" \/>\n<link rel=\"canonical\" href=\"https:\/\/progettotouring.it\/radiotouring104\/2023\/04\/11\/miss-mondo-si-scaldano-i-motori-con-moda-musica-e-spettacolo\/\" \/>\n<meta property=\"og:locale\" content=\"it_IT\" \/>\n<meta property=\"og:type\" content=\"article\" \/>\n<meta property=\"og:title\" content=\"Miss Mondo&quot;: si scaldano i motori con moda, musica e spettacolo\" \/>\n<meta property=\"og:description\" content=\"Si terr\u00e0 Caposperone resort la selezione ufficiale di Miss Mondo per la Regione Calabria che far\u00e0 tappa 15 aprile dalle 18\" \/>\n<meta property=\"og:url\" content=\"https:\/\/progettotouring.it\/radiotouring104\/2023\/04\/11\/miss-mondo-si-scaldano-i-motori-con-moda-musica-e-spettacolo\/\" \/>\n<meta property=\"og:site_name\" content=\"Radio Touring 104\" \/>\n<meta property=\"article:published_time\" content=\"2023-04-11T10:22:27+00:00\" \/>\n<meta property=\"og:image\" content=\"https:\/\/progettotouring.it\/radiotouring104\/wp-content\/uploads\/sites\/6\/2023\/04\/Miss-Mondo-Calabria.jpg\" \/>\n\t<meta property=\"og:image:width\" content=\"800\" \/>\n\t<meta property=\"og:image:height\" content=\"800\" \/>\n\t<meta property=\"og:image:type\" content=\"image\/jpeg\" \/>\n<meta name=\"author\" content=\"Sebastiano Plutino\" \/>\n<meta name=\"twitter:card\" content=\"summary_large_image\" \/>\n<meta name=\"twitter:label1\" content=\"Scritto da\" \/>\n\t<meta name=\"twitter:data1\" content=\"Sebastiano Plutino\" \/>\n\t<meta name=\"twitter:label2\" content=\"Tempo di lettura stimato\" \/>\n\t<meta name=\"twitter:data2\" content=\"1 minuto\" \/>\n<script type=\"application\/ld+json\" class=\"yoast-schema-graph\">{\"@context\":\"https:\/\/schema.org\",\"@graph\":[{\"@type\":\"Article\",\"@id\":\"https:\/\/progettotouring.it\/radiotouring104\/2023\/04\/11\/miss-mondo-si-scaldano-i-motori-con-moda-musica-e-spettacolo\/#article\",\"isPartOf\":{\"@id\":\"https:\/\/progettotouring.it\/radiotouring104\/2023\/04\/11\/miss-mondo-si-scaldano-i-motori-con-moda-musica-e-spettacolo\/\"},\"author\":{\"name\":\"Sebastiano Plutino\",\"@id\":\"https:\/\/progettotouring.it\/radiotouring104\/#\/schema\/person\/78613917f1851f041f7483f5af1d422e\"},\"headline\":\"&#8220;Miss Mondo&#8221;: si scaldano i motori con moda, musica e spettacolo\",\"datePublished\":\"2023-04-11T10:22:27+00:00\",\"mainEntityOfPage\":{\"@id\":\"https:\/\/progettotouring.it\/radiotouring104\/2023\/04\/11\/miss-mondo-si-scaldano-i-motori-con-moda-musica-e-spettacolo\/\"},\"wordCount\":213,\"publisher\":{\"@id\":\"https:\/\/progettotouring.it\/radiotouring104\/#organization\"},\"image\":{\"@id\":\"https:\/\/progettotouring.it\/radiotouring104\/2023\/04\/11\/miss-mondo-si-scaldano-i-motori-con-moda-musica-e-spettacolo\/#primaryimage\"},\"thumbnailUrl\":\"https:\/\/progettotouring.it\/radiotouring104\/wp-content\/uploads\/sites\/6\/2023\/04\/Miss-Mondo-Calabria.jpg\",\"keywords\":[\"Caposperone resort\",\"direttore Giuseppe Di Francia\",\"Miss Mondo Calabria\",\"musical \u201cInCanto - Casa delle Arti\u201d\",\"ndrea Cogliandro Eventi\"],\"articleSection\":[\"Calabria\",\"Home\",\"News\"],\"inLanguage\":\"it-IT\"},{\"@type\":\"WebPage\",\"@id\":\"https:\/\/progettotouring.it\/radiotouring104\/2023\/04\/11\/miss-mondo-si-scaldano-i-motori-con-moda-musica-e-spettacolo\/\",\"url\":\"https:\/\/progettotouring.it\/radiotouring104\/2023\/04\/11\/miss-mondo-si-scaldano-i-motori-con-moda-musica-e-spettacolo\/\",\"name\":\"Miss Mondo\\\": si scaldano i motori con moda, musica e spettacolo\",\"isPartOf\":{\"@id\":\"https:\/\/progettotouring.it\/radiotouring104\/#website\"},\"primaryImageOfPage\":{\"@id\":\"https:\/\/progettotouring.it\/radiotouring104\/2023\/04\/11\/miss-mondo-si-scaldano-i-motori-con-moda-musica-e-spettacolo\/#primaryimage\"},\"image\":{\"@id\":\"https:\/\/progettotouring.it\/radiotouring104\/2023\/04\/11\/miss-mondo-si-scaldano-i-motori-con-moda-musica-e-spettacolo\/#primaryimage\"},\"thumbnailUrl\":\"https:\/\/progettotouring.it\/radiotouring104\/wp-content\/uploads\/sites\/6\/2023\/04\/Miss-Mondo-Calabria.jpg\",\"datePublished\":\"2023-04-11T10:22:27+00:00\",\"description\":\"Si terr\u00e0 Caposperone resort la selezione ufficiale di Miss Mondo per la Regione Calabria che far\u00e0 tappa 15 aprile dalle 18\",\"breadcrumb\":{\"@id\":\"https:\/\/progettotouring.it\/radiotouring104\/2023\/04\/11\/miss-mondo-si-scaldano-i-motori-con-moda-musica-e-spettacolo\/#breadcrumb\"},\"inLanguage\":\"it-IT\",\"potentialAction\":[{\"@type\":\"ReadAction\",\"target\":[\"https:\/\/progettotouring.it\/radiotouring104\/2023\/04\/11\/miss-mondo-si-scaldano-i-motori-con-moda-musica-e-spettacolo\/\"]}]},{\"@type\":\"ImageObject\",\"inLanguage\":\"it-IT\",\"@id\":\"https:\/\/progettotouring.it\/radiotouring104\/2023\/04\/11\/miss-mondo-si-scaldano-i-motori-con-moda-musica-e-spettacolo\/#primaryimage\",\"url\":\"https:\/\/progettotouring.it\/radiotouring104\/wp-content\/uploads\/sites\/6\/2023\/04\/Miss-Mondo-Calabria.jpg\",\"contentUrl\":\"https:\/\/progettotouring.it\/radiotouring104\/wp-content\/uploads\/sites\/6\/2023\/04\/Miss-Mondo-Calabria.jpg\",\"width\":800,\"height\":800},{\"@type\":\"BreadcrumbList\",\"@id\":\"https:\/\/progettotouring.it\/radiotouring104\/2023\/04\/11\/miss-mondo-si-scaldano-i-motori-con-moda-musica-e-spettacolo\/#breadcrumb\",\"itemListElement\":[{\"@type\":\"ListItem\",\"position\":1,\"name\":\"Home\",\"item\":\"https:\/\/progettotouring.it\/radiotouring104\/\"},{\"@type\":\"ListItem\",\"position\":2,\"name\":\"&#8220;Miss Mondo&#8221;: si scaldano i motori con moda, musica e spettacolo\"}]},{\"@type\":\"WebSite\",\"@id\":\"https:\/\/progettotouring.it\/radiotouring104\/#website\",\"url\":\"https:\/\/progettotouring.it\/radiotouring104\/\",\"name\":\"Radio Touring 104\",\"description\":\"La prima radio Reggina\",\"publisher\":{\"@id\":\"https:\/\/progettotouring.it\/radiotouring104\/#organization\"},\"potentialAction\":[{\"@type\":\"SearchAction\",\"target\":{\"@type\":\"EntryPoint\",\"urlTemplate\":\"https:\/\/progettotouring.it\/radiotouring104\/?s={search_term_string}\"},\"query-input\":{\"@type\":\"PropertyValueSpecification\",\"valueRequired\":true,\"valueName\":\"search_term_string\"}}],\"inLanguage\":\"it-IT\"},{\"@type\":\"Organization\",\"@id\":\"https:\/\/progettotouring.it\/radiotouring104\/#organization\",\"name\":\"Radio Touring 104\",\"url\":\"https:\/\/progettotouring.it\/radiotouring104\/\",\"logo\":{\"@type\":\"ImageObject\",\"inLanguage\":\"it-IT\",\"@id\":\"https:\/\/progettotouring.it\/radiotouring104\/#\/schema\/logo\/image\/\",\"url\":\"https:\/\/progettotouring.it\/radiotouring104\/wp-content\/uploads\/sites\/6\/2022\/02\/cropped-logo-radio-touring-104.png\",\"contentUrl\":\"https:\/\/progettotouring.it\/radiotouring104\/wp-content\/uploads\/sites\/6\/2022\/02\/cropped-logo-radio-touring-104.png\",\"width\":377,\"height\":182,\"caption\":\"Radio Touring 104\"},\"image\":{\"@id\":\"https:\/\/progettotouring.it\/radiotouring104\/#\/schema\/logo\/image\/\"}},{\"@type\":\"Person\",\"@id\":\"https:\/\/progettotouring.it\/radiotouring104\/#\/schema\/person\/78613917f1851f041f7483f5af1d422e\",\"name\":\"Sebastiano Plutino\",\"image\":{\"@type\":\"ImageObject\",\"inLanguage\":\"it-IT\",\"@id\":\"https:\/\/secure.gravatar.com\/avatar\/0546ffaa9b79224faf9f2a156b67a529ae861d3287c66c1d8ccfdf909bcba78d?s=96&d=mm&r=g\",\"url\":\"https:\/\/secure.gravatar.com\/avatar\/0546ffaa9b79224faf9f2a156b67a529ae861d3287c66c1d8ccfdf909bcba78d?s=96&d=mm&r=g\",\"contentUrl\":\"https:\/\/secure.gravatar.com\/avatar\/0546ffaa9b79224faf9f2a156b67a529ae861d3287c66c1d8ccfdf909bcba78d?s=96&d=mm&r=g\",\"caption\":\"Sebastiano Plutino\"},\"url\":\"https:\/\/progettotouring.it\/radiotouring104\/author\/sebastiano\/\"}]}<\/script>\n<!-- \/ Yoast SEO plugin. -->","yoast_head_json":{"title":"Miss Mondo\": si scaldano i motori con moda, musica e spettacolo","description":"Si terr\u00e0 Caposperone resort la selezione ufficiale di Miss Mondo per la Regione Calabria che far\u00e0 tappa 15 aprile dalle 18","robots":{"index":"index","follow":"follow","max-snippet":"max-snippet:-1","max-image-preview":"max-image-preview:large","max-video-preview":"max-video-preview:-1"},"canonical":"https:\/\/progettotouring.it\/radiotouring104\/2023\/04\/11\/miss-mondo-si-scaldano-i-motori-con-moda-musica-e-spettacolo\/","og_locale":"it_IT","og_type":"article","og_title":"Miss Mondo\": si scaldano i motori con moda, musica e spettacolo","og_description":"Si terr\u00e0 Caposperone resort la selezione ufficiale di Miss Mondo per la Regione Calabria che far\u00e0 tappa 15 aprile dalle 18","og_url":"https:\/\/progettotouring.it\/radiotouring104\/2023\/04\/11\/miss-mondo-si-scaldano-i-motori-con-moda-musica-e-spettacolo\/","og_site_name":"Radio Touring 104","article_published_time":"2023-04-11T10:22:27+00:00","og_image":[{"width":800,"height":800,"url":"https:\/\/progettotouring.it\/radiotouring104\/wp-content\/uploads\/sites\/6\/2023\/04\/Miss-Mondo-Calabria.jpg","type":"image\/jpeg"}],"author":"Sebastiano Plutino","twitter_card":"summary_large_image","twitter_misc":{"Scritto da":"Sebastiano Plutino","Tempo di lettura stimato":"1 minuto"},"schema":{"@context":"https:\/\/schema.org","@graph":[{"@type":"Article","@id":"https:\/\/progettotouring.it\/radiotouring104\/2023\/04\/11\/miss-mondo-si-scaldano-i-motori-con-moda-musica-e-spettacolo\/#article","isPartOf":{"@id":"https:\/\/progettotouring.it\/radiotouring104\/2023\/04\/11\/miss-mondo-si-scaldano-i-motori-con-moda-musica-e-spettacolo\/"},"author":{"name":"Sebastiano Plutino","@id":"https:\/\/progettotouring.it\/radiotouring104\/#\/schema\/person\/78613917f1851f041f7483f5af1d422e"},"headline":"&#8220;Miss Mondo&#8221;: si scaldano i motori con moda, musica e spettacolo","datePublished":"2023-04-11T10:22:27+00:00","mainEntityOfPage":{"@id":"https:\/\/progettotouring.it\/radiotouring104\/2023\/04\/11\/miss-mondo-si-scaldano-i-motori-con-moda-musica-e-spettacolo\/"},"wordCount":213,"publisher":{"@id":"https:\/\/progettotouring.it\/radiotouring104\/#organization"},"image":{"@id":"https:\/\/progettotouring.it\/radiotouring104\/2023\/04\/11\/miss-mondo-si-scaldano-i-motori-con-moda-musica-e-spettacolo\/#primaryimage"},"thumbnailUrl":"https:\/\/progettotouring.it\/radiotouring104\/wp-content\/uploads\/sites\/6\/2023\/04\/Miss-Mondo-Calabria.jpg","keywords":["Caposperone resort","direttore Giuseppe Di Francia","Miss Mondo Calabria","musical \u201cInCanto - Casa delle Arti\u201d","ndrea Cogliandro Eventi"],"articleSection":["Calabria","Home","News"],"inLanguage":"it-IT"},{"@type":"WebPage","@id":"https:\/\/progettotouring.it\/radiotouring104\/2023\/04\/11\/miss-mondo-si-scaldano-i-motori-con-moda-musica-e-spettacolo\/","url":"https:\/\/progettotouring.it\/radiotouring104\/2023\/04\/11\/miss-mondo-si-scaldano-i-motori-con-moda-musica-e-spettacolo\/","name":"Miss Mondo\": si scaldano i motori con moda, musica e spettacolo","isPartOf":{"@id":"https:\/\/progettotouring.it\/radiotouring104\/#website"},"primaryImageOfPage":{"@id":"https:\/\/progettotouring.it\/radiotouring104\/2023\/04\/11\/miss-mondo-si-scaldano-i-motori-con-moda-musica-e-spettacolo\/#primaryimage"},"image":{"@id":"https:\/\/progettotouring.it\/radiotouring104\/2023\/04\/11\/miss-mondo-si-scaldano-i-motori-con-moda-musica-e-spettacolo\/#primaryimage"},"thumbnailUrl":"https:\/\/progettotouring.it\/radiotouring104\/wp-content\/uploads\/sites\/6\/2023\/04\/Miss-Mondo-Calabria.jpg","datePublished":"2023-04-11T10:22:27+00:00","description":"Si terr\u00e0 Caposperone resort la selezione ufficiale di Miss Mondo per la Regione Calabria che far\u00e0 tappa 15 aprile dalle 18","breadcrumb":{"@id":"https:\/\/progettotouring.it\/radiotouring104\/2023\/04\/11\/miss-mondo-si-scaldano-i-motori-con-moda-musica-e-spettacolo\/#breadcrumb"},"inLanguage":"it-IT","potentialAction":[{"@type":"ReadAction","target":["https:\/\/progettotouring.it\/radiotouring104\/2023\/04\/11\/miss-mondo-si-scaldano-i-motori-con-moda-musica-e-spettacolo\/"]}]},{"@type":"ImageObject","inLanguage":"it-IT","@id":"https:\/\/progettotouring.it\/radiotouring104\/2023\/04\/11\/miss-mondo-si-scaldano-i-motori-con-moda-musica-e-spettacolo\/#primaryimage","url":"https:\/\/progettotouring.it\/radiotouring104\/wp-content\/uploads\/sites\/6\/2023\/04\/Miss-Mondo-Calabria.jpg","contentUrl":"https:\/\/progettotouring.it\/radiotouring104\/wp-content\/uploads\/sites\/6\/2023\/04\/Miss-Mondo-Calabria.jpg","width":800,"height":800},{"@type":"BreadcrumbList","@id":"https:\/\/progettotouring.it\/radiotouring104\/2023\/04\/11\/miss-mondo-si-scaldano-i-motori-con-moda-musica-e-spettacolo\/#breadcrumb","itemListElement":[{"@type":"ListItem","position":1,"name":"Home","item":"https:\/\/progettotouring.it\/radiotouring104\/"},{"@type":"ListItem","position":2,"name":"&#8220;Miss Mondo&#8221;: si scaldano i motori con moda, musica e spettacolo"}]},{"@type":"WebSite","@id":"https:\/\/progettotouring.it\/radiotouring104\/#website","url":"https:\/\/progettotouring.it\/radiotouring104\/","name":"Radio Touring 104","description":"La prima radio Reggina","publisher":{"@id":"https:\/\/progettotouring.it\/radiotouring104\/#organization"},"potentialAction":[{"@type":"SearchAction","target":{"@type":"EntryPoint","urlTemplate":"https:\/\/progettotouring.it\/radiotouring104\/?s={search_term_string}"},"query-input":{"@type":"PropertyValueSpecification","valueRequired":true,"valueName":"search_term_string"}}],"inLanguage":"it-IT"},{"@type":"Organization","@id":"https:\/\/progettotouring.it\/radiotouring104\/#organization","name":"Radio Touring 104","url":"https:\/\/progettotouring.it\/radiotouring104\/","logo":{"@type":"ImageObject","inLanguage":"it-IT","@id":"https:\/\/progettotouring.it\/radiotouring104\/#\/schema\/logo\/image\/","url":"https:\/\/progettotouring.it\/radiotouring104\/wp-content\/uploads\/sites\/6\/2022\/02\/cropped-logo-radio-touring-104.png","contentUrl":"https:\/\/progettotouring.it\/radiotouring104\/wp-content\/uploads\/sites\/6\/2022\/02\/cropped-logo-radio-touring-104.png","width":377,"height":182,"caption":"Radio Touring 104"},"image":{"@id":"https:\/\/progettotouring.it\/radiotouring104\/#\/schema\/logo\/image\/"}},{"@type":"Person","@id":"https:\/\/progettotouring.it\/radiotouring104\/#\/schema\/person\/78613917f1851f041f7483f5af1d422e","name":"Sebastiano Plutino","image":{"@type":"ImageObject","inLanguage":"it-IT","@id":"https:\/\/secure.gravatar.com\/avatar\/0546ffaa9b79224faf9f2a156b67a529ae861d3287c66c1d8ccfdf909bcba78d?s=96&d=mm&r=g","url":"https:\/\/secure.gravatar.com\/avatar\/0546ffaa9b79224faf9f2a156b67a529ae861d3287c66c1d8ccfdf909bcba78d?s=96&d=mm&r=g","contentUrl":"https:\/\/secure.gravatar.com\/avatar\/0546ffaa9b79224faf9f2a156b67a529ae861d3287c66c1d8ccfdf909bcba78d?s=96&d=mm&r=g","caption":"Sebastiano Plutino"},"url":"https:\/\/progettotouring.it\/radiotouring104\/author\/sebastiano\/"}]}},"jetpack_publicize_connections":[],"jetpack_featured_media_url":"https:\/\/progettotouring.it\/radiotouring104\/wp-content\/uploads\/sites\/6\/2023\/04\/Miss-Mondo-Calabria.jpg","jetpack_sharing_enabled":true,"_links":{"self":[{"href":"https:\/\/progettotouring.it\/radiotouring104\/wp-json\/wp\/v2\/posts\/22891","targetHints":{"allow":["GET"]}}],"collection":[{"href":"https:\/\/progettotouring.it\/radiotouring104\/wp-json\/wp\/v2\/posts"}],"about":[{"href":"https:\/\/progettotouring.it\/radiotouring104\/wp-json\/wp\/v2\/types\/post"}],"author":[{"embeddable":true,"href":"https:\/\/progettotouring.it\/radiotouring104\/wp-json\/wp\/v2\/users\/12"}],"replies":[{"embeddable":true,"href":"https:\/\/progettotouring.it\/radiotouring104\/wp-json\/wp\/v2\/comments?post=22891"}],"version-history":[{"count":1,"href":"https:\/\/progettotouring.it\/radiotouring104\/wp-json\/wp\/v2\/posts\/22891\/revisions"}],"predecessor-version":[{"id":22893,"href":"https:\/\/progettotouring.it\/radiotouring104\/wp-json\/wp\/v2\/posts\/22891\/revisions\/22893"}],"wp:featuredmedia":[{"embeddable":true,"href":"https:\/\/progettotouring.it\/radiotouring104\/wp-json\/wp\/v2\/media\/22892"}],"wp:attachment":[{"href":"https:\/\/progettotouring.it\/radiotouring104\/wp-json\/wp\/v2\/media?parent=22891"}],"wp:term":[{"taxonomy":"category","embeddable":true,"href":"https:\/\/progettotouring.it\/radiotouring104\/wp-json\/wp\/v2\/categories?post=22891"},{"taxonomy":"post_tag","embeddable":true,"href":"https:\/\/progettotouring.it\/radiotouring104\/wp-json\/wp\/v2\/tags?post=22891"}],"curies":[{"name":"wp","href":"https:\/\/api.w.org\/{rel}","templated":true}]}}