{"id":22898,"date":"2023-04-11T12:57:23","date_gmt":"2023-04-11T10:57:23","guid":{"rendered":"https:\/\/progettotouring.it\/radiotouring104\/?p=22898"},"modified":"2023-04-11T19:01:58","modified_gmt":"2023-04-11T17:01:58","slug":"la-presidente-del-kosovo-e-in-visita-in-calabria","status":"publish","type":"post","link":"https:\/\/progettotouring.it\/radiotouring104\/2023\/04\/11\/la-presidente-del-kosovo-e-in-visita-in-calabria\/","title":{"rendered":"La Presidente del Kosovo in visita in Calabria"},"content":{"rendered":"<p>&#8220;Sono qui in mezzo ai miei fratelli e sorelle e porto i saluti affettuosi del mio popolo. Gli arb\u00ebresh sono una colonna dell&#8217;identit\u00e0 di tutto il nostro popolo e hanno giocato un ruolo importantissimo nel mantenimento della nostra cultura e della lingua&#8221;. Lo dichiara la presidente della Repubblica del Kosovo, Viosa Osmani Sadriu, in visita nella nostra Regione, a Frascineto, dove sta prendendo parte ad una serie di eventi programmati dall&#8217;amministrazione comunale che si concluderanno con la cerimonia di intitolazione di &#8220;Piazza Kosovo\/Sheshi i Kosov\u00eb&#8221;. Successivamente, nel pomeriggio, la Presidente del Paese balcanico parteciper\u00e0 alla tradizionale cerimonia della Vallje e Martja e Pashk\u00ebvet (Marted\u00ec di Pasqua), la celebre ridda che \u00e8 l&#8217;unica danza giunta fino ai giorni nostri e che appartiene al patrimonio coreografico albanese. La visita si concluder\u00e0 a Civita, altro comune arbereshe della provincia di Cosenza. &#8220;Abbiamo scelto questa data importante per essere qui &#8211; ha poi aggiunto la presidente Viosa Osmani-Sadriu &#8211; perch\u00e9 \u00e8 fondamentale festeggiare, ma anche mantenere e promuovere la nostra cultura. Le istituzioni del Kosovo hanno intenzione di tenere saldi i rapporti con tutte le istituzioni delle comunit\u00e0 arb\u00ebresh per proseguire nella tutela e diffusione dei nostri riti e della nostra identit\u00e0 culturale. Sono qui anche per avviare nuovi rapporti imprenditoriali tra i nostri paesi e abbiamo intensione di sviluppare protocolli economici per favorire gli scambi commerciali&#8221;. (ANSA).<\/p>\n","protected":false},"excerpt":{"rendered":"<p>&#8220;Sono qui in mezzo ai miei fratelli e sorelle e porto i saluti affettuosi del mio popolo. Gli arb\u00ebresh sono una colonna dell&#8217;identit\u00e0 di tutto il nostro popolo e hanno&hellip;<\/p>\n","protected":false},"author":12,"featured_media":22902,"comment_status":"closed","ping_status":"open","sticky":false,"template":"","format":"standard","meta":{"_jetpack_memberships_contains_paid_content":false,"footnotes":"","jetpack_publicize_message":"","jetpack_publicize_feature_enabled":true,"jetpack_social_post_already_shared":false,"jetpack_social_options":{"image_generator_settings":{"template":"highway","default_image_id":0,"font":"","enabled":false},"version":2}},"categories":[142,921,196],"tags":[12917,12916,354,12918,12915,12913,12914],"class_list":["post-22898","post","type-post","status-publish","format-standard","has-post-thumbnail","hentry","category-calabria","category-home","category-news","tag-cerimonia-della-vallje-e-martja-e-pashkevet","tag-cerimonia-di-intitolazione-di-piazza-kosovo-sheshi-i-kosove","tag-cosenza","tag-frascineto","tag-presidente-del-kosovo-in-visita-in-calabria","tag-presidente-della-repubblica-del-kosovo","tag-viosa-osmani-sadriu"],"yoast_head":"<!-- This site is optimized with the Yoast SEO plugin v27.2 - https:\/\/yoast.com\/product\/yoast-seo-wordpress\/ -->\n<title>La Presidente del Kosovo \u00e8 in visita in Calabria<\/title>\n<meta name=\"description\" content=\"La presidente del Kosovo, Sadriu, in visita a Frascineto, dove sta prendendo parte ad eventi programmati dall&#039;amministrazione comunale\" \/>\n<meta name=\"robots\" content=\"index, follow, max-snippet:-1, max-image-preview:large, max-video-preview:-1\" \/>\n<link rel=\"canonical\" href=\"https:\/\/progettotouring.it\/radiotouring104\/2023\/04\/11\/la-presidente-del-kosovo-e-in-visita-in-calabria\/\" \/>\n<meta property=\"og:locale\" content=\"it_IT\" \/>\n<meta property=\"og:type\" content=\"article\" \/>\n<meta property=\"og:title\" content=\"La Presidente del Kosovo \u00e8 in visita in Calabria\" \/>\n<meta property=\"og:description\" content=\"La presidente del Kosovo, Sadriu, in visita a Frascineto, dove sta prendendo parte ad eventi programmati dall&#039;amministrazione comunale\" \/>\n<meta property=\"og:url\" content=\"https:\/\/progettotouring.it\/radiotouring104\/2023\/04\/11\/la-presidente-del-kosovo-e-in-visita-in-calabria\/\" \/>\n<meta property=\"og:site_name\" content=\"Radio Touring 104\" \/>\n<meta property=\"article:published_time\" content=\"2023-04-11T10:57:23+00:00\" \/>\n<meta property=\"article:modified_time\" content=\"2023-04-11T17:01:58+00:00\" \/>\n<meta property=\"og:image\" content=\"https:\/\/progettotouring.it\/radiotouring104\/wp-content\/uploads\/sites\/6\/2023\/04\/Presidente-Kosovo.jpg\" \/>\n\t<meta property=\"og:image:width\" content=\"1186\" \/>\n\t<meta property=\"og:image:height\" content=\"1186\" \/>\n\t<meta property=\"og:image:type\" content=\"image\/jpeg\" \/>\n<meta name=\"author\" content=\"Sebastiano Plutino\" \/>\n<meta name=\"twitter:card\" content=\"summary_large_image\" \/>\n<meta name=\"twitter:label1\" content=\"Scritto da\" \/>\n\t<meta name=\"twitter:data1\" content=\"Sebastiano Plutino\" \/>\n\t<meta name=\"twitter:label2\" content=\"Tempo di lettura stimato\" \/>\n\t<meta name=\"twitter:data2\" content=\"1 minuto\" \/>\n<script type=\"application\/ld+json\" class=\"yoast-schema-graph\">{\"@context\":\"https:\/\/schema.org\",\"@graph\":[{\"@type\":\"Article\",\"@id\":\"https:\/\/progettotouring.it\/radiotouring104\/2023\/04\/11\/la-presidente-del-kosovo-e-in-visita-in-calabria\/#article\",\"isPartOf\":{\"@id\":\"https:\/\/progettotouring.it\/radiotouring104\/2023\/04\/11\/la-presidente-del-kosovo-e-in-visita-in-calabria\/\"},\"author\":{\"name\":\"Sebastiano Plutino\",\"@id\":\"https:\/\/progettotouring.it\/radiotouring104\/#\/schema\/person\/78613917f1851f041f7483f5af1d422e\"},\"headline\":\"La Presidente del Kosovo in visita in Calabria\",\"datePublished\":\"2023-04-11T10:57:23+00:00\",\"dateModified\":\"2023-04-11T17:01:58+00:00\",\"mainEntityOfPage\":{\"@id\":\"https:\/\/progettotouring.it\/radiotouring104\/2023\/04\/11\/la-presidente-del-kosovo-e-in-visita-in-calabria\/\"},\"wordCount\":234,\"publisher\":{\"@id\":\"https:\/\/progettotouring.it\/radiotouring104\/#organization\"},\"image\":{\"@id\":\"https:\/\/progettotouring.it\/radiotouring104\/2023\/04\/11\/la-presidente-del-kosovo-e-in-visita-in-calabria\/#primaryimage\"},\"thumbnailUrl\":\"https:\/\/progettotouring.it\/radiotouring104\/wp-content\/uploads\/sites\/6\/2023\/04\/Presidente-Kosovo.jpg\",\"keywords\":[\"cerimonia della Vallje e Martja e Pashk\u00ebvet\",\"cerimonia di intitolazione di \\\"Piazza Kosovo\/Sheshi i Kosov\u00eb\\\"\",\"Cosenza\",\"Frascineto\",\"Presidente del Kosovo in visita in Calabria\",\"presidente della Repubblica del Kosovo\",\"Viosa Osmani Sadriu\"],\"articleSection\":[\"Calabria\",\"Home\",\"News\"],\"inLanguage\":\"it-IT\"},{\"@type\":\"WebPage\",\"@id\":\"https:\/\/progettotouring.it\/radiotouring104\/2023\/04\/11\/la-presidente-del-kosovo-e-in-visita-in-calabria\/\",\"url\":\"https:\/\/progettotouring.it\/radiotouring104\/2023\/04\/11\/la-presidente-del-kosovo-e-in-visita-in-calabria\/\",\"name\":\"La Presidente del Kosovo \u00e8 in visita in Calabria\",\"isPartOf\":{\"@id\":\"https:\/\/progettotouring.it\/radiotouring104\/#website\"},\"primaryImageOfPage\":{\"@id\":\"https:\/\/progettotouring.it\/radiotouring104\/2023\/04\/11\/la-presidente-del-kosovo-e-in-visita-in-calabria\/#primaryimage\"},\"image\":{\"@id\":\"https:\/\/progettotouring.it\/radiotouring104\/2023\/04\/11\/la-presidente-del-kosovo-e-in-visita-in-calabria\/#primaryimage\"},\"thumbnailUrl\":\"https:\/\/progettotouring.it\/radiotouring104\/wp-content\/uploads\/sites\/6\/2023\/04\/Presidente-Kosovo.jpg\",\"datePublished\":\"2023-04-11T10:57:23+00:00\",\"dateModified\":\"2023-04-11T17:01:58+00:00\",\"description\":\"La presidente del Kosovo, Sadriu, in visita a Frascineto, dove sta prendendo parte ad eventi programmati dall'amministrazione comunale\",\"breadcrumb\":{\"@id\":\"https:\/\/progettotouring.it\/radiotouring104\/2023\/04\/11\/la-presidente-del-kosovo-e-in-visita-in-calabria\/#breadcrumb\"},\"inLanguage\":\"it-IT\",\"potentialAction\":[{\"@type\":\"ReadAction\",\"target\":[\"https:\/\/progettotouring.it\/radiotouring104\/2023\/04\/11\/la-presidente-del-kosovo-e-in-visita-in-calabria\/\"]}]},{\"@type\":\"ImageObject\",\"inLanguage\":\"it-IT\",\"@id\":\"https:\/\/progettotouring.it\/radiotouring104\/2023\/04\/11\/la-presidente-del-kosovo-e-in-visita-in-calabria\/#primaryimage\",\"url\":\"https:\/\/progettotouring.it\/radiotouring104\/wp-content\/uploads\/sites\/6\/2023\/04\/Presidente-Kosovo.jpg\",\"contentUrl\":\"https:\/\/progettotouring.it\/radiotouring104\/wp-content\/uploads\/sites\/6\/2023\/04\/Presidente-Kosovo.jpg\",\"width\":1186,\"height\":1186},{\"@type\":\"BreadcrumbList\",\"@id\":\"https:\/\/progettotouring.it\/radiotouring104\/2023\/04\/11\/la-presidente-del-kosovo-e-in-visita-in-calabria\/#breadcrumb\",\"itemListElement\":[{\"@type\":\"ListItem\",\"position\":1,\"name\":\"Home\",\"item\":\"https:\/\/progettotouring.it\/radiotouring104\/\"},{\"@type\":\"ListItem\",\"position\":2,\"name\":\"La Presidente del Kosovo in visita in Calabria\"}]},{\"@type\":\"WebSite\",\"@id\":\"https:\/\/progettotouring.it\/radiotouring104\/#website\",\"url\":\"https:\/\/progettotouring.it\/radiotouring104\/\",\"name\":\"Radio Touring 104\",\"description\":\"La prima radio Reggina\",\"publisher\":{\"@id\":\"https:\/\/progettotouring.it\/radiotouring104\/#organization\"},\"potentialAction\":[{\"@type\":\"SearchAction\",\"target\":{\"@type\":\"EntryPoint\",\"urlTemplate\":\"https:\/\/progettotouring.it\/radiotouring104\/?s={search_term_string}\"},\"query-input\":{\"@type\":\"PropertyValueSpecification\",\"valueRequired\":true,\"valueName\":\"search_term_string\"}}],\"inLanguage\":\"it-IT\"},{\"@type\":\"Organization\",\"@id\":\"https:\/\/progettotouring.it\/radiotouring104\/#organization\",\"name\":\"Radio Touring 104\",\"url\":\"https:\/\/progettotouring.it\/radiotouring104\/\",\"logo\":{\"@type\":\"ImageObject\",\"inLanguage\":\"it-IT\",\"@id\":\"https:\/\/progettotouring.it\/radiotouring104\/#\/schema\/logo\/image\/\",\"url\":\"https:\/\/progettotouring.it\/radiotouring104\/wp-content\/uploads\/sites\/6\/2022\/02\/cropped-logo-radio-touring-104.png\",\"contentUrl\":\"https:\/\/progettotouring.it\/radiotouring104\/wp-content\/uploads\/sites\/6\/2022\/02\/cropped-logo-radio-touring-104.png\",\"width\":377,\"height\":182,\"caption\":\"Radio Touring 104\"},\"image\":{\"@id\":\"https:\/\/progettotouring.it\/radiotouring104\/#\/schema\/logo\/image\/\"}},{\"@type\":\"Person\",\"@id\":\"https:\/\/progettotouring.it\/radiotouring104\/#\/schema\/person\/78613917f1851f041f7483f5af1d422e\",\"name\":\"Sebastiano Plutino\",\"image\":{\"@type\":\"ImageObject\",\"inLanguage\":\"it-IT\",\"@id\":\"https:\/\/secure.gravatar.com\/avatar\/0546ffaa9b79224faf9f2a156b67a529ae861d3287c66c1d8ccfdf909bcba78d?s=96&d=mm&r=g\",\"url\":\"https:\/\/secure.gravatar.com\/avatar\/0546ffaa9b79224faf9f2a156b67a529ae861d3287c66c1d8ccfdf909bcba78d?s=96&d=mm&r=g\",\"contentUrl\":\"https:\/\/secure.gravatar.com\/avatar\/0546ffaa9b79224faf9f2a156b67a529ae861d3287c66c1d8ccfdf909bcba78d?s=96&d=mm&r=g\",\"caption\":\"Sebastiano Plutino\"},\"url\":\"https:\/\/progettotouring.it\/radiotouring104\/author\/sebastiano\/\"}]}<\/script>\n<!-- \/ Yoast SEO plugin. -->","yoast_head_json":{"title":"La Presidente del Kosovo \u00e8 in visita in Calabria","description":"La presidente del Kosovo, Sadriu, in visita a Frascineto, dove sta prendendo parte ad eventi programmati dall'amministrazione comunale","robots":{"index":"index","follow":"follow","max-snippet":"max-snippet:-1","max-image-preview":"max-image-preview:large","max-video-preview":"max-video-preview:-1"},"canonical":"https:\/\/progettotouring.it\/radiotouring104\/2023\/04\/11\/la-presidente-del-kosovo-e-in-visita-in-calabria\/","og_locale":"it_IT","og_type":"article","og_title":"La Presidente del Kosovo \u00e8 in visita in Calabria","og_description":"La presidente del Kosovo, Sadriu, in visita a Frascineto, dove sta prendendo parte ad eventi programmati dall'amministrazione comunale","og_url":"https:\/\/progettotouring.it\/radiotouring104\/2023\/04\/11\/la-presidente-del-kosovo-e-in-visita-in-calabria\/","og_site_name":"Radio Touring 104","article_published_time":"2023-04-11T10:57:23+00:00","article_modified_time":"2023-04-11T17:01:58+00:00","og_image":[{"width":1186,"height":1186,"url":"https:\/\/progettotouring.it\/radiotouring104\/wp-content\/uploads\/sites\/6\/2023\/04\/Presidente-Kosovo.jpg","type":"image\/jpeg"}],"author":"Sebastiano Plutino","twitter_card":"summary_large_image","twitter_misc":{"Scritto da":"Sebastiano Plutino","Tempo di lettura stimato":"1 minuto"},"schema":{"@context":"https:\/\/schema.org","@graph":[{"@type":"Article","@id":"https:\/\/progettotouring.it\/radiotouring104\/2023\/04\/11\/la-presidente-del-kosovo-e-in-visita-in-calabria\/#article","isPartOf":{"@id":"https:\/\/progettotouring.it\/radiotouring104\/2023\/04\/11\/la-presidente-del-kosovo-e-in-visita-in-calabria\/"},"author":{"name":"Sebastiano Plutino","@id":"https:\/\/progettotouring.it\/radiotouring104\/#\/schema\/person\/78613917f1851f041f7483f5af1d422e"},"headline":"La Presidente del Kosovo in visita in Calabria","datePublished":"2023-04-11T10:57:23+00:00","dateModified":"2023-04-11T17:01:58+00:00","mainEntityOfPage":{"@id":"https:\/\/progettotouring.it\/radiotouring104\/2023\/04\/11\/la-presidente-del-kosovo-e-in-visita-in-calabria\/"},"wordCount":234,"publisher":{"@id":"https:\/\/progettotouring.it\/radiotouring104\/#organization"},"image":{"@id":"https:\/\/progettotouring.it\/radiotouring104\/2023\/04\/11\/la-presidente-del-kosovo-e-in-visita-in-calabria\/#primaryimage"},"thumbnailUrl":"https:\/\/progettotouring.it\/radiotouring104\/wp-content\/uploads\/sites\/6\/2023\/04\/Presidente-Kosovo.jpg","keywords":["cerimonia della Vallje e Martja e Pashk\u00ebvet","cerimonia di intitolazione di \"Piazza Kosovo\/Sheshi i Kosov\u00eb\"","Cosenza","Frascineto","Presidente del Kosovo in visita in Calabria","presidente della Repubblica del Kosovo","Viosa Osmani Sadriu"],"articleSection":["Calabria","Home","News"],"inLanguage":"it-IT"},{"@type":"WebPage","@id":"https:\/\/progettotouring.it\/radiotouring104\/2023\/04\/11\/la-presidente-del-kosovo-e-in-visita-in-calabria\/","url":"https:\/\/progettotouring.it\/radiotouring104\/2023\/04\/11\/la-presidente-del-kosovo-e-in-visita-in-calabria\/","name":"La Presidente del Kosovo \u00e8 in visita in Calabria","isPartOf":{"@id":"https:\/\/progettotouring.it\/radiotouring104\/#website"},"primaryImageOfPage":{"@id":"https:\/\/progettotouring.it\/radiotouring104\/2023\/04\/11\/la-presidente-del-kosovo-e-in-visita-in-calabria\/#primaryimage"},"image":{"@id":"https:\/\/progettotouring.it\/radiotouring104\/2023\/04\/11\/la-presidente-del-kosovo-e-in-visita-in-calabria\/#primaryimage"},"thumbnailUrl":"https:\/\/progettotouring.it\/radiotouring104\/wp-content\/uploads\/sites\/6\/2023\/04\/Presidente-Kosovo.jpg","datePublished":"2023-04-11T10:57:23+00:00","dateModified":"2023-04-11T17:01:58+00:00","description":"La presidente del Kosovo, Sadriu, in visita a Frascineto, dove sta prendendo parte ad eventi programmati dall'amministrazione comunale","breadcrumb":{"@id":"https:\/\/progettotouring.it\/radiotouring104\/2023\/04\/11\/la-presidente-del-kosovo-e-in-visita-in-calabria\/#breadcrumb"},"inLanguage":"it-IT","potentialAction":[{"@type":"ReadAction","target":["https:\/\/progettotouring.it\/radiotouring104\/2023\/04\/11\/la-presidente-del-kosovo-e-in-visita-in-calabria\/"]}]},{"@type":"ImageObject","inLanguage":"it-IT","@id":"https:\/\/progettotouring.it\/radiotouring104\/2023\/04\/11\/la-presidente-del-kosovo-e-in-visita-in-calabria\/#primaryimage","url":"https:\/\/progettotouring.it\/radiotouring104\/wp-content\/uploads\/sites\/6\/2023\/04\/Presidente-Kosovo.jpg","contentUrl":"https:\/\/progettotouring.it\/radiotouring104\/wp-content\/uploads\/sites\/6\/2023\/04\/Presidente-Kosovo.jpg","width":1186,"height":1186},{"@type":"BreadcrumbList","@id":"https:\/\/progettotouring.it\/radiotouring104\/2023\/04\/11\/la-presidente-del-kosovo-e-in-visita-in-calabria\/#breadcrumb","itemListElement":[{"@type":"ListItem","position":1,"name":"Home","item":"https:\/\/progettotouring.it\/radiotouring104\/"},{"@type":"ListItem","position":2,"name":"La Presidente del Kosovo in visita in Calabria"}]},{"@type":"WebSite","@id":"https:\/\/progettotouring.it\/radiotouring104\/#website","url":"https:\/\/progettotouring.it\/radiotouring104\/","name":"Radio Touring 104","description":"La prima radio Reggina","publisher":{"@id":"https:\/\/progettotouring.it\/radiotouring104\/#organization"},"potentialAction":[{"@type":"SearchAction","target":{"@type":"EntryPoint","urlTemplate":"https:\/\/progettotouring.it\/radiotouring104\/?s={search_term_string}"},"query-input":{"@type":"PropertyValueSpecification","valueRequired":true,"valueName":"search_term_string"}}],"inLanguage":"it-IT"},{"@type":"Organization","@id":"https:\/\/progettotouring.it\/radiotouring104\/#organization","name":"Radio Touring 104","url":"https:\/\/progettotouring.it\/radiotouring104\/","logo":{"@type":"ImageObject","inLanguage":"it-IT","@id":"https:\/\/progettotouring.it\/radiotouring104\/#\/schema\/logo\/image\/","url":"https:\/\/progettotouring.it\/radiotouring104\/wp-content\/uploads\/sites\/6\/2022\/02\/cropped-logo-radio-touring-104.png","contentUrl":"https:\/\/progettotouring.it\/radiotouring104\/wp-content\/uploads\/sites\/6\/2022\/02\/cropped-logo-radio-touring-104.png","width":377,"height":182,"caption":"Radio Touring 104"},"image":{"@id":"https:\/\/progettotouring.it\/radiotouring104\/#\/schema\/logo\/image\/"}},{"@type":"Person","@id":"https:\/\/progettotouring.it\/radiotouring104\/#\/schema\/person\/78613917f1851f041f7483f5af1d422e","name":"Sebastiano Plutino","image":{"@type":"ImageObject","inLanguage":"it-IT","@id":"https:\/\/secure.gravatar.com\/avatar\/0546ffaa9b79224faf9f2a156b67a529ae861d3287c66c1d8ccfdf909bcba78d?s=96&d=mm&r=g","url":"https:\/\/secure.gravatar.com\/avatar\/0546ffaa9b79224faf9f2a156b67a529ae861d3287c66c1d8ccfdf909bcba78d?s=96&d=mm&r=g","contentUrl":"https:\/\/secure.gravatar.com\/avatar\/0546ffaa9b79224faf9f2a156b67a529ae861d3287c66c1d8ccfdf909bcba78d?s=96&d=mm&r=g","caption":"Sebastiano Plutino"},"url":"https:\/\/progettotouring.it\/radiotouring104\/author\/sebastiano\/"}]}},"jetpack_publicize_connections":[],"jetpack_featured_media_url":"https:\/\/progettotouring.it\/radiotouring104\/wp-content\/uploads\/sites\/6\/2023\/04\/Presidente-Kosovo.jpg","jetpack_sharing_enabled":true,"_links":{"self":[{"href":"https:\/\/progettotouring.it\/radiotouring104\/wp-json\/wp\/v2\/posts\/22898","targetHints":{"allow":["GET"]}}],"collection":[{"href":"https:\/\/progettotouring.it\/radiotouring104\/wp-json\/wp\/v2\/posts"}],"about":[{"href":"https:\/\/progettotouring.it\/radiotouring104\/wp-json\/wp\/v2\/types\/post"}],"author":[{"embeddable":true,"href":"https:\/\/progettotouring.it\/radiotouring104\/wp-json\/wp\/v2\/users\/12"}],"replies":[{"embeddable":true,"href":"https:\/\/progettotouring.it\/radiotouring104\/wp-json\/wp\/v2\/comments?post=22898"}],"version-history":[{"count":2,"href":"https:\/\/progettotouring.it\/radiotouring104\/wp-json\/wp\/v2\/posts\/22898\/revisions"}],"predecessor-version":[{"id":22904,"href":"https:\/\/progettotouring.it\/radiotouring104\/wp-json\/wp\/v2\/posts\/22898\/revisions\/22904"}],"wp:featuredmedia":[{"embeddable":true,"href":"https:\/\/progettotouring.it\/radiotouring104\/wp-json\/wp\/v2\/media\/22902"}],"wp:attachment":[{"href":"https:\/\/progettotouring.it\/radiotouring104\/wp-json\/wp\/v2\/media?parent=22898"}],"wp:term":[{"taxonomy":"category","embeddable":true,"href":"https:\/\/progettotouring.it\/radiotouring104\/wp-json\/wp\/v2\/categories?post=22898"},{"taxonomy":"post_tag","embeddable":true,"href":"https:\/\/progettotouring.it\/radiotouring104\/wp-json\/wp\/v2\/tags?post=22898"}],"curies":[{"name":"wp","href":"https:\/\/api.w.org\/{rel}","templated":true}]}}