{"id":22908,"date":"2023-04-11T20:39:08","date_gmt":"2023-04-11T18:39:08","guid":{"rendered":"https:\/\/progettotouring.it\/radiotouring104\/?p=22908"},"modified":"2023-04-11T20:39:08","modified_gmt":"2023-04-11T18:39:08","slug":"consiglio-regionale-approvati-tutti-i-punti-allordine-del-giorno","status":"publish","type":"post","link":"https:\/\/progettotouring.it\/radiotouring104\/2023\/04\/11\/consiglio-regionale-approvati-tutti-i-punti-allordine-del-giorno\/","title":{"rendered":"Consiglio Regionale: approvati tutti i punti all&#8217;ordine del giorno"},"content":{"rendered":"<p style=\"text-align: justify;\">Si \u00e8 tenuta questo pomeriggio a palazzo Campanella, a Reggio Calabria, una nuova seduta del Consiglio regionale. Quattro i punti all&#8217;ordine del giorno: la proposta di provvedimento amministrativo, di iniziativa della Giunta, recante: &#8220;<strong>Presa d&#8217;atto della conclusione del negoziato per l&#8217;approvazione del Programma Regionale Calabria FESR &#8211; FSE+ 2021-2027<\/strong> &#8211; <strong>Decisione della Commissione C (2022) 8027 final del 3.11.2022. Istituzione del Comitato di Sorveglianza 2021-2027 e ulteriori adempimenti<\/strong>&#8220;; la proposta di legge di iniziativa dei consiglieri Pietro Raso (Lega) e Antonio Montuoro (FdI) recante: <strong>&#8220;Istituzione della Riserva Naturale Regionale del Vergari<\/strong>&#8220;; la proposta di legge di iniziativa dei consiglieri Gianluca Gallo e Katya Gentile (Fi), Francesco Afflitto (M5S) e Pietro Molinaro (Lega) recante: &#8220;<strong>Disciplina delle attivit\u00e0 di coltivazione, raccolta, prima trasformazione, trasformazione e commercializzazione delle piante officinali<\/strong>&#8220;; e la proposta di legge d&#8217;iniziativa del consigliere Michele Comito (Fi), recante: &#8220;<strong>Istituzione del Registro regionale degli informatori scientifici del farmaco e del parafarmaco<\/strong>&#8220;.<\/p>\n<h3>Gli auguri del Presidente Mancuso alla Polizia di Stato<\/h3>\n<p style=\"text-align: justify;\">Prima che si aprisse l&#8217;esame dei provvedimenti all&#8217;ordine del giorno dei lavori, il presidente dell&#8217;Assemblea Filippo Mancuso ha formulato gli <strong>auguri alla Polizia di Stato<\/strong>, in occasione del<strong> 171\u00b0 anniversario di fondazione<\/strong> che si celebrer\u00e0 domani in tutta Italia e, quindi, anche in Calabria. &#8220;<em>Sento il dovere e il piacere di rivolgere, a nome del Consiglio regionale<\/em> &#8211; ha detto Mancuso &#8211; <em>gli auguri alla Polizia di Stato per i suoi 171 anni al servizio del Paese, compiuti il 10 aprile e celebrati il 12 aprile nelle piazze di tutte le province, mentre la celebrazione nazionale si terr\u00e0 a Roma<\/em>&#8220;. &#8220;<em>Un ringraziamento sentito<\/em> &#8211; ha aggiunto il presidente Mancuso &#8211;<em> per l&#8217;importante lavoro che gli uomini e le donne della Polizia di Stato svolgono quotidianamente, a garanzia della sicurezza dei cittadini, e che \u00e8 ben compendiato nel motto &#8216;Esserci sempre<\/em>&#8216;&#8221;.<\/p>\n<h3>Stato di emergenza sulle migrazioni: le parole di Roberto Occhiuto<\/h3>\n<p style=\"text-align: justify;\">In merito alla dichiarazione del Consiglio dei ministri dello stato di emergenza sulle migrazioni, si \u00e8 espresso il Presidente della Regione Calabria Roberto Occhiuto:\u00a0&#8220;<em>Giudico positivamente la dichiarazione da parte del Consiglio dei ministri dello stato di emergenza sulle migrazioni. \u00c8 giusto che il Ministero dell&#8217;Interno e le istituzioni possano avere poteri speciali per affrontare e gestire un fenomeno complesso, destinato a non esaurirsi nel breve periodo e che sta mettendo a dura prova alcune regioni del Sud come la Calabria<\/em>&#8220;. E continua: &#8220;<em>Dopo la tragedia di Steccato di Cutro ho avuto modo di confrontarmi con i ministri competenti, a partire dal titolare dell&#8217;Interno Matteo Piantedosi, in merito alle difficolt\u00e0 oggettive che riscontrano i Comuni calabresi, meta di migliaia di arrivi irregolari. Penso al caso pi\u00f9 eclatante, quello di Roccella Jonica, Comune in prima linea nell&#8217;accoglienza di flussi migratori di enormi dimensioni. Lo stato di emergenza consentir\u00e0 a tutte le strutture dello Stato di velocizzare l&#8217;iter di alcune procedure necessarie per avere a disposizione gli strumenti indispensabili per garantire sempre e in modo strutturale la prima accoglienza per i migranti che arrivano nel nostro Paese, e dunque nella nostra regione. Bene ha fatto il governo Meloni a mettere in campo una misura indispensabile per incidere in processi spesso non gestibili con l&#8217;amministrazione ordinaria. Nel complesso, l&#8217;Italia sta fronteggiando praticamente da sola un&#8217;emergenza gravissima, che nei mesi estivi \u00e8 destinata ad acuirsi<\/em>&#8220;. &#8220;<em>Il mio auspicio<\/em> &#8211; dice ancora il Presidente della Regione Calabria &#8211;<em> \u00e8 che questa volta l&#8217;Europa concorra concretamente ad affrontare le migrazioni in maniera solidale e soprattutto attraverso nuovi ed efficaci mezzi di soccorsi in mare e contestualmente di ricollocamento dei migranti tra i diversi Paesi dell&#8217;Ue<\/em>&#8220;.<\/p>\n<h3><strong>Approvata la &#8220;Strategia di specializzazione intelligente (S3) 2021\/2027&#8221;<\/strong><\/h3>\n<p style=\"text-align: justify;\">Successivamente, il Consiglio regionale ha esaminato la &#8220;<strong>Presa d&#8217;atto della conclusione del negoziato per l&#8217;approvazione del Programma Regionale Calabria FESR &#8211; FSE+ 2021-2027 &#8211; Decisione della Commissione C (2022) 8027 final del 3.11.2022. Istituzione del Comitato di Sorveglianza 2021-2027 e ulteriori adempimenti<\/strong>&#8220;. Un atto con il quale la Regione si dota di una &#8220;<strong>Strategia di specializzazione intelligente (S3) 2021\/2027<\/strong>&#8220;. Nella sua relazione il consigliere Giuseppe Neri (FdI) ha illustrato i punti pi\u00f9 importanti di questa strategia. &#8220;<em>Rispetto alla precedente programmazione l&#8217;afflusso di risorse assegnato alla Regione Calabria<\/em> &#8211; ha detto Neri &#8211; <em>vede un aumento di circa un miliardo di euro per un importo complessivo di 3,17 mld di euro. L&#8217;intera strategia del Programma poggia su cinque obiettivi: una Calabria pi\u00f9 competitiva e intelligente; pi\u00f9 resiliente e sostenibile; pi\u00f9 connessa a livello locale e regionale; con pi\u00f9 opportunit\u00e0: istruzione, competenze e inclusione a favore dei giovani e pi\u00f9 vicina ai cittadini&#8221;<\/em>. Raffaele Mammoliti (Pd) ha definito il provvedimento &#8220;<em>l&#8217;atto pi\u00f9 importante di questa legislatura, e non pu\u00f2 essere licenziato con un&#8217;esigua responsabilit\u00e0 di questa Assemblea<\/em>&#8220;. Da qui la proposta di <em>&#8220;aprire questa nuova stagione e indirizzare un proficuo utilizzo di queste risorse, che sono state elencate, verso tre direttrici, abbastanza nette<\/em> &#8211; ha detto Mammoliti &#8211; <em>e paradigmatiche: capacit\u00e0 progettuale, gestione degli interventi e ricadute concrete<\/em>&#8220;.<\/p>\n<p style=\"text-align: justify;\">Il presidente Mancuso \u00e9 intervenuto per ricordare a Mammoliti che il Por era gi\u00e0 stato approvato. &#8220;<em>Questa<\/em> &#8211; ha specificato Mancuso <em>&#8211; \u00e8 una presa d&#8217;atto della conclusione di un iter<\/em>&#8220;. Antonio Lo Schiavo (Misto), pur prendendo atto dell&#8217;aumento di risorse, ha posto all&#8217;assemblea la questione riguardante la capacit\u00e0 della spesa. &#8220;<em>Chiediamoci<\/em> &#8211; ha detto Lo Schiavo &#8211; q<em>uanto siamo riusciti a spendere nella scorsa programmazione. Qual \u00e8 stata la spesa certificata? E perch\u00e9 questa programmazione dovrebbe essere diversa?<\/em>&#8220;. Il consigliere del Gruppo Misto ha poi invitato a riflettere su quale sar\u00e0 la linea di discrimine tra la programmazione comunitaria e quella legata al Pnrr. &#8220;<em>Tutto questo<\/em> &#8211; ha detto &#8211;<em> \u00e8 avvolto da un alone di mistero<\/em>&#8220;. Davide Tavernise, capogruppo del Movimento 5 stelle, pur dichiarandosi &#8220;<em>felice per la programmazione prevista<\/em>&#8220;, ha detto di condividere le preoccupazioni espresse. Tavernise ha poi censurato l&#8217;assenza dell&#8217;assessore al ramo, Marcello Minnenna e proposto, analogamente a quanto hanno fatto altre Regioni, come la Lombardia, l&#8217;istituzione di una apposita Commissione di monitoraggio. Ernesto Alecci (Pd) ha suggerito di rivolgere attenzione, per una buona programmazione, al mondo imprenditoriale, e ai giovani &#8220;<em>allo scopo di individuare quale percorso formativo seguire per poi avere l&#8217;opportunit\u00e0 di rimanere a vivere in Calabria<\/em>&#8220;. Pasqualina Straface (Fi), entrando nel dettaglio del provvedimento, si \u00e8 detta delusa dai toni degli interventi dell&#8217;opposizione. &#8220;<em>Mi sarei aspettata<\/em> &#8211; ha detto &#8211;<em> interventi mirati, pi\u00f9 specifici. Ho sentito i soliti interventi senza che si sia entrati nel merito della vera programmazione<\/em>&#8220;.<\/p>\n<p style=\"text-align: justify;\">&#8220;<em>Prendo atto che il nuovo<strong> Por Fesr-Fse 2021-2027<\/strong> vede aumentare il suo valore che ammonta a 3,17 miliardi di euro. Questo lo considero un fatto vantaggioso che potr\u00e0 diventare positivo solo nel momento in cui saremo in grado di commisurare l&#8217;effettiva capacit\u00e0 di programmazione e spesa della Regione Calabria nei prossimi anni. Gli esempi del passato e del presente, purtroppo, sono sconfortanti e non posso fare a meno di ricordare alla maggioranza di centrodestra che governa la Regione Calabria da ormai 3 anni che mentre si festeggia per il risultato raggiunto a conclusione del negoziato con la Commissione europea, si stanno perdendo ingenti risorse della vecchia programmazione&#8221;<\/em>. Lo afferma in una nota il capogruppo del Movimento 5 Stelle in consiglio regionale Davide Tavernise. &#8220;<em>Mi riferisco<\/em> &#8211; prosegue &#8211; <em>alla programmazione 2014-2020, che sta lasciando nelle tasche dell&#8217;Europa ben 776 milioni di euro. Ossia il 40% delle risorse che avrebbero potuto e dovuto essere investite sui territori e che invece non hanno trovato attuazione. Dopotutto l&#8217;assessorato alla Programmazione unitaria, in questo ultimo anno, \u00e8 passato da una parte all&#8217;altra: dal presidente Occhiuto alla vice presidente Princi, per poi approdare nelle mani di Marcello Minenna, il grande assente di questa assise regionale. Al momento, purtroppo, mi duole constatare che sul fronte programmazione e capacit\u00e0 di spesa non si notano differenze con il passato e che la tanto decantata immagine di una Calabria differente si scontra con la realt\u00e0 dei fatti di una Calabria ultima che non riesce a spendere i soldi che la Comunit\u00e0 europea ci manda. In conclusione voglio lanciare una proposta ad Occhiuto e a questa assise: creare una commissione ad hoc e a costo zero per le casse della Regione, per monitorare la spesa dei fondi Europei e del Pnrr, proprio come hanno fatto altre Regioni in Italia<\/em>&#8220;.<\/p>\n<p style=\"text-align: justify;\">Il Consiglio regionale ha quindi <strong>approvato, a maggioranza,<\/strong> la &#8220;Presa d&#8217;atto della conclusione del negoziato per l&#8217;approvazione del Programma Regionale Calabria FESR &#8211; FSE+ 2021-2027 &#8211; Decisione della Commissione C (2022) 8027 final del 3.11.2022. Istituzione del Comitato di Sorveglianza 2021-2027 e ulteriori adempimenti&#8221;. A conclusione del dibattito Domenico Bevacqua (Pd) ha parlato di &#8220;<em>unica occasione per la minoranza discutere su una questione che, \u00e8 vero, era gi\u00e0 stato discusso in aula nel marzo dello scorso anno<\/em>&#8220;. Secondo Bevacqua, &#8220;<em>la programmazione non ha avuto un minimo di discussione, di dibattito con gli attori sociali presenti sul territorio calabrese. E&#8217; un tema<\/em> &#8211; ha detto il capogruppo del Pd &#8211; <em>che attiene alla contrapposizione politica, ma alla qualit\u00e0 della proposta politica della Calabria<\/em>&#8220;. &#8220;<em>Ritengo che quello dell&#8217;opposizione<\/em> &#8211; ha replicato, per la maggioranza, il consigliere Antonello Talerico, del Gruppo Misto &#8211; <em>sia un ruolo di responsabilit\u00e0, ma non lo \u00e8 quando si appiglia ad argomenti sterili e fumosi. Negli interventi che ho sentito, pur nel pieno rispetto istituzionale, non ho colto quale sia l&#8217;indirizzo di responsabilit\u00e0 a cui viene richiamata la maggioranza. Non si comprende cosa si intende criticare e cosa proporre, ingenerando ulteriore confusione in un contesto gi\u00e0 di per s\u00e9 drammatico. Altrimenti arriviamo alla conclusione che il Consiglio regionale non serve a nulla in presenza di interventi che non apportano alcun contributo minimo n\u00e9 al lavoro della maggioranza, n\u00e9 a quello dei singoli assessori<\/em>&#8220;.<\/p>\n<h3>Approvata l&#8217;istituzione di una &#8220;Riserva naturale regionale del Vergari&#8221;<\/h3>\n<p style=\"text-align: justify;\">Il Consiglio regionale ha approvato all&#8217;unanimit\u00e0, con l&#8217;introduzione di alcuni emendamenti, la legge che prevede <strong>l&#8217;Istituzione della Riserva naturale regionale del Vergari<\/strong>. Un&#8217;area di grande interesse naturalistico. &#8220;<em>L&#8217;area del Fiume Vergari<\/em> &#8211; ha affermato il relatore, Pietro Raso (Lega) &#8211; <em>identifica un ambito territoriale a diverso gradiente altitudinale e quindi con caratteristiche fitoclimatiche differenti. \u00c8 possibile distinguere tre zone fitoclimatiche (Lauretum, Castanetum e Fagetum), tutte caratterizzate dalla presenza di comuni elementi naturalistici di grande valenza ecologica e paesaggistica, certamente tra i pi\u00f9 rilevanti dell&#8217;intera regione. L&#8217;area protetta presenta continuit\u00e0 territoriale in quanto \u00e8 costituita da un unico corpo, ma al suo interno si possono distinguere tre zone distinte gravitanti, rispettivamente, intorno al centro urbano di Mesoraca, alla frazione Filippa ed alla frazione montana del Villaggio Fratta<\/em>&#8220;.<\/p>\n<h3>Ok a proposta di legge per attivit\u00e0 di coltivazione e raccolta piante officinali<\/h3>\n<p style=\"text-align: justify;\">\u00c8 stata approvata, a seguire, la proposta di legge di <strong>&#8220;Disciplina delle attivit\u00e0 di coltivazione, raccolta, prima trasformazione, trasformazione e commercializzazione delle piante officinali&#8221;.<\/strong> Una legge con la quale si istituisce l&#8217;<strong>Osservatorio regionale delle piante officinali<\/strong>, viene definito il censimento delle stesse e l&#8217;istituzione di un registro della Regione. <em>&#8220;Credo che questa iniziativa<\/em> &#8211; ha detto, commentando l&#8217;approvazione della proposta di legge, l&#8217;assessore all&#8217;Agricoltura Gianluca Gallo &#8211; <em>confermi, se non altro, la volont\u00e0 di una programmazione pi\u00f9 generale tocca tutti gli aspetti del mondo agricolo. Si va verso la regolamentazione di un settore che finora era lasciato al libero arbitrio e comunque, per la sua ricchezza, conferma anche la straordinaria capacit\u00e0 di produzione in termini di biodiversit\u00e0 della nostra regione. Tutta questa ricchezza va convogliata, va regimentata. E questa norma si pone proprio questo obiettivo con la prospettiva per le nostre aziende agricole, per gli imprenditori agricoli, di un&#8217;altra opportunit\u00e0 di produzione e di creazione di ritorno economico, attesa anche la straordinaria superiorit\u00e0, in termini di capacit\u00e0 produttiva del nostro territorio regionale. Una legge che aggiunge un&#8217;altra norma che si collega all&#8217;idea di un territorio sostenibile che possa anche essere fruito attraverso un turismo esperienziale, un turismo lento, che costruisce un quadro di una Regione che da questo punto di vista vuole segnare altri punti che non siano soltanto quelli della produzione agricola ed agroalimentare<\/em>&#8220;.<\/p>\n<h3>In Calabria il &#8220;Registro regionale degli informatori scientifici del farmaco e del parafarmaco&#8221;<\/h3>\n<p style=\"text-align: justify;\">Il Consiglio ha poi approvato la proposta di legge che prevede l'&#8221;<strong>Istituzione del Registro regionale degli informatori scientifici del farmaco e del parafarmaco<\/strong>&#8220;. In chiusura di seduta c&#8217;\u00e8 stato il voto favorevole dell&#8217;Assemblea su un ordine del giorno proposto dal consigliere Domenico Giannetta (Fi) che impegna il Presidente della Giunta al recepimento della norma del <strong>Decreto Milleproroghe<\/strong> che consente il mantenimento in servizio dei medici di medicina generale fino al compimento del settantaduesimo anno di et\u00e0. &#8220;<em>Una norma che serve<\/em> &#8211; ha detto Giannetta &#8211;<em> per garantire ai cittadini calabresi la continuit\u00e0 dell&#8217;assistenza sanitaria<\/em> &#8220;. Approvato anche un secondo ordine del giorno, a firma del consigliere Ferdinando Laghi (Lista De Magistris), sulle misure adottate dalla Regione in tema di spreco alimentare. Nel dichiarare &#8216;tolta la seduta&#8217;, il presidente Mancuso ha informato l&#8217;Aula che nella seduta gi\u00e0 in programma per il prossimo 20 aprile sar\u00e0 lasciato ampio spazio all&#8217;espletamento di interrogazioni ed interpellanze.<\/p>\n","protected":false},"excerpt":{"rendered":"<p>Si \u00e8 tenuta questo pomeriggio a palazzo Campanella, a Reggio Calabria, una nuova seduta del Consiglio regionale. Quattro i punti all&#8217;ordine del giorno: la proposta di provvedimento amministrativo, di iniziativa&hellip;<\/p>\n","protected":false},"author":1,"featured_media":22916,"comment_status":"closed","ping_status":"open","sticky":false,"template":"","format":"standard","meta":{"_jetpack_memberships_contains_paid_content":false,"footnotes":"","jetpack_publicize_message":"","jetpack_publicize_feature_enabled":true,"jetpack_social_post_already_shared":false,"jetpack_social_options":{"image_generator_settings":{"template":"highway","default_image_id":0,"font":"","enabled":false},"version":2}},"categories":[142,921,150,196],"tags":[1816,586,218,12926,594,4629,3046,12927,219,1235],"class_list":["post-22908","post","type-post","status-publish","format-standard","has-post-thumbnail","hentry","category-calabria","category-home","category-in-primo-piano","category-news","tag-antonio-lo-schiavo","tag-calabria","tag-consiglio-regionale","tag-davide-tavenise","tag-filippo-mancuso","tag-gianluca-gallo","tag-pietro-raso","tag-por-fesr-fse-2021-2027","tag-regione-calabria","tag-roberto-occhiuto"],"yoast_head":"<!-- This site is optimized with the Yoast SEO plugin v27.2 - https:\/\/yoast.com\/product\/yoast-seo-wordpress\/ -->\n<title>Consiglio Regionale: approvati tutti i punti all&#039;ordine del giorno - Radio Touring 104<\/title>\n<meta name=\"robots\" content=\"index, follow, max-snippet:-1, max-image-preview:large, max-video-preview:-1\" \/>\n<link rel=\"canonical\" href=\"https:\/\/progettotouring.it\/radiotouring104\/2023\/04\/11\/consiglio-regionale-approvati-tutti-i-punti-allordine-del-giorno\/\" \/>\n<meta property=\"og:locale\" content=\"it_IT\" \/>\n<meta property=\"og:type\" content=\"article\" \/>\n<meta property=\"og:title\" content=\"Consiglio Regionale: approvati tutti i punti all&#039;ordine del giorno - Radio Touring 104\" \/>\n<meta property=\"og:description\" content=\"Si \u00e8 tenuta questo pomeriggio a palazzo Campanella, a Reggio Calabria, una nuova seduta del Consiglio regionale. Quattro i punti all&#8217;ordine del giorno: la proposta di provvedimento amministrativo, di iniziativa&hellip;\" \/>\n<meta property=\"og:url\" content=\"https:\/\/progettotouring.it\/radiotouring104\/2023\/04\/11\/consiglio-regionale-approvati-tutti-i-punti-allordine-del-giorno\/\" \/>\n<meta property=\"og:site_name\" content=\"Radio Touring 104\" \/>\n<meta property=\"article:published_time\" content=\"2023-04-11T18:39:08+00:00\" \/>\n<meta property=\"og:image\" content=\"https:\/\/progettotouring.it\/radiotouring104\/wp-content\/uploads\/sites\/6\/2023\/04\/consiglio-regionale-.jpg\" \/>\n\t<meta property=\"og:image:width\" content=\"1286\" \/>\n\t<meta property=\"og:image:height\" content=\"772\" \/>\n\t<meta property=\"og:image:type\" content=\"image\/jpeg\" \/>\n<meta name=\"author\" content=\"Chiara Cucinotta\" \/>\n<meta name=\"twitter:card\" content=\"summary_large_image\" \/>\n<meta name=\"twitter:label1\" content=\"Scritto da\" \/>\n\t<meta name=\"twitter:data1\" content=\"Chiara Cucinotta\" \/>\n\t<meta name=\"twitter:label2\" content=\"Tempo di lettura stimato\" \/>\n\t<meta name=\"twitter:data2\" content=\"10 minuti\" \/>\n<script type=\"application\/ld+json\" class=\"yoast-schema-graph\">{\"@context\":\"https:\/\/schema.org\",\"@graph\":[{\"@type\":\"Article\",\"@id\":\"https:\/\/progettotouring.it\/radiotouring104\/2023\/04\/11\/consiglio-regionale-approvati-tutti-i-punti-allordine-del-giorno\/#article\",\"isPartOf\":{\"@id\":\"https:\/\/progettotouring.it\/radiotouring104\/2023\/04\/11\/consiglio-regionale-approvati-tutti-i-punti-allordine-del-giorno\/\"},\"author\":{\"name\":\"Chiara Cucinotta\",\"@id\":\"https:\/\/progettotouring.it\/radiotouring104\/#\/schema\/person\/f01f189b71df20dcfc0890eea7e67a0e\"},\"headline\":\"Consiglio Regionale: approvati tutti i punti all&#8217;ordine del giorno\",\"datePublished\":\"2023-04-11T18:39:08+00:00\",\"mainEntityOfPage\":{\"@id\":\"https:\/\/progettotouring.it\/radiotouring104\/2023\/04\/11\/consiglio-regionale-approvati-tutti-i-punti-allordine-del-giorno\/\"},\"wordCount\":2102,\"publisher\":{\"@id\":\"https:\/\/progettotouring.it\/radiotouring104\/#organization\"},\"image\":{\"@id\":\"https:\/\/progettotouring.it\/radiotouring104\/2023\/04\/11\/consiglio-regionale-approvati-tutti-i-punti-allordine-del-giorno\/#primaryimage\"},\"thumbnailUrl\":\"https:\/\/progettotouring.it\/radiotouring104\/wp-content\/uploads\/sites\/6\/2023\/04\/consiglio-regionale-.jpg\",\"keywords\":[\"antonio lo schiavo\",\"calabria\",\"Consiglio regionale\",\"Davide Tavenise\",\"Filippo Mancuso\",\"gianluca gallo\",\"pietro raso\",\"Por Fesr-Fse 2021-2027\",\"regione calabria\",\"roberto occhiuto\"],\"articleSection\":[\"Calabria\",\"Home\",\"In primo piano\",\"News\"],\"inLanguage\":\"it-IT\"},{\"@type\":\"WebPage\",\"@id\":\"https:\/\/progettotouring.it\/radiotouring104\/2023\/04\/11\/consiglio-regionale-approvati-tutti-i-punti-allordine-del-giorno\/\",\"url\":\"https:\/\/progettotouring.it\/radiotouring104\/2023\/04\/11\/consiglio-regionale-approvati-tutti-i-punti-allordine-del-giorno\/\",\"name\":\"Consiglio Regionale: approvati tutti i punti all'ordine del giorno - Radio Touring 104\",\"isPartOf\":{\"@id\":\"https:\/\/progettotouring.it\/radiotouring104\/#website\"},\"primaryImageOfPage\":{\"@id\":\"https:\/\/progettotouring.it\/radiotouring104\/2023\/04\/11\/consiglio-regionale-approvati-tutti-i-punti-allordine-del-giorno\/#primaryimage\"},\"image\":{\"@id\":\"https:\/\/progettotouring.it\/radiotouring104\/2023\/04\/11\/consiglio-regionale-approvati-tutti-i-punti-allordine-del-giorno\/#primaryimage\"},\"thumbnailUrl\":\"https:\/\/progettotouring.it\/radiotouring104\/wp-content\/uploads\/sites\/6\/2023\/04\/consiglio-regionale-.jpg\",\"datePublished\":\"2023-04-11T18:39:08+00:00\",\"breadcrumb\":{\"@id\":\"https:\/\/progettotouring.it\/radiotouring104\/2023\/04\/11\/consiglio-regionale-approvati-tutti-i-punti-allordine-del-giorno\/#breadcrumb\"},\"inLanguage\":\"it-IT\",\"potentialAction\":[{\"@type\":\"ReadAction\",\"target\":[\"https:\/\/progettotouring.it\/radiotouring104\/2023\/04\/11\/consiglio-regionale-approvati-tutti-i-punti-allordine-del-giorno\/\"]}]},{\"@type\":\"ImageObject\",\"inLanguage\":\"it-IT\",\"@id\":\"https:\/\/progettotouring.it\/radiotouring104\/2023\/04\/11\/consiglio-regionale-approvati-tutti-i-punti-allordine-del-giorno\/#primaryimage\",\"url\":\"https:\/\/progettotouring.it\/radiotouring104\/wp-content\/uploads\/sites\/6\/2023\/04\/consiglio-regionale-.jpg\",\"contentUrl\":\"https:\/\/progettotouring.it\/radiotouring104\/wp-content\/uploads\/sites\/6\/2023\/04\/consiglio-regionale-.jpg\",\"width\":1286,\"height\":772},{\"@type\":\"BreadcrumbList\",\"@id\":\"https:\/\/progettotouring.it\/radiotouring104\/2023\/04\/11\/consiglio-regionale-approvati-tutti-i-punti-allordine-del-giorno\/#breadcrumb\",\"itemListElement\":[{\"@type\":\"ListItem\",\"position\":1,\"name\":\"Home\",\"item\":\"https:\/\/progettotouring.it\/radiotouring104\/\"},{\"@type\":\"ListItem\",\"position\":2,\"name\":\"Consiglio Regionale: approvati tutti i punti all&#8217;ordine del giorno\"}]},{\"@type\":\"WebSite\",\"@id\":\"https:\/\/progettotouring.it\/radiotouring104\/#website\",\"url\":\"https:\/\/progettotouring.it\/radiotouring104\/\",\"name\":\"Radio Touring 104\",\"description\":\"La prima radio Reggina\",\"publisher\":{\"@id\":\"https:\/\/progettotouring.it\/radiotouring104\/#organization\"},\"potentialAction\":[{\"@type\":\"SearchAction\",\"target\":{\"@type\":\"EntryPoint\",\"urlTemplate\":\"https:\/\/progettotouring.it\/radiotouring104\/?s={search_term_string}\"},\"query-input\":{\"@type\":\"PropertyValueSpecification\",\"valueRequired\":true,\"valueName\":\"search_term_string\"}}],\"inLanguage\":\"it-IT\"},{\"@type\":\"Organization\",\"@id\":\"https:\/\/progettotouring.it\/radiotouring104\/#organization\",\"name\":\"Radio Touring 104\",\"url\":\"https:\/\/progettotouring.it\/radiotouring104\/\",\"logo\":{\"@type\":\"ImageObject\",\"inLanguage\":\"it-IT\",\"@id\":\"https:\/\/progettotouring.it\/radiotouring104\/#\/schema\/logo\/image\/\",\"url\":\"https:\/\/progettotouring.it\/radiotouring104\/wp-content\/uploads\/sites\/6\/2022\/02\/cropped-logo-radio-touring-104.png\",\"contentUrl\":\"https:\/\/progettotouring.it\/radiotouring104\/wp-content\/uploads\/sites\/6\/2022\/02\/cropped-logo-radio-touring-104.png\",\"width\":377,\"height\":182,\"caption\":\"Radio Touring 104\"},\"image\":{\"@id\":\"https:\/\/progettotouring.it\/radiotouring104\/#\/schema\/logo\/image\/\"}},{\"@type\":\"Person\",\"@id\":\"https:\/\/progettotouring.it\/radiotouring104\/#\/schema\/person\/f01f189b71df20dcfc0890eea7e67a0e\",\"name\":\"Chiara Cucinotta\",\"image\":{\"@type\":\"ImageObject\",\"inLanguage\":\"it-IT\",\"@id\":\"https:\/\/secure.gravatar.com\/avatar\/efe17e5613fdef9b05741a23cd4ef4e9b1c39955d8fe11176cb1da3641c96104?s=96&d=mm&r=g\",\"url\":\"https:\/\/secure.gravatar.com\/avatar\/efe17e5613fdef9b05741a23cd4ef4e9b1c39955d8fe11176cb1da3641c96104?s=96&d=mm&r=g\",\"contentUrl\":\"https:\/\/secure.gravatar.com\/avatar\/efe17e5613fdef9b05741a23cd4ef4e9b1c39955d8fe11176cb1da3641c96104?s=96&d=mm&r=g\",\"caption\":\"Chiara Cucinotta\"},\"sameAs\":[\"https:\/\/progettotouring.it\"],\"url\":\"https:\/\/progettotouring.it\/radiotouring104\/author\/auranex\/\"}]}<\/script>\n<!-- \/ Yoast SEO plugin. -->","yoast_head_json":{"title":"Consiglio Regionale: approvati tutti i punti all'ordine del giorno - Radio Touring 104","robots":{"index":"index","follow":"follow","max-snippet":"max-snippet:-1","max-image-preview":"max-image-preview:large","max-video-preview":"max-video-preview:-1"},"canonical":"https:\/\/progettotouring.it\/radiotouring104\/2023\/04\/11\/consiglio-regionale-approvati-tutti-i-punti-allordine-del-giorno\/","og_locale":"it_IT","og_type":"article","og_title":"Consiglio Regionale: approvati tutti i punti all'ordine del giorno - Radio Touring 104","og_description":"Si \u00e8 tenuta questo pomeriggio a palazzo Campanella, a Reggio Calabria, una nuova seduta del Consiglio regionale. Quattro i punti all&#8217;ordine del giorno: la proposta di provvedimento amministrativo, di iniziativa&hellip;","og_url":"https:\/\/progettotouring.it\/radiotouring104\/2023\/04\/11\/consiglio-regionale-approvati-tutti-i-punti-allordine-del-giorno\/","og_site_name":"Radio Touring 104","article_published_time":"2023-04-11T18:39:08+00:00","og_image":[{"width":1286,"height":772,"url":"https:\/\/progettotouring.it\/radiotouring104\/wp-content\/uploads\/sites\/6\/2023\/04\/consiglio-regionale-.jpg","type":"image\/jpeg"}],"author":"Chiara Cucinotta","twitter_card":"summary_large_image","twitter_misc":{"Scritto da":"Chiara Cucinotta","Tempo di lettura stimato":"10 minuti"},"schema":{"@context":"https:\/\/schema.org","@graph":[{"@type":"Article","@id":"https:\/\/progettotouring.it\/radiotouring104\/2023\/04\/11\/consiglio-regionale-approvati-tutti-i-punti-allordine-del-giorno\/#article","isPartOf":{"@id":"https:\/\/progettotouring.it\/radiotouring104\/2023\/04\/11\/consiglio-regionale-approvati-tutti-i-punti-allordine-del-giorno\/"},"author":{"name":"Chiara Cucinotta","@id":"https:\/\/progettotouring.it\/radiotouring104\/#\/schema\/person\/f01f189b71df20dcfc0890eea7e67a0e"},"headline":"Consiglio Regionale: approvati tutti i punti all&#8217;ordine del giorno","datePublished":"2023-04-11T18:39:08+00:00","mainEntityOfPage":{"@id":"https:\/\/progettotouring.it\/radiotouring104\/2023\/04\/11\/consiglio-regionale-approvati-tutti-i-punti-allordine-del-giorno\/"},"wordCount":2102,"publisher":{"@id":"https:\/\/progettotouring.it\/radiotouring104\/#organization"},"image":{"@id":"https:\/\/progettotouring.it\/radiotouring104\/2023\/04\/11\/consiglio-regionale-approvati-tutti-i-punti-allordine-del-giorno\/#primaryimage"},"thumbnailUrl":"https:\/\/progettotouring.it\/radiotouring104\/wp-content\/uploads\/sites\/6\/2023\/04\/consiglio-regionale-.jpg","keywords":["antonio lo schiavo","calabria","Consiglio regionale","Davide Tavenise","Filippo Mancuso","gianluca gallo","pietro raso","Por Fesr-Fse 2021-2027","regione calabria","roberto occhiuto"],"articleSection":["Calabria","Home","In primo piano","News"],"inLanguage":"it-IT"},{"@type":"WebPage","@id":"https:\/\/progettotouring.it\/radiotouring104\/2023\/04\/11\/consiglio-regionale-approvati-tutti-i-punti-allordine-del-giorno\/","url":"https:\/\/progettotouring.it\/radiotouring104\/2023\/04\/11\/consiglio-regionale-approvati-tutti-i-punti-allordine-del-giorno\/","name":"Consiglio Regionale: approvati tutti i punti all'ordine del giorno - Radio Touring 104","isPartOf":{"@id":"https:\/\/progettotouring.it\/radiotouring104\/#website"},"primaryImageOfPage":{"@id":"https:\/\/progettotouring.it\/radiotouring104\/2023\/04\/11\/consiglio-regionale-approvati-tutti-i-punti-allordine-del-giorno\/#primaryimage"},"image":{"@id":"https:\/\/progettotouring.it\/radiotouring104\/2023\/04\/11\/consiglio-regionale-approvati-tutti-i-punti-allordine-del-giorno\/#primaryimage"},"thumbnailUrl":"https:\/\/progettotouring.it\/radiotouring104\/wp-content\/uploads\/sites\/6\/2023\/04\/consiglio-regionale-.jpg","datePublished":"2023-04-11T18:39:08+00:00","breadcrumb":{"@id":"https:\/\/progettotouring.it\/radiotouring104\/2023\/04\/11\/consiglio-regionale-approvati-tutti-i-punti-allordine-del-giorno\/#breadcrumb"},"inLanguage":"it-IT","potentialAction":[{"@type":"ReadAction","target":["https:\/\/progettotouring.it\/radiotouring104\/2023\/04\/11\/consiglio-regionale-approvati-tutti-i-punti-allordine-del-giorno\/"]}]},{"@type":"ImageObject","inLanguage":"it-IT","@id":"https:\/\/progettotouring.it\/radiotouring104\/2023\/04\/11\/consiglio-regionale-approvati-tutti-i-punti-allordine-del-giorno\/#primaryimage","url":"https:\/\/progettotouring.it\/radiotouring104\/wp-content\/uploads\/sites\/6\/2023\/04\/consiglio-regionale-.jpg","contentUrl":"https:\/\/progettotouring.it\/radiotouring104\/wp-content\/uploads\/sites\/6\/2023\/04\/consiglio-regionale-.jpg","width":1286,"height":772},{"@type":"BreadcrumbList","@id":"https:\/\/progettotouring.it\/radiotouring104\/2023\/04\/11\/consiglio-regionale-approvati-tutti-i-punti-allordine-del-giorno\/#breadcrumb","itemListElement":[{"@type":"ListItem","position":1,"name":"Home","item":"https:\/\/progettotouring.it\/radiotouring104\/"},{"@type":"ListItem","position":2,"name":"Consiglio Regionale: approvati tutti i punti all&#8217;ordine del giorno"}]},{"@type":"WebSite","@id":"https:\/\/progettotouring.it\/radiotouring104\/#website","url":"https:\/\/progettotouring.it\/radiotouring104\/","name":"Radio Touring 104","description":"La prima radio Reggina","publisher":{"@id":"https:\/\/progettotouring.it\/radiotouring104\/#organization"},"potentialAction":[{"@type":"SearchAction","target":{"@type":"EntryPoint","urlTemplate":"https:\/\/progettotouring.it\/radiotouring104\/?s={search_term_string}"},"query-input":{"@type":"PropertyValueSpecification","valueRequired":true,"valueName":"search_term_string"}}],"inLanguage":"it-IT"},{"@type":"Organization","@id":"https:\/\/progettotouring.it\/radiotouring104\/#organization","name":"Radio Touring 104","url":"https:\/\/progettotouring.it\/radiotouring104\/","logo":{"@type":"ImageObject","inLanguage":"it-IT","@id":"https:\/\/progettotouring.it\/radiotouring104\/#\/schema\/logo\/image\/","url":"https:\/\/progettotouring.it\/radiotouring104\/wp-content\/uploads\/sites\/6\/2022\/02\/cropped-logo-radio-touring-104.png","contentUrl":"https:\/\/progettotouring.it\/radiotouring104\/wp-content\/uploads\/sites\/6\/2022\/02\/cropped-logo-radio-touring-104.png","width":377,"height":182,"caption":"Radio Touring 104"},"image":{"@id":"https:\/\/progettotouring.it\/radiotouring104\/#\/schema\/logo\/image\/"}},{"@type":"Person","@id":"https:\/\/progettotouring.it\/radiotouring104\/#\/schema\/person\/f01f189b71df20dcfc0890eea7e67a0e","name":"Chiara Cucinotta","image":{"@type":"ImageObject","inLanguage":"it-IT","@id":"https:\/\/secure.gravatar.com\/avatar\/efe17e5613fdef9b05741a23cd4ef4e9b1c39955d8fe11176cb1da3641c96104?s=96&d=mm&r=g","url":"https:\/\/secure.gravatar.com\/avatar\/efe17e5613fdef9b05741a23cd4ef4e9b1c39955d8fe11176cb1da3641c96104?s=96&d=mm&r=g","contentUrl":"https:\/\/secure.gravatar.com\/avatar\/efe17e5613fdef9b05741a23cd4ef4e9b1c39955d8fe11176cb1da3641c96104?s=96&d=mm&r=g","caption":"Chiara Cucinotta"},"sameAs":["https:\/\/progettotouring.it"],"url":"https:\/\/progettotouring.it\/radiotouring104\/author\/auranex\/"}]}},"jetpack_publicize_connections":[],"jetpack_featured_media_url":"https:\/\/progettotouring.it\/radiotouring104\/wp-content\/uploads\/sites\/6\/2023\/04\/consiglio-regionale-.jpg","jetpack_sharing_enabled":true,"_links":{"self":[{"href":"https:\/\/progettotouring.it\/radiotouring104\/wp-json\/wp\/v2\/posts\/22908","targetHints":{"allow":["GET"]}}],"collection":[{"href":"https:\/\/progettotouring.it\/radiotouring104\/wp-json\/wp\/v2\/posts"}],"about":[{"href":"https:\/\/progettotouring.it\/radiotouring104\/wp-json\/wp\/v2\/types\/post"}],"author":[{"embeddable":true,"href":"https:\/\/progettotouring.it\/radiotouring104\/wp-json\/wp\/v2\/users\/1"}],"replies":[{"embeddable":true,"href":"https:\/\/progettotouring.it\/radiotouring104\/wp-json\/wp\/v2\/comments?post=22908"}],"version-history":[{"count":1,"href":"https:\/\/progettotouring.it\/radiotouring104\/wp-json\/wp\/v2\/posts\/22908\/revisions"}],"predecessor-version":[{"id":22917,"href":"https:\/\/progettotouring.it\/radiotouring104\/wp-json\/wp\/v2\/posts\/22908\/revisions\/22917"}],"wp:featuredmedia":[{"embeddable":true,"href":"https:\/\/progettotouring.it\/radiotouring104\/wp-json\/wp\/v2\/media\/22916"}],"wp:attachment":[{"href":"https:\/\/progettotouring.it\/radiotouring104\/wp-json\/wp\/v2\/media?parent=22908"}],"wp:term":[{"taxonomy":"category","embeddable":true,"href":"https:\/\/progettotouring.it\/radiotouring104\/wp-json\/wp\/v2\/categories?post=22908"},{"taxonomy":"post_tag","embeddable":true,"href":"https:\/\/progettotouring.it\/radiotouring104\/wp-json\/wp\/v2\/tags?post=22908"}],"curies":[{"name":"wp","href":"https:\/\/api.w.org\/{rel}","templated":true}]}}