{"id":22930,"date":"2023-04-12T10:15:10","date_gmt":"2023-04-12T08:15:10","guid":{"rendered":"https:\/\/progettotouring.it\/radiotouring104\/?p=22930"},"modified":"2023-04-12T12:48:46","modified_gmt":"2023-04-12T10:48:46","slug":"villa-s-g-esige-un-consiglio-per-discutere-del-ponte-sullo-stretto","status":"publish","type":"post","link":"https:\/\/progettotouring.it\/radiotouring104\/2023\/04\/12\/villa-s-g-esige-un-consiglio-per-discutere-del-ponte-sullo-stretto\/","title":{"rendered":"Villa S.G.: &#8220;Un Consiglio per discutere del Ponte sullo Stretto&#8221;"},"content":{"rendered":"<p>Riceviamo e pubblichiamo:<strong><br \/>\n<\/strong><\/p>\n<p>&nbsp;<\/p>\n<p>\u00c8 stata presentata dai Consiglieri Comunali di minoranza De Marco, Santoro, Lucisano, Siclari, Calderone, la richiesta di convocazione del Consiglio Comunale riguardante il Ponte sullo Stretto di Messina \u2013 determinazioni.<\/p>\n<p>La richiesta \u00e8 stata portata all\u2019attenzione del Presidente del Consiglio dopo la pubblicazione in Gazzetta Ufficiale della Repubblica Italiana del Decreto Legge 31 marzo 2023, n. 35 &#8211; Disposizioni urgenti per la realizzazione del collegamento stabile tra la Sicilia e la Calabria, con la riattivazione della Stretto di Messina S.p.A.<\/p>\n<p>Il decreto-legge prevede che la societ\u00e0 avr\u00e0 una nuova e pi\u00f9 moderna governance, con una partecipazione di maggioranza del ministero dell\u2019Economia e di quello delle Infrastrutture, assieme ad Anas e alle Regioni Siciliana e Calabria.<\/p>\n<p>I consiglieri avevano gi\u00e0 anticipato le varie questioni quando avevano chiesto che fosse ripristinata la commissione consiliare \u201cPonte-Piano Strategico\u201d e che per promuovere lo sviluppo era necessario realizzare infrastrutture di trasporto \u201csostenibili\u201d, realmente utili ed immediatamente realizzabili.<\/p>\n<p>Il Consigliere De Marco, in particolare, preso atto della straordinaria necessit\u00e0 ed urgenza del Governo Centrale di pervenire in tempi rapidi alla realizzazione del collegamento stabile, viario e ferroviario, tra la Sicilia e la Calabria, denominato \u00abPonte sullo Stretto di Messina\u00bb, ha posto l\u2019attenzione che di questo argomento se ne parli in Consiglio Comunale.<\/p>\n<p>Un&#8217;indifferenza di questa maggioranza verso il \u201cPonte sullo Stretto\u201d. L\u2019opera a breve interesser\u00e0 il nostro territorio come protagonista per la questione infrastrutturale, e la miope visione di non volere interagire con la minoranza ne \u00e8 la prova.<\/p>\n<p>Il cronoprogramma parla chiaro, il progetto esecutivo dovr\u00e0 essere approvato entro il 31 luglio 2024.<\/p>\n<p>In questa direzione si \u00e8 orientata la minoranza consiliare per fornire alla Citt\u00e0 di Villa San Giovanni uno strumento di programmazione sul medio e lungo termine, affinch\u00e9 si intraprenda un rinnovato rapporto istituzionale con la nostra comunit\u00e0 cittadina.<\/p>\n<p>I Consiglieri ritengono opportuno ed indispensabile attribuire alla citt\u00e0 il ruolo di cerniera strategica dell\u2019Area dello Stretto, affrancandola dalla condizione impropria di territorio di attraversamento.<\/p>\n<p>Il gruppo consiliare di minoranza \u00e8 disposto a contribuire attraverso un\u2019azione di \u201cProposta\u201d che li vedr\u00e0 partecipi per qualsiasi soluzione equa e giusta per Villa San Giovanni, facendosi anche promotori per stimolare gli incontri necessari con le istituzioni politiche regionali e nazionali.<\/p>\n<p>Se ci\u00f2 non sar\u00e0 possibile, i Consiglieri non sono disposti ad assistere supinamente ad una mortificazione della nostra citt\u00e0. Saranno, pertanto, promotori di iniziative finalizzare a consentire che il territorio di Villa San Giovanni sia pronto a ricevere tutte le informazioni utili sulla realizzazione dell\u2019infrastruttura.<\/p>\n<p>&nbsp;<\/p>\n<p>Villa San Giovanni, 11\/04\/2023<\/p>\n<p>I Consiglieri comunali di minoranza di Villa San Giovanni<\/p>\n<p>Domenico De Marco, Marco Santoro, Filippo Lucisano, Daniele Siclari, Stefania Calderone<\/p>\n","protected":false},"excerpt":{"rendered":"<p>Riceviamo e pubblichiamo: &nbsp; \u00c8 stata presentata dai Consiglieri Comunali di minoranza De Marco, Santoro, Lucisano, Siclari, Calderone, la richiesta di convocazione del Consiglio Comunale riguardante il Ponte sullo Stretto&hellip;<\/p>\n","protected":false},"author":13,"featured_media":22931,"comment_status":"closed","ping_status":"open","sticky":false,"template":"","format":"standard","meta":{"_jetpack_memberships_contains_paid_content":false,"footnotes":"","jetpack_publicize_message":"","jetpack_publicize_feature_enabled":true,"jetpack_social_post_already_shared":false,"jetpack_social_options":{"image_generator_settings":{"template":"highway","default_image_id":0,"font":"","enabled":false},"version":2}},"categories":[921,150,196,140],"tags":[12938,4341,3779,4340,4339,4355,12939,4342],"class_list":["post-22930","post","type-post","status-publish","format-standard","has-post-thumbnail","hentry","category-home","category-in-primo-piano","category-news","category-reggio-calabria","tag-consiglieri-di-minoranza-villa-san-giovanni","tag-daniele-siclari","tag-domenico-de-marco","tag-filippo-lucisano","tag-marco-santoro","tag-ponte-sullo-stretto","tag-richiedono-convocazione-consiglio-comunale","tag-stefania-calderone"],"yoast_head":"<!-- This site is optimized with the Yoast SEO plugin v27.2 - https:\/\/yoast.com\/product\/yoast-seo-wordpress\/ -->\n<title>Villa S.G.: &quot;Un Consiglio per discutere del Ponte sullo Stretto&quot;<\/title>\n<meta name=\"description\" content=\"I consiglieri di minoranza lamentano l&#039;esclusione della citt\u00e0 dagli interventi riguardanti la programmazione dell&#039;opera infrastrutturale\" \/>\n<meta name=\"robots\" content=\"index, follow, max-snippet:-1, max-image-preview:large, max-video-preview:-1\" \/>\n<link rel=\"canonical\" href=\"https:\/\/progettotouring.it\/radiotouring104\/2023\/04\/12\/villa-s-g-esige-un-consiglio-per-discutere-del-ponte-sullo-stretto\/\" \/>\n<meta property=\"og:locale\" content=\"it_IT\" \/>\n<meta property=\"og:type\" content=\"article\" \/>\n<meta property=\"og:title\" content=\"Villa S.G.: &quot;Un Consiglio per discutere del Ponte sullo Stretto&quot;\" \/>\n<meta property=\"og:description\" content=\"I consiglieri di minoranza lamentano l&#039;esclusione della citt\u00e0 dagli interventi riguardanti la programmazione dell&#039;opera infrastrutturale\" \/>\n<meta property=\"og:url\" content=\"https:\/\/progettotouring.it\/radiotouring104\/2023\/04\/12\/villa-s-g-esige-un-consiglio-per-discutere-del-ponte-sullo-stretto\/\" \/>\n<meta property=\"og:site_name\" content=\"Radio Touring 104\" \/>\n<meta property=\"article:published_time\" content=\"2023-04-12T08:15:10+00:00\" \/>\n<meta property=\"article:modified_time\" content=\"2023-04-12T10:48:46+00:00\" \/>\n<meta property=\"og:image\" content=\"https:\/\/progettotouring.it\/radiotouring104\/wp-content\/uploads\/sites\/6\/2023\/04\/PontesulloStretto.jpg\" \/>\n\t<meta property=\"og:image:width\" content=\"665\" \/>\n\t<meta property=\"og:image:height\" content=\"293\" \/>\n\t<meta property=\"og:image:type\" content=\"image\/jpeg\" \/>\n<meta name=\"author\" content=\"Helena Pedone\" \/>\n<meta name=\"twitter:card\" content=\"summary_large_image\" \/>\n<meta name=\"twitter:label1\" content=\"Scritto da\" \/>\n\t<meta name=\"twitter:data1\" content=\"Helena Pedone\" \/>\n\t<meta name=\"twitter:label2\" content=\"Tempo di lettura stimato\" \/>\n\t<meta name=\"twitter:data2\" content=\"2 minuti\" \/>\n<script type=\"application\/ld+json\" class=\"yoast-schema-graph\">{\"@context\":\"https:\/\/schema.org\",\"@graph\":[{\"@type\":\"Article\",\"@id\":\"https:\/\/progettotouring.it\/radiotouring104\/2023\/04\/12\/villa-s-g-esige-un-consiglio-per-discutere-del-ponte-sullo-stretto\/#article\",\"isPartOf\":{\"@id\":\"https:\/\/progettotouring.it\/radiotouring104\/2023\/04\/12\/villa-s-g-esige-un-consiglio-per-discutere-del-ponte-sullo-stretto\/\"},\"author\":{\"name\":\"Helena Pedone\",\"@id\":\"https:\/\/progettotouring.it\/radiotouring104\/#\/schema\/person\/8458ed437f4094f881aab8e4cc572684\"},\"headline\":\"Villa S.G.: &#8220;Un Consiglio per discutere del Ponte sullo Stretto&#8221;\",\"datePublished\":\"2023-04-12T08:15:10+00:00\",\"dateModified\":\"2023-04-12T10:48:46+00:00\",\"mainEntityOfPage\":{\"@id\":\"https:\/\/progettotouring.it\/radiotouring104\/2023\/04\/12\/villa-s-g-esige-un-consiglio-per-discutere-del-ponte-sullo-stretto\/\"},\"wordCount\":445,\"publisher\":{\"@id\":\"https:\/\/progettotouring.it\/radiotouring104\/#organization\"},\"image\":{\"@id\":\"https:\/\/progettotouring.it\/radiotouring104\/2023\/04\/12\/villa-s-g-esige-un-consiglio-per-discutere-del-ponte-sullo-stretto\/#primaryimage\"},\"thumbnailUrl\":\"https:\/\/progettotouring.it\/radiotouring104\/wp-content\/uploads\/sites\/6\/2023\/04\/PontesulloStretto.jpg\",\"keywords\":[\"Consiglieri di minoranza Villa San Giovanni\",\"Daniele Siclari\",\"domenico de marco\",\"Filippo Lucisano\",\"Marco Santoro\",\"Ponte sullo stretto\",\"Richiedono convocazione Consiglio Comunale\",\"Stefania Calderone\"],\"articleSection\":[\"Home\",\"In primo piano\",\"News\",\"Reggio Calabria\"],\"inLanguage\":\"it-IT\"},{\"@type\":\"WebPage\",\"@id\":\"https:\/\/progettotouring.it\/radiotouring104\/2023\/04\/12\/villa-s-g-esige-un-consiglio-per-discutere-del-ponte-sullo-stretto\/\",\"url\":\"https:\/\/progettotouring.it\/radiotouring104\/2023\/04\/12\/villa-s-g-esige-un-consiglio-per-discutere-del-ponte-sullo-stretto\/\",\"name\":\"Villa S.G.: \\\"Un Consiglio per discutere del Ponte sullo Stretto\\\"\",\"isPartOf\":{\"@id\":\"https:\/\/progettotouring.it\/radiotouring104\/#website\"},\"primaryImageOfPage\":{\"@id\":\"https:\/\/progettotouring.it\/radiotouring104\/2023\/04\/12\/villa-s-g-esige-un-consiglio-per-discutere-del-ponte-sullo-stretto\/#primaryimage\"},\"image\":{\"@id\":\"https:\/\/progettotouring.it\/radiotouring104\/2023\/04\/12\/villa-s-g-esige-un-consiglio-per-discutere-del-ponte-sullo-stretto\/#primaryimage\"},\"thumbnailUrl\":\"https:\/\/progettotouring.it\/radiotouring104\/wp-content\/uploads\/sites\/6\/2023\/04\/PontesulloStretto.jpg\",\"datePublished\":\"2023-04-12T08:15:10+00:00\",\"dateModified\":\"2023-04-12T10:48:46+00:00\",\"description\":\"I consiglieri di minoranza lamentano l'esclusione della citt\u00e0 dagli interventi riguardanti la programmazione dell'opera infrastrutturale\",\"breadcrumb\":{\"@id\":\"https:\/\/progettotouring.it\/radiotouring104\/2023\/04\/12\/villa-s-g-esige-un-consiglio-per-discutere-del-ponte-sullo-stretto\/#breadcrumb\"},\"inLanguage\":\"it-IT\",\"potentialAction\":[{\"@type\":\"ReadAction\",\"target\":[\"https:\/\/progettotouring.it\/radiotouring104\/2023\/04\/12\/villa-s-g-esige-un-consiglio-per-discutere-del-ponte-sullo-stretto\/\"]}]},{\"@type\":\"ImageObject\",\"inLanguage\":\"it-IT\",\"@id\":\"https:\/\/progettotouring.it\/radiotouring104\/2023\/04\/12\/villa-s-g-esige-un-consiglio-per-discutere-del-ponte-sullo-stretto\/#primaryimage\",\"url\":\"https:\/\/progettotouring.it\/radiotouring104\/wp-content\/uploads\/sites\/6\/2023\/04\/PontesulloStretto.jpg\",\"contentUrl\":\"https:\/\/progettotouring.it\/radiotouring104\/wp-content\/uploads\/sites\/6\/2023\/04\/PontesulloStretto.jpg\",\"width\":665,\"height\":293},{\"@type\":\"BreadcrumbList\",\"@id\":\"https:\/\/progettotouring.it\/radiotouring104\/2023\/04\/12\/villa-s-g-esige-un-consiglio-per-discutere-del-ponte-sullo-stretto\/#breadcrumb\",\"itemListElement\":[{\"@type\":\"ListItem\",\"position\":1,\"name\":\"Home\",\"item\":\"https:\/\/progettotouring.it\/radiotouring104\/\"},{\"@type\":\"ListItem\",\"position\":2,\"name\":\"Villa S.G.: &#8220;Un Consiglio per discutere del Ponte sullo Stretto&#8221;\"}]},{\"@type\":\"WebSite\",\"@id\":\"https:\/\/progettotouring.it\/radiotouring104\/#website\",\"url\":\"https:\/\/progettotouring.it\/radiotouring104\/\",\"name\":\"Radio Touring 104\",\"description\":\"La prima radio Reggina\",\"publisher\":{\"@id\":\"https:\/\/progettotouring.it\/radiotouring104\/#organization\"},\"potentialAction\":[{\"@type\":\"SearchAction\",\"target\":{\"@type\":\"EntryPoint\",\"urlTemplate\":\"https:\/\/progettotouring.it\/radiotouring104\/?s={search_term_string}\"},\"query-input\":{\"@type\":\"PropertyValueSpecification\",\"valueRequired\":true,\"valueName\":\"search_term_string\"}}],\"inLanguage\":\"it-IT\"},{\"@type\":\"Organization\",\"@id\":\"https:\/\/progettotouring.it\/radiotouring104\/#organization\",\"name\":\"Radio Touring 104\",\"url\":\"https:\/\/progettotouring.it\/radiotouring104\/\",\"logo\":{\"@type\":\"ImageObject\",\"inLanguage\":\"it-IT\",\"@id\":\"https:\/\/progettotouring.it\/radiotouring104\/#\/schema\/logo\/image\/\",\"url\":\"https:\/\/progettotouring.it\/radiotouring104\/wp-content\/uploads\/sites\/6\/2022\/02\/cropped-logo-radio-touring-104.png\",\"contentUrl\":\"https:\/\/progettotouring.it\/radiotouring104\/wp-content\/uploads\/sites\/6\/2022\/02\/cropped-logo-radio-touring-104.png\",\"width\":377,\"height\":182,\"caption\":\"Radio Touring 104\"},\"image\":{\"@id\":\"https:\/\/progettotouring.it\/radiotouring104\/#\/schema\/logo\/image\/\"}},{\"@type\":\"Person\",\"@id\":\"https:\/\/progettotouring.it\/radiotouring104\/#\/schema\/person\/8458ed437f4094f881aab8e4cc572684\",\"name\":\"Helena Pedone\",\"image\":{\"@type\":\"ImageObject\",\"inLanguage\":\"it-IT\",\"@id\":\"https:\/\/secure.gravatar.com\/avatar\/95a63adf316f90175b68113b4b895a96641be06395ffeef88fea6178b30027d9?s=96&d=mm&r=g\",\"url\":\"https:\/\/secure.gravatar.com\/avatar\/95a63adf316f90175b68113b4b895a96641be06395ffeef88fea6178b30027d9?s=96&d=mm&r=g\",\"contentUrl\":\"https:\/\/secure.gravatar.com\/avatar\/95a63adf316f90175b68113b4b895a96641be06395ffeef88fea6178b30027d9?s=96&d=mm&r=g\",\"caption\":\"Helena Pedone\"},\"url\":\"https:\/\/progettotouring.it\/radiotouring104\/author\/helena\/\"}]}<\/script>\n<!-- \/ Yoast SEO plugin. -->","yoast_head_json":{"title":"Villa S.G.: \"Un Consiglio per discutere del Ponte sullo Stretto\"","description":"I consiglieri di minoranza lamentano l'esclusione della citt\u00e0 dagli interventi riguardanti la programmazione dell'opera infrastrutturale","robots":{"index":"index","follow":"follow","max-snippet":"max-snippet:-1","max-image-preview":"max-image-preview:large","max-video-preview":"max-video-preview:-1"},"canonical":"https:\/\/progettotouring.it\/radiotouring104\/2023\/04\/12\/villa-s-g-esige-un-consiglio-per-discutere-del-ponte-sullo-stretto\/","og_locale":"it_IT","og_type":"article","og_title":"Villa S.G.: \"Un Consiglio per discutere del Ponte sullo Stretto\"","og_description":"I consiglieri di minoranza lamentano l'esclusione della citt\u00e0 dagli interventi riguardanti la programmazione dell'opera infrastrutturale","og_url":"https:\/\/progettotouring.it\/radiotouring104\/2023\/04\/12\/villa-s-g-esige-un-consiglio-per-discutere-del-ponte-sullo-stretto\/","og_site_name":"Radio Touring 104","article_published_time":"2023-04-12T08:15:10+00:00","article_modified_time":"2023-04-12T10:48:46+00:00","og_image":[{"width":665,"height":293,"url":"https:\/\/progettotouring.it\/radiotouring104\/wp-content\/uploads\/sites\/6\/2023\/04\/PontesulloStretto.jpg","type":"image\/jpeg"}],"author":"Helena Pedone","twitter_card":"summary_large_image","twitter_misc":{"Scritto da":"Helena Pedone","Tempo di lettura stimato":"2 minuti"},"schema":{"@context":"https:\/\/schema.org","@graph":[{"@type":"Article","@id":"https:\/\/progettotouring.it\/radiotouring104\/2023\/04\/12\/villa-s-g-esige-un-consiglio-per-discutere-del-ponte-sullo-stretto\/#article","isPartOf":{"@id":"https:\/\/progettotouring.it\/radiotouring104\/2023\/04\/12\/villa-s-g-esige-un-consiglio-per-discutere-del-ponte-sullo-stretto\/"},"author":{"name":"Helena Pedone","@id":"https:\/\/progettotouring.it\/radiotouring104\/#\/schema\/person\/8458ed437f4094f881aab8e4cc572684"},"headline":"Villa S.G.: &#8220;Un Consiglio per discutere del Ponte sullo Stretto&#8221;","datePublished":"2023-04-12T08:15:10+00:00","dateModified":"2023-04-12T10:48:46+00:00","mainEntityOfPage":{"@id":"https:\/\/progettotouring.it\/radiotouring104\/2023\/04\/12\/villa-s-g-esige-un-consiglio-per-discutere-del-ponte-sullo-stretto\/"},"wordCount":445,"publisher":{"@id":"https:\/\/progettotouring.it\/radiotouring104\/#organization"},"image":{"@id":"https:\/\/progettotouring.it\/radiotouring104\/2023\/04\/12\/villa-s-g-esige-un-consiglio-per-discutere-del-ponte-sullo-stretto\/#primaryimage"},"thumbnailUrl":"https:\/\/progettotouring.it\/radiotouring104\/wp-content\/uploads\/sites\/6\/2023\/04\/PontesulloStretto.jpg","keywords":["Consiglieri di minoranza Villa San Giovanni","Daniele Siclari","domenico de marco","Filippo Lucisano","Marco Santoro","Ponte sullo stretto","Richiedono convocazione Consiglio Comunale","Stefania Calderone"],"articleSection":["Home","In primo piano","News","Reggio Calabria"],"inLanguage":"it-IT"},{"@type":"WebPage","@id":"https:\/\/progettotouring.it\/radiotouring104\/2023\/04\/12\/villa-s-g-esige-un-consiglio-per-discutere-del-ponte-sullo-stretto\/","url":"https:\/\/progettotouring.it\/radiotouring104\/2023\/04\/12\/villa-s-g-esige-un-consiglio-per-discutere-del-ponte-sullo-stretto\/","name":"Villa S.G.: \"Un Consiglio per discutere del Ponte sullo Stretto\"","isPartOf":{"@id":"https:\/\/progettotouring.it\/radiotouring104\/#website"},"primaryImageOfPage":{"@id":"https:\/\/progettotouring.it\/radiotouring104\/2023\/04\/12\/villa-s-g-esige-un-consiglio-per-discutere-del-ponte-sullo-stretto\/#primaryimage"},"image":{"@id":"https:\/\/progettotouring.it\/radiotouring104\/2023\/04\/12\/villa-s-g-esige-un-consiglio-per-discutere-del-ponte-sullo-stretto\/#primaryimage"},"thumbnailUrl":"https:\/\/progettotouring.it\/radiotouring104\/wp-content\/uploads\/sites\/6\/2023\/04\/PontesulloStretto.jpg","datePublished":"2023-04-12T08:15:10+00:00","dateModified":"2023-04-12T10:48:46+00:00","description":"I consiglieri di minoranza lamentano l'esclusione della citt\u00e0 dagli interventi riguardanti la programmazione dell'opera infrastrutturale","breadcrumb":{"@id":"https:\/\/progettotouring.it\/radiotouring104\/2023\/04\/12\/villa-s-g-esige-un-consiglio-per-discutere-del-ponte-sullo-stretto\/#breadcrumb"},"inLanguage":"it-IT","potentialAction":[{"@type":"ReadAction","target":["https:\/\/progettotouring.it\/radiotouring104\/2023\/04\/12\/villa-s-g-esige-un-consiglio-per-discutere-del-ponte-sullo-stretto\/"]}]},{"@type":"ImageObject","inLanguage":"it-IT","@id":"https:\/\/progettotouring.it\/radiotouring104\/2023\/04\/12\/villa-s-g-esige-un-consiglio-per-discutere-del-ponte-sullo-stretto\/#primaryimage","url":"https:\/\/progettotouring.it\/radiotouring104\/wp-content\/uploads\/sites\/6\/2023\/04\/PontesulloStretto.jpg","contentUrl":"https:\/\/progettotouring.it\/radiotouring104\/wp-content\/uploads\/sites\/6\/2023\/04\/PontesulloStretto.jpg","width":665,"height":293},{"@type":"BreadcrumbList","@id":"https:\/\/progettotouring.it\/radiotouring104\/2023\/04\/12\/villa-s-g-esige-un-consiglio-per-discutere-del-ponte-sullo-stretto\/#breadcrumb","itemListElement":[{"@type":"ListItem","position":1,"name":"Home","item":"https:\/\/progettotouring.it\/radiotouring104\/"},{"@type":"ListItem","position":2,"name":"Villa S.G.: &#8220;Un Consiglio per discutere del Ponte sullo Stretto&#8221;"}]},{"@type":"WebSite","@id":"https:\/\/progettotouring.it\/radiotouring104\/#website","url":"https:\/\/progettotouring.it\/radiotouring104\/","name":"Radio Touring 104","description":"La prima radio Reggina","publisher":{"@id":"https:\/\/progettotouring.it\/radiotouring104\/#organization"},"potentialAction":[{"@type":"SearchAction","target":{"@type":"EntryPoint","urlTemplate":"https:\/\/progettotouring.it\/radiotouring104\/?s={search_term_string}"},"query-input":{"@type":"PropertyValueSpecification","valueRequired":true,"valueName":"search_term_string"}}],"inLanguage":"it-IT"},{"@type":"Organization","@id":"https:\/\/progettotouring.it\/radiotouring104\/#organization","name":"Radio Touring 104","url":"https:\/\/progettotouring.it\/radiotouring104\/","logo":{"@type":"ImageObject","inLanguage":"it-IT","@id":"https:\/\/progettotouring.it\/radiotouring104\/#\/schema\/logo\/image\/","url":"https:\/\/progettotouring.it\/radiotouring104\/wp-content\/uploads\/sites\/6\/2022\/02\/cropped-logo-radio-touring-104.png","contentUrl":"https:\/\/progettotouring.it\/radiotouring104\/wp-content\/uploads\/sites\/6\/2022\/02\/cropped-logo-radio-touring-104.png","width":377,"height":182,"caption":"Radio Touring 104"},"image":{"@id":"https:\/\/progettotouring.it\/radiotouring104\/#\/schema\/logo\/image\/"}},{"@type":"Person","@id":"https:\/\/progettotouring.it\/radiotouring104\/#\/schema\/person\/8458ed437f4094f881aab8e4cc572684","name":"Helena Pedone","image":{"@type":"ImageObject","inLanguage":"it-IT","@id":"https:\/\/secure.gravatar.com\/avatar\/95a63adf316f90175b68113b4b895a96641be06395ffeef88fea6178b30027d9?s=96&d=mm&r=g","url":"https:\/\/secure.gravatar.com\/avatar\/95a63adf316f90175b68113b4b895a96641be06395ffeef88fea6178b30027d9?s=96&d=mm&r=g","contentUrl":"https:\/\/secure.gravatar.com\/avatar\/95a63adf316f90175b68113b4b895a96641be06395ffeef88fea6178b30027d9?s=96&d=mm&r=g","caption":"Helena Pedone"},"url":"https:\/\/progettotouring.it\/radiotouring104\/author\/helena\/"}]}},"jetpack_publicize_connections":[],"jetpack_featured_media_url":"https:\/\/progettotouring.it\/radiotouring104\/wp-content\/uploads\/sites\/6\/2023\/04\/PontesulloStretto.jpg","jetpack_sharing_enabled":true,"_links":{"self":[{"href":"https:\/\/progettotouring.it\/radiotouring104\/wp-json\/wp\/v2\/posts\/22930","targetHints":{"allow":["GET"]}}],"collection":[{"href":"https:\/\/progettotouring.it\/radiotouring104\/wp-json\/wp\/v2\/posts"}],"about":[{"href":"https:\/\/progettotouring.it\/radiotouring104\/wp-json\/wp\/v2\/types\/post"}],"author":[{"embeddable":true,"href":"https:\/\/progettotouring.it\/radiotouring104\/wp-json\/wp\/v2\/users\/13"}],"replies":[{"embeddable":true,"href":"https:\/\/progettotouring.it\/radiotouring104\/wp-json\/wp\/v2\/comments?post=22930"}],"version-history":[{"count":3,"href":"https:\/\/progettotouring.it\/radiotouring104\/wp-json\/wp\/v2\/posts\/22930\/revisions"}],"predecessor-version":[{"id":22942,"href":"https:\/\/progettotouring.it\/radiotouring104\/wp-json\/wp\/v2\/posts\/22930\/revisions\/22942"}],"wp:featuredmedia":[{"embeddable":true,"href":"https:\/\/progettotouring.it\/radiotouring104\/wp-json\/wp\/v2\/media\/22931"}],"wp:attachment":[{"href":"https:\/\/progettotouring.it\/radiotouring104\/wp-json\/wp\/v2\/media?parent=22930"}],"wp:term":[{"taxonomy":"category","embeddable":true,"href":"https:\/\/progettotouring.it\/radiotouring104\/wp-json\/wp\/v2\/categories?post=22930"},{"taxonomy":"post_tag","embeddable":true,"href":"https:\/\/progettotouring.it\/radiotouring104\/wp-json\/wp\/v2\/tags?post=22930"}],"curies":[{"name":"wp","href":"https:\/\/api.w.org\/{rel}","templated":true}]}}