{"id":23311,"date":"2023-04-17T10:12:17","date_gmt":"2023-04-17T08:12:17","guid":{"rendered":"https:\/\/progettotouring.it\/radiotouring104\/?p=23311"},"modified":"2023-04-17T10:12:17","modified_gmt":"2023-04-17T08:12:17","slug":"studenti-erasmus-g-nucera-lancia-lidea-sinergia-tra-varsavia-e-le-universita-reggine","status":"publish","type":"post","link":"https:\/\/progettotouring.it\/radiotouring104\/2023\/04\/17\/studenti-erasmus-g-nucera-lancia-lidea-sinergia-tra-varsavia-e-le-universita-reggine\/","title":{"rendered":"Studenti erasmus, G.Nucera lancia l\u2019idea: \u201cSinergia tra Varsavia e le universit\u00e0 reggine\u201d"},"content":{"rendered":"<p>L\u2019imprenditore Giuseppe Nucera, presidente del comitato \u2018La Calabria che vogliamo\u2019, nei giorni scorsi ha visitato la Vistula University di Varsavia, che insieme a The Vistula School of Hospitality (ex Scuola di turismo e ospitalit\u00e0 di Varsavia), rappresenta uno dei principali pilastri del Vistula Group of Universities, che si sta sviluppando dinamicamente negli ultimi anni. Entrambe le istituzioni operano in un campus a Varsavia.<\/p>\n<p>\u201cL\u2019incontro con Piotr Kociszewski , Pro Rettore della Vistula Group Universities e con Anita Didkowska, Prof.ssa di cultura Italiana presso la Vistula University di Varsavia ha rivelato una serie di opportunit\u00e0 da cogliere per le universit\u00e0 del territorio reggino, la Mediterranea e l\u2019Universit\u00e0 per Stranieri Dante Alighieri.<\/p>\n<p>Presso le universit\u00e0 di Varsavia dedicate al turismo studiano ragazzi di oltre 100 nazionalit\u00e0, che ogni anno grazie alle esperienze Erasmus visitano numerose nazioni sparse in tutta Europa. Creare una sinergia virtuosa tra la Polonia e le universit\u00e0 reggine garantirebbe importanti ricadute positive per il nostro territorio.<\/p>\n<p>La Dante Alighieri -evidenzia Nucera- gode all\u2019estero di un\u2019ottima reputazione nella promozione della cultura e della lingua italiana, fattore che favorisce un ulteriore valorizzazione delle sue potenzialit\u00e0.<\/p>\n<p>Da imprenditore che opera da decenni nel settore del turismo, sono certo che \u00e8 possibile creare sinergie importanti tra le universit\u00e0 di Varsavia e gli atenei reggini, incentrate su scambi culturali e visite di studenti stranieri di ogni nazionalit\u00e0 in riva allo Stretto.<\/p>\n<p>La Polonia guarda alla Calabria con interesse, storicamente \u00e8 meta gradita ai polacchi e la presenza del volo diretto Lamezia-Cravocia favorisce questo rapporto. Il valore garantito dalla storia e cultura italiana abbinata alle tradizioni della Calabria \u00e8 inestimabile, non a caso ho potuto verificare personalmente l\u2019interesse da parte delle universit\u00e0 di Varsavia a creare un rapporto sinergico con la Mediterranea e la Dante Alighieri.<\/p>\n<p>Nel corso del prossimo viaggio a Varsavia -conclude Nucera- in qualit\u00e0 di semplice intermediatore potrei farmi carico delle intenzioni delle universit\u00e0 reggine rispetto all\u2019interesse mostrato dalla Vistula University di Varsavia\u201d.<\/p>\n","protected":false},"excerpt":{"rendered":"<p>L\u2019imprenditore Giuseppe Nucera, presidente del comitato \u2018La Calabria che vogliamo\u2019, nei giorni scorsi ha visitato la Vistula University di Varsavia, che insieme a The Vistula School of Hospitality (ex Scuola&hellip;<\/p>\n","protected":false},"author":12,"featured_media":23312,"comment_status":"closed","ping_status":"open","sticky":false,"template":"","format":"standard","meta":{"_jetpack_memberships_contains_paid_content":false,"footnotes":"","jetpack_publicize_message":"","jetpack_publicize_feature_enabled":true,"jetpack_social_post_already_shared":false,"jetpack_social_options":{"image_generator_settings":{"template":"highway","default_image_id":0,"font":"","enabled":false},"version":2}},"categories":[921,196,140],"tags":[13195,13189,13193,13190,13194,13196,13192,369,4577,13191],"class_list":["post-23311","post","type-post","status-publish","format-standard","has-post-thumbnail","hentry","category-home","category-news","category-reggio-calabria","tag-anita-didkowska","tag-imprenditore-giuseppe-nucera","tag-piotr-kociszewski","tag-presidente-del-comitato-la-calabria-che-vogliamo","tag-pro-rettore-della-vistula-group-universities","tag-prof-ssa-di-cultura-italiana-presso-la-vistula-university-di-varsavia","tag-the-vistula-school-of-hospitality","tag-universita-mediterranea","tag-universita-per-stranieri-dante-alighieri","tag-vistula-university-di-varsavia"],"yoast_head":"<!-- This site is optimized with the Yoast SEO plugin v27.2 - https:\/\/yoast.com\/product\/yoast-seo-wordpress\/ -->\n<title>Erasmus, idea di Nucera: \u201cSinergia tra Varsavia-universit\u00e0 reggine\u201d<\/title>\n<meta name=\"description\" content=\"&quot;E&#039; possibile creare sinergie importanti tra le universit\u00e0 di Varsavia e gli atenei reggini, incentrate su scambi culturali&quot;, dichiara Nucera\" \/>\n<meta name=\"robots\" content=\"index, follow, max-snippet:-1, max-image-preview:large, max-video-preview:-1\" \/>\n<link rel=\"canonical\" href=\"https:\/\/progettotouring.it\/radiotouring104\/2023\/04\/17\/studenti-erasmus-g-nucera-lancia-lidea-sinergia-tra-varsavia-e-le-universita-reggine\/\" \/>\n<meta property=\"og:locale\" content=\"it_IT\" \/>\n<meta property=\"og:type\" content=\"article\" \/>\n<meta property=\"og:title\" content=\"Erasmus, idea di Nucera: \u201cSinergia tra Varsavia-universit\u00e0 reggine\u201d\" \/>\n<meta property=\"og:description\" content=\"&quot;E&#039; possibile creare sinergie importanti tra le universit\u00e0 di Varsavia e gli atenei reggini, incentrate su scambi culturali&quot;, dichiara Nucera\" \/>\n<meta property=\"og:url\" content=\"https:\/\/progettotouring.it\/radiotouring104\/2023\/04\/17\/studenti-erasmus-g-nucera-lancia-lidea-sinergia-tra-varsavia-e-le-universita-reggine\/\" \/>\n<meta property=\"og:site_name\" content=\"Radio Touring 104\" \/>\n<meta property=\"article:published_time\" content=\"2023-04-17T08:12:17+00:00\" \/>\n<meta property=\"og:image\" content=\"https:\/\/progettotouring.it\/radiotouring104\/wp-content\/uploads\/sites\/6\/2023\/04\/Giuseppe-Nucera-la-Calabria-che-vogliamo-Dante-Alighieri-Mediterranea.jpeg\" \/>\n\t<meta property=\"og:image:width\" content=\"778\" \/>\n\t<meta property=\"og:image:height\" content=\"655\" \/>\n\t<meta property=\"og:image:type\" content=\"image\/jpeg\" \/>\n<meta name=\"author\" content=\"Sebastiano Plutino\" \/>\n<meta name=\"twitter:card\" content=\"summary_large_image\" \/>\n<meta name=\"twitter:label1\" content=\"Scritto da\" \/>\n\t<meta name=\"twitter:data1\" content=\"Sebastiano Plutino\" \/>\n\t<meta name=\"twitter:label2\" content=\"Tempo di lettura stimato\" \/>\n\t<meta name=\"twitter:data2\" content=\"2 minuti\" \/>\n<script type=\"application\/ld+json\" class=\"yoast-schema-graph\">{\"@context\":\"https:\/\/schema.org\",\"@graph\":[{\"@type\":\"Article\",\"@id\":\"https:\/\/progettotouring.it\/radiotouring104\/2023\/04\/17\/studenti-erasmus-g-nucera-lancia-lidea-sinergia-tra-varsavia-e-le-universita-reggine\/#article\",\"isPartOf\":{\"@id\":\"https:\/\/progettotouring.it\/radiotouring104\/2023\/04\/17\/studenti-erasmus-g-nucera-lancia-lidea-sinergia-tra-varsavia-e-le-universita-reggine\/\"},\"author\":{\"name\":\"Sebastiano Plutino\",\"@id\":\"https:\/\/progettotouring.it\/radiotouring104\/#\/schema\/person\/78613917f1851f041f7483f5af1d422e\"},\"headline\":\"Studenti erasmus, G.Nucera lancia l\u2019idea: \u201cSinergia tra Varsavia e le universit\u00e0 reggine\u201d\",\"datePublished\":\"2023-04-17T08:12:17+00:00\",\"mainEntityOfPage\":{\"@id\":\"https:\/\/progettotouring.it\/radiotouring104\/2023\/04\/17\/studenti-erasmus-g-nucera-lancia-lidea-sinergia-tra-varsavia-e-le-universita-reggine\/\"},\"wordCount\":338,\"publisher\":{\"@id\":\"https:\/\/progettotouring.it\/radiotouring104\/#organization\"},\"image\":{\"@id\":\"https:\/\/progettotouring.it\/radiotouring104\/2023\/04\/17\/studenti-erasmus-g-nucera-lancia-lidea-sinergia-tra-varsavia-e-le-universita-reggine\/#primaryimage\"},\"thumbnailUrl\":\"https:\/\/progettotouring.it\/radiotouring104\/wp-content\/uploads\/sites\/6\/2023\/04\/Giuseppe-Nucera-la-Calabria-che-vogliamo-Dante-Alighieri-Mediterranea.jpeg\",\"keywords\":[\"Anita Didkowska\",\"imprenditore Giuseppe Nucera\",\"Piotr Kociszewski\",\"presidente del comitato \u2018La Calabria che vogliamo\u2019\",\"Pro Rettore della Vistula Group Universities\",\"Prof.ssa di cultura Italiana presso la Vistula\u00a0University di Varsavia\",\"The Vistula School of Hospitality\",\"universit\u00e0 mediterranea\",\"universit\u00e0 per stranieri dante alighieri\",\"Vistula University di Varsavia\"],\"articleSection\":[\"Home\",\"News\",\"Reggio Calabria\"],\"inLanguage\":\"it-IT\"},{\"@type\":\"WebPage\",\"@id\":\"https:\/\/progettotouring.it\/radiotouring104\/2023\/04\/17\/studenti-erasmus-g-nucera-lancia-lidea-sinergia-tra-varsavia-e-le-universita-reggine\/\",\"url\":\"https:\/\/progettotouring.it\/radiotouring104\/2023\/04\/17\/studenti-erasmus-g-nucera-lancia-lidea-sinergia-tra-varsavia-e-le-universita-reggine\/\",\"name\":\"Erasmus, idea di Nucera: \u201cSinergia tra Varsavia-universit\u00e0 reggine\u201d\",\"isPartOf\":{\"@id\":\"https:\/\/progettotouring.it\/radiotouring104\/#website\"},\"primaryImageOfPage\":{\"@id\":\"https:\/\/progettotouring.it\/radiotouring104\/2023\/04\/17\/studenti-erasmus-g-nucera-lancia-lidea-sinergia-tra-varsavia-e-le-universita-reggine\/#primaryimage\"},\"image\":{\"@id\":\"https:\/\/progettotouring.it\/radiotouring104\/2023\/04\/17\/studenti-erasmus-g-nucera-lancia-lidea-sinergia-tra-varsavia-e-le-universita-reggine\/#primaryimage\"},\"thumbnailUrl\":\"https:\/\/progettotouring.it\/radiotouring104\/wp-content\/uploads\/sites\/6\/2023\/04\/Giuseppe-Nucera-la-Calabria-che-vogliamo-Dante-Alighieri-Mediterranea.jpeg\",\"datePublished\":\"2023-04-17T08:12:17+00:00\",\"description\":\"\\\"E' possibile creare sinergie importanti tra le universit\u00e0 di Varsavia e gli atenei reggini, incentrate su scambi culturali\\\", dichiara Nucera\",\"breadcrumb\":{\"@id\":\"https:\/\/progettotouring.it\/radiotouring104\/2023\/04\/17\/studenti-erasmus-g-nucera-lancia-lidea-sinergia-tra-varsavia-e-le-universita-reggine\/#breadcrumb\"},\"inLanguage\":\"it-IT\",\"potentialAction\":[{\"@type\":\"ReadAction\",\"target\":[\"https:\/\/progettotouring.it\/radiotouring104\/2023\/04\/17\/studenti-erasmus-g-nucera-lancia-lidea-sinergia-tra-varsavia-e-le-universita-reggine\/\"]}]},{\"@type\":\"ImageObject\",\"inLanguage\":\"it-IT\",\"@id\":\"https:\/\/progettotouring.it\/radiotouring104\/2023\/04\/17\/studenti-erasmus-g-nucera-lancia-lidea-sinergia-tra-varsavia-e-le-universita-reggine\/#primaryimage\",\"url\":\"https:\/\/progettotouring.it\/radiotouring104\/wp-content\/uploads\/sites\/6\/2023\/04\/Giuseppe-Nucera-la-Calabria-che-vogliamo-Dante-Alighieri-Mediterranea.jpeg\",\"contentUrl\":\"https:\/\/progettotouring.it\/radiotouring104\/wp-content\/uploads\/sites\/6\/2023\/04\/Giuseppe-Nucera-la-Calabria-che-vogliamo-Dante-Alighieri-Mediterranea.jpeg\",\"width\":778,\"height\":655},{\"@type\":\"BreadcrumbList\",\"@id\":\"https:\/\/progettotouring.it\/radiotouring104\/2023\/04\/17\/studenti-erasmus-g-nucera-lancia-lidea-sinergia-tra-varsavia-e-le-universita-reggine\/#breadcrumb\",\"itemListElement\":[{\"@type\":\"ListItem\",\"position\":1,\"name\":\"Home\",\"item\":\"https:\/\/progettotouring.it\/radiotouring104\/\"},{\"@type\":\"ListItem\",\"position\":2,\"name\":\"Studenti erasmus, G.Nucera lancia l\u2019idea: \u201cSinergia tra Varsavia e le universit\u00e0 reggine\u201d\"}]},{\"@type\":\"WebSite\",\"@id\":\"https:\/\/progettotouring.it\/radiotouring104\/#website\",\"url\":\"https:\/\/progettotouring.it\/radiotouring104\/\",\"name\":\"Radio Touring 104\",\"description\":\"La prima radio Reggina\",\"publisher\":{\"@id\":\"https:\/\/progettotouring.it\/radiotouring104\/#organization\"},\"potentialAction\":[{\"@type\":\"SearchAction\",\"target\":{\"@type\":\"EntryPoint\",\"urlTemplate\":\"https:\/\/progettotouring.it\/radiotouring104\/?s={search_term_string}\"},\"query-input\":{\"@type\":\"PropertyValueSpecification\",\"valueRequired\":true,\"valueName\":\"search_term_string\"}}],\"inLanguage\":\"it-IT\"},{\"@type\":\"Organization\",\"@id\":\"https:\/\/progettotouring.it\/radiotouring104\/#organization\",\"name\":\"Radio Touring 104\",\"url\":\"https:\/\/progettotouring.it\/radiotouring104\/\",\"logo\":{\"@type\":\"ImageObject\",\"inLanguage\":\"it-IT\",\"@id\":\"https:\/\/progettotouring.it\/radiotouring104\/#\/schema\/logo\/image\/\",\"url\":\"https:\/\/progettotouring.it\/radiotouring104\/wp-content\/uploads\/sites\/6\/2022\/02\/cropped-logo-radio-touring-104.png\",\"contentUrl\":\"https:\/\/progettotouring.it\/radiotouring104\/wp-content\/uploads\/sites\/6\/2022\/02\/cropped-logo-radio-touring-104.png\",\"width\":377,\"height\":182,\"caption\":\"Radio Touring 104\"},\"image\":{\"@id\":\"https:\/\/progettotouring.it\/radiotouring104\/#\/schema\/logo\/image\/\"}},{\"@type\":\"Person\",\"@id\":\"https:\/\/progettotouring.it\/radiotouring104\/#\/schema\/person\/78613917f1851f041f7483f5af1d422e\",\"name\":\"Sebastiano Plutino\",\"image\":{\"@type\":\"ImageObject\",\"inLanguage\":\"it-IT\",\"@id\":\"https:\/\/secure.gravatar.com\/avatar\/0546ffaa9b79224faf9f2a156b67a529ae861d3287c66c1d8ccfdf909bcba78d?s=96&d=mm&r=g\",\"url\":\"https:\/\/secure.gravatar.com\/avatar\/0546ffaa9b79224faf9f2a156b67a529ae861d3287c66c1d8ccfdf909bcba78d?s=96&d=mm&r=g\",\"contentUrl\":\"https:\/\/secure.gravatar.com\/avatar\/0546ffaa9b79224faf9f2a156b67a529ae861d3287c66c1d8ccfdf909bcba78d?s=96&d=mm&r=g\",\"caption\":\"Sebastiano Plutino\"},\"url\":\"https:\/\/progettotouring.it\/radiotouring104\/author\/sebastiano\/\"}]}<\/script>\n<!-- \/ Yoast SEO plugin. -->","yoast_head_json":{"title":"Erasmus, idea di Nucera: \u201cSinergia tra Varsavia-universit\u00e0 reggine\u201d","description":"\"E' possibile creare sinergie importanti tra le universit\u00e0 di Varsavia e gli atenei reggini, incentrate su scambi culturali\", dichiara Nucera","robots":{"index":"index","follow":"follow","max-snippet":"max-snippet:-1","max-image-preview":"max-image-preview:large","max-video-preview":"max-video-preview:-1"},"canonical":"https:\/\/progettotouring.it\/radiotouring104\/2023\/04\/17\/studenti-erasmus-g-nucera-lancia-lidea-sinergia-tra-varsavia-e-le-universita-reggine\/","og_locale":"it_IT","og_type":"article","og_title":"Erasmus, idea di Nucera: \u201cSinergia tra Varsavia-universit\u00e0 reggine\u201d","og_description":"\"E' possibile creare sinergie importanti tra le universit\u00e0 di Varsavia e gli atenei reggini, incentrate su scambi culturali\", dichiara Nucera","og_url":"https:\/\/progettotouring.it\/radiotouring104\/2023\/04\/17\/studenti-erasmus-g-nucera-lancia-lidea-sinergia-tra-varsavia-e-le-universita-reggine\/","og_site_name":"Radio Touring 104","article_published_time":"2023-04-17T08:12:17+00:00","og_image":[{"width":778,"height":655,"url":"https:\/\/progettotouring.it\/radiotouring104\/wp-content\/uploads\/sites\/6\/2023\/04\/Giuseppe-Nucera-la-Calabria-che-vogliamo-Dante-Alighieri-Mediterranea.jpeg","type":"image\/jpeg"}],"author":"Sebastiano Plutino","twitter_card":"summary_large_image","twitter_misc":{"Scritto da":"Sebastiano Plutino","Tempo di lettura stimato":"2 minuti"},"schema":{"@context":"https:\/\/schema.org","@graph":[{"@type":"Article","@id":"https:\/\/progettotouring.it\/radiotouring104\/2023\/04\/17\/studenti-erasmus-g-nucera-lancia-lidea-sinergia-tra-varsavia-e-le-universita-reggine\/#article","isPartOf":{"@id":"https:\/\/progettotouring.it\/radiotouring104\/2023\/04\/17\/studenti-erasmus-g-nucera-lancia-lidea-sinergia-tra-varsavia-e-le-universita-reggine\/"},"author":{"name":"Sebastiano Plutino","@id":"https:\/\/progettotouring.it\/radiotouring104\/#\/schema\/person\/78613917f1851f041f7483f5af1d422e"},"headline":"Studenti erasmus, G.Nucera lancia l\u2019idea: \u201cSinergia tra Varsavia e le universit\u00e0 reggine\u201d","datePublished":"2023-04-17T08:12:17+00:00","mainEntityOfPage":{"@id":"https:\/\/progettotouring.it\/radiotouring104\/2023\/04\/17\/studenti-erasmus-g-nucera-lancia-lidea-sinergia-tra-varsavia-e-le-universita-reggine\/"},"wordCount":338,"publisher":{"@id":"https:\/\/progettotouring.it\/radiotouring104\/#organization"},"image":{"@id":"https:\/\/progettotouring.it\/radiotouring104\/2023\/04\/17\/studenti-erasmus-g-nucera-lancia-lidea-sinergia-tra-varsavia-e-le-universita-reggine\/#primaryimage"},"thumbnailUrl":"https:\/\/progettotouring.it\/radiotouring104\/wp-content\/uploads\/sites\/6\/2023\/04\/Giuseppe-Nucera-la-Calabria-che-vogliamo-Dante-Alighieri-Mediterranea.jpeg","keywords":["Anita Didkowska","imprenditore Giuseppe Nucera","Piotr Kociszewski","presidente del comitato \u2018La Calabria che vogliamo\u2019","Pro Rettore della Vistula Group Universities","Prof.ssa di cultura Italiana presso la Vistula\u00a0University di Varsavia","The Vistula School of Hospitality","universit\u00e0 mediterranea","universit\u00e0 per stranieri dante alighieri","Vistula University di Varsavia"],"articleSection":["Home","News","Reggio Calabria"],"inLanguage":"it-IT"},{"@type":"WebPage","@id":"https:\/\/progettotouring.it\/radiotouring104\/2023\/04\/17\/studenti-erasmus-g-nucera-lancia-lidea-sinergia-tra-varsavia-e-le-universita-reggine\/","url":"https:\/\/progettotouring.it\/radiotouring104\/2023\/04\/17\/studenti-erasmus-g-nucera-lancia-lidea-sinergia-tra-varsavia-e-le-universita-reggine\/","name":"Erasmus, idea di Nucera: \u201cSinergia tra Varsavia-universit\u00e0 reggine\u201d","isPartOf":{"@id":"https:\/\/progettotouring.it\/radiotouring104\/#website"},"primaryImageOfPage":{"@id":"https:\/\/progettotouring.it\/radiotouring104\/2023\/04\/17\/studenti-erasmus-g-nucera-lancia-lidea-sinergia-tra-varsavia-e-le-universita-reggine\/#primaryimage"},"image":{"@id":"https:\/\/progettotouring.it\/radiotouring104\/2023\/04\/17\/studenti-erasmus-g-nucera-lancia-lidea-sinergia-tra-varsavia-e-le-universita-reggine\/#primaryimage"},"thumbnailUrl":"https:\/\/progettotouring.it\/radiotouring104\/wp-content\/uploads\/sites\/6\/2023\/04\/Giuseppe-Nucera-la-Calabria-che-vogliamo-Dante-Alighieri-Mediterranea.jpeg","datePublished":"2023-04-17T08:12:17+00:00","description":"\"E' possibile creare sinergie importanti tra le universit\u00e0 di Varsavia e gli atenei reggini, incentrate su scambi culturali\", dichiara Nucera","breadcrumb":{"@id":"https:\/\/progettotouring.it\/radiotouring104\/2023\/04\/17\/studenti-erasmus-g-nucera-lancia-lidea-sinergia-tra-varsavia-e-le-universita-reggine\/#breadcrumb"},"inLanguage":"it-IT","potentialAction":[{"@type":"ReadAction","target":["https:\/\/progettotouring.it\/radiotouring104\/2023\/04\/17\/studenti-erasmus-g-nucera-lancia-lidea-sinergia-tra-varsavia-e-le-universita-reggine\/"]}]},{"@type":"ImageObject","inLanguage":"it-IT","@id":"https:\/\/progettotouring.it\/radiotouring104\/2023\/04\/17\/studenti-erasmus-g-nucera-lancia-lidea-sinergia-tra-varsavia-e-le-universita-reggine\/#primaryimage","url":"https:\/\/progettotouring.it\/radiotouring104\/wp-content\/uploads\/sites\/6\/2023\/04\/Giuseppe-Nucera-la-Calabria-che-vogliamo-Dante-Alighieri-Mediterranea.jpeg","contentUrl":"https:\/\/progettotouring.it\/radiotouring104\/wp-content\/uploads\/sites\/6\/2023\/04\/Giuseppe-Nucera-la-Calabria-che-vogliamo-Dante-Alighieri-Mediterranea.jpeg","width":778,"height":655},{"@type":"BreadcrumbList","@id":"https:\/\/progettotouring.it\/radiotouring104\/2023\/04\/17\/studenti-erasmus-g-nucera-lancia-lidea-sinergia-tra-varsavia-e-le-universita-reggine\/#breadcrumb","itemListElement":[{"@type":"ListItem","position":1,"name":"Home","item":"https:\/\/progettotouring.it\/radiotouring104\/"},{"@type":"ListItem","position":2,"name":"Studenti erasmus, G.Nucera lancia l\u2019idea: \u201cSinergia tra Varsavia e le universit\u00e0 reggine\u201d"}]},{"@type":"WebSite","@id":"https:\/\/progettotouring.it\/radiotouring104\/#website","url":"https:\/\/progettotouring.it\/radiotouring104\/","name":"Radio Touring 104","description":"La prima radio Reggina","publisher":{"@id":"https:\/\/progettotouring.it\/radiotouring104\/#organization"},"potentialAction":[{"@type":"SearchAction","target":{"@type":"EntryPoint","urlTemplate":"https:\/\/progettotouring.it\/radiotouring104\/?s={search_term_string}"},"query-input":{"@type":"PropertyValueSpecification","valueRequired":true,"valueName":"search_term_string"}}],"inLanguage":"it-IT"},{"@type":"Organization","@id":"https:\/\/progettotouring.it\/radiotouring104\/#organization","name":"Radio Touring 104","url":"https:\/\/progettotouring.it\/radiotouring104\/","logo":{"@type":"ImageObject","inLanguage":"it-IT","@id":"https:\/\/progettotouring.it\/radiotouring104\/#\/schema\/logo\/image\/","url":"https:\/\/progettotouring.it\/radiotouring104\/wp-content\/uploads\/sites\/6\/2022\/02\/cropped-logo-radio-touring-104.png","contentUrl":"https:\/\/progettotouring.it\/radiotouring104\/wp-content\/uploads\/sites\/6\/2022\/02\/cropped-logo-radio-touring-104.png","width":377,"height":182,"caption":"Radio Touring 104"},"image":{"@id":"https:\/\/progettotouring.it\/radiotouring104\/#\/schema\/logo\/image\/"}},{"@type":"Person","@id":"https:\/\/progettotouring.it\/radiotouring104\/#\/schema\/person\/78613917f1851f041f7483f5af1d422e","name":"Sebastiano Plutino","image":{"@type":"ImageObject","inLanguage":"it-IT","@id":"https:\/\/secure.gravatar.com\/avatar\/0546ffaa9b79224faf9f2a156b67a529ae861d3287c66c1d8ccfdf909bcba78d?s=96&d=mm&r=g","url":"https:\/\/secure.gravatar.com\/avatar\/0546ffaa9b79224faf9f2a156b67a529ae861d3287c66c1d8ccfdf909bcba78d?s=96&d=mm&r=g","contentUrl":"https:\/\/secure.gravatar.com\/avatar\/0546ffaa9b79224faf9f2a156b67a529ae861d3287c66c1d8ccfdf909bcba78d?s=96&d=mm&r=g","caption":"Sebastiano Plutino"},"url":"https:\/\/progettotouring.it\/radiotouring104\/author\/sebastiano\/"}]}},"jetpack_publicize_connections":[],"jetpack_featured_media_url":"https:\/\/progettotouring.it\/radiotouring104\/wp-content\/uploads\/sites\/6\/2023\/04\/Giuseppe-Nucera-la-Calabria-che-vogliamo-Dante-Alighieri-Mediterranea.jpeg","jetpack_sharing_enabled":true,"_links":{"self":[{"href":"https:\/\/progettotouring.it\/radiotouring104\/wp-json\/wp\/v2\/posts\/23311","targetHints":{"allow":["GET"]}}],"collection":[{"href":"https:\/\/progettotouring.it\/radiotouring104\/wp-json\/wp\/v2\/posts"}],"about":[{"href":"https:\/\/progettotouring.it\/radiotouring104\/wp-json\/wp\/v2\/types\/post"}],"author":[{"embeddable":true,"href":"https:\/\/progettotouring.it\/radiotouring104\/wp-json\/wp\/v2\/users\/12"}],"replies":[{"embeddable":true,"href":"https:\/\/progettotouring.it\/radiotouring104\/wp-json\/wp\/v2\/comments?post=23311"}],"version-history":[{"count":1,"href":"https:\/\/progettotouring.it\/radiotouring104\/wp-json\/wp\/v2\/posts\/23311\/revisions"}],"predecessor-version":[{"id":23313,"href":"https:\/\/progettotouring.it\/radiotouring104\/wp-json\/wp\/v2\/posts\/23311\/revisions\/23313"}],"wp:featuredmedia":[{"embeddable":true,"href":"https:\/\/progettotouring.it\/radiotouring104\/wp-json\/wp\/v2\/media\/23312"}],"wp:attachment":[{"href":"https:\/\/progettotouring.it\/radiotouring104\/wp-json\/wp\/v2\/media?parent=23311"}],"wp:term":[{"taxonomy":"category","embeddable":true,"href":"https:\/\/progettotouring.it\/radiotouring104\/wp-json\/wp\/v2\/categories?post=23311"},{"taxonomy":"post_tag","embeddable":true,"href":"https:\/\/progettotouring.it\/radiotouring104\/wp-json\/wp\/v2\/tags?post=23311"}],"curies":[{"name":"wp","href":"https:\/\/api.w.org\/{rel}","templated":true}]}}