{"id":23874,"date":"2023-04-21T13:07:13","date_gmt":"2023-04-21T11:07:13","guid":{"rendered":"https:\/\/progettotouring.it\/radiotouring104\/?p=23874"},"modified":"2023-04-21T13:07:13","modified_gmt":"2023-04-21T11:07:13","slug":"protezione-speciale-idm-encomia-mario-occhiuto","status":"publish","type":"post","link":"https:\/\/progettotouring.it\/radiotouring104\/2023\/04\/21\/protezione-speciale-idm-encomia-mario-occhiuto\/","title":{"rendered":"Protezione speciale, IdM encomia Mario Occhiuto"},"content":{"rendered":"<p>Il partito &#8220;Italia del Meridione&#8221; plaude il senatore Occhiuto (FI) in merito al suo intervento di ieri a Palazzo Madama conclusosi con la rinuncia alla firma dell\u2019emendamento sulla protezione speciale, nonostante abbia ribadito il proprio apprezzamento per l\u2019impostazione assegnata dalla Premier Meloni sulle politiche migratorie. Nell\u2019identit\u00e0 italiana, distintivo \u00e8 lo spirito di accoglienza di cui il popolo e in particolare quello meridionale, si contraddistingue in tutta Europa da sempre.<\/p>\n<p>Vero quanto afferma il senatore di Forza Italia Mario Occhiuto: nelle nostre citt\u00e0, nelle nostre comunit\u00e0, ci deve essere sempre un posto per chi arriva da noi fuggendo da guerre e miseria, non deve essere un posto qualsiasi ma un posto d\u2019onore in modo che chi arriva si riconosca e si senta come se fosse a casa propria.<\/p>\n<p>\u201c<em>I confini non sono muri\u201d<\/em> &#8211; continua Pugliese \u2013 \u201c<em>i confini non esistono pi\u00f9 come ripetutamente sosteneva uno dei sociologi pi\u00f9 famosi del mondo, Zygmunt Bauman; per cui l\u2019umanit\u00e0 deve imparare a collaborare attraverso il dialogo, le \u00a0diversit\u00e0 arricchiscono e rendono creativi gli esseri umani. Nel prossimo secolo c\u2019\u00e8 la necessit\u00e0 di unire in un nuovo matrimonio potere e politica e di sviluppare l\u2019arte di coabitare tra culture diverse\u201d.<\/em><\/p>\n<p><em>\u201cQuesti sono i temi dell\u2019integrazione e dell\u2019inclusione su cui bisogna investire sempre pi\u00f9 per la crescita sociale ed economica del nostro paese, in tema di accoglienza\u201d<\/em> &#8211; continua Pugliese di Italia del Meridione \u2013 <em>\u201cci battiamo da anni evidenziando l\u2019esperienza degli arbereshe, la comunit\u00e0 italiana di Albania che da oltre 500 anni conserva usi e e costumi, lingua e tradizioni. Presente con oltre cinquanta comuni e borghi in tutte le regioni dell\u2019Italia del Meridione, quella degli arbereshe oltre ad essere una storia affascinante, \u00e8 la massima rappresentazione di integrazione culturale e sociale d\u2019Europa\u201d.<\/em><\/p>\n<p>L\u2019accoglienza non \u00e8 in antitesi con identit\u00e0, \u00e8 necessario per\u00f2 destinare importanti investimenti sui temi dell\u2019integrazione e dell\u2019inclusione. Il 5% della popolazione italiana, 2,5 milioni di parlanti ha come lingua materna una lingua diversa dall\u2019italiano. Se a tutto ci\u00f2 aggiungiamo le nuove minoranze e i nuovi flussi migratori, sarebbe ora di rivedere e riformare la legge 482\/99 che tutela le minoranze etnico linguistiche. Anzicch\u00e8 ridurla quasi a farla scomparire, occorre invertire la rotta puntando su strategie di politiche sociali ed economiche, che ascoltino i diritti e che valorizzino le identit\u00e0, pensando ora pi\u00f9 che mai ad una grande Europa Mediterranea.<\/p>\n","protected":false},"excerpt":{"rendered":"<p>Il partito &#8220;Italia del Meridione&#8221; plaude il senatore Occhiuto (FI) in merito al suo intervento di ieri a Palazzo Madama conclusosi con la rinuncia alla firma dell\u2019emendamento sulla protezione speciale,&hellip;<\/p>\n","protected":false},"author":13,"featured_media":23875,"comment_status":"closed","ping_status":"open","sticky":false,"template":"","format":"standard","meta":{"_jetpack_memberships_contains_paid_content":false,"footnotes":"","jetpack_publicize_message":"","jetpack_publicize_feature_enabled":true,"jetpack_social_post_already_shared":false,"jetpack_social_options":{"image_generator_settings":{"template":"highway","default_image_id":0,"font":"","enabled":false},"version":2}},"categories":[142,921,196],"tags":[13683,13685,13684,5285],"class_list":["post-23874","post","type-post","status-publish","format-standard","has-post-thumbnail","hentry","category-calabria","category-home","category-news","tag-cataldo-pugliese","tag-emendamento-protezione-speciale","tag-intervento-mario-occhiuto-palazzo-madama","tag-italia-del-meridione"],"yoast_head":"<!-- This site is optimized with the Yoast SEO plugin v27.2 - https:\/\/yoast.com\/product\/yoast-seo-wordpress\/ -->\n<title>Protezione speciale, IdM encomia Mario Occhiuto<\/title>\n<meta name=\"description\" content=\"Il senatore di FI, in contrasto con la maggioranza, riceve l&#039;apprezzamento di Italia del Meridione che crede nell&#039;Europa Mediterranea\" \/>\n<meta name=\"robots\" content=\"index, follow, max-snippet:-1, max-image-preview:large, max-video-preview:-1\" \/>\n<link rel=\"canonical\" href=\"https:\/\/progettotouring.it\/radiotouring104\/2023\/04\/21\/protezione-speciale-idm-encomia-mario-occhiuto\/\" \/>\n<meta property=\"og:locale\" content=\"it_IT\" \/>\n<meta property=\"og:type\" content=\"article\" \/>\n<meta property=\"og:title\" content=\"Protezione speciale, IdM encomia Mario Occhiuto\" \/>\n<meta property=\"og:description\" content=\"Il senatore di FI, in contrasto con la maggioranza, riceve l&#039;apprezzamento di Italia del Meridione che crede nell&#039;Europa Mediterranea\" \/>\n<meta property=\"og:url\" content=\"https:\/\/progettotouring.it\/radiotouring104\/2023\/04\/21\/protezione-speciale-idm-encomia-mario-occhiuto\/\" \/>\n<meta property=\"og:site_name\" content=\"Radio Touring 104\" \/>\n<meta property=\"article:published_time\" content=\"2023-04-21T11:07:13+00:00\" \/>\n<meta property=\"og:image\" content=\"https:\/\/progettotouring.it\/radiotouring104\/wp-content\/uploads\/sites\/6\/2023\/04\/ItaliadelMeridione.jpg\" \/>\n\t<meta property=\"og:image:width\" content=\"1311\" \/>\n\t<meta property=\"og:image:height\" content=\"824\" \/>\n\t<meta property=\"og:image:type\" content=\"image\/jpeg\" \/>\n<meta name=\"author\" content=\"Helena Pedone\" \/>\n<meta name=\"twitter:card\" content=\"summary_large_image\" \/>\n<meta name=\"twitter:label1\" content=\"Scritto da\" \/>\n\t<meta name=\"twitter:data1\" content=\"Helena Pedone\" \/>\n\t<meta name=\"twitter:label2\" content=\"Tempo di lettura stimato\" \/>\n\t<meta name=\"twitter:data2\" content=\"2 minuti\" \/>\n<script type=\"application\/ld+json\" class=\"yoast-schema-graph\">{\"@context\":\"https:\/\/schema.org\",\"@graph\":[{\"@type\":\"Article\",\"@id\":\"https:\/\/progettotouring.it\/radiotouring104\/2023\/04\/21\/protezione-speciale-idm-encomia-mario-occhiuto\/#article\",\"isPartOf\":{\"@id\":\"https:\/\/progettotouring.it\/radiotouring104\/2023\/04\/21\/protezione-speciale-idm-encomia-mario-occhiuto\/\"},\"author\":{\"name\":\"Helena Pedone\",\"@id\":\"https:\/\/progettotouring.it\/radiotouring104\/#\/schema\/person\/8458ed437f4094f881aab8e4cc572684\"},\"headline\":\"Protezione speciale, IdM encomia Mario Occhiuto\",\"datePublished\":\"2023-04-21T11:07:13+00:00\",\"mainEntityOfPage\":{\"@id\":\"https:\/\/progettotouring.it\/radiotouring104\/2023\/04\/21\/protezione-speciale-idm-encomia-mario-occhiuto\/\"},\"wordCount\":400,\"publisher\":{\"@id\":\"https:\/\/progettotouring.it\/radiotouring104\/#organization\"},\"image\":{\"@id\":\"https:\/\/progettotouring.it\/radiotouring104\/2023\/04\/21\/protezione-speciale-idm-encomia-mario-occhiuto\/#primaryimage\"},\"thumbnailUrl\":\"https:\/\/progettotouring.it\/radiotouring104\/wp-content\/uploads\/sites\/6\/2023\/04\/ItaliadelMeridione.jpg\",\"keywords\":[\"Cataldo Pugliese\",\"Emendamento Protezione Speciale\",\"Intervento Mario Occhiuto Palazzo Madama\",\"italia del meridione\"],\"articleSection\":[\"Calabria\",\"Home\",\"News\"],\"inLanguage\":\"it-IT\"},{\"@type\":\"WebPage\",\"@id\":\"https:\/\/progettotouring.it\/radiotouring104\/2023\/04\/21\/protezione-speciale-idm-encomia-mario-occhiuto\/\",\"url\":\"https:\/\/progettotouring.it\/radiotouring104\/2023\/04\/21\/protezione-speciale-idm-encomia-mario-occhiuto\/\",\"name\":\"Protezione speciale, IdM encomia Mario Occhiuto\",\"isPartOf\":{\"@id\":\"https:\/\/progettotouring.it\/radiotouring104\/#website\"},\"primaryImageOfPage\":{\"@id\":\"https:\/\/progettotouring.it\/radiotouring104\/2023\/04\/21\/protezione-speciale-idm-encomia-mario-occhiuto\/#primaryimage\"},\"image\":{\"@id\":\"https:\/\/progettotouring.it\/radiotouring104\/2023\/04\/21\/protezione-speciale-idm-encomia-mario-occhiuto\/#primaryimage\"},\"thumbnailUrl\":\"https:\/\/progettotouring.it\/radiotouring104\/wp-content\/uploads\/sites\/6\/2023\/04\/ItaliadelMeridione.jpg\",\"datePublished\":\"2023-04-21T11:07:13+00:00\",\"description\":\"Il senatore di FI, in contrasto con la maggioranza, riceve l'apprezzamento di Italia del Meridione che crede nell'Europa Mediterranea\",\"breadcrumb\":{\"@id\":\"https:\/\/progettotouring.it\/radiotouring104\/2023\/04\/21\/protezione-speciale-idm-encomia-mario-occhiuto\/#breadcrumb\"},\"inLanguage\":\"it-IT\",\"potentialAction\":[{\"@type\":\"ReadAction\",\"target\":[\"https:\/\/progettotouring.it\/radiotouring104\/2023\/04\/21\/protezione-speciale-idm-encomia-mario-occhiuto\/\"]}]},{\"@type\":\"ImageObject\",\"inLanguage\":\"it-IT\",\"@id\":\"https:\/\/progettotouring.it\/radiotouring104\/2023\/04\/21\/protezione-speciale-idm-encomia-mario-occhiuto\/#primaryimage\",\"url\":\"https:\/\/progettotouring.it\/radiotouring104\/wp-content\/uploads\/sites\/6\/2023\/04\/ItaliadelMeridione.jpg\",\"contentUrl\":\"https:\/\/progettotouring.it\/radiotouring104\/wp-content\/uploads\/sites\/6\/2023\/04\/ItaliadelMeridione.jpg\",\"width\":1311,\"height\":824},{\"@type\":\"BreadcrumbList\",\"@id\":\"https:\/\/progettotouring.it\/radiotouring104\/2023\/04\/21\/protezione-speciale-idm-encomia-mario-occhiuto\/#breadcrumb\",\"itemListElement\":[{\"@type\":\"ListItem\",\"position\":1,\"name\":\"Home\",\"item\":\"https:\/\/progettotouring.it\/radiotouring104\/\"},{\"@type\":\"ListItem\",\"position\":2,\"name\":\"Protezione speciale, IdM encomia Mario Occhiuto\"}]},{\"@type\":\"WebSite\",\"@id\":\"https:\/\/progettotouring.it\/radiotouring104\/#website\",\"url\":\"https:\/\/progettotouring.it\/radiotouring104\/\",\"name\":\"Radio Touring 104\",\"description\":\"La prima radio Reggina\",\"publisher\":{\"@id\":\"https:\/\/progettotouring.it\/radiotouring104\/#organization\"},\"potentialAction\":[{\"@type\":\"SearchAction\",\"target\":{\"@type\":\"EntryPoint\",\"urlTemplate\":\"https:\/\/progettotouring.it\/radiotouring104\/?s={search_term_string}\"},\"query-input\":{\"@type\":\"PropertyValueSpecification\",\"valueRequired\":true,\"valueName\":\"search_term_string\"}}],\"inLanguage\":\"it-IT\"},{\"@type\":\"Organization\",\"@id\":\"https:\/\/progettotouring.it\/radiotouring104\/#organization\",\"name\":\"Radio Touring 104\",\"url\":\"https:\/\/progettotouring.it\/radiotouring104\/\",\"logo\":{\"@type\":\"ImageObject\",\"inLanguage\":\"it-IT\",\"@id\":\"https:\/\/progettotouring.it\/radiotouring104\/#\/schema\/logo\/image\/\",\"url\":\"https:\/\/progettotouring.it\/radiotouring104\/wp-content\/uploads\/sites\/6\/2022\/02\/cropped-logo-radio-touring-104.png\",\"contentUrl\":\"https:\/\/progettotouring.it\/radiotouring104\/wp-content\/uploads\/sites\/6\/2022\/02\/cropped-logo-radio-touring-104.png\",\"width\":377,\"height\":182,\"caption\":\"Radio Touring 104\"},\"image\":{\"@id\":\"https:\/\/progettotouring.it\/radiotouring104\/#\/schema\/logo\/image\/\"}},{\"@type\":\"Person\",\"@id\":\"https:\/\/progettotouring.it\/radiotouring104\/#\/schema\/person\/8458ed437f4094f881aab8e4cc572684\",\"name\":\"Helena Pedone\",\"image\":{\"@type\":\"ImageObject\",\"inLanguage\":\"it-IT\",\"@id\":\"https:\/\/secure.gravatar.com\/avatar\/95a63adf316f90175b68113b4b895a96641be06395ffeef88fea6178b30027d9?s=96&d=mm&r=g\",\"url\":\"https:\/\/secure.gravatar.com\/avatar\/95a63adf316f90175b68113b4b895a96641be06395ffeef88fea6178b30027d9?s=96&d=mm&r=g\",\"contentUrl\":\"https:\/\/secure.gravatar.com\/avatar\/95a63adf316f90175b68113b4b895a96641be06395ffeef88fea6178b30027d9?s=96&d=mm&r=g\",\"caption\":\"Helena Pedone\"},\"url\":\"https:\/\/progettotouring.it\/radiotouring104\/author\/helena\/\"}]}<\/script>\n<!-- \/ Yoast SEO plugin. -->","yoast_head_json":{"title":"Protezione speciale, IdM encomia Mario Occhiuto","description":"Il senatore di FI, in contrasto con la maggioranza, riceve l'apprezzamento di Italia del Meridione che crede nell'Europa Mediterranea","robots":{"index":"index","follow":"follow","max-snippet":"max-snippet:-1","max-image-preview":"max-image-preview:large","max-video-preview":"max-video-preview:-1"},"canonical":"https:\/\/progettotouring.it\/radiotouring104\/2023\/04\/21\/protezione-speciale-idm-encomia-mario-occhiuto\/","og_locale":"it_IT","og_type":"article","og_title":"Protezione speciale, IdM encomia Mario Occhiuto","og_description":"Il senatore di FI, in contrasto con la maggioranza, riceve l'apprezzamento di Italia del Meridione che crede nell'Europa Mediterranea","og_url":"https:\/\/progettotouring.it\/radiotouring104\/2023\/04\/21\/protezione-speciale-idm-encomia-mario-occhiuto\/","og_site_name":"Radio Touring 104","article_published_time":"2023-04-21T11:07:13+00:00","og_image":[{"width":1311,"height":824,"url":"https:\/\/progettotouring.it\/radiotouring104\/wp-content\/uploads\/sites\/6\/2023\/04\/ItaliadelMeridione.jpg","type":"image\/jpeg"}],"author":"Helena Pedone","twitter_card":"summary_large_image","twitter_misc":{"Scritto da":"Helena Pedone","Tempo di lettura stimato":"2 minuti"},"schema":{"@context":"https:\/\/schema.org","@graph":[{"@type":"Article","@id":"https:\/\/progettotouring.it\/radiotouring104\/2023\/04\/21\/protezione-speciale-idm-encomia-mario-occhiuto\/#article","isPartOf":{"@id":"https:\/\/progettotouring.it\/radiotouring104\/2023\/04\/21\/protezione-speciale-idm-encomia-mario-occhiuto\/"},"author":{"name":"Helena Pedone","@id":"https:\/\/progettotouring.it\/radiotouring104\/#\/schema\/person\/8458ed437f4094f881aab8e4cc572684"},"headline":"Protezione speciale, IdM encomia Mario Occhiuto","datePublished":"2023-04-21T11:07:13+00:00","mainEntityOfPage":{"@id":"https:\/\/progettotouring.it\/radiotouring104\/2023\/04\/21\/protezione-speciale-idm-encomia-mario-occhiuto\/"},"wordCount":400,"publisher":{"@id":"https:\/\/progettotouring.it\/radiotouring104\/#organization"},"image":{"@id":"https:\/\/progettotouring.it\/radiotouring104\/2023\/04\/21\/protezione-speciale-idm-encomia-mario-occhiuto\/#primaryimage"},"thumbnailUrl":"https:\/\/progettotouring.it\/radiotouring104\/wp-content\/uploads\/sites\/6\/2023\/04\/ItaliadelMeridione.jpg","keywords":["Cataldo Pugliese","Emendamento Protezione Speciale","Intervento Mario Occhiuto Palazzo Madama","italia del meridione"],"articleSection":["Calabria","Home","News"],"inLanguage":"it-IT"},{"@type":"WebPage","@id":"https:\/\/progettotouring.it\/radiotouring104\/2023\/04\/21\/protezione-speciale-idm-encomia-mario-occhiuto\/","url":"https:\/\/progettotouring.it\/radiotouring104\/2023\/04\/21\/protezione-speciale-idm-encomia-mario-occhiuto\/","name":"Protezione speciale, IdM encomia Mario Occhiuto","isPartOf":{"@id":"https:\/\/progettotouring.it\/radiotouring104\/#website"},"primaryImageOfPage":{"@id":"https:\/\/progettotouring.it\/radiotouring104\/2023\/04\/21\/protezione-speciale-idm-encomia-mario-occhiuto\/#primaryimage"},"image":{"@id":"https:\/\/progettotouring.it\/radiotouring104\/2023\/04\/21\/protezione-speciale-idm-encomia-mario-occhiuto\/#primaryimage"},"thumbnailUrl":"https:\/\/progettotouring.it\/radiotouring104\/wp-content\/uploads\/sites\/6\/2023\/04\/ItaliadelMeridione.jpg","datePublished":"2023-04-21T11:07:13+00:00","description":"Il senatore di FI, in contrasto con la maggioranza, riceve l'apprezzamento di Italia del Meridione che crede nell'Europa Mediterranea","breadcrumb":{"@id":"https:\/\/progettotouring.it\/radiotouring104\/2023\/04\/21\/protezione-speciale-idm-encomia-mario-occhiuto\/#breadcrumb"},"inLanguage":"it-IT","potentialAction":[{"@type":"ReadAction","target":["https:\/\/progettotouring.it\/radiotouring104\/2023\/04\/21\/protezione-speciale-idm-encomia-mario-occhiuto\/"]}]},{"@type":"ImageObject","inLanguage":"it-IT","@id":"https:\/\/progettotouring.it\/radiotouring104\/2023\/04\/21\/protezione-speciale-idm-encomia-mario-occhiuto\/#primaryimage","url":"https:\/\/progettotouring.it\/radiotouring104\/wp-content\/uploads\/sites\/6\/2023\/04\/ItaliadelMeridione.jpg","contentUrl":"https:\/\/progettotouring.it\/radiotouring104\/wp-content\/uploads\/sites\/6\/2023\/04\/ItaliadelMeridione.jpg","width":1311,"height":824},{"@type":"BreadcrumbList","@id":"https:\/\/progettotouring.it\/radiotouring104\/2023\/04\/21\/protezione-speciale-idm-encomia-mario-occhiuto\/#breadcrumb","itemListElement":[{"@type":"ListItem","position":1,"name":"Home","item":"https:\/\/progettotouring.it\/radiotouring104\/"},{"@type":"ListItem","position":2,"name":"Protezione speciale, IdM encomia Mario Occhiuto"}]},{"@type":"WebSite","@id":"https:\/\/progettotouring.it\/radiotouring104\/#website","url":"https:\/\/progettotouring.it\/radiotouring104\/","name":"Radio Touring 104","description":"La prima radio Reggina","publisher":{"@id":"https:\/\/progettotouring.it\/radiotouring104\/#organization"},"potentialAction":[{"@type":"SearchAction","target":{"@type":"EntryPoint","urlTemplate":"https:\/\/progettotouring.it\/radiotouring104\/?s={search_term_string}"},"query-input":{"@type":"PropertyValueSpecification","valueRequired":true,"valueName":"search_term_string"}}],"inLanguage":"it-IT"},{"@type":"Organization","@id":"https:\/\/progettotouring.it\/radiotouring104\/#organization","name":"Radio Touring 104","url":"https:\/\/progettotouring.it\/radiotouring104\/","logo":{"@type":"ImageObject","inLanguage":"it-IT","@id":"https:\/\/progettotouring.it\/radiotouring104\/#\/schema\/logo\/image\/","url":"https:\/\/progettotouring.it\/radiotouring104\/wp-content\/uploads\/sites\/6\/2022\/02\/cropped-logo-radio-touring-104.png","contentUrl":"https:\/\/progettotouring.it\/radiotouring104\/wp-content\/uploads\/sites\/6\/2022\/02\/cropped-logo-radio-touring-104.png","width":377,"height":182,"caption":"Radio Touring 104"},"image":{"@id":"https:\/\/progettotouring.it\/radiotouring104\/#\/schema\/logo\/image\/"}},{"@type":"Person","@id":"https:\/\/progettotouring.it\/radiotouring104\/#\/schema\/person\/8458ed437f4094f881aab8e4cc572684","name":"Helena Pedone","image":{"@type":"ImageObject","inLanguage":"it-IT","@id":"https:\/\/secure.gravatar.com\/avatar\/95a63adf316f90175b68113b4b895a96641be06395ffeef88fea6178b30027d9?s=96&d=mm&r=g","url":"https:\/\/secure.gravatar.com\/avatar\/95a63adf316f90175b68113b4b895a96641be06395ffeef88fea6178b30027d9?s=96&d=mm&r=g","contentUrl":"https:\/\/secure.gravatar.com\/avatar\/95a63adf316f90175b68113b4b895a96641be06395ffeef88fea6178b30027d9?s=96&d=mm&r=g","caption":"Helena Pedone"},"url":"https:\/\/progettotouring.it\/radiotouring104\/author\/helena\/"}]}},"jetpack_publicize_connections":[],"jetpack_featured_media_url":"https:\/\/progettotouring.it\/radiotouring104\/wp-content\/uploads\/sites\/6\/2023\/04\/ItaliadelMeridione.jpg","jetpack_sharing_enabled":true,"_links":{"self":[{"href":"https:\/\/progettotouring.it\/radiotouring104\/wp-json\/wp\/v2\/posts\/23874","targetHints":{"allow":["GET"]}}],"collection":[{"href":"https:\/\/progettotouring.it\/radiotouring104\/wp-json\/wp\/v2\/posts"}],"about":[{"href":"https:\/\/progettotouring.it\/radiotouring104\/wp-json\/wp\/v2\/types\/post"}],"author":[{"embeddable":true,"href":"https:\/\/progettotouring.it\/radiotouring104\/wp-json\/wp\/v2\/users\/13"}],"replies":[{"embeddable":true,"href":"https:\/\/progettotouring.it\/radiotouring104\/wp-json\/wp\/v2\/comments?post=23874"}],"version-history":[{"count":1,"href":"https:\/\/progettotouring.it\/radiotouring104\/wp-json\/wp\/v2\/posts\/23874\/revisions"}],"predecessor-version":[{"id":23916,"href":"https:\/\/progettotouring.it\/radiotouring104\/wp-json\/wp\/v2\/posts\/23874\/revisions\/23916"}],"wp:featuredmedia":[{"embeddable":true,"href":"https:\/\/progettotouring.it\/radiotouring104\/wp-json\/wp\/v2\/media\/23875"}],"wp:attachment":[{"href":"https:\/\/progettotouring.it\/radiotouring104\/wp-json\/wp\/v2\/media?parent=23874"}],"wp:term":[{"taxonomy":"category","embeddable":true,"href":"https:\/\/progettotouring.it\/radiotouring104\/wp-json\/wp\/v2\/categories?post=23874"},{"taxonomy":"post_tag","embeddable":true,"href":"https:\/\/progettotouring.it\/radiotouring104\/wp-json\/wp\/v2\/tags?post=23874"}],"curies":[{"name":"wp","href":"https:\/\/api.w.org\/{rel}","templated":true}]}}