{"id":24469,"date":"2023-04-28T14:40:14","date_gmt":"2023-04-28T12:40:14","guid":{"rendered":"https:\/\/progettotouring.it\/radiotouring104\/?p=24469"},"modified":"2023-04-28T14:40:14","modified_gmt":"2023-04-28T12:40:14","slug":"reggio-arrestato-40enne-per-furto","status":"publish","type":"post","link":"https:\/\/progettotouring.it\/radiotouring104\/2023\/04\/28\/reggio-arrestato-40enne-per-furto\/","title":{"rendered":"Reggio, arrestato 40enne per furto"},"content":{"rendered":"<p>A <strong>Reggio Calabria<\/strong>, i carabinieri hanno arrestato un reggino, classe \u201983, disoccupato, gi\u00e0 noto alle Forze dell\u2019Ordine in esecuzione di un\u2019ordinanza di misura cautelare emessa dal <strong>GIP<\/strong> di Reggio Calabria, per rapina impropria.<\/p>\n<p>Il provvedimento cautelare, in particolare, risulta essere l\u2019esito di una complessa attivit\u00e0 d\u2019indagine, posta in essere dai militari della Compagnia di Reggio Calabria, che ha permesso di identificare l\u2019uomo, quale responsabile dei fatti risalenti a qualche mese fa.<\/p>\n<p>Nello specifico, era il <strong>9 marzo 2023 scorso<\/strong>, quando una segnalazione giunta alla Centrale Operativa, al numero di emergenza 112, riferiva in merito ad una rapina nei confronti di una donna, verificatasi tra la via Esperia e la via Montegrappa, nei pressi di un istituto scolastico del capoluogo reggino.<\/p>\n<p>Subito l\u2019intervento dei <strong>carabinieri<\/strong> sul posto, che dopo aver identificato la vittima, hanno nell\u2019immediatezza posto in essere tutti gli opportuni accertamenti al fine di ricostruire quanto sarebbe accaduto poco prima, confermato dai successivi riscontri investigativi.<\/p>\n<p>In particolare, la donna, intorno alle 12:30, aveva parcheggiato la propria autovettura nell\u2019attesa che uscisse la figlia da scuola e una volta scesa dal veicolo a bordo del quale era rimasta la figlia minore, di quattro anni, seduta sul seggiolino posto sul sedile posteriore, aveva notato un soggetto avvicinarsi al mezzo con disinvoltura e, aperto lo sportello anteriore lato passeggero, si era impossessato del portafogli custodito all\u2019interno della propria borsa, allontanandosi subito dopo verso un\u2019autovettura Fiat Panda di colore bianco parcheggiata nelle vicinanze. La donna, nel tentativo di recuperare quanto le era stato sottratto pochi attimi prima, aveva anche cercato di inseguire il malvivente, venendo in questa circostanza ripetutamente strattonata e afferrata da parte quest\u2019ultimo, datosi infine alla fuga.<\/p>\n<p>Determinanti per la ricostruzione della dinamica delittuosa si sono rivelate le immagini acquisite dalle telecamere di videosorveglianza presenti sul posto, le testimonianze e gli altri accertamenti investigativi da parte dei militari dell\u2019Arma, il cui esame incrociato ha permesso di contestualizzare e specificare le modalit\u00e0 in cui era avvenuto il furto.<\/p>\n<p>\u00c8 altres\u00ec emerso che la vettura utilizzata dall\u2019 uomo per la rapina era gi\u00e0 stata oggetto di furto avvenuto il giorno stesso, confermando l\u2019intenzione dello stesso di commettere il reato senza rendersi agevolmente riconoscibile e una spiccata propensione a delinquere.<\/p>\n<p>L\u2019uomo, gi\u00e0 sottoposto alla misura della libert\u00e0 vigilata, \u00e8 stato sottoposto alla misura degli arresti domiciliari presso la propria residenza su disposizione dell\u2019Autorit\u00e0 Giudiziaria.<\/p>\n<p>Trattandosi di provvedimento in fase di indagini preliminari, rimangono salve le successive determinazioni in fase processuale.<\/p>\n","protected":false},"excerpt":{"rendered":"<p>A Reggio Calabria, i carabinieri hanno arrestato un reggino, classe \u201983, disoccupato, gi\u00e0 noto alle Forze dell\u2019Ordine in esecuzione di un\u2019ordinanza di misura cautelare emessa dal GIP di Reggio Calabria,&hellip;<\/p>\n","protected":false},"author":13,"featured_media":22744,"comment_status":"closed","ping_status":"open","sticky":false,"template":"","format":"standard","meta":{"_jetpack_memberships_contains_paid_content":false,"footnotes":"","jetpack_publicize_message":"","jetpack_publicize_feature_enabled":true,"jetpack_social_post_already_shared":false,"jetpack_social_options":{"image_generator_settings":{"template":"highway","default_image_id":0,"font":"","enabled":false},"version":2}},"categories":[921,150,196,140],"tags":[14091,8671,14092,4388],"class_list":["post-24469","post","type-post","status-publish","format-standard","has-post-thumbnail","hentry","category-home","category-in-primo-piano","category-news","category-reggio-calabria","tag-arrestato-40enne-per-furto","tag-carabinieri-reggio-calabria","tag-gip-reggio-calabria","tag-rapina"],"yoast_head":"<!-- This site is optimized with the Yoast SEO plugin v27.2 - https:\/\/yoast.com\/product\/yoast-seo-wordpress\/ -->\n<title>Reggio, arrestato 40enne per furto<\/title>\n<meta name=\"description\" content=\"Sottoposto ora ai domiciliari, il 9 marzo scorso aveva rapinato una madre nei pressi dell&#039;istituto scolastico frequentato dalla figlia\" \/>\n<meta name=\"robots\" content=\"index, follow, max-snippet:-1, max-image-preview:large, max-video-preview:-1\" \/>\n<link rel=\"canonical\" href=\"https:\/\/progettotouring.it\/radiotouring104\/2023\/04\/28\/reggio-arrestato-40enne-per-furto\/\" \/>\n<meta property=\"og:locale\" content=\"it_IT\" \/>\n<meta property=\"og:type\" content=\"article\" \/>\n<meta property=\"og:title\" content=\"Reggio, arrestato 40enne per furto\" \/>\n<meta property=\"og:description\" content=\"Sottoposto ora ai domiciliari, il 9 marzo scorso aveva rapinato una madre nei pressi dell&#039;istituto scolastico frequentato dalla figlia\" \/>\n<meta property=\"og:url\" content=\"https:\/\/progettotouring.it\/radiotouring104\/2023\/04\/28\/reggio-arrestato-40enne-per-furto\/\" \/>\n<meta property=\"og:site_name\" content=\"Radio Touring 104\" \/>\n<meta property=\"article:published_time\" content=\"2023-04-28T12:40:14+00:00\" \/>\n<meta property=\"og:image\" content=\"https:\/\/progettotouring.it\/radiotouring104\/wp-content\/uploads\/sites\/6\/2023\/04\/Carabinieri.jpeg\" \/>\n\t<meta property=\"og:image:width\" content=\"1024\" \/>\n\t<meta property=\"og:image:height\" content=\"462\" \/>\n\t<meta property=\"og:image:type\" content=\"image\/jpeg\" \/>\n<meta name=\"author\" content=\"Helena Pedone\" \/>\n<meta name=\"twitter:card\" content=\"summary_large_image\" \/>\n<meta name=\"twitter:label1\" content=\"Scritto da\" \/>\n\t<meta name=\"twitter:data1\" content=\"Helena Pedone\" \/>\n\t<meta name=\"twitter:label2\" content=\"Tempo di lettura stimato\" \/>\n\t<meta name=\"twitter:data2\" content=\"2 minuti\" \/>\n<script type=\"application\/ld+json\" class=\"yoast-schema-graph\">{\"@context\":\"https:\/\/schema.org\",\"@graph\":[{\"@type\":\"Article\",\"@id\":\"https:\/\/progettotouring.it\/radiotouring104\/2023\/04\/28\/reggio-arrestato-40enne-per-furto\/#article\",\"isPartOf\":{\"@id\":\"https:\/\/progettotouring.it\/radiotouring104\/2023\/04\/28\/reggio-arrestato-40enne-per-furto\/\"},\"author\":{\"name\":\"Helena Pedone\",\"@id\":\"https:\/\/progettotouring.it\/radiotouring104\/#\/schema\/person\/8458ed437f4094f881aab8e4cc572684\"},\"headline\":\"Reggio, arrestato 40enne per furto\",\"datePublished\":\"2023-04-28T12:40:14+00:00\",\"mainEntityOfPage\":{\"@id\":\"https:\/\/progettotouring.it\/radiotouring104\/2023\/04\/28\/reggio-arrestato-40enne-per-furto\/\"},\"wordCount\":417,\"publisher\":{\"@id\":\"https:\/\/progettotouring.it\/radiotouring104\/#organization\"},\"image\":{\"@id\":\"https:\/\/progettotouring.it\/radiotouring104\/2023\/04\/28\/reggio-arrestato-40enne-per-furto\/#primaryimage\"},\"thumbnailUrl\":\"https:\/\/progettotouring.it\/radiotouring104\/wp-content\/uploads\/sites\/6\/2023\/04\/Carabinieri.jpeg\",\"keywords\":[\"Arrestato 40enne per furto\",\"carabinieri Reggio Calabria\",\"Gip Reggio Calabria\",\"rapina\"],\"articleSection\":[\"Home\",\"In primo piano\",\"News\",\"Reggio Calabria\"],\"inLanguage\":\"it-IT\"},{\"@type\":\"WebPage\",\"@id\":\"https:\/\/progettotouring.it\/radiotouring104\/2023\/04\/28\/reggio-arrestato-40enne-per-furto\/\",\"url\":\"https:\/\/progettotouring.it\/radiotouring104\/2023\/04\/28\/reggio-arrestato-40enne-per-furto\/\",\"name\":\"Reggio, arrestato 40enne per furto\",\"isPartOf\":{\"@id\":\"https:\/\/progettotouring.it\/radiotouring104\/#website\"},\"primaryImageOfPage\":{\"@id\":\"https:\/\/progettotouring.it\/radiotouring104\/2023\/04\/28\/reggio-arrestato-40enne-per-furto\/#primaryimage\"},\"image\":{\"@id\":\"https:\/\/progettotouring.it\/radiotouring104\/2023\/04\/28\/reggio-arrestato-40enne-per-furto\/#primaryimage\"},\"thumbnailUrl\":\"https:\/\/progettotouring.it\/radiotouring104\/wp-content\/uploads\/sites\/6\/2023\/04\/Carabinieri.jpeg\",\"datePublished\":\"2023-04-28T12:40:14+00:00\",\"description\":\"Sottoposto ora ai domiciliari, il 9 marzo scorso aveva rapinato una madre nei pressi dell'istituto scolastico frequentato dalla figlia\",\"breadcrumb\":{\"@id\":\"https:\/\/progettotouring.it\/radiotouring104\/2023\/04\/28\/reggio-arrestato-40enne-per-furto\/#breadcrumb\"},\"inLanguage\":\"it-IT\",\"potentialAction\":[{\"@type\":\"ReadAction\",\"target\":[\"https:\/\/progettotouring.it\/radiotouring104\/2023\/04\/28\/reggio-arrestato-40enne-per-furto\/\"]}]},{\"@type\":\"ImageObject\",\"inLanguage\":\"it-IT\",\"@id\":\"https:\/\/progettotouring.it\/radiotouring104\/2023\/04\/28\/reggio-arrestato-40enne-per-furto\/#primaryimage\",\"url\":\"https:\/\/progettotouring.it\/radiotouring104\/wp-content\/uploads\/sites\/6\/2023\/04\/Carabinieri.jpeg\",\"contentUrl\":\"https:\/\/progettotouring.it\/radiotouring104\/wp-content\/uploads\/sites\/6\/2023\/04\/Carabinieri.jpeg\",\"width\":1024,\"height\":462},{\"@type\":\"BreadcrumbList\",\"@id\":\"https:\/\/progettotouring.it\/radiotouring104\/2023\/04\/28\/reggio-arrestato-40enne-per-furto\/#breadcrumb\",\"itemListElement\":[{\"@type\":\"ListItem\",\"position\":1,\"name\":\"Home\",\"item\":\"https:\/\/progettotouring.it\/radiotouring104\/\"},{\"@type\":\"ListItem\",\"position\":2,\"name\":\"Reggio, arrestato 40enne per furto\"}]},{\"@type\":\"WebSite\",\"@id\":\"https:\/\/progettotouring.it\/radiotouring104\/#website\",\"url\":\"https:\/\/progettotouring.it\/radiotouring104\/\",\"name\":\"Radio Touring 104\",\"description\":\"La prima radio Reggina\",\"publisher\":{\"@id\":\"https:\/\/progettotouring.it\/radiotouring104\/#organization\"},\"potentialAction\":[{\"@type\":\"SearchAction\",\"target\":{\"@type\":\"EntryPoint\",\"urlTemplate\":\"https:\/\/progettotouring.it\/radiotouring104\/?s={search_term_string}\"},\"query-input\":{\"@type\":\"PropertyValueSpecification\",\"valueRequired\":true,\"valueName\":\"search_term_string\"}}],\"inLanguage\":\"it-IT\"},{\"@type\":\"Organization\",\"@id\":\"https:\/\/progettotouring.it\/radiotouring104\/#organization\",\"name\":\"Radio Touring 104\",\"url\":\"https:\/\/progettotouring.it\/radiotouring104\/\",\"logo\":{\"@type\":\"ImageObject\",\"inLanguage\":\"it-IT\",\"@id\":\"https:\/\/progettotouring.it\/radiotouring104\/#\/schema\/logo\/image\/\",\"url\":\"https:\/\/progettotouring.it\/radiotouring104\/wp-content\/uploads\/sites\/6\/2022\/02\/cropped-logo-radio-touring-104.png\",\"contentUrl\":\"https:\/\/progettotouring.it\/radiotouring104\/wp-content\/uploads\/sites\/6\/2022\/02\/cropped-logo-radio-touring-104.png\",\"width\":377,\"height\":182,\"caption\":\"Radio Touring 104\"},\"image\":{\"@id\":\"https:\/\/progettotouring.it\/radiotouring104\/#\/schema\/logo\/image\/\"}},{\"@type\":\"Person\",\"@id\":\"https:\/\/progettotouring.it\/radiotouring104\/#\/schema\/person\/8458ed437f4094f881aab8e4cc572684\",\"name\":\"Helena Pedone\",\"image\":{\"@type\":\"ImageObject\",\"inLanguage\":\"it-IT\",\"@id\":\"https:\/\/secure.gravatar.com\/avatar\/95a63adf316f90175b68113b4b895a96641be06395ffeef88fea6178b30027d9?s=96&d=mm&r=g\",\"url\":\"https:\/\/secure.gravatar.com\/avatar\/95a63adf316f90175b68113b4b895a96641be06395ffeef88fea6178b30027d9?s=96&d=mm&r=g\",\"contentUrl\":\"https:\/\/secure.gravatar.com\/avatar\/95a63adf316f90175b68113b4b895a96641be06395ffeef88fea6178b30027d9?s=96&d=mm&r=g\",\"caption\":\"Helena Pedone\"},\"url\":\"https:\/\/progettotouring.it\/radiotouring104\/author\/helena\/\"}]}<\/script>\n<!-- \/ Yoast SEO plugin. -->","yoast_head_json":{"title":"Reggio, arrestato 40enne per furto","description":"Sottoposto ora ai domiciliari, il 9 marzo scorso aveva rapinato una madre nei pressi dell'istituto scolastico frequentato dalla figlia","robots":{"index":"index","follow":"follow","max-snippet":"max-snippet:-1","max-image-preview":"max-image-preview:large","max-video-preview":"max-video-preview:-1"},"canonical":"https:\/\/progettotouring.it\/radiotouring104\/2023\/04\/28\/reggio-arrestato-40enne-per-furto\/","og_locale":"it_IT","og_type":"article","og_title":"Reggio, arrestato 40enne per furto","og_description":"Sottoposto ora ai domiciliari, il 9 marzo scorso aveva rapinato una madre nei pressi dell'istituto scolastico frequentato dalla figlia","og_url":"https:\/\/progettotouring.it\/radiotouring104\/2023\/04\/28\/reggio-arrestato-40enne-per-furto\/","og_site_name":"Radio Touring 104","article_published_time":"2023-04-28T12:40:14+00:00","og_image":[{"width":1024,"height":462,"url":"https:\/\/progettotouring.it\/radiotouring104\/wp-content\/uploads\/sites\/6\/2023\/04\/Carabinieri.jpeg","type":"image\/jpeg"}],"author":"Helena Pedone","twitter_card":"summary_large_image","twitter_misc":{"Scritto da":"Helena Pedone","Tempo di lettura stimato":"2 minuti"},"schema":{"@context":"https:\/\/schema.org","@graph":[{"@type":"Article","@id":"https:\/\/progettotouring.it\/radiotouring104\/2023\/04\/28\/reggio-arrestato-40enne-per-furto\/#article","isPartOf":{"@id":"https:\/\/progettotouring.it\/radiotouring104\/2023\/04\/28\/reggio-arrestato-40enne-per-furto\/"},"author":{"name":"Helena Pedone","@id":"https:\/\/progettotouring.it\/radiotouring104\/#\/schema\/person\/8458ed437f4094f881aab8e4cc572684"},"headline":"Reggio, arrestato 40enne per furto","datePublished":"2023-04-28T12:40:14+00:00","mainEntityOfPage":{"@id":"https:\/\/progettotouring.it\/radiotouring104\/2023\/04\/28\/reggio-arrestato-40enne-per-furto\/"},"wordCount":417,"publisher":{"@id":"https:\/\/progettotouring.it\/radiotouring104\/#organization"},"image":{"@id":"https:\/\/progettotouring.it\/radiotouring104\/2023\/04\/28\/reggio-arrestato-40enne-per-furto\/#primaryimage"},"thumbnailUrl":"https:\/\/progettotouring.it\/radiotouring104\/wp-content\/uploads\/sites\/6\/2023\/04\/Carabinieri.jpeg","keywords":["Arrestato 40enne per furto","carabinieri Reggio Calabria","Gip Reggio Calabria","rapina"],"articleSection":["Home","In primo piano","News","Reggio Calabria"],"inLanguage":"it-IT"},{"@type":"WebPage","@id":"https:\/\/progettotouring.it\/radiotouring104\/2023\/04\/28\/reggio-arrestato-40enne-per-furto\/","url":"https:\/\/progettotouring.it\/radiotouring104\/2023\/04\/28\/reggio-arrestato-40enne-per-furto\/","name":"Reggio, arrestato 40enne per furto","isPartOf":{"@id":"https:\/\/progettotouring.it\/radiotouring104\/#website"},"primaryImageOfPage":{"@id":"https:\/\/progettotouring.it\/radiotouring104\/2023\/04\/28\/reggio-arrestato-40enne-per-furto\/#primaryimage"},"image":{"@id":"https:\/\/progettotouring.it\/radiotouring104\/2023\/04\/28\/reggio-arrestato-40enne-per-furto\/#primaryimage"},"thumbnailUrl":"https:\/\/progettotouring.it\/radiotouring104\/wp-content\/uploads\/sites\/6\/2023\/04\/Carabinieri.jpeg","datePublished":"2023-04-28T12:40:14+00:00","description":"Sottoposto ora ai domiciliari, il 9 marzo scorso aveva rapinato una madre nei pressi dell'istituto scolastico frequentato dalla figlia","breadcrumb":{"@id":"https:\/\/progettotouring.it\/radiotouring104\/2023\/04\/28\/reggio-arrestato-40enne-per-furto\/#breadcrumb"},"inLanguage":"it-IT","potentialAction":[{"@type":"ReadAction","target":["https:\/\/progettotouring.it\/radiotouring104\/2023\/04\/28\/reggio-arrestato-40enne-per-furto\/"]}]},{"@type":"ImageObject","inLanguage":"it-IT","@id":"https:\/\/progettotouring.it\/radiotouring104\/2023\/04\/28\/reggio-arrestato-40enne-per-furto\/#primaryimage","url":"https:\/\/progettotouring.it\/radiotouring104\/wp-content\/uploads\/sites\/6\/2023\/04\/Carabinieri.jpeg","contentUrl":"https:\/\/progettotouring.it\/radiotouring104\/wp-content\/uploads\/sites\/6\/2023\/04\/Carabinieri.jpeg","width":1024,"height":462},{"@type":"BreadcrumbList","@id":"https:\/\/progettotouring.it\/radiotouring104\/2023\/04\/28\/reggio-arrestato-40enne-per-furto\/#breadcrumb","itemListElement":[{"@type":"ListItem","position":1,"name":"Home","item":"https:\/\/progettotouring.it\/radiotouring104\/"},{"@type":"ListItem","position":2,"name":"Reggio, arrestato 40enne per furto"}]},{"@type":"WebSite","@id":"https:\/\/progettotouring.it\/radiotouring104\/#website","url":"https:\/\/progettotouring.it\/radiotouring104\/","name":"Radio Touring 104","description":"La prima radio Reggina","publisher":{"@id":"https:\/\/progettotouring.it\/radiotouring104\/#organization"},"potentialAction":[{"@type":"SearchAction","target":{"@type":"EntryPoint","urlTemplate":"https:\/\/progettotouring.it\/radiotouring104\/?s={search_term_string}"},"query-input":{"@type":"PropertyValueSpecification","valueRequired":true,"valueName":"search_term_string"}}],"inLanguage":"it-IT"},{"@type":"Organization","@id":"https:\/\/progettotouring.it\/radiotouring104\/#organization","name":"Radio Touring 104","url":"https:\/\/progettotouring.it\/radiotouring104\/","logo":{"@type":"ImageObject","inLanguage":"it-IT","@id":"https:\/\/progettotouring.it\/radiotouring104\/#\/schema\/logo\/image\/","url":"https:\/\/progettotouring.it\/radiotouring104\/wp-content\/uploads\/sites\/6\/2022\/02\/cropped-logo-radio-touring-104.png","contentUrl":"https:\/\/progettotouring.it\/radiotouring104\/wp-content\/uploads\/sites\/6\/2022\/02\/cropped-logo-radio-touring-104.png","width":377,"height":182,"caption":"Radio Touring 104"},"image":{"@id":"https:\/\/progettotouring.it\/radiotouring104\/#\/schema\/logo\/image\/"}},{"@type":"Person","@id":"https:\/\/progettotouring.it\/radiotouring104\/#\/schema\/person\/8458ed437f4094f881aab8e4cc572684","name":"Helena Pedone","image":{"@type":"ImageObject","inLanguage":"it-IT","@id":"https:\/\/secure.gravatar.com\/avatar\/95a63adf316f90175b68113b4b895a96641be06395ffeef88fea6178b30027d9?s=96&d=mm&r=g","url":"https:\/\/secure.gravatar.com\/avatar\/95a63adf316f90175b68113b4b895a96641be06395ffeef88fea6178b30027d9?s=96&d=mm&r=g","contentUrl":"https:\/\/secure.gravatar.com\/avatar\/95a63adf316f90175b68113b4b895a96641be06395ffeef88fea6178b30027d9?s=96&d=mm&r=g","caption":"Helena Pedone"},"url":"https:\/\/progettotouring.it\/radiotouring104\/author\/helena\/"}]}},"jetpack_publicize_connections":[],"jetpack_featured_media_url":"https:\/\/progettotouring.it\/radiotouring104\/wp-content\/uploads\/sites\/6\/2023\/04\/Carabinieri.jpeg","jetpack_sharing_enabled":true,"_links":{"self":[{"href":"https:\/\/progettotouring.it\/radiotouring104\/wp-json\/wp\/v2\/posts\/24469","targetHints":{"allow":["GET"]}}],"collection":[{"href":"https:\/\/progettotouring.it\/radiotouring104\/wp-json\/wp\/v2\/posts"}],"about":[{"href":"https:\/\/progettotouring.it\/radiotouring104\/wp-json\/wp\/v2\/types\/post"}],"author":[{"embeddable":true,"href":"https:\/\/progettotouring.it\/radiotouring104\/wp-json\/wp\/v2\/users\/13"}],"replies":[{"embeddable":true,"href":"https:\/\/progettotouring.it\/radiotouring104\/wp-json\/wp\/v2\/comments?post=24469"}],"version-history":[{"count":1,"href":"https:\/\/progettotouring.it\/radiotouring104\/wp-json\/wp\/v2\/posts\/24469\/revisions"}],"predecessor-version":[{"id":24470,"href":"https:\/\/progettotouring.it\/radiotouring104\/wp-json\/wp\/v2\/posts\/24469\/revisions\/24470"}],"wp:featuredmedia":[{"embeddable":true,"href":"https:\/\/progettotouring.it\/radiotouring104\/wp-json\/wp\/v2\/media\/22744"}],"wp:attachment":[{"href":"https:\/\/progettotouring.it\/radiotouring104\/wp-json\/wp\/v2\/media?parent=24469"}],"wp:term":[{"taxonomy":"category","embeddable":true,"href":"https:\/\/progettotouring.it\/radiotouring104\/wp-json\/wp\/v2\/categories?post=24469"},{"taxonomy":"post_tag","embeddable":true,"href":"https:\/\/progettotouring.it\/radiotouring104\/wp-json\/wp\/v2\/tags?post=24469"}],"curies":[{"name":"wp","href":"https:\/\/api.w.org\/{rel}","templated":true}]}}