{"id":24694,"date":"2023-05-03T09:58:16","date_gmt":"2023-05-03T07:58:16","guid":{"rendered":"https:\/\/progettotouring.it\/radiotouring104\/?p=24694"},"modified":"2023-05-03T09:58:16","modified_gmt":"2023-05-03T07:58:16","slug":"marrc-domani-si-celebra-il-connubio-tra-cultura-e-istruzione","status":"publish","type":"post","link":"https:\/\/progettotouring.it\/radiotouring104\/2023\/05\/03\/marrc-domani-si-celebra-il-connubio-tra-cultura-e-istruzione\/","title":{"rendered":"MArRC, domani si celebra il connubio tra cultura e istruzione"},"content":{"rendered":"<p style=\"text-align: justify\"><strong>Dopo il grande successo<\/strong> degli ultimi giorni, con <strong>15688 ingressi<\/strong> al Museo Archeologico Nazionale di Reggio Calabria, un\u2019altra giornata di grandi flussi al MArRC,<strong> con 1533 visitatori nella sola giornata di marted\u00ec<\/strong> 2 maggio.<\/p>\n<p style=\"text-align: justify\">Il Museo prosegue la sua mission di luogo della cultura anche in sinergia con le scuole del territorio. Si avviano a conclusione le attivit\u00e0 svolte nell\u2019ambito della<strong> convenzione stipulata con I.I.S. \u201cNostro \u2013 Repaci\u201d<\/strong> di Villa San Giovanni, finalizzata alla <strong>realizzazione di un Percorso per le competenze trasversali e l&#8217;orientamento (PCTO<\/strong>), che ha costituito una esperienza formativa significativa per un gruppo di studenti della classe 3 B del Liceo indirizzo Linguistico.<\/p>\n<p style=\"text-align: justify\">Gli studenti, sotto la guida del funzionario<strong> Maria Domenica Lo Faro<\/strong> e alla presenza attenta a costante dell\u2019insegnate prof.ssa<strong> Gabriella Romeo,<\/strong> si sono impegnati attivamente nella progettazione e realizzazione di approfondimenti tematici destinati a giovani visitatori stranieri, nella veste di \u201ceducatori al patrimonio culturale\u201d.<\/p>\n<p style=\"text-align: justify\">Infatti, partendo dalle solide competenze possedute, gli studenti e le studentesse hanno dapprima individuato e studiato tre percorsi tematici nell\u2019ambito dei miti greci, raccontati attraverso i reperti esposti in museo e declinati con l\u2019uso di linguaggi creativi, come il fumetto e il cartone animato, traducendo i contenuti in lingua straniera per rendere il prodotto finale fruibile anche dai visitatori stranieri pi\u00f9 piccoli.<\/p>\n<p style=\"text-align: justify\">\u00ab<em>\u00c8 stato davvero molto soddisfacente condurre le attivit\u00e0 formative<\/em> \u2013 commenta la<strong> dott.ssa Lo Faro<\/strong> \u2013<em> constatando l\u2019entusiasmo sincero e l\u2019impegno costante manifestato dai ragazzi in tutte le fasi del percorso, da quella progettuale alla raccolta di informazioni e immagini, allo sviluppo dei testi e alla realizzazione pratica dei temi scelti. Il risultato conseguito, originale nella forma espressiva e accurato nei dettagli, \u00e8 certamente parte concreta del bagaglio formativo di questi studenti e studentesse, che hanno messo in pratica in maniera soddisfacente le competenze acquisite a scuola<\/em>\u00bb.<\/p>\n<p style=\"text-align: justify\">I lavori degli studenti sono stati presentati ufficialmente alla dirigente scolastica che con grande soddisfazione sottolinea gli ottimi risultati ottenuti dalla proficua collaborazione con il MArRC.<\/p>\n<p style=\"text-align: justify\">\u00ab<em>Facendo leva sui prerequisiti e le conoscenze gi\u00e0 in possesso delle studentesse e degli studenti, sono stati coinvolti attivamente i ragazzi nelle attivit\u00e0 lavorative del Museo, spronandoli a misurarsi con nuove forme espressive e modalit\u00e0 attuali per comunicare l\u2019antico<\/em>\u00bb aggiunge la <strong>dott.ssa Lo Faro.<\/strong><\/p>\n<p style=\"text-align: justify\">Anche il direttore del Museo, <strong>Carmelo Malacrino,<\/strong> esprime viva soddisfazione: \u00ab<em>Dopo due anni di sospensione forzata a causa dell\u2019emergenza epidemiologica, le attivit\u00e0 di formazione al MArRC sono ripartite in presenza con grande slancio: gli studenti e le studentesse hanno colto questa occasione di approfondimento e formazione, si sono confrontati con i percorsi museali e i reperti in mostra e hanno prodotto dei lavori di grande interesse con lo scopo di veicolare la conoscenza dell\u2019antico. Anche queste attivit\u00e0 danno valore a un Museo<\/em>\u00bb.<\/p>\n<p style=\"text-align: justify\">\n","protected":false},"excerpt":{"rendered":"<p>Dopo il grande successo degli ultimi giorni, con 15688 ingressi al Museo Archeologico Nazionale di Reggio Calabria, un\u2019altra giornata di grandi flussi al MArRC, con 1533 visitatori nella sola giornata&hellip;<\/p>\n","protected":false},"author":12,"featured_media":3330,"comment_status":"closed","ping_status":"open","sticky":false,"template":"","format":"standard","meta":{"_jetpack_memberships_contains_paid_content":false,"footnotes":"","jetpack_publicize_message":"","jetpack_publicize_feature_enabled":true,"jetpack_social_post_already_shared":false,"jetpack_social_options":{"image_generator_settings":{"template":"highway","default_image_id":0,"font":"","enabled":false},"version":2}},"categories":[921,196,140],"tags":[488,14239,9568,479,14238,14240],"class_list":["post-24694","post","type-post","status-publish","format-standard","has-post-thumbnail","hentry","category-home","category-news","category-reggio-calabria","tag-carmelo-malacrino","tag-funzionario-maria-domenica-lo-faro","tag-istituto-nostro-repaci","tag-marrc","tag-percorso-per-le-competenze-trasversali-e-lorientamento-pcto","tag-prof-ssa-gabriella-romeo"],"yoast_head":"<!-- This site is optimized with the Yoast SEO plugin v27.2 - https:\/\/yoast.com\/product\/yoast-seo-wordpress\/ -->\n<title>MArRC, domani si celebra il connubio tra cultura e istruzione<\/title>\n<meta name=\"description\" content=\"In conclusione attivit\u00e0 svolte sulla convenzione stipulata con I.I.S. \u201cNostro \u2013 Repaci&quot;, finalizzata ad percorso per le competenze trasversali\" \/>\n<meta name=\"robots\" content=\"index, follow, max-snippet:-1, max-image-preview:large, max-video-preview:-1\" \/>\n<link rel=\"canonical\" href=\"https:\/\/progettotouring.it\/radiotouring104\/2023\/05\/03\/marrc-domani-si-celebra-il-connubio-tra-cultura-e-istruzione\/\" \/>\n<meta property=\"og:locale\" content=\"it_IT\" \/>\n<meta property=\"og:type\" content=\"article\" \/>\n<meta property=\"og:title\" content=\"MArRC, domani si celebra il connubio tra cultura e istruzione\" \/>\n<meta property=\"og:description\" content=\"In conclusione attivit\u00e0 svolte sulla convenzione stipulata con I.I.S. \u201cNostro \u2013 Repaci&quot;, finalizzata ad percorso per le competenze trasversali\" \/>\n<meta property=\"og:url\" content=\"https:\/\/progettotouring.it\/radiotouring104\/2023\/05\/03\/marrc-domani-si-celebra-il-connubio-tra-cultura-e-istruzione\/\" \/>\n<meta property=\"og:site_name\" content=\"Radio Touring 104\" \/>\n<meta property=\"article:published_time\" content=\"2023-05-03T07:58:16+00:00\" \/>\n<meta property=\"og:image\" content=\"https:\/\/progettotouring.it\/radiotouring104\/wp-content\/uploads\/sites\/6\/2022\/03\/MARRC.jpg\" \/>\n\t<meta property=\"og:image:width\" content=\"460\" \/>\n\t<meta property=\"og:image:height\" content=\"250\" \/>\n\t<meta property=\"og:image:type\" content=\"image\/jpeg\" \/>\n<meta name=\"author\" content=\"Sebastiano Plutino\" \/>\n<meta name=\"twitter:card\" content=\"summary_large_image\" \/>\n<meta name=\"twitter:label1\" content=\"Scritto da\" \/>\n\t<meta name=\"twitter:data1\" content=\"Sebastiano Plutino\" \/>\n\t<meta name=\"twitter:label2\" content=\"Tempo di lettura stimato\" \/>\n\t<meta name=\"twitter:data2\" content=\"2 minuti\" \/>\n<script type=\"application\/ld+json\" class=\"yoast-schema-graph\">{\"@context\":\"https:\/\/schema.org\",\"@graph\":[{\"@type\":\"Article\",\"@id\":\"https:\/\/progettotouring.it\/radiotouring104\/2023\/05\/03\/marrc-domani-si-celebra-il-connubio-tra-cultura-e-istruzione\/#article\",\"isPartOf\":{\"@id\":\"https:\/\/progettotouring.it\/radiotouring104\/2023\/05\/03\/marrc-domani-si-celebra-il-connubio-tra-cultura-e-istruzione\/\"},\"author\":{\"name\":\"Sebastiano Plutino\",\"@id\":\"https:\/\/progettotouring.it\/radiotouring104\/#\/schema\/person\/78613917f1851f041f7483f5af1d422e\"},\"headline\":\"MArRC, domani si celebra il connubio tra cultura e istruzione\",\"datePublished\":\"2023-05-03T07:58:16+00:00\",\"mainEntityOfPage\":{\"@id\":\"https:\/\/progettotouring.it\/radiotouring104\/2023\/05\/03\/marrc-domani-si-celebra-il-connubio-tra-cultura-e-istruzione\/\"},\"wordCount\":466,\"publisher\":{\"@id\":\"https:\/\/progettotouring.it\/radiotouring104\/#organization\"},\"image\":{\"@id\":\"https:\/\/progettotouring.it\/radiotouring104\/2023\/05\/03\/marrc-domani-si-celebra-il-connubio-tra-cultura-e-istruzione\/#primaryimage\"},\"thumbnailUrl\":\"https:\/\/progettotouring.it\/radiotouring104\/wp-content\/uploads\/sites\/6\/2022\/03\/MARRC.jpg\",\"keywords\":[\"Carmelo Malacrino\",\"funzionario Maria Domenica Lo Faro\",\"Istituto \\\"Nostro-Repaci\\\"\",\"MArRC\",\"Percorso per le competenze trasversali e l'orientamento (PCTO)\",\"prof.ssa Gabriella Romeo\"],\"articleSection\":[\"Home\",\"News\",\"Reggio Calabria\"],\"inLanguage\":\"it-IT\"},{\"@type\":\"WebPage\",\"@id\":\"https:\/\/progettotouring.it\/radiotouring104\/2023\/05\/03\/marrc-domani-si-celebra-il-connubio-tra-cultura-e-istruzione\/\",\"url\":\"https:\/\/progettotouring.it\/radiotouring104\/2023\/05\/03\/marrc-domani-si-celebra-il-connubio-tra-cultura-e-istruzione\/\",\"name\":\"MArRC, domani si celebra il connubio tra cultura e istruzione\",\"isPartOf\":{\"@id\":\"https:\/\/progettotouring.it\/radiotouring104\/#website\"},\"primaryImageOfPage\":{\"@id\":\"https:\/\/progettotouring.it\/radiotouring104\/2023\/05\/03\/marrc-domani-si-celebra-il-connubio-tra-cultura-e-istruzione\/#primaryimage\"},\"image\":{\"@id\":\"https:\/\/progettotouring.it\/radiotouring104\/2023\/05\/03\/marrc-domani-si-celebra-il-connubio-tra-cultura-e-istruzione\/#primaryimage\"},\"thumbnailUrl\":\"https:\/\/progettotouring.it\/radiotouring104\/wp-content\/uploads\/sites\/6\/2022\/03\/MARRC.jpg\",\"datePublished\":\"2023-05-03T07:58:16+00:00\",\"description\":\"In conclusione attivit\u00e0 svolte sulla convenzione stipulata con I.I.S. \u201cNostro \u2013 Repaci\\\", finalizzata ad percorso per le competenze trasversali\",\"breadcrumb\":{\"@id\":\"https:\/\/progettotouring.it\/radiotouring104\/2023\/05\/03\/marrc-domani-si-celebra-il-connubio-tra-cultura-e-istruzione\/#breadcrumb\"},\"inLanguage\":\"it-IT\",\"potentialAction\":[{\"@type\":\"ReadAction\",\"target\":[\"https:\/\/progettotouring.it\/radiotouring104\/2023\/05\/03\/marrc-domani-si-celebra-il-connubio-tra-cultura-e-istruzione\/\"]}]},{\"@type\":\"ImageObject\",\"inLanguage\":\"it-IT\",\"@id\":\"https:\/\/progettotouring.it\/radiotouring104\/2023\/05\/03\/marrc-domani-si-celebra-il-connubio-tra-cultura-e-istruzione\/#primaryimage\",\"url\":\"https:\/\/progettotouring.it\/radiotouring104\/wp-content\/uploads\/sites\/6\/2022\/03\/MARRC.jpg\",\"contentUrl\":\"https:\/\/progettotouring.it\/radiotouring104\/wp-content\/uploads\/sites\/6\/2022\/03\/MARRC.jpg\",\"width\":460,\"height\":250,\"caption\":\"museo Reggio\"},{\"@type\":\"BreadcrumbList\",\"@id\":\"https:\/\/progettotouring.it\/radiotouring104\/2023\/05\/03\/marrc-domani-si-celebra-il-connubio-tra-cultura-e-istruzione\/#breadcrumb\",\"itemListElement\":[{\"@type\":\"ListItem\",\"position\":1,\"name\":\"Home\",\"item\":\"https:\/\/progettotouring.it\/radiotouring104\/\"},{\"@type\":\"ListItem\",\"position\":2,\"name\":\"MArRC, domani si celebra il connubio tra cultura e istruzione\"}]},{\"@type\":\"WebSite\",\"@id\":\"https:\/\/progettotouring.it\/radiotouring104\/#website\",\"url\":\"https:\/\/progettotouring.it\/radiotouring104\/\",\"name\":\"Radio Touring 104\",\"description\":\"La prima radio Reggina\",\"publisher\":{\"@id\":\"https:\/\/progettotouring.it\/radiotouring104\/#organization\"},\"potentialAction\":[{\"@type\":\"SearchAction\",\"target\":{\"@type\":\"EntryPoint\",\"urlTemplate\":\"https:\/\/progettotouring.it\/radiotouring104\/?s={search_term_string}\"},\"query-input\":{\"@type\":\"PropertyValueSpecification\",\"valueRequired\":true,\"valueName\":\"search_term_string\"}}],\"inLanguage\":\"it-IT\"},{\"@type\":\"Organization\",\"@id\":\"https:\/\/progettotouring.it\/radiotouring104\/#organization\",\"name\":\"Radio Touring 104\",\"url\":\"https:\/\/progettotouring.it\/radiotouring104\/\",\"logo\":{\"@type\":\"ImageObject\",\"inLanguage\":\"it-IT\",\"@id\":\"https:\/\/progettotouring.it\/radiotouring104\/#\/schema\/logo\/image\/\",\"url\":\"https:\/\/progettotouring.it\/radiotouring104\/wp-content\/uploads\/sites\/6\/2022\/02\/cropped-logo-radio-touring-104.png\",\"contentUrl\":\"https:\/\/progettotouring.it\/radiotouring104\/wp-content\/uploads\/sites\/6\/2022\/02\/cropped-logo-radio-touring-104.png\",\"width\":377,\"height\":182,\"caption\":\"Radio Touring 104\"},\"image\":{\"@id\":\"https:\/\/progettotouring.it\/radiotouring104\/#\/schema\/logo\/image\/\"}},{\"@type\":\"Person\",\"@id\":\"https:\/\/progettotouring.it\/radiotouring104\/#\/schema\/person\/78613917f1851f041f7483f5af1d422e\",\"name\":\"Sebastiano Plutino\",\"image\":{\"@type\":\"ImageObject\",\"inLanguage\":\"it-IT\",\"@id\":\"https:\/\/secure.gravatar.com\/avatar\/0546ffaa9b79224faf9f2a156b67a529ae861d3287c66c1d8ccfdf909bcba78d?s=96&d=mm&r=g\",\"url\":\"https:\/\/secure.gravatar.com\/avatar\/0546ffaa9b79224faf9f2a156b67a529ae861d3287c66c1d8ccfdf909bcba78d?s=96&d=mm&r=g\",\"contentUrl\":\"https:\/\/secure.gravatar.com\/avatar\/0546ffaa9b79224faf9f2a156b67a529ae861d3287c66c1d8ccfdf909bcba78d?s=96&d=mm&r=g\",\"caption\":\"Sebastiano Plutino\"},\"url\":\"https:\/\/progettotouring.it\/radiotouring104\/author\/sebastiano\/\"}]}<\/script>\n<!-- \/ Yoast SEO plugin. -->","yoast_head_json":{"title":"MArRC, domani si celebra il connubio tra cultura e istruzione","description":"In conclusione attivit\u00e0 svolte sulla convenzione stipulata con I.I.S. \u201cNostro \u2013 Repaci\", finalizzata ad percorso per le competenze trasversali","robots":{"index":"index","follow":"follow","max-snippet":"max-snippet:-1","max-image-preview":"max-image-preview:large","max-video-preview":"max-video-preview:-1"},"canonical":"https:\/\/progettotouring.it\/radiotouring104\/2023\/05\/03\/marrc-domani-si-celebra-il-connubio-tra-cultura-e-istruzione\/","og_locale":"it_IT","og_type":"article","og_title":"MArRC, domani si celebra il connubio tra cultura e istruzione","og_description":"In conclusione attivit\u00e0 svolte sulla convenzione stipulata con I.I.S. \u201cNostro \u2013 Repaci\", finalizzata ad percorso per le competenze trasversali","og_url":"https:\/\/progettotouring.it\/radiotouring104\/2023\/05\/03\/marrc-domani-si-celebra-il-connubio-tra-cultura-e-istruzione\/","og_site_name":"Radio Touring 104","article_published_time":"2023-05-03T07:58:16+00:00","og_image":[{"width":460,"height":250,"url":"https:\/\/progettotouring.it\/radiotouring104\/wp-content\/uploads\/sites\/6\/2022\/03\/MARRC.jpg","type":"image\/jpeg"}],"author":"Sebastiano Plutino","twitter_card":"summary_large_image","twitter_misc":{"Scritto da":"Sebastiano Plutino","Tempo di lettura stimato":"2 minuti"},"schema":{"@context":"https:\/\/schema.org","@graph":[{"@type":"Article","@id":"https:\/\/progettotouring.it\/radiotouring104\/2023\/05\/03\/marrc-domani-si-celebra-il-connubio-tra-cultura-e-istruzione\/#article","isPartOf":{"@id":"https:\/\/progettotouring.it\/radiotouring104\/2023\/05\/03\/marrc-domani-si-celebra-il-connubio-tra-cultura-e-istruzione\/"},"author":{"name":"Sebastiano Plutino","@id":"https:\/\/progettotouring.it\/radiotouring104\/#\/schema\/person\/78613917f1851f041f7483f5af1d422e"},"headline":"MArRC, domani si celebra il connubio tra cultura e istruzione","datePublished":"2023-05-03T07:58:16+00:00","mainEntityOfPage":{"@id":"https:\/\/progettotouring.it\/radiotouring104\/2023\/05\/03\/marrc-domani-si-celebra-il-connubio-tra-cultura-e-istruzione\/"},"wordCount":466,"publisher":{"@id":"https:\/\/progettotouring.it\/radiotouring104\/#organization"},"image":{"@id":"https:\/\/progettotouring.it\/radiotouring104\/2023\/05\/03\/marrc-domani-si-celebra-il-connubio-tra-cultura-e-istruzione\/#primaryimage"},"thumbnailUrl":"https:\/\/progettotouring.it\/radiotouring104\/wp-content\/uploads\/sites\/6\/2022\/03\/MARRC.jpg","keywords":["Carmelo Malacrino","funzionario Maria Domenica Lo Faro","Istituto \"Nostro-Repaci\"","MArRC","Percorso per le competenze trasversali e l'orientamento (PCTO)","prof.ssa Gabriella Romeo"],"articleSection":["Home","News","Reggio Calabria"],"inLanguage":"it-IT"},{"@type":"WebPage","@id":"https:\/\/progettotouring.it\/radiotouring104\/2023\/05\/03\/marrc-domani-si-celebra-il-connubio-tra-cultura-e-istruzione\/","url":"https:\/\/progettotouring.it\/radiotouring104\/2023\/05\/03\/marrc-domani-si-celebra-il-connubio-tra-cultura-e-istruzione\/","name":"MArRC, domani si celebra il connubio tra cultura e istruzione","isPartOf":{"@id":"https:\/\/progettotouring.it\/radiotouring104\/#website"},"primaryImageOfPage":{"@id":"https:\/\/progettotouring.it\/radiotouring104\/2023\/05\/03\/marrc-domani-si-celebra-il-connubio-tra-cultura-e-istruzione\/#primaryimage"},"image":{"@id":"https:\/\/progettotouring.it\/radiotouring104\/2023\/05\/03\/marrc-domani-si-celebra-il-connubio-tra-cultura-e-istruzione\/#primaryimage"},"thumbnailUrl":"https:\/\/progettotouring.it\/radiotouring104\/wp-content\/uploads\/sites\/6\/2022\/03\/MARRC.jpg","datePublished":"2023-05-03T07:58:16+00:00","description":"In conclusione attivit\u00e0 svolte sulla convenzione stipulata con I.I.S. \u201cNostro \u2013 Repaci\", finalizzata ad percorso per le competenze trasversali","breadcrumb":{"@id":"https:\/\/progettotouring.it\/radiotouring104\/2023\/05\/03\/marrc-domani-si-celebra-il-connubio-tra-cultura-e-istruzione\/#breadcrumb"},"inLanguage":"it-IT","potentialAction":[{"@type":"ReadAction","target":["https:\/\/progettotouring.it\/radiotouring104\/2023\/05\/03\/marrc-domani-si-celebra-il-connubio-tra-cultura-e-istruzione\/"]}]},{"@type":"ImageObject","inLanguage":"it-IT","@id":"https:\/\/progettotouring.it\/radiotouring104\/2023\/05\/03\/marrc-domani-si-celebra-il-connubio-tra-cultura-e-istruzione\/#primaryimage","url":"https:\/\/progettotouring.it\/radiotouring104\/wp-content\/uploads\/sites\/6\/2022\/03\/MARRC.jpg","contentUrl":"https:\/\/progettotouring.it\/radiotouring104\/wp-content\/uploads\/sites\/6\/2022\/03\/MARRC.jpg","width":460,"height":250,"caption":"museo Reggio"},{"@type":"BreadcrumbList","@id":"https:\/\/progettotouring.it\/radiotouring104\/2023\/05\/03\/marrc-domani-si-celebra-il-connubio-tra-cultura-e-istruzione\/#breadcrumb","itemListElement":[{"@type":"ListItem","position":1,"name":"Home","item":"https:\/\/progettotouring.it\/radiotouring104\/"},{"@type":"ListItem","position":2,"name":"MArRC, domani si celebra il connubio tra cultura e istruzione"}]},{"@type":"WebSite","@id":"https:\/\/progettotouring.it\/radiotouring104\/#website","url":"https:\/\/progettotouring.it\/radiotouring104\/","name":"Radio Touring 104","description":"La prima radio Reggina","publisher":{"@id":"https:\/\/progettotouring.it\/radiotouring104\/#organization"},"potentialAction":[{"@type":"SearchAction","target":{"@type":"EntryPoint","urlTemplate":"https:\/\/progettotouring.it\/radiotouring104\/?s={search_term_string}"},"query-input":{"@type":"PropertyValueSpecification","valueRequired":true,"valueName":"search_term_string"}}],"inLanguage":"it-IT"},{"@type":"Organization","@id":"https:\/\/progettotouring.it\/radiotouring104\/#organization","name":"Radio Touring 104","url":"https:\/\/progettotouring.it\/radiotouring104\/","logo":{"@type":"ImageObject","inLanguage":"it-IT","@id":"https:\/\/progettotouring.it\/radiotouring104\/#\/schema\/logo\/image\/","url":"https:\/\/progettotouring.it\/radiotouring104\/wp-content\/uploads\/sites\/6\/2022\/02\/cropped-logo-radio-touring-104.png","contentUrl":"https:\/\/progettotouring.it\/radiotouring104\/wp-content\/uploads\/sites\/6\/2022\/02\/cropped-logo-radio-touring-104.png","width":377,"height":182,"caption":"Radio Touring 104"},"image":{"@id":"https:\/\/progettotouring.it\/radiotouring104\/#\/schema\/logo\/image\/"}},{"@type":"Person","@id":"https:\/\/progettotouring.it\/radiotouring104\/#\/schema\/person\/78613917f1851f041f7483f5af1d422e","name":"Sebastiano Plutino","image":{"@type":"ImageObject","inLanguage":"it-IT","@id":"https:\/\/secure.gravatar.com\/avatar\/0546ffaa9b79224faf9f2a156b67a529ae861d3287c66c1d8ccfdf909bcba78d?s=96&d=mm&r=g","url":"https:\/\/secure.gravatar.com\/avatar\/0546ffaa9b79224faf9f2a156b67a529ae861d3287c66c1d8ccfdf909bcba78d?s=96&d=mm&r=g","contentUrl":"https:\/\/secure.gravatar.com\/avatar\/0546ffaa9b79224faf9f2a156b67a529ae861d3287c66c1d8ccfdf909bcba78d?s=96&d=mm&r=g","caption":"Sebastiano Plutino"},"url":"https:\/\/progettotouring.it\/radiotouring104\/author\/sebastiano\/"}]}},"jetpack_publicize_connections":[],"jetpack_featured_media_url":"https:\/\/progettotouring.it\/radiotouring104\/wp-content\/uploads\/sites\/6\/2022\/03\/MARRC.jpg","jetpack_sharing_enabled":true,"_links":{"self":[{"href":"https:\/\/progettotouring.it\/radiotouring104\/wp-json\/wp\/v2\/posts\/24694","targetHints":{"allow":["GET"]}}],"collection":[{"href":"https:\/\/progettotouring.it\/radiotouring104\/wp-json\/wp\/v2\/posts"}],"about":[{"href":"https:\/\/progettotouring.it\/radiotouring104\/wp-json\/wp\/v2\/types\/post"}],"author":[{"embeddable":true,"href":"https:\/\/progettotouring.it\/radiotouring104\/wp-json\/wp\/v2\/users\/12"}],"replies":[{"embeddable":true,"href":"https:\/\/progettotouring.it\/radiotouring104\/wp-json\/wp\/v2\/comments?post=24694"}],"version-history":[{"count":1,"href":"https:\/\/progettotouring.it\/radiotouring104\/wp-json\/wp\/v2\/posts\/24694\/revisions"}],"predecessor-version":[{"id":24695,"href":"https:\/\/progettotouring.it\/radiotouring104\/wp-json\/wp\/v2\/posts\/24694\/revisions\/24695"}],"wp:featuredmedia":[{"embeddable":true,"href":"https:\/\/progettotouring.it\/radiotouring104\/wp-json\/wp\/v2\/media\/3330"}],"wp:attachment":[{"href":"https:\/\/progettotouring.it\/radiotouring104\/wp-json\/wp\/v2\/media?parent=24694"}],"wp:term":[{"taxonomy":"category","embeddable":true,"href":"https:\/\/progettotouring.it\/radiotouring104\/wp-json\/wp\/v2\/categories?post=24694"},{"taxonomy":"post_tag","embeddable":true,"href":"https:\/\/progettotouring.it\/radiotouring104\/wp-json\/wp\/v2\/tags?post=24694"}],"curies":[{"name":"wp","href":"https:\/\/api.w.org\/{rel}","templated":true}]}}