{"id":24696,"date":"2023-05-03T10:15:06","date_gmt":"2023-05-03T08:15:06","guid":{"rendered":"https:\/\/progettotouring.it\/radiotouring104\/?p=24696"},"modified":"2023-05-04T10:40:43","modified_gmt":"2023-05-04T08:40:43","slug":"circolo-velico-prima-tappa-del-torneo-filippi-due-ori-per-cirillo","status":"publish","type":"post","link":"https:\/\/progettotouring.it\/radiotouring104\/2023\/05\/03\/circolo-velico-prima-tappa-del-torneo-filippi-due-ori-per-cirillo\/","title":{"rendered":"Circolo Velico prima tappa del Torneo Filippi. Due ori per Cirillo"},"content":{"rendered":"<p style=\"text-align: justify;\">Lo scorso week end, nella splendida cornice del <strong>golfo di Mondello<\/strong> si \u00e8 svolta la <strong>1\u00b0 tappa del trofeo \u201cLIDO FILIPPI\u201d di Coastal Rowing<\/strong>, ovvero la disciplina del canottaggio costiero praticato su imbarcazioni performanti in grado di navigare anche con condizioni di mare mosso.<\/p>\n<p style=\"text-align: justify;\">Alla manifestazione dove hanno partecipato<strong> ben oltre 250 atleti<\/strong> provenienti da 11 regioni di Italia, il <strong>Circolo Velico di Reggio Calabria<\/strong> \u2013 sez. canottaggio, con il suo atleta <strong>Vincenzo Cirillo, ha ottenuto 2 medaglie d\u2019oro<\/strong>. \u00a0La prima nella categoria singolo Master e la seconda nella suggestiva disciplina del quattro master con altri 3 atleti della <strong>Lega Navale di Barletta.<\/strong><\/p>\n<p style=\"text-align: justify;\">\u00a0\u201c<em>Sicuramente un buon esordio stagionale<\/em><strong>,<\/strong> &#8211; ha commentato Il canottiere Vincenzo Cirillo- <em>guadagnare il gradino pi\u00f9 alto del podio \u00e8 sempre una bella soddisfazione, spero di continuare a fare bene anche nelle prossime regate. Ringrazio il Presidente e tutto il direttivo del Circolo Velico di Reggio Calabria per permettermi di praticare questo sport portando in Italia i colori di questa splendida citt\u00e0<\/em>\u201d.<\/p>\n<p style=\"text-align: justify;\">Il prossimo appuntamento remiero vedr\u00e0 impegnato il CVR a fine maggio per la seconda tappa del trofeo \u201cLIDO FILIPPI\u201d a Venezia.<\/p>\n<p style=\"text-align: justify;\">Bisogna ricordare che \u00e8 attiva la sezione Canottaggio presso il Circolo Velico Reggio dove si pu\u00f2 praticare la disciplina del Coastal Rowing e la iscrizione \u00e8 aperta a tutti.<\/p>\n<p>&nbsp;<\/p>\n<p>&nbsp;<\/p>\n","protected":false},"excerpt":{"rendered":"<p>Lo scorso week end, nella splendida cornice del golfo di Mondello si \u00e8 svolta la 1\u00b0 tappa del trofeo \u201cLIDO FILIPPI\u201d di Coastal Rowing, ovvero la disciplina del canottaggio costiero&hellip;<\/p>\n","protected":false},"author":12,"featured_media":24811,"comment_status":"closed","ping_status":"open","sticky":false,"template":"","format":"standard","meta":{"_jetpack_memberships_contains_paid_content":false,"footnotes":"","jetpack_publicize_message":"","jetpack_publicize_feature_enabled":true,"jetpack_social_post_already_shared":false,"jetpack_social_options":{"image_generator_settings":{"template":"highway","default_image_id":0,"font":"","enabled":false},"version":2}},"categories":[196,140,144],"tags":[14245,14244,14243,12705,14241,14242],"class_list":["post-24696","post","type-post","status-publish","format-standard","has-post-thumbnail","hentry","category-news","category-reggio-calabria","category-sport","tag-2-medaglie-doro-conquistate","tag-atleta-vincenzo-cirillo","tag-circolo-velico-di-reggio-calabria","tag-coastal-rowing","tag-golfo-di-mondello","tag-trofeo-lido-filippi"],"yoast_head":"<!-- This site is optimized with the Yoast SEO plugin v27.2 - https:\/\/yoast.com\/product\/yoast-seo-wordpress\/ -->\n<title>Circolo Velico prima tappa del Torneo Filippi. Due ori per Cirillo<\/title>\n<meta name=\"description\" content=\"Alla manifestazione hanno partecipato 250 atleti. il Circolo Velico con Vincenzo Cirillo che ha ottenuto 2 medaglie d\u2019oro\" \/>\n<meta name=\"robots\" content=\"index, follow, max-snippet:-1, max-image-preview:large, max-video-preview:-1\" \/>\n<link rel=\"canonical\" href=\"https:\/\/progettotouring.it\/radiotouring104\/2023\/05\/03\/circolo-velico-prima-tappa-del-torneo-filippi-due-ori-per-cirillo\/\" \/>\n<meta property=\"og:locale\" content=\"it_IT\" \/>\n<meta property=\"og:type\" content=\"article\" \/>\n<meta property=\"og:title\" content=\"Circolo Velico prima tappa del Torneo Filippi. Due ori per Cirillo\" \/>\n<meta property=\"og:description\" content=\"Alla manifestazione hanno partecipato 250 atleti. il Circolo Velico con Vincenzo Cirillo che ha ottenuto 2 medaglie d\u2019oro\" \/>\n<meta property=\"og:url\" content=\"https:\/\/progettotouring.it\/radiotouring104\/2023\/05\/03\/circolo-velico-prima-tappa-del-torneo-filippi-due-ori-per-cirillo\/\" \/>\n<meta property=\"og:site_name\" content=\"Radio Touring 104\" \/>\n<meta property=\"article:published_time\" content=\"2023-05-03T08:15:06+00:00\" \/>\n<meta property=\"article:modified_time\" content=\"2023-05-04T08:40:43+00:00\" \/>\n<meta property=\"og:image\" content=\"https:\/\/progettotouring.it\/radiotouring104\/wp-content\/uploads\/sites\/6\/2023\/05\/circolo-velico-1.jpg\" \/>\n\t<meta property=\"og:image:width\" content=\"1530\" \/>\n\t<meta property=\"og:image:height\" content=\"752\" \/>\n\t<meta property=\"og:image:type\" content=\"image\/jpeg\" \/>\n<meta name=\"author\" content=\"Sebastiano Plutino\" \/>\n<meta name=\"twitter:card\" content=\"summary_large_image\" \/>\n<meta name=\"twitter:label1\" content=\"Scritto da\" \/>\n\t<meta name=\"twitter:data1\" content=\"Sebastiano Plutino\" \/>\n\t<meta name=\"twitter:label2\" content=\"Tempo di lettura stimato\" \/>\n\t<meta name=\"twitter:data2\" content=\"1 minuto\" \/>\n<script type=\"application\/ld+json\" class=\"yoast-schema-graph\">{\"@context\":\"https:\/\/schema.org\",\"@graph\":[{\"@type\":\"Article\",\"@id\":\"https:\/\/progettotouring.it\/radiotouring104\/2023\/05\/03\/circolo-velico-prima-tappa-del-torneo-filippi-due-ori-per-cirillo\/#article\",\"isPartOf\":{\"@id\":\"https:\/\/progettotouring.it\/radiotouring104\/2023\/05\/03\/circolo-velico-prima-tappa-del-torneo-filippi-due-ori-per-cirillo\/\"},\"author\":{\"name\":\"Sebastiano Plutino\",\"@id\":\"https:\/\/progettotouring.it\/radiotouring104\/#\/schema\/person\/78613917f1851f041f7483f5af1d422e\"},\"headline\":\"Circolo Velico prima tappa del Torneo Filippi. Due ori per Cirillo\",\"datePublished\":\"2023-05-03T08:15:06+00:00\",\"dateModified\":\"2023-05-04T08:40:43+00:00\",\"mainEntityOfPage\":{\"@id\":\"https:\/\/progettotouring.it\/radiotouring104\/2023\/05\/03\/circolo-velico-prima-tappa-del-torneo-filippi-due-ori-per-cirillo\/\"},\"wordCount\":219,\"publisher\":{\"@id\":\"https:\/\/progettotouring.it\/radiotouring104\/#organization\"},\"image\":{\"@id\":\"https:\/\/progettotouring.it\/radiotouring104\/2023\/05\/03\/circolo-velico-prima-tappa-del-torneo-filippi-due-ori-per-cirillo\/#primaryimage\"},\"thumbnailUrl\":\"https:\/\/progettotouring.it\/radiotouring104\/wp-content\/uploads\/sites\/6\/2023\/05\/circolo-velico-1.jpg\",\"keywords\":[\"2 medaglie d'oro conquistate\",\"atleta Vincenzo Cirillo\",\"Circolo Velico di Reggio Calabria\",\"Coastal Rowing\",\"golfo di Mondello\",\"trofeo \u201cLIDO FILIPPI\u201d\"],\"articleSection\":[\"News\",\"Reggio Calabria\",\"Sport\"],\"inLanguage\":\"it-IT\"},{\"@type\":\"WebPage\",\"@id\":\"https:\/\/progettotouring.it\/radiotouring104\/2023\/05\/03\/circolo-velico-prima-tappa-del-torneo-filippi-due-ori-per-cirillo\/\",\"url\":\"https:\/\/progettotouring.it\/radiotouring104\/2023\/05\/03\/circolo-velico-prima-tappa-del-torneo-filippi-due-ori-per-cirillo\/\",\"name\":\"Circolo Velico prima tappa del Torneo Filippi. Due ori per Cirillo\",\"isPartOf\":{\"@id\":\"https:\/\/progettotouring.it\/radiotouring104\/#website\"},\"primaryImageOfPage\":{\"@id\":\"https:\/\/progettotouring.it\/radiotouring104\/2023\/05\/03\/circolo-velico-prima-tappa-del-torneo-filippi-due-ori-per-cirillo\/#primaryimage\"},\"image\":{\"@id\":\"https:\/\/progettotouring.it\/radiotouring104\/2023\/05\/03\/circolo-velico-prima-tappa-del-torneo-filippi-due-ori-per-cirillo\/#primaryimage\"},\"thumbnailUrl\":\"https:\/\/progettotouring.it\/radiotouring104\/wp-content\/uploads\/sites\/6\/2023\/05\/circolo-velico-1.jpg\",\"datePublished\":\"2023-05-03T08:15:06+00:00\",\"dateModified\":\"2023-05-04T08:40:43+00:00\",\"description\":\"Alla manifestazione hanno partecipato 250 atleti. il Circolo Velico con Vincenzo Cirillo che ha ottenuto 2 medaglie d\u2019oro\",\"breadcrumb\":{\"@id\":\"https:\/\/progettotouring.it\/radiotouring104\/2023\/05\/03\/circolo-velico-prima-tappa-del-torneo-filippi-due-ori-per-cirillo\/#breadcrumb\"},\"inLanguage\":\"it-IT\",\"potentialAction\":[{\"@type\":\"ReadAction\",\"target\":[\"https:\/\/progettotouring.it\/radiotouring104\/2023\/05\/03\/circolo-velico-prima-tappa-del-torneo-filippi-due-ori-per-cirillo\/\"]}]},{\"@type\":\"ImageObject\",\"inLanguage\":\"it-IT\",\"@id\":\"https:\/\/progettotouring.it\/radiotouring104\/2023\/05\/03\/circolo-velico-prima-tappa-del-torneo-filippi-due-ori-per-cirillo\/#primaryimage\",\"url\":\"https:\/\/progettotouring.it\/radiotouring104\/wp-content\/uploads\/sites\/6\/2023\/05\/circolo-velico-1.jpg\",\"contentUrl\":\"https:\/\/progettotouring.it\/radiotouring104\/wp-content\/uploads\/sites\/6\/2023\/05\/circolo-velico-1.jpg\",\"width\":1530,\"height\":752},{\"@type\":\"BreadcrumbList\",\"@id\":\"https:\/\/progettotouring.it\/radiotouring104\/2023\/05\/03\/circolo-velico-prima-tappa-del-torneo-filippi-due-ori-per-cirillo\/#breadcrumb\",\"itemListElement\":[{\"@type\":\"ListItem\",\"position\":1,\"name\":\"Home\",\"item\":\"https:\/\/progettotouring.it\/radiotouring104\/\"},{\"@type\":\"ListItem\",\"position\":2,\"name\":\"Circolo Velico prima tappa del Torneo Filippi. Due ori per Cirillo\"}]},{\"@type\":\"WebSite\",\"@id\":\"https:\/\/progettotouring.it\/radiotouring104\/#website\",\"url\":\"https:\/\/progettotouring.it\/radiotouring104\/\",\"name\":\"Radio Touring 104\",\"description\":\"La prima radio Reggina\",\"publisher\":{\"@id\":\"https:\/\/progettotouring.it\/radiotouring104\/#organization\"},\"potentialAction\":[{\"@type\":\"SearchAction\",\"target\":{\"@type\":\"EntryPoint\",\"urlTemplate\":\"https:\/\/progettotouring.it\/radiotouring104\/?s={search_term_string}\"},\"query-input\":{\"@type\":\"PropertyValueSpecification\",\"valueRequired\":true,\"valueName\":\"search_term_string\"}}],\"inLanguage\":\"it-IT\"},{\"@type\":\"Organization\",\"@id\":\"https:\/\/progettotouring.it\/radiotouring104\/#organization\",\"name\":\"Radio Touring 104\",\"url\":\"https:\/\/progettotouring.it\/radiotouring104\/\",\"logo\":{\"@type\":\"ImageObject\",\"inLanguage\":\"it-IT\",\"@id\":\"https:\/\/progettotouring.it\/radiotouring104\/#\/schema\/logo\/image\/\",\"url\":\"https:\/\/progettotouring.it\/radiotouring104\/wp-content\/uploads\/sites\/6\/2022\/02\/cropped-logo-radio-touring-104.png\",\"contentUrl\":\"https:\/\/progettotouring.it\/radiotouring104\/wp-content\/uploads\/sites\/6\/2022\/02\/cropped-logo-radio-touring-104.png\",\"width\":377,\"height\":182,\"caption\":\"Radio Touring 104\"},\"image\":{\"@id\":\"https:\/\/progettotouring.it\/radiotouring104\/#\/schema\/logo\/image\/\"}},{\"@type\":\"Person\",\"@id\":\"https:\/\/progettotouring.it\/radiotouring104\/#\/schema\/person\/78613917f1851f041f7483f5af1d422e\",\"name\":\"Sebastiano Plutino\",\"image\":{\"@type\":\"ImageObject\",\"inLanguage\":\"it-IT\",\"@id\":\"https:\/\/secure.gravatar.com\/avatar\/0546ffaa9b79224faf9f2a156b67a529ae861d3287c66c1d8ccfdf909bcba78d?s=96&d=mm&r=g\",\"url\":\"https:\/\/secure.gravatar.com\/avatar\/0546ffaa9b79224faf9f2a156b67a529ae861d3287c66c1d8ccfdf909bcba78d?s=96&d=mm&r=g\",\"contentUrl\":\"https:\/\/secure.gravatar.com\/avatar\/0546ffaa9b79224faf9f2a156b67a529ae861d3287c66c1d8ccfdf909bcba78d?s=96&d=mm&r=g\",\"caption\":\"Sebastiano Plutino\"},\"url\":\"https:\/\/progettotouring.it\/radiotouring104\/author\/sebastiano\/\"}]}<\/script>\n<!-- \/ Yoast SEO plugin. -->","yoast_head_json":{"title":"Circolo Velico prima tappa del Torneo Filippi. Due ori per Cirillo","description":"Alla manifestazione hanno partecipato 250 atleti. il Circolo Velico con Vincenzo Cirillo che ha ottenuto 2 medaglie d\u2019oro","robots":{"index":"index","follow":"follow","max-snippet":"max-snippet:-1","max-image-preview":"max-image-preview:large","max-video-preview":"max-video-preview:-1"},"canonical":"https:\/\/progettotouring.it\/radiotouring104\/2023\/05\/03\/circolo-velico-prima-tappa-del-torneo-filippi-due-ori-per-cirillo\/","og_locale":"it_IT","og_type":"article","og_title":"Circolo Velico prima tappa del Torneo Filippi. Due ori per Cirillo","og_description":"Alla manifestazione hanno partecipato 250 atleti. il Circolo Velico con Vincenzo Cirillo che ha ottenuto 2 medaglie d\u2019oro","og_url":"https:\/\/progettotouring.it\/radiotouring104\/2023\/05\/03\/circolo-velico-prima-tappa-del-torneo-filippi-due-ori-per-cirillo\/","og_site_name":"Radio Touring 104","article_published_time":"2023-05-03T08:15:06+00:00","article_modified_time":"2023-05-04T08:40:43+00:00","og_image":[{"width":1530,"height":752,"url":"https:\/\/progettotouring.it\/radiotouring104\/wp-content\/uploads\/sites\/6\/2023\/05\/circolo-velico-1.jpg","type":"image\/jpeg"}],"author":"Sebastiano Plutino","twitter_card":"summary_large_image","twitter_misc":{"Scritto da":"Sebastiano Plutino","Tempo di lettura stimato":"1 minuto"},"schema":{"@context":"https:\/\/schema.org","@graph":[{"@type":"Article","@id":"https:\/\/progettotouring.it\/radiotouring104\/2023\/05\/03\/circolo-velico-prima-tappa-del-torneo-filippi-due-ori-per-cirillo\/#article","isPartOf":{"@id":"https:\/\/progettotouring.it\/radiotouring104\/2023\/05\/03\/circolo-velico-prima-tappa-del-torneo-filippi-due-ori-per-cirillo\/"},"author":{"name":"Sebastiano Plutino","@id":"https:\/\/progettotouring.it\/radiotouring104\/#\/schema\/person\/78613917f1851f041f7483f5af1d422e"},"headline":"Circolo Velico prima tappa del Torneo Filippi. Due ori per Cirillo","datePublished":"2023-05-03T08:15:06+00:00","dateModified":"2023-05-04T08:40:43+00:00","mainEntityOfPage":{"@id":"https:\/\/progettotouring.it\/radiotouring104\/2023\/05\/03\/circolo-velico-prima-tappa-del-torneo-filippi-due-ori-per-cirillo\/"},"wordCount":219,"publisher":{"@id":"https:\/\/progettotouring.it\/radiotouring104\/#organization"},"image":{"@id":"https:\/\/progettotouring.it\/radiotouring104\/2023\/05\/03\/circolo-velico-prima-tappa-del-torneo-filippi-due-ori-per-cirillo\/#primaryimage"},"thumbnailUrl":"https:\/\/progettotouring.it\/radiotouring104\/wp-content\/uploads\/sites\/6\/2023\/05\/circolo-velico-1.jpg","keywords":["2 medaglie d'oro conquistate","atleta Vincenzo Cirillo","Circolo Velico di Reggio Calabria","Coastal Rowing","golfo di Mondello","trofeo \u201cLIDO FILIPPI\u201d"],"articleSection":["News","Reggio Calabria","Sport"],"inLanguage":"it-IT"},{"@type":"WebPage","@id":"https:\/\/progettotouring.it\/radiotouring104\/2023\/05\/03\/circolo-velico-prima-tappa-del-torneo-filippi-due-ori-per-cirillo\/","url":"https:\/\/progettotouring.it\/radiotouring104\/2023\/05\/03\/circolo-velico-prima-tappa-del-torneo-filippi-due-ori-per-cirillo\/","name":"Circolo Velico prima tappa del Torneo Filippi. Due ori per Cirillo","isPartOf":{"@id":"https:\/\/progettotouring.it\/radiotouring104\/#website"},"primaryImageOfPage":{"@id":"https:\/\/progettotouring.it\/radiotouring104\/2023\/05\/03\/circolo-velico-prima-tappa-del-torneo-filippi-due-ori-per-cirillo\/#primaryimage"},"image":{"@id":"https:\/\/progettotouring.it\/radiotouring104\/2023\/05\/03\/circolo-velico-prima-tappa-del-torneo-filippi-due-ori-per-cirillo\/#primaryimage"},"thumbnailUrl":"https:\/\/progettotouring.it\/radiotouring104\/wp-content\/uploads\/sites\/6\/2023\/05\/circolo-velico-1.jpg","datePublished":"2023-05-03T08:15:06+00:00","dateModified":"2023-05-04T08:40:43+00:00","description":"Alla manifestazione hanno partecipato 250 atleti. il Circolo Velico con Vincenzo Cirillo che ha ottenuto 2 medaglie d\u2019oro","breadcrumb":{"@id":"https:\/\/progettotouring.it\/radiotouring104\/2023\/05\/03\/circolo-velico-prima-tappa-del-torneo-filippi-due-ori-per-cirillo\/#breadcrumb"},"inLanguage":"it-IT","potentialAction":[{"@type":"ReadAction","target":["https:\/\/progettotouring.it\/radiotouring104\/2023\/05\/03\/circolo-velico-prima-tappa-del-torneo-filippi-due-ori-per-cirillo\/"]}]},{"@type":"ImageObject","inLanguage":"it-IT","@id":"https:\/\/progettotouring.it\/radiotouring104\/2023\/05\/03\/circolo-velico-prima-tappa-del-torneo-filippi-due-ori-per-cirillo\/#primaryimage","url":"https:\/\/progettotouring.it\/radiotouring104\/wp-content\/uploads\/sites\/6\/2023\/05\/circolo-velico-1.jpg","contentUrl":"https:\/\/progettotouring.it\/radiotouring104\/wp-content\/uploads\/sites\/6\/2023\/05\/circolo-velico-1.jpg","width":1530,"height":752},{"@type":"BreadcrumbList","@id":"https:\/\/progettotouring.it\/radiotouring104\/2023\/05\/03\/circolo-velico-prima-tappa-del-torneo-filippi-due-ori-per-cirillo\/#breadcrumb","itemListElement":[{"@type":"ListItem","position":1,"name":"Home","item":"https:\/\/progettotouring.it\/radiotouring104\/"},{"@type":"ListItem","position":2,"name":"Circolo Velico prima tappa del Torneo Filippi. Due ori per Cirillo"}]},{"@type":"WebSite","@id":"https:\/\/progettotouring.it\/radiotouring104\/#website","url":"https:\/\/progettotouring.it\/radiotouring104\/","name":"Radio Touring 104","description":"La prima radio Reggina","publisher":{"@id":"https:\/\/progettotouring.it\/radiotouring104\/#organization"},"potentialAction":[{"@type":"SearchAction","target":{"@type":"EntryPoint","urlTemplate":"https:\/\/progettotouring.it\/radiotouring104\/?s={search_term_string}"},"query-input":{"@type":"PropertyValueSpecification","valueRequired":true,"valueName":"search_term_string"}}],"inLanguage":"it-IT"},{"@type":"Organization","@id":"https:\/\/progettotouring.it\/radiotouring104\/#organization","name":"Radio Touring 104","url":"https:\/\/progettotouring.it\/radiotouring104\/","logo":{"@type":"ImageObject","inLanguage":"it-IT","@id":"https:\/\/progettotouring.it\/radiotouring104\/#\/schema\/logo\/image\/","url":"https:\/\/progettotouring.it\/radiotouring104\/wp-content\/uploads\/sites\/6\/2022\/02\/cropped-logo-radio-touring-104.png","contentUrl":"https:\/\/progettotouring.it\/radiotouring104\/wp-content\/uploads\/sites\/6\/2022\/02\/cropped-logo-radio-touring-104.png","width":377,"height":182,"caption":"Radio Touring 104"},"image":{"@id":"https:\/\/progettotouring.it\/radiotouring104\/#\/schema\/logo\/image\/"}},{"@type":"Person","@id":"https:\/\/progettotouring.it\/radiotouring104\/#\/schema\/person\/78613917f1851f041f7483f5af1d422e","name":"Sebastiano Plutino","image":{"@type":"ImageObject","inLanguage":"it-IT","@id":"https:\/\/secure.gravatar.com\/avatar\/0546ffaa9b79224faf9f2a156b67a529ae861d3287c66c1d8ccfdf909bcba78d?s=96&d=mm&r=g","url":"https:\/\/secure.gravatar.com\/avatar\/0546ffaa9b79224faf9f2a156b67a529ae861d3287c66c1d8ccfdf909bcba78d?s=96&d=mm&r=g","contentUrl":"https:\/\/secure.gravatar.com\/avatar\/0546ffaa9b79224faf9f2a156b67a529ae861d3287c66c1d8ccfdf909bcba78d?s=96&d=mm&r=g","caption":"Sebastiano Plutino"},"url":"https:\/\/progettotouring.it\/radiotouring104\/author\/sebastiano\/"}]}},"jetpack_publicize_connections":[],"jetpack_featured_media_url":"https:\/\/progettotouring.it\/radiotouring104\/wp-content\/uploads\/sites\/6\/2023\/05\/circolo-velico-1.jpg","jetpack_sharing_enabled":true,"_links":{"self":[{"href":"https:\/\/progettotouring.it\/radiotouring104\/wp-json\/wp\/v2\/posts\/24696","targetHints":{"allow":["GET"]}}],"collection":[{"href":"https:\/\/progettotouring.it\/radiotouring104\/wp-json\/wp\/v2\/posts"}],"about":[{"href":"https:\/\/progettotouring.it\/radiotouring104\/wp-json\/wp\/v2\/types\/post"}],"author":[{"embeddable":true,"href":"https:\/\/progettotouring.it\/radiotouring104\/wp-json\/wp\/v2\/users\/12"}],"replies":[{"embeddable":true,"href":"https:\/\/progettotouring.it\/radiotouring104\/wp-json\/wp\/v2\/comments?post=24696"}],"version-history":[{"count":3,"href":"https:\/\/progettotouring.it\/radiotouring104\/wp-json\/wp\/v2\/posts\/24696\/revisions"}],"predecessor-version":[{"id":24812,"href":"https:\/\/progettotouring.it\/radiotouring104\/wp-json\/wp\/v2\/posts\/24696\/revisions\/24812"}],"wp:featuredmedia":[{"embeddable":true,"href":"https:\/\/progettotouring.it\/radiotouring104\/wp-json\/wp\/v2\/media\/24811"}],"wp:attachment":[{"href":"https:\/\/progettotouring.it\/radiotouring104\/wp-json\/wp\/v2\/media?parent=24696"}],"wp:term":[{"taxonomy":"category","embeddable":true,"href":"https:\/\/progettotouring.it\/radiotouring104\/wp-json\/wp\/v2\/categories?post=24696"},{"taxonomy":"post_tag","embeddable":true,"href":"https:\/\/progettotouring.it\/radiotouring104\/wp-json\/wp\/v2\/tags?post=24696"}],"curies":[{"name":"wp","href":"https:\/\/api.w.org\/{rel}","templated":true}]}}