{"id":24700,"date":"2023-05-03T10:42:11","date_gmt":"2023-05-03T08:42:11","guid":{"rendered":"https:\/\/progettotouring.it\/radiotouring104\/?p=24700"},"modified":"2023-05-03T10:42:11","modified_gmt":"2023-05-03T08:42:11","slug":"la-serie-a-di-torball-torna-a-reggio-ospitata-a-palazzo-alvaro","status":"publish","type":"post","link":"https:\/\/progettotouring.it\/radiotouring104\/2023\/05\/03\/la-serie-a-di-torball-torna-a-reggio-ospitata-a-palazzo-alvaro\/","title":{"rendered":"La serie A di Torball torna a Reggio, ospitata a Palazzo Alvaro"},"content":{"rendered":"<p style=\"text-align: justify\"><strong>La Serie A di Torball torna a Reggio Calabria<\/strong>. Si disputeranno infatti il prossimo 6 e 7 maggio le <strong>ultime due partite del campionato nazionale<\/strong> del gioco sportivo a squadre <strong>per atleti non vedenti ed ipovedenti<\/strong>. In campo l&#8217;<strong>Asd Reggina UIC<\/strong> che questa mattina a Palazzo Alvaro, insieme al Consigliere delegato allo Sport della Citt\u00e0 Metropolitana <strong>Giovanni Latella<\/strong>, ha presentato le ultime due partite della competizione.<\/p>\n<p>Insieme agli atleti amaranto scenderanno in campo i giocatori di <strong>Asd As L&#8217;Aquilone<\/strong>, <strong>Asd Teramo NV<\/strong>, <strong>Apd Picena Non Vedenti, Gsd Non e semivedenti Bolzano 1<\/strong>, <strong>Gsd Non e semivedenti Bolzano 2<\/strong>. Gli incontri di campionato si svolgeranno presso la palestra dell&#8217;<strong>Istituto Professionale &#8220;Umberto Boccioni&#8221;<\/strong> di Viale Messina <strong>sabato 6 maggio dalle ore 14:30 alle 19:30 circa e domenica 7 maggio dalle ore 8:00 alle 13:00 circa.<\/strong><\/p>\n<p>&#8220;<em>Siamo felici di poter accogliere all&#8217;interno del Palazzo che \u00e8 sede della massima istituzione metropolitana gli atleti di questo nobile sport<\/em> &#8211; ha affermato Latella &#8211;<em> il torball \u00e8 un gioco che fa dell&#8217;inclusione la sua prerogativa pi\u00f9 spiccata. Sono tanti gli atleti reggini che si sono gi\u00e0 affermati ai massimi vertici delle varie competizioni, andando a costituire anche l&#8217;ossatura della squadra nazionale, con ben tre componenti che attualmente hanno l&#8217;onore di vestire la maglia azzurra. Il nostro in bocca al lupo al Presidente Armando Paviglianiti e ai ragazzi della Reggina Uic che nel prossimo weekend rappresenteranno i colori della nostra citt\u00e0 per le ultime due partite del campionato di Serie A di torball. Chiss\u00e0 che il loro impegno non possa regalare qualche ulteriore gioia sportiva al nostro territorio<\/em>&#8220;.<\/p>\n<p>Il torball \u00e8 un gioco di squadra che prevede l&#8217;impiego di un pallone sferico al cui interno sono presenti dei campanellini in modo che il suono, e quindi la traiettoria del pallone, sia percepita ed intuita dai giocatori. Il campo di gioco \u00e8 diviso in due met\u00e0 da tre cordicelle tese dotate di campanellini. La porta ha la stessa larghezza del campo. I giocatori, che possono essere non vedenti assoluti o ipovedenti, sono dotati di una benda oculare che impedisce completamente la vista ed hanno come punto di riferimento un tappetino che consente l&#8217;orientamento. Lo scopo \u00e8 tirare con le mani la palla verso la porta avversaria per segnare i gol facendola passare sotto le cordicelle che dividono il campo. La partita dura 10 minuti effettivi di gioco ed \u00e8 divisa in due tempi.<\/p>\n<p>La squadra <strong>ASD Reggina UIC Onlus<\/strong> in questo sport ha gi\u00e0 ottenuto importantissimi risultati, vincendo un titolo nazionale nel 2016-17, una Coppa Italia nel 2017-18, e una Supercoppa Italiana nel 2006-7. I piazzamenti di quest&#8217;anno sono gi\u00e0 ragguardevoli, sia in Campionato che in Coppa Italia, dove l&#8217;Asd Reggina Uic \u00e8 gi\u00e0 qualificata alla fase finale.<\/p>\n<p>Incontri della Reggina della 5a e 6a giornata del Campionato Italiano a Reggio Calabria:<\/p>\n","protected":false},"excerpt":{"rendered":"<p>La Serie A di Torball torna a Reggio Calabria. Si disputeranno infatti il prossimo 6 e 7 maggio le ultime due partite del campionato nazionale del gioco sportivo a squadre&hellip;<\/p>\n","protected":false},"author":12,"featured_media":24701,"comment_status":"closed","ping_status":"open","sticky":false,"template":"","format":"standard","meta":{"_jetpack_memberships_contains_paid_content":false,"footnotes":"","jetpack_publicize_message":"","jetpack_publicize_feature_enabled":true,"jetpack_social_post_already_shared":false,"jetpack_social_options":{"image_generator_settings":{"template":"highway","default_image_id":0,"font":"","enabled":false},"version":2}},"categories":[921,196,140],"tags":[14249,14247,14248,14250,4765,739,14246],"class_list":["post-24700","post","type-post","status-publish","format-standard","has-post-thumbnail","hentry","category-home","category-news","category-reggio-calabria","tag-apd-picena-non-vedenti","tag-asd-as-laquilone","tag-asd-teramo-nv","tag-gsd-non-e-semivedenti-bolzano-1","tag-istituto-professionale-boccioni-fermi","tag-palazzo-alvaro","tag-torball"],"yoast_head":"<!-- This site is optimized with the Yoast SEO plugin v27.2 - https:\/\/yoast.com\/product\/yoast-seo-wordpress\/ -->\n<title>La serie A di Torball torna a Reggio, ospitata a Palazzo Alvaro<\/title>\n<meta name=\"description\" content=\"Il Consigliere allo Sport Latella ha accolto presso la sede di Metrocity gli atleti e rappresentanti dell&#039;Asd Reggina UIC\" \/>\n<meta name=\"robots\" content=\"index, follow, max-snippet:-1, max-image-preview:large, max-video-preview:-1\" \/>\n<link rel=\"canonical\" href=\"https:\/\/progettotouring.it\/radiotouring104\/2023\/05\/03\/la-serie-a-di-torball-torna-a-reggio-ospitata-a-palazzo-alvaro\/\" \/>\n<meta property=\"og:locale\" content=\"it_IT\" \/>\n<meta property=\"og:type\" content=\"article\" \/>\n<meta property=\"og:title\" content=\"La serie A di Torball torna a Reggio, ospitata a Palazzo Alvaro\" \/>\n<meta property=\"og:description\" content=\"Il Consigliere allo Sport Latella ha accolto presso la sede di Metrocity gli atleti e rappresentanti dell&#039;Asd Reggina UIC\" \/>\n<meta property=\"og:url\" content=\"https:\/\/progettotouring.it\/radiotouring104\/2023\/05\/03\/la-serie-a-di-torball-torna-a-reggio-ospitata-a-palazzo-alvaro\/\" \/>\n<meta property=\"og:site_name\" content=\"Radio Touring 104\" \/>\n<meta property=\"article:published_time\" content=\"2023-05-03T08:42:11+00:00\" \/>\n<meta property=\"og:image\" content=\"https:\/\/progettotouring.it\/radiotouring104\/wp-content\/uploads\/sites\/6\/2023\/05\/Torball-Boccioni-Palazzo-Alvaro.jpeg\" \/>\n\t<meta property=\"og:image:width\" content=\"1600\" \/>\n\t<meta property=\"og:image:height\" content=\"1043\" \/>\n\t<meta property=\"og:image:type\" content=\"image\/jpeg\" \/>\n<meta name=\"author\" content=\"Sebastiano Plutino\" \/>\n<meta name=\"twitter:card\" content=\"summary_large_image\" \/>\n<meta name=\"twitter:label1\" content=\"Scritto da\" \/>\n\t<meta name=\"twitter:data1\" content=\"Sebastiano Plutino\" \/>\n\t<meta name=\"twitter:label2\" content=\"Tempo di lettura stimato\" \/>\n\t<meta name=\"twitter:data2\" content=\"2 minuti\" \/>\n<script type=\"application\/ld+json\" class=\"yoast-schema-graph\">{\"@context\":\"https:\/\/schema.org\",\"@graph\":[{\"@type\":\"Article\",\"@id\":\"https:\/\/progettotouring.it\/radiotouring104\/2023\/05\/03\/la-serie-a-di-torball-torna-a-reggio-ospitata-a-palazzo-alvaro\/#article\",\"isPartOf\":{\"@id\":\"https:\/\/progettotouring.it\/radiotouring104\/2023\/05\/03\/la-serie-a-di-torball-torna-a-reggio-ospitata-a-palazzo-alvaro\/\"},\"author\":{\"name\":\"Sebastiano Plutino\",\"@id\":\"https:\/\/progettotouring.it\/radiotouring104\/#\/schema\/person\/78613917f1851f041f7483f5af1d422e\"},\"headline\":\"La serie A di Torball torna a Reggio, ospitata a Palazzo Alvaro\",\"datePublished\":\"2023-05-03T08:42:11+00:00\",\"mainEntityOfPage\":{\"@id\":\"https:\/\/progettotouring.it\/radiotouring104\/2023\/05\/03\/la-serie-a-di-torball-torna-a-reggio-ospitata-a-palazzo-alvaro\/\"},\"wordCount\":459,\"publisher\":{\"@id\":\"https:\/\/progettotouring.it\/radiotouring104\/#organization\"},\"image\":{\"@id\":\"https:\/\/progettotouring.it\/radiotouring104\/2023\/05\/03\/la-serie-a-di-torball-torna-a-reggio-ospitata-a-palazzo-alvaro\/#primaryimage\"},\"thumbnailUrl\":\"https:\/\/progettotouring.it\/radiotouring104\/wp-content\/uploads\/sites\/6\/2023\/05\/Torball-Boccioni-Palazzo-Alvaro.jpeg\",\"keywords\":[\"Apd Picena Non Vedenti\",\"Asd As L'Aquilone\",\"Asd Teramo NV\",\"Gsd Non e semivedenti Bolzano 1\",\"Istituto Professionale \u201cBoccioni-Fermi\u201d\",\"Palazzo Alvaro\",\"Torball\"],\"articleSection\":[\"Home\",\"News\",\"Reggio Calabria\"],\"inLanguage\":\"it-IT\"},{\"@type\":\"WebPage\",\"@id\":\"https:\/\/progettotouring.it\/radiotouring104\/2023\/05\/03\/la-serie-a-di-torball-torna-a-reggio-ospitata-a-palazzo-alvaro\/\",\"url\":\"https:\/\/progettotouring.it\/radiotouring104\/2023\/05\/03\/la-serie-a-di-torball-torna-a-reggio-ospitata-a-palazzo-alvaro\/\",\"name\":\"La serie A di Torball torna a Reggio, ospitata a Palazzo Alvaro\",\"isPartOf\":{\"@id\":\"https:\/\/progettotouring.it\/radiotouring104\/#website\"},\"primaryImageOfPage\":{\"@id\":\"https:\/\/progettotouring.it\/radiotouring104\/2023\/05\/03\/la-serie-a-di-torball-torna-a-reggio-ospitata-a-palazzo-alvaro\/#primaryimage\"},\"image\":{\"@id\":\"https:\/\/progettotouring.it\/radiotouring104\/2023\/05\/03\/la-serie-a-di-torball-torna-a-reggio-ospitata-a-palazzo-alvaro\/#primaryimage\"},\"thumbnailUrl\":\"https:\/\/progettotouring.it\/radiotouring104\/wp-content\/uploads\/sites\/6\/2023\/05\/Torball-Boccioni-Palazzo-Alvaro.jpeg\",\"datePublished\":\"2023-05-03T08:42:11+00:00\",\"description\":\"Il Consigliere allo Sport Latella ha accolto presso la sede di Metrocity gli atleti e rappresentanti dell'Asd Reggina UIC\",\"breadcrumb\":{\"@id\":\"https:\/\/progettotouring.it\/radiotouring104\/2023\/05\/03\/la-serie-a-di-torball-torna-a-reggio-ospitata-a-palazzo-alvaro\/#breadcrumb\"},\"inLanguage\":\"it-IT\",\"potentialAction\":[{\"@type\":\"ReadAction\",\"target\":[\"https:\/\/progettotouring.it\/radiotouring104\/2023\/05\/03\/la-serie-a-di-torball-torna-a-reggio-ospitata-a-palazzo-alvaro\/\"]}]},{\"@type\":\"ImageObject\",\"inLanguage\":\"it-IT\",\"@id\":\"https:\/\/progettotouring.it\/radiotouring104\/2023\/05\/03\/la-serie-a-di-torball-torna-a-reggio-ospitata-a-palazzo-alvaro\/#primaryimage\",\"url\":\"https:\/\/progettotouring.it\/radiotouring104\/wp-content\/uploads\/sites\/6\/2023\/05\/Torball-Boccioni-Palazzo-Alvaro.jpeg\",\"contentUrl\":\"https:\/\/progettotouring.it\/radiotouring104\/wp-content\/uploads\/sites\/6\/2023\/05\/Torball-Boccioni-Palazzo-Alvaro.jpeg\",\"width\":1600,\"height\":1043},{\"@type\":\"BreadcrumbList\",\"@id\":\"https:\/\/progettotouring.it\/radiotouring104\/2023\/05\/03\/la-serie-a-di-torball-torna-a-reggio-ospitata-a-palazzo-alvaro\/#breadcrumb\",\"itemListElement\":[{\"@type\":\"ListItem\",\"position\":1,\"name\":\"Home\",\"item\":\"https:\/\/progettotouring.it\/radiotouring104\/\"},{\"@type\":\"ListItem\",\"position\":2,\"name\":\"La serie A di Torball torna a Reggio, ospitata a Palazzo Alvaro\"}]},{\"@type\":\"WebSite\",\"@id\":\"https:\/\/progettotouring.it\/radiotouring104\/#website\",\"url\":\"https:\/\/progettotouring.it\/radiotouring104\/\",\"name\":\"Radio Touring 104\",\"description\":\"La prima radio Reggina\",\"publisher\":{\"@id\":\"https:\/\/progettotouring.it\/radiotouring104\/#organization\"},\"potentialAction\":[{\"@type\":\"SearchAction\",\"target\":{\"@type\":\"EntryPoint\",\"urlTemplate\":\"https:\/\/progettotouring.it\/radiotouring104\/?s={search_term_string}\"},\"query-input\":{\"@type\":\"PropertyValueSpecification\",\"valueRequired\":true,\"valueName\":\"search_term_string\"}}],\"inLanguage\":\"it-IT\"},{\"@type\":\"Organization\",\"@id\":\"https:\/\/progettotouring.it\/radiotouring104\/#organization\",\"name\":\"Radio Touring 104\",\"url\":\"https:\/\/progettotouring.it\/radiotouring104\/\",\"logo\":{\"@type\":\"ImageObject\",\"inLanguage\":\"it-IT\",\"@id\":\"https:\/\/progettotouring.it\/radiotouring104\/#\/schema\/logo\/image\/\",\"url\":\"https:\/\/progettotouring.it\/radiotouring104\/wp-content\/uploads\/sites\/6\/2022\/02\/cropped-logo-radio-touring-104.png\",\"contentUrl\":\"https:\/\/progettotouring.it\/radiotouring104\/wp-content\/uploads\/sites\/6\/2022\/02\/cropped-logo-radio-touring-104.png\",\"width\":377,\"height\":182,\"caption\":\"Radio Touring 104\"},\"image\":{\"@id\":\"https:\/\/progettotouring.it\/radiotouring104\/#\/schema\/logo\/image\/\"}},{\"@type\":\"Person\",\"@id\":\"https:\/\/progettotouring.it\/radiotouring104\/#\/schema\/person\/78613917f1851f041f7483f5af1d422e\",\"name\":\"Sebastiano Plutino\",\"image\":{\"@type\":\"ImageObject\",\"inLanguage\":\"it-IT\",\"@id\":\"https:\/\/secure.gravatar.com\/avatar\/0546ffaa9b79224faf9f2a156b67a529ae861d3287c66c1d8ccfdf909bcba78d?s=96&d=mm&r=g\",\"url\":\"https:\/\/secure.gravatar.com\/avatar\/0546ffaa9b79224faf9f2a156b67a529ae861d3287c66c1d8ccfdf909bcba78d?s=96&d=mm&r=g\",\"contentUrl\":\"https:\/\/secure.gravatar.com\/avatar\/0546ffaa9b79224faf9f2a156b67a529ae861d3287c66c1d8ccfdf909bcba78d?s=96&d=mm&r=g\",\"caption\":\"Sebastiano Plutino\"},\"url\":\"https:\/\/progettotouring.it\/radiotouring104\/author\/sebastiano\/\"}]}<\/script>\n<!-- \/ Yoast SEO plugin. -->","yoast_head_json":{"title":"La serie A di Torball torna a Reggio, ospitata a Palazzo Alvaro","description":"Il Consigliere allo Sport Latella ha accolto presso la sede di Metrocity gli atleti e rappresentanti dell'Asd Reggina UIC","robots":{"index":"index","follow":"follow","max-snippet":"max-snippet:-1","max-image-preview":"max-image-preview:large","max-video-preview":"max-video-preview:-1"},"canonical":"https:\/\/progettotouring.it\/radiotouring104\/2023\/05\/03\/la-serie-a-di-torball-torna-a-reggio-ospitata-a-palazzo-alvaro\/","og_locale":"it_IT","og_type":"article","og_title":"La serie A di Torball torna a Reggio, ospitata a Palazzo Alvaro","og_description":"Il Consigliere allo Sport Latella ha accolto presso la sede di Metrocity gli atleti e rappresentanti dell'Asd Reggina UIC","og_url":"https:\/\/progettotouring.it\/radiotouring104\/2023\/05\/03\/la-serie-a-di-torball-torna-a-reggio-ospitata-a-palazzo-alvaro\/","og_site_name":"Radio Touring 104","article_published_time":"2023-05-03T08:42:11+00:00","og_image":[{"width":1600,"height":1043,"url":"https:\/\/progettotouring.it\/radiotouring104\/wp-content\/uploads\/sites\/6\/2023\/05\/Torball-Boccioni-Palazzo-Alvaro.jpeg","type":"image\/jpeg"}],"author":"Sebastiano Plutino","twitter_card":"summary_large_image","twitter_misc":{"Scritto da":"Sebastiano Plutino","Tempo di lettura stimato":"2 minuti"},"schema":{"@context":"https:\/\/schema.org","@graph":[{"@type":"Article","@id":"https:\/\/progettotouring.it\/radiotouring104\/2023\/05\/03\/la-serie-a-di-torball-torna-a-reggio-ospitata-a-palazzo-alvaro\/#article","isPartOf":{"@id":"https:\/\/progettotouring.it\/radiotouring104\/2023\/05\/03\/la-serie-a-di-torball-torna-a-reggio-ospitata-a-palazzo-alvaro\/"},"author":{"name":"Sebastiano Plutino","@id":"https:\/\/progettotouring.it\/radiotouring104\/#\/schema\/person\/78613917f1851f041f7483f5af1d422e"},"headline":"La serie A di Torball torna a Reggio, ospitata a Palazzo Alvaro","datePublished":"2023-05-03T08:42:11+00:00","mainEntityOfPage":{"@id":"https:\/\/progettotouring.it\/radiotouring104\/2023\/05\/03\/la-serie-a-di-torball-torna-a-reggio-ospitata-a-palazzo-alvaro\/"},"wordCount":459,"publisher":{"@id":"https:\/\/progettotouring.it\/radiotouring104\/#organization"},"image":{"@id":"https:\/\/progettotouring.it\/radiotouring104\/2023\/05\/03\/la-serie-a-di-torball-torna-a-reggio-ospitata-a-palazzo-alvaro\/#primaryimage"},"thumbnailUrl":"https:\/\/progettotouring.it\/radiotouring104\/wp-content\/uploads\/sites\/6\/2023\/05\/Torball-Boccioni-Palazzo-Alvaro.jpeg","keywords":["Apd Picena Non Vedenti","Asd As L'Aquilone","Asd Teramo NV","Gsd Non e semivedenti Bolzano 1","Istituto Professionale \u201cBoccioni-Fermi\u201d","Palazzo Alvaro","Torball"],"articleSection":["Home","News","Reggio Calabria"],"inLanguage":"it-IT"},{"@type":"WebPage","@id":"https:\/\/progettotouring.it\/radiotouring104\/2023\/05\/03\/la-serie-a-di-torball-torna-a-reggio-ospitata-a-palazzo-alvaro\/","url":"https:\/\/progettotouring.it\/radiotouring104\/2023\/05\/03\/la-serie-a-di-torball-torna-a-reggio-ospitata-a-palazzo-alvaro\/","name":"La serie A di Torball torna a Reggio, ospitata a Palazzo Alvaro","isPartOf":{"@id":"https:\/\/progettotouring.it\/radiotouring104\/#website"},"primaryImageOfPage":{"@id":"https:\/\/progettotouring.it\/radiotouring104\/2023\/05\/03\/la-serie-a-di-torball-torna-a-reggio-ospitata-a-palazzo-alvaro\/#primaryimage"},"image":{"@id":"https:\/\/progettotouring.it\/radiotouring104\/2023\/05\/03\/la-serie-a-di-torball-torna-a-reggio-ospitata-a-palazzo-alvaro\/#primaryimage"},"thumbnailUrl":"https:\/\/progettotouring.it\/radiotouring104\/wp-content\/uploads\/sites\/6\/2023\/05\/Torball-Boccioni-Palazzo-Alvaro.jpeg","datePublished":"2023-05-03T08:42:11+00:00","description":"Il Consigliere allo Sport Latella ha accolto presso la sede di Metrocity gli atleti e rappresentanti dell'Asd Reggina UIC","breadcrumb":{"@id":"https:\/\/progettotouring.it\/radiotouring104\/2023\/05\/03\/la-serie-a-di-torball-torna-a-reggio-ospitata-a-palazzo-alvaro\/#breadcrumb"},"inLanguage":"it-IT","potentialAction":[{"@type":"ReadAction","target":["https:\/\/progettotouring.it\/radiotouring104\/2023\/05\/03\/la-serie-a-di-torball-torna-a-reggio-ospitata-a-palazzo-alvaro\/"]}]},{"@type":"ImageObject","inLanguage":"it-IT","@id":"https:\/\/progettotouring.it\/radiotouring104\/2023\/05\/03\/la-serie-a-di-torball-torna-a-reggio-ospitata-a-palazzo-alvaro\/#primaryimage","url":"https:\/\/progettotouring.it\/radiotouring104\/wp-content\/uploads\/sites\/6\/2023\/05\/Torball-Boccioni-Palazzo-Alvaro.jpeg","contentUrl":"https:\/\/progettotouring.it\/radiotouring104\/wp-content\/uploads\/sites\/6\/2023\/05\/Torball-Boccioni-Palazzo-Alvaro.jpeg","width":1600,"height":1043},{"@type":"BreadcrumbList","@id":"https:\/\/progettotouring.it\/radiotouring104\/2023\/05\/03\/la-serie-a-di-torball-torna-a-reggio-ospitata-a-palazzo-alvaro\/#breadcrumb","itemListElement":[{"@type":"ListItem","position":1,"name":"Home","item":"https:\/\/progettotouring.it\/radiotouring104\/"},{"@type":"ListItem","position":2,"name":"La serie A di Torball torna a Reggio, ospitata a Palazzo Alvaro"}]},{"@type":"WebSite","@id":"https:\/\/progettotouring.it\/radiotouring104\/#website","url":"https:\/\/progettotouring.it\/radiotouring104\/","name":"Radio Touring 104","description":"La prima radio Reggina","publisher":{"@id":"https:\/\/progettotouring.it\/radiotouring104\/#organization"},"potentialAction":[{"@type":"SearchAction","target":{"@type":"EntryPoint","urlTemplate":"https:\/\/progettotouring.it\/radiotouring104\/?s={search_term_string}"},"query-input":{"@type":"PropertyValueSpecification","valueRequired":true,"valueName":"search_term_string"}}],"inLanguage":"it-IT"},{"@type":"Organization","@id":"https:\/\/progettotouring.it\/radiotouring104\/#organization","name":"Radio Touring 104","url":"https:\/\/progettotouring.it\/radiotouring104\/","logo":{"@type":"ImageObject","inLanguage":"it-IT","@id":"https:\/\/progettotouring.it\/radiotouring104\/#\/schema\/logo\/image\/","url":"https:\/\/progettotouring.it\/radiotouring104\/wp-content\/uploads\/sites\/6\/2022\/02\/cropped-logo-radio-touring-104.png","contentUrl":"https:\/\/progettotouring.it\/radiotouring104\/wp-content\/uploads\/sites\/6\/2022\/02\/cropped-logo-radio-touring-104.png","width":377,"height":182,"caption":"Radio Touring 104"},"image":{"@id":"https:\/\/progettotouring.it\/radiotouring104\/#\/schema\/logo\/image\/"}},{"@type":"Person","@id":"https:\/\/progettotouring.it\/radiotouring104\/#\/schema\/person\/78613917f1851f041f7483f5af1d422e","name":"Sebastiano Plutino","image":{"@type":"ImageObject","inLanguage":"it-IT","@id":"https:\/\/secure.gravatar.com\/avatar\/0546ffaa9b79224faf9f2a156b67a529ae861d3287c66c1d8ccfdf909bcba78d?s=96&d=mm&r=g","url":"https:\/\/secure.gravatar.com\/avatar\/0546ffaa9b79224faf9f2a156b67a529ae861d3287c66c1d8ccfdf909bcba78d?s=96&d=mm&r=g","contentUrl":"https:\/\/secure.gravatar.com\/avatar\/0546ffaa9b79224faf9f2a156b67a529ae861d3287c66c1d8ccfdf909bcba78d?s=96&d=mm&r=g","caption":"Sebastiano Plutino"},"url":"https:\/\/progettotouring.it\/radiotouring104\/author\/sebastiano\/"}]}},"jetpack_publicize_connections":[],"jetpack_featured_media_url":"https:\/\/progettotouring.it\/radiotouring104\/wp-content\/uploads\/sites\/6\/2023\/05\/Torball-Boccioni-Palazzo-Alvaro.jpeg","jetpack_sharing_enabled":true,"_links":{"self":[{"href":"https:\/\/progettotouring.it\/radiotouring104\/wp-json\/wp\/v2\/posts\/24700","targetHints":{"allow":["GET"]}}],"collection":[{"href":"https:\/\/progettotouring.it\/radiotouring104\/wp-json\/wp\/v2\/posts"}],"about":[{"href":"https:\/\/progettotouring.it\/radiotouring104\/wp-json\/wp\/v2\/types\/post"}],"author":[{"embeddable":true,"href":"https:\/\/progettotouring.it\/radiotouring104\/wp-json\/wp\/v2\/users\/12"}],"replies":[{"embeddable":true,"href":"https:\/\/progettotouring.it\/radiotouring104\/wp-json\/wp\/v2\/comments?post=24700"}],"version-history":[{"count":1,"href":"https:\/\/progettotouring.it\/radiotouring104\/wp-json\/wp\/v2\/posts\/24700\/revisions"}],"predecessor-version":[{"id":24702,"href":"https:\/\/progettotouring.it\/radiotouring104\/wp-json\/wp\/v2\/posts\/24700\/revisions\/24702"}],"wp:featuredmedia":[{"embeddable":true,"href":"https:\/\/progettotouring.it\/radiotouring104\/wp-json\/wp\/v2\/media\/24701"}],"wp:attachment":[{"href":"https:\/\/progettotouring.it\/radiotouring104\/wp-json\/wp\/v2\/media?parent=24700"}],"wp:term":[{"taxonomy":"category","embeddable":true,"href":"https:\/\/progettotouring.it\/radiotouring104\/wp-json\/wp\/v2\/categories?post=24700"},{"taxonomy":"post_tag","embeddable":true,"href":"https:\/\/progettotouring.it\/radiotouring104\/wp-json\/wp\/v2\/tags?post=24700"}],"curies":[{"name":"wp","href":"https:\/\/api.w.org\/{rel}","templated":true}]}}