{"id":24754,"date":"2023-05-03T10:11:03","date_gmt":"2023-05-03T08:11:03","guid":{"rendered":"https:\/\/progettotouring.it\/radiotouring104\/?p=24754"},"modified":"2023-05-03T16:25:39","modified_gmt":"2023-05-03T14:25:39","slug":"catanzaro-global-health-una-sfida-per-il-futuro-una-sfida-da-vincere","status":"publish","type":"post","link":"https:\/\/progettotouring.it\/radiotouring104\/2023\/05\/03\/catanzaro-global-health-una-sfida-per-il-futuro-una-sfida-da-vincere\/","title":{"rendered":"Catanzaro: \u201cGlobal Health: una sfida per il futuro\u201d una sfida da vincere"},"content":{"rendered":"<p class=\"xmprfx_MsoNormal\" style=\"text-align: justify\">Una sfida da vincere, soprattutto per le future generazioni: vivere e declinare la salute come fenomeno globale. Lo scorso 28 aprile, alla salute globale \u00e8 stata dedicata una giornata formativa dal titolo \u201cGlobal Health: una sfida per il futuro\u201d. Il partecipato momento di approfondimento si \u00e8 svolto nella Casa delle Culture della Provincia di Catanzaro, organizzato dalla sezione Sud dell&#8217;Associazione Italiana degli Igienisti Industriali e Ambientali, in collaborazione con la Direzione Sanitaria dell\u2019ospedale Ciaccio De Lellis di Catanzaro e l&#8217;Istituto di Scienze dell&#8217;Atmosfera e del Clima del CNR e con la partecipazione del dipartimento di Prevenzione dell&#8217;Universit\u00e0 di Bari, le cattedre di Veterinaria ed Igiene dell\u2019Universit\u00e0 Magna Graecia di Catanzaro, il dipartimento DIMELIA dell&#8217;INAIL e la Societ\u00e0 Italiana di Aerosol IAS.<\/p>\n<p class=\"xmprfx_MsoNormal\" style=\"text-align: justify\">Quattro sessioni di lavoro distribuite tra la mattina e il pomeriggio, dedicate in particolare a temi come: \u201cLe variazioni climatiche, dinamiche, effetti, impatti\u201d; \u201cProtezione ambientale e salute umana le pandemie del terzo millennio\u201d; \u201cL\u2019approccio one-health igiene industriale e ambientale\u201d; \u201cMutazioni climatiche nell&#8217;ambito one-health\u201d. In particolare, alla prima parte della giornata, grazie alla disponibilit\u00e0 della dirigente scolastica Rosetta Falbo, hanno potuto assistere alcune classi del liceo classico \u201cGalluppi\u201d. A portare il proprio contributo, anche il\u00a0<b>dottor Vincenzo La Regina<\/b>, commissario straordinario dell\u2019azienda unica ospedaliera universitaria \u201c<i>Renato Dulbecco<\/i>\u201d, alla sua prima uscita pubblica nella qualit\u00e0<\/p>\n<p class=\"xmprfx_MsoNormal\" style=\"text-align: justify\"><em>\u201cAbbiamo messo insieme due grandi realt\u00e0, \u00e8 questo il concetto dal quale secondo me dobbiamo partire <\/em>\u2013 ha esordito parlando della nuova realt\u00e0 sanitaria nata dalla fusione per incorporazione tra le due aziende ospedaliere esistenti -. <em>Una realt\u00e0 come il Policlinico, che fa ricerca, didattica, formazione e assistenza e sta crescendo, e come un grande ospedale che fa assistenza qual \u00e8 il \u201cPugliese-Ciaccio\u201d. Allora avanti senza pregiudizi: il tema \u00e8 affrontare questa sfida di cambiamento con l\u2019orgoglio di poter realizzare una grande azienda ospedaliera universitaria, una delle pi\u00f9 grandi del Meridione. Questo dev\u2019essere l\u2019elemento trainante. Poi ovviamente bisogna caratterizzare questa grande azienda anche come identit\u00e0, puntando su un processo di umanizzazione che va alla pari con il benessere organizzativo degli operatori: se stanno bene gli operatori lavorano meglio e possono assistere meglio i pazienti\u201d.<\/em><\/p>\n<p class=\"xmprfx_MsoNormal\" style=\"text-align: justify\">Il dottor\u00a0<b>Francesco Talarico<\/b>, responsabile della Direzione medica del presidio \u201cDe Lellis\u201d, Azienda ospedaliera \u201cPugliese-Ciaccio\u201d di Catanzaro, e professore a contratto dell\u2019Universit\u00e0 \u201cMagna Graecia\u201d, ha voluto inizialmente richiamare due immagini che sono entrate nel nostro quotidiano e suscitano una pi\u00f9 articolata riflessione \u201cglobale\u201d: quella di un orso denutrito, perch\u00e9 in un habitat distrutto dai cambiamenti climatici, e quello del pipistrello di Wuhan. <em>\u201cChi poteva immaginare che un pipistrello potesse fare tutti questi danni nella comunit\u00e0 mondiale?\u00a0\u00a0La pandemia <\/em>\u2013 afferma ancora Talarico \u2013<em> ha condizionato fortemente la nostra esistenza. Sembra ormai alle nostre spalle, ma non \u00e8 cos\u00ec: si tratta di un fenomeno con cui dobbiamo abituarci a convivere, ma soprattutto dobbiamo imparare a reagire. Da qui l\u2019importanza della consapevolezza e dei momenti formativi come questo. Considerata la complessit\u00e0 della tematica trattata si \u00e8 reso necessario un approccio multidisciplinare con il coinvolgimento di competenze trasversali tali da offrire un momento di confronto e di crescita in merito ad una tematica sempre pi\u00f9 attuale&#8221;.<\/em><\/p>\n<p class=\"xmprfx_MsoNormal\" style=\"text-align: justify\">Infatti, come ha sottolineato il dottore <strong>Talarico<\/strong>, il Comitato organizzatore del corso \u00e8 composto da tre figure completamente diverse: un medico, un fisico e un chimico, vale a dire, oltre allo stesso Talarico, il dottor Salvatore Procopio e il dottor Ivano Ammoscato.<\/p>\n<p class=\"xmprfx_MsoNormal\" style=\"text-align: justify\">La formazione, quindi, come strumento della consapevolezza per reagire, per<em> \u201ccapire come possiamo e dobbiamo modificare i nostri comportamenti per evitare che questi cambiamenti globali abbiano un impatto irreversibile sulla nostra salute<\/em> &#8211; ha rimarcato il dottor Talarico -.\u00a0\u00a0<em>Conoscere per reagire, per programmare e per adottare buone pratiche finalizzate a modificare il nostro stile di vita in senso positivo. Nella misura in cui riusciamo ad avere un approccio corretto con il nostro pianeta, che ci ha dato la vita, nello stesso modo restituiamo al pianeta le risorse per rigenerarsi, facendo in modo che queste non vengano depredate. Gli studi dicono che siamo irreversibilmente destinati a un aumento della temperatura globale ma se riusciamo a modificare i nostri comportamenti, e fare in modo che questo aumento di temperatura sia di appena mezzo grado inferiore rispetto alle previsioni, questo si tradurr\u00e0 in tutta una serie di vantaggi. Non \u00e8 solo un problema dei Governi <\/em>\u2013 ha concluso \u2013<em> ma dei singoli individui nei loro comportamenti e nelle scelte che fanno: piccole cose del quotidiano per cominciare ad avviare un circolo virtuoso\u201d.\u00a0<\/em><\/p>\n<p class=\"xmprfx_MsoNormal\" style=\"text-align: justify\"><em>\u201cUno degli obiettivi di questa giornata formativa \u00e8 quello di organizzare un momento di confronto multidisciplinare, proprio perch\u00e9 parliamo di \u2018salute globale\u2019<\/em> \u2013 ha aggiunto il dottor <b>Ivano Ammoscato<\/b>, presidente della sezione Sud dell\u2019Associazione Italiana Degli Igienisti Industriali per l\u2019Igiene Industriale e l\u2019Ambiente che lavora al CNR ed \u00e8 responsabile tecnico della strumentazione scientifica della sede ISAC di Lamezia Terme -. <em>Non pu\u00f2 essere la singola disciplina ad essere trainante: il comune denominatore \u00e8 la salute globale, vale a dire la salute del pianeta e quindi la salute umana. L\u2019uomo dovrebbe ritornare a pensare ad avere un po\u2019 pi\u00f9 di rispetto della Natura e ritornare a imparare dalla\u00a0Natura. Molto spesso l\u2019opinione comune \u00e8 suddivisa due categorie: catastrofisti e negazionisti ma chi lavora in ambito scientifico: \u201cAbbiamo l\u2019obbligo morale, invece, di aderire ad una terza categoria: quella dei realisti.\u201d La realt\u00e0 dei fatti<\/em> \u2013 ha detto ancora Ammoscato <em>&#8211; \u00e8 che i cambiamenti ci sono, sono in corso, ne stiamo cominciando a vedere le conseguenze e le vedranno ancora di pi\u00f9 le future generazioni. Quindi se vogliamo parlare di salute globale non possiamo prescindere dalla problematica dei cambiamenti climatici\u201d.<\/em><\/p>\n<p class=\"xmprfx_MsoNormal\" style=\"text-align: justify\">E parlando di variazioni climatiche, il dottor <strong>Elenio Avolio<\/strong> ha fatto emergere che \u201c<em>se saremo bravi a ridurre le emissioni, il pianeta si riscalder\u00e0 di 1,5 \u00b0C. Se non lo saremo il pianeta si riscalder\u00e0 di pi\u00f9, ovvero di 2\u00b0C. in ogni caso, anche nella visione pi\u00f9 ottimistica, la temperatura del pianeta \u00e8 destinata a salire\u201d.<\/em><\/p>\n<p class=\"xmprfx_MsoNormal\" style=\"text-align: justify\">In particolare, nel primo caso sarebbe necessario diminuire le emissioni del 45% nel 2030 (rispetto a quelle del 2010) e azzerarle nel 2050, nel secondo caso si dovrebbero diminuire le emissioni del 20% nel 2030 e azzerarle nel 2075. Quali effetti benefici dalla limitazione del riscaldamento a 1,5\u00b0C rispetto a 2\u00b0C? Il livello dei mari sarebbe inferiore di circa 10cm; la biodiversit\u00e0 sarebbe pi\u00f9 tutelata, per esempio; l\u2019acidit\u00e0 del mare aumenterebbe meno; le barriere coralline non scomparirebbero; al polo nord avremo un\u2019estate senza ghiacci ogni secolo (contro una ogni 10 anni con +2\u00b0C); i rischi per la salute, per la sicurezza alimentare e per i rifornimenti idrici aumenterebbero meno. Un mezzo grado che fa la differenza e di cui bisogna parlare sempre di pi\u00f9: informare per capire, come in queste giornate di formazione.<\/p>\n","protected":false},"excerpt":{"rendered":"<p>Una sfida da vincere, soprattutto per le future generazioni: vivere e declinare la salute come fenomeno globale. Lo scorso 28 aprile, alla salute globale \u00e8 stata dedicata una giornata formativa&hellip;<\/p>\n","protected":false},"author":8,"featured_media":24755,"comment_status":"closed","ping_status":"open","sticky":false,"template":"","format":"standard","meta":{"_jetpack_memberships_contains_paid_content":false,"footnotes":"","jetpack_publicize_message":"","jetpack_publicize_feature_enabled":true,"jetpack_social_post_already_shared":false,"jetpack_social_options":{"image_generator_settings":{"template":"highway","default_image_id":0,"font":"","enabled":false},"version":2}},"categories":[142,921,196],"tags":[14296,14298,14297],"class_list":["post-24754","post","type-post","status-publish","format-standard","has-post-thumbnail","hentry","category-calabria","category-home","category-news","tag-elenio-avolio","tag-global-health-una-sfida-per-il-futuro","tag-ivano-ammoscato"],"yoast_head":"<!-- This site is optimized with the Yoast SEO plugin v27.2 - https:\/\/yoast.com\/product\/yoast-seo-wordpress\/ -->\n<title>\u201cGlobal Health: una sfida per il futuro\u201d una sfida da vincere<\/title>\n<meta name=\"description\" content=\"A Catanzaro \u00e8 stata dedicata una giornata formativa dal titolo \u201cGlobal Health: una sfida per il futuro\u201d per favorire le future generazioni\" \/>\n<meta name=\"robots\" content=\"index, follow, max-snippet:-1, max-image-preview:large, max-video-preview:-1\" \/>\n<link rel=\"canonical\" href=\"https:\/\/progettotouring.it\/radiotouring104\/2023\/05\/03\/catanzaro-global-health-una-sfida-per-il-futuro-una-sfida-da-vincere\/\" \/>\n<meta property=\"og:locale\" content=\"it_IT\" \/>\n<meta property=\"og:type\" content=\"article\" \/>\n<meta property=\"og:title\" content=\"\u201cGlobal Health: una sfida per il futuro\u201d una sfida da vincere\" \/>\n<meta property=\"og:description\" content=\"A Catanzaro \u00e8 stata dedicata una giornata formativa dal titolo \u201cGlobal Health: una sfida per il futuro\u201d per favorire le future generazioni\" \/>\n<meta property=\"og:url\" content=\"https:\/\/progettotouring.it\/radiotouring104\/2023\/05\/03\/catanzaro-global-health-una-sfida-per-il-futuro-una-sfida-da-vincere\/\" \/>\n<meta property=\"og:site_name\" content=\"Radio Touring 104\" \/>\n<meta property=\"article:published_time\" content=\"2023-05-03T08:11:03+00:00\" \/>\n<meta property=\"article:modified_time\" content=\"2023-05-03T14:25:39+00:00\" \/>\n<meta property=\"og:image\" content=\"https:\/\/progettotouring.it\/radiotouring104\/wp-content\/uploads\/sites\/6\/2023\/05\/AMMOSCATO-TALARICO-CALIDONNA.jpg\" \/>\n\t<meta property=\"og:image:width\" content=\"1600\" \/>\n\t<meta property=\"og:image:height\" content=\"1200\" \/>\n\t<meta property=\"og:image:type\" content=\"image\/jpeg\" \/>\n<meta name=\"author\" content=\"Filippo Francesco Idone\" \/>\n<meta name=\"twitter:card\" content=\"summary_large_image\" \/>\n<meta name=\"twitter:label1\" content=\"Scritto da\" \/>\n\t<meta name=\"twitter:data1\" content=\"Filippo Francesco Idone\" \/>\n\t<meta name=\"twitter:label2\" content=\"Tempo di lettura stimato\" \/>\n\t<meta name=\"twitter:data2\" content=\"5 minuti\" \/>\n<script type=\"application\/ld+json\" class=\"yoast-schema-graph\">{\"@context\":\"https:\/\/schema.org\",\"@graph\":[{\"@type\":\"Article\",\"@id\":\"https:\/\/progettotouring.it\/radiotouring104\/2023\/05\/03\/catanzaro-global-health-una-sfida-per-il-futuro-una-sfida-da-vincere\/#article\",\"isPartOf\":{\"@id\":\"https:\/\/progettotouring.it\/radiotouring104\/2023\/05\/03\/catanzaro-global-health-una-sfida-per-il-futuro-una-sfida-da-vincere\/\"},\"author\":{\"name\":\"Filippo Francesco Idone\",\"@id\":\"https:\/\/progettotouring.it\/radiotouring104\/#\/schema\/person\/4a82259ca52ac8702ad1a8f9e5a3120b\"},\"headline\":\"Catanzaro: \u201cGlobal Health: una sfida per il futuro\u201d una sfida da vincere\",\"datePublished\":\"2023-05-03T08:11:03+00:00\",\"dateModified\":\"2023-05-03T14:25:39+00:00\",\"mainEntityOfPage\":{\"@id\":\"https:\/\/progettotouring.it\/radiotouring104\/2023\/05\/03\/catanzaro-global-health-una-sfida-per-il-futuro-una-sfida-da-vincere\/\"},\"wordCount\":1108,\"publisher\":{\"@id\":\"https:\/\/progettotouring.it\/radiotouring104\/#organization\"},\"image\":{\"@id\":\"https:\/\/progettotouring.it\/radiotouring104\/2023\/05\/03\/catanzaro-global-health-una-sfida-per-il-futuro-una-sfida-da-vincere\/#primaryimage\"},\"thumbnailUrl\":\"https:\/\/progettotouring.it\/radiotouring104\/wp-content\/uploads\/sites\/6\/2023\/05\/AMMOSCATO-TALARICO-CALIDONNA.jpg\",\"keywords\":[\"Elenio Avolio\",\"Global Health: una sfida per il futuro\",\"Ivano Ammoscato\"],\"articleSection\":[\"Calabria\",\"Home\",\"News\"],\"inLanguage\":\"it-IT\"},{\"@type\":\"WebPage\",\"@id\":\"https:\/\/progettotouring.it\/radiotouring104\/2023\/05\/03\/catanzaro-global-health-una-sfida-per-il-futuro-una-sfida-da-vincere\/\",\"url\":\"https:\/\/progettotouring.it\/radiotouring104\/2023\/05\/03\/catanzaro-global-health-una-sfida-per-il-futuro-una-sfida-da-vincere\/\",\"name\":\"\u201cGlobal Health: una sfida per il futuro\u201d una sfida da vincere\",\"isPartOf\":{\"@id\":\"https:\/\/progettotouring.it\/radiotouring104\/#website\"},\"primaryImageOfPage\":{\"@id\":\"https:\/\/progettotouring.it\/radiotouring104\/2023\/05\/03\/catanzaro-global-health-una-sfida-per-il-futuro-una-sfida-da-vincere\/#primaryimage\"},\"image\":{\"@id\":\"https:\/\/progettotouring.it\/radiotouring104\/2023\/05\/03\/catanzaro-global-health-una-sfida-per-il-futuro-una-sfida-da-vincere\/#primaryimage\"},\"thumbnailUrl\":\"https:\/\/progettotouring.it\/radiotouring104\/wp-content\/uploads\/sites\/6\/2023\/05\/AMMOSCATO-TALARICO-CALIDONNA.jpg\",\"datePublished\":\"2023-05-03T08:11:03+00:00\",\"dateModified\":\"2023-05-03T14:25:39+00:00\",\"description\":\"A Catanzaro \u00e8 stata dedicata una giornata formativa dal titolo \u201cGlobal Health: una sfida per il futuro\u201d per favorire le future generazioni\",\"breadcrumb\":{\"@id\":\"https:\/\/progettotouring.it\/radiotouring104\/2023\/05\/03\/catanzaro-global-health-una-sfida-per-il-futuro-una-sfida-da-vincere\/#breadcrumb\"},\"inLanguage\":\"it-IT\",\"potentialAction\":[{\"@type\":\"ReadAction\",\"target\":[\"https:\/\/progettotouring.it\/radiotouring104\/2023\/05\/03\/catanzaro-global-health-una-sfida-per-il-futuro-una-sfida-da-vincere\/\"]}]},{\"@type\":\"ImageObject\",\"inLanguage\":\"it-IT\",\"@id\":\"https:\/\/progettotouring.it\/radiotouring104\/2023\/05\/03\/catanzaro-global-health-una-sfida-per-il-futuro-una-sfida-da-vincere\/#primaryimage\",\"url\":\"https:\/\/progettotouring.it\/radiotouring104\/wp-content\/uploads\/sites\/6\/2023\/05\/AMMOSCATO-TALARICO-CALIDONNA.jpg\",\"contentUrl\":\"https:\/\/progettotouring.it\/radiotouring104\/wp-content\/uploads\/sites\/6\/2023\/05\/AMMOSCATO-TALARICO-CALIDONNA.jpg\",\"width\":1600,\"height\":1200},{\"@type\":\"BreadcrumbList\",\"@id\":\"https:\/\/progettotouring.it\/radiotouring104\/2023\/05\/03\/catanzaro-global-health-una-sfida-per-il-futuro-una-sfida-da-vincere\/#breadcrumb\",\"itemListElement\":[{\"@type\":\"ListItem\",\"position\":1,\"name\":\"Home\",\"item\":\"https:\/\/progettotouring.it\/radiotouring104\/\"},{\"@type\":\"ListItem\",\"position\":2,\"name\":\"Catanzaro: \u201cGlobal Health: una sfida per il futuro\u201d una sfida da vincere\"}]},{\"@type\":\"WebSite\",\"@id\":\"https:\/\/progettotouring.it\/radiotouring104\/#website\",\"url\":\"https:\/\/progettotouring.it\/radiotouring104\/\",\"name\":\"Radio Touring 104\",\"description\":\"La prima radio Reggina\",\"publisher\":{\"@id\":\"https:\/\/progettotouring.it\/radiotouring104\/#organization\"},\"potentialAction\":[{\"@type\":\"SearchAction\",\"target\":{\"@type\":\"EntryPoint\",\"urlTemplate\":\"https:\/\/progettotouring.it\/radiotouring104\/?s={search_term_string}\"},\"query-input\":{\"@type\":\"PropertyValueSpecification\",\"valueRequired\":true,\"valueName\":\"search_term_string\"}}],\"inLanguage\":\"it-IT\"},{\"@type\":\"Organization\",\"@id\":\"https:\/\/progettotouring.it\/radiotouring104\/#organization\",\"name\":\"Radio Touring 104\",\"url\":\"https:\/\/progettotouring.it\/radiotouring104\/\",\"logo\":{\"@type\":\"ImageObject\",\"inLanguage\":\"it-IT\",\"@id\":\"https:\/\/progettotouring.it\/radiotouring104\/#\/schema\/logo\/image\/\",\"url\":\"https:\/\/progettotouring.it\/radiotouring104\/wp-content\/uploads\/sites\/6\/2022\/02\/cropped-logo-radio-touring-104.png\",\"contentUrl\":\"https:\/\/progettotouring.it\/radiotouring104\/wp-content\/uploads\/sites\/6\/2022\/02\/cropped-logo-radio-touring-104.png\",\"width\":377,\"height\":182,\"caption\":\"Radio Touring 104\"},\"image\":{\"@id\":\"https:\/\/progettotouring.it\/radiotouring104\/#\/schema\/logo\/image\/\"}},{\"@type\":\"Person\",\"@id\":\"https:\/\/progettotouring.it\/radiotouring104\/#\/schema\/person\/4a82259ca52ac8702ad1a8f9e5a3120b\",\"name\":\"Filippo Francesco Idone\",\"image\":{\"@type\":\"ImageObject\",\"inLanguage\":\"it-IT\",\"@id\":\"https:\/\/secure.gravatar.com\/avatar\/7268715d2366395c3dd314385670e6484117d44f5c442e61e230f7008b7b62d3?s=96&d=mm&r=g\",\"url\":\"https:\/\/secure.gravatar.com\/avatar\/7268715d2366395c3dd314385670e6484117d44f5c442e61e230f7008b7b62d3?s=96&d=mm&r=g\",\"contentUrl\":\"https:\/\/secure.gravatar.com\/avatar\/7268715d2366395c3dd314385670e6484117d44f5c442e61e230f7008b7b62d3?s=96&d=mm&r=g\",\"caption\":\"Filippo Francesco Idone\"},\"url\":\"https:\/\/progettotouring.it\/radiotouring104\/author\/filippoidone\/\"}]}<\/script>\n<!-- \/ Yoast SEO plugin. -->","yoast_head_json":{"title":"\u201cGlobal Health: una sfida per il futuro\u201d una sfida da vincere","description":"A Catanzaro \u00e8 stata dedicata una giornata formativa dal titolo \u201cGlobal Health: una sfida per il futuro\u201d per favorire le future generazioni","robots":{"index":"index","follow":"follow","max-snippet":"max-snippet:-1","max-image-preview":"max-image-preview:large","max-video-preview":"max-video-preview:-1"},"canonical":"https:\/\/progettotouring.it\/radiotouring104\/2023\/05\/03\/catanzaro-global-health-una-sfida-per-il-futuro-una-sfida-da-vincere\/","og_locale":"it_IT","og_type":"article","og_title":"\u201cGlobal Health: una sfida per il futuro\u201d una sfida da vincere","og_description":"A Catanzaro \u00e8 stata dedicata una giornata formativa dal titolo \u201cGlobal Health: una sfida per il futuro\u201d per favorire le future generazioni","og_url":"https:\/\/progettotouring.it\/radiotouring104\/2023\/05\/03\/catanzaro-global-health-una-sfida-per-il-futuro-una-sfida-da-vincere\/","og_site_name":"Radio Touring 104","article_published_time":"2023-05-03T08:11:03+00:00","article_modified_time":"2023-05-03T14:25:39+00:00","og_image":[{"width":1600,"height":1200,"url":"https:\/\/progettotouring.it\/radiotouring104\/wp-content\/uploads\/sites\/6\/2023\/05\/AMMOSCATO-TALARICO-CALIDONNA.jpg","type":"image\/jpeg"}],"author":"Filippo Francesco Idone","twitter_card":"summary_large_image","twitter_misc":{"Scritto da":"Filippo Francesco Idone","Tempo di lettura stimato":"5 minuti"},"schema":{"@context":"https:\/\/schema.org","@graph":[{"@type":"Article","@id":"https:\/\/progettotouring.it\/radiotouring104\/2023\/05\/03\/catanzaro-global-health-una-sfida-per-il-futuro-una-sfida-da-vincere\/#article","isPartOf":{"@id":"https:\/\/progettotouring.it\/radiotouring104\/2023\/05\/03\/catanzaro-global-health-una-sfida-per-il-futuro-una-sfida-da-vincere\/"},"author":{"name":"Filippo Francesco Idone","@id":"https:\/\/progettotouring.it\/radiotouring104\/#\/schema\/person\/4a82259ca52ac8702ad1a8f9e5a3120b"},"headline":"Catanzaro: \u201cGlobal Health: una sfida per il futuro\u201d una sfida da vincere","datePublished":"2023-05-03T08:11:03+00:00","dateModified":"2023-05-03T14:25:39+00:00","mainEntityOfPage":{"@id":"https:\/\/progettotouring.it\/radiotouring104\/2023\/05\/03\/catanzaro-global-health-una-sfida-per-il-futuro-una-sfida-da-vincere\/"},"wordCount":1108,"publisher":{"@id":"https:\/\/progettotouring.it\/radiotouring104\/#organization"},"image":{"@id":"https:\/\/progettotouring.it\/radiotouring104\/2023\/05\/03\/catanzaro-global-health-una-sfida-per-il-futuro-una-sfida-da-vincere\/#primaryimage"},"thumbnailUrl":"https:\/\/progettotouring.it\/radiotouring104\/wp-content\/uploads\/sites\/6\/2023\/05\/AMMOSCATO-TALARICO-CALIDONNA.jpg","keywords":["Elenio Avolio","Global Health: una sfida per il futuro","Ivano Ammoscato"],"articleSection":["Calabria","Home","News"],"inLanguage":"it-IT"},{"@type":"WebPage","@id":"https:\/\/progettotouring.it\/radiotouring104\/2023\/05\/03\/catanzaro-global-health-una-sfida-per-il-futuro-una-sfida-da-vincere\/","url":"https:\/\/progettotouring.it\/radiotouring104\/2023\/05\/03\/catanzaro-global-health-una-sfida-per-il-futuro-una-sfida-da-vincere\/","name":"\u201cGlobal Health: una sfida per il futuro\u201d una sfida da vincere","isPartOf":{"@id":"https:\/\/progettotouring.it\/radiotouring104\/#website"},"primaryImageOfPage":{"@id":"https:\/\/progettotouring.it\/radiotouring104\/2023\/05\/03\/catanzaro-global-health-una-sfida-per-il-futuro-una-sfida-da-vincere\/#primaryimage"},"image":{"@id":"https:\/\/progettotouring.it\/radiotouring104\/2023\/05\/03\/catanzaro-global-health-una-sfida-per-il-futuro-una-sfida-da-vincere\/#primaryimage"},"thumbnailUrl":"https:\/\/progettotouring.it\/radiotouring104\/wp-content\/uploads\/sites\/6\/2023\/05\/AMMOSCATO-TALARICO-CALIDONNA.jpg","datePublished":"2023-05-03T08:11:03+00:00","dateModified":"2023-05-03T14:25:39+00:00","description":"A Catanzaro \u00e8 stata dedicata una giornata formativa dal titolo \u201cGlobal Health: una sfida per il futuro\u201d per favorire le future generazioni","breadcrumb":{"@id":"https:\/\/progettotouring.it\/radiotouring104\/2023\/05\/03\/catanzaro-global-health-una-sfida-per-il-futuro-una-sfida-da-vincere\/#breadcrumb"},"inLanguage":"it-IT","potentialAction":[{"@type":"ReadAction","target":["https:\/\/progettotouring.it\/radiotouring104\/2023\/05\/03\/catanzaro-global-health-una-sfida-per-il-futuro-una-sfida-da-vincere\/"]}]},{"@type":"ImageObject","inLanguage":"it-IT","@id":"https:\/\/progettotouring.it\/radiotouring104\/2023\/05\/03\/catanzaro-global-health-una-sfida-per-il-futuro-una-sfida-da-vincere\/#primaryimage","url":"https:\/\/progettotouring.it\/radiotouring104\/wp-content\/uploads\/sites\/6\/2023\/05\/AMMOSCATO-TALARICO-CALIDONNA.jpg","contentUrl":"https:\/\/progettotouring.it\/radiotouring104\/wp-content\/uploads\/sites\/6\/2023\/05\/AMMOSCATO-TALARICO-CALIDONNA.jpg","width":1600,"height":1200},{"@type":"BreadcrumbList","@id":"https:\/\/progettotouring.it\/radiotouring104\/2023\/05\/03\/catanzaro-global-health-una-sfida-per-il-futuro-una-sfida-da-vincere\/#breadcrumb","itemListElement":[{"@type":"ListItem","position":1,"name":"Home","item":"https:\/\/progettotouring.it\/radiotouring104\/"},{"@type":"ListItem","position":2,"name":"Catanzaro: \u201cGlobal Health: una sfida per il futuro\u201d una sfida da vincere"}]},{"@type":"WebSite","@id":"https:\/\/progettotouring.it\/radiotouring104\/#website","url":"https:\/\/progettotouring.it\/radiotouring104\/","name":"Radio Touring 104","description":"La prima radio Reggina","publisher":{"@id":"https:\/\/progettotouring.it\/radiotouring104\/#organization"},"potentialAction":[{"@type":"SearchAction","target":{"@type":"EntryPoint","urlTemplate":"https:\/\/progettotouring.it\/radiotouring104\/?s={search_term_string}"},"query-input":{"@type":"PropertyValueSpecification","valueRequired":true,"valueName":"search_term_string"}}],"inLanguage":"it-IT"},{"@type":"Organization","@id":"https:\/\/progettotouring.it\/radiotouring104\/#organization","name":"Radio Touring 104","url":"https:\/\/progettotouring.it\/radiotouring104\/","logo":{"@type":"ImageObject","inLanguage":"it-IT","@id":"https:\/\/progettotouring.it\/radiotouring104\/#\/schema\/logo\/image\/","url":"https:\/\/progettotouring.it\/radiotouring104\/wp-content\/uploads\/sites\/6\/2022\/02\/cropped-logo-radio-touring-104.png","contentUrl":"https:\/\/progettotouring.it\/radiotouring104\/wp-content\/uploads\/sites\/6\/2022\/02\/cropped-logo-radio-touring-104.png","width":377,"height":182,"caption":"Radio Touring 104"},"image":{"@id":"https:\/\/progettotouring.it\/radiotouring104\/#\/schema\/logo\/image\/"}},{"@type":"Person","@id":"https:\/\/progettotouring.it\/radiotouring104\/#\/schema\/person\/4a82259ca52ac8702ad1a8f9e5a3120b","name":"Filippo Francesco Idone","image":{"@type":"ImageObject","inLanguage":"it-IT","@id":"https:\/\/secure.gravatar.com\/avatar\/7268715d2366395c3dd314385670e6484117d44f5c442e61e230f7008b7b62d3?s=96&d=mm&r=g","url":"https:\/\/secure.gravatar.com\/avatar\/7268715d2366395c3dd314385670e6484117d44f5c442e61e230f7008b7b62d3?s=96&d=mm&r=g","contentUrl":"https:\/\/secure.gravatar.com\/avatar\/7268715d2366395c3dd314385670e6484117d44f5c442e61e230f7008b7b62d3?s=96&d=mm&r=g","caption":"Filippo Francesco Idone"},"url":"https:\/\/progettotouring.it\/radiotouring104\/author\/filippoidone\/"}]}},"jetpack_publicize_connections":[],"jetpack_featured_media_url":"https:\/\/progettotouring.it\/radiotouring104\/wp-content\/uploads\/sites\/6\/2023\/05\/AMMOSCATO-TALARICO-CALIDONNA.jpg","jetpack_sharing_enabled":true,"_links":{"self":[{"href":"https:\/\/progettotouring.it\/radiotouring104\/wp-json\/wp\/v2\/posts\/24754","targetHints":{"allow":["GET"]}}],"collection":[{"href":"https:\/\/progettotouring.it\/radiotouring104\/wp-json\/wp\/v2\/posts"}],"about":[{"href":"https:\/\/progettotouring.it\/radiotouring104\/wp-json\/wp\/v2\/types\/post"}],"author":[{"embeddable":true,"href":"https:\/\/progettotouring.it\/radiotouring104\/wp-json\/wp\/v2\/users\/8"}],"replies":[{"embeddable":true,"href":"https:\/\/progettotouring.it\/radiotouring104\/wp-json\/wp\/v2\/comments?post=24754"}],"version-history":[{"count":1,"href":"https:\/\/progettotouring.it\/radiotouring104\/wp-json\/wp\/v2\/posts\/24754\/revisions"}],"predecessor-version":[{"id":24756,"href":"https:\/\/progettotouring.it\/radiotouring104\/wp-json\/wp\/v2\/posts\/24754\/revisions\/24756"}],"wp:featuredmedia":[{"embeddable":true,"href":"https:\/\/progettotouring.it\/radiotouring104\/wp-json\/wp\/v2\/media\/24755"}],"wp:attachment":[{"href":"https:\/\/progettotouring.it\/radiotouring104\/wp-json\/wp\/v2\/media?parent=24754"}],"wp:term":[{"taxonomy":"category","embeddable":true,"href":"https:\/\/progettotouring.it\/radiotouring104\/wp-json\/wp\/v2\/categories?post=24754"},{"taxonomy":"post_tag","embeddable":true,"href":"https:\/\/progettotouring.it\/radiotouring104\/wp-json\/wp\/v2\/tags?post=24754"}],"curies":[{"name":"wp","href":"https:\/\/api.w.org\/{rel}","templated":true}]}}