{"id":24969,"date":"2023-05-05T12:51:12","date_gmt":"2023-05-05T10:51:12","guid":{"rendered":"https:\/\/progettotouring.it\/radiotouring104\/?p=24969"},"modified":"2023-05-05T12:51:12","modified_gmt":"2023-05-05T10:51:12","slug":"crollo-viadotto-occhiuto-non-deve-piu-accadere","status":"publish","type":"post","link":"https:\/\/progettotouring.it\/radiotouring104\/2023\/05\/05\/crollo-viadotto-occhiuto-non-deve-piu-accadere\/","title":{"rendered":"Crollo viadotto, Occhiuto: &#8220;Non deve pi\u00f9 accadere&#8221;"},"content":{"rendered":"<p style=\"text-align: justify\">&#8220;<em>Queste cose non devono pi\u00f9 succedere, ma bisogna impegnarsi nel vigilare maggiormente affinch\u00e9 non si ripetano. Sull&#8217;ambiente ho investito molto tempo e molte risorse in questo anno e mezzo di governo.<\/em><\/p>\n<p style=\"text-align: justify\"><em>Certo, ho coscienza di governare una Regione difficile, complicata, ma non risparmio energie, nonostante non passi giorno in cui si non si verifichi un&#8217;emergenza&#8221;<\/em>. Lo ha detto il presidente della Regione Calabria, <strong>Roberto Occhiuto,<\/strong> parlando con i giornalisti nel corso del sopralluogo effettuato nell&#8217;area nella quale ieri \u00e8 crollato il viadotto &#8220;Ortiano 2&#8221;.<br \/>\n<em>&#8220;Ho chiesto agli uffici regionali, i quali per\u00f2 non hanno avuto un ruolo nella realizzazione di questa strada<\/em> &#8211; ha aggiunto <strong>Occhiuto<\/strong> &#8211; <em>di fare degli accertamenti. Ho sentito ieri l&#8217;<strong>amministratore delegato di Anas, Aldo Isi,<\/strong> e anche loro faranno degli accertamenti. Ma mentre si fa tutto questo dobbiamo pretendere dal governo nazionale che risarcisca anche questa parte della Calabria che \u00e8 stata condannata all&#8217;isolamento per tanti anni e che ha dovuto registrare soltanto promesse. Questo \u00e8 l&#8217;emblema di come sia complicato e difficile realizzare le opere pubbliche in Italia, e di come sia ancora pi\u00f9 complicato farle in Calabria<\/em>&#8220;.<\/p>\n<p style=\"text-align: justify\">&#8220;<em>Sono anni ormai<\/em> &#8211; ha sostenuto il governatore calabrese &#8211; <em>che i cittadini di<strong> Longobucco<\/strong> aspettano un strada che possa congiungere il loro paese al mare, ma hanno ascoltato soltanto promesse e registrato soltanto disastri. La soluzione non \u00e8 quella di non fare la strada, ma quella di pretendere che i lavori vengano fatti bene. \u00c8 una buona cosa che la strada, realizzata dalla Comunit\u00e0 montana, sia ora nella gestione di Anas. Per questo credo che sia doveroso chiedere alla societ\u00e0 di verificare la qualit\u00e0 dei lavori sui lotti gi\u00e0 realizzati e di accertare, come far\u00e0 anche la Procura, se ci siano state responsabilit\u00e0. La risposta ad un disastro non pu\u00f2 essere quella di accettare l&#8217;isolamento. La risposta deve essere quella di fare le opere pubbliche evitando che avvengano i disastri. Per fortuna ieri il tratto di strada era chiuso, altrimenti oggi commenteremmo una tragedia&#8221;<\/em>. (ANSA).<\/p>\n","protected":false},"excerpt":{"rendered":"<p>&#8220;Queste cose non devono pi\u00f9 succedere, ma bisogna impegnarsi nel vigilare maggiormente affinch\u00e9 non si ripetano. Sull&#8217;ambiente ho investito molto tempo e molte risorse in questo anno e mezzo di&hellip;<\/p>\n","protected":false},"author":12,"featured_media":24973,"comment_status":"closed","ping_status":"open","sticky":false,"template":"","format":"standard","meta":{"_jetpack_memberships_contains_paid_content":false,"footnotes":"","jetpack_publicize_message":"","jetpack_publicize_feature_enabled":true,"jetpack_social_post_already_shared":false,"jetpack_social_options":{"image_generator_settings":{"template":"highway","default_image_id":0,"font":"","enabled":false},"version":2}},"categories":[142,921,196],"tags":[14451,14450,1235,14449,14448],"class_list":["post-24969","post","type-post","status-publish","format-standard","has-post-thumbnail","hentry","category-calabria","category-home","category-news","tag-aldo-isi","tag-amministratore-delegato-di-anas","tag-roberto-occhiuto","tag-sopralluogo-occhiuto","tag-viadotto-ortiano-2-crollato"],"yoast_head":"<!-- This site is optimized with the Yoast SEO plugin v27.2 - https:\/\/yoast.com\/product\/yoast-seo-wordpress\/ -->\n<title>Crollo viadotto, Occhiuto: &quot;Non deve pi\u00f9 accadere&quot;<\/title>\n<meta name=\"description\" content=\"Sopralluogo di Occhiuto nell&#039;area nella quale ieri \u00e8 crollato il viadotto &quot;Ortiano 2&quot;. Il presidente: &quot;Non deve pi\u00f9 accadere&quot;\" \/>\n<meta name=\"robots\" content=\"index, follow, max-snippet:-1, max-image-preview:large, max-video-preview:-1\" \/>\n<link rel=\"canonical\" href=\"https:\/\/progettotouring.it\/radiotouring104\/2023\/05\/05\/crollo-viadotto-occhiuto-non-deve-piu-accadere\/\" \/>\n<meta property=\"og:locale\" content=\"it_IT\" \/>\n<meta property=\"og:type\" content=\"article\" \/>\n<meta property=\"og:title\" content=\"Crollo viadotto, Occhiuto: &quot;Non deve pi\u00f9 accadere&quot;\" \/>\n<meta property=\"og:description\" content=\"Sopralluogo di Occhiuto nell&#039;area nella quale ieri \u00e8 crollato il viadotto &quot;Ortiano 2&quot;. Il presidente: &quot;Non deve pi\u00f9 accadere&quot;\" \/>\n<meta property=\"og:url\" content=\"https:\/\/progettotouring.it\/radiotouring104\/2023\/05\/05\/crollo-viadotto-occhiuto-non-deve-piu-accadere\/\" \/>\n<meta property=\"og:site_name\" content=\"Radio Touring 104\" \/>\n<meta property=\"article:published_time\" content=\"2023-05-05T10:51:12+00:00\" \/>\n<meta property=\"og:image\" content=\"https:\/\/progettotouring.it\/radiotouring104\/wp-content\/uploads\/sites\/6\/2023\/05\/viadotto-cosenza-crollato.jpg\" \/>\n\t<meta property=\"og:image:width\" content=\"474\" \/>\n\t<meta property=\"og:image:height\" content=\"360\" \/>\n\t<meta property=\"og:image:type\" content=\"image\/jpeg\" \/>\n<meta name=\"author\" content=\"Sebastiano Plutino\" \/>\n<meta name=\"twitter:card\" content=\"summary_large_image\" \/>\n<meta name=\"twitter:label1\" content=\"Scritto da\" \/>\n\t<meta name=\"twitter:data1\" content=\"Sebastiano Plutino\" \/>\n\t<meta name=\"twitter:label2\" content=\"Tempo di lettura stimato\" \/>\n\t<meta name=\"twitter:data2\" content=\"2 minuti\" \/>\n<script type=\"application\/ld+json\" class=\"yoast-schema-graph\">{\"@context\":\"https:\/\/schema.org\",\"@graph\":[{\"@type\":\"Article\",\"@id\":\"https:\/\/progettotouring.it\/radiotouring104\/2023\/05\/05\/crollo-viadotto-occhiuto-non-deve-piu-accadere\/#article\",\"isPartOf\":{\"@id\":\"https:\/\/progettotouring.it\/radiotouring104\/2023\/05\/05\/crollo-viadotto-occhiuto-non-deve-piu-accadere\/\"},\"author\":{\"name\":\"Sebastiano Plutino\",\"@id\":\"https:\/\/progettotouring.it\/radiotouring104\/#\/schema\/person\/78613917f1851f041f7483f5af1d422e\"},\"headline\":\"Crollo viadotto, Occhiuto: &#8220;Non deve pi\u00f9 accadere&#8221;\",\"datePublished\":\"2023-05-05T10:51:12+00:00\",\"mainEntityOfPage\":{\"@id\":\"https:\/\/progettotouring.it\/radiotouring104\/2023\/05\/05\/crollo-viadotto-occhiuto-non-deve-piu-accadere\/\"},\"wordCount\":331,\"publisher\":{\"@id\":\"https:\/\/progettotouring.it\/radiotouring104\/#organization\"},\"image\":{\"@id\":\"https:\/\/progettotouring.it\/radiotouring104\/2023\/05\/05\/crollo-viadotto-occhiuto-non-deve-piu-accadere\/#primaryimage\"},\"thumbnailUrl\":\"https:\/\/progettotouring.it\/radiotouring104\/wp-content\/uploads\/sites\/6\/2023\/05\/viadotto-cosenza-crollato.jpg\",\"keywords\":[\"Aldo Isi\",\"amministratore delegato di Anas\",\"roberto occhiuto\",\"sopralluogo Occhiuto\",\"viadotto \\\"Ortiano 2\\\" crollato\"],\"articleSection\":[\"Calabria\",\"Home\",\"News\"],\"inLanguage\":\"it-IT\"},{\"@type\":\"WebPage\",\"@id\":\"https:\/\/progettotouring.it\/radiotouring104\/2023\/05\/05\/crollo-viadotto-occhiuto-non-deve-piu-accadere\/\",\"url\":\"https:\/\/progettotouring.it\/radiotouring104\/2023\/05\/05\/crollo-viadotto-occhiuto-non-deve-piu-accadere\/\",\"name\":\"Crollo viadotto, Occhiuto: \\\"Non deve pi\u00f9 accadere\\\"\",\"isPartOf\":{\"@id\":\"https:\/\/progettotouring.it\/radiotouring104\/#website\"},\"primaryImageOfPage\":{\"@id\":\"https:\/\/progettotouring.it\/radiotouring104\/2023\/05\/05\/crollo-viadotto-occhiuto-non-deve-piu-accadere\/#primaryimage\"},\"image\":{\"@id\":\"https:\/\/progettotouring.it\/radiotouring104\/2023\/05\/05\/crollo-viadotto-occhiuto-non-deve-piu-accadere\/#primaryimage\"},\"thumbnailUrl\":\"https:\/\/progettotouring.it\/radiotouring104\/wp-content\/uploads\/sites\/6\/2023\/05\/viadotto-cosenza-crollato.jpg\",\"datePublished\":\"2023-05-05T10:51:12+00:00\",\"description\":\"Sopralluogo di Occhiuto nell'area nella quale ieri \u00e8 crollato il viadotto \\\"Ortiano 2\\\". Il presidente: \\\"Non deve pi\u00f9 accadere\\\"\",\"breadcrumb\":{\"@id\":\"https:\/\/progettotouring.it\/radiotouring104\/2023\/05\/05\/crollo-viadotto-occhiuto-non-deve-piu-accadere\/#breadcrumb\"},\"inLanguage\":\"it-IT\",\"potentialAction\":[{\"@type\":\"ReadAction\",\"target\":[\"https:\/\/progettotouring.it\/radiotouring104\/2023\/05\/05\/crollo-viadotto-occhiuto-non-deve-piu-accadere\/\"]}]},{\"@type\":\"ImageObject\",\"inLanguage\":\"it-IT\",\"@id\":\"https:\/\/progettotouring.it\/radiotouring104\/2023\/05\/05\/crollo-viadotto-occhiuto-non-deve-piu-accadere\/#primaryimage\",\"url\":\"https:\/\/progettotouring.it\/radiotouring104\/wp-content\/uploads\/sites\/6\/2023\/05\/viadotto-cosenza-crollato.jpg\",\"contentUrl\":\"https:\/\/progettotouring.it\/radiotouring104\/wp-content\/uploads\/sites\/6\/2023\/05\/viadotto-cosenza-crollato.jpg\",\"width\":474,\"height\":360},{\"@type\":\"BreadcrumbList\",\"@id\":\"https:\/\/progettotouring.it\/radiotouring104\/2023\/05\/05\/crollo-viadotto-occhiuto-non-deve-piu-accadere\/#breadcrumb\",\"itemListElement\":[{\"@type\":\"ListItem\",\"position\":1,\"name\":\"Home\",\"item\":\"https:\/\/progettotouring.it\/radiotouring104\/\"},{\"@type\":\"ListItem\",\"position\":2,\"name\":\"Crollo viadotto, Occhiuto: &#8220;Non deve pi\u00f9 accadere&#8221;\"}]},{\"@type\":\"WebSite\",\"@id\":\"https:\/\/progettotouring.it\/radiotouring104\/#website\",\"url\":\"https:\/\/progettotouring.it\/radiotouring104\/\",\"name\":\"Radio Touring 104\",\"description\":\"La prima radio Reggina\",\"publisher\":{\"@id\":\"https:\/\/progettotouring.it\/radiotouring104\/#organization\"},\"potentialAction\":[{\"@type\":\"SearchAction\",\"target\":{\"@type\":\"EntryPoint\",\"urlTemplate\":\"https:\/\/progettotouring.it\/radiotouring104\/?s={search_term_string}\"},\"query-input\":{\"@type\":\"PropertyValueSpecification\",\"valueRequired\":true,\"valueName\":\"search_term_string\"}}],\"inLanguage\":\"it-IT\"},{\"@type\":\"Organization\",\"@id\":\"https:\/\/progettotouring.it\/radiotouring104\/#organization\",\"name\":\"Radio Touring 104\",\"url\":\"https:\/\/progettotouring.it\/radiotouring104\/\",\"logo\":{\"@type\":\"ImageObject\",\"inLanguage\":\"it-IT\",\"@id\":\"https:\/\/progettotouring.it\/radiotouring104\/#\/schema\/logo\/image\/\",\"url\":\"https:\/\/progettotouring.it\/radiotouring104\/wp-content\/uploads\/sites\/6\/2022\/02\/cropped-logo-radio-touring-104.png\",\"contentUrl\":\"https:\/\/progettotouring.it\/radiotouring104\/wp-content\/uploads\/sites\/6\/2022\/02\/cropped-logo-radio-touring-104.png\",\"width\":377,\"height\":182,\"caption\":\"Radio Touring 104\"},\"image\":{\"@id\":\"https:\/\/progettotouring.it\/radiotouring104\/#\/schema\/logo\/image\/\"}},{\"@type\":\"Person\",\"@id\":\"https:\/\/progettotouring.it\/radiotouring104\/#\/schema\/person\/78613917f1851f041f7483f5af1d422e\",\"name\":\"Sebastiano Plutino\",\"image\":{\"@type\":\"ImageObject\",\"inLanguage\":\"it-IT\",\"@id\":\"https:\/\/secure.gravatar.com\/avatar\/0546ffaa9b79224faf9f2a156b67a529ae861d3287c66c1d8ccfdf909bcba78d?s=96&d=mm&r=g\",\"url\":\"https:\/\/secure.gravatar.com\/avatar\/0546ffaa9b79224faf9f2a156b67a529ae861d3287c66c1d8ccfdf909bcba78d?s=96&d=mm&r=g\",\"contentUrl\":\"https:\/\/secure.gravatar.com\/avatar\/0546ffaa9b79224faf9f2a156b67a529ae861d3287c66c1d8ccfdf909bcba78d?s=96&d=mm&r=g\",\"caption\":\"Sebastiano Plutino\"},\"url\":\"https:\/\/progettotouring.it\/radiotouring104\/author\/sebastiano\/\"}]}<\/script>\n<!-- \/ Yoast SEO plugin. -->","yoast_head_json":{"title":"Crollo viadotto, Occhiuto: \"Non deve pi\u00f9 accadere\"","description":"Sopralluogo di Occhiuto nell'area nella quale ieri \u00e8 crollato il viadotto \"Ortiano 2\". Il presidente: \"Non deve pi\u00f9 accadere\"","robots":{"index":"index","follow":"follow","max-snippet":"max-snippet:-1","max-image-preview":"max-image-preview:large","max-video-preview":"max-video-preview:-1"},"canonical":"https:\/\/progettotouring.it\/radiotouring104\/2023\/05\/05\/crollo-viadotto-occhiuto-non-deve-piu-accadere\/","og_locale":"it_IT","og_type":"article","og_title":"Crollo viadotto, Occhiuto: \"Non deve pi\u00f9 accadere\"","og_description":"Sopralluogo di Occhiuto nell'area nella quale ieri \u00e8 crollato il viadotto \"Ortiano 2\". Il presidente: \"Non deve pi\u00f9 accadere\"","og_url":"https:\/\/progettotouring.it\/radiotouring104\/2023\/05\/05\/crollo-viadotto-occhiuto-non-deve-piu-accadere\/","og_site_name":"Radio Touring 104","article_published_time":"2023-05-05T10:51:12+00:00","og_image":[{"width":474,"height":360,"url":"https:\/\/progettotouring.it\/radiotouring104\/wp-content\/uploads\/sites\/6\/2023\/05\/viadotto-cosenza-crollato.jpg","type":"image\/jpeg"}],"author":"Sebastiano Plutino","twitter_card":"summary_large_image","twitter_misc":{"Scritto da":"Sebastiano Plutino","Tempo di lettura stimato":"2 minuti"},"schema":{"@context":"https:\/\/schema.org","@graph":[{"@type":"Article","@id":"https:\/\/progettotouring.it\/radiotouring104\/2023\/05\/05\/crollo-viadotto-occhiuto-non-deve-piu-accadere\/#article","isPartOf":{"@id":"https:\/\/progettotouring.it\/radiotouring104\/2023\/05\/05\/crollo-viadotto-occhiuto-non-deve-piu-accadere\/"},"author":{"name":"Sebastiano Plutino","@id":"https:\/\/progettotouring.it\/radiotouring104\/#\/schema\/person\/78613917f1851f041f7483f5af1d422e"},"headline":"Crollo viadotto, Occhiuto: &#8220;Non deve pi\u00f9 accadere&#8221;","datePublished":"2023-05-05T10:51:12+00:00","mainEntityOfPage":{"@id":"https:\/\/progettotouring.it\/radiotouring104\/2023\/05\/05\/crollo-viadotto-occhiuto-non-deve-piu-accadere\/"},"wordCount":331,"publisher":{"@id":"https:\/\/progettotouring.it\/radiotouring104\/#organization"},"image":{"@id":"https:\/\/progettotouring.it\/radiotouring104\/2023\/05\/05\/crollo-viadotto-occhiuto-non-deve-piu-accadere\/#primaryimage"},"thumbnailUrl":"https:\/\/progettotouring.it\/radiotouring104\/wp-content\/uploads\/sites\/6\/2023\/05\/viadotto-cosenza-crollato.jpg","keywords":["Aldo Isi","amministratore delegato di Anas","roberto occhiuto","sopralluogo Occhiuto","viadotto \"Ortiano 2\" crollato"],"articleSection":["Calabria","Home","News"],"inLanguage":"it-IT"},{"@type":"WebPage","@id":"https:\/\/progettotouring.it\/radiotouring104\/2023\/05\/05\/crollo-viadotto-occhiuto-non-deve-piu-accadere\/","url":"https:\/\/progettotouring.it\/radiotouring104\/2023\/05\/05\/crollo-viadotto-occhiuto-non-deve-piu-accadere\/","name":"Crollo viadotto, Occhiuto: \"Non deve pi\u00f9 accadere\"","isPartOf":{"@id":"https:\/\/progettotouring.it\/radiotouring104\/#website"},"primaryImageOfPage":{"@id":"https:\/\/progettotouring.it\/radiotouring104\/2023\/05\/05\/crollo-viadotto-occhiuto-non-deve-piu-accadere\/#primaryimage"},"image":{"@id":"https:\/\/progettotouring.it\/radiotouring104\/2023\/05\/05\/crollo-viadotto-occhiuto-non-deve-piu-accadere\/#primaryimage"},"thumbnailUrl":"https:\/\/progettotouring.it\/radiotouring104\/wp-content\/uploads\/sites\/6\/2023\/05\/viadotto-cosenza-crollato.jpg","datePublished":"2023-05-05T10:51:12+00:00","description":"Sopralluogo di Occhiuto nell'area nella quale ieri \u00e8 crollato il viadotto \"Ortiano 2\". Il presidente: \"Non deve pi\u00f9 accadere\"","breadcrumb":{"@id":"https:\/\/progettotouring.it\/radiotouring104\/2023\/05\/05\/crollo-viadotto-occhiuto-non-deve-piu-accadere\/#breadcrumb"},"inLanguage":"it-IT","potentialAction":[{"@type":"ReadAction","target":["https:\/\/progettotouring.it\/radiotouring104\/2023\/05\/05\/crollo-viadotto-occhiuto-non-deve-piu-accadere\/"]}]},{"@type":"ImageObject","inLanguage":"it-IT","@id":"https:\/\/progettotouring.it\/radiotouring104\/2023\/05\/05\/crollo-viadotto-occhiuto-non-deve-piu-accadere\/#primaryimage","url":"https:\/\/progettotouring.it\/radiotouring104\/wp-content\/uploads\/sites\/6\/2023\/05\/viadotto-cosenza-crollato.jpg","contentUrl":"https:\/\/progettotouring.it\/radiotouring104\/wp-content\/uploads\/sites\/6\/2023\/05\/viadotto-cosenza-crollato.jpg","width":474,"height":360},{"@type":"BreadcrumbList","@id":"https:\/\/progettotouring.it\/radiotouring104\/2023\/05\/05\/crollo-viadotto-occhiuto-non-deve-piu-accadere\/#breadcrumb","itemListElement":[{"@type":"ListItem","position":1,"name":"Home","item":"https:\/\/progettotouring.it\/radiotouring104\/"},{"@type":"ListItem","position":2,"name":"Crollo viadotto, Occhiuto: &#8220;Non deve pi\u00f9 accadere&#8221;"}]},{"@type":"WebSite","@id":"https:\/\/progettotouring.it\/radiotouring104\/#website","url":"https:\/\/progettotouring.it\/radiotouring104\/","name":"Radio Touring 104","description":"La prima radio Reggina","publisher":{"@id":"https:\/\/progettotouring.it\/radiotouring104\/#organization"},"potentialAction":[{"@type":"SearchAction","target":{"@type":"EntryPoint","urlTemplate":"https:\/\/progettotouring.it\/radiotouring104\/?s={search_term_string}"},"query-input":{"@type":"PropertyValueSpecification","valueRequired":true,"valueName":"search_term_string"}}],"inLanguage":"it-IT"},{"@type":"Organization","@id":"https:\/\/progettotouring.it\/radiotouring104\/#organization","name":"Radio Touring 104","url":"https:\/\/progettotouring.it\/radiotouring104\/","logo":{"@type":"ImageObject","inLanguage":"it-IT","@id":"https:\/\/progettotouring.it\/radiotouring104\/#\/schema\/logo\/image\/","url":"https:\/\/progettotouring.it\/radiotouring104\/wp-content\/uploads\/sites\/6\/2022\/02\/cropped-logo-radio-touring-104.png","contentUrl":"https:\/\/progettotouring.it\/radiotouring104\/wp-content\/uploads\/sites\/6\/2022\/02\/cropped-logo-radio-touring-104.png","width":377,"height":182,"caption":"Radio Touring 104"},"image":{"@id":"https:\/\/progettotouring.it\/radiotouring104\/#\/schema\/logo\/image\/"}},{"@type":"Person","@id":"https:\/\/progettotouring.it\/radiotouring104\/#\/schema\/person\/78613917f1851f041f7483f5af1d422e","name":"Sebastiano Plutino","image":{"@type":"ImageObject","inLanguage":"it-IT","@id":"https:\/\/secure.gravatar.com\/avatar\/0546ffaa9b79224faf9f2a156b67a529ae861d3287c66c1d8ccfdf909bcba78d?s=96&d=mm&r=g","url":"https:\/\/secure.gravatar.com\/avatar\/0546ffaa9b79224faf9f2a156b67a529ae861d3287c66c1d8ccfdf909bcba78d?s=96&d=mm&r=g","contentUrl":"https:\/\/secure.gravatar.com\/avatar\/0546ffaa9b79224faf9f2a156b67a529ae861d3287c66c1d8ccfdf909bcba78d?s=96&d=mm&r=g","caption":"Sebastiano Plutino"},"url":"https:\/\/progettotouring.it\/radiotouring104\/author\/sebastiano\/"}]}},"jetpack_publicize_connections":[],"jetpack_featured_media_url":"https:\/\/progettotouring.it\/radiotouring104\/wp-content\/uploads\/sites\/6\/2023\/05\/viadotto-cosenza-crollato.jpg","jetpack_sharing_enabled":true,"_links":{"self":[{"href":"https:\/\/progettotouring.it\/radiotouring104\/wp-json\/wp\/v2\/posts\/24969","targetHints":{"allow":["GET"]}}],"collection":[{"href":"https:\/\/progettotouring.it\/radiotouring104\/wp-json\/wp\/v2\/posts"}],"about":[{"href":"https:\/\/progettotouring.it\/radiotouring104\/wp-json\/wp\/v2\/types\/post"}],"author":[{"embeddable":true,"href":"https:\/\/progettotouring.it\/radiotouring104\/wp-json\/wp\/v2\/users\/12"}],"replies":[{"embeddable":true,"href":"https:\/\/progettotouring.it\/radiotouring104\/wp-json\/wp\/v2\/comments?post=24969"}],"version-history":[{"count":1,"href":"https:\/\/progettotouring.it\/radiotouring104\/wp-json\/wp\/v2\/posts\/24969\/revisions"}],"predecessor-version":[{"id":24974,"href":"https:\/\/progettotouring.it\/radiotouring104\/wp-json\/wp\/v2\/posts\/24969\/revisions\/24974"}],"wp:featuredmedia":[{"embeddable":true,"href":"https:\/\/progettotouring.it\/radiotouring104\/wp-json\/wp\/v2\/media\/24973"}],"wp:attachment":[{"href":"https:\/\/progettotouring.it\/radiotouring104\/wp-json\/wp\/v2\/media?parent=24969"}],"wp:term":[{"taxonomy":"category","embeddable":true,"href":"https:\/\/progettotouring.it\/radiotouring104\/wp-json\/wp\/v2\/categories?post=24969"},{"taxonomy":"post_tag","embeddable":true,"href":"https:\/\/progettotouring.it\/radiotouring104\/wp-json\/wp\/v2\/tags?post=24969"}],"curies":[{"name":"wp","href":"https:\/\/api.w.org\/{rel}","templated":true}]}}