{"id":25423,"date":"2023-05-11T10:18:57","date_gmt":"2023-05-11T08:18:57","guid":{"rendered":"https:\/\/progettotouring.it\/radiotouring104\/?p=25423"},"modified":"2023-05-11T10:18:57","modified_gmt":"2023-05-11T08:18:57","slug":"la-strada-chi-denuncia-il-racket-deve-essere-esentato-dai-tributi","status":"publish","type":"post","link":"https:\/\/progettotouring.it\/radiotouring104\/2023\/05\/11\/la-strada-chi-denuncia-il-racket-deve-essere-esentato-dai-tributi\/","title":{"rendered":"La Strada: &#8220;Chi denuncia il racket deve essere esentato dai tributi&#8221;"},"content":{"rendered":"<p>Riceviamo e pubblichiamo:<\/p>\n<p>&nbsp;<\/p>\n<p><strong>La Strada<\/strong> torna su una questione fondamentale per gli aspetti sociali, civili e di cultura di contrasto alla \u2018ndrangheta per il nostro territorio. Dal 2012 Reggio si \u00e8 dotata di un regolamento per l\u2019<strong>esenzione dai tributi locali per le imprese che denunciano il racket<\/strong>. Ma, come discusso diverse volte, tale regolamento \u00e8 nei fatti inapplicato dal nostro Comune.<\/p>\n<p>Due i motivi principali: la questione debitoria dell\u2019Ente che non avrebbe consentito la corretta applicazione di un Regolamento comunale e le denominazioni dei tributi locali, mutate nel corso di questi undici anni.<\/p>\n<p>Sulla prima questione con la conclusione del piano di rientro, a questo punto non vediamo pi\u00f9 quali problematiche possano esistere.<\/p>\n<p>Sulla seconda, con un\u2019<strong>interpellanza<\/strong>, abbiamo chiesto al sindaco e al direttore generale chi debba modificare formalmente queste denominazioni: \u00e8 un elemento tecnico-amministrativo, la parte politica gi\u00e0 si \u00e8 espressa con l\u2019approvazione del regolamento. Ci sembra assurdo e kafkiano che chi denuncia oggi non possa accedere all\u2019esenzione dovuta, perch\u00e9 \u2013ad esempio- la Tarsu non esiste pi\u00f9 e oggi si chiama in un altro modo.<\/p>\n<p>Nel corso di diverse commissioni e in consiglio comunale pi\u00f9 volte negli ultimi due anni abbiamo raccolto la volont\u00e0 dell\u2019amministrazione di applicare il regolamento, ma nei fatti non abbiamo registrato alcun intervento operativo in tal senso.<\/p>\n<p>Con questa interpellanza, presentata dal nostro consigliere <strong>Saverio Pazzano<\/strong>, intendiamo \u2013senza ulteriori rinvii o dilazioni- proseguire su un tema di civilt\u00e0 estremamente importante.<\/p>\n<p>Non ci sono pi\u00f9 motivi per non applicare quanto sancito dal Consiglio comunale.<\/p>\n<p>Saremo fermi perch\u00e9 le attivit\u00e0 tecnico amministrative e gli eventuali emendamenti possano essere presentati e votati entro la discussione del prossimo bilancio di previsione: dovr\u00e0 essere prevista una cifra per consentire l\u2019esenzione dai tributi locali a chi denuncia il racket.<\/p>\n<p>\u00c8 un fatto di civilt\u00e0, di cultura, di giustizia. Semplicemente.<\/p>\n","protected":false},"excerpt":{"rendered":"<p>Riceviamo e pubblichiamo: &nbsp; La Strada torna su una questione fondamentale per gli aspetti sociali, civili e di cultura di contrasto alla \u2018ndrangheta per il nostro territorio. Dal 2012 Reggio&hellip;<\/p>\n","protected":false},"author":13,"featured_media":18422,"comment_status":"closed","ping_status":"open","sticky":false,"template":"","format":"standard","meta":{"_jetpack_memberships_contains_paid_content":false,"footnotes":"","jetpack_publicize_message":"","jetpack_publicize_feature_enabled":true,"jetpack_social_post_already_shared":false,"jetpack_social_options":{"image_generator_settings":{"template":"highway","default_image_id":0,"font":"","enabled":false},"version":2}},"categories":[921,196,140],"tags":[14902,14901,1035,1037],"class_list":["post-25423","post","type-post","status-publish","format-standard","has-post-thumbnail","hentry","category-home","category-news","category-reggio-calabria","tag-esenzione-tributi-imprese-che-denunciano-il-racket","tag-interpellanza-al-comune","tag-la-strada","tag-saverio-pazzano"],"yoast_head":"<!-- This site is optimized with the Yoast SEO plugin v27.2 - https:\/\/yoast.com\/product\/yoast-seo-wordpress\/ -->\n<title>La Strada: &quot;Chi denuncia il racket deve essere esentato dai tributi&quot;<\/title>\n<meta name=\"description\" content=\"Secondo Saverio Pazzano, un cavillo tecnico-amministrativo impedisce l&#039;applicazione del regolamento di cui il Comune si \u00e8 dotato dal 2012\" \/>\n<meta name=\"robots\" content=\"index, follow, max-snippet:-1, max-image-preview:large, max-video-preview:-1\" \/>\n<link rel=\"canonical\" href=\"https:\/\/progettotouring.it\/radiotouring104\/2023\/05\/11\/la-strada-chi-denuncia-il-racket-deve-essere-esentato-dai-tributi\/\" \/>\n<meta property=\"og:locale\" content=\"it_IT\" \/>\n<meta property=\"og:type\" content=\"article\" \/>\n<meta property=\"og:title\" content=\"La Strada: &quot;Chi denuncia il racket deve essere esentato dai tributi&quot;\" \/>\n<meta property=\"og:description\" content=\"Secondo Saverio Pazzano, un cavillo tecnico-amministrativo impedisce l&#039;applicazione del regolamento di cui il Comune si \u00e8 dotato dal 2012\" \/>\n<meta property=\"og:url\" content=\"https:\/\/progettotouring.it\/radiotouring104\/2023\/05\/11\/la-strada-chi-denuncia-il-racket-deve-essere-esentato-dai-tributi\/\" \/>\n<meta property=\"og:site_name\" content=\"Radio Touring 104\" \/>\n<meta property=\"article:published_time\" content=\"2023-05-11T08:18:57+00:00\" \/>\n<meta property=\"og:image\" content=\"https:\/\/progettotouring.it\/radiotouring104\/wp-content\/uploads\/sites\/6\/2023\/02\/La-Strada.png\" \/>\n\t<meta property=\"og:image:width\" content=\"315\" \/>\n\t<meta property=\"og:image:height\" content=\"315\" \/>\n\t<meta property=\"og:image:type\" content=\"image\/png\" \/>\n<meta name=\"author\" content=\"Helena Pedone\" \/>\n<meta name=\"twitter:card\" content=\"summary_large_image\" \/>\n<meta name=\"twitter:label1\" content=\"Scritto da\" \/>\n\t<meta name=\"twitter:data1\" content=\"Helena Pedone\" \/>\n\t<meta name=\"twitter:label2\" content=\"Tempo di lettura stimato\" \/>\n\t<meta name=\"twitter:data2\" content=\"2 minuti\" \/>\n<script type=\"application\/ld+json\" class=\"yoast-schema-graph\">{\"@context\":\"https:\/\/schema.org\",\"@graph\":[{\"@type\":\"Article\",\"@id\":\"https:\/\/progettotouring.it\/radiotouring104\/2023\/05\/11\/la-strada-chi-denuncia-il-racket-deve-essere-esentato-dai-tributi\/#article\",\"isPartOf\":{\"@id\":\"https:\/\/progettotouring.it\/radiotouring104\/2023\/05\/11\/la-strada-chi-denuncia-il-racket-deve-essere-esentato-dai-tributi\/\"},\"author\":{\"name\":\"Helena Pedone\",\"@id\":\"https:\/\/progettotouring.it\/radiotouring104\/#\/schema\/person\/8458ed437f4094f881aab8e4cc572684\"},\"headline\":\"La Strada: &#8220;Chi denuncia il racket deve essere esentato dai tributi&#8221;\",\"datePublished\":\"2023-05-11T08:18:57+00:00\",\"mainEntityOfPage\":{\"@id\":\"https:\/\/progettotouring.it\/radiotouring104\/2023\/05\/11\/la-strada-chi-denuncia-il-racket-deve-essere-esentato-dai-tributi\/\"},\"wordCount\":311,\"publisher\":{\"@id\":\"https:\/\/progettotouring.it\/radiotouring104\/#organization\"},\"image\":{\"@id\":\"https:\/\/progettotouring.it\/radiotouring104\/2023\/05\/11\/la-strada-chi-denuncia-il-racket-deve-essere-esentato-dai-tributi\/#primaryimage\"},\"thumbnailUrl\":\"https:\/\/progettotouring.it\/radiotouring104\/wp-content\/uploads\/sites\/6\/2023\/02\/La-Strada.png\",\"keywords\":[\"Esenzione tributi imprese che denunciano il racket\",\"Interpellanza al Comune\",\"la strada\",\"saverio pazzano\"],\"articleSection\":[\"Home\",\"News\",\"Reggio Calabria\"],\"inLanguage\":\"it-IT\"},{\"@type\":\"WebPage\",\"@id\":\"https:\/\/progettotouring.it\/radiotouring104\/2023\/05\/11\/la-strada-chi-denuncia-il-racket-deve-essere-esentato-dai-tributi\/\",\"url\":\"https:\/\/progettotouring.it\/radiotouring104\/2023\/05\/11\/la-strada-chi-denuncia-il-racket-deve-essere-esentato-dai-tributi\/\",\"name\":\"La Strada: \\\"Chi denuncia il racket deve essere esentato dai tributi\\\"\",\"isPartOf\":{\"@id\":\"https:\/\/progettotouring.it\/radiotouring104\/#website\"},\"primaryImageOfPage\":{\"@id\":\"https:\/\/progettotouring.it\/radiotouring104\/2023\/05\/11\/la-strada-chi-denuncia-il-racket-deve-essere-esentato-dai-tributi\/#primaryimage\"},\"image\":{\"@id\":\"https:\/\/progettotouring.it\/radiotouring104\/2023\/05\/11\/la-strada-chi-denuncia-il-racket-deve-essere-esentato-dai-tributi\/#primaryimage\"},\"thumbnailUrl\":\"https:\/\/progettotouring.it\/radiotouring104\/wp-content\/uploads\/sites\/6\/2023\/02\/La-Strada.png\",\"datePublished\":\"2023-05-11T08:18:57+00:00\",\"description\":\"Secondo Saverio Pazzano, un cavillo tecnico-amministrativo impedisce l'applicazione del regolamento di cui il Comune si \u00e8 dotato dal 2012\",\"breadcrumb\":{\"@id\":\"https:\/\/progettotouring.it\/radiotouring104\/2023\/05\/11\/la-strada-chi-denuncia-il-racket-deve-essere-esentato-dai-tributi\/#breadcrumb\"},\"inLanguage\":\"it-IT\",\"potentialAction\":[{\"@type\":\"ReadAction\",\"target\":[\"https:\/\/progettotouring.it\/radiotouring104\/2023\/05\/11\/la-strada-chi-denuncia-il-racket-deve-essere-esentato-dai-tributi\/\"]}]},{\"@type\":\"ImageObject\",\"inLanguage\":\"it-IT\",\"@id\":\"https:\/\/progettotouring.it\/radiotouring104\/2023\/05\/11\/la-strada-chi-denuncia-il-racket-deve-essere-esentato-dai-tributi\/#primaryimage\",\"url\":\"https:\/\/progettotouring.it\/radiotouring104\/wp-content\/uploads\/sites\/6\/2023\/02\/La-Strada.png\",\"contentUrl\":\"https:\/\/progettotouring.it\/radiotouring104\/wp-content\/uploads\/sites\/6\/2023\/02\/La-Strada.png\",\"width\":315,\"height\":315},{\"@type\":\"BreadcrumbList\",\"@id\":\"https:\/\/progettotouring.it\/radiotouring104\/2023\/05\/11\/la-strada-chi-denuncia-il-racket-deve-essere-esentato-dai-tributi\/#breadcrumb\",\"itemListElement\":[{\"@type\":\"ListItem\",\"position\":1,\"name\":\"Home\",\"item\":\"https:\/\/progettotouring.it\/radiotouring104\/\"},{\"@type\":\"ListItem\",\"position\":2,\"name\":\"La Strada: &#8220;Chi denuncia il racket deve essere esentato dai tributi&#8221;\"}]},{\"@type\":\"WebSite\",\"@id\":\"https:\/\/progettotouring.it\/radiotouring104\/#website\",\"url\":\"https:\/\/progettotouring.it\/radiotouring104\/\",\"name\":\"Radio Touring 104\",\"description\":\"La prima radio Reggina\",\"publisher\":{\"@id\":\"https:\/\/progettotouring.it\/radiotouring104\/#organization\"},\"potentialAction\":[{\"@type\":\"SearchAction\",\"target\":{\"@type\":\"EntryPoint\",\"urlTemplate\":\"https:\/\/progettotouring.it\/radiotouring104\/?s={search_term_string}\"},\"query-input\":{\"@type\":\"PropertyValueSpecification\",\"valueRequired\":true,\"valueName\":\"search_term_string\"}}],\"inLanguage\":\"it-IT\"},{\"@type\":\"Organization\",\"@id\":\"https:\/\/progettotouring.it\/radiotouring104\/#organization\",\"name\":\"Radio Touring 104\",\"url\":\"https:\/\/progettotouring.it\/radiotouring104\/\",\"logo\":{\"@type\":\"ImageObject\",\"inLanguage\":\"it-IT\",\"@id\":\"https:\/\/progettotouring.it\/radiotouring104\/#\/schema\/logo\/image\/\",\"url\":\"https:\/\/progettotouring.it\/radiotouring104\/wp-content\/uploads\/sites\/6\/2022\/02\/cropped-logo-radio-touring-104.png\",\"contentUrl\":\"https:\/\/progettotouring.it\/radiotouring104\/wp-content\/uploads\/sites\/6\/2022\/02\/cropped-logo-radio-touring-104.png\",\"width\":377,\"height\":182,\"caption\":\"Radio Touring 104\"},\"image\":{\"@id\":\"https:\/\/progettotouring.it\/radiotouring104\/#\/schema\/logo\/image\/\"}},{\"@type\":\"Person\",\"@id\":\"https:\/\/progettotouring.it\/radiotouring104\/#\/schema\/person\/8458ed437f4094f881aab8e4cc572684\",\"name\":\"Helena Pedone\",\"image\":{\"@type\":\"ImageObject\",\"inLanguage\":\"it-IT\",\"@id\":\"https:\/\/secure.gravatar.com\/avatar\/95a63adf316f90175b68113b4b895a96641be06395ffeef88fea6178b30027d9?s=96&d=mm&r=g\",\"url\":\"https:\/\/secure.gravatar.com\/avatar\/95a63adf316f90175b68113b4b895a96641be06395ffeef88fea6178b30027d9?s=96&d=mm&r=g\",\"contentUrl\":\"https:\/\/secure.gravatar.com\/avatar\/95a63adf316f90175b68113b4b895a96641be06395ffeef88fea6178b30027d9?s=96&d=mm&r=g\",\"caption\":\"Helena Pedone\"},\"url\":\"https:\/\/progettotouring.it\/radiotouring104\/author\/helena\/\"}]}<\/script>\n<!-- \/ Yoast SEO plugin. -->","yoast_head_json":{"title":"La Strada: \"Chi denuncia il racket deve essere esentato dai tributi\"","description":"Secondo Saverio Pazzano, un cavillo tecnico-amministrativo impedisce l'applicazione del regolamento di cui il Comune si \u00e8 dotato dal 2012","robots":{"index":"index","follow":"follow","max-snippet":"max-snippet:-1","max-image-preview":"max-image-preview:large","max-video-preview":"max-video-preview:-1"},"canonical":"https:\/\/progettotouring.it\/radiotouring104\/2023\/05\/11\/la-strada-chi-denuncia-il-racket-deve-essere-esentato-dai-tributi\/","og_locale":"it_IT","og_type":"article","og_title":"La Strada: \"Chi denuncia il racket deve essere esentato dai tributi\"","og_description":"Secondo Saverio Pazzano, un cavillo tecnico-amministrativo impedisce l'applicazione del regolamento di cui il Comune si \u00e8 dotato dal 2012","og_url":"https:\/\/progettotouring.it\/radiotouring104\/2023\/05\/11\/la-strada-chi-denuncia-il-racket-deve-essere-esentato-dai-tributi\/","og_site_name":"Radio Touring 104","article_published_time":"2023-05-11T08:18:57+00:00","og_image":[{"width":315,"height":315,"url":"https:\/\/progettotouring.it\/radiotouring104\/wp-content\/uploads\/sites\/6\/2023\/02\/La-Strada.png","type":"image\/png"}],"author":"Helena Pedone","twitter_card":"summary_large_image","twitter_misc":{"Scritto da":"Helena Pedone","Tempo di lettura stimato":"2 minuti"},"schema":{"@context":"https:\/\/schema.org","@graph":[{"@type":"Article","@id":"https:\/\/progettotouring.it\/radiotouring104\/2023\/05\/11\/la-strada-chi-denuncia-il-racket-deve-essere-esentato-dai-tributi\/#article","isPartOf":{"@id":"https:\/\/progettotouring.it\/radiotouring104\/2023\/05\/11\/la-strada-chi-denuncia-il-racket-deve-essere-esentato-dai-tributi\/"},"author":{"name":"Helena Pedone","@id":"https:\/\/progettotouring.it\/radiotouring104\/#\/schema\/person\/8458ed437f4094f881aab8e4cc572684"},"headline":"La Strada: &#8220;Chi denuncia il racket deve essere esentato dai tributi&#8221;","datePublished":"2023-05-11T08:18:57+00:00","mainEntityOfPage":{"@id":"https:\/\/progettotouring.it\/radiotouring104\/2023\/05\/11\/la-strada-chi-denuncia-il-racket-deve-essere-esentato-dai-tributi\/"},"wordCount":311,"publisher":{"@id":"https:\/\/progettotouring.it\/radiotouring104\/#organization"},"image":{"@id":"https:\/\/progettotouring.it\/radiotouring104\/2023\/05\/11\/la-strada-chi-denuncia-il-racket-deve-essere-esentato-dai-tributi\/#primaryimage"},"thumbnailUrl":"https:\/\/progettotouring.it\/radiotouring104\/wp-content\/uploads\/sites\/6\/2023\/02\/La-Strada.png","keywords":["Esenzione tributi imprese che denunciano il racket","Interpellanza al Comune","la strada","saverio pazzano"],"articleSection":["Home","News","Reggio Calabria"],"inLanguage":"it-IT"},{"@type":"WebPage","@id":"https:\/\/progettotouring.it\/radiotouring104\/2023\/05\/11\/la-strada-chi-denuncia-il-racket-deve-essere-esentato-dai-tributi\/","url":"https:\/\/progettotouring.it\/radiotouring104\/2023\/05\/11\/la-strada-chi-denuncia-il-racket-deve-essere-esentato-dai-tributi\/","name":"La Strada: \"Chi denuncia il racket deve essere esentato dai tributi\"","isPartOf":{"@id":"https:\/\/progettotouring.it\/radiotouring104\/#website"},"primaryImageOfPage":{"@id":"https:\/\/progettotouring.it\/radiotouring104\/2023\/05\/11\/la-strada-chi-denuncia-il-racket-deve-essere-esentato-dai-tributi\/#primaryimage"},"image":{"@id":"https:\/\/progettotouring.it\/radiotouring104\/2023\/05\/11\/la-strada-chi-denuncia-il-racket-deve-essere-esentato-dai-tributi\/#primaryimage"},"thumbnailUrl":"https:\/\/progettotouring.it\/radiotouring104\/wp-content\/uploads\/sites\/6\/2023\/02\/La-Strada.png","datePublished":"2023-05-11T08:18:57+00:00","description":"Secondo Saverio Pazzano, un cavillo tecnico-amministrativo impedisce l'applicazione del regolamento di cui il Comune si \u00e8 dotato dal 2012","breadcrumb":{"@id":"https:\/\/progettotouring.it\/radiotouring104\/2023\/05\/11\/la-strada-chi-denuncia-il-racket-deve-essere-esentato-dai-tributi\/#breadcrumb"},"inLanguage":"it-IT","potentialAction":[{"@type":"ReadAction","target":["https:\/\/progettotouring.it\/radiotouring104\/2023\/05\/11\/la-strada-chi-denuncia-il-racket-deve-essere-esentato-dai-tributi\/"]}]},{"@type":"ImageObject","inLanguage":"it-IT","@id":"https:\/\/progettotouring.it\/radiotouring104\/2023\/05\/11\/la-strada-chi-denuncia-il-racket-deve-essere-esentato-dai-tributi\/#primaryimage","url":"https:\/\/progettotouring.it\/radiotouring104\/wp-content\/uploads\/sites\/6\/2023\/02\/La-Strada.png","contentUrl":"https:\/\/progettotouring.it\/radiotouring104\/wp-content\/uploads\/sites\/6\/2023\/02\/La-Strada.png","width":315,"height":315},{"@type":"BreadcrumbList","@id":"https:\/\/progettotouring.it\/radiotouring104\/2023\/05\/11\/la-strada-chi-denuncia-il-racket-deve-essere-esentato-dai-tributi\/#breadcrumb","itemListElement":[{"@type":"ListItem","position":1,"name":"Home","item":"https:\/\/progettotouring.it\/radiotouring104\/"},{"@type":"ListItem","position":2,"name":"La Strada: &#8220;Chi denuncia il racket deve essere esentato dai tributi&#8221;"}]},{"@type":"WebSite","@id":"https:\/\/progettotouring.it\/radiotouring104\/#website","url":"https:\/\/progettotouring.it\/radiotouring104\/","name":"Radio Touring 104","description":"La prima radio Reggina","publisher":{"@id":"https:\/\/progettotouring.it\/radiotouring104\/#organization"},"potentialAction":[{"@type":"SearchAction","target":{"@type":"EntryPoint","urlTemplate":"https:\/\/progettotouring.it\/radiotouring104\/?s={search_term_string}"},"query-input":{"@type":"PropertyValueSpecification","valueRequired":true,"valueName":"search_term_string"}}],"inLanguage":"it-IT"},{"@type":"Organization","@id":"https:\/\/progettotouring.it\/radiotouring104\/#organization","name":"Radio Touring 104","url":"https:\/\/progettotouring.it\/radiotouring104\/","logo":{"@type":"ImageObject","inLanguage":"it-IT","@id":"https:\/\/progettotouring.it\/radiotouring104\/#\/schema\/logo\/image\/","url":"https:\/\/progettotouring.it\/radiotouring104\/wp-content\/uploads\/sites\/6\/2022\/02\/cropped-logo-radio-touring-104.png","contentUrl":"https:\/\/progettotouring.it\/radiotouring104\/wp-content\/uploads\/sites\/6\/2022\/02\/cropped-logo-radio-touring-104.png","width":377,"height":182,"caption":"Radio Touring 104"},"image":{"@id":"https:\/\/progettotouring.it\/radiotouring104\/#\/schema\/logo\/image\/"}},{"@type":"Person","@id":"https:\/\/progettotouring.it\/radiotouring104\/#\/schema\/person\/8458ed437f4094f881aab8e4cc572684","name":"Helena Pedone","image":{"@type":"ImageObject","inLanguage":"it-IT","@id":"https:\/\/secure.gravatar.com\/avatar\/95a63adf316f90175b68113b4b895a96641be06395ffeef88fea6178b30027d9?s=96&d=mm&r=g","url":"https:\/\/secure.gravatar.com\/avatar\/95a63adf316f90175b68113b4b895a96641be06395ffeef88fea6178b30027d9?s=96&d=mm&r=g","contentUrl":"https:\/\/secure.gravatar.com\/avatar\/95a63adf316f90175b68113b4b895a96641be06395ffeef88fea6178b30027d9?s=96&d=mm&r=g","caption":"Helena Pedone"},"url":"https:\/\/progettotouring.it\/radiotouring104\/author\/helena\/"}]}},"jetpack_publicize_connections":[],"jetpack_featured_media_url":"https:\/\/progettotouring.it\/radiotouring104\/wp-content\/uploads\/sites\/6\/2023\/02\/La-Strada.png","jetpack_sharing_enabled":true,"_links":{"self":[{"href":"https:\/\/progettotouring.it\/radiotouring104\/wp-json\/wp\/v2\/posts\/25423","targetHints":{"allow":["GET"]}}],"collection":[{"href":"https:\/\/progettotouring.it\/radiotouring104\/wp-json\/wp\/v2\/posts"}],"about":[{"href":"https:\/\/progettotouring.it\/radiotouring104\/wp-json\/wp\/v2\/types\/post"}],"author":[{"embeddable":true,"href":"https:\/\/progettotouring.it\/radiotouring104\/wp-json\/wp\/v2\/users\/13"}],"replies":[{"embeddable":true,"href":"https:\/\/progettotouring.it\/radiotouring104\/wp-json\/wp\/v2\/comments?post=25423"}],"version-history":[{"count":1,"href":"https:\/\/progettotouring.it\/radiotouring104\/wp-json\/wp\/v2\/posts\/25423\/revisions"}],"predecessor-version":[{"id":25428,"href":"https:\/\/progettotouring.it\/radiotouring104\/wp-json\/wp\/v2\/posts\/25423\/revisions\/25428"}],"wp:featuredmedia":[{"embeddable":true,"href":"https:\/\/progettotouring.it\/radiotouring104\/wp-json\/wp\/v2\/media\/18422"}],"wp:attachment":[{"href":"https:\/\/progettotouring.it\/radiotouring104\/wp-json\/wp\/v2\/media?parent=25423"}],"wp:term":[{"taxonomy":"category","embeddable":true,"href":"https:\/\/progettotouring.it\/radiotouring104\/wp-json\/wp\/v2\/categories?post=25423"},{"taxonomy":"post_tag","embeddable":true,"href":"https:\/\/progettotouring.it\/radiotouring104\/wp-json\/wp\/v2\/tags?post=25423"}],"curies":[{"name":"wp","href":"https:\/\/api.w.org\/{rel}","templated":true}]}}