{"id":25427,"date":"2023-05-11T11:03:06","date_gmt":"2023-05-11T09:03:06","guid":{"rendered":"https:\/\/progettotouring.it\/radiotouring104\/?p=25427"},"modified":"2023-05-11T11:08:13","modified_gmt":"2023-05-11T09:08:13","slug":"agenda-fitta-dincontri-per-garante-regionale-detenuti-calabria","status":"publish","type":"post","link":"https:\/\/progettotouring.it\/radiotouring104\/2023\/05\/11\/agenda-fitta-dincontri-per-garante-regionale-detenuti-calabria\/","title":{"rendered":"Agenda fitta d&#8217;incontri per Garante Regionale Detenuti Calabria"},"content":{"rendered":"<p style=\"text-align: justify\">Nei giorni scorsi<strong> il Garante regionale dei diritti dei detenuti<\/strong> e delle persone private della libert\u00e0 personale, Luca Muglia<strong>,<\/strong> <strong>ha incontrato il Dirigente generale del Dipartimento di tutela della salute della Regione Calabria,<\/strong> Iole Fantozzi,<strong> ed il Dirigente di settore del Dipartimento nonch\u00e9 Responsabile del Tavolo sulla sanit\u00e0 penitenziaria,<\/strong> Maria Pompea Bernardi.<br \/>\nNel corso dell\u2019incontro, tenutosi presso la Cittadella Regionale, il Garante ha espresso le sue <strong>preoccupazioni circa le condizioni sanitarie dei detenuti ristretti presso le carceri calabresi,<\/strong> sia sotto il profilo delle carenze di personale medico e specialistico riguardanti gli istituti, che in relazione all\u2019operativit\u00e0 dei reparti psichiatrici presenti nelle Case circondariali di Catanzaro e Reggio Calabria.<br \/>\n\u201c<em>Pur apprezzando indubbi miglioramenti riscontrati negli ultimi mesi e la volont\u00e0 del Dipartimento regionale di tutela della salute di mettere mano al sistema della sanit\u00e0 penitenziaria\u201d, sottolinea il Garante, \u201coccorre prendere atto, tuttavia, che persistono gravi criticit\u00e0 che si riflettono pesantemente sulle condizioni dei detenuti i quali, in molti casi, restano del tutto privi di cure. Quanto alle patologie psichiatriche, in assenza di medici specialisti si ricorre spesso all\u2019isolamento prolungato dei detenuti e, in alcuni casi, al trattamento sanitario obbligatorio. Prassi e fenomeni inquietanti ed inaccettabili.<\/em><br \/>\n<em>Si aggiungano le difficolt\u00e0 di gestione e sicurezza che incontra la polizia penitenziaria a causa delle emergenze ormai quotidiane determinate da tali problematiche<\/em>\u201d.<br \/>\n\u201c<em>Ho l\u2019impressione<\/em> \u2013 conclude il <strong>Garante<\/strong> \u2013 <em>che a proposito delle questioni sollevate siano ancora pochi i Commissari Straordinari delle ASP territorialmente competenti ad aver compreso appieno la gravit\u00e0 della situazione e la portata della crisi sanitaria che affligge le carceri calabresi<\/em>\u201d.<br \/>\nAll\u2019esito dell\u2019incontro le Dirigenti regionali,<strong> Fantozzi<\/strong> e <strong>Bernardi, hanno rassicurato il Garante<\/strong> circa le azioni future, <strong>preannunciando l\u2019attivazione a breve di un piano di intervento e di un progetto specifico<\/strong> \u2013 gi\u00e0 preordinato \u2013 <strong>riguardante la sanit\u00e0 penitenziaria,<\/strong> oltre che una pi\u00f9 incisiva ed efficace sensibilizzazione dei Commissari Straordinari.<br \/>\nIn questi giorni l\u2019attenzione del Garante regionale \u00e8 stata richiamata, altres\u00ec, da una segnalazione urgente proveniente dal Direttore della Casa circondariale di Vibo Valentia, Angela Marcello, e dalla petizione di un gruppo di detenuti in ordine al concreto rischio di contrazione dell\u2019offerta didattica, a danno di coloro i quali frequentano la sezione carceraria dell\u2019<strong>I.T.E. \u201cGalilei\u201d di Vibo Valentia<\/strong>, consistente nella perdita di due classi scolastiche. In una nota indirizzata all\u2019Ufficio scolastico<br \/>\nprovinciale e regionale, alle autorit\u00e0 istituzionali e giudiziarie, il Garante ha evidenziato come per i detenuti che ne hanno fatto richiesta le due classi rappresentino una irrinunciabile occasione di formazione ed istruzione, evidenziando che in ragione della distinzione tra i reparti dell\u2019istituto (alta sicurezza, media sicurezza, sex offender) il taglio delle classi si tradurrebbe nella privazione totale dell\u2019offerta scolastica per alcune tipologie di detenuti, nella specie quelli del circuito media sicurezza.<br \/>\nNel richiedere con forza l\u2019assegnazione delle classi e degli organici alla Casa circondariale di Vibo Valentia, il Garante regionale <strong>Muglia<\/strong> ha rammentato che \u201c<em><strong>l\u2019istruzione scolastica intramuraria e la partecipazione ai corsi professionali costituiscono le basi essenziali per la rieducazione del condannato, l\u2019inclusione sociale e la riduzione del tasso di recidiva<\/strong><\/em>\u201d.<br \/>\nAl fine di stimolare azioni volte a scongiurare il taglio delle classi scolastiche, il Garante ha avviato le interlocuzioni necessarie con il VicePresidente della Giunta Regionale,<strong> Giuseppina Princi,<\/strong> il cui intervento in materia di istruzione penitenziaria \u00e8 risultato gi\u00e0 in passato decisivo, e con il Sindaco della citt\u00e0 di Vibo Valentia, <strong>Maria Limardo,<\/strong> la quale si \u00e8 resa immediatamente disponibile a qualsiasi iniziativa utile.<br \/>\nIl Garante, infine, ha incontrato Sua Eccellenza<strong> Monsignor Attilio Nostro<\/strong>, Vescovo della Diocesi di Mileto \u2013 Nicotera \u2013 Tropea, sempre sensibile alle problematiche carcerarie, cui ha rappresentato quanto accaduto negli ultimi giorni e il rischio di soppressione delle classi riservate ai detenuti.<br \/>\nNell\u2019occasione il Garante regionale e il Vescovo Nostro hanno concertato possibili sinergie istituzionali, attesa la disponibilit\u00e0 della Diocesi e della Caritas locali a supportare le persone detenute attraverso progetti mirati ed azioni concrete.<\/p>\n","protected":false},"excerpt":{"rendered":"<p>Nei giorni scorsi il Garante regionale dei diritti dei detenuti e delle persone private della libert\u00e0 personale, Luca Muglia, ha incontrato il Dirigente generale del Dipartimento di tutela della salute&hellip;<\/p>\n","protected":false},"author":12,"featured_media":18215,"comment_status":"closed","ping_status":"open","sticky":false,"template":"","format":"standard","meta":{"_jetpack_memberships_contains_paid_content":false,"footnotes":"","jetpack_publicize_message":"","jetpack_publicize_feature_enabled":true,"jetpack_social_post_already_shared":false,"jetpack_social_options":{"image_generator_settings":{"template":"highway","default_image_id":0,"font":"","enabled":false},"version":2}},"categories":[142,921,196],"tags":[14906,14903,584,14904,5574,14905],"class_list":["post-25427","post","type-post","status-publish","format-standard","has-post-thumbnail","hentry","category-calabria","category-home","category-news","tag-carenze-di-personale-medico-e-specialistico-nelle-carceri-calabresi","tag-garante-detenuti-calabria-muglia","tag-giuseppina-princi","tag-iole-fantozzi","tag-maria-limardo","tag-maria-pompea-bernardi"],"yoast_head":"<!-- This site is optimized with the Yoast SEO plugin v27.2 - https:\/\/yoast.com\/product\/yoast-seo-wordpress\/ -->\n<title>Agenda fitta d&#039;incontri per Garante Regionale Detenuti Calabria<\/title>\n<meta name=\"description\" content=\"Il Garante Muglia ha incontrato la dott.sse Fantozzi e Pompea Bernardi, nel quale Muglia preoccupazioni su condizioni sanitarie\" \/>\n<meta name=\"robots\" content=\"index, follow, max-snippet:-1, max-image-preview:large, max-video-preview:-1\" \/>\n<link rel=\"canonical\" href=\"https:\/\/progettotouring.it\/radiotouring104\/2023\/05\/11\/agenda-fitta-dincontri-per-garante-regionale-detenuti-calabria\/\" \/>\n<meta property=\"og:locale\" content=\"it_IT\" \/>\n<meta property=\"og:type\" content=\"article\" \/>\n<meta property=\"og:title\" content=\"Agenda fitta d&#039;incontri per Garante Regionale Detenuti Calabria\" \/>\n<meta property=\"og:description\" content=\"Il Garante Muglia ha incontrato la dott.sse Fantozzi e Pompea Bernardi, nel quale Muglia preoccupazioni su condizioni sanitarie\" \/>\n<meta property=\"og:url\" content=\"https:\/\/progettotouring.it\/radiotouring104\/2023\/05\/11\/agenda-fitta-dincontri-per-garante-regionale-detenuti-calabria\/\" \/>\n<meta property=\"og:site_name\" content=\"Radio Touring 104\" \/>\n<meta property=\"article:published_time\" content=\"2023-05-11T09:03:06+00:00\" \/>\n<meta property=\"article:modified_time\" content=\"2023-05-11T09:08:13+00:00\" \/>\n<meta property=\"og:image\" content=\"https:\/\/progettotouring.it\/radiotouring104\/wp-content\/uploads\/sites\/6\/2023\/02\/carcere-di-Palmi.jpg\" \/>\n\t<meta property=\"og:image:width\" content=\"330\" \/>\n\t<meta property=\"og:image:height\" content=\"252\" \/>\n\t<meta property=\"og:image:type\" content=\"image\/jpeg\" \/>\n<meta name=\"author\" content=\"Sebastiano Plutino\" \/>\n<meta name=\"twitter:card\" content=\"summary_large_image\" \/>\n<meta name=\"twitter:label1\" content=\"Scritto da\" \/>\n\t<meta name=\"twitter:data1\" content=\"Sebastiano Plutino\" \/>\n\t<meta name=\"twitter:label2\" content=\"Tempo di lettura stimato\" \/>\n\t<meta name=\"twitter:data2\" content=\"3 minuti\" \/>\n<script type=\"application\/ld+json\" class=\"yoast-schema-graph\">{\"@context\":\"https:\/\/schema.org\",\"@graph\":[{\"@type\":\"Article\",\"@id\":\"https:\/\/progettotouring.it\/radiotouring104\/2023\/05\/11\/agenda-fitta-dincontri-per-garante-regionale-detenuti-calabria\/#article\",\"isPartOf\":{\"@id\":\"https:\/\/progettotouring.it\/radiotouring104\/2023\/05\/11\/agenda-fitta-dincontri-per-garante-regionale-detenuti-calabria\/\"},\"author\":{\"name\":\"Sebastiano Plutino\",\"@id\":\"https:\/\/progettotouring.it\/radiotouring104\/#\/schema\/person\/78613917f1851f041f7483f5af1d422e\"},\"headline\":\"Agenda fitta d&#8217;incontri per Garante Regionale Detenuti Calabria\",\"datePublished\":\"2023-05-11T09:03:06+00:00\",\"dateModified\":\"2023-05-11T09:08:13+00:00\",\"mainEntityOfPage\":{\"@id\":\"https:\/\/progettotouring.it\/radiotouring104\/2023\/05\/11\/agenda-fitta-dincontri-per-garante-regionale-detenuti-calabria\/\"},\"wordCount\":657,\"publisher\":{\"@id\":\"https:\/\/progettotouring.it\/radiotouring104\/#organization\"},\"image\":{\"@id\":\"https:\/\/progettotouring.it\/radiotouring104\/2023\/05\/11\/agenda-fitta-dincontri-per-garante-regionale-detenuti-calabria\/#primaryimage\"},\"thumbnailUrl\":\"https:\/\/progettotouring.it\/radiotouring104\/wp-content\/uploads\/sites\/6\/2023\/02\/carcere-di-Palmi.jpg\",\"keywords\":[\"carenze di personale medico e specialistico nelle carceri calabresi\",\"Garante Detenuti Calabria Muglia\",\"giuseppina princi\",\"Iole Fantozzi\",\"Maria Limardo\",\"Maria Pompea Bernardi.\"],\"articleSection\":[\"Calabria\",\"Home\",\"News\"],\"inLanguage\":\"it-IT\"},{\"@type\":\"WebPage\",\"@id\":\"https:\/\/progettotouring.it\/radiotouring104\/2023\/05\/11\/agenda-fitta-dincontri-per-garante-regionale-detenuti-calabria\/\",\"url\":\"https:\/\/progettotouring.it\/radiotouring104\/2023\/05\/11\/agenda-fitta-dincontri-per-garante-regionale-detenuti-calabria\/\",\"name\":\"Agenda fitta d'incontri per Garante Regionale Detenuti Calabria\",\"isPartOf\":{\"@id\":\"https:\/\/progettotouring.it\/radiotouring104\/#website\"},\"primaryImageOfPage\":{\"@id\":\"https:\/\/progettotouring.it\/radiotouring104\/2023\/05\/11\/agenda-fitta-dincontri-per-garante-regionale-detenuti-calabria\/#primaryimage\"},\"image\":{\"@id\":\"https:\/\/progettotouring.it\/radiotouring104\/2023\/05\/11\/agenda-fitta-dincontri-per-garante-regionale-detenuti-calabria\/#primaryimage\"},\"thumbnailUrl\":\"https:\/\/progettotouring.it\/radiotouring104\/wp-content\/uploads\/sites\/6\/2023\/02\/carcere-di-Palmi.jpg\",\"datePublished\":\"2023-05-11T09:03:06+00:00\",\"dateModified\":\"2023-05-11T09:08:13+00:00\",\"description\":\"Il Garante Muglia ha incontrato la dott.sse Fantozzi e Pompea Bernardi, nel quale Muglia preoccupazioni su condizioni sanitarie\",\"breadcrumb\":{\"@id\":\"https:\/\/progettotouring.it\/radiotouring104\/2023\/05\/11\/agenda-fitta-dincontri-per-garante-regionale-detenuti-calabria\/#breadcrumb\"},\"inLanguage\":\"it-IT\",\"potentialAction\":[{\"@type\":\"ReadAction\",\"target\":[\"https:\/\/progettotouring.it\/radiotouring104\/2023\/05\/11\/agenda-fitta-dincontri-per-garante-regionale-detenuti-calabria\/\"]}]},{\"@type\":\"ImageObject\",\"inLanguage\":\"it-IT\",\"@id\":\"https:\/\/progettotouring.it\/radiotouring104\/2023\/05\/11\/agenda-fitta-dincontri-per-garante-regionale-detenuti-calabria\/#primaryimage\",\"url\":\"https:\/\/progettotouring.it\/radiotouring104\/wp-content\/uploads\/sites\/6\/2023\/02\/carcere-di-Palmi.jpg\",\"contentUrl\":\"https:\/\/progettotouring.it\/radiotouring104\/wp-content\/uploads\/sites\/6\/2023\/02\/carcere-di-Palmi.jpg\",\"width\":330,\"height\":252},{\"@type\":\"BreadcrumbList\",\"@id\":\"https:\/\/progettotouring.it\/radiotouring104\/2023\/05\/11\/agenda-fitta-dincontri-per-garante-regionale-detenuti-calabria\/#breadcrumb\",\"itemListElement\":[{\"@type\":\"ListItem\",\"position\":1,\"name\":\"Home\",\"item\":\"https:\/\/progettotouring.it\/radiotouring104\/\"},{\"@type\":\"ListItem\",\"position\":2,\"name\":\"Agenda fitta d&#8217;incontri per Garante Regionale Detenuti Calabria\"}]},{\"@type\":\"WebSite\",\"@id\":\"https:\/\/progettotouring.it\/radiotouring104\/#website\",\"url\":\"https:\/\/progettotouring.it\/radiotouring104\/\",\"name\":\"Radio Touring 104\",\"description\":\"La prima radio Reggina\",\"publisher\":{\"@id\":\"https:\/\/progettotouring.it\/radiotouring104\/#organization\"},\"potentialAction\":[{\"@type\":\"SearchAction\",\"target\":{\"@type\":\"EntryPoint\",\"urlTemplate\":\"https:\/\/progettotouring.it\/radiotouring104\/?s={search_term_string}\"},\"query-input\":{\"@type\":\"PropertyValueSpecification\",\"valueRequired\":true,\"valueName\":\"search_term_string\"}}],\"inLanguage\":\"it-IT\"},{\"@type\":\"Organization\",\"@id\":\"https:\/\/progettotouring.it\/radiotouring104\/#organization\",\"name\":\"Radio Touring 104\",\"url\":\"https:\/\/progettotouring.it\/radiotouring104\/\",\"logo\":{\"@type\":\"ImageObject\",\"inLanguage\":\"it-IT\",\"@id\":\"https:\/\/progettotouring.it\/radiotouring104\/#\/schema\/logo\/image\/\",\"url\":\"https:\/\/progettotouring.it\/radiotouring104\/wp-content\/uploads\/sites\/6\/2022\/02\/cropped-logo-radio-touring-104.png\",\"contentUrl\":\"https:\/\/progettotouring.it\/radiotouring104\/wp-content\/uploads\/sites\/6\/2022\/02\/cropped-logo-radio-touring-104.png\",\"width\":377,\"height\":182,\"caption\":\"Radio Touring 104\"},\"image\":{\"@id\":\"https:\/\/progettotouring.it\/radiotouring104\/#\/schema\/logo\/image\/\"}},{\"@type\":\"Person\",\"@id\":\"https:\/\/progettotouring.it\/radiotouring104\/#\/schema\/person\/78613917f1851f041f7483f5af1d422e\",\"name\":\"Sebastiano Plutino\",\"image\":{\"@type\":\"ImageObject\",\"inLanguage\":\"it-IT\",\"@id\":\"https:\/\/secure.gravatar.com\/avatar\/0546ffaa9b79224faf9f2a156b67a529ae861d3287c66c1d8ccfdf909bcba78d?s=96&d=mm&r=g\",\"url\":\"https:\/\/secure.gravatar.com\/avatar\/0546ffaa9b79224faf9f2a156b67a529ae861d3287c66c1d8ccfdf909bcba78d?s=96&d=mm&r=g\",\"contentUrl\":\"https:\/\/secure.gravatar.com\/avatar\/0546ffaa9b79224faf9f2a156b67a529ae861d3287c66c1d8ccfdf909bcba78d?s=96&d=mm&r=g\",\"caption\":\"Sebastiano Plutino\"},\"url\":\"https:\/\/progettotouring.it\/radiotouring104\/author\/sebastiano\/\"}]}<\/script>\n<!-- \/ Yoast SEO plugin. -->","yoast_head_json":{"title":"Agenda fitta d'incontri per Garante Regionale Detenuti Calabria","description":"Il Garante Muglia ha incontrato la dott.sse Fantozzi e Pompea Bernardi, nel quale Muglia preoccupazioni su condizioni sanitarie","robots":{"index":"index","follow":"follow","max-snippet":"max-snippet:-1","max-image-preview":"max-image-preview:large","max-video-preview":"max-video-preview:-1"},"canonical":"https:\/\/progettotouring.it\/radiotouring104\/2023\/05\/11\/agenda-fitta-dincontri-per-garante-regionale-detenuti-calabria\/","og_locale":"it_IT","og_type":"article","og_title":"Agenda fitta d'incontri per Garante Regionale Detenuti Calabria","og_description":"Il Garante Muglia ha incontrato la dott.sse Fantozzi e Pompea Bernardi, nel quale Muglia preoccupazioni su condizioni sanitarie","og_url":"https:\/\/progettotouring.it\/radiotouring104\/2023\/05\/11\/agenda-fitta-dincontri-per-garante-regionale-detenuti-calabria\/","og_site_name":"Radio Touring 104","article_published_time":"2023-05-11T09:03:06+00:00","article_modified_time":"2023-05-11T09:08:13+00:00","og_image":[{"width":330,"height":252,"url":"https:\/\/progettotouring.it\/radiotouring104\/wp-content\/uploads\/sites\/6\/2023\/02\/carcere-di-Palmi.jpg","type":"image\/jpeg"}],"author":"Sebastiano Plutino","twitter_card":"summary_large_image","twitter_misc":{"Scritto da":"Sebastiano Plutino","Tempo di lettura stimato":"3 minuti"},"schema":{"@context":"https:\/\/schema.org","@graph":[{"@type":"Article","@id":"https:\/\/progettotouring.it\/radiotouring104\/2023\/05\/11\/agenda-fitta-dincontri-per-garante-regionale-detenuti-calabria\/#article","isPartOf":{"@id":"https:\/\/progettotouring.it\/radiotouring104\/2023\/05\/11\/agenda-fitta-dincontri-per-garante-regionale-detenuti-calabria\/"},"author":{"name":"Sebastiano Plutino","@id":"https:\/\/progettotouring.it\/radiotouring104\/#\/schema\/person\/78613917f1851f041f7483f5af1d422e"},"headline":"Agenda fitta d&#8217;incontri per Garante Regionale Detenuti Calabria","datePublished":"2023-05-11T09:03:06+00:00","dateModified":"2023-05-11T09:08:13+00:00","mainEntityOfPage":{"@id":"https:\/\/progettotouring.it\/radiotouring104\/2023\/05\/11\/agenda-fitta-dincontri-per-garante-regionale-detenuti-calabria\/"},"wordCount":657,"publisher":{"@id":"https:\/\/progettotouring.it\/radiotouring104\/#organization"},"image":{"@id":"https:\/\/progettotouring.it\/radiotouring104\/2023\/05\/11\/agenda-fitta-dincontri-per-garante-regionale-detenuti-calabria\/#primaryimage"},"thumbnailUrl":"https:\/\/progettotouring.it\/radiotouring104\/wp-content\/uploads\/sites\/6\/2023\/02\/carcere-di-Palmi.jpg","keywords":["carenze di personale medico e specialistico nelle carceri calabresi","Garante Detenuti Calabria Muglia","giuseppina princi","Iole Fantozzi","Maria Limardo","Maria Pompea Bernardi."],"articleSection":["Calabria","Home","News"],"inLanguage":"it-IT"},{"@type":"WebPage","@id":"https:\/\/progettotouring.it\/radiotouring104\/2023\/05\/11\/agenda-fitta-dincontri-per-garante-regionale-detenuti-calabria\/","url":"https:\/\/progettotouring.it\/radiotouring104\/2023\/05\/11\/agenda-fitta-dincontri-per-garante-regionale-detenuti-calabria\/","name":"Agenda fitta d'incontri per Garante Regionale Detenuti Calabria","isPartOf":{"@id":"https:\/\/progettotouring.it\/radiotouring104\/#website"},"primaryImageOfPage":{"@id":"https:\/\/progettotouring.it\/radiotouring104\/2023\/05\/11\/agenda-fitta-dincontri-per-garante-regionale-detenuti-calabria\/#primaryimage"},"image":{"@id":"https:\/\/progettotouring.it\/radiotouring104\/2023\/05\/11\/agenda-fitta-dincontri-per-garante-regionale-detenuti-calabria\/#primaryimage"},"thumbnailUrl":"https:\/\/progettotouring.it\/radiotouring104\/wp-content\/uploads\/sites\/6\/2023\/02\/carcere-di-Palmi.jpg","datePublished":"2023-05-11T09:03:06+00:00","dateModified":"2023-05-11T09:08:13+00:00","description":"Il Garante Muglia ha incontrato la dott.sse Fantozzi e Pompea Bernardi, nel quale Muglia preoccupazioni su condizioni sanitarie","breadcrumb":{"@id":"https:\/\/progettotouring.it\/radiotouring104\/2023\/05\/11\/agenda-fitta-dincontri-per-garante-regionale-detenuti-calabria\/#breadcrumb"},"inLanguage":"it-IT","potentialAction":[{"@type":"ReadAction","target":["https:\/\/progettotouring.it\/radiotouring104\/2023\/05\/11\/agenda-fitta-dincontri-per-garante-regionale-detenuti-calabria\/"]}]},{"@type":"ImageObject","inLanguage":"it-IT","@id":"https:\/\/progettotouring.it\/radiotouring104\/2023\/05\/11\/agenda-fitta-dincontri-per-garante-regionale-detenuti-calabria\/#primaryimage","url":"https:\/\/progettotouring.it\/radiotouring104\/wp-content\/uploads\/sites\/6\/2023\/02\/carcere-di-Palmi.jpg","contentUrl":"https:\/\/progettotouring.it\/radiotouring104\/wp-content\/uploads\/sites\/6\/2023\/02\/carcere-di-Palmi.jpg","width":330,"height":252},{"@type":"BreadcrumbList","@id":"https:\/\/progettotouring.it\/radiotouring104\/2023\/05\/11\/agenda-fitta-dincontri-per-garante-regionale-detenuti-calabria\/#breadcrumb","itemListElement":[{"@type":"ListItem","position":1,"name":"Home","item":"https:\/\/progettotouring.it\/radiotouring104\/"},{"@type":"ListItem","position":2,"name":"Agenda fitta d&#8217;incontri per Garante Regionale Detenuti Calabria"}]},{"@type":"WebSite","@id":"https:\/\/progettotouring.it\/radiotouring104\/#website","url":"https:\/\/progettotouring.it\/radiotouring104\/","name":"Radio Touring 104","description":"La prima radio Reggina","publisher":{"@id":"https:\/\/progettotouring.it\/radiotouring104\/#organization"},"potentialAction":[{"@type":"SearchAction","target":{"@type":"EntryPoint","urlTemplate":"https:\/\/progettotouring.it\/radiotouring104\/?s={search_term_string}"},"query-input":{"@type":"PropertyValueSpecification","valueRequired":true,"valueName":"search_term_string"}}],"inLanguage":"it-IT"},{"@type":"Organization","@id":"https:\/\/progettotouring.it\/radiotouring104\/#organization","name":"Radio Touring 104","url":"https:\/\/progettotouring.it\/radiotouring104\/","logo":{"@type":"ImageObject","inLanguage":"it-IT","@id":"https:\/\/progettotouring.it\/radiotouring104\/#\/schema\/logo\/image\/","url":"https:\/\/progettotouring.it\/radiotouring104\/wp-content\/uploads\/sites\/6\/2022\/02\/cropped-logo-radio-touring-104.png","contentUrl":"https:\/\/progettotouring.it\/radiotouring104\/wp-content\/uploads\/sites\/6\/2022\/02\/cropped-logo-radio-touring-104.png","width":377,"height":182,"caption":"Radio Touring 104"},"image":{"@id":"https:\/\/progettotouring.it\/radiotouring104\/#\/schema\/logo\/image\/"}},{"@type":"Person","@id":"https:\/\/progettotouring.it\/radiotouring104\/#\/schema\/person\/78613917f1851f041f7483f5af1d422e","name":"Sebastiano Plutino","image":{"@type":"ImageObject","inLanguage":"it-IT","@id":"https:\/\/secure.gravatar.com\/avatar\/0546ffaa9b79224faf9f2a156b67a529ae861d3287c66c1d8ccfdf909bcba78d?s=96&d=mm&r=g","url":"https:\/\/secure.gravatar.com\/avatar\/0546ffaa9b79224faf9f2a156b67a529ae861d3287c66c1d8ccfdf909bcba78d?s=96&d=mm&r=g","contentUrl":"https:\/\/secure.gravatar.com\/avatar\/0546ffaa9b79224faf9f2a156b67a529ae861d3287c66c1d8ccfdf909bcba78d?s=96&d=mm&r=g","caption":"Sebastiano Plutino"},"url":"https:\/\/progettotouring.it\/radiotouring104\/author\/sebastiano\/"}]}},"jetpack_publicize_connections":[],"jetpack_featured_media_url":"https:\/\/progettotouring.it\/radiotouring104\/wp-content\/uploads\/sites\/6\/2023\/02\/carcere-di-Palmi.jpg","jetpack_sharing_enabled":true,"_links":{"self":[{"href":"https:\/\/progettotouring.it\/radiotouring104\/wp-json\/wp\/v2\/posts\/25427","targetHints":{"allow":["GET"]}}],"collection":[{"href":"https:\/\/progettotouring.it\/radiotouring104\/wp-json\/wp\/v2\/posts"}],"about":[{"href":"https:\/\/progettotouring.it\/radiotouring104\/wp-json\/wp\/v2\/types\/post"}],"author":[{"embeddable":true,"href":"https:\/\/progettotouring.it\/radiotouring104\/wp-json\/wp\/v2\/users\/12"}],"replies":[{"embeddable":true,"href":"https:\/\/progettotouring.it\/radiotouring104\/wp-json\/wp\/v2\/comments?post=25427"}],"version-history":[{"count":1,"href":"https:\/\/progettotouring.it\/radiotouring104\/wp-json\/wp\/v2\/posts\/25427\/revisions"}],"predecessor-version":[{"id":25430,"href":"https:\/\/progettotouring.it\/radiotouring104\/wp-json\/wp\/v2\/posts\/25427\/revisions\/25430"}],"wp:featuredmedia":[{"embeddable":true,"href":"https:\/\/progettotouring.it\/radiotouring104\/wp-json\/wp\/v2\/media\/18215"}],"wp:attachment":[{"href":"https:\/\/progettotouring.it\/radiotouring104\/wp-json\/wp\/v2\/media?parent=25427"}],"wp:term":[{"taxonomy":"category","embeddable":true,"href":"https:\/\/progettotouring.it\/radiotouring104\/wp-json\/wp\/v2\/categories?post=25427"},{"taxonomy":"post_tag","embeddable":true,"href":"https:\/\/progettotouring.it\/radiotouring104\/wp-json\/wp\/v2\/tags?post=25427"}],"curies":[{"name":"wp","href":"https:\/\/api.w.org\/{rel}","templated":true}]}}