{"id":25550,"date":"2023-05-12T11:37:50","date_gmt":"2023-05-12T09:37:50","guid":{"rendered":"https:\/\/progettotouring.it\/radiotouring104\/?p=25550"},"modified":"2023-05-12T11:37:50","modified_gmt":"2023-05-12T09:37:50","slug":"le-muse-fidapa-discute-su-art-noveau-e-moderismo-artistico","status":"publish","type":"post","link":"https:\/\/progettotouring.it\/radiotouring104\/2023\/05\/12\/le-muse-fidapa-discute-su-art-noveau-e-moderismo-artistico\/","title":{"rendered":"Le Muse, Fidapa discute su &#8220;Art Noveau e Moderismo Artistico&#8221;"},"content":{"rendered":"<p style=\"text-align: justify\"><strong>La Fidapa Sezione di Palmi<\/strong> ha organizzato un appuntamento culturale dedicato <strong>\u201cAll\u2019Art Noveau e la nascita del Modernismo Artistico: la riforma della vita nell&#8217;arte\u201d.<\/strong> L\u2019evento si \u00e8 tenuto presso l\u2019auditorium <strong>\u201cProf. Pietro Ciappina S.S.P.A \u201cG. Sergi\u201d<\/strong> di Palmi ed \u00e8 stato organizzato nell\u2019ambito della programmazione della nota associazione.<\/p>\n<p style=\"text-align: justify\">La presidente dott.ssa <strong>Anna Pizzimenti<\/strong> in apertura dei lavori ha ribadito come la <strong>Federazione Italiana Donne Arti Professioni Affari<\/strong> da sempre valorizza il ruolo della donna, le sue comptenze e cerca di scoprire attraverso i canali piu disparati, piu\u2019 differenti, \u00a0quanto l\u2019evoluzione della stessa, nel\u00a0 tempo sia stata condizionata o li abbia condizionati, dunque non si poteva non dedicare un appuntamento attraverso il rapporto tra arte e vita, non dimenticando come traccia portante il ruolo, l\u2019appartenenza e la trasformazione della donna sia nel sociale che nel mondo artistico. Proprio per questo il compito \u00e8 stato affidato al <strong>prof. Giuseppe Livoti<\/strong> docente di discipline artistiche, giornalista pubblicista e direttore della Pinacoteca di Bova Marinae e presidente dell\u2019associazione culturale Le Muse il quale, ha fatto memoria con l\u2019ausilio di materiale visivo di un periodo importante come l\u2019Art Noveau ed il suo collegamento con la nascita del concetto di Arte Moderna. Inedita la presentazione con un taglio qualificato, attraverso immagini di architetture, decorazioni e storie di donne per scoprire meglio il ruolo femminile nella societ\u00e0 dell\u2019epoca. Livoti \u00e8 partito dal concetto che il Liberty o Stile Floreale \u00e8 un forma d&#8217;arte italiana trasversale, che deriva dall&#8217;Art D\u00e8co e che coinvolge, oltre la pittura, molte arti minori e l&#8217;artigianato, con lo scopo di opporsi alla pianificazione indotta dalla industrializzazione che ormai aveva invaso tutti gli aspetti della vita. Il termine Liberty dal nome dell\u2019inglese Arthur Lasenby Liberty (1858-1919), commerciante londinese di oggetti d\u2019arte e di alta qualit\u00e0 destinati al largo consumo. Allo Stile Liberty italiano corrispondono, nei diversi paesi europei, il Modernismo in Spagna, l\u2019Art Nouveau in Francia ed in Belgio, lo Jugendstil in Germania, il Modern Style o Art Decore in Inghilterra e il Secession Stil in Austria. Si tratta fondamentalmente di uno stile decorativo, che trov\u00f2 espressione in un&#8217;ampia gamma di forme artistiche, dall&#8217;architettura al design di interni, dalla produzione di mobili alla grafica, dall&#8217;arte della lavorazione dei metalli e del vetro alla ceramica, dai disegni delle stoffe alle illustrazioni di libri, giornali e manifesti. Ha \u00a0molto interressato il numeroso pubblico presente il concetto dell\u2019arte come opera organica che timidamente anticipa l\u2019architettura, l\u2019architettura moderna che promuove un\u2019armonia tra l\u2019uomo e la natura, la creazione di un nuovo sistema in equilibrio tra ambiente costruito e ambiente naturale attraverso l\u2019integrazione dei vari elementi artificiali propri dell\u2019uomo (costruzioni, arredi, ecc.), e naturali dell\u2019intorno ambientale del sito. Tutti divengono parte di un unico interconnesso organismo, spazio architettonico. Tante le storie di donne raccontate quella dell\u2019iconografica Jane Avril nata nel 1868 ed \u00e8 nota con il soprannome di \u201cM\u00e9linite\u201d, il potente esplosivo che esprime la sua dirompente energia nella danza. Si esibisce al Moulin Rouge, dove \u00e8 molto nota e con lei una delle maggiori vedette del locale. Jane Avril \u00e8 una donna colta, che apprezza i dipinti di Toulouse Lautrec; egli la contraccambia con affetto sincero e ammirazione. Le regala anche molti quadri, che lei a sua volta dona ai numerosi amanti. Ed ancora Sarah Bernhardt considerata dalla critica italiana la sola rivale di Eleonora Duse, che intraprese la carriera teatrale all\u2019et\u00e0 di diciotto anni dopo un\u2019infanzia disordinata \u2013 il padre era un ufficiale di marina trattenuto in Cina, la madre la affid\u00f2 dapprima alla balia bretone e successivamente alla sorella maggiore che, non sapendosene occupare, la port\u00f2 in un ospizio di suore. Fu il Duca di Morny, fratellastro di Napoleone III nonch\u00e9 amante della zia e in seguito della madre, a iscriverla a corsi di pittura e scultura all\u2019Ecole des Beaux e a farla entrare nei migliori istituti d\u2019arte drammatica di Parigi. La stessa fu la Musa ispiratrice del pittore ceco Alphonse Mucha che, attraverso le sue rappresentazioni cartellonistiche e dunque pubblicitarie, sublim\u00f2 l\u2019immagine di femme fatale della Bernhardt, diffondendola ovunque. Come riporta la biografia del pittore \u201cMucha riusc\u00ec a sfondare proprio grazie al suo manifesto-litografia disegnato per l\u2019attrice Sarah Bernhardt. I primi giorni di gennaio dell\u2019anno 1895 tutta Parigi vide il manifesto in questione sui muri della citt\u00e0 e in occasione della rappresentazione della Gismonda di Victorien Sardou e fece sensazione. Il formato verticale, allungato, del tutto inedito, con l\u2019immagine della celebre attrice tragica rappresentata quasi a grandezza naturale, produceva un effetto drammatico non comune ed impressionava per la ricchezza e la raffinatezza della gamma cromatica\u201d. E continua ancora \u201cLa trasposizione figurativa delle sue locandine teatrali impression\u00f2 positivamente Sarah Bernhardt\u00a0 al punto che, senza esitazione, l\u2019attrice sottoscrisse un contratto esclusivo di sei anni con l\u2019artista moravo\u201d. Suggestiva la lettura di un componimento poetico della prof.ssa Maria Grazia Rondanini &#8211; referente Task Force Cultura della Sezione Piana di Palmi, testo cromaticamente autentito nella tessitura lessicale, dedicato proprio all\u2019immagine della 4 stagioni di Mucha in cui Bernhardt \u00e8 protagonista. Ed infine la storia della tela di Donna Franca Florio opera che nel 1901 Ignazio Florio commission\u00f2 a Giovanni Boldini, acclamato pittore italiano trasferito a Parigi ed interprete del mondo femminile della Belle \u00e9poque. Un dipinto che immortala senza tempo la radiosa bellezza della moglie, Franca Jacona di San Giuliano. Boldini, artista animato da un\u2019effervescente vocazione alla mondanit\u00e0, non se lo fece ripetere due volte, e nello stesso anno si trasfer\u00ec da Parigi a Palermo, dove fu ospite dei Florio, realizzando cos\u00ec il ritratto. Il quadro fu esposto alla Biennale di Venezia nel 1903 su richiesta dello stesso Ignazio Florio.<\/p>\n","protected":false},"excerpt":{"rendered":"<p>La Fidapa Sezione di Palmi ha organizzato un appuntamento culturale dedicato \u201cAll\u2019Art Noveau e la nascita del Modernismo Artistico: la riforma della vita nell&#8217;arte\u201d. L\u2019evento si \u00e8 tenuto presso l\u2019auditorium&hellip;<\/p>\n","protected":false},"author":12,"featured_media":25555,"comment_status":"closed","ping_status":"open","sticky":false,"template":"","format":"standard","meta":{"_jetpack_memberships_contains_paid_content":false,"footnotes":"","jetpack_publicize_message":"","jetpack_publicize_feature_enabled":true,"jetpack_social_post_already_shared":false,"jetpack_social_options":{"image_generator_settings":{"template":"highway","default_image_id":0,"font":"","enabled":false},"version":2}},"categories":[921,196,140],"tags":[15039,15038,15040,15035,15036,15037,11768],"class_list":["post-25550","post","type-post","status-publish","format-standard","has-post-thumbnail","hentry","category-home","category-news","category-reggio-calabria","tag-auditorium-prof-pietro-ciappina-s-s-p-a-g-sergi","tag-dott-ssa-anna-pizzimenti","tag-federazione-italiana-donne-arti-professioni-affari","tag-fidapa-sezione-di-palmi","tag-incontro-su-art-noveau","tag-modernismo-artistico","tag-prof-giuseppe-livoti"],"yoast_head":"<!-- This site is optimized with the Yoast SEO plugin v27.2 - https:\/\/yoast.com\/product\/yoast-seo-wordpress\/ -->\n<title>Le Muse, Fidapa discute su &quot;Art Noveau e Moderismo Artistico&quot;<\/title>\n<meta name=\"description\" content=\"Fidapa Sezione di Palmi organizza incontro dedicato \u201cAll\u2019Art Noveau e la nascita del Modernismo Artistico: la riforma della vita nell&#039;arte\u201d\" \/>\n<meta name=\"robots\" content=\"index, follow, max-snippet:-1, max-image-preview:large, max-video-preview:-1\" \/>\n<link rel=\"canonical\" href=\"https:\/\/progettotouring.it\/radiotouring104\/2023\/05\/12\/le-muse-fidapa-discute-su-art-noveau-e-moderismo-artistico\/\" \/>\n<meta property=\"og:locale\" content=\"it_IT\" \/>\n<meta property=\"og:type\" content=\"article\" \/>\n<meta property=\"og:title\" content=\"Le Muse, Fidapa discute su &quot;Art Noveau e Moderismo Artistico&quot;\" \/>\n<meta property=\"og:description\" content=\"Fidapa Sezione di Palmi organizza incontro dedicato \u201cAll\u2019Art Noveau e la nascita del Modernismo Artistico: la riforma della vita nell&#039;arte\u201d\" \/>\n<meta property=\"og:url\" content=\"https:\/\/progettotouring.it\/radiotouring104\/2023\/05\/12\/le-muse-fidapa-discute-su-art-noveau-e-moderismo-artistico\/\" \/>\n<meta property=\"og:site_name\" content=\"Radio Touring 104\" \/>\n<meta property=\"article:published_time\" content=\"2023-05-12T09:37:50+00:00\" \/>\n<meta property=\"og:image\" content=\"https:\/\/progettotouring.it\/radiotouring104\/wp-content\/uploads\/sites\/6\/2023\/05\/fidapa-Le-Muse.png\" \/>\n\t<meta property=\"og:image:width\" content=\"761\" \/>\n\t<meta property=\"og:image:height\" content=\"775\" \/>\n\t<meta property=\"og:image:type\" content=\"image\/png\" \/>\n<meta name=\"author\" content=\"Sebastiano Plutino\" \/>\n<meta name=\"twitter:card\" content=\"summary_large_image\" \/>\n<meta name=\"twitter:label1\" content=\"Scritto da\" \/>\n\t<meta name=\"twitter:data1\" content=\"Sebastiano Plutino\" \/>\n\t<meta name=\"twitter:label2\" content=\"Tempo di lettura stimato\" \/>\n\t<meta name=\"twitter:data2\" content=\"5 minuti\" \/>\n<script type=\"application\/ld+json\" class=\"yoast-schema-graph\">{\"@context\":\"https:\/\/schema.org\",\"@graph\":[{\"@type\":\"Article\",\"@id\":\"https:\/\/progettotouring.it\/radiotouring104\/2023\/05\/12\/le-muse-fidapa-discute-su-art-noveau-e-moderismo-artistico\/#article\",\"isPartOf\":{\"@id\":\"https:\/\/progettotouring.it\/radiotouring104\/2023\/05\/12\/le-muse-fidapa-discute-su-art-noveau-e-moderismo-artistico\/\"},\"author\":{\"name\":\"Sebastiano Plutino\",\"@id\":\"https:\/\/progettotouring.it\/radiotouring104\/#\/schema\/person\/78613917f1851f041f7483f5af1d422e\"},\"headline\":\"Le Muse, Fidapa discute su &#8220;Art Noveau e Moderismo Artistico&#8221;\",\"datePublished\":\"2023-05-12T09:37:50+00:00\",\"mainEntityOfPage\":{\"@id\":\"https:\/\/progettotouring.it\/radiotouring104\/2023\/05\/12\/le-muse-fidapa-discute-su-art-noveau-e-moderismo-artistico\/\"},\"wordCount\":957,\"publisher\":{\"@id\":\"https:\/\/progettotouring.it\/radiotouring104\/#organization\"},\"image\":{\"@id\":\"https:\/\/progettotouring.it\/radiotouring104\/2023\/05\/12\/le-muse-fidapa-discute-su-art-noveau-e-moderismo-artistico\/#primaryimage\"},\"thumbnailUrl\":\"https:\/\/progettotouring.it\/radiotouring104\/wp-content\/uploads\/sites\/6\/2023\/05\/fidapa-Le-Muse.png\",\"keywords\":[\"auditorium \u201cProf. Pietro Ciappina S.S.P.A \u201cG. Sergi\u201d\",\"dott.ssa Anna Pizzimenti\",\"Federazione Italiana Donne Arti Professioni Affari\",\"Fidapa Sezione di Palmi\",\"incontro su Art Noveau\",\"Modernismo Artistico:\",\"prof. Giuseppe Livoti\"],\"articleSection\":[\"Home\",\"News\",\"Reggio Calabria\"],\"inLanguage\":\"it-IT\"},{\"@type\":\"WebPage\",\"@id\":\"https:\/\/progettotouring.it\/radiotouring104\/2023\/05\/12\/le-muse-fidapa-discute-su-art-noveau-e-moderismo-artistico\/\",\"url\":\"https:\/\/progettotouring.it\/radiotouring104\/2023\/05\/12\/le-muse-fidapa-discute-su-art-noveau-e-moderismo-artistico\/\",\"name\":\"Le Muse, Fidapa discute su \\\"Art Noveau e Moderismo Artistico\\\"\",\"isPartOf\":{\"@id\":\"https:\/\/progettotouring.it\/radiotouring104\/#website\"},\"primaryImageOfPage\":{\"@id\":\"https:\/\/progettotouring.it\/radiotouring104\/2023\/05\/12\/le-muse-fidapa-discute-su-art-noveau-e-moderismo-artistico\/#primaryimage\"},\"image\":{\"@id\":\"https:\/\/progettotouring.it\/radiotouring104\/2023\/05\/12\/le-muse-fidapa-discute-su-art-noveau-e-moderismo-artistico\/#primaryimage\"},\"thumbnailUrl\":\"https:\/\/progettotouring.it\/radiotouring104\/wp-content\/uploads\/sites\/6\/2023\/05\/fidapa-Le-Muse.png\",\"datePublished\":\"2023-05-12T09:37:50+00:00\",\"description\":\"Fidapa Sezione di Palmi organizza incontro dedicato \u201cAll\u2019Art Noveau e la nascita del Modernismo Artistico: la riforma della vita nell'arte\u201d\",\"breadcrumb\":{\"@id\":\"https:\/\/progettotouring.it\/radiotouring104\/2023\/05\/12\/le-muse-fidapa-discute-su-art-noveau-e-moderismo-artistico\/#breadcrumb\"},\"inLanguage\":\"it-IT\",\"potentialAction\":[{\"@type\":\"ReadAction\",\"target\":[\"https:\/\/progettotouring.it\/radiotouring104\/2023\/05\/12\/le-muse-fidapa-discute-su-art-noveau-e-moderismo-artistico\/\"]}]},{\"@type\":\"ImageObject\",\"inLanguage\":\"it-IT\",\"@id\":\"https:\/\/progettotouring.it\/radiotouring104\/2023\/05\/12\/le-muse-fidapa-discute-su-art-noveau-e-moderismo-artistico\/#primaryimage\",\"url\":\"https:\/\/progettotouring.it\/radiotouring104\/wp-content\/uploads\/sites\/6\/2023\/05\/fidapa-Le-Muse.png\",\"contentUrl\":\"https:\/\/progettotouring.it\/radiotouring104\/wp-content\/uploads\/sites\/6\/2023\/05\/fidapa-Le-Muse.png\",\"width\":761,\"height\":775},{\"@type\":\"BreadcrumbList\",\"@id\":\"https:\/\/progettotouring.it\/radiotouring104\/2023\/05\/12\/le-muse-fidapa-discute-su-art-noveau-e-moderismo-artistico\/#breadcrumb\",\"itemListElement\":[{\"@type\":\"ListItem\",\"position\":1,\"name\":\"Home\",\"item\":\"https:\/\/progettotouring.it\/radiotouring104\/\"},{\"@type\":\"ListItem\",\"position\":2,\"name\":\"Le Muse, Fidapa discute su &#8220;Art Noveau e Moderismo Artistico&#8221;\"}]},{\"@type\":\"WebSite\",\"@id\":\"https:\/\/progettotouring.it\/radiotouring104\/#website\",\"url\":\"https:\/\/progettotouring.it\/radiotouring104\/\",\"name\":\"Radio Touring 104\",\"description\":\"La prima radio Reggina\",\"publisher\":{\"@id\":\"https:\/\/progettotouring.it\/radiotouring104\/#organization\"},\"potentialAction\":[{\"@type\":\"SearchAction\",\"target\":{\"@type\":\"EntryPoint\",\"urlTemplate\":\"https:\/\/progettotouring.it\/radiotouring104\/?s={search_term_string}\"},\"query-input\":{\"@type\":\"PropertyValueSpecification\",\"valueRequired\":true,\"valueName\":\"search_term_string\"}}],\"inLanguage\":\"it-IT\"},{\"@type\":\"Organization\",\"@id\":\"https:\/\/progettotouring.it\/radiotouring104\/#organization\",\"name\":\"Radio Touring 104\",\"url\":\"https:\/\/progettotouring.it\/radiotouring104\/\",\"logo\":{\"@type\":\"ImageObject\",\"inLanguage\":\"it-IT\",\"@id\":\"https:\/\/progettotouring.it\/radiotouring104\/#\/schema\/logo\/image\/\",\"url\":\"https:\/\/progettotouring.it\/radiotouring104\/wp-content\/uploads\/sites\/6\/2022\/02\/cropped-logo-radio-touring-104.png\",\"contentUrl\":\"https:\/\/progettotouring.it\/radiotouring104\/wp-content\/uploads\/sites\/6\/2022\/02\/cropped-logo-radio-touring-104.png\",\"width\":377,\"height\":182,\"caption\":\"Radio Touring 104\"},\"image\":{\"@id\":\"https:\/\/progettotouring.it\/radiotouring104\/#\/schema\/logo\/image\/\"}},{\"@type\":\"Person\",\"@id\":\"https:\/\/progettotouring.it\/radiotouring104\/#\/schema\/person\/78613917f1851f041f7483f5af1d422e\",\"name\":\"Sebastiano Plutino\",\"image\":{\"@type\":\"ImageObject\",\"inLanguage\":\"it-IT\",\"@id\":\"https:\/\/secure.gravatar.com\/avatar\/0546ffaa9b79224faf9f2a156b67a529ae861d3287c66c1d8ccfdf909bcba78d?s=96&d=mm&r=g\",\"url\":\"https:\/\/secure.gravatar.com\/avatar\/0546ffaa9b79224faf9f2a156b67a529ae861d3287c66c1d8ccfdf909bcba78d?s=96&d=mm&r=g\",\"contentUrl\":\"https:\/\/secure.gravatar.com\/avatar\/0546ffaa9b79224faf9f2a156b67a529ae861d3287c66c1d8ccfdf909bcba78d?s=96&d=mm&r=g\",\"caption\":\"Sebastiano Plutino\"},\"url\":\"https:\/\/progettotouring.it\/radiotouring104\/author\/sebastiano\/\"}]}<\/script>\n<!-- \/ Yoast SEO plugin. -->","yoast_head_json":{"title":"Le Muse, Fidapa discute su \"Art Noveau e Moderismo Artistico\"","description":"Fidapa Sezione di Palmi organizza incontro dedicato \u201cAll\u2019Art Noveau e la nascita del Modernismo Artistico: la riforma della vita nell'arte\u201d","robots":{"index":"index","follow":"follow","max-snippet":"max-snippet:-1","max-image-preview":"max-image-preview:large","max-video-preview":"max-video-preview:-1"},"canonical":"https:\/\/progettotouring.it\/radiotouring104\/2023\/05\/12\/le-muse-fidapa-discute-su-art-noveau-e-moderismo-artistico\/","og_locale":"it_IT","og_type":"article","og_title":"Le Muse, Fidapa discute su \"Art Noveau e Moderismo Artistico\"","og_description":"Fidapa Sezione di Palmi organizza incontro dedicato \u201cAll\u2019Art Noveau e la nascita del Modernismo Artistico: la riforma della vita nell'arte\u201d","og_url":"https:\/\/progettotouring.it\/radiotouring104\/2023\/05\/12\/le-muse-fidapa-discute-su-art-noveau-e-moderismo-artistico\/","og_site_name":"Radio Touring 104","article_published_time":"2023-05-12T09:37:50+00:00","og_image":[{"width":761,"height":775,"url":"https:\/\/progettotouring.it\/radiotouring104\/wp-content\/uploads\/sites\/6\/2023\/05\/fidapa-Le-Muse.png","type":"image\/png"}],"author":"Sebastiano Plutino","twitter_card":"summary_large_image","twitter_misc":{"Scritto da":"Sebastiano Plutino","Tempo di lettura stimato":"5 minuti"},"schema":{"@context":"https:\/\/schema.org","@graph":[{"@type":"Article","@id":"https:\/\/progettotouring.it\/radiotouring104\/2023\/05\/12\/le-muse-fidapa-discute-su-art-noveau-e-moderismo-artistico\/#article","isPartOf":{"@id":"https:\/\/progettotouring.it\/radiotouring104\/2023\/05\/12\/le-muse-fidapa-discute-su-art-noveau-e-moderismo-artistico\/"},"author":{"name":"Sebastiano Plutino","@id":"https:\/\/progettotouring.it\/radiotouring104\/#\/schema\/person\/78613917f1851f041f7483f5af1d422e"},"headline":"Le Muse, Fidapa discute su &#8220;Art Noveau e Moderismo Artistico&#8221;","datePublished":"2023-05-12T09:37:50+00:00","mainEntityOfPage":{"@id":"https:\/\/progettotouring.it\/radiotouring104\/2023\/05\/12\/le-muse-fidapa-discute-su-art-noveau-e-moderismo-artistico\/"},"wordCount":957,"publisher":{"@id":"https:\/\/progettotouring.it\/radiotouring104\/#organization"},"image":{"@id":"https:\/\/progettotouring.it\/radiotouring104\/2023\/05\/12\/le-muse-fidapa-discute-su-art-noveau-e-moderismo-artistico\/#primaryimage"},"thumbnailUrl":"https:\/\/progettotouring.it\/radiotouring104\/wp-content\/uploads\/sites\/6\/2023\/05\/fidapa-Le-Muse.png","keywords":["auditorium \u201cProf. Pietro Ciappina S.S.P.A \u201cG. Sergi\u201d","dott.ssa Anna Pizzimenti","Federazione Italiana Donne Arti Professioni Affari","Fidapa Sezione di Palmi","incontro su Art Noveau","Modernismo Artistico:","prof. Giuseppe Livoti"],"articleSection":["Home","News","Reggio Calabria"],"inLanguage":"it-IT"},{"@type":"WebPage","@id":"https:\/\/progettotouring.it\/radiotouring104\/2023\/05\/12\/le-muse-fidapa-discute-su-art-noveau-e-moderismo-artistico\/","url":"https:\/\/progettotouring.it\/radiotouring104\/2023\/05\/12\/le-muse-fidapa-discute-su-art-noveau-e-moderismo-artistico\/","name":"Le Muse, Fidapa discute su \"Art Noveau e Moderismo Artistico\"","isPartOf":{"@id":"https:\/\/progettotouring.it\/radiotouring104\/#website"},"primaryImageOfPage":{"@id":"https:\/\/progettotouring.it\/radiotouring104\/2023\/05\/12\/le-muse-fidapa-discute-su-art-noveau-e-moderismo-artistico\/#primaryimage"},"image":{"@id":"https:\/\/progettotouring.it\/radiotouring104\/2023\/05\/12\/le-muse-fidapa-discute-su-art-noveau-e-moderismo-artistico\/#primaryimage"},"thumbnailUrl":"https:\/\/progettotouring.it\/radiotouring104\/wp-content\/uploads\/sites\/6\/2023\/05\/fidapa-Le-Muse.png","datePublished":"2023-05-12T09:37:50+00:00","description":"Fidapa Sezione di Palmi organizza incontro dedicato \u201cAll\u2019Art Noveau e la nascita del Modernismo Artistico: la riforma della vita nell'arte\u201d","breadcrumb":{"@id":"https:\/\/progettotouring.it\/radiotouring104\/2023\/05\/12\/le-muse-fidapa-discute-su-art-noveau-e-moderismo-artistico\/#breadcrumb"},"inLanguage":"it-IT","potentialAction":[{"@type":"ReadAction","target":["https:\/\/progettotouring.it\/radiotouring104\/2023\/05\/12\/le-muse-fidapa-discute-su-art-noveau-e-moderismo-artistico\/"]}]},{"@type":"ImageObject","inLanguage":"it-IT","@id":"https:\/\/progettotouring.it\/radiotouring104\/2023\/05\/12\/le-muse-fidapa-discute-su-art-noveau-e-moderismo-artistico\/#primaryimage","url":"https:\/\/progettotouring.it\/radiotouring104\/wp-content\/uploads\/sites\/6\/2023\/05\/fidapa-Le-Muse.png","contentUrl":"https:\/\/progettotouring.it\/radiotouring104\/wp-content\/uploads\/sites\/6\/2023\/05\/fidapa-Le-Muse.png","width":761,"height":775},{"@type":"BreadcrumbList","@id":"https:\/\/progettotouring.it\/radiotouring104\/2023\/05\/12\/le-muse-fidapa-discute-su-art-noveau-e-moderismo-artistico\/#breadcrumb","itemListElement":[{"@type":"ListItem","position":1,"name":"Home","item":"https:\/\/progettotouring.it\/radiotouring104\/"},{"@type":"ListItem","position":2,"name":"Le Muse, Fidapa discute su &#8220;Art Noveau e Moderismo Artistico&#8221;"}]},{"@type":"WebSite","@id":"https:\/\/progettotouring.it\/radiotouring104\/#website","url":"https:\/\/progettotouring.it\/radiotouring104\/","name":"Radio Touring 104","description":"La prima radio Reggina","publisher":{"@id":"https:\/\/progettotouring.it\/radiotouring104\/#organization"},"potentialAction":[{"@type":"SearchAction","target":{"@type":"EntryPoint","urlTemplate":"https:\/\/progettotouring.it\/radiotouring104\/?s={search_term_string}"},"query-input":{"@type":"PropertyValueSpecification","valueRequired":true,"valueName":"search_term_string"}}],"inLanguage":"it-IT"},{"@type":"Organization","@id":"https:\/\/progettotouring.it\/radiotouring104\/#organization","name":"Radio Touring 104","url":"https:\/\/progettotouring.it\/radiotouring104\/","logo":{"@type":"ImageObject","inLanguage":"it-IT","@id":"https:\/\/progettotouring.it\/radiotouring104\/#\/schema\/logo\/image\/","url":"https:\/\/progettotouring.it\/radiotouring104\/wp-content\/uploads\/sites\/6\/2022\/02\/cropped-logo-radio-touring-104.png","contentUrl":"https:\/\/progettotouring.it\/radiotouring104\/wp-content\/uploads\/sites\/6\/2022\/02\/cropped-logo-radio-touring-104.png","width":377,"height":182,"caption":"Radio Touring 104"},"image":{"@id":"https:\/\/progettotouring.it\/radiotouring104\/#\/schema\/logo\/image\/"}},{"@type":"Person","@id":"https:\/\/progettotouring.it\/radiotouring104\/#\/schema\/person\/78613917f1851f041f7483f5af1d422e","name":"Sebastiano Plutino","image":{"@type":"ImageObject","inLanguage":"it-IT","@id":"https:\/\/secure.gravatar.com\/avatar\/0546ffaa9b79224faf9f2a156b67a529ae861d3287c66c1d8ccfdf909bcba78d?s=96&d=mm&r=g","url":"https:\/\/secure.gravatar.com\/avatar\/0546ffaa9b79224faf9f2a156b67a529ae861d3287c66c1d8ccfdf909bcba78d?s=96&d=mm&r=g","contentUrl":"https:\/\/secure.gravatar.com\/avatar\/0546ffaa9b79224faf9f2a156b67a529ae861d3287c66c1d8ccfdf909bcba78d?s=96&d=mm&r=g","caption":"Sebastiano Plutino"},"url":"https:\/\/progettotouring.it\/radiotouring104\/author\/sebastiano\/"}]}},"jetpack_publicize_connections":[],"jetpack_featured_media_url":"https:\/\/progettotouring.it\/radiotouring104\/wp-content\/uploads\/sites\/6\/2023\/05\/fidapa-Le-Muse.png","jetpack_sharing_enabled":true,"_links":{"self":[{"href":"https:\/\/progettotouring.it\/radiotouring104\/wp-json\/wp\/v2\/posts\/25550","targetHints":{"allow":["GET"]}}],"collection":[{"href":"https:\/\/progettotouring.it\/radiotouring104\/wp-json\/wp\/v2\/posts"}],"about":[{"href":"https:\/\/progettotouring.it\/radiotouring104\/wp-json\/wp\/v2\/types\/post"}],"author":[{"embeddable":true,"href":"https:\/\/progettotouring.it\/radiotouring104\/wp-json\/wp\/v2\/users\/12"}],"replies":[{"embeddable":true,"href":"https:\/\/progettotouring.it\/radiotouring104\/wp-json\/wp\/v2\/comments?post=25550"}],"version-history":[{"count":1,"href":"https:\/\/progettotouring.it\/radiotouring104\/wp-json\/wp\/v2\/posts\/25550\/revisions"}],"predecessor-version":[{"id":25557,"href":"https:\/\/progettotouring.it\/radiotouring104\/wp-json\/wp\/v2\/posts\/25550\/revisions\/25557"}],"wp:featuredmedia":[{"embeddable":true,"href":"https:\/\/progettotouring.it\/radiotouring104\/wp-json\/wp\/v2\/media\/25555"}],"wp:attachment":[{"href":"https:\/\/progettotouring.it\/radiotouring104\/wp-json\/wp\/v2\/media?parent=25550"}],"wp:term":[{"taxonomy":"category","embeddable":true,"href":"https:\/\/progettotouring.it\/radiotouring104\/wp-json\/wp\/v2\/categories?post=25550"},{"taxonomy":"post_tag","embeddable":true,"href":"https:\/\/progettotouring.it\/radiotouring104\/wp-json\/wp\/v2\/tags?post=25550"}],"curies":[{"name":"wp","href":"https:\/\/api.w.org\/{rel}","templated":true}]}}