{"id":25558,"date":"2023-05-12T11:50:58","date_gmt":"2023-05-12T09:50:58","guid":{"rendered":"https:\/\/progettotouring.it\/radiotouring104\/?p=25558"},"modified":"2023-05-12T11:50:58","modified_gmt":"2023-05-12T09:50:58","slug":"forza-italia-rc-contro-giordano-su-emendamento-cannizzaro","status":"publish","type":"post","link":"https:\/\/progettotouring.it\/radiotouring104\/2023\/05\/12\/forza-italia-rc-contro-giordano-su-emendamento-cannizzaro\/","title":{"rendered":"Forza Italia Rc contro Giordano su emendamento Cannizzaro"},"content":{"rendered":"<p style=\"text-align: justify\"><em>Apprendiamo con stupore che il Consigliere metropolitano, <strong>Giuseppe Giordano<\/strong>, pensi di sapere cosa sia un emendamento parlamentare. E con ancor pi\u00f9 stupore apprendiamo dalla lettera a sua firma che lui si occupi di Pianificazione per conto della Citt\u00e0 metropolitana di Reggio Calabria. Potrebbe dirci, per esempio, cosa ha pianificato? Onestamente, non sapevamo che a Palazzo Alvaro ci fosse qualcuno delegato a questo settore dalla Maggioranza, perch\u00e9 non vi \u00e8 traccia di alcuna attivit\u00e0 politica in proposito. <\/em><\/p>\n<p style=\"text-align: justify\"><em>Ci sembra strano che un cos\u00ec navigato uomo delle Istituzioni come Giordano, seppur entrato sempre dalla finestra nelle varie amministrazioni, perdendo puntualmente le elezioni e sfruttando poi strani scherzi del destino, si cimenti in attacchi verso altri accusandoli di parlare a vanvera. Soprattutto quando ci sono di mezzo questioni tecniche e amministrative che, come si evince da quanto afferma, neppure conosce. Giuseppe Giordano ha perso un&#8217;occasione per tacere<\/em><em>;<\/em> <em>ha sbagliato finanche <\/em><em>nel dire che i due<\/em> <em>emendamenti siano stati discussi <\/em><em>in Commissione Bilancio, <\/em><em>dove di tutto si \u00e8 parlato tranne che di emendamenti, perch\u00e9 in realt\u00e0 sono stati proposti e approvati<\/em> <em>(e quindi sono legge dello Stato) <\/em><em>nelle Commissioni <\/em><em>riunite <\/em><em>Ambiente e Trasporti.<\/em> <em>Un uomo esperto di legislazione politica, gi\u00e0 Consigliere regionale supplente, gi\u00e0 consigliere comunale supplente e oggi consigliere metropolitano supplente, dovrebbe stare pi\u00f9 attento a cosa dice. Non pu\u00f2 prendere fischi per fiaschi, altrimenti rischia di rendersi ridicolo.<\/em><\/p>\n<p style=\"text-align: justify\"><em>Nonostante tutto, Giordano gode per\u00f2 della nostra comprensione, perch\u00e9 ci rendiamo conto che \u00e8 solo l\u2019agnello sacrificale di turno, scelto tra il mucchio di soldatini di CentroSinistra pronti a sottoscrivere delle dichiarazioni che neppure avr\u00e0 letto.<\/em> <em>Che non le abbia lette lo deduciamo dagli errori, svariati, nel merito delle questioni su cui \u00e8 intervenuto. Anzitutto, perch\u00e9 ci\u00f2 di cui va farfugliando in realt\u00e0 sono due emendamenti, che lui (o chi per lui) confonde pure: uno parla di riorganizzazione del trasporto pubblico locale, l\u2019altro invece di porti, sistema portuale dell\u2019Area dello Stretto e opere infrastrutturali connesse al Ponte.\u00a0Sono due emendamenti, entrambi approvati, non chiacchiere. Nel primo (sul TPL), si prevede la redazione di un Piano integrato nell&#8217;ambito del quale le esigenze trasportistiche di entrambe le sponde dello Stretto saranno gestite in forma coordinata tra Regione Calabria e Regione Sicilia (d&#8217;intesa con gli enti locali interessati); nel secondo (sul sistema portuale), si stabilisce che l&#8217;Autorit\u00e0 di Sistema dello Stretto sia delegata ad individuare i progetti per la rifunzionalizzazione di tutte le infrastrutture portuali. <\/em><\/p>\n<p style=\"text-align: justify\"><em>In altre parole, la deputazione di Forza Italia ha pianificato una riorganizzazione complessiva del sistema dei porti e dei trasporti locali, sia per terra che per mare. Perch\u00e9 il Ponte non passer\u00e0 &#8220;sopra le teste&#8221; dei cittadini delle due sponde, come vuol far credere la Sinistra, bens\u00ec far\u00e0 parte di un sistema integrato.<\/em><\/p>\n<p style=\"text-align: justify\"><em>Entrando ancora pi\u00f9 nel merito di ci\u00f2 che scrive (o firma) il Consigliere metropolitano Giordano, la competenza pianificatoria in questo caso non \u00e8 del Comune n\u00e9 tanto meno della Citt\u00e0 metropolitana, ma piuttosto dell\u2019Autorit\u00e0 di Sistema portuale, appunto, essendo gli altri enti interessati in maniera residuale. Aspetto questo chiarito anche a care lettere dagli organi preposti. Quindi il Giuseppe Giordano pu\u00f2 tirare un profondo respiro di sollievo, non toccher\u00e0 a lui pianificare un bel nulla. Anche perch\u00e9, tra l\u2019altro, q<\/em><em>uando l\u2019Area integrata dello Stretto sar\u00e0 pianificata, lui non sar\u00e0 interessato a prescindere, perch\u00e9 ancora una volta si candider\u00e0 ma non sar\u00e0 eletto.<\/em><\/p>\n<p style=\"text-align: justify\"><em>Ah, da ultimo, <\/em><em>il Consigliere Giordano, <\/em><em>parlando di Aeroporto di Reggio, si ricordi che era parte di quella maggioranza, nella qualit\u00e0 di supplente in Consiglio regionale, che appoggi\u00f2 l\u2019allora Presidente della Regione Oliverio ed i suoi compari del PD, come il sindaco Falcomat\u00e0, che stavano per far chiudere il Tito Minniti. Oggi l\u2019Aeroporto \u00e8 salvo e, per quanto riguarda il suo sviluppo, i fatti ci daranno ancora una volta ragione.<\/em><\/p>\n<p style=\"text-align: justify\"><strong><em>Giordano <\/em><\/strong><em>si<\/em><em> lamenta che la sua Maggioranza, quella di una Citt\u00e0 metropolitana allo sbando, che non ha un minimo di programmazione e organizzazione, <\/em><em>non venga coinvolta? <\/em><em>Si ponga questa domanda e si dia una risposta. <\/em><\/p>\n","protected":false},"excerpt":{"rendered":"<p>Apprendiamo con stupore che il Consigliere metropolitano, Giuseppe Giordano, pensi di sapere cosa sia un emendamento parlamentare. E con ancor pi\u00f9 stupore apprendiamo dalla lettera a sua firma che lui&hellip;<\/p>\n","protected":false},"author":12,"featured_media":22931,"comment_status":"closed","ping_status":"open","sticky":false,"template":"","format":"standard","meta":{"_jetpack_memberships_contains_paid_content":false,"footnotes":"","jetpack_publicize_message":"","jetpack_publicize_feature_enabled":true,"jetpack_social_post_already_shared":false,"jetpack_social_options":{"image_generator_settings":{"template":"highway","default_image_id":0,"font":"","enabled":false},"version":2}},"categories":[921,196,140],"tags":[15042,14669,15041,1763],"class_list":["post-25558","post","type-post","status-publish","format-standard","has-post-thumbnail","hentry","category-home","category-news","category-reggio-calabria","tag-consiglieri-metropolitani-forza-italia","tag-decreto-ponte","tag-emendamento-cannizzaro","tag-giuseppe-giordano"],"yoast_head":"<!-- This site is optimized with the Yoast SEO plugin v27.2 - https:\/\/yoast.com\/product\/yoast-seo-wordpress\/ -->\n<title>Forza Italia Rc contro Giordano su emendamento Cannizzaro<\/title>\n<meta name=\"description\" content=\"Dura risposta dei Consiglieri Metropolitani Forza Italia sulla posizione del consigliere Giordano sull&#039;emendamento depositato da Cannizzaro\" \/>\n<meta name=\"robots\" content=\"index, follow, max-snippet:-1, max-image-preview:large, max-video-preview:-1\" \/>\n<link rel=\"canonical\" href=\"https:\/\/progettotouring.it\/radiotouring104\/2023\/05\/12\/forza-italia-rc-contro-giordano-su-emendamento-cannizzaro\/\" \/>\n<meta property=\"og:locale\" content=\"it_IT\" \/>\n<meta property=\"og:type\" content=\"article\" \/>\n<meta property=\"og:title\" content=\"Forza Italia Rc contro Giordano su emendamento Cannizzaro\" \/>\n<meta property=\"og:description\" content=\"Dura risposta dei Consiglieri Metropolitani Forza Italia sulla posizione del consigliere Giordano sull&#039;emendamento depositato da Cannizzaro\" \/>\n<meta property=\"og:url\" content=\"https:\/\/progettotouring.it\/radiotouring104\/2023\/05\/12\/forza-italia-rc-contro-giordano-su-emendamento-cannizzaro\/\" \/>\n<meta property=\"og:site_name\" content=\"Radio Touring 104\" \/>\n<meta property=\"article:published_time\" content=\"2023-05-12T09:50:58+00:00\" \/>\n<meta property=\"og:image\" content=\"https:\/\/progettotouring.it\/radiotouring104\/wp-content\/uploads\/sites\/6\/2023\/04\/PontesulloStretto.jpg\" \/>\n\t<meta property=\"og:image:width\" content=\"665\" \/>\n\t<meta property=\"og:image:height\" content=\"293\" \/>\n\t<meta property=\"og:image:type\" content=\"image\/jpeg\" \/>\n<meta name=\"author\" content=\"Sebastiano Plutino\" \/>\n<meta name=\"twitter:card\" content=\"summary_large_image\" \/>\n<meta name=\"twitter:label1\" content=\"Scritto da\" \/>\n\t<meta name=\"twitter:data1\" content=\"Sebastiano Plutino\" \/>\n\t<meta name=\"twitter:label2\" content=\"Tempo di lettura stimato\" \/>\n\t<meta name=\"twitter:data2\" content=\"3 minuti\" \/>\n<script type=\"application\/ld+json\" class=\"yoast-schema-graph\">{\"@context\":\"https:\/\/schema.org\",\"@graph\":[{\"@type\":\"Article\",\"@id\":\"https:\/\/progettotouring.it\/radiotouring104\/2023\/05\/12\/forza-italia-rc-contro-giordano-su-emendamento-cannizzaro\/#article\",\"isPartOf\":{\"@id\":\"https:\/\/progettotouring.it\/radiotouring104\/2023\/05\/12\/forza-italia-rc-contro-giordano-su-emendamento-cannizzaro\/\"},\"author\":{\"name\":\"Sebastiano Plutino\",\"@id\":\"https:\/\/progettotouring.it\/radiotouring104\/#\/schema\/person\/78613917f1851f041f7483f5af1d422e\"},\"headline\":\"Forza Italia Rc contro Giordano su emendamento Cannizzaro\",\"datePublished\":\"2023-05-12T09:50:58+00:00\",\"mainEntityOfPage\":{\"@id\":\"https:\/\/progettotouring.it\/radiotouring104\/2023\/05\/12\/forza-italia-rc-contro-giordano-su-emendamento-cannizzaro\/\"},\"wordCount\":669,\"publisher\":{\"@id\":\"https:\/\/progettotouring.it\/radiotouring104\/#organization\"},\"image\":{\"@id\":\"https:\/\/progettotouring.it\/radiotouring104\/2023\/05\/12\/forza-italia-rc-contro-giordano-su-emendamento-cannizzaro\/#primaryimage\"},\"thumbnailUrl\":\"https:\/\/progettotouring.it\/radiotouring104\/wp-content\/uploads\/sites\/6\/2023\/04\/PontesulloStretto.jpg\",\"keywords\":[\"Consiglieri Metropolitani Forza Italia\",\"Decreto Ponte\",\"emendamento Cannizzaro\",\"Giuseppe Giordano\"],\"articleSection\":[\"Home\",\"News\",\"Reggio Calabria\"],\"inLanguage\":\"it-IT\"},{\"@type\":\"WebPage\",\"@id\":\"https:\/\/progettotouring.it\/radiotouring104\/2023\/05\/12\/forza-italia-rc-contro-giordano-su-emendamento-cannizzaro\/\",\"url\":\"https:\/\/progettotouring.it\/radiotouring104\/2023\/05\/12\/forza-italia-rc-contro-giordano-su-emendamento-cannizzaro\/\",\"name\":\"Forza Italia Rc contro Giordano su emendamento Cannizzaro\",\"isPartOf\":{\"@id\":\"https:\/\/progettotouring.it\/radiotouring104\/#website\"},\"primaryImageOfPage\":{\"@id\":\"https:\/\/progettotouring.it\/radiotouring104\/2023\/05\/12\/forza-italia-rc-contro-giordano-su-emendamento-cannizzaro\/#primaryimage\"},\"image\":{\"@id\":\"https:\/\/progettotouring.it\/radiotouring104\/2023\/05\/12\/forza-italia-rc-contro-giordano-su-emendamento-cannizzaro\/#primaryimage\"},\"thumbnailUrl\":\"https:\/\/progettotouring.it\/radiotouring104\/wp-content\/uploads\/sites\/6\/2023\/04\/PontesulloStretto.jpg\",\"datePublished\":\"2023-05-12T09:50:58+00:00\",\"description\":\"Dura risposta dei Consiglieri Metropolitani Forza Italia sulla posizione del consigliere Giordano sull'emendamento depositato da Cannizzaro\",\"breadcrumb\":{\"@id\":\"https:\/\/progettotouring.it\/radiotouring104\/2023\/05\/12\/forza-italia-rc-contro-giordano-su-emendamento-cannizzaro\/#breadcrumb\"},\"inLanguage\":\"it-IT\",\"potentialAction\":[{\"@type\":\"ReadAction\",\"target\":[\"https:\/\/progettotouring.it\/radiotouring104\/2023\/05\/12\/forza-italia-rc-contro-giordano-su-emendamento-cannizzaro\/\"]}]},{\"@type\":\"ImageObject\",\"inLanguage\":\"it-IT\",\"@id\":\"https:\/\/progettotouring.it\/radiotouring104\/2023\/05\/12\/forza-italia-rc-contro-giordano-su-emendamento-cannizzaro\/#primaryimage\",\"url\":\"https:\/\/progettotouring.it\/radiotouring104\/wp-content\/uploads\/sites\/6\/2023\/04\/PontesulloStretto.jpg\",\"contentUrl\":\"https:\/\/progettotouring.it\/radiotouring104\/wp-content\/uploads\/sites\/6\/2023\/04\/PontesulloStretto.jpg\",\"width\":665,\"height\":293},{\"@type\":\"BreadcrumbList\",\"@id\":\"https:\/\/progettotouring.it\/radiotouring104\/2023\/05\/12\/forza-italia-rc-contro-giordano-su-emendamento-cannizzaro\/#breadcrumb\",\"itemListElement\":[{\"@type\":\"ListItem\",\"position\":1,\"name\":\"Home\",\"item\":\"https:\/\/progettotouring.it\/radiotouring104\/\"},{\"@type\":\"ListItem\",\"position\":2,\"name\":\"Forza Italia Rc contro Giordano su emendamento Cannizzaro\"}]},{\"@type\":\"WebSite\",\"@id\":\"https:\/\/progettotouring.it\/radiotouring104\/#website\",\"url\":\"https:\/\/progettotouring.it\/radiotouring104\/\",\"name\":\"Radio Touring 104\",\"description\":\"La prima radio Reggina\",\"publisher\":{\"@id\":\"https:\/\/progettotouring.it\/radiotouring104\/#organization\"},\"potentialAction\":[{\"@type\":\"SearchAction\",\"target\":{\"@type\":\"EntryPoint\",\"urlTemplate\":\"https:\/\/progettotouring.it\/radiotouring104\/?s={search_term_string}\"},\"query-input\":{\"@type\":\"PropertyValueSpecification\",\"valueRequired\":true,\"valueName\":\"search_term_string\"}}],\"inLanguage\":\"it-IT\"},{\"@type\":\"Organization\",\"@id\":\"https:\/\/progettotouring.it\/radiotouring104\/#organization\",\"name\":\"Radio Touring 104\",\"url\":\"https:\/\/progettotouring.it\/radiotouring104\/\",\"logo\":{\"@type\":\"ImageObject\",\"inLanguage\":\"it-IT\",\"@id\":\"https:\/\/progettotouring.it\/radiotouring104\/#\/schema\/logo\/image\/\",\"url\":\"https:\/\/progettotouring.it\/radiotouring104\/wp-content\/uploads\/sites\/6\/2022\/02\/cropped-logo-radio-touring-104.png\",\"contentUrl\":\"https:\/\/progettotouring.it\/radiotouring104\/wp-content\/uploads\/sites\/6\/2022\/02\/cropped-logo-radio-touring-104.png\",\"width\":377,\"height\":182,\"caption\":\"Radio Touring 104\"},\"image\":{\"@id\":\"https:\/\/progettotouring.it\/radiotouring104\/#\/schema\/logo\/image\/\"}},{\"@type\":\"Person\",\"@id\":\"https:\/\/progettotouring.it\/radiotouring104\/#\/schema\/person\/78613917f1851f041f7483f5af1d422e\",\"name\":\"Sebastiano Plutino\",\"image\":{\"@type\":\"ImageObject\",\"inLanguage\":\"it-IT\",\"@id\":\"https:\/\/secure.gravatar.com\/avatar\/0546ffaa9b79224faf9f2a156b67a529ae861d3287c66c1d8ccfdf909bcba78d?s=96&d=mm&r=g\",\"url\":\"https:\/\/secure.gravatar.com\/avatar\/0546ffaa9b79224faf9f2a156b67a529ae861d3287c66c1d8ccfdf909bcba78d?s=96&d=mm&r=g\",\"contentUrl\":\"https:\/\/secure.gravatar.com\/avatar\/0546ffaa9b79224faf9f2a156b67a529ae861d3287c66c1d8ccfdf909bcba78d?s=96&d=mm&r=g\",\"caption\":\"Sebastiano Plutino\"},\"url\":\"https:\/\/progettotouring.it\/radiotouring104\/author\/sebastiano\/\"}]}<\/script>\n<!-- \/ Yoast SEO plugin. -->","yoast_head_json":{"title":"Forza Italia Rc contro Giordano su emendamento Cannizzaro","description":"Dura risposta dei Consiglieri Metropolitani Forza Italia sulla posizione del consigliere Giordano sull'emendamento depositato da Cannizzaro","robots":{"index":"index","follow":"follow","max-snippet":"max-snippet:-1","max-image-preview":"max-image-preview:large","max-video-preview":"max-video-preview:-1"},"canonical":"https:\/\/progettotouring.it\/radiotouring104\/2023\/05\/12\/forza-italia-rc-contro-giordano-su-emendamento-cannizzaro\/","og_locale":"it_IT","og_type":"article","og_title":"Forza Italia Rc contro Giordano su emendamento Cannizzaro","og_description":"Dura risposta dei Consiglieri Metropolitani Forza Italia sulla posizione del consigliere Giordano sull'emendamento depositato da Cannizzaro","og_url":"https:\/\/progettotouring.it\/radiotouring104\/2023\/05\/12\/forza-italia-rc-contro-giordano-su-emendamento-cannizzaro\/","og_site_name":"Radio Touring 104","article_published_time":"2023-05-12T09:50:58+00:00","og_image":[{"width":665,"height":293,"url":"https:\/\/progettotouring.it\/radiotouring104\/wp-content\/uploads\/sites\/6\/2023\/04\/PontesulloStretto.jpg","type":"image\/jpeg"}],"author":"Sebastiano Plutino","twitter_card":"summary_large_image","twitter_misc":{"Scritto da":"Sebastiano Plutino","Tempo di lettura stimato":"3 minuti"},"schema":{"@context":"https:\/\/schema.org","@graph":[{"@type":"Article","@id":"https:\/\/progettotouring.it\/radiotouring104\/2023\/05\/12\/forza-italia-rc-contro-giordano-su-emendamento-cannizzaro\/#article","isPartOf":{"@id":"https:\/\/progettotouring.it\/radiotouring104\/2023\/05\/12\/forza-italia-rc-contro-giordano-su-emendamento-cannizzaro\/"},"author":{"name":"Sebastiano Plutino","@id":"https:\/\/progettotouring.it\/radiotouring104\/#\/schema\/person\/78613917f1851f041f7483f5af1d422e"},"headline":"Forza Italia Rc contro Giordano su emendamento Cannizzaro","datePublished":"2023-05-12T09:50:58+00:00","mainEntityOfPage":{"@id":"https:\/\/progettotouring.it\/radiotouring104\/2023\/05\/12\/forza-italia-rc-contro-giordano-su-emendamento-cannizzaro\/"},"wordCount":669,"publisher":{"@id":"https:\/\/progettotouring.it\/radiotouring104\/#organization"},"image":{"@id":"https:\/\/progettotouring.it\/radiotouring104\/2023\/05\/12\/forza-italia-rc-contro-giordano-su-emendamento-cannizzaro\/#primaryimage"},"thumbnailUrl":"https:\/\/progettotouring.it\/radiotouring104\/wp-content\/uploads\/sites\/6\/2023\/04\/PontesulloStretto.jpg","keywords":["Consiglieri Metropolitani Forza Italia","Decreto Ponte","emendamento Cannizzaro","Giuseppe Giordano"],"articleSection":["Home","News","Reggio Calabria"],"inLanguage":"it-IT"},{"@type":"WebPage","@id":"https:\/\/progettotouring.it\/radiotouring104\/2023\/05\/12\/forza-italia-rc-contro-giordano-su-emendamento-cannizzaro\/","url":"https:\/\/progettotouring.it\/radiotouring104\/2023\/05\/12\/forza-italia-rc-contro-giordano-su-emendamento-cannizzaro\/","name":"Forza Italia Rc contro Giordano su emendamento Cannizzaro","isPartOf":{"@id":"https:\/\/progettotouring.it\/radiotouring104\/#website"},"primaryImageOfPage":{"@id":"https:\/\/progettotouring.it\/radiotouring104\/2023\/05\/12\/forza-italia-rc-contro-giordano-su-emendamento-cannizzaro\/#primaryimage"},"image":{"@id":"https:\/\/progettotouring.it\/radiotouring104\/2023\/05\/12\/forza-italia-rc-contro-giordano-su-emendamento-cannizzaro\/#primaryimage"},"thumbnailUrl":"https:\/\/progettotouring.it\/radiotouring104\/wp-content\/uploads\/sites\/6\/2023\/04\/PontesulloStretto.jpg","datePublished":"2023-05-12T09:50:58+00:00","description":"Dura risposta dei Consiglieri Metropolitani Forza Italia sulla posizione del consigliere Giordano sull'emendamento depositato da Cannizzaro","breadcrumb":{"@id":"https:\/\/progettotouring.it\/radiotouring104\/2023\/05\/12\/forza-italia-rc-contro-giordano-su-emendamento-cannizzaro\/#breadcrumb"},"inLanguage":"it-IT","potentialAction":[{"@type":"ReadAction","target":["https:\/\/progettotouring.it\/radiotouring104\/2023\/05\/12\/forza-italia-rc-contro-giordano-su-emendamento-cannizzaro\/"]}]},{"@type":"ImageObject","inLanguage":"it-IT","@id":"https:\/\/progettotouring.it\/radiotouring104\/2023\/05\/12\/forza-italia-rc-contro-giordano-su-emendamento-cannizzaro\/#primaryimage","url":"https:\/\/progettotouring.it\/radiotouring104\/wp-content\/uploads\/sites\/6\/2023\/04\/PontesulloStretto.jpg","contentUrl":"https:\/\/progettotouring.it\/radiotouring104\/wp-content\/uploads\/sites\/6\/2023\/04\/PontesulloStretto.jpg","width":665,"height":293},{"@type":"BreadcrumbList","@id":"https:\/\/progettotouring.it\/radiotouring104\/2023\/05\/12\/forza-italia-rc-contro-giordano-su-emendamento-cannizzaro\/#breadcrumb","itemListElement":[{"@type":"ListItem","position":1,"name":"Home","item":"https:\/\/progettotouring.it\/radiotouring104\/"},{"@type":"ListItem","position":2,"name":"Forza Italia Rc contro Giordano su emendamento Cannizzaro"}]},{"@type":"WebSite","@id":"https:\/\/progettotouring.it\/radiotouring104\/#website","url":"https:\/\/progettotouring.it\/radiotouring104\/","name":"Radio Touring 104","description":"La prima radio Reggina","publisher":{"@id":"https:\/\/progettotouring.it\/radiotouring104\/#organization"},"potentialAction":[{"@type":"SearchAction","target":{"@type":"EntryPoint","urlTemplate":"https:\/\/progettotouring.it\/radiotouring104\/?s={search_term_string}"},"query-input":{"@type":"PropertyValueSpecification","valueRequired":true,"valueName":"search_term_string"}}],"inLanguage":"it-IT"},{"@type":"Organization","@id":"https:\/\/progettotouring.it\/radiotouring104\/#organization","name":"Radio Touring 104","url":"https:\/\/progettotouring.it\/radiotouring104\/","logo":{"@type":"ImageObject","inLanguage":"it-IT","@id":"https:\/\/progettotouring.it\/radiotouring104\/#\/schema\/logo\/image\/","url":"https:\/\/progettotouring.it\/radiotouring104\/wp-content\/uploads\/sites\/6\/2022\/02\/cropped-logo-radio-touring-104.png","contentUrl":"https:\/\/progettotouring.it\/radiotouring104\/wp-content\/uploads\/sites\/6\/2022\/02\/cropped-logo-radio-touring-104.png","width":377,"height":182,"caption":"Radio Touring 104"},"image":{"@id":"https:\/\/progettotouring.it\/radiotouring104\/#\/schema\/logo\/image\/"}},{"@type":"Person","@id":"https:\/\/progettotouring.it\/radiotouring104\/#\/schema\/person\/78613917f1851f041f7483f5af1d422e","name":"Sebastiano Plutino","image":{"@type":"ImageObject","inLanguage":"it-IT","@id":"https:\/\/secure.gravatar.com\/avatar\/0546ffaa9b79224faf9f2a156b67a529ae861d3287c66c1d8ccfdf909bcba78d?s=96&d=mm&r=g","url":"https:\/\/secure.gravatar.com\/avatar\/0546ffaa9b79224faf9f2a156b67a529ae861d3287c66c1d8ccfdf909bcba78d?s=96&d=mm&r=g","contentUrl":"https:\/\/secure.gravatar.com\/avatar\/0546ffaa9b79224faf9f2a156b67a529ae861d3287c66c1d8ccfdf909bcba78d?s=96&d=mm&r=g","caption":"Sebastiano Plutino"},"url":"https:\/\/progettotouring.it\/radiotouring104\/author\/sebastiano\/"}]}},"jetpack_publicize_connections":[],"jetpack_featured_media_url":"https:\/\/progettotouring.it\/radiotouring104\/wp-content\/uploads\/sites\/6\/2023\/04\/PontesulloStretto.jpg","jetpack_sharing_enabled":true,"_links":{"self":[{"href":"https:\/\/progettotouring.it\/radiotouring104\/wp-json\/wp\/v2\/posts\/25558","targetHints":{"allow":["GET"]}}],"collection":[{"href":"https:\/\/progettotouring.it\/radiotouring104\/wp-json\/wp\/v2\/posts"}],"about":[{"href":"https:\/\/progettotouring.it\/radiotouring104\/wp-json\/wp\/v2\/types\/post"}],"author":[{"embeddable":true,"href":"https:\/\/progettotouring.it\/radiotouring104\/wp-json\/wp\/v2\/users\/12"}],"replies":[{"embeddable":true,"href":"https:\/\/progettotouring.it\/radiotouring104\/wp-json\/wp\/v2\/comments?post=25558"}],"version-history":[{"count":1,"href":"https:\/\/progettotouring.it\/radiotouring104\/wp-json\/wp\/v2\/posts\/25558\/revisions"}],"predecessor-version":[{"id":25559,"href":"https:\/\/progettotouring.it\/radiotouring104\/wp-json\/wp\/v2\/posts\/25558\/revisions\/25559"}],"wp:featuredmedia":[{"embeddable":true,"href":"https:\/\/progettotouring.it\/radiotouring104\/wp-json\/wp\/v2\/media\/22931"}],"wp:attachment":[{"href":"https:\/\/progettotouring.it\/radiotouring104\/wp-json\/wp\/v2\/media?parent=25558"}],"wp:term":[{"taxonomy":"category","embeddable":true,"href":"https:\/\/progettotouring.it\/radiotouring104\/wp-json\/wp\/v2\/categories?post=25558"},{"taxonomy":"post_tag","embeddable":true,"href":"https:\/\/progettotouring.it\/radiotouring104\/wp-json\/wp\/v2\/tags?post=25558"}],"curies":[{"name":"wp","href":"https:\/\/api.w.org\/{rel}","templated":true}]}}