{"id":25566,"date":"2023-05-12T12:29:47","date_gmt":"2023-05-12T10:29:47","guid":{"rendered":"https:\/\/progettotouring.it\/radiotouring104\/?p=25566"},"modified":"2023-05-12T12:29:47","modified_gmt":"2023-05-12T10:29:47","slug":"notte-dei-musei-una-notte-a-locri-epizefiri","status":"publish","type":"post","link":"https:\/\/progettotouring.it\/radiotouring104\/2023\/05\/12\/notte-dei-musei-una-notte-a-locri-epizefiri\/","title":{"rendered":"Notte dei Musei: una notte a Locri Epizefiri"},"content":{"rendered":"<p style=\"text-align: justify\"><strong>Il 13 maggio si svolger\u00e0 in tutta Europa<\/strong> la <strong>\u201cNotte dei Musei\u201d<\/strong>, un evento che coinvolge tutte le istituzioni culturali continentali impegnate in aperture straordinarie in orario serale, con ingresso agevolato al costo di 1 euro. <strong>Per l\u2019occasione, il Museo e Parco archeologico nazionale di Locri Epizefiri<\/strong> ha organizzato un\u2019iniziativa che si prospetta di grande suggestione. Con <strong>\u201cUna notte a Locri Epizefiri\u201d,<\/strong> infatti,<strong> i visitatori saranno condotti in una visita guidata<\/strong> molto particolare: Tommaso Misiano, guida professionista, accompagner\u00e0 i partecipanti dapprima al Museo, allestito con luci soffuse ed un\u2019atmosfera intima, per poi condurre il gruppo al Parco archeologico, per una visita notturna al chiarore di luna e delle torce elettriche che ogni partecipante avr\u00e0 con s\u00e9. Si porr\u00e0 particolare attenzione nel racconto dei miti legati all\u2019antica citt\u00e0 di Zaleuco e si dar\u00e0 ai visitatori una opportunit\u00e0 inedita di fruire le aree archeologiche.<\/p>\n<p style=\"text-align: justify\">\u00ab<em>\u00c8 la prima volta che organizziamo una visita guidata notturna con queste modalit\u00e0 <\/em>\u2013 spiega la Direttrice del sito Elena Trunfio<em> \u2013 Vogliamo infatti offrire ai visitatori un\u2019occasione inedita per apprezzare la bellezza di Locri Epizefiri anche di notte, quando mostra con ancora pi\u00f9 potenza la sua carica suggestiva. Grazie alla visita notturna e all\u2019utilizzo delle torce ricreeremo l\u2019atmosfera antica della citt\u00e0, una volta illuminata esclusivamente da lucerne e torce, e siamo certi che anche i visitatori che hanno gi\u00e0 visitato il Parco rimarranno piacevolmente colpiti dal nuovo volto con cui si mostrer\u00e0 di notte<\/em>\u00bb.<\/p>\n<p style=\"text-align: justify\"><strong>Il 13 maggio sar\u00e0<\/strong> anche l\u2019occasione per festeggiare il <strong>primo anniversario dalla riapertura del Museo archeologico nazionale<\/strong>: \u00ab<em>proprio durante la Notte dei Musei 2022 abbiamo inaugurato il nuovo Museo e quest\u2019anno ci tenevamo particolarmente a festeggiare questo primo \u201ccompleanno\u201d con un evento evocativo e coinvolgente dal punto di vista emotivo <\/em>\u2013 ha proseguito la Direttrice <em>-. Il bilancio di questo primo anno di nuova vita del Museo \u00e8 certamente positivo. Con un lavoro condiviso e uno sforzo comune abbiamo lavorato per assicurare a questo luogo un\u2019attivit\u00e0 di promozione e valorizzazione adeguata e costante. La risposta della comunit\u00e0 e dei visitatori \u00e8 arrivata fin da subito e, a distanza di un anno, possiamo affermare che intorno al Museo si \u00e8 creata un\u2019affezione e un interesse che ci rende orgogliosi del lavoro svolto finora. Naturalmente sappiamo che dobbiamo ancora migliorare ma siamo in cammino e siamo certi che ulteriori risultati non tarderanno ad arrivare\u00bb. <\/em><\/p>\n<p style=\"text-align: justify\"><strong>Appuntamento dunque a Locri Epizefiri il 13 maggio con l\u2019apertura straordinaria del Museo archeologico dalle ore 20.00 alle ore 23.00, con ingresso ad 1 euro.<\/strong><\/p>\n<p style=\"text-align: justify\"><strong>La visita notturna guidata prevede invece un contributo onnicomprensivo di 5 euro per i visitatori maggiori di 12 anni, che dovranno essere dotati di una torcia elettrica. La prenotazione \u00e8 obbligatoria e i posti sono limitati.<\/strong><\/p>\n<p style=\"text-align: justify\">Per info e prenotazioni: <a href=\"mailto:drm-cal.locri@cultura.gov.it\">drm-cal.locri@cultura.gov.it<\/a> \u2013 Tel. +39 334.6126386 &#8211; 0964.390023.<\/p>\n<p style=\"text-align: justify\">\n","protected":false},"excerpt":{"rendered":"<p>Il 13 maggio si svolger\u00e0 in tutta Europa la \u201cNotte dei Musei\u201d, un evento che coinvolge tutte le istituzioni culturali continentali impegnate in aperture straordinarie in orario serale, con ingresso&hellip;<\/p>\n","protected":false},"author":12,"featured_media":25567,"comment_status":"closed","ping_status":"open","sticky":false,"template":"","format":"standard","meta":{"_jetpack_memberships_contains_paid_content":false,"footnotes":"","jetpack_publicize_message":"","jetpack_publicize_feature_enabled":true,"jetpack_social_post_already_shared":false,"jetpack_social_options":{"image_generator_settings":{"template":"highway","default_image_id":0,"font":"","enabled":false},"version":2}},"categories":[921,196,140],"tags":[15054,14177,1568,15055],"class_list":["post-25566","post","type-post","status-publish","format-standard","has-post-thumbnail","hentry","category-home","category-news","category-reggio-calabria","tag-una-notte-a-locri-epizefiri","tag-museo-archeologico-nazionale-di-locri-epizefiri","tag-notte-dei-musei","tag-primo-anniversario-dalla-riapertura-del-museo-locri-epizefiri"],"yoast_head":"<!-- This site is optimized with the Yoast SEO plugin v27.2 - https:\/\/yoast.com\/product\/yoast-seo-wordpress\/ -->\n<title>Notte dei Musei: una notte a Locri Epizefiri<\/title>\n<meta name=\"description\" content=\"Per l&#039;occasione, il 13 maggio, \u2019apertura straordinaria del Museo archeologico dalle ore 20.00 alle ore 23.00, con ingresso ad 1 euro\" \/>\n<meta name=\"robots\" content=\"index, follow, max-snippet:-1, max-image-preview:large, max-video-preview:-1\" \/>\n<link rel=\"canonical\" href=\"https:\/\/progettotouring.it\/radiotouring104\/2023\/05\/12\/notte-dei-musei-una-notte-a-locri-epizefiri\/\" \/>\n<meta property=\"og:locale\" content=\"it_IT\" \/>\n<meta property=\"og:type\" content=\"article\" \/>\n<meta property=\"og:title\" content=\"Notte dei Musei: una notte a Locri Epizefiri\" \/>\n<meta property=\"og:description\" content=\"Per l&#039;occasione, il 13 maggio, \u2019apertura straordinaria del Museo archeologico dalle ore 20.00 alle ore 23.00, con ingresso ad 1 euro\" \/>\n<meta property=\"og:url\" content=\"https:\/\/progettotouring.it\/radiotouring104\/2023\/05\/12\/notte-dei-musei-una-notte-a-locri-epizefiri\/\" \/>\n<meta property=\"og:site_name\" content=\"Radio Touring 104\" \/>\n<meta property=\"article:published_time\" content=\"2023-05-12T10:29:47+00:00\" \/>\n<meta property=\"og:image\" content=\"https:\/\/progettotouring.it\/radiotouring104\/wp-content\/uploads\/sites\/6\/2023\/05\/Una-Notte-ai-Musei-Locri-Epizefiri.jpg\" \/>\n\t<meta property=\"og:image:width\" content=\"1080\" \/>\n\t<meta property=\"og:image:height\" content=\"1080\" \/>\n\t<meta property=\"og:image:type\" content=\"image\/jpeg\" \/>\n<meta name=\"author\" content=\"Sebastiano Plutino\" \/>\n<meta name=\"twitter:card\" content=\"summary_large_image\" \/>\n<meta name=\"twitter:label1\" content=\"Scritto da\" \/>\n\t<meta name=\"twitter:data1\" content=\"Sebastiano Plutino\" \/>\n\t<meta name=\"twitter:label2\" content=\"Tempo di lettura stimato\" \/>\n\t<meta name=\"twitter:data2\" content=\"2 minuti\" \/>\n<script type=\"application\/ld+json\" class=\"yoast-schema-graph\">{\"@context\":\"https:\/\/schema.org\",\"@graph\":[{\"@type\":\"Article\",\"@id\":\"https:\/\/progettotouring.it\/radiotouring104\/2023\/05\/12\/notte-dei-musei-una-notte-a-locri-epizefiri\/#article\",\"isPartOf\":{\"@id\":\"https:\/\/progettotouring.it\/radiotouring104\/2023\/05\/12\/notte-dei-musei-una-notte-a-locri-epizefiri\/\"},\"author\":{\"name\":\"Sebastiano Plutino\",\"@id\":\"https:\/\/progettotouring.it\/radiotouring104\/#\/schema\/person\/78613917f1851f041f7483f5af1d422e\"},\"headline\":\"Notte dei Musei: una notte a Locri Epizefiri\",\"datePublished\":\"2023-05-12T10:29:47+00:00\",\"mainEntityOfPage\":{\"@id\":\"https:\/\/progettotouring.it\/radiotouring104\/2023\/05\/12\/notte-dei-musei-una-notte-a-locri-epizefiri\/\"},\"wordCount\":463,\"publisher\":{\"@id\":\"https:\/\/progettotouring.it\/radiotouring104\/#organization\"},\"image\":{\"@id\":\"https:\/\/progettotouring.it\/radiotouring104\/2023\/05\/12\/notte-dei-musei-una-notte-a-locri-epizefiri\/#primaryimage\"},\"thumbnailUrl\":\"https:\/\/progettotouring.it\/radiotouring104\/wp-content\/uploads\/sites\/6\/2023\/05\/Una-Notte-ai-Musei-Locri-Epizefiri.jpg\",\"keywords\":[\"\u201cUna notte a Locri Epizefiri\u201d\",\"Museo archeologico nazionale di Locri Epizefiri\",\"notte dei musei\",\"primo anniversario dalla riapertura del Museo Locri Epizefiri\"],\"articleSection\":[\"Home\",\"News\",\"Reggio Calabria\"],\"inLanguage\":\"it-IT\"},{\"@type\":\"WebPage\",\"@id\":\"https:\/\/progettotouring.it\/radiotouring104\/2023\/05\/12\/notte-dei-musei-una-notte-a-locri-epizefiri\/\",\"url\":\"https:\/\/progettotouring.it\/radiotouring104\/2023\/05\/12\/notte-dei-musei-una-notte-a-locri-epizefiri\/\",\"name\":\"Notte dei Musei: una notte a Locri Epizefiri\",\"isPartOf\":{\"@id\":\"https:\/\/progettotouring.it\/radiotouring104\/#website\"},\"primaryImageOfPage\":{\"@id\":\"https:\/\/progettotouring.it\/radiotouring104\/2023\/05\/12\/notte-dei-musei-una-notte-a-locri-epizefiri\/#primaryimage\"},\"image\":{\"@id\":\"https:\/\/progettotouring.it\/radiotouring104\/2023\/05\/12\/notte-dei-musei-una-notte-a-locri-epizefiri\/#primaryimage\"},\"thumbnailUrl\":\"https:\/\/progettotouring.it\/radiotouring104\/wp-content\/uploads\/sites\/6\/2023\/05\/Una-Notte-ai-Musei-Locri-Epizefiri.jpg\",\"datePublished\":\"2023-05-12T10:29:47+00:00\",\"description\":\"Per l'occasione, il 13 maggio, \u2019apertura straordinaria del Museo archeologico dalle ore 20.00 alle ore 23.00, con ingresso ad 1 euro\",\"breadcrumb\":{\"@id\":\"https:\/\/progettotouring.it\/radiotouring104\/2023\/05\/12\/notte-dei-musei-una-notte-a-locri-epizefiri\/#breadcrumb\"},\"inLanguage\":\"it-IT\",\"potentialAction\":[{\"@type\":\"ReadAction\",\"target\":[\"https:\/\/progettotouring.it\/radiotouring104\/2023\/05\/12\/notte-dei-musei-una-notte-a-locri-epizefiri\/\"]}]},{\"@type\":\"ImageObject\",\"inLanguage\":\"it-IT\",\"@id\":\"https:\/\/progettotouring.it\/radiotouring104\/2023\/05\/12\/notte-dei-musei-una-notte-a-locri-epizefiri\/#primaryimage\",\"url\":\"https:\/\/progettotouring.it\/radiotouring104\/wp-content\/uploads\/sites\/6\/2023\/05\/Una-Notte-ai-Musei-Locri-Epizefiri.jpg\",\"contentUrl\":\"https:\/\/progettotouring.it\/radiotouring104\/wp-content\/uploads\/sites\/6\/2023\/05\/Una-Notte-ai-Musei-Locri-Epizefiri.jpg\",\"width\":1080,\"height\":1080},{\"@type\":\"BreadcrumbList\",\"@id\":\"https:\/\/progettotouring.it\/radiotouring104\/2023\/05\/12\/notte-dei-musei-una-notte-a-locri-epizefiri\/#breadcrumb\",\"itemListElement\":[{\"@type\":\"ListItem\",\"position\":1,\"name\":\"Home\",\"item\":\"https:\/\/progettotouring.it\/radiotouring104\/\"},{\"@type\":\"ListItem\",\"position\":2,\"name\":\"Notte dei Musei: una notte a Locri Epizefiri\"}]},{\"@type\":\"WebSite\",\"@id\":\"https:\/\/progettotouring.it\/radiotouring104\/#website\",\"url\":\"https:\/\/progettotouring.it\/radiotouring104\/\",\"name\":\"Radio Touring 104\",\"description\":\"La prima radio Reggina\",\"publisher\":{\"@id\":\"https:\/\/progettotouring.it\/radiotouring104\/#organization\"},\"potentialAction\":[{\"@type\":\"SearchAction\",\"target\":{\"@type\":\"EntryPoint\",\"urlTemplate\":\"https:\/\/progettotouring.it\/radiotouring104\/?s={search_term_string}\"},\"query-input\":{\"@type\":\"PropertyValueSpecification\",\"valueRequired\":true,\"valueName\":\"search_term_string\"}}],\"inLanguage\":\"it-IT\"},{\"@type\":\"Organization\",\"@id\":\"https:\/\/progettotouring.it\/radiotouring104\/#organization\",\"name\":\"Radio Touring 104\",\"url\":\"https:\/\/progettotouring.it\/radiotouring104\/\",\"logo\":{\"@type\":\"ImageObject\",\"inLanguage\":\"it-IT\",\"@id\":\"https:\/\/progettotouring.it\/radiotouring104\/#\/schema\/logo\/image\/\",\"url\":\"https:\/\/progettotouring.it\/radiotouring104\/wp-content\/uploads\/sites\/6\/2022\/02\/cropped-logo-radio-touring-104.png\",\"contentUrl\":\"https:\/\/progettotouring.it\/radiotouring104\/wp-content\/uploads\/sites\/6\/2022\/02\/cropped-logo-radio-touring-104.png\",\"width\":377,\"height\":182,\"caption\":\"Radio Touring 104\"},\"image\":{\"@id\":\"https:\/\/progettotouring.it\/radiotouring104\/#\/schema\/logo\/image\/\"}},{\"@type\":\"Person\",\"@id\":\"https:\/\/progettotouring.it\/radiotouring104\/#\/schema\/person\/78613917f1851f041f7483f5af1d422e\",\"name\":\"Sebastiano Plutino\",\"image\":{\"@type\":\"ImageObject\",\"inLanguage\":\"it-IT\",\"@id\":\"https:\/\/secure.gravatar.com\/avatar\/0546ffaa9b79224faf9f2a156b67a529ae861d3287c66c1d8ccfdf909bcba78d?s=96&d=mm&r=g\",\"url\":\"https:\/\/secure.gravatar.com\/avatar\/0546ffaa9b79224faf9f2a156b67a529ae861d3287c66c1d8ccfdf909bcba78d?s=96&d=mm&r=g\",\"contentUrl\":\"https:\/\/secure.gravatar.com\/avatar\/0546ffaa9b79224faf9f2a156b67a529ae861d3287c66c1d8ccfdf909bcba78d?s=96&d=mm&r=g\",\"caption\":\"Sebastiano Plutino\"},\"url\":\"https:\/\/progettotouring.it\/radiotouring104\/author\/sebastiano\/\"}]}<\/script>\n<!-- \/ Yoast SEO plugin. -->","yoast_head_json":{"title":"Notte dei Musei: una notte a Locri Epizefiri","description":"Per l'occasione, il 13 maggio, \u2019apertura straordinaria del Museo archeologico dalle ore 20.00 alle ore 23.00, con ingresso ad 1 euro","robots":{"index":"index","follow":"follow","max-snippet":"max-snippet:-1","max-image-preview":"max-image-preview:large","max-video-preview":"max-video-preview:-1"},"canonical":"https:\/\/progettotouring.it\/radiotouring104\/2023\/05\/12\/notte-dei-musei-una-notte-a-locri-epizefiri\/","og_locale":"it_IT","og_type":"article","og_title":"Notte dei Musei: una notte a Locri Epizefiri","og_description":"Per l'occasione, il 13 maggio, \u2019apertura straordinaria del Museo archeologico dalle ore 20.00 alle ore 23.00, con ingresso ad 1 euro","og_url":"https:\/\/progettotouring.it\/radiotouring104\/2023\/05\/12\/notte-dei-musei-una-notte-a-locri-epizefiri\/","og_site_name":"Radio Touring 104","article_published_time":"2023-05-12T10:29:47+00:00","og_image":[{"width":1080,"height":1080,"url":"https:\/\/progettotouring.it\/radiotouring104\/wp-content\/uploads\/sites\/6\/2023\/05\/Una-Notte-ai-Musei-Locri-Epizefiri.jpg","type":"image\/jpeg"}],"author":"Sebastiano Plutino","twitter_card":"summary_large_image","twitter_misc":{"Scritto da":"Sebastiano Plutino","Tempo di lettura stimato":"2 minuti"},"schema":{"@context":"https:\/\/schema.org","@graph":[{"@type":"Article","@id":"https:\/\/progettotouring.it\/radiotouring104\/2023\/05\/12\/notte-dei-musei-una-notte-a-locri-epizefiri\/#article","isPartOf":{"@id":"https:\/\/progettotouring.it\/radiotouring104\/2023\/05\/12\/notte-dei-musei-una-notte-a-locri-epizefiri\/"},"author":{"name":"Sebastiano Plutino","@id":"https:\/\/progettotouring.it\/radiotouring104\/#\/schema\/person\/78613917f1851f041f7483f5af1d422e"},"headline":"Notte dei Musei: una notte a Locri Epizefiri","datePublished":"2023-05-12T10:29:47+00:00","mainEntityOfPage":{"@id":"https:\/\/progettotouring.it\/radiotouring104\/2023\/05\/12\/notte-dei-musei-una-notte-a-locri-epizefiri\/"},"wordCount":463,"publisher":{"@id":"https:\/\/progettotouring.it\/radiotouring104\/#organization"},"image":{"@id":"https:\/\/progettotouring.it\/radiotouring104\/2023\/05\/12\/notte-dei-musei-una-notte-a-locri-epizefiri\/#primaryimage"},"thumbnailUrl":"https:\/\/progettotouring.it\/radiotouring104\/wp-content\/uploads\/sites\/6\/2023\/05\/Una-Notte-ai-Musei-Locri-Epizefiri.jpg","keywords":["\u201cUna notte a Locri Epizefiri\u201d","Museo archeologico nazionale di Locri Epizefiri","notte dei musei","primo anniversario dalla riapertura del Museo Locri Epizefiri"],"articleSection":["Home","News","Reggio Calabria"],"inLanguage":"it-IT"},{"@type":"WebPage","@id":"https:\/\/progettotouring.it\/radiotouring104\/2023\/05\/12\/notte-dei-musei-una-notte-a-locri-epizefiri\/","url":"https:\/\/progettotouring.it\/radiotouring104\/2023\/05\/12\/notte-dei-musei-una-notte-a-locri-epizefiri\/","name":"Notte dei Musei: una notte a Locri Epizefiri","isPartOf":{"@id":"https:\/\/progettotouring.it\/radiotouring104\/#website"},"primaryImageOfPage":{"@id":"https:\/\/progettotouring.it\/radiotouring104\/2023\/05\/12\/notte-dei-musei-una-notte-a-locri-epizefiri\/#primaryimage"},"image":{"@id":"https:\/\/progettotouring.it\/radiotouring104\/2023\/05\/12\/notte-dei-musei-una-notte-a-locri-epizefiri\/#primaryimage"},"thumbnailUrl":"https:\/\/progettotouring.it\/radiotouring104\/wp-content\/uploads\/sites\/6\/2023\/05\/Una-Notte-ai-Musei-Locri-Epizefiri.jpg","datePublished":"2023-05-12T10:29:47+00:00","description":"Per l'occasione, il 13 maggio, \u2019apertura straordinaria del Museo archeologico dalle ore 20.00 alle ore 23.00, con ingresso ad 1 euro","breadcrumb":{"@id":"https:\/\/progettotouring.it\/radiotouring104\/2023\/05\/12\/notte-dei-musei-una-notte-a-locri-epizefiri\/#breadcrumb"},"inLanguage":"it-IT","potentialAction":[{"@type":"ReadAction","target":["https:\/\/progettotouring.it\/radiotouring104\/2023\/05\/12\/notte-dei-musei-una-notte-a-locri-epizefiri\/"]}]},{"@type":"ImageObject","inLanguage":"it-IT","@id":"https:\/\/progettotouring.it\/radiotouring104\/2023\/05\/12\/notte-dei-musei-una-notte-a-locri-epizefiri\/#primaryimage","url":"https:\/\/progettotouring.it\/radiotouring104\/wp-content\/uploads\/sites\/6\/2023\/05\/Una-Notte-ai-Musei-Locri-Epizefiri.jpg","contentUrl":"https:\/\/progettotouring.it\/radiotouring104\/wp-content\/uploads\/sites\/6\/2023\/05\/Una-Notte-ai-Musei-Locri-Epizefiri.jpg","width":1080,"height":1080},{"@type":"BreadcrumbList","@id":"https:\/\/progettotouring.it\/radiotouring104\/2023\/05\/12\/notte-dei-musei-una-notte-a-locri-epizefiri\/#breadcrumb","itemListElement":[{"@type":"ListItem","position":1,"name":"Home","item":"https:\/\/progettotouring.it\/radiotouring104\/"},{"@type":"ListItem","position":2,"name":"Notte dei Musei: una notte a Locri Epizefiri"}]},{"@type":"WebSite","@id":"https:\/\/progettotouring.it\/radiotouring104\/#website","url":"https:\/\/progettotouring.it\/radiotouring104\/","name":"Radio Touring 104","description":"La prima radio Reggina","publisher":{"@id":"https:\/\/progettotouring.it\/radiotouring104\/#organization"},"potentialAction":[{"@type":"SearchAction","target":{"@type":"EntryPoint","urlTemplate":"https:\/\/progettotouring.it\/radiotouring104\/?s={search_term_string}"},"query-input":{"@type":"PropertyValueSpecification","valueRequired":true,"valueName":"search_term_string"}}],"inLanguage":"it-IT"},{"@type":"Organization","@id":"https:\/\/progettotouring.it\/radiotouring104\/#organization","name":"Radio Touring 104","url":"https:\/\/progettotouring.it\/radiotouring104\/","logo":{"@type":"ImageObject","inLanguage":"it-IT","@id":"https:\/\/progettotouring.it\/radiotouring104\/#\/schema\/logo\/image\/","url":"https:\/\/progettotouring.it\/radiotouring104\/wp-content\/uploads\/sites\/6\/2022\/02\/cropped-logo-radio-touring-104.png","contentUrl":"https:\/\/progettotouring.it\/radiotouring104\/wp-content\/uploads\/sites\/6\/2022\/02\/cropped-logo-radio-touring-104.png","width":377,"height":182,"caption":"Radio Touring 104"},"image":{"@id":"https:\/\/progettotouring.it\/radiotouring104\/#\/schema\/logo\/image\/"}},{"@type":"Person","@id":"https:\/\/progettotouring.it\/radiotouring104\/#\/schema\/person\/78613917f1851f041f7483f5af1d422e","name":"Sebastiano Plutino","image":{"@type":"ImageObject","inLanguage":"it-IT","@id":"https:\/\/secure.gravatar.com\/avatar\/0546ffaa9b79224faf9f2a156b67a529ae861d3287c66c1d8ccfdf909bcba78d?s=96&d=mm&r=g","url":"https:\/\/secure.gravatar.com\/avatar\/0546ffaa9b79224faf9f2a156b67a529ae861d3287c66c1d8ccfdf909bcba78d?s=96&d=mm&r=g","contentUrl":"https:\/\/secure.gravatar.com\/avatar\/0546ffaa9b79224faf9f2a156b67a529ae861d3287c66c1d8ccfdf909bcba78d?s=96&d=mm&r=g","caption":"Sebastiano Plutino"},"url":"https:\/\/progettotouring.it\/radiotouring104\/author\/sebastiano\/"}]}},"jetpack_publicize_connections":[],"jetpack_featured_media_url":"https:\/\/progettotouring.it\/radiotouring104\/wp-content\/uploads\/sites\/6\/2023\/05\/Una-Notte-ai-Musei-Locri-Epizefiri.jpg","jetpack_sharing_enabled":true,"_links":{"self":[{"href":"https:\/\/progettotouring.it\/radiotouring104\/wp-json\/wp\/v2\/posts\/25566","targetHints":{"allow":["GET"]}}],"collection":[{"href":"https:\/\/progettotouring.it\/radiotouring104\/wp-json\/wp\/v2\/posts"}],"about":[{"href":"https:\/\/progettotouring.it\/radiotouring104\/wp-json\/wp\/v2\/types\/post"}],"author":[{"embeddable":true,"href":"https:\/\/progettotouring.it\/radiotouring104\/wp-json\/wp\/v2\/users\/12"}],"replies":[{"embeddable":true,"href":"https:\/\/progettotouring.it\/radiotouring104\/wp-json\/wp\/v2\/comments?post=25566"}],"version-history":[{"count":1,"href":"https:\/\/progettotouring.it\/radiotouring104\/wp-json\/wp\/v2\/posts\/25566\/revisions"}],"predecessor-version":[{"id":25568,"href":"https:\/\/progettotouring.it\/radiotouring104\/wp-json\/wp\/v2\/posts\/25566\/revisions\/25568"}],"wp:featuredmedia":[{"embeddable":true,"href":"https:\/\/progettotouring.it\/radiotouring104\/wp-json\/wp\/v2\/media\/25567"}],"wp:attachment":[{"href":"https:\/\/progettotouring.it\/radiotouring104\/wp-json\/wp\/v2\/media?parent=25566"}],"wp:term":[{"taxonomy":"category","embeddable":true,"href":"https:\/\/progettotouring.it\/radiotouring104\/wp-json\/wp\/v2\/categories?post=25566"},{"taxonomy":"post_tag","embeddable":true,"href":"https:\/\/progettotouring.it\/radiotouring104\/wp-json\/wp\/v2\/tags?post=25566"}],"curies":[{"name":"wp","href":"https:\/\/api.w.org\/{rel}","templated":true}]}}